{"id":1072,"date":"2020-11-06T18:09:37","date_gmt":"2020-11-06T17:09:37","guid":{"rendered":"https:\/\/www.salvemsabadia.com\/?p=1072"},"modified":"2022-08-15T10:04:29","modified_gmt":"2022-08-15T08:04:29","slug":"asi-es-el-espectaculo-de-la-floracion-de-la-posidonia-oceanica","status":"publish","type":"post","link":"https:\/\/www.salvemsabadia.com\/es\/asi-es-el-espectaculo-de-la-floracion-de-la-posidonia-oceanica\/","title":{"rendered":"As\u00ed es el espect\u00e1culo de la floraci\u00f3n de la Posidonia oce\u00e1nica"},"content":{"rendered":"<div id=\"attachment_1073\" style=\"width: 2010px\" class=\"wp-caption alignnone\"><img loading=\"lazy\" decoding=\"async\" aria-describedby=\"caption-attachment-1073\" class=\"wp-image-1073 size-full\" src=\"https:\/\/www.salvemsabadia.com\/wp-content\/uploads\/2020\/11\/Joan-Costa-floracio\u0301n-Posidonia-REC.jpg\" alt=\"\" width=\"2000\" height=\"1333\" srcset=\"https:\/\/www.salvemsabadia.com\/wp-content\/uploads\/2020\/11\/Joan-Costa-floracio\u0301n-Posidonia-REC.jpg 2000w, https:\/\/www.salvemsabadia.com\/wp-content\/uploads\/2020\/11\/Joan-Costa-floracio\u0301n-Posidonia-REC-300x200.jpg 300w, https:\/\/www.salvemsabadia.com\/wp-content\/uploads\/2020\/11\/Joan-Costa-floracio\u0301n-Posidonia-REC-1024x682.jpg 1024w, https:\/\/www.salvemsabadia.com\/wp-content\/uploads\/2020\/11\/Joan-Costa-floracio\u0301n-Posidonia-REC-768x512.jpg 768w, https:\/\/www.salvemsabadia.com\/wp-content\/uploads\/2020\/11\/Joan-Costa-floracio\u0301n-Posidonia-REC-1536x1024.jpg 1536w, https:\/\/www.salvemsabadia.com\/wp-content\/uploads\/2020\/11\/Joan-Costa-floracio\u0301n-Posidonia-REC-900x600.jpg 900w\" sizes=\"auto, (max-width: 2000px) 100vw, 2000px\" \/><p id=\"caption-attachment-1073\" class=\"wp-caption-text\">Foto: Joan Costa<\/p><\/div>\n<p>La floraci\u00f3n masiva de la Posidonia Oce\u00e1nica se produce en oto\u00f1o y no es un fen\u00f3meno que ocurra todos los a\u00f1os. En esta ocasi\u00f3n, el Ayuntamiento de Eivissa ha documentado el proceso mediante la organizaci\u00f3n de una inmersi\u00f3n en la que ha participado un grupo de bi\u00f3logos y expertos en fotograf\u00eda submarina, en el marco del programa \u2018Viu la Posidonia\u2019.<\/p>\n<p>El objetivo de esta experiencia ha sido mostrar la floraci\u00f3n de las praderas de Posidonia oce\u00e1nica de la isla, que est\u00e1n declaradas Patrimonio de la Humanidad por la Unesco desde 1999. Con el banco de im\u00e1genes y v\u00eddeos que se han desarrollado se pretende dar visibilidad a uno de los espect\u00e1culos m\u00e1s impactantes de la naturaleza, que es la floraci\u00f3n de esta planta milenaria, considerado el ser vivo m\u00e1s antiguo y m\u00e1s grande del planeta. Las im\u00e1genes, de gran belleza, ya se han distribuido a medios de comunicaci\u00f3n de todo el pa\u00eds, que las han publicado, y formar\u00e1n parte de una exposici\u00f3n virtual que se podr\u00e1 contemplar en gran formato en un espacio abierto de la ciudad de Ibiza el pr\u00f3ximo verano, coincidiendo con la quinta edici\u00f3n del programa \u2018Viu la Posidonia\u2019.<\/p>\n<p>En la inmersi\u00f3n han participado, entre otros, el fot\u00f3grafo Joan Costa, que ha formado parte de expediciones oceanogr\u00e1ficas por distintas partes el mundo y ha ganado premios internacionales de fotograf\u00eda de naturaleza submarina, o el bi\u00f3logo Xavier Mas, que tambi\u00e9n ha ganado premios internacionales de fotograf\u00eda submarina.<\/p>\n<p>La floraci\u00f3n de la Posidonia \u201ces un proceso que no ocurre todos los a\u00f1os y, si bien es cierto que verlo ha sido un espect\u00e1culo, me preocupa lo que dicen los cient\u00edficos, en el sentido de que las flores surgen en oto\u00f1o despu\u00e9s de un verano especialmente caluroso, y esto no es una buena noticia. Nuestras praderas de posidonia est\u00e1n sometidas a un gran estr\u00e9s provocado por el continuo ascenso de la temperatura del mar debido al cambio clim\u00e1tico\u201d, ha se\u00f1alado Costa.<\/p>\n<div id=\"attachment_1075\" style=\"width: 2010px\" class=\"wp-caption alignnone\"><img loading=\"lazy\" decoding=\"async\" aria-describedby=\"caption-attachment-1075\" class=\"wp-image-1075 size-full\" src=\"https:\/\/www.salvemsabadia.com\/wp-content\/uploads\/2020\/11\/Xavier-Mas-flores-Posidonia-REC.jpg\" alt=\"\" width=\"2000\" height=\"1325\" srcset=\"https:\/\/www.salvemsabadia.com\/wp-content\/uploads\/2020\/11\/Xavier-Mas-flores-Posidonia-REC.jpg 2000w, https:\/\/www.salvemsabadia.com\/wp-content\/uploads\/2020\/11\/Xavier-Mas-flores-Posidonia-REC-300x199.jpg 300w, https:\/\/www.salvemsabadia.com\/wp-content\/uploads\/2020\/11\/Xavier-Mas-flores-Posidonia-REC-1024x678.jpg 1024w, https:\/\/www.salvemsabadia.com\/wp-content\/uploads\/2020\/11\/Xavier-Mas-flores-Posidonia-REC-768x509.jpg 768w, https:\/\/www.salvemsabadia.com\/wp-content\/uploads\/2020\/11\/Xavier-Mas-flores-Posidonia-REC-1536x1018.jpg 1536w\" sizes=\"auto, (max-width: 2000px) 100vw, 2000px\" \/><p id=\"caption-attachment-1075\" class=\"wp-caption-text\">Foto: Xavier Mas<\/p><\/div>\n<p>Otra de las bi\u00f3logas que ha participado en la inmersi\u00f3n, Marisol Torres, ha explicado precisamente que \u201chay estudios que sostienen que las \u00e9pocas de floraci\u00f3n masiva corresponden con momentos en los cuales la planta ha vivido una situaci\u00f3n de estr\u00e9s, por lo cual se defiende con una estrategia de floraci\u00f3n masiva que le permitir\u00e1 extenderse colonizando nuevos territorios. Estos estudios relacionan las subidas de la temperatura del agua con un aumento de la floraci\u00f3n\u201d. En este sentido, ha recordado que en Ibiza tuvimos una s\u00faper floraci\u00f3n en 2006.<\/p>\n<p>Por su parte, Fernando Estarellas, bi\u00f3logo y buceador, ha recordado que \u201ces imprescindible hacer visible a toda la ciudadan\u00eda la riqueza submarina que tenemos, para que m\u00e1s personas puedan quererla y respetarla\u201d.<\/p>\n<p>El programa \u2018Viu la Posidonia\u2019 tiene como objetivo la divulgaci\u00f3n y concienciaci\u00f3n sobre la importancia de las praderas de Posidonia. Se realiza desde hace cuatro a\u00f1os y recibi\u00f3 el premio Alimara de Turismo Sostenible. Este a\u00f1o se han programado diferentes actividades hasta el pr\u00f3ximo 6 de diciembre, que se pueden consultar en la <a href=\"https:\/\/turismo.eivissa.es\/\" target=\"_blank\" rel=\"noopener noreferrer\">web de turismo<\/a> del Ayuntamiento de Eivissa.<\/p>\n","protected":false},"excerpt":{"rendered":"<p>La floraci\u00f3n masiva de la Posidonia Oce\u00e1nica se produce en oto\u00f1o y no es un fen\u00f3meno que ocurra todos los a\u00f1os. En esta ocasi\u00f3n, el Ayuntamiento de Eivissa ha documentado&#8230;<\/p>\n","protected":false},"author":2,"featured_media":1075,"comment_status":"open","ping_status":"open","sticky":false,"template":"","format":"standard","meta":{"give_campaign_id":0,"footnotes":""},"categories":[201,106,213],"tags":[],"class_list":{"0":"post-1072","1":"post","2":"type-post","3":"status-publish","4":"format-standard","5":"has-post-thumbnail","7":"category-biodiversidad","8":"category-destacado","9":"category-posidonia"},"yoast_head":"<!-- This site is optimized with the Yoast SEO plugin v26.8 - https:\/\/yoast.com\/product\/yoast-seo-wordpress\/ -->\n<title>As\u00ed es el espect\u00e1culo de la floraci\u00f3n de la Posidonia oce\u00e1nica - Salvem Sa Badia de Portmany<\/title>\n<meta name=\"robots\" content=\"index, follow, max-snippet:-1, max-image-preview:large, max-video-preview:-1\" \/>\n<link rel=\"canonical\" href=\"https:\/\/www.salvemsabadia.com\/aixi-es-espectacle-de-la-floracio-de-la-posidonia-oceanica\/\" \/>\n<meta property=\"og:locale\" content=\"es_ES\" \/>\n<meta property=\"og:type\" content=\"article\" \/>\n<meta property=\"og:title\" content=\"As\u00ed es el espect\u00e1culo de la floraci\u00f3n de la Posidonia oce\u00e1nica - Salvem Sa Badia de Portmany\" \/>\n<meta property=\"og:description\" content=\"La floraci\u00f3n masiva de la Posidonia Oce\u00e1nica se produce en oto\u00f1o y no es un fen\u00f3meno que ocurra todos los a\u00f1os. En esta ocasi\u00f3n, el Ayuntamiento de Eivissa ha documentado...\" \/>\n<meta property=\"og:url\" content=\"https:\/\/www.salvemsabadia.com\/aixi-es-espectacle-de-la-floracio-de-la-posidonia-oceanica\/\" \/>\n<meta property=\"og:site_name\" content=\"Salvem Sa Badia de Portmany\" \/>\n<meta property=\"article:published_time\" content=\"2020-11-06T17:09:37+00:00\" \/>\n<meta property=\"article:modified_time\" content=\"2022-08-15T08:04:29+00:00\" \/>\n<meta property=\"og:image\" content=\"https:\/\/www.salvemsabadia.com\/wp-content\/uploads\/2020\/11\/Xavier-Mas-flores-Posidonia-REC-1024x678.jpg\" \/>\n\t<meta property=\"og:image:width\" content=\"1024\" \/>\n\t<meta property=\"og:image:height\" content=\"678\" \/>\n\t<meta property=\"og:image:type\" content=\"image\/jpeg\" \/>\n<meta name=\"author\" content=\"Salvem sa Badia\" \/>\n<meta name=\"twitter:card\" content=\"summary_large_image\" \/>\n<meta name=\"twitter:label1\" content=\"Escrito por\" \/>\n\t<meta name=\"twitter:data1\" content=\"Salvem sa Badia\" \/>\n\t<meta name=\"twitter:label2\" content=\"Tiempo de lectura\" \/>\n\t<meta name=\"twitter:data2\" content=\"3 minutos\" \/>\n<script type=\"application\/ld+json\" class=\"yoast-schema-graph\">{\"@context\":\"https:\/\/schema.org\",\"@graph\":[{\"@type\":\"Article\",\"@id\":\"https:\/\/www.salvemsabadia.com\/aixi-es-espectacle-de-la-floracio-de-la-posidonia-oceanica\/#article\",\"isPartOf\":{\"@id\":\"https:\/\/www.salvemsabadia.com\/aixi-es-espectacle-de-la-floracio-de-la-posidonia-oceanica\/\"},\"author\":{\"name\":\"Salvem sa Badia\",\"@id\":\"https:\/\/www.salvemsabadia.com\/#\/schema\/person\/5d08c5118adcb4140d13bde4826ba122\"},\"headline\":\"As\u00ed es el espect\u00e1culo de la floraci\u00f3n de la Posidonia oce\u00e1nica\",\"datePublished\":\"2020-11-06T17:09:37+00:00\",\"dateModified\":\"2022-08-15T08:04:29+00:00\",\"mainEntityOfPage\":{\"@id\":\"https:\/\/www.salvemsabadia.com\/aixi-es-espectacle-de-la-floracio-de-la-posidonia-oceanica\/\"},\"wordCount\":593,\"commentCount\":0,\"publisher\":{\"@id\":\"https:\/\/www.salvemsabadia.com\/#organization\"},\"image\":{\"@id\":\"https:\/\/www.salvemsabadia.com\/aixi-es-espectacle-de-la-floracio-de-la-posidonia-oceanica\/#primaryimage\"},\"thumbnailUrl\":\"https:\/\/www.salvemsabadia.com\/wp-content\/uploads\/2020\/11\/Xavier-Mas-flores-Posidonia-REC.jpg\",\"articleSection\":[\"Biodiversidad\",\"Destacado\",\"Posidonia\"],\"inLanguage\":\"es\",\"potentialAction\":[{\"@type\":\"CommentAction\",\"name\":\"Comment\",\"target\":[\"https:\/\/www.salvemsabadia.com\/aixi-es-espectacle-de-la-floracio-de-la-posidonia-oceanica\/#respond\"]}]},{\"@type\":\"WebPage\",\"@id\":\"https:\/\/www.salvemsabadia.com\/aixi-es-espectacle-de-la-floracio-de-la-posidonia-oceanica\/\",\"url\":\"https:\/\/www.salvemsabadia.com\/aixi-es-espectacle-de-la-floracio-de-la-posidonia-oceanica\/\",\"name\":\"As\u00ed es el espect\u00e1culo de la floraci\u00f3n de la Posidonia oce\u00e1nica - Salvem Sa Badia de Portmany\",\"isPartOf\":{\"@id\":\"https:\/\/www.salvemsabadia.com\/#website\"},\"primaryImageOfPage\":{\"@id\":\"https:\/\/www.salvemsabadia.com\/aixi-es-espectacle-de-la-floracio-de-la-posidonia-oceanica\/#primaryimage\"},\"image\":{\"@id\":\"https:\/\/www.salvemsabadia.com\/aixi-es-espectacle-de-la-floracio-de-la-posidonia-oceanica\/#primaryimage\"},\"thumbnailUrl\":\"https:\/\/www.salvemsabadia.com\/wp-content\/uploads\/2020\/11\/Xavier-Mas-flores-Posidonia-REC.jpg\",\"datePublished\":\"2020-11-06T17:09:37+00:00\",\"dateModified\":\"2022-08-15T08:04:29+00:00\",\"breadcrumb\":{\"@id\":\"https:\/\/www.salvemsabadia.com\/aixi-es-espectacle-de-la-floracio-de-la-posidonia-oceanica\/#breadcrumb\"},\"inLanguage\":\"es\",\"potentialAction\":[{\"@type\":\"ReadAction\",\"target\":[\"https:\/\/www.salvemsabadia.com\/aixi-es-espectacle-de-la-floracio-de-la-posidonia-oceanica\/\"]}]},{\"@type\":\"ImageObject\",\"inLanguage\":\"es\",\"@id\":\"https:\/\/www.salvemsabadia.com\/aixi-es-espectacle-de-la-floracio-de-la-posidonia-oceanica\/#primaryimage\",\"url\":\"https:\/\/www.salvemsabadia.com\/wp-content\/uploads\/2020\/11\/Xavier-Mas-flores-Posidonia-REC.jpg\",\"contentUrl\":\"https:\/\/www.salvemsabadia.com\/wp-content\/uploads\/2020\/11\/Xavier-Mas-flores-Posidonia-REC.jpg\",\"width\":2000,\"height\":1325},{\"@type\":\"BreadcrumbList\",\"@id\":\"https:\/\/www.salvemsabadia.com\/aixi-es-espectacle-de-la-floracio-de-la-posidonia-oceanica\/#breadcrumb\",\"itemListElement\":[{\"@type\":\"ListItem\",\"position\":1,\"name\":\"Portada\",\"item\":\"https:\/\/www.salvemsabadia.com\/es\/\"},{\"@type\":\"ListItem\",\"position\":2,\"name\":\"As\u00ed es el espect\u00e1culo de la floraci\u00f3n de la Posidonia oce\u00e1nica\"}]},{\"@type\":\"WebSite\",\"@id\":\"https:\/\/www.salvemsabadia.com\/#website\",\"url\":\"https:\/\/www.salvemsabadia.com\/\",\"name\":\"Salvem Sa Badia de Portmany\",\"description\":\"\",\"publisher\":{\"@id\":\"https:\/\/www.salvemsabadia.com\/#organization\"},\"potentialAction\":[{\"@type\":\"SearchAction\",\"target\":{\"@type\":\"EntryPoint\",\"urlTemplate\":\"https:\/\/www.salvemsabadia.com\/?s={search_term_string}\"},\"query-input\":{\"@type\":\"PropertyValueSpecification\",\"valueRequired\":true,\"valueName\":\"search_term_string\"}}],\"inLanguage\":\"es\"},{\"@type\":\"Organization\",\"@id\":\"https:\/\/www.salvemsabadia.com\/#organization\",\"name\":\"Salvem Sa Badia de Portmany\",\"url\":\"https:\/\/www.salvemsabadia.com\/\",\"logo\":{\"@type\":\"ImageObject\",\"inLanguage\":\"es\",\"@id\":\"https:\/\/www.salvemsabadia.com\/#\/schema\/logo\/image\/\",\"url\":\"https:\/\/www.salvemsabadia.com\/wp-content\/uploads\/2020\/03\/logo.png\",\"contentUrl\":\"https:\/\/www.salvemsabadia.com\/wp-content\/uploads\/2020\/03\/logo.png\",\"width\":188,\"height\":151,\"caption\":\"Salvem Sa Badia de Portmany\"},\"image\":{\"@id\":\"https:\/\/www.salvemsabadia.com\/#\/schema\/logo\/image\/\"}},{\"@type\":\"Person\",\"@id\":\"https:\/\/www.salvemsabadia.com\/#\/schema\/person\/5d08c5118adcb4140d13bde4826ba122\",\"name\":\"Salvem sa Badia\",\"image\":{\"@type\":\"ImageObject\",\"inLanguage\":\"es\",\"@id\":\"https:\/\/www.salvemsabadia.com\/#\/schema\/person\/image\/\",\"url\":\"https:\/\/secure.gravatar.com\/avatar\/d569ee5739a9c7022470ea472c9b4b9cf476e15f1be71e5242c911d673d14ad9?s=96&d=mm&r=g\",\"contentUrl\":\"https:\/\/secure.gravatar.com\/avatar\/d569ee5739a9c7022470ea472c9b4b9cf476e15f1be71e5242c911d673d14ad9?s=96&d=mm&r=g\",\"caption\":\"Salvem sa Badia\"}}]}<\/script>\n<!-- \/ Yoast SEO plugin. -->","yoast_head_json":{"title":"As\u00ed es el espect\u00e1culo de la floraci\u00f3n de la Posidonia oce\u00e1nica - Salvem Sa Badia de Portmany","robots":{"index":"index","follow":"follow","max-snippet":"max-snippet:-1","max-image-preview":"max-image-preview:large","max-video-preview":"max-video-preview:-1"},"canonical":"https:\/\/www.salvemsabadia.com\/aixi-es-espectacle-de-la-floracio-de-la-posidonia-oceanica\/","og_locale":"es_ES","og_type":"article","og_title":"As\u00ed es el espect\u00e1culo de la floraci\u00f3n de la Posidonia oce\u00e1nica - Salvem Sa Badia de Portmany","og_description":"La floraci\u00f3n masiva de la Posidonia Oce\u00e1nica se produce en oto\u00f1o y no es un fen\u00f3meno que ocurra todos los a\u00f1os. En esta ocasi\u00f3n, el Ayuntamiento de Eivissa ha documentado...","og_url":"https:\/\/www.salvemsabadia.com\/aixi-es-espectacle-de-la-floracio-de-la-posidonia-oceanica\/","og_site_name":"Salvem Sa Badia de Portmany","article_published_time":"2020-11-06T17:09:37+00:00","article_modified_time":"2022-08-15T08:04:29+00:00","og_image":[{"width":1024,"height":678,"url":"https:\/\/www.salvemsabadia.com\/wp-content\/uploads\/2020\/11\/Xavier-Mas-flores-Posidonia-REC-1024x678.jpg","type":"image\/jpeg"}],"author":"Salvem sa Badia","twitter_card":"summary_large_image","twitter_misc":{"Escrito por":"Salvem sa Badia","Tiempo de lectura":"3 minutos"},"schema":{"@context":"https:\/\/schema.org","@graph":[{"@type":"Article","@id":"https:\/\/www.salvemsabadia.com\/aixi-es-espectacle-de-la-floracio-de-la-posidonia-oceanica\/#article","isPartOf":{"@id":"https:\/\/www.salvemsabadia.com\/aixi-es-espectacle-de-la-floracio-de-la-posidonia-oceanica\/"},"author":{"name":"Salvem sa Badia","@id":"https:\/\/www.salvemsabadia.com\/#\/schema\/person\/5d08c5118adcb4140d13bde4826ba122"},"headline":"As\u00ed es el espect\u00e1culo de la floraci\u00f3n de la Posidonia oce\u00e1nica","datePublished":"2020-11-06T17:09:37+00:00","dateModified":"2022-08-15T08:04:29+00:00","mainEntityOfPage":{"@id":"https:\/\/www.salvemsabadia.com\/aixi-es-espectacle-de-la-floracio-de-la-posidonia-oceanica\/"},"wordCount":593,"commentCount":0,"publisher":{"@id":"https:\/\/www.salvemsabadia.com\/#organization"},"image":{"@id":"https:\/\/www.salvemsabadia.com\/aixi-es-espectacle-de-la-floracio-de-la-posidonia-oceanica\/#primaryimage"},"thumbnailUrl":"https:\/\/www.salvemsabadia.com\/wp-content\/uploads\/2020\/11\/Xavier-Mas-flores-Posidonia-REC.jpg","articleSection":["Biodiversidad","Destacado","Posidonia"],"inLanguage":"es","potentialAction":[{"@type":"CommentAction","name":"Comment","target":["https:\/\/www.salvemsabadia.com\/aixi-es-espectacle-de-la-floracio-de-la-posidonia-oceanica\/#respond"]}]},{"@type":"WebPage","@id":"https:\/\/www.salvemsabadia.com\/aixi-es-espectacle-de-la-floracio-de-la-posidonia-oceanica\/","url":"https:\/\/www.salvemsabadia.com\/aixi-es-espectacle-de-la-floracio-de-la-posidonia-oceanica\/","name":"As\u00ed es el espect\u00e1culo de la floraci\u00f3n de la Posidonia oce\u00e1nica - Salvem Sa Badia de Portmany","isPartOf":{"@id":"https:\/\/www.salvemsabadia.com\/#website"},"primaryImageOfPage":{"@id":"https:\/\/www.salvemsabadia.com\/aixi-es-espectacle-de-la-floracio-de-la-posidonia-oceanica\/#primaryimage"},"image":{"@id":"https:\/\/www.salvemsabadia.com\/aixi-es-espectacle-de-la-floracio-de-la-posidonia-oceanica\/#primaryimage"},"thumbnailUrl":"https:\/\/www.salvemsabadia.com\/wp-content\/uploads\/2020\/11\/Xavier-Mas-flores-Posidonia-REC.jpg","datePublished":"2020-11-06T17:09:37+00:00","dateModified":"2022-08-15T08:04:29+00:00","breadcrumb":{"@id":"https:\/\/www.salvemsabadia.com\/aixi-es-espectacle-de-la-floracio-de-la-posidonia-oceanica\/#breadcrumb"},"inLanguage":"es","potentialAction":[{"@type":"ReadAction","target":["https:\/\/www.salvemsabadia.com\/aixi-es-espectacle-de-la-floracio-de-la-posidonia-oceanica\/"]}]},{"@type":"ImageObject","inLanguage":"es","@id":"https:\/\/www.salvemsabadia.com\/aixi-es-espectacle-de-la-floracio-de-la-posidonia-oceanica\/#primaryimage","url":"https:\/\/www.salvemsabadia.com\/wp-content\/uploads\/2020\/11\/Xavier-Mas-flores-Posidonia-REC.jpg","contentUrl":"https:\/\/www.salvemsabadia.com\/wp-content\/uploads\/2020\/11\/Xavier-Mas-flores-Posidonia-REC.jpg","width":2000,"height":1325},{"@type":"BreadcrumbList","@id":"https:\/\/www.salvemsabadia.com\/aixi-es-espectacle-de-la-floracio-de-la-posidonia-oceanica\/#breadcrumb","itemListElement":[{"@type":"ListItem","position":1,"name":"Portada","item":"https:\/\/www.salvemsabadia.com\/es\/"},{"@type":"ListItem","position":2,"name":"As\u00ed es el espect\u00e1culo de la floraci\u00f3n de la Posidonia oce\u00e1nica"}]},{"@type":"WebSite","@id":"https:\/\/www.salvemsabadia.com\/#website","url":"https:\/\/www.salvemsabadia.com\/","name":"Salvem Sa Badia de Portmany","description":"","publisher":{"@id":"https:\/\/www.salvemsabadia.com\/#organization"},"potentialAction":[{"@type":"SearchAction","target":{"@type":"EntryPoint","urlTemplate":"https:\/\/www.salvemsabadia.com\/?s={search_term_string}"},"query-input":{"@type":"PropertyValueSpecification","valueRequired":true,"valueName":"search_term_string"}}],"inLanguage":"es"},{"@type":"Organization","@id":"https:\/\/www.salvemsabadia.com\/#organization","name":"Salvem Sa Badia de Portmany","url":"https:\/\/www.salvemsabadia.com\/","logo":{"@type":"ImageObject","inLanguage":"es","@id":"https:\/\/www.salvemsabadia.com\/#\/schema\/logo\/image\/","url":"https:\/\/www.salvemsabadia.com\/wp-content\/uploads\/2020\/03\/logo.png","contentUrl":"https:\/\/www.salvemsabadia.com\/wp-content\/uploads\/2020\/03\/logo.png","width":188,"height":151,"caption":"Salvem Sa Badia de Portmany"},"image":{"@id":"https:\/\/www.salvemsabadia.com\/#\/schema\/logo\/image\/"}},{"@type":"Person","@id":"https:\/\/www.salvemsabadia.com\/#\/schema\/person\/5d08c5118adcb4140d13bde4826ba122","name":"Salvem sa Badia","image":{"@type":"ImageObject","inLanguage":"es","@id":"https:\/\/www.salvemsabadia.com\/#\/schema\/person\/image\/","url":"https:\/\/secure.gravatar.com\/avatar\/d569ee5739a9c7022470ea472c9b4b9cf476e15f1be71e5242c911d673d14ad9?s=96&d=mm&r=g","contentUrl":"https:\/\/secure.gravatar.com\/avatar\/d569ee5739a9c7022470ea472c9b4b9cf476e15f1be71e5242c911d673d14ad9?s=96&d=mm&r=g","caption":"Salvem sa Badia"}}]}},"_links":{"self":[{"href":"https:\/\/www.salvemsabadia.com\/es\/wp-json\/wp\/v2\/posts\/1072","targetHints":{"allow":["GET"]}}],"collection":[{"href":"https:\/\/www.salvemsabadia.com\/es\/wp-json\/wp\/v2\/posts"}],"about":[{"href":"https:\/\/www.salvemsabadia.com\/es\/wp-json\/wp\/v2\/types\/post"}],"author":[{"embeddable":true,"href":"https:\/\/www.salvemsabadia.com\/es\/wp-json\/wp\/v2\/users\/2"}],"replies":[{"embeddable":true,"href":"https:\/\/www.salvemsabadia.com\/es\/wp-json\/wp\/v2\/comments?post=1072"}],"version-history":[{"count":0,"href":"https:\/\/www.salvemsabadia.com\/es\/wp-json\/wp\/v2\/posts\/1072\/revisions"}],"wp:featuredmedia":[{"embeddable":true,"href":"https:\/\/www.salvemsabadia.com\/es\/wp-json\/wp\/v2\/media\/1075"}],"wp:attachment":[{"href":"https:\/\/www.salvemsabadia.com\/es\/wp-json\/wp\/v2\/media?parent=1072"}],"wp:term":[{"taxonomy":"category","embeddable":true,"href":"https:\/\/www.salvemsabadia.com\/es\/wp-json\/wp\/v2\/categories?post=1072"},{"taxonomy":"post_tag","embeddable":true,"href":"https:\/\/www.salvemsabadia.com\/es\/wp-json\/wp\/v2\/tags?post=1072"}],"curies":[{"name":"wp","href":"https:\/\/api.w.org\/{rel}","templated":true}]}}