{"id":1099,"date":"2020-11-10T13:39:05","date_gmt":"2020-11-10T12:39:05","guid":{"rendered":"https:\/\/www.salvemsabadia.com\/?p=1099"},"modified":"2022-08-15T10:05:17","modified_gmt":"2022-08-15T08:05:17","slug":"es-nautic-denuncia-que-el-delegado-de-las-navieras-miente-al-acusarle-de-querer-quedarse-con-el-muelle-comercial","status":"publish","type":"post","link":"https:\/\/www.salvemsabadia.com\/es\/es-nautic-denuncia-que-el-delegado-de-las-navieras-miente-al-acusarle-de-querer-quedarse-con-el-muelle-comercial\/","title":{"rendered":"Es N\u00e0utic denuncia que el delegado de las navieras miente al acusarle de querer quedarse con el muelle comercial"},"content":{"rendered":"<p><img loading=\"lazy\" decoding=\"async\" class=\"alignnone wp-image-1100 size-full\" src=\"https:\/\/www.salvemsabadia.com\/wp-content\/uploads\/2020\/11\/DSC_8030-scaled.jpg\" alt=\"\" width=\"2560\" height=\"1714\" srcset=\"https:\/\/www.salvemsabadia.com\/wp-content\/uploads\/2020\/11\/DSC_8030-scaled.jpg 2560w, https:\/\/www.salvemsabadia.com\/wp-content\/uploads\/2020\/11\/DSC_8030-300x201.jpg 300w, https:\/\/www.salvemsabadia.com\/wp-content\/uploads\/2020\/11\/DSC_8030-1024x685.jpg 1024w, https:\/\/www.salvemsabadia.com\/wp-content\/uploads\/2020\/11\/DSC_8030-768x514.jpg 768w, https:\/\/www.salvemsabadia.com\/wp-content\/uploads\/2020\/11\/DSC_8030-1536x1028.jpg 1536w, https:\/\/www.salvemsabadia.com\/wp-content\/uploads\/2020\/11\/DSC_8030-2048x1371.jpg 2048w, https:\/\/www.salvemsabadia.com\/wp-content\/uploads\/2020\/11\/DSC_8030-900x604.jpg 900w, https:\/\/www.salvemsabadia.com\/wp-content\/uploads\/2020\/11\/DSC_8030-600x403.jpg 600w, https:\/\/www.salvemsabadia.com\/wp-content\/uploads\/2020\/11\/DSC_8030-400x269.jpg 400w\" sizes=\"auto, (max-width: 2560px) 100vw, 2560px\" \/>El delegado en las Pitiusas de la patronal de las navieras APEAM, Rafael Cardona, ha acusado falsamente al Club N\u00e0utic de Sant Antoni de querer apropiarse del muelle comercial del puerto de Portmany, seg\u00fan ha denunciado el CNSA a trav\u00e9s de un comunicado de prensa. En declaraciones realizadas a los medios de comunicaci\u00f3n, Cardona ha comentado que la campa\u00f1a impulsada por el Club N\u00e1utico a trav\u00e9s de la iniciativa Salvem Sa Badia de Portmany se ha desarrollado porque el CNSA \u201cest\u00e1 en contra del tr\u00e1fico mar\u00edtimo porque le interesa quedarse con el muelle para grandes esloras\u201d.<\/p>\n<p>Para el CNSA, las declaraciones de Cardona, adem\u00e1s de una absoluta falsedad, revisten mala fe, ya que Es N\u00e0utic ha hecho p\u00fablicamente varias declaraciones y remitido distintas notas de prensa en los \u00faltimos meses en las que establec\u00eda, sin dejar lugar a la m\u00ednima duda, que la entidad es partidaria de un crecimiento cero en amarres y que por tanto no tiene el menor inter\u00e9s en el muelle comercial. \u00abNo porque se diga muchas veces una mentira, esta se convierte en verdad, y que se acuse al club n\u00e1utico con esta falsedad tal vez revele una falta de argumentos s\u00f3lidos en la defensa de sus intereses particulares\u00bb, ha dicho Es N\u00e0utic.<\/p>\n<p>Un buen ejemplo es la nueva pol\u00edtica ambiental de la instituci\u00f3n, que se remiti\u00f3 mediante un comunicado de prensa el 12 de enero, bajo el t\u00edtulo \u201cLa nueva estrategia de Es N\u00e0utic apuesta por un crecimiento cero en amarres\u201d. En dicho comunicado se argumentaba esta pol\u00edtica con el siguiente razonamiento: \u201cDesde Es N\u00e0utic se considera que los mil puntos de atraque de n\u00e1utica deportiva que ya existen en la bah\u00eda \u2013sumando los de Ports IB a los que gestiona la propia entidad\u2013, son suficientes para atender la demanda actual. \u00danicamente en el mes de agosto se registra una demanda mayor de la que se puede atender y el CNSA, con independencia de los cambios de usos que puedan producirse en el puerto en el futuro, anuncia que no incrementar\u00e1 su capacidad de amarre\u201d. Todos los medios de comunicaci\u00f3n ibicencos recibieron en su momento esta informaci\u00f3n y se hicieron eco de ella. Una estrategia de crecimiento cero que, adem\u00e1s, se ha reiterado en innumerables ocasiones a trav\u00e9s de los portavoces de la entidad y de otros comunicados de prensa y de la que APEAM es sin duda conocedora.<\/p>\n<p>Adem\u00e1s, Es N\u00e0utic ha reiterado en distintas ocasiones que es partidario de que el muelle comercial permanezca liberado, por si se produjera un caso de emergencia en el puerto de Eivissa capital y fuera necesario reabrirlo a los ferris de forma provisional. Esta l\u00ednea de pensamiento, obviamente, implica que no se construyan nuevos pantalanes en el muelle comercial ni se generen plazas de amarre para embarcaciones recreativas.<\/p>\n","protected":false},"excerpt":{"rendered":"<p>El delegado en las Pitiusas de la patronal de las navieras APEAM, Rafael Cardona, ha acusado falsamente al Club N\u00e0utic de Sant Antoni de querer apropiarse del muelle comercial del&#8230;<\/p>\n","protected":false},"author":2,"featured_media":1100,"comment_status":"open","ping_status":"open","sticky":false,"template":"","format":"standard","meta":{"give_campaign_id":0,"footnotes":""},"categories":[106,214],"tags":[],"class_list":{"0":"post-1099","1":"post","2":"type-post","3":"status-publish","4":"format-standard","5":"has-post-thumbnail","7":"category-destacado","8":"category-puerto-de-sant-antoni"},"yoast_head":"<!-- This site is optimized with the Yoast SEO plugin v26.8 - https:\/\/yoast.com\/product\/yoast-seo-wordpress\/ -->\n<title>Es N\u00e0utic denuncia que el delegado de las navieras miente al acusarle de querer quedarse con el muelle comercial - Salvem Sa Badia de Portmany<\/title>\n<meta name=\"robots\" content=\"index, follow, max-snippet:-1, max-image-preview:large, max-video-preview:-1\" \/>\n<link rel=\"canonical\" href=\"https:\/\/www.salvemsabadia.com\/es-nautic-denuncia-que-el-delegat-de-les-navilieres-menteix-al-acusar-lo-de-voler-quedar-se-amb-el-moll-comercial\/\" \/>\n<meta property=\"og:locale\" content=\"es_ES\" \/>\n<meta property=\"og:type\" content=\"article\" \/>\n<meta property=\"og:title\" content=\"Es N\u00e0utic denuncia que el delegado de las navieras miente al acusarle de querer quedarse con el muelle comercial - Salvem Sa Badia de Portmany\" \/>\n<meta property=\"og:description\" content=\"El delegado en las Pitiusas de la patronal de las navieras APEAM, Rafael Cardona, ha acusado falsamente al Club N\u00e0utic de Sant Antoni de querer apropiarse del muelle comercial del...\" \/>\n<meta property=\"og:url\" content=\"https:\/\/www.salvemsabadia.com\/es-nautic-denuncia-que-el-delegat-de-les-navilieres-menteix-al-acusar-lo-de-voler-quedar-se-amb-el-moll-comercial\/\" \/>\n<meta property=\"og:site_name\" content=\"Salvem Sa Badia de Portmany\" \/>\n<meta property=\"article:published_time\" content=\"2020-11-10T12:39:05+00:00\" \/>\n<meta property=\"article:modified_time\" content=\"2022-08-15T08:05:17+00:00\" \/>\n<meta property=\"og:image\" content=\"https:\/\/www.salvemsabadia.com\/wp-content\/uploads\/2020\/11\/DSC_8030-scaled.jpg\" \/>\n\t<meta property=\"og:image:width\" content=\"2560\" \/>\n\t<meta property=\"og:image:height\" content=\"1714\" \/>\n\t<meta property=\"og:image:type\" content=\"image\/jpeg\" \/>\n<meta name=\"author\" content=\"Salvem sa Badia\" \/>\n<meta name=\"twitter:card\" content=\"summary_large_image\" \/>\n<meta name=\"twitter:label1\" content=\"Escrito por\" \/>\n\t<meta name=\"twitter:data1\" content=\"Salvem sa Badia\" \/>\n\t<meta name=\"twitter:label2\" content=\"Tiempo de lectura\" \/>\n\t<meta name=\"twitter:data2\" content=\"2 minutos\" \/>\n<script type=\"application\/ld+json\" class=\"yoast-schema-graph\">{\"@context\":\"https:\/\/schema.org\",\"@graph\":[{\"@type\":\"Article\",\"@id\":\"https:\/\/www.salvemsabadia.com\/es-nautic-denuncia-que-el-delegat-de-les-navilieres-menteix-al-acusar-lo-de-voler-quedar-se-amb-el-moll-comercial\/#article\",\"isPartOf\":{\"@id\":\"https:\/\/www.salvemsabadia.com\/es-nautic-denuncia-que-el-delegat-de-les-navilieres-menteix-al-acusar-lo-de-voler-quedar-se-amb-el-moll-comercial\/\"},\"author\":{\"name\":\"Salvem sa Badia\",\"@id\":\"https:\/\/www.salvemsabadia.com\/#\/schema\/person\/5d08c5118adcb4140d13bde4826ba122\"},\"headline\":\"Es N\u00e0utic denuncia que el delegado de las navieras miente al acusarle de querer quedarse con el muelle comercial\",\"datePublished\":\"2020-11-10T12:39:05+00:00\",\"dateModified\":\"2022-08-15T08:05:17+00:00\",\"mainEntityOfPage\":{\"@id\":\"https:\/\/www.salvemsabadia.com\/es-nautic-denuncia-que-el-delegat-de-les-navilieres-menteix-al-acusar-lo-de-voler-quedar-se-amb-el-moll-comercial\/\"},\"wordCount\":513,\"commentCount\":0,\"publisher\":{\"@id\":\"https:\/\/www.salvemsabadia.com\/#organization\"},\"image\":{\"@id\":\"https:\/\/www.salvemsabadia.com\/es-nautic-denuncia-que-el-delegat-de-les-navilieres-menteix-al-acusar-lo-de-voler-quedar-se-amb-el-moll-comercial\/#primaryimage\"},\"thumbnailUrl\":\"https:\/\/www.salvemsabadia.com\/wp-content\/uploads\/2020\/11\/DSC_8030-scaled.jpg\",\"articleSection\":[\"Destacado\",\"Puerto de Sant Antoni\"],\"inLanguage\":\"es\",\"potentialAction\":[{\"@type\":\"CommentAction\",\"name\":\"Comment\",\"target\":[\"https:\/\/www.salvemsabadia.com\/es-nautic-denuncia-que-el-delegat-de-les-navilieres-menteix-al-acusar-lo-de-voler-quedar-se-amb-el-moll-comercial\/#respond\"]}]},{\"@type\":\"WebPage\",\"@id\":\"https:\/\/www.salvemsabadia.com\/es-nautic-denuncia-que-el-delegat-de-les-navilieres-menteix-al-acusar-lo-de-voler-quedar-se-amb-el-moll-comercial\/\",\"url\":\"https:\/\/www.salvemsabadia.com\/es-nautic-denuncia-que-el-delegat-de-les-navilieres-menteix-al-acusar-lo-de-voler-quedar-se-amb-el-moll-comercial\/\",\"name\":\"Es N\u00e0utic denuncia que el delegado de las navieras miente al acusarle de querer quedarse con el muelle comercial - Salvem Sa Badia de Portmany\",\"isPartOf\":{\"@id\":\"https:\/\/www.salvemsabadia.com\/#website\"},\"primaryImageOfPage\":{\"@id\":\"https:\/\/www.salvemsabadia.com\/es-nautic-denuncia-que-el-delegat-de-les-navilieres-menteix-al-acusar-lo-de-voler-quedar-se-amb-el-moll-comercial\/#primaryimage\"},\"image\":{\"@id\":\"https:\/\/www.salvemsabadia.com\/es-nautic-denuncia-que-el-delegat-de-les-navilieres-menteix-al-acusar-lo-de-voler-quedar-se-amb-el-moll-comercial\/#primaryimage\"},\"thumbnailUrl\":\"https:\/\/www.salvemsabadia.com\/wp-content\/uploads\/2020\/11\/DSC_8030-scaled.jpg\",\"datePublished\":\"2020-11-10T12:39:05+00:00\",\"dateModified\":\"2022-08-15T08:05:17+00:00\",\"breadcrumb\":{\"@id\":\"https:\/\/www.salvemsabadia.com\/es-nautic-denuncia-que-el-delegat-de-les-navilieres-menteix-al-acusar-lo-de-voler-quedar-se-amb-el-moll-comercial\/#breadcrumb\"},\"inLanguage\":\"es\",\"potentialAction\":[{\"@type\":\"ReadAction\",\"target\":[\"https:\/\/www.salvemsabadia.com\/es-nautic-denuncia-que-el-delegat-de-les-navilieres-menteix-al-acusar-lo-de-voler-quedar-se-amb-el-moll-comercial\/\"]}]},{\"@type\":\"ImageObject\",\"inLanguage\":\"es\",\"@id\":\"https:\/\/www.salvemsabadia.com\/es-nautic-denuncia-que-el-delegat-de-les-navilieres-menteix-al-acusar-lo-de-voler-quedar-se-amb-el-moll-comercial\/#primaryimage\",\"url\":\"https:\/\/www.salvemsabadia.com\/wp-content\/uploads\/2020\/11\/DSC_8030-scaled.jpg\",\"contentUrl\":\"https:\/\/www.salvemsabadia.com\/wp-content\/uploads\/2020\/11\/DSC_8030-scaled.jpg\",\"width\":2560,\"height\":1714},{\"@type\":\"BreadcrumbList\",\"@id\":\"https:\/\/www.salvemsabadia.com\/es-nautic-denuncia-que-el-delegat-de-les-navilieres-menteix-al-acusar-lo-de-voler-quedar-se-amb-el-moll-comercial\/#breadcrumb\",\"itemListElement\":[{\"@type\":\"ListItem\",\"position\":1,\"name\":\"Portada\",\"item\":\"https:\/\/www.salvemsabadia.com\/es\/\"},{\"@type\":\"ListItem\",\"position\":2,\"name\":\"Es N\u00e0utic denuncia que el delegado de las navieras miente al acusarle de querer quedarse con el muelle comercial\"}]},{\"@type\":\"WebSite\",\"@id\":\"https:\/\/www.salvemsabadia.com\/#website\",\"url\":\"https:\/\/www.salvemsabadia.com\/\",\"name\":\"Salvem Sa Badia de Portmany\",\"description\":\"\",\"publisher\":{\"@id\":\"https:\/\/www.salvemsabadia.com\/#organization\"},\"potentialAction\":[{\"@type\":\"SearchAction\",\"target\":{\"@type\":\"EntryPoint\",\"urlTemplate\":\"https:\/\/www.salvemsabadia.com\/?s={search_term_string}\"},\"query-input\":{\"@type\":\"PropertyValueSpecification\",\"valueRequired\":true,\"valueName\":\"search_term_string\"}}],\"inLanguage\":\"es\"},{\"@type\":\"Organization\",\"@id\":\"https:\/\/www.salvemsabadia.com\/#organization\",\"name\":\"Salvem Sa Badia de Portmany\",\"url\":\"https:\/\/www.salvemsabadia.com\/\",\"logo\":{\"@type\":\"ImageObject\",\"inLanguage\":\"es\",\"@id\":\"https:\/\/www.salvemsabadia.com\/#\/schema\/logo\/image\/\",\"url\":\"https:\/\/www.salvemsabadia.com\/wp-content\/uploads\/2020\/03\/logo.png\",\"contentUrl\":\"https:\/\/www.salvemsabadia.com\/wp-content\/uploads\/2020\/03\/logo.png\",\"width\":188,\"height\":151,\"caption\":\"Salvem Sa Badia de Portmany\"},\"image\":{\"@id\":\"https:\/\/www.salvemsabadia.com\/#\/schema\/logo\/image\/\"}},{\"@type\":\"Person\",\"@id\":\"https:\/\/www.salvemsabadia.com\/#\/schema\/person\/5d08c5118adcb4140d13bde4826ba122\",\"name\":\"Salvem sa Badia\",\"image\":{\"@type\":\"ImageObject\",\"inLanguage\":\"es\",\"@id\":\"https:\/\/www.salvemsabadia.com\/#\/schema\/person\/image\/\",\"url\":\"https:\/\/secure.gravatar.com\/avatar\/d569ee5739a9c7022470ea472c9b4b9cf476e15f1be71e5242c911d673d14ad9?s=96&d=mm&r=g\",\"contentUrl\":\"https:\/\/secure.gravatar.com\/avatar\/d569ee5739a9c7022470ea472c9b4b9cf476e15f1be71e5242c911d673d14ad9?s=96&d=mm&r=g\",\"caption\":\"Salvem sa Badia\"}}]}<\/script>\n<!-- \/ Yoast SEO plugin. -->","yoast_head_json":{"title":"Es N\u00e0utic denuncia que el delegado de las navieras miente al acusarle de querer quedarse con el muelle comercial - Salvem Sa Badia de Portmany","robots":{"index":"index","follow":"follow","max-snippet":"max-snippet:-1","max-image-preview":"max-image-preview:large","max-video-preview":"max-video-preview:-1"},"canonical":"https:\/\/www.salvemsabadia.com\/es-nautic-denuncia-que-el-delegat-de-les-navilieres-menteix-al-acusar-lo-de-voler-quedar-se-amb-el-moll-comercial\/","og_locale":"es_ES","og_type":"article","og_title":"Es N\u00e0utic denuncia que el delegado de las navieras miente al acusarle de querer quedarse con el muelle comercial - Salvem Sa Badia de Portmany","og_description":"El delegado en las Pitiusas de la patronal de las navieras APEAM, Rafael Cardona, ha acusado falsamente al Club N\u00e0utic de Sant Antoni de querer apropiarse del muelle comercial del...","og_url":"https:\/\/www.salvemsabadia.com\/es-nautic-denuncia-que-el-delegat-de-les-navilieres-menteix-al-acusar-lo-de-voler-quedar-se-amb-el-moll-comercial\/","og_site_name":"Salvem Sa Badia de Portmany","article_published_time":"2020-11-10T12:39:05+00:00","article_modified_time":"2022-08-15T08:05:17+00:00","og_image":[{"width":2560,"height":1714,"url":"https:\/\/www.salvemsabadia.com\/wp-content\/uploads\/2020\/11\/DSC_8030-scaled.jpg","type":"image\/jpeg"}],"author":"Salvem sa Badia","twitter_card":"summary_large_image","twitter_misc":{"Escrito por":"Salvem sa Badia","Tiempo de lectura":"2 minutos"},"schema":{"@context":"https:\/\/schema.org","@graph":[{"@type":"Article","@id":"https:\/\/www.salvemsabadia.com\/es-nautic-denuncia-que-el-delegat-de-les-navilieres-menteix-al-acusar-lo-de-voler-quedar-se-amb-el-moll-comercial\/#article","isPartOf":{"@id":"https:\/\/www.salvemsabadia.com\/es-nautic-denuncia-que-el-delegat-de-les-navilieres-menteix-al-acusar-lo-de-voler-quedar-se-amb-el-moll-comercial\/"},"author":{"name":"Salvem sa Badia","@id":"https:\/\/www.salvemsabadia.com\/#\/schema\/person\/5d08c5118adcb4140d13bde4826ba122"},"headline":"Es N\u00e0utic denuncia que el delegado de las navieras miente al acusarle de querer quedarse con el muelle comercial","datePublished":"2020-11-10T12:39:05+00:00","dateModified":"2022-08-15T08:05:17+00:00","mainEntityOfPage":{"@id":"https:\/\/www.salvemsabadia.com\/es-nautic-denuncia-que-el-delegat-de-les-navilieres-menteix-al-acusar-lo-de-voler-quedar-se-amb-el-moll-comercial\/"},"wordCount":513,"commentCount":0,"publisher":{"@id":"https:\/\/www.salvemsabadia.com\/#organization"},"image":{"@id":"https:\/\/www.salvemsabadia.com\/es-nautic-denuncia-que-el-delegat-de-les-navilieres-menteix-al-acusar-lo-de-voler-quedar-se-amb-el-moll-comercial\/#primaryimage"},"thumbnailUrl":"https:\/\/www.salvemsabadia.com\/wp-content\/uploads\/2020\/11\/DSC_8030-scaled.jpg","articleSection":["Destacado","Puerto de Sant Antoni"],"inLanguage":"es","potentialAction":[{"@type":"CommentAction","name":"Comment","target":["https:\/\/www.salvemsabadia.com\/es-nautic-denuncia-que-el-delegat-de-les-navilieres-menteix-al-acusar-lo-de-voler-quedar-se-amb-el-moll-comercial\/#respond"]}]},{"@type":"WebPage","@id":"https:\/\/www.salvemsabadia.com\/es-nautic-denuncia-que-el-delegat-de-les-navilieres-menteix-al-acusar-lo-de-voler-quedar-se-amb-el-moll-comercial\/","url":"https:\/\/www.salvemsabadia.com\/es-nautic-denuncia-que-el-delegat-de-les-navilieres-menteix-al-acusar-lo-de-voler-quedar-se-amb-el-moll-comercial\/","name":"Es N\u00e0utic denuncia que el delegado de las navieras miente al acusarle de querer quedarse con el muelle comercial - Salvem Sa Badia de Portmany","isPartOf":{"@id":"https:\/\/www.salvemsabadia.com\/#website"},"primaryImageOfPage":{"@id":"https:\/\/www.salvemsabadia.com\/es-nautic-denuncia-que-el-delegat-de-les-navilieres-menteix-al-acusar-lo-de-voler-quedar-se-amb-el-moll-comercial\/#primaryimage"},"image":{"@id":"https:\/\/www.salvemsabadia.com\/es-nautic-denuncia-que-el-delegat-de-les-navilieres-menteix-al-acusar-lo-de-voler-quedar-se-amb-el-moll-comercial\/#primaryimage"},"thumbnailUrl":"https:\/\/www.salvemsabadia.com\/wp-content\/uploads\/2020\/11\/DSC_8030-scaled.jpg","datePublished":"2020-11-10T12:39:05+00:00","dateModified":"2022-08-15T08:05:17+00:00","breadcrumb":{"@id":"https:\/\/www.salvemsabadia.com\/es-nautic-denuncia-que-el-delegat-de-les-navilieres-menteix-al-acusar-lo-de-voler-quedar-se-amb-el-moll-comercial\/#breadcrumb"},"inLanguage":"es","potentialAction":[{"@type":"ReadAction","target":["https:\/\/www.salvemsabadia.com\/es-nautic-denuncia-que-el-delegat-de-les-navilieres-menteix-al-acusar-lo-de-voler-quedar-se-amb-el-moll-comercial\/"]}]},{"@type":"ImageObject","inLanguage":"es","@id":"https:\/\/www.salvemsabadia.com\/es-nautic-denuncia-que-el-delegat-de-les-navilieres-menteix-al-acusar-lo-de-voler-quedar-se-amb-el-moll-comercial\/#primaryimage","url":"https:\/\/www.salvemsabadia.com\/wp-content\/uploads\/2020\/11\/DSC_8030-scaled.jpg","contentUrl":"https:\/\/www.salvemsabadia.com\/wp-content\/uploads\/2020\/11\/DSC_8030-scaled.jpg","width":2560,"height":1714},{"@type":"BreadcrumbList","@id":"https:\/\/www.salvemsabadia.com\/es-nautic-denuncia-que-el-delegat-de-les-navilieres-menteix-al-acusar-lo-de-voler-quedar-se-amb-el-moll-comercial\/#breadcrumb","itemListElement":[{"@type":"ListItem","position":1,"name":"Portada","item":"https:\/\/www.salvemsabadia.com\/es\/"},{"@type":"ListItem","position":2,"name":"Es N\u00e0utic denuncia que el delegado de las navieras miente al acusarle de querer quedarse con el muelle comercial"}]},{"@type":"WebSite","@id":"https:\/\/www.salvemsabadia.com\/#website","url":"https:\/\/www.salvemsabadia.com\/","name":"Salvem Sa Badia de Portmany","description":"","publisher":{"@id":"https:\/\/www.salvemsabadia.com\/#organization"},"potentialAction":[{"@type":"SearchAction","target":{"@type":"EntryPoint","urlTemplate":"https:\/\/www.salvemsabadia.com\/?s={search_term_string}"},"query-input":{"@type":"PropertyValueSpecification","valueRequired":true,"valueName":"search_term_string"}}],"inLanguage":"es"},{"@type":"Organization","@id":"https:\/\/www.salvemsabadia.com\/#organization","name":"Salvem Sa Badia de Portmany","url":"https:\/\/www.salvemsabadia.com\/","logo":{"@type":"ImageObject","inLanguage":"es","@id":"https:\/\/www.salvemsabadia.com\/#\/schema\/logo\/image\/","url":"https:\/\/www.salvemsabadia.com\/wp-content\/uploads\/2020\/03\/logo.png","contentUrl":"https:\/\/www.salvemsabadia.com\/wp-content\/uploads\/2020\/03\/logo.png","width":188,"height":151,"caption":"Salvem Sa Badia de Portmany"},"image":{"@id":"https:\/\/www.salvemsabadia.com\/#\/schema\/logo\/image\/"}},{"@type":"Person","@id":"https:\/\/www.salvemsabadia.com\/#\/schema\/person\/5d08c5118adcb4140d13bde4826ba122","name":"Salvem sa Badia","image":{"@type":"ImageObject","inLanguage":"es","@id":"https:\/\/www.salvemsabadia.com\/#\/schema\/person\/image\/","url":"https:\/\/secure.gravatar.com\/avatar\/d569ee5739a9c7022470ea472c9b4b9cf476e15f1be71e5242c911d673d14ad9?s=96&d=mm&r=g","contentUrl":"https:\/\/secure.gravatar.com\/avatar\/d569ee5739a9c7022470ea472c9b4b9cf476e15f1be71e5242c911d673d14ad9?s=96&d=mm&r=g","caption":"Salvem sa Badia"}}]}},"_links":{"self":[{"href":"https:\/\/www.salvemsabadia.com\/es\/wp-json\/wp\/v2\/posts\/1099","targetHints":{"allow":["GET"]}}],"collection":[{"href":"https:\/\/www.salvemsabadia.com\/es\/wp-json\/wp\/v2\/posts"}],"about":[{"href":"https:\/\/www.salvemsabadia.com\/es\/wp-json\/wp\/v2\/types\/post"}],"author":[{"embeddable":true,"href":"https:\/\/www.salvemsabadia.com\/es\/wp-json\/wp\/v2\/users\/2"}],"replies":[{"embeddable":true,"href":"https:\/\/www.salvemsabadia.com\/es\/wp-json\/wp\/v2\/comments?post=1099"}],"version-history":[{"count":0,"href":"https:\/\/www.salvemsabadia.com\/es\/wp-json\/wp\/v2\/posts\/1099\/revisions"}],"wp:featuredmedia":[{"embeddable":true,"href":"https:\/\/www.salvemsabadia.com\/es\/wp-json\/wp\/v2\/media\/1100"}],"wp:attachment":[{"href":"https:\/\/www.salvemsabadia.com\/es\/wp-json\/wp\/v2\/media?parent=1099"}],"wp:term":[{"taxonomy":"category","embeddable":true,"href":"https:\/\/www.salvemsabadia.com\/es\/wp-json\/wp\/v2\/categories?post=1099"},{"taxonomy":"post_tag","embeddable":true,"href":"https:\/\/www.salvemsabadia.com\/es\/wp-json\/wp\/v2\/tags?post=1099"}],"curies":[{"name":"wp","href":"https:\/\/api.w.org\/{rel}","templated":true}]}}