{"id":1160,"date":"2020-11-24T11:59:35","date_gmt":"2020-11-24T10:59:35","guid":{"rendered":"https:\/\/www.salvemsabadia.com\/?p=1160"},"modified":"2022-08-15T10:06:45","modified_gmt":"2022-08-15T08:06:45","slug":"el-ayuntamiento-de-sant-josep-tampoco-quiere-que-los-ferris-regresen-a-la-bahia-de-portmany","status":"publish","type":"post","link":"https:\/\/www.salvemsabadia.com\/es\/el-ayuntamiento-de-sant-josep-tampoco-quiere-que-los-ferris-regresen-a-la-bahia-de-portmany\/","title":{"rendered":"El Ayuntamiento de Sant Josep tampoco quiere que los ferris regresen a la bah\u00eda de Portmany"},"content":{"rendered":"<p><img loading=\"lazy\" decoding=\"async\" class=\"alignnone wp-image-1161 size-full\" src=\"https:\/\/www.salvemsabadia.com\/wp-content\/uploads\/2020\/11\/DSC02741-rec.jpg\" alt=\"\" width=\"2000\" height=\"1333\" srcset=\"https:\/\/www.salvemsabadia.com\/wp-content\/uploads\/2020\/11\/DSC02741-rec.jpg 2000w, https:\/\/www.salvemsabadia.com\/wp-content\/uploads\/2020\/11\/DSC02741-rec-300x200.jpg 300w, https:\/\/www.salvemsabadia.com\/wp-content\/uploads\/2020\/11\/DSC02741-rec-1024x682.jpg 1024w, https:\/\/www.salvemsabadia.com\/wp-content\/uploads\/2020\/11\/DSC02741-rec-768x512.jpg 768w, https:\/\/www.salvemsabadia.com\/wp-content\/uploads\/2020\/11\/DSC02741-rec-1536x1024.jpg 1536w, https:\/\/www.salvemsabadia.com\/wp-content\/uploads\/2020\/11\/DSC02741-rec-900x600.jpg 900w\" sizes=\"auto, (max-width: 2000px) 100vw, 2000px\" \/><\/p>\n<p>El pr\u00f3ximo jueves, el Ayuntamiento de Sant Josep celebra su pleno ordinario del mes de noviembre y en \u00e9l se votar\u00e1 en contra de que los ferris regresen a la bah\u00eda de Portmany, seg\u00fan todas las previsiones. El consistorio, asimismo, pone sobre la mesa su derecho a decidir, ya que el lado sur de la bah\u00eda forma parte de su territorio y los efectos negativos, tanto medioambientales como de seguridad, que genera la actividad de estos grandes buques tambi\u00e9n afecta a sus ciudadanos y a los turistas que disfrutan de playas como S\u2019Estanyol, Es Pinet, Es Cal\u00f3 d\u2019en Serral, d\u2019en Xinx\u00f3 o Port des Torrent.<\/p>\n<p>La moci\u00f3n, titulada \u201cPropuesta de acuerdo para solicitar al Govern balear la eliminaci\u00f3n de los ferris entre la pen\u00ednsula y la bah\u00eda de Portmany\u201d, la presentan las dos formaciones pol\u00edticas que gobiernan en Sant Josep: PSOE y Unidas Podemos, que tienen mayor\u00eda, y est\u00e1 por ver si alg\u00fan concejal de otra formaci\u00f3n pol\u00edtica les apoya. Cabe recordar que en este consistorio los socialistas tienen 8 concejales, el Partido Popular 5, Unidas Podemos 3, Ciudadanos 2, Ara Eivissa 1, PxE 1 y Vox 1. La mayor\u00eda, por tanto, requiere de 11 concejales.<\/p>\n<p>Los partidos que presentan la moci\u00f3n subrayan el valor paisaj\u00edstico y medioambiental de la bah\u00eda, y recuerdan el paseo mar\u00edtimo que hay proyectado y que enlazar\u00e1 Port des Torrent con Cala Graci\u00f3, uniendo ambos municipios. Por eso, al igual que ya ha reclamado el Ayuntamiento de Sant Antoni, quieren que la bah\u00eda se destine a un uso recreativo, deportivo, pesquero y de refugio, eliminando los ferris que enlazan con la pen\u00ednsula.<\/p>\n<p>El Ayuntamiento de Sant Josep reconoce que el puerto est\u00e1 en el municipio de Sant Antoni, pero recuerda que las actividades que all\u00ed se realizan tienen consecuencias negativas para toda la bah\u00eda, ya que estos grandes buques generan problemas medioambientales y de seguridad, al provocar grandes olas y aguas turbias.<\/p>\n<p>Tambi\u00e9n reconoce el Ayuntamiento que la cantidad de visitantes que hasta 2018 llegaban al puerto de Sant Antoni mediante los ferris es insignificante y no tiene incidencia en la ocupaci\u00f3n hotelera del municipio de Sant Josep. Adem\u00e1s, recuerdan el informe negativo que en 2019 elabor\u00f3 el organismo gestor del puerto, Ports IB, dependiente del Govern balear, y a\u00f1ade que la presencia de grandes buques es incompatible con la imagen de turismo de calidad que requiere esta zona.<\/p>\n","protected":false},"excerpt":{"rendered":"<p>El pr\u00f3ximo jueves, el Ayuntamiento de Sant Josep celebra su pleno ordinario del mes de noviembre y en \u00e9l se votar\u00e1 en contra de que los ferris regresen a la&#8230;<\/p>\n","protected":false},"author":2,"featured_media":1161,"comment_status":"open","ping_status":"open","sticky":false,"template":"","format":"standard","meta":{"give_campaign_id":0,"footnotes":""},"categories":[106,214],"tags":[],"class_list":{"0":"post-1160","1":"post","2":"type-post","3":"status-publish","4":"format-standard","5":"has-post-thumbnail","7":"category-destacado","8":"category-puerto-de-sant-antoni"},"yoast_head":"<!-- This site is optimized with the Yoast SEO plugin v26.8 - https:\/\/yoast.com\/product\/yoast-seo-wordpress\/ -->\n<title>El Ayuntamiento de Sant Josep tampoco quiere que los ferris regresen a la bah\u00eda de Portmany - Salvem Sa Badia de Portmany<\/title>\n<meta name=\"robots\" content=\"index, follow, max-snippet:-1, max-image-preview:large, max-video-preview:-1\" \/>\n<link rel=\"canonical\" href=\"https:\/\/www.salvemsabadia.com\/el-ajuntament-de-sant-josep-tampoc-vol-que-els-ferris-tornin-a-la-badia-de-portmany\/\" \/>\n<meta property=\"og:locale\" content=\"es_ES\" \/>\n<meta property=\"og:type\" content=\"article\" \/>\n<meta property=\"og:title\" content=\"El Ayuntamiento de Sant Josep tampoco quiere que los ferris regresen a la bah\u00eda de Portmany - Salvem Sa Badia de Portmany\" \/>\n<meta property=\"og:description\" content=\"El pr\u00f3ximo jueves, el Ayuntamiento de Sant Josep celebra su pleno ordinario del mes de noviembre y en \u00e9l se votar\u00e1 en contra de que los ferris regresen a la...\" \/>\n<meta property=\"og:url\" content=\"https:\/\/www.salvemsabadia.com\/el-ajuntament-de-sant-josep-tampoc-vol-que-els-ferris-tornin-a-la-badia-de-portmany\/\" \/>\n<meta property=\"og:site_name\" content=\"Salvem Sa Badia de Portmany\" \/>\n<meta property=\"article:published_time\" content=\"2020-11-24T10:59:35+00:00\" \/>\n<meta property=\"article:modified_time\" content=\"2022-08-15T08:06:45+00:00\" \/>\n<meta property=\"og:image\" content=\"https:\/\/www.salvemsabadia.com\/wp-content\/uploads\/2020\/11\/DSC02741-rec.jpg\" \/>\n\t<meta property=\"og:image:width\" content=\"2000\" \/>\n\t<meta property=\"og:image:height\" content=\"1333\" \/>\n\t<meta property=\"og:image:type\" content=\"image\/jpeg\" \/>\n<meta name=\"author\" content=\"Salvem sa Badia\" \/>\n<meta name=\"twitter:card\" content=\"summary_large_image\" \/>\n<meta name=\"twitter:label1\" content=\"Escrito por\" \/>\n\t<meta name=\"twitter:data1\" content=\"Salvem sa Badia\" \/>\n\t<meta name=\"twitter:label2\" content=\"Tiempo de lectura\" \/>\n\t<meta name=\"twitter:data2\" content=\"2 minutos\" \/>\n<script type=\"application\/ld+json\" class=\"yoast-schema-graph\">{\"@context\":\"https:\/\/schema.org\",\"@graph\":[{\"@type\":\"Article\",\"@id\":\"https:\/\/www.salvemsabadia.com\/el-ajuntament-de-sant-josep-tampoc-vol-que-els-ferris-tornin-a-la-badia-de-portmany\/#article\",\"isPartOf\":{\"@id\":\"https:\/\/www.salvemsabadia.com\/el-ajuntament-de-sant-josep-tampoc-vol-que-els-ferris-tornin-a-la-badia-de-portmany\/\"},\"author\":{\"name\":\"Salvem sa Badia\",\"@id\":\"https:\/\/www.salvemsabadia.com\/#\/schema\/person\/5d08c5118adcb4140d13bde4826ba122\"},\"headline\":\"El Ayuntamiento de Sant Josep tampoco quiere que los ferris regresen a la bah\u00eda de Portmany\",\"datePublished\":\"2020-11-24T10:59:35+00:00\",\"dateModified\":\"2022-08-15T08:06:45+00:00\",\"mainEntityOfPage\":{\"@id\":\"https:\/\/www.salvemsabadia.com\/el-ajuntament-de-sant-josep-tampoc-vol-que-els-ferris-tornin-a-la-badia-de-portmany\/\"},\"wordCount\":430,\"commentCount\":0,\"publisher\":{\"@id\":\"https:\/\/www.salvemsabadia.com\/#organization\"},\"image\":{\"@id\":\"https:\/\/www.salvemsabadia.com\/el-ajuntament-de-sant-josep-tampoc-vol-que-els-ferris-tornin-a-la-badia-de-portmany\/#primaryimage\"},\"thumbnailUrl\":\"https:\/\/www.salvemsabadia.com\/wp-content\/uploads\/2020\/11\/DSC02741-rec.jpg\",\"articleSection\":[\"Destacado\",\"Puerto de Sant Antoni\"],\"inLanguage\":\"es\",\"potentialAction\":[{\"@type\":\"CommentAction\",\"name\":\"Comment\",\"target\":[\"https:\/\/www.salvemsabadia.com\/el-ajuntament-de-sant-josep-tampoc-vol-que-els-ferris-tornin-a-la-badia-de-portmany\/#respond\"]}]},{\"@type\":\"WebPage\",\"@id\":\"https:\/\/www.salvemsabadia.com\/el-ajuntament-de-sant-josep-tampoc-vol-que-els-ferris-tornin-a-la-badia-de-portmany\/\",\"url\":\"https:\/\/www.salvemsabadia.com\/el-ajuntament-de-sant-josep-tampoc-vol-que-els-ferris-tornin-a-la-badia-de-portmany\/\",\"name\":\"El Ayuntamiento de Sant Josep tampoco quiere que los ferris regresen a la bah\u00eda de Portmany - Salvem Sa Badia de Portmany\",\"isPartOf\":{\"@id\":\"https:\/\/www.salvemsabadia.com\/#website\"},\"primaryImageOfPage\":{\"@id\":\"https:\/\/www.salvemsabadia.com\/el-ajuntament-de-sant-josep-tampoc-vol-que-els-ferris-tornin-a-la-badia-de-portmany\/#primaryimage\"},\"image\":{\"@id\":\"https:\/\/www.salvemsabadia.com\/el-ajuntament-de-sant-josep-tampoc-vol-que-els-ferris-tornin-a-la-badia-de-portmany\/#primaryimage\"},\"thumbnailUrl\":\"https:\/\/www.salvemsabadia.com\/wp-content\/uploads\/2020\/11\/DSC02741-rec.jpg\",\"datePublished\":\"2020-11-24T10:59:35+00:00\",\"dateModified\":\"2022-08-15T08:06:45+00:00\",\"breadcrumb\":{\"@id\":\"https:\/\/www.salvemsabadia.com\/el-ajuntament-de-sant-josep-tampoc-vol-que-els-ferris-tornin-a-la-badia-de-portmany\/#breadcrumb\"},\"inLanguage\":\"es\",\"potentialAction\":[{\"@type\":\"ReadAction\",\"target\":[\"https:\/\/www.salvemsabadia.com\/el-ajuntament-de-sant-josep-tampoc-vol-que-els-ferris-tornin-a-la-badia-de-portmany\/\"]}]},{\"@type\":\"ImageObject\",\"inLanguage\":\"es\",\"@id\":\"https:\/\/www.salvemsabadia.com\/el-ajuntament-de-sant-josep-tampoc-vol-que-els-ferris-tornin-a-la-badia-de-portmany\/#primaryimage\",\"url\":\"https:\/\/www.salvemsabadia.com\/wp-content\/uploads\/2020\/11\/DSC02741-rec.jpg\",\"contentUrl\":\"https:\/\/www.salvemsabadia.com\/wp-content\/uploads\/2020\/11\/DSC02741-rec.jpg\",\"width\":2000,\"height\":1333},{\"@type\":\"BreadcrumbList\",\"@id\":\"https:\/\/www.salvemsabadia.com\/el-ajuntament-de-sant-josep-tampoc-vol-que-els-ferris-tornin-a-la-badia-de-portmany\/#breadcrumb\",\"itemListElement\":[{\"@type\":\"ListItem\",\"position\":1,\"name\":\"Portada\",\"item\":\"https:\/\/www.salvemsabadia.com\/es\/\"},{\"@type\":\"ListItem\",\"position\":2,\"name\":\"El Ayuntamiento de Sant Josep tampoco quiere que los ferris regresen a la bah\u00eda de Portmany\"}]},{\"@type\":\"WebSite\",\"@id\":\"https:\/\/www.salvemsabadia.com\/#website\",\"url\":\"https:\/\/www.salvemsabadia.com\/\",\"name\":\"Salvem Sa Badia de Portmany\",\"description\":\"\",\"publisher\":{\"@id\":\"https:\/\/www.salvemsabadia.com\/#organization\"},\"potentialAction\":[{\"@type\":\"SearchAction\",\"target\":{\"@type\":\"EntryPoint\",\"urlTemplate\":\"https:\/\/www.salvemsabadia.com\/?s={search_term_string}\"},\"query-input\":{\"@type\":\"PropertyValueSpecification\",\"valueRequired\":true,\"valueName\":\"search_term_string\"}}],\"inLanguage\":\"es\"},{\"@type\":\"Organization\",\"@id\":\"https:\/\/www.salvemsabadia.com\/#organization\",\"name\":\"Salvem Sa Badia de Portmany\",\"url\":\"https:\/\/www.salvemsabadia.com\/\",\"logo\":{\"@type\":\"ImageObject\",\"inLanguage\":\"es\",\"@id\":\"https:\/\/www.salvemsabadia.com\/#\/schema\/logo\/image\/\",\"url\":\"https:\/\/www.salvemsabadia.com\/wp-content\/uploads\/2020\/03\/logo.png\",\"contentUrl\":\"https:\/\/www.salvemsabadia.com\/wp-content\/uploads\/2020\/03\/logo.png\",\"width\":188,\"height\":151,\"caption\":\"Salvem Sa Badia de Portmany\"},\"image\":{\"@id\":\"https:\/\/www.salvemsabadia.com\/#\/schema\/logo\/image\/\"}},{\"@type\":\"Person\",\"@id\":\"https:\/\/www.salvemsabadia.com\/#\/schema\/person\/5d08c5118adcb4140d13bde4826ba122\",\"name\":\"Salvem sa Badia\",\"image\":{\"@type\":\"ImageObject\",\"inLanguage\":\"es\",\"@id\":\"https:\/\/www.salvemsabadia.com\/#\/schema\/person\/image\/\",\"url\":\"https:\/\/secure.gravatar.com\/avatar\/d569ee5739a9c7022470ea472c9b4b9cf476e15f1be71e5242c911d673d14ad9?s=96&d=mm&r=g\",\"contentUrl\":\"https:\/\/secure.gravatar.com\/avatar\/d569ee5739a9c7022470ea472c9b4b9cf476e15f1be71e5242c911d673d14ad9?s=96&d=mm&r=g\",\"caption\":\"Salvem sa Badia\"}}]}<\/script>\n<!-- \/ Yoast SEO plugin. -->","yoast_head_json":{"title":"El Ayuntamiento de Sant Josep tampoco quiere que los ferris regresen a la bah\u00eda de Portmany - Salvem Sa Badia de Portmany","robots":{"index":"index","follow":"follow","max-snippet":"max-snippet:-1","max-image-preview":"max-image-preview:large","max-video-preview":"max-video-preview:-1"},"canonical":"https:\/\/www.salvemsabadia.com\/el-ajuntament-de-sant-josep-tampoc-vol-que-els-ferris-tornin-a-la-badia-de-portmany\/","og_locale":"es_ES","og_type":"article","og_title":"El Ayuntamiento de Sant Josep tampoco quiere que los ferris regresen a la bah\u00eda de Portmany - Salvem Sa Badia de Portmany","og_description":"El pr\u00f3ximo jueves, el Ayuntamiento de Sant Josep celebra su pleno ordinario del mes de noviembre y en \u00e9l se votar\u00e1 en contra de que los ferris regresen a la...","og_url":"https:\/\/www.salvemsabadia.com\/el-ajuntament-de-sant-josep-tampoc-vol-que-els-ferris-tornin-a-la-badia-de-portmany\/","og_site_name":"Salvem Sa Badia de Portmany","article_published_time":"2020-11-24T10:59:35+00:00","article_modified_time":"2022-08-15T08:06:45+00:00","og_image":[{"width":2000,"height":1333,"url":"https:\/\/www.salvemsabadia.com\/wp-content\/uploads\/2020\/11\/DSC02741-rec.jpg","type":"image\/jpeg"}],"author":"Salvem sa Badia","twitter_card":"summary_large_image","twitter_misc":{"Escrito por":"Salvem sa Badia","Tiempo de lectura":"2 minutos"},"schema":{"@context":"https:\/\/schema.org","@graph":[{"@type":"Article","@id":"https:\/\/www.salvemsabadia.com\/el-ajuntament-de-sant-josep-tampoc-vol-que-els-ferris-tornin-a-la-badia-de-portmany\/#article","isPartOf":{"@id":"https:\/\/www.salvemsabadia.com\/el-ajuntament-de-sant-josep-tampoc-vol-que-els-ferris-tornin-a-la-badia-de-portmany\/"},"author":{"name":"Salvem sa Badia","@id":"https:\/\/www.salvemsabadia.com\/#\/schema\/person\/5d08c5118adcb4140d13bde4826ba122"},"headline":"El Ayuntamiento de Sant Josep tampoco quiere que los ferris regresen a la bah\u00eda de Portmany","datePublished":"2020-11-24T10:59:35+00:00","dateModified":"2022-08-15T08:06:45+00:00","mainEntityOfPage":{"@id":"https:\/\/www.salvemsabadia.com\/el-ajuntament-de-sant-josep-tampoc-vol-que-els-ferris-tornin-a-la-badia-de-portmany\/"},"wordCount":430,"commentCount":0,"publisher":{"@id":"https:\/\/www.salvemsabadia.com\/#organization"},"image":{"@id":"https:\/\/www.salvemsabadia.com\/el-ajuntament-de-sant-josep-tampoc-vol-que-els-ferris-tornin-a-la-badia-de-portmany\/#primaryimage"},"thumbnailUrl":"https:\/\/www.salvemsabadia.com\/wp-content\/uploads\/2020\/11\/DSC02741-rec.jpg","articleSection":["Destacado","Puerto de Sant Antoni"],"inLanguage":"es","potentialAction":[{"@type":"CommentAction","name":"Comment","target":["https:\/\/www.salvemsabadia.com\/el-ajuntament-de-sant-josep-tampoc-vol-que-els-ferris-tornin-a-la-badia-de-portmany\/#respond"]}]},{"@type":"WebPage","@id":"https:\/\/www.salvemsabadia.com\/el-ajuntament-de-sant-josep-tampoc-vol-que-els-ferris-tornin-a-la-badia-de-portmany\/","url":"https:\/\/www.salvemsabadia.com\/el-ajuntament-de-sant-josep-tampoc-vol-que-els-ferris-tornin-a-la-badia-de-portmany\/","name":"El Ayuntamiento de Sant Josep tampoco quiere que los ferris regresen a la bah\u00eda de Portmany - Salvem Sa Badia de Portmany","isPartOf":{"@id":"https:\/\/www.salvemsabadia.com\/#website"},"primaryImageOfPage":{"@id":"https:\/\/www.salvemsabadia.com\/el-ajuntament-de-sant-josep-tampoc-vol-que-els-ferris-tornin-a-la-badia-de-portmany\/#primaryimage"},"image":{"@id":"https:\/\/www.salvemsabadia.com\/el-ajuntament-de-sant-josep-tampoc-vol-que-els-ferris-tornin-a-la-badia-de-portmany\/#primaryimage"},"thumbnailUrl":"https:\/\/www.salvemsabadia.com\/wp-content\/uploads\/2020\/11\/DSC02741-rec.jpg","datePublished":"2020-11-24T10:59:35+00:00","dateModified":"2022-08-15T08:06:45+00:00","breadcrumb":{"@id":"https:\/\/www.salvemsabadia.com\/el-ajuntament-de-sant-josep-tampoc-vol-que-els-ferris-tornin-a-la-badia-de-portmany\/#breadcrumb"},"inLanguage":"es","potentialAction":[{"@type":"ReadAction","target":["https:\/\/www.salvemsabadia.com\/el-ajuntament-de-sant-josep-tampoc-vol-que-els-ferris-tornin-a-la-badia-de-portmany\/"]}]},{"@type":"ImageObject","inLanguage":"es","@id":"https:\/\/www.salvemsabadia.com\/el-ajuntament-de-sant-josep-tampoc-vol-que-els-ferris-tornin-a-la-badia-de-portmany\/#primaryimage","url":"https:\/\/www.salvemsabadia.com\/wp-content\/uploads\/2020\/11\/DSC02741-rec.jpg","contentUrl":"https:\/\/www.salvemsabadia.com\/wp-content\/uploads\/2020\/11\/DSC02741-rec.jpg","width":2000,"height":1333},{"@type":"BreadcrumbList","@id":"https:\/\/www.salvemsabadia.com\/el-ajuntament-de-sant-josep-tampoc-vol-que-els-ferris-tornin-a-la-badia-de-portmany\/#breadcrumb","itemListElement":[{"@type":"ListItem","position":1,"name":"Portada","item":"https:\/\/www.salvemsabadia.com\/es\/"},{"@type":"ListItem","position":2,"name":"El Ayuntamiento de Sant Josep tampoco quiere que los ferris regresen a la bah\u00eda de Portmany"}]},{"@type":"WebSite","@id":"https:\/\/www.salvemsabadia.com\/#website","url":"https:\/\/www.salvemsabadia.com\/","name":"Salvem Sa Badia de Portmany","description":"","publisher":{"@id":"https:\/\/www.salvemsabadia.com\/#organization"},"potentialAction":[{"@type":"SearchAction","target":{"@type":"EntryPoint","urlTemplate":"https:\/\/www.salvemsabadia.com\/?s={search_term_string}"},"query-input":{"@type":"PropertyValueSpecification","valueRequired":true,"valueName":"search_term_string"}}],"inLanguage":"es"},{"@type":"Organization","@id":"https:\/\/www.salvemsabadia.com\/#organization","name":"Salvem Sa Badia de Portmany","url":"https:\/\/www.salvemsabadia.com\/","logo":{"@type":"ImageObject","inLanguage":"es","@id":"https:\/\/www.salvemsabadia.com\/#\/schema\/logo\/image\/","url":"https:\/\/www.salvemsabadia.com\/wp-content\/uploads\/2020\/03\/logo.png","contentUrl":"https:\/\/www.salvemsabadia.com\/wp-content\/uploads\/2020\/03\/logo.png","width":188,"height":151,"caption":"Salvem Sa Badia de Portmany"},"image":{"@id":"https:\/\/www.salvemsabadia.com\/#\/schema\/logo\/image\/"}},{"@type":"Person","@id":"https:\/\/www.salvemsabadia.com\/#\/schema\/person\/5d08c5118adcb4140d13bde4826ba122","name":"Salvem sa Badia","image":{"@type":"ImageObject","inLanguage":"es","@id":"https:\/\/www.salvemsabadia.com\/#\/schema\/person\/image\/","url":"https:\/\/secure.gravatar.com\/avatar\/d569ee5739a9c7022470ea472c9b4b9cf476e15f1be71e5242c911d673d14ad9?s=96&d=mm&r=g","contentUrl":"https:\/\/secure.gravatar.com\/avatar\/d569ee5739a9c7022470ea472c9b4b9cf476e15f1be71e5242c911d673d14ad9?s=96&d=mm&r=g","caption":"Salvem sa Badia"}}]}},"_links":{"self":[{"href":"https:\/\/www.salvemsabadia.com\/es\/wp-json\/wp\/v2\/posts\/1160","targetHints":{"allow":["GET"]}}],"collection":[{"href":"https:\/\/www.salvemsabadia.com\/es\/wp-json\/wp\/v2\/posts"}],"about":[{"href":"https:\/\/www.salvemsabadia.com\/es\/wp-json\/wp\/v2\/types\/post"}],"author":[{"embeddable":true,"href":"https:\/\/www.salvemsabadia.com\/es\/wp-json\/wp\/v2\/users\/2"}],"replies":[{"embeddable":true,"href":"https:\/\/www.salvemsabadia.com\/es\/wp-json\/wp\/v2\/comments?post=1160"}],"version-history":[{"count":0,"href":"https:\/\/www.salvemsabadia.com\/es\/wp-json\/wp\/v2\/posts\/1160\/revisions"}],"wp:featuredmedia":[{"embeddable":true,"href":"https:\/\/www.salvemsabadia.com\/es\/wp-json\/wp\/v2\/media\/1161"}],"wp:attachment":[{"href":"https:\/\/www.salvemsabadia.com\/es\/wp-json\/wp\/v2\/media?parent=1160"}],"wp:term":[{"taxonomy":"category","embeddable":true,"href":"https:\/\/www.salvemsabadia.com\/es\/wp-json\/wp\/v2\/categories?post=1160"},{"taxonomy":"post_tag","embeddable":true,"href":"https:\/\/www.salvemsabadia.com\/es\/wp-json\/wp\/v2\/tags?post=1160"}],"curies":[{"name":"wp","href":"https:\/\/api.w.org\/{rel}","templated":true}]}}