{"id":1177,"date":"2020-11-26T15:18:52","date_gmt":"2020-11-26T14:18:52","guid":{"rendered":"https:\/\/www.salvemsabadia.com\/?p=1177"},"modified":"2022-08-15T10:07:23","modified_gmt":"2022-08-15T08:07:23","slug":"el-pleno-del-ayuntamiento-de-sant-josep-pide-al-govern-balear-la-eliminacion-de-los-ferris-de-la-bahia","status":"publish","type":"post","link":"https:\/\/www.salvemsabadia.com\/es\/el-pleno-del-ayuntamiento-de-sant-josep-pide-al-govern-balear-la-eliminacion-de-los-ferris-de-la-bahia\/","title":{"rendered":"El Pleno del Ayuntamiento de Sant Josep pide al Govern balear la eliminaci\u00f3n de los ferris de la bah\u00eda"},"content":{"rendered":"<p><img loading=\"lazy\" decoding=\"async\" class=\"alignnone wp-image-1178 size-full\" src=\"https:\/\/www.salvemsabadia.com\/wp-content\/uploads\/2020\/11\/DSC02691.jpg\" alt=\"\" width=\"2000\" height=\"1333\" srcset=\"https:\/\/www.salvemsabadia.com\/wp-content\/uploads\/2020\/11\/DSC02691.jpg 2000w, https:\/\/www.salvemsabadia.com\/wp-content\/uploads\/2020\/11\/DSC02691-300x200.jpg 300w, https:\/\/www.salvemsabadia.com\/wp-content\/uploads\/2020\/11\/DSC02691-1024x682.jpg 1024w, https:\/\/www.salvemsabadia.com\/wp-content\/uploads\/2020\/11\/DSC02691-768x512.jpg 768w, https:\/\/www.salvemsabadia.com\/wp-content\/uploads\/2020\/11\/DSC02691-1536x1024.jpg 1536w, https:\/\/www.salvemsabadia.com\/wp-content\/uploads\/2020\/11\/DSC02691-900x600.jpg 900w\" sizes=\"auto, (max-width: 2000px) 100vw, 2000px\" \/><\/p>\n<p>El Pleno del Ayuntamiento de Sant Josep ha aprobado hoy solicitar al Govern balear la eliminaci\u00f3n de los ferris entre la pen\u00ednsula y la bah\u00eda de Portmany. La votaci\u00f3n de la moci\u00f3n presentada por el PSOE y Unidas Podemos ha tenido lugar esta ma\u00f1ana y ha sido aprobada por 13 votos, frente a 8. La han secundado los 8 concejales del PSOE, los 3 de Unidas Podemos, el concejal de Ara Eivissa y el de Proposta per Eivissa. Han votado en contra los 5 del Partido Popular, los 2 de Ciudadanos y el de Vox.<\/p>\n<p>La moci\u00f3n recuerda que \u201chasta el a\u00f1o 2018, los ferris de pasajeros han operado con completa libertad en nuestra bah\u00eda, sin todas las medidas necesarias, provocando problemas de seguridad y medioambientales con la entrada de grandes barcos. Algunos de estos problemas, como son la formaci\u00f3n de grandes olas o la turbidez de las aguas, provocan el movimiento del fondo marino dentro de la bah\u00eda con todas las consecuencias medioambientales que esto ocasiona. En cuanto al n\u00famero de visitantes que pueda aportar el tr\u00e1nsito de barcos al puerto de la bah\u00eda, es insignificante, ya que no tiene una incidencia relevante en la ocupaci\u00f3n hotelera de la zona de Sant Josep\u201d.<\/p>\n<p>Por todas estas razones, el Pleno del Ayuntamiento de Sant Josep insta al Govern balear \u201ca priorizar el uso recreativo, deportivo, pesquero y de refugio del puerto de la bah\u00eda de Portmany y garantizar el tr\u00e1fico interior y de cabotajes con Formentera en el Plan General de Puertos\u201d. El consistorio tambi\u00e9n pide que \u201csolo en caso de emergencia, se garantice el uso del puerto para la entrada de pasaje y suministros de mercanc\u00edas a la isla de Ibiza\u201d. Se exige, asimismo, \u201celiminar los ferris de gran tonelaje en la l\u00ednea mar\u00edtima entre el puerto de la bah\u00eda de Portmany y la pen\u00ednsula\u201d y la \u201cprohibici\u00f3n del mantenimiento de ferris atracados en el puerto\u201d.<\/p>\n<p>Adem\u00e1s, la mayor\u00eda de concejales reclama que \u201cen las pr\u00f3ximas reuniones en las que se trate el tema del puerto de Sant Antoni y de todas las actividades relacionadas con \u00e9ste, se incluya al Ayuntamiento de Sant Josep de Sa Talaia como un participante m\u00e1s, ya que est\u00e1 directamente afectado, al igual que lo est\u00e1 el municipio de Sant Antoni de Portmany\u201d.<\/p>\n<p>La moci\u00f3n, adem\u00e1s de los ferris, exige que no se incremente el n\u00famero de amarres comerciales en el puerto, que el Govern balear trabaje conjuntamente con Capitan\u00eda Mar\u00edtima y Demarcaci\u00f3n de Costas para sancionar y controlar los fondeos ilegales, y que se adecuen las instalaciones existentes en el puerto como un espacio p\u00fablico dedicado al deporte y las actividades en el mar, la educaci\u00f3n, la sostenibilidad medioambiental y la cultura pesquera.<\/p>\n","protected":false},"excerpt":{"rendered":"<p>El Pleno del Ayuntamiento de Sant Josep ha aprobado hoy solicitar al Govern balear la eliminaci\u00f3n de los ferris entre la pen\u00ednsula y la bah\u00eda de Portmany. La votaci\u00f3n de&#8230;<\/p>\n","protected":false},"author":2,"featured_media":1178,"comment_status":"open","ping_status":"open","sticky":false,"template":"","format":"standard","meta":{"give_campaign_id":0,"footnotes":""},"categories":[106,214],"tags":[],"class_list":{"0":"post-1177","1":"post","2":"type-post","3":"status-publish","4":"format-standard","5":"has-post-thumbnail","7":"category-destacado","8":"category-puerto-de-sant-antoni"},"yoast_head":"<!-- This site is optimized with the Yoast SEO plugin v26.8 - https:\/\/yoast.com\/product\/yoast-seo-wordpress\/ -->\n<title>El Pleno del Ayuntamiento de Sant Josep pide al Govern balear la eliminaci\u00f3n de los ferris de la bah\u00eda - Salvem Sa Badia de Portmany<\/title>\n<meta name=\"robots\" content=\"index, follow, max-snippet:-1, max-image-preview:large, max-video-preview:-1\" \/>\n<link rel=\"canonical\" href=\"https:\/\/www.salvemsabadia.com\/el-ple-del-ajuntament-de-sant-josep-demana-al-govern-balear-la-eliminacio-dels-ferris-de-la-badia\/\" \/>\n<meta property=\"og:locale\" content=\"es_ES\" \/>\n<meta property=\"og:type\" content=\"article\" \/>\n<meta property=\"og:title\" content=\"El Pleno del Ayuntamiento de Sant Josep pide al Govern balear la eliminaci\u00f3n de los ferris de la bah\u00eda - Salvem Sa Badia de Portmany\" \/>\n<meta property=\"og:description\" content=\"El Pleno del Ayuntamiento de Sant Josep ha aprobado hoy solicitar al Govern balear la eliminaci\u00f3n de los ferris entre la pen\u00ednsula y la bah\u00eda de Portmany. La votaci\u00f3n de...\" \/>\n<meta property=\"og:url\" content=\"https:\/\/www.salvemsabadia.com\/el-ple-del-ajuntament-de-sant-josep-demana-al-govern-balear-la-eliminacio-dels-ferris-de-la-badia\/\" \/>\n<meta property=\"og:site_name\" content=\"Salvem Sa Badia de Portmany\" \/>\n<meta property=\"article:published_time\" content=\"2020-11-26T14:18:52+00:00\" \/>\n<meta property=\"article:modified_time\" content=\"2022-08-15T08:07:23+00:00\" \/>\n<meta property=\"og:image\" content=\"https:\/\/www.salvemsabadia.com\/wp-content\/uploads\/2020\/11\/DSC02691-1024x682.jpg\" \/>\n\t<meta property=\"og:image:width\" content=\"1024\" \/>\n\t<meta property=\"og:image:height\" content=\"682\" \/>\n\t<meta property=\"og:image:type\" content=\"image\/jpeg\" \/>\n<meta name=\"author\" content=\"Salvem sa Badia\" \/>\n<meta name=\"twitter:card\" content=\"summary_large_image\" \/>\n<meta name=\"twitter:label1\" content=\"Escrito por\" \/>\n\t<meta name=\"twitter:data1\" content=\"Salvem sa Badia\" \/>\n\t<meta name=\"twitter:label2\" content=\"Tiempo de lectura\" \/>\n\t<meta name=\"twitter:data2\" content=\"2 minutos\" \/>\n<script type=\"application\/ld+json\" class=\"yoast-schema-graph\">{\"@context\":\"https:\/\/schema.org\",\"@graph\":[{\"@type\":\"Article\",\"@id\":\"https:\/\/www.salvemsabadia.com\/el-ple-del-ajuntament-de-sant-josep-demana-al-govern-balear-la-eliminacio-dels-ferris-de-la-badia\/#article\",\"isPartOf\":{\"@id\":\"https:\/\/www.salvemsabadia.com\/el-ple-del-ajuntament-de-sant-josep-demana-al-govern-balear-la-eliminacio-dels-ferris-de-la-badia\/\"},\"author\":{\"name\":\"Salvem sa Badia\",\"@id\":\"https:\/\/www.salvemsabadia.com\/#\/schema\/person\/5d08c5118adcb4140d13bde4826ba122\"},\"headline\":\"El Pleno del Ayuntamiento de Sant Josep pide al Govern balear la eliminaci\u00f3n de los ferris de la bah\u00eda\",\"datePublished\":\"2020-11-26T14:18:52+00:00\",\"dateModified\":\"2022-08-15T08:07:23+00:00\",\"mainEntityOfPage\":{\"@id\":\"https:\/\/www.salvemsabadia.com\/el-ple-del-ajuntament-de-sant-josep-demana-al-govern-balear-la-eliminacio-dels-ferris-de-la-badia\/\"},\"wordCount\":500,\"commentCount\":0,\"publisher\":{\"@id\":\"https:\/\/www.salvemsabadia.com\/#organization\"},\"image\":{\"@id\":\"https:\/\/www.salvemsabadia.com\/el-ple-del-ajuntament-de-sant-josep-demana-al-govern-balear-la-eliminacio-dels-ferris-de-la-badia\/#primaryimage\"},\"thumbnailUrl\":\"https:\/\/www.salvemsabadia.com\/wp-content\/uploads\/2020\/11\/DSC02691.jpg\",\"articleSection\":[\"Destacado\",\"Puerto de Sant Antoni\"],\"inLanguage\":\"es\",\"potentialAction\":[{\"@type\":\"CommentAction\",\"name\":\"Comment\",\"target\":[\"https:\/\/www.salvemsabadia.com\/el-ple-del-ajuntament-de-sant-josep-demana-al-govern-balear-la-eliminacio-dels-ferris-de-la-badia\/#respond\"]}]},{\"@type\":\"WebPage\",\"@id\":\"https:\/\/www.salvemsabadia.com\/el-ple-del-ajuntament-de-sant-josep-demana-al-govern-balear-la-eliminacio-dels-ferris-de-la-badia\/\",\"url\":\"https:\/\/www.salvemsabadia.com\/el-ple-del-ajuntament-de-sant-josep-demana-al-govern-balear-la-eliminacio-dels-ferris-de-la-badia\/\",\"name\":\"El Pleno del Ayuntamiento de Sant Josep pide al Govern balear la eliminaci\u00f3n de los ferris de la bah\u00eda - Salvem Sa Badia de Portmany\",\"isPartOf\":{\"@id\":\"https:\/\/www.salvemsabadia.com\/#website\"},\"primaryImageOfPage\":{\"@id\":\"https:\/\/www.salvemsabadia.com\/el-ple-del-ajuntament-de-sant-josep-demana-al-govern-balear-la-eliminacio-dels-ferris-de-la-badia\/#primaryimage\"},\"image\":{\"@id\":\"https:\/\/www.salvemsabadia.com\/el-ple-del-ajuntament-de-sant-josep-demana-al-govern-balear-la-eliminacio-dels-ferris-de-la-badia\/#primaryimage\"},\"thumbnailUrl\":\"https:\/\/www.salvemsabadia.com\/wp-content\/uploads\/2020\/11\/DSC02691.jpg\",\"datePublished\":\"2020-11-26T14:18:52+00:00\",\"dateModified\":\"2022-08-15T08:07:23+00:00\",\"breadcrumb\":{\"@id\":\"https:\/\/www.salvemsabadia.com\/el-ple-del-ajuntament-de-sant-josep-demana-al-govern-balear-la-eliminacio-dels-ferris-de-la-badia\/#breadcrumb\"},\"inLanguage\":\"es\",\"potentialAction\":[{\"@type\":\"ReadAction\",\"target\":[\"https:\/\/www.salvemsabadia.com\/el-ple-del-ajuntament-de-sant-josep-demana-al-govern-balear-la-eliminacio-dels-ferris-de-la-badia\/\"]}]},{\"@type\":\"ImageObject\",\"inLanguage\":\"es\",\"@id\":\"https:\/\/www.salvemsabadia.com\/el-ple-del-ajuntament-de-sant-josep-demana-al-govern-balear-la-eliminacio-dels-ferris-de-la-badia\/#primaryimage\",\"url\":\"https:\/\/www.salvemsabadia.com\/wp-content\/uploads\/2020\/11\/DSC02691.jpg\",\"contentUrl\":\"https:\/\/www.salvemsabadia.com\/wp-content\/uploads\/2020\/11\/DSC02691.jpg\",\"width\":2000,\"height\":1333},{\"@type\":\"BreadcrumbList\",\"@id\":\"https:\/\/www.salvemsabadia.com\/el-ple-del-ajuntament-de-sant-josep-demana-al-govern-balear-la-eliminacio-dels-ferris-de-la-badia\/#breadcrumb\",\"itemListElement\":[{\"@type\":\"ListItem\",\"position\":1,\"name\":\"Portada\",\"item\":\"https:\/\/www.salvemsabadia.com\/es\/\"},{\"@type\":\"ListItem\",\"position\":2,\"name\":\"El Pleno del Ayuntamiento de Sant Josep pide al Govern balear la eliminaci\u00f3n de los ferris de la bah\u00eda\"}]},{\"@type\":\"WebSite\",\"@id\":\"https:\/\/www.salvemsabadia.com\/#website\",\"url\":\"https:\/\/www.salvemsabadia.com\/\",\"name\":\"Salvem Sa Badia de Portmany\",\"description\":\"\",\"publisher\":{\"@id\":\"https:\/\/www.salvemsabadia.com\/#organization\"},\"potentialAction\":[{\"@type\":\"SearchAction\",\"target\":{\"@type\":\"EntryPoint\",\"urlTemplate\":\"https:\/\/www.salvemsabadia.com\/?s={search_term_string}\"},\"query-input\":{\"@type\":\"PropertyValueSpecification\",\"valueRequired\":true,\"valueName\":\"search_term_string\"}}],\"inLanguage\":\"es\"},{\"@type\":\"Organization\",\"@id\":\"https:\/\/www.salvemsabadia.com\/#organization\",\"name\":\"Salvem Sa Badia de Portmany\",\"url\":\"https:\/\/www.salvemsabadia.com\/\",\"logo\":{\"@type\":\"ImageObject\",\"inLanguage\":\"es\",\"@id\":\"https:\/\/www.salvemsabadia.com\/#\/schema\/logo\/image\/\",\"url\":\"https:\/\/www.salvemsabadia.com\/wp-content\/uploads\/2020\/03\/logo.png\",\"contentUrl\":\"https:\/\/www.salvemsabadia.com\/wp-content\/uploads\/2020\/03\/logo.png\",\"width\":188,\"height\":151,\"caption\":\"Salvem Sa Badia de Portmany\"},\"image\":{\"@id\":\"https:\/\/www.salvemsabadia.com\/#\/schema\/logo\/image\/\"}},{\"@type\":\"Person\",\"@id\":\"https:\/\/www.salvemsabadia.com\/#\/schema\/person\/5d08c5118adcb4140d13bde4826ba122\",\"name\":\"Salvem sa Badia\",\"image\":{\"@type\":\"ImageObject\",\"inLanguage\":\"es\",\"@id\":\"https:\/\/www.salvemsabadia.com\/#\/schema\/person\/image\/\",\"url\":\"https:\/\/secure.gravatar.com\/avatar\/d569ee5739a9c7022470ea472c9b4b9cf476e15f1be71e5242c911d673d14ad9?s=96&d=mm&r=g\",\"contentUrl\":\"https:\/\/secure.gravatar.com\/avatar\/d569ee5739a9c7022470ea472c9b4b9cf476e15f1be71e5242c911d673d14ad9?s=96&d=mm&r=g\",\"caption\":\"Salvem sa Badia\"}}]}<\/script>\n<!-- \/ Yoast SEO plugin. -->","yoast_head_json":{"title":"El Pleno del Ayuntamiento de Sant Josep pide al Govern balear la eliminaci\u00f3n de los ferris de la bah\u00eda - Salvem Sa Badia de Portmany","robots":{"index":"index","follow":"follow","max-snippet":"max-snippet:-1","max-image-preview":"max-image-preview:large","max-video-preview":"max-video-preview:-1"},"canonical":"https:\/\/www.salvemsabadia.com\/el-ple-del-ajuntament-de-sant-josep-demana-al-govern-balear-la-eliminacio-dels-ferris-de-la-badia\/","og_locale":"es_ES","og_type":"article","og_title":"El Pleno del Ayuntamiento de Sant Josep pide al Govern balear la eliminaci\u00f3n de los ferris de la bah\u00eda - Salvem Sa Badia de Portmany","og_description":"El Pleno del Ayuntamiento de Sant Josep ha aprobado hoy solicitar al Govern balear la eliminaci\u00f3n de los ferris entre la pen\u00ednsula y la bah\u00eda de Portmany. La votaci\u00f3n de...","og_url":"https:\/\/www.salvemsabadia.com\/el-ple-del-ajuntament-de-sant-josep-demana-al-govern-balear-la-eliminacio-dels-ferris-de-la-badia\/","og_site_name":"Salvem Sa Badia de Portmany","article_published_time":"2020-11-26T14:18:52+00:00","article_modified_time":"2022-08-15T08:07:23+00:00","og_image":[{"width":1024,"height":682,"url":"https:\/\/www.salvemsabadia.com\/wp-content\/uploads\/2020\/11\/DSC02691-1024x682.jpg","type":"image\/jpeg"}],"author":"Salvem sa Badia","twitter_card":"summary_large_image","twitter_misc":{"Escrito por":"Salvem sa Badia","Tiempo de lectura":"2 minutos"},"schema":{"@context":"https:\/\/schema.org","@graph":[{"@type":"Article","@id":"https:\/\/www.salvemsabadia.com\/el-ple-del-ajuntament-de-sant-josep-demana-al-govern-balear-la-eliminacio-dels-ferris-de-la-badia\/#article","isPartOf":{"@id":"https:\/\/www.salvemsabadia.com\/el-ple-del-ajuntament-de-sant-josep-demana-al-govern-balear-la-eliminacio-dels-ferris-de-la-badia\/"},"author":{"name":"Salvem sa Badia","@id":"https:\/\/www.salvemsabadia.com\/#\/schema\/person\/5d08c5118adcb4140d13bde4826ba122"},"headline":"El Pleno del Ayuntamiento de Sant Josep pide al Govern balear la eliminaci\u00f3n de los ferris de la bah\u00eda","datePublished":"2020-11-26T14:18:52+00:00","dateModified":"2022-08-15T08:07:23+00:00","mainEntityOfPage":{"@id":"https:\/\/www.salvemsabadia.com\/el-ple-del-ajuntament-de-sant-josep-demana-al-govern-balear-la-eliminacio-dels-ferris-de-la-badia\/"},"wordCount":500,"commentCount":0,"publisher":{"@id":"https:\/\/www.salvemsabadia.com\/#organization"},"image":{"@id":"https:\/\/www.salvemsabadia.com\/el-ple-del-ajuntament-de-sant-josep-demana-al-govern-balear-la-eliminacio-dels-ferris-de-la-badia\/#primaryimage"},"thumbnailUrl":"https:\/\/www.salvemsabadia.com\/wp-content\/uploads\/2020\/11\/DSC02691.jpg","articleSection":["Destacado","Puerto de Sant Antoni"],"inLanguage":"es","potentialAction":[{"@type":"CommentAction","name":"Comment","target":["https:\/\/www.salvemsabadia.com\/el-ple-del-ajuntament-de-sant-josep-demana-al-govern-balear-la-eliminacio-dels-ferris-de-la-badia\/#respond"]}]},{"@type":"WebPage","@id":"https:\/\/www.salvemsabadia.com\/el-ple-del-ajuntament-de-sant-josep-demana-al-govern-balear-la-eliminacio-dels-ferris-de-la-badia\/","url":"https:\/\/www.salvemsabadia.com\/el-ple-del-ajuntament-de-sant-josep-demana-al-govern-balear-la-eliminacio-dels-ferris-de-la-badia\/","name":"El Pleno del Ayuntamiento de Sant Josep pide al Govern balear la eliminaci\u00f3n de los ferris de la bah\u00eda - Salvem Sa Badia de Portmany","isPartOf":{"@id":"https:\/\/www.salvemsabadia.com\/#website"},"primaryImageOfPage":{"@id":"https:\/\/www.salvemsabadia.com\/el-ple-del-ajuntament-de-sant-josep-demana-al-govern-balear-la-eliminacio-dels-ferris-de-la-badia\/#primaryimage"},"image":{"@id":"https:\/\/www.salvemsabadia.com\/el-ple-del-ajuntament-de-sant-josep-demana-al-govern-balear-la-eliminacio-dels-ferris-de-la-badia\/#primaryimage"},"thumbnailUrl":"https:\/\/www.salvemsabadia.com\/wp-content\/uploads\/2020\/11\/DSC02691.jpg","datePublished":"2020-11-26T14:18:52+00:00","dateModified":"2022-08-15T08:07:23+00:00","breadcrumb":{"@id":"https:\/\/www.salvemsabadia.com\/el-ple-del-ajuntament-de-sant-josep-demana-al-govern-balear-la-eliminacio-dels-ferris-de-la-badia\/#breadcrumb"},"inLanguage":"es","potentialAction":[{"@type":"ReadAction","target":["https:\/\/www.salvemsabadia.com\/el-ple-del-ajuntament-de-sant-josep-demana-al-govern-balear-la-eliminacio-dels-ferris-de-la-badia\/"]}]},{"@type":"ImageObject","inLanguage":"es","@id":"https:\/\/www.salvemsabadia.com\/el-ple-del-ajuntament-de-sant-josep-demana-al-govern-balear-la-eliminacio-dels-ferris-de-la-badia\/#primaryimage","url":"https:\/\/www.salvemsabadia.com\/wp-content\/uploads\/2020\/11\/DSC02691.jpg","contentUrl":"https:\/\/www.salvemsabadia.com\/wp-content\/uploads\/2020\/11\/DSC02691.jpg","width":2000,"height":1333},{"@type":"BreadcrumbList","@id":"https:\/\/www.salvemsabadia.com\/el-ple-del-ajuntament-de-sant-josep-demana-al-govern-balear-la-eliminacio-dels-ferris-de-la-badia\/#breadcrumb","itemListElement":[{"@type":"ListItem","position":1,"name":"Portada","item":"https:\/\/www.salvemsabadia.com\/es\/"},{"@type":"ListItem","position":2,"name":"El Pleno del Ayuntamiento de Sant Josep pide al Govern balear la eliminaci\u00f3n de los ferris de la bah\u00eda"}]},{"@type":"WebSite","@id":"https:\/\/www.salvemsabadia.com\/#website","url":"https:\/\/www.salvemsabadia.com\/","name":"Salvem Sa Badia de Portmany","description":"","publisher":{"@id":"https:\/\/www.salvemsabadia.com\/#organization"},"potentialAction":[{"@type":"SearchAction","target":{"@type":"EntryPoint","urlTemplate":"https:\/\/www.salvemsabadia.com\/?s={search_term_string}"},"query-input":{"@type":"PropertyValueSpecification","valueRequired":true,"valueName":"search_term_string"}}],"inLanguage":"es"},{"@type":"Organization","@id":"https:\/\/www.salvemsabadia.com\/#organization","name":"Salvem Sa Badia de Portmany","url":"https:\/\/www.salvemsabadia.com\/","logo":{"@type":"ImageObject","inLanguage":"es","@id":"https:\/\/www.salvemsabadia.com\/#\/schema\/logo\/image\/","url":"https:\/\/www.salvemsabadia.com\/wp-content\/uploads\/2020\/03\/logo.png","contentUrl":"https:\/\/www.salvemsabadia.com\/wp-content\/uploads\/2020\/03\/logo.png","width":188,"height":151,"caption":"Salvem Sa Badia de Portmany"},"image":{"@id":"https:\/\/www.salvemsabadia.com\/#\/schema\/logo\/image\/"}},{"@type":"Person","@id":"https:\/\/www.salvemsabadia.com\/#\/schema\/person\/5d08c5118adcb4140d13bde4826ba122","name":"Salvem sa Badia","image":{"@type":"ImageObject","inLanguage":"es","@id":"https:\/\/www.salvemsabadia.com\/#\/schema\/person\/image\/","url":"https:\/\/secure.gravatar.com\/avatar\/d569ee5739a9c7022470ea472c9b4b9cf476e15f1be71e5242c911d673d14ad9?s=96&d=mm&r=g","contentUrl":"https:\/\/secure.gravatar.com\/avatar\/d569ee5739a9c7022470ea472c9b4b9cf476e15f1be71e5242c911d673d14ad9?s=96&d=mm&r=g","caption":"Salvem sa Badia"}}]}},"_links":{"self":[{"href":"https:\/\/www.salvemsabadia.com\/es\/wp-json\/wp\/v2\/posts\/1177","targetHints":{"allow":["GET"]}}],"collection":[{"href":"https:\/\/www.salvemsabadia.com\/es\/wp-json\/wp\/v2\/posts"}],"about":[{"href":"https:\/\/www.salvemsabadia.com\/es\/wp-json\/wp\/v2\/types\/post"}],"author":[{"embeddable":true,"href":"https:\/\/www.salvemsabadia.com\/es\/wp-json\/wp\/v2\/users\/2"}],"replies":[{"embeddable":true,"href":"https:\/\/www.salvemsabadia.com\/es\/wp-json\/wp\/v2\/comments?post=1177"}],"version-history":[{"count":0,"href":"https:\/\/www.salvemsabadia.com\/es\/wp-json\/wp\/v2\/posts\/1177\/revisions"}],"wp:featuredmedia":[{"embeddable":true,"href":"https:\/\/www.salvemsabadia.com\/es\/wp-json\/wp\/v2\/media\/1178"}],"wp:attachment":[{"href":"https:\/\/www.salvemsabadia.com\/es\/wp-json\/wp\/v2\/media?parent=1177"}],"wp:term":[{"taxonomy":"category","embeddable":true,"href":"https:\/\/www.salvemsabadia.com\/es\/wp-json\/wp\/v2\/categories?post=1177"},{"taxonomy":"post_tag","embeddable":true,"href":"https:\/\/www.salvemsabadia.com\/es\/wp-json\/wp\/v2\/tags?post=1177"}],"curies":[{"name":"wp","href":"https:\/\/api.w.org\/{rel}","templated":true}]}}