{"id":1266,"date":"2020-12-16T09:04:52","date_gmt":"2020-12-16T08:04:52","guid":{"rendered":"https:\/\/www.salvemsabadia.com\/?p=1266"},"modified":"2022-08-15T10:09:55","modified_gmt":"2022-08-15T08:09:55","slug":"el-puerto-de-sant-antoni-seguira-cerrado-a-los-ferris-al-menos-hasta-el-28-de-febrero-de-2021","status":"publish","type":"post","link":"https:\/\/www.salvemsabadia.com\/es\/el-puerto-de-sant-antoni-seguira-cerrado-a-los-ferris-al-menos-hasta-el-28-de-febrero-de-2021\/","title":{"rendered":"El puerto de Sant Antoni seguir\u00e1 cerrado a los ferris al menos hasta el 28 de febrero de 2021"},"content":{"rendered":"<p><img loading=\"lazy\" decoding=\"async\" class=\"alignnone wp-image-1267 size-full\" src=\"https:\/\/www.salvemsabadia.com\/wp-content\/uploads\/2020\/12\/IMG_6785rec.jpg\" alt=\"\" width=\"2000\" height=\"1500\" srcset=\"https:\/\/www.salvemsabadia.com\/wp-content\/uploads\/2020\/12\/IMG_6785rec.jpg 2000w, https:\/\/www.salvemsabadia.com\/wp-content\/uploads\/2020\/12\/IMG_6785rec-300x225.jpg 300w, https:\/\/www.salvemsabadia.com\/wp-content\/uploads\/2020\/12\/IMG_6785rec-1024x768.jpg 1024w, https:\/\/www.salvemsabadia.com\/wp-content\/uploads\/2020\/12\/IMG_6785rec-768x576.jpg 768w, https:\/\/www.salvemsabadia.com\/wp-content\/uploads\/2020\/12\/IMG_6785rec-1536x1152.jpg 1536w\" sizes=\"auto, (max-width: 2000px) 100vw, 2000px\" \/><\/p>\n<p>El Govern balear inform\u00f3 ayer a Salvem Sa Badia que el consejo de administraci\u00f3n de Ports IB va a aprobar una pr\u00f3rroga de dos meses para la moratoria de tr\u00e1fico de ferris con mercanc\u00edas en el puerto de Sant Antoni. El plazo de la actual venc\u00eda el 31 de este mes de diciembre y de esta forma Sant Antoni seguir\u00e1 siendo un puerto sin embarcaciones comerciales al menos hasta el 28 de febrero de 2021.<\/p>\n<p>Cabe recordar que esta ampliaci\u00f3n del cierre del muelle para grandes barcos fue solicitada por los grupos del Ayuntamiento de Sant Antoni PSOE-Reinicia, Unidas Podemos y Proposta per Eivissa, que sin embargo reclamaban que dicha moratoria se prolongara hasta la aprobaci\u00f3n del Plan General de Puertos de Balears, que tambi\u00e9n debe definir los usos del de Sant Antoni. Las tres formaciones, asimismo, son partidarias de que no vuelvan los ferris a la bah\u00eda de Portmany de forma definitiva.<\/p>\n<p>El alcalde de Sant Josep, asimismo, se mostr\u00f3 tambi\u00e9n a favor de ampliar la moratoria hasta alcanzar un acuerdo que impida la llegada de ferris a Sant Antoni. Tambi\u00e9n el alcalde de Sant Antoni solicit\u00f3 la ampliaci\u00f3n de este plazo, con el objetivo de encontrar una soluci\u00f3n consensuada.<\/p>\n","protected":false},"excerpt":{"rendered":"<p>El Govern balear inform\u00f3 ayer a Salvem Sa Badia que el consejo de administraci\u00f3n de Ports IB va a aprobar una pr\u00f3rroga de dos meses para la moratoria de tr\u00e1fico&#8230;<\/p>\n","protected":false},"author":2,"featured_media":1267,"comment_status":"open","ping_status":"open","sticky":false,"template":"","format":"standard","meta":{"give_campaign_id":0,"footnotes":""},"categories":[106,214],"tags":[],"class_list":{"0":"post-1266","1":"post","2":"type-post","3":"status-publish","4":"format-standard","5":"has-post-thumbnail","7":"category-destacado","8":"category-puerto-de-sant-antoni"},"yoast_head":"<!-- This site is optimized with the Yoast SEO plugin v26.8 - https:\/\/yoast.com\/product\/yoast-seo-wordpress\/ -->\n<title>El puerto de Sant Antoni seguir\u00e1 cerrado a los ferris al menos hasta el 28 de febrero de 2021 - Salvem Sa Badia de Portmany<\/title>\n<meta name=\"robots\" content=\"index, follow, max-snippet:-1, max-image-preview:large, max-video-preview:-1\" \/>\n<link rel=\"canonical\" href=\"https:\/\/www.salvemsabadia.com\/el-port-de-sant-antoni-continuara-tancat-als-ferris-almenys-fins-al-28-de-febrer-de-2021\/\" \/>\n<meta property=\"og:locale\" content=\"es_ES\" \/>\n<meta property=\"og:type\" content=\"article\" \/>\n<meta property=\"og:title\" content=\"El puerto de Sant Antoni seguir\u00e1 cerrado a los ferris al menos hasta el 28 de febrero de 2021 - Salvem Sa Badia de Portmany\" \/>\n<meta property=\"og:description\" content=\"El Govern balear inform\u00f3 ayer a Salvem Sa Badia que el consejo de administraci\u00f3n de Ports IB va a aprobar una pr\u00f3rroga de dos meses para la moratoria de tr\u00e1fico...\" \/>\n<meta property=\"og:url\" content=\"https:\/\/www.salvemsabadia.com\/el-port-de-sant-antoni-continuara-tancat-als-ferris-almenys-fins-al-28-de-febrer-de-2021\/\" \/>\n<meta property=\"og:site_name\" content=\"Salvem Sa Badia de Portmany\" \/>\n<meta property=\"article:published_time\" content=\"2020-12-16T08:04:52+00:00\" \/>\n<meta property=\"article:modified_time\" content=\"2022-08-15T08:09:55+00:00\" \/>\n<meta property=\"og:image\" content=\"https:\/\/www.salvemsabadia.com\/wp-content\/uploads\/2020\/12\/IMG_6785rec.jpg\" \/>\n\t<meta property=\"og:image:width\" content=\"2000\" \/>\n\t<meta property=\"og:image:height\" content=\"1500\" \/>\n\t<meta property=\"og:image:type\" content=\"image\/jpeg\" \/>\n<meta name=\"author\" content=\"Salvem sa Badia\" \/>\n<meta name=\"twitter:card\" content=\"summary_large_image\" \/>\n<meta name=\"twitter:label1\" content=\"Escrito por\" \/>\n\t<meta name=\"twitter:data1\" content=\"Salvem sa Badia\" \/>\n\t<meta name=\"twitter:label2\" content=\"Tiempo de lectura\" \/>\n\t<meta name=\"twitter:data2\" content=\"1 minuto\" \/>\n<script type=\"application\/ld+json\" class=\"yoast-schema-graph\">{\"@context\":\"https:\/\/schema.org\",\"@graph\":[{\"@type\":\"Article\",\"@id\":\"https:\/\/www.salvemsabadia.com\/el-port-de-sant-antoni-continuara-tancat-als-ferris-almenys-fins-al-28-de-febrer-de-2021\/#article\",\"isPartOf\":{\"@id\":\"https:\/\/www.salvemsabadia.com\/el-port-de-sant-antoni-continuara-tancat-als-ferris-almenys-fins-al-28-de-febrer-de-2021\/\"},\"author\":{\"name\":\"Salvem sa Badia\",\"@id\":\"https:\/\/www.salvemsabadia.com\/#\/schema\/person\/5d08c5118adcb4140d13bde4826ba122\"},\"headline\":\"El puerto de Sant Antoni seguir\u00e1 cerrado a los ferris al menos hasta el 28 de febrero de 2021\",\"datePublished\":\"2020-12-16T08:04:52+00:00\",\"dateModified\":\"2022-08-15T08:09:55+00:00\",\"mainEntityOfPage\":{\"@id\":\"https:\/\/www.salvemsabadia.com\/el-port-de-sant-antoni-continuara-tancat-als-ferris-almenys-fins-al-28-de-febrer-de-2021\/\"},\"wordCount\":228,\"commentCount\":0,\"publisher\":{\"@id\":\"https:\/\/www.salvemsabadia.com\/#organization\"},\"image\":{\"@id\":\"https:\/\/www.salvemsabadia.com\/el-port-de-sant-antoni-continuara-tancat-als-ferris-almenys-fins-al-28-de-febrer-de-2021\/#primaryimage\"},\"thumbnailUrl\":\"https:\/\/www.salvemsabadia.com\/wp-content\/uploads\/2020\/12\/IMG_6785rec.jpg\",\"articleSection\":[\"Destacado\",\"Puerto de Sant Antoni\"],\"inLanguage\":\"es\",\"potentialAction\":[{\"@type\":\"CommentAction\",\"name\":\"Comment\",\"target\":[\"https:\/\/www.salvemsabadia.com\/el-port-de-sant-antoni-continuara-tancat-als-ferris-almenys-fins-al-28-de-febrer-de-2021\/#respond\"]}]},{\"@type\":\"WebPage\",\"@id\":\"https:\/\/www.salvemsabadia.com\/el-port-de-sant-antoni-continuara-tancat-als-ferris-almenys-fins-al-28-de-febrer-de-2021\/\",\"url\":\"https:\/\/www.salvemsabadia.com\/el-port-de-sant-antoni-continuara-tancat-als-ferris-almenys-fins-al-28-de-febrer-de-2021\/\",\"name\":\"El puerto de Sant Antoni seguir\u00e1 cerrado a los ferris al menos hasta el 28 de febrero de 2021 - Salvem Sa Badia de Portmany\",\"isPartOf\":{\"@id\":\"https:\/\/www.salvemsabadia.com\/#website\"},\"primaryImageOfPage\":{\"@id\":\"https:\/\/www.salvemsabadia.com\/el-port-de-sant-antoni-continuara-tancat-als-ferris-almenys-fins-al-28-de-febrer-de-2021\/#primaryimage\"},\"image\":{\"@id\":\"https:\/\/www.salvemsabadia.com\/el-port-de-sant-antoni-continuara-tancat-als-ferris-almenys-fins-al-28-de-febrer-de-2021\/#primaryimage\"},\"thumbnailUrl\":\"https:\/\/www.salvemsabadia.com\/wp-content\/uploads\/2020\/12\/IMG_6785rec.jpg\",\"datePublished\":\"2020-12-16T08:04:52+00:00\",\"dateModified\":\"2022-08-15T08:09:55+00:00\",\"breadcrumb\":{\"@id\":\"https:\/\/www.salvemsabadia.com\/el-port-de-sant-antoni-continuara-tancat-als-ferris-almenys-fins-al-28-de-febrer-de-2021\/#breadcrumb\"},\"inLanguage\":\"es\",\"potentialAction\":[{\"@type\":\"ReadAction\",\"target\":[\"https:\/\/www.salvemsabadia.com\/el-port-de-sant-antoni-continuara-tancat-als-ferris-almenys-fins-al-28-de-febrer-de-2021\/\"]}]},{\"@type\":\"ImageObject\",\"inLanguage\":\"es\",\"@id\":\"https:\/\/www.salvemsabadia.com\/el-port-de-sant-antoni-continuara-tancat-als-ferris-almenys-fins-al-28-de-febrer-de-2021\/#primaryimage\",\"url\":\"https:\/\/www.salvemsabadia.com\/wp-content\/uploads\/2020\/12\/IMG_6785rec.jpg\",\"contentUrl\":\"https:\/\/www.salvemsabadia.com\/wp-content\/uploads\/2020\/12\/IMG_6785rec.jpg\",\"width\":2000,\"height\":1500},{\"@type\":\"BreadcrumbList\",\"@id\":\"https:\/\/www.salvemsabadia.com\/el-port-de-sant-antoni-continuara-tancat-als-ferris-almenys-fins-al-28-de-febrer-de-2021\/#breadcrumb\",\"itemListElement\":[{\"@type\":\"ListItem\",\"position\":1,\"name\":\"Portada\",\"item\":\"https:\/\/www.salvemsabadia.com\/es\/\"},{\"@type\":\"ListItem\",\"position\":2,\"name\":\"El puerto de Sant Antoni seguir\u00e1 cerrado a los ferris al menos hasta el 28 de febrero de 2021\"}]},{\"@type\":\"WebSite\",\"@id\":\"https:\/\/www.salvemsabadia.com\/#website\",\"url\":\"https:\/\/www.salvemsabadia.com\/\",\"name\":\"Salvem Sa Badia de Portmany\",\"description\":\"\",\"publisher\":{\"@id\":\"https:\/\/www.salvemsabadia.com\/#organization\"},\"potentialAction\":[{\"@type\":\"SearchAction\",\"target\":{\"@type\":\"EntryPoint\",\"urlTemplate\":\"https:\/\/www.salvemsabadia.com\/?s={search_term_string}\"},\"query-input\":{\"@type\":\"PropertyValueSpecification\",\"valueRequired\":true,\"valueName\":\"search_term_string\"}}],\"inLanguage\":\"es\"},{\"@type\":\"Organization\",\"@id\":\"https:\/\/www.salvemsabadia.com\/#organization\",\"name\":\"Salvem Sa Badia de Portmany\",\"url\":\"https:\/\/www.salvemsabadia.com\/\",\"logo\":{\"@type\":\"ImageObject\",\"inLanguage\":\"es\",\"@id\":\"https:\/\/www.salvemsabadia.com\/#\/schema\/logo\/image\/\",\"url\":\"https:\/\/www.salvemsabadia.com\/wp-content\/uploads\/2020\/03\/logo.png\",\"contentUrl\":\"https:\/\/www.salvemsabadia.com\/wp-content\/uploads\/2020\/03\/logo.png\",\"width\":188,\"height\":151,\"caption\":\"Salvem Sa Badia de Portmany\"},\"image\":{\"@id\":\"https:\/\/www.salvemsabadia.com\/#\/schema\/logo\/image\/\"}},{\"@type\":\"Person\",\"@id\":\"https:\/\/www.salvemsabadia.com\/#\/schema\/person\/5d08c5118adcb4140d13bde4826ba122\",\"name\":\"Salvem sa Badia\",\"image\":{\"@type\":\"ImageObject\",\"inLanguage\":\"es\",\"@id\":\"https:\/\/www.salvemsabadia.com\/#\/schema\/person\/image\/\",\"url\":\"https:\/\/secure.gravatar.com\/avatar\/d569ee5739a9c7022470ea472c9b4b9cf476e15f1be71e5242c911d673d14ad9?s=96&d=mm&r=g\",\"contentUrl\":\"https:\/\/secure.gravatar.com\/avatar\/d569ee5739a9c7022470ea472c9b4b9cf476e15f1be71e5242c911d673d14ad9?s=96&d=mm&r=g\",\"caption\":\"Salvem sa Badia\"}}]}<\/script>\n<!-- \/ Yoast SEO plugin. -->","yoast_head_json":{"title":"El puerto de Sant Antoni seguir\u00e1 cerrado a los ferris al menos hasta el 28 de febrero de 2021 - Salvem Sa Badia de Portmany","robots":{"index":"index","follow":"follow","max-snippet":"max-snippet:-1","max-image-preview":"max-image-preview:large","max-video-preview":"max-video-preview:-1"},"canonical":"https:\/\/www.salvemsabadia.com\/el-port-de-sant-antoni-continuara-tancat-als-ferris-almenys-fins-al-28-de-febrer-de-2021\/","og_locale":"es_ES","og_type":"article","og_title":"El puerto de Sant Antoni seguir\u00e1 cerrado a los ferris al menos hasta el 28 de febrero de 2021 - Salvem Sa Badia de Portmany","og_description":"El Govern balear inform\u00f3 ayer a Salvem Sa Badia que el consejo de administraci\u00f3n de Ports IB va a aprobar una pr\u00f3rroga de dos meses para la moratoria de tr\u00e1fico...","og_url":"https:\/\/www.salvemsabadia.com\/el-port-de-sant-antoni-continuara-tancat-als-ferris-almenys-fins-al-28-de-febrer-de-2021\/","og_site_name":"Salvem Sa Badia de Portmany","article_published_time":"2020-12-16T08:04:52+00:00","article_modified_time":"2022-08-15T08:09:55+00:00","og_image":[{"width":2000,"height":1500,"url":"https:\/\/www.salvemsabadia.com\/wp-content\/uploads\/2020\/12\/IMG_6785rec.jpg","type":"image\/jpeg"}],"author":"Salvem sa Badia","twitter_card":"summary_large_image","twitter_misc":{"Escrito por":"Salvem sa Badia","Tiempo de lectura":"1 minuto"},"schema":{"@context":"https:\/\/schema.org","@graph":[{"@type":"Article","@id":"https:\/\/www.salvemsabadia.com\/el-port-de-sant-antoni-continuara-tancat-als-ferris-almenys-fins-al-28-de-febrer-de-2021\/#article","isPartOf":{"@id":"https:\/\/www.salvemsabadia.com\/el-port-de-sant-antoni-continuara-tancat-als-ferris-almenys-fins-al-28-de-febrer-de-2021\/"},"author":{"name":"Salvem sa Badia","@id":"https:\/\/www.salvemsabadia.com\/#\/schema\/person\/5d08c5118adcb4140d13bde4826ba122"},"headline":"El puerto de Sant Antoni seguir\u00e1 cerrado a los ferris al menos hasta el 28 de febrero de 2021","datePublished":"2020-12-16T08:04:52+00:00","dateModified":"2022-08-15T08:09:55+00:00","mainEntityOfPage":{"@id":"https:\/\/www.salvemsabadia.com\/el-port-de-sant-antoni-continuara-tancat-als-ferris-almenys-fins-al-28-de-febrer-de-2021\/"},"wordCount":228,"commentCount":0,"publisher":{"@id":"https:\/\/www.salvemsabadia.com\/#organization"},"image":{"@id":"https:\/\/www.salvemsabadia.com\/el-port-de-sant-antoni-continuara-tancat-als-ferris-almenys-fins-al-28-de-febrer-de-2021\/#primaryimage"},"thumbnailUrl":"https:\/\/www.salvemsabadia.com\/wp-content\/uploads\/2020\/12\/IMG_6785rec.jpg","articleSection":["Destacado","Puerto de Sant Antoni"],"inLanguage":"es","potentialAction":[{"@type":"CommentAction","name":"Comment","target":["https:\/\/www.salvemsabadia.com\/el-port-de-sant-antoni-continuara-tancat-als-ferris-almenys-fins-al-28-de-febrer-de-2021\/#respond"]}]},{"@type":"WebPage","@id":"https:\/\/www.salvemsabadia.com\/el-port-de-sant-antoni-continuara-tancat-als-ferris-almenys-fins-al-28-de-febrer-de-2021\/","url":"https:\/\/www.salvemsabadia.com\/el-port-de-sant-antoni-continuara-tancat-als-ferris-almenys-fins-al-28-de-febrer-de-2021\/","name":"El puerto de Sant Antoni seguir\u00e1 cerrado a los ferris al menos hasta el 28 de febrero de 2021 - Salvem Sa Badia de Portmany","isPartOf":{"@id":"https:\/\/www.salvemsabadia.com\/#website"},"primaryImageOfPage":{"@id":"https:\/\/www.salvemsabadia.com\/el-port-de-sant-antoni-continuara-tancat-als-ferris-almenys-fins-al-28-de-febrer-de-2021\/#primaryimage"},"image":{"@id":"https:\/\/www.salvemsabadia.com\/el-port-de-sant-antoni-continuara-tancat-als-ferris-almenys-fins-al-28-de-febrer-de-2021\/#primaryimage"},"thumbnailUrl":"https:\/\/www.salvemsabadia.com\/wp-content\/uploads\/2020\/12\/IMG_6785rec.jpg","datePublished":"2020-12-16T08:04:52+00:00","dateModified":"2022-08-15T08:09:55+00:00","breadcrumb":{"@id":"https:\/\/www.salvemsabadia.com\/el-port-de-sant-antoni-continuara-tancat-als-ferris-almenys-fins-al-28-de-febrer-de-2021\/#breadcrumb"},"inLanguage":"es","potentialAction":[{"@type":"ReadAction","target":["https:\/\/www.salvemsabadia.com\/el-port-de-sant-antoni-continuara-tancat-als-ferris-almenys-fins-al-28-de-febrer-de-2021\/"]}]},{"@type":"ImageObject","inLanguage":"es","@id":"https:\/\/www.salvemsabadia.com\/el-port-de-sant-antoni-continuara-tancat-als-ferris-almenys-fins-al-28-de-febrer-de-2021\/#primaryimage","url":"https:\/\/www.salvemsabadia.com\/wp-content\/uploads\/2020\/12\/IMG_6785rec.jpg","contentUrl":"https:\/\/www.salvemsabadia.com\/wp-content\/uploads\/2020\/12\/IMG_6785rec.jpg","width":2000,"height":1500},{"@type":"BreadcrumbList","@id":"https:\/\/www.salvemsabadia.com\/el-port-de-sant-antoni-continuara-tancat-als-ferris-almenys-fins-al-28-de-febrer-de-2021\/#breadcrumb","itemListElement":[{"@type":"ListItem","position":1,"name":"Portada","item":"https:\/\/www.salvemsabadia.com\/es\/"},{"@type":"ListItem","position":2,"name":"El puerto de Sant Antoni seguir\u00e1 cerrado a los ferris al menos hasta el 28 de febrero de 2021"}]},{"@type":"WebSite","@id":"https:\/\/www.salvemsabadia.com\/#website","url":"https:\/\/www.salvemsabadia.com\/","name":"Salvem Sa Badia de Portmany","description":"","publisher":{"@id":"https:\/\/www.salvemsabadia.com\/#organization"},"potentialAction":[{"@type":"SearchAction","target":{"@type":"EntryPoint","urlTemplate":"https:\/\/www.salvemsabadia.com\/?s={search_term_string}"},"query-input":{"@type":"PropertyValueSpecification","valueRequired":true,"valueName":"search_term_string"}}],"inLanguage":"es"},{"@type":"Organization","@id":"https:\/\/www.salvemsabadia.com\/#organization","name":"Salvem Sa Badia de Portmany","url":"https:\/\/www.salvemsabadia.com\/","logo":{"@type":"ImageObject","inLanguage":"es","@id":"https:\/\/www.salvemsabadia.com\/#\/schema\/logo\/image\/","url":"https:\/\/www.salvemsabadia.com\/wp-content\/uploads\/2020\/03\/logo.png","contentUrl":"https:\/\/www.salvemsabadia.com\/wp-content\/uploads\/2020\/03\/logo.png","width":188,"height":151,"caption":"Salvem Sa Badia de Portmany"},"image":{"@id":"https:\/\/www.salvemsabadia.com\/#\/schema\/logo\/image\/"}},{"@type":"Person","@id":"https:\/\/www.salvemsabadia.com\/#\/schema\/person\/5d08c5118adcb4140d13bde4826ba122","name":"Salvem sa Badia","image":{"@type":"ImageObject","inLanguage":"es","@id":"https:\/\/www.salvemsabadia.com\/#\/schema\/person\/image\/","url":"https:\/\/secure.gravatar.com\/avatar\/d569ee5739a9c7022470ea472c9b4b9cf476e15f1be71e5242c911d673d14ad9?s=96&d=mm&r=g","contentUrl":"https:\/\/secure.gravatar.com\/avatar\/d569ee5739a9c7022470ea472c9b4b9cf476e15f1be71e5242c911d673d14ad9?s=96&d=mm&r=g","caption":"Salvem sa Badia"}}]}},"_links":{"self":[{"href":"https:\/\/www.salvemsabadia.com\/es\/wp-json\/wp\/v2\/posts\/1266","targetHints":{"allow":["GET"]}}],"collection":[{"href":"https:\/\/www.salvemsabadia.com\/es\/wp-json\/wp\/v2\/posts"}],"about":[{"href":"https:\/\/www.salvemsabadia.com\/es\/wp-json\/wp\/v2\/types\/post"}],"author":[{"embeddable":true,"href":"https:\/\/www.salvemsabadia.com\/es\/wp-json\/wp\/v2\/users\/2"}],"replies":[{"embeddable":true,"href":"https:\/\/www.salvemsabadia.com\/es\/wp-json\/wp\/v2\/comments?post=1266"}],"version-history":[{"count":0,"href":"https:\/\/www.salvemsabadia.com\/es\/wp-json\/wp\/v2\/posts\/1266\/revisions"}],"wp:featuredmedia":[{"embeddable":true,"href":"https:\/\/www.salvemsabadia.com\/es\/wp-json\/wp\/v2\/media\/1267"}],"wp:attachment":[{"href":"https:\/\/www.salvemsabadia.com\/es\/wp-json\/wp\/v2\/media?parent=1266"}],"wp:term":[{"taxonomy":"category","embeddable":true,"href":"https:\/\/www.salvemsabadia.com\/es\/wp-json\/wp\/v2\/categories?post=1266"},{"taxonomy":"post_tag","embeddable":true,"href":"https:\/\/www.salvemsabadia.com\/es\/wp-json\/wp\/v2\/tags?post=1266"}],"curies":[{"name":"wp","href":"https:\/\/api.w.org\/{rel}","templated":true}]}}