{"id":1276,"date":"2020-12-20T09:34:01","date_gmt":"2020-12-20T08:34:01","guid":{"rendered":"https:\/\/www.salvemsabadia.com\/?p=1276"},"modified":"2022-08-15T10:10:24","modified_gmt":"2022-08-15T08:10:24","slug":"la-bahia-de-portmany-agoniza-con-la-perdida-del-50-de-su-vegetacion-en-solo-veinte-anos","status":"publish","type":"post","link":"https:\/\/www.salvemsabadia.com\/es\/la-bahia-de-portmany-agoniza-con-la-perdida-del-50-de-su-vegetacion-en-solo-veinte-anos\/","title":{"rendered":"La bah\u00eda de Portmany agoniza, con la p\u00e9rdida del 50% de su vegetaci\u00f3n en solo veinte a\u00f1os"},"content":{"rendered":"<div id=\"attachment_1281\" style=\"width: 2570px\" class=\"wp-caption alignnone\"><img loading=\"lazy\" decoding=\"async\" aria-describedby=\"caption-attachment-1281\" class=\"wp-image-1281 size-full\" src=\"https:\/\/www.salvemsabadia.com\/wp-content\/uploads\/2020\/12\/0003-scaled.jpg\" alt=\"\" width=\"2560\" height=\"1440\" srcset=\"https:\/\/www.salvemsabadia.com\/wp-content\/uploads\/2020\/12\/0003-scaled.jpg 2560w, https:\/\/www.salvemsabadia.com\/wp-content\/uploads\/2020\/12\/0003-300x169.jpg 300w, https:\/\/www.salvemsabadia.com\/wp-content\/uploads\/2020\/12\/0003-1024x576.jpg 1024w, https:\/\/www.salvemsabadia.com\/wp-content\/uploads\/2020\/12\/0003-768x432.jpg 768w, https:\/\/www.salvemsabadia.com\/wp-content\/uploads\/2020\/12\/0003-1536x864.jpg 1536w, https:\/\/www.salvemsabadia.com\/wp-content\/uploads\/2020\/12\/0003-2048x1152.jpg 2048w\" sizes=\"auto, (max-width: 2560px) 100vw, 2560px\" \/><p id=\"caption-attachment-1281\" class=\"wp-caption-text\">Matas de posidonia enterradas o sepultadas por movimiento de sedimentos en la bah\u00eda de Portmany<\/p><\/div>\n<p>La vida vegetal de la bah\u00eda de Portmany se encuentra en una situaci\u00f3n agonizante, que a medio plazo va a conllevar un preocupante empeoramiento en la calidad del agua, seg\u00fan se deduce de un estudio encargado por Salvem sa Badia de Portmany a una consultora ambiental independiente. Dicho informe, que se est\u00e1 ultimando y ser\u00e1 presentado pr\u00f3ximamente, revela adem\u00e1s que la bah\u00eda ha perdido el 50% de su vegetaci\u00f3n bent\u00f3nica y que, si no se toman medidas dr\u00e1sticas, en los pr\u00f3ximos veinte a\u00f1os \u00e9sta puede ser inexistente. Sus conclusiones reflejan una situaci\u00f3n actual mucho m\u00e1s grave de la estimada incluso en las previsiones m\u00e1s pesimistas, que podr\u00eda derivar en un estado similar al del puerto de Ibiza, donde ya no existe flora sino \u00fanicamente fangos y lodos.<\/p>\n<p>La planta m\u00e1s afectada por este proceso de degradaci\u00f3n ambiental es la Posidonia oce\u00e1nica, que ha quedado enterrada por lodos o directamente a muerto en el canal central y sobre todo en la zona de atraque de los ferris. All\u00ed se ha podido comprobar la existencia de surcos en el fondo y ra\u00edces de Posidonia al descubierto. Para ello, no solo se ha determinado con precisi\u00f3n la vegetaci\u00f3n que existe en cada espacio de la bah\u00eda, sino que adem\u00e1s se ha comparado con el mapa de Posidonia oficial del Govern balear, que puede consultarse a trav\u00e9s del visor del IDEIB (Infraestructura de Dades Espacials de les Illes Balears).<\/p>\n<p>El informe, que ha implicado la realizaci\u00f3n de gran cantidad de fotograf\u00edas y v\u00eddeos del fondo marino, revela tambi\u00e9n que la principal causa de este grave deterioro es la actividad de los ferris, por la suspensi\u00f3n de lodos que provocan las maniobras de atraque, seg\u00fan concluyen el bi\u00f3logo y el licenciado en Ciencias del Mar que han intervenido en su desarrollo. El movimiento de estas grandes embarcaciones genera un preocupante proceso que se retroalimenta, ya que los campos de sedimentos de la zona de atraque cada vez se extienden m\u00e1s por la p\u00e9rdida de vegetaci\u00f3n y este efecto nocivo genera que la suspensi\u00f3n de estos lodos afecte de manera progresiva a zonas cada vez m\u00e1s alejadas de la bah\u00eda.<\/p>\n<p>El estudio tambi\u00e9n incide en otras causas graves de deterioro vegetal, con especial incidencia en los fondeos ilegales, que rasgan la Posidonia con muertos, cadenas y anclas, y los vertidos de aguas sucias, que tambi\u00e9n afectan a esta planta.<\/p>\n<p><strong>Estudio de Ports IB<\/strong><\/p>\n<p>Estas conclusiones tan preocupantes resultan absolutamente contradictorias con el estudio que present\u00f3 Ports IB el pasado octubre, titulado \u201cInforme de evaluaci\u00f3n del tr\u00e1fico comercial del puerto de Sant Antoni de Portmany\u201d y que fue encargado a una empresa del norte de Espa\u00f1a integrada por un nutrido grupo de ingenieros, con el objetivo de justificar la reapertura del puerto de Sant Antoni a los grandes buques.<\/p>\n<p>De la lectura exclusiva de dicho documento, pr\u00e1cticamente podr\u00eda deducirse que si los ferris vuelen a Sant Antoni, muy probablemente la Posidonia volver\u00e1 a renacer por su sola presencia y que la causa del deterioro actual es exclusivamente responsabilidad de la n\u00e1utica recreativa. Desde Salvem Sa Badia consideramos que se trata de un estudio realizado desde un despacho, sin que ninguno de sus autores haya visitado el puerto.<\/p>\n<p>Ello pese a la ingente cantidad de recursos que ha destinado Ports IB a la realizaci\u00f3n de este estudio que, aunque fue finalizado en el mes de abril de 2020, el Govern se esper\u00f3 a hacerlo p\u00fablico hasta la semana antes del pleno de octubre del Ayuntamiento de Sant Antoni, en el que se debat\u00eda la cuesti\u00f3n de los ferris.<\/p>\n<p>Uno de los aspectos m\u00e1s importantes para Salvem sa Badia es la afectaci\u00f3n de los ferris sobre las praderas de Posidonia oce\u00e1nica, al que dicho estudio de Ports IB dedica poco m\u00e1s de tres p\u00e1rrafos y un mapa, para concluir que la posidonia est\u00e1 protegida y que \u201cse concentra principalmente en la bocana del puerto y en la zona de fondeos regulados\u201d. Lo sorprendente es que dicha afirmaci\u00f3n ni tan siquiera coincide con el propio mapa de vegetaci\u00f3n bent\u00f3nica contenido en sus propias p\u00e1ginas. Esto evidencia dos cosas: la primera que no ha realizado ning\u00fan estudio de los fondos de la bah\u00eda y, que ante la imposibilidad de rebatir este hecho, se ha decidido obviarlo.<\/p>\n<div id=\"attachment_1277\" style=\"width: 1195px\" class=\"wp-caption alignnone\"><img loading=\"lazy\" decoding=\"async\" aria-describedby=\"caption-attachment-1277\" class=\"wp-image-1277 size-full\" src=\"https:\/\/www.salvemsabadia.com\/wp-content\/uploads\/2020\/12\/0001.jpg\" alt=\"\" width=\"1185\" height=\"777\" srcset=\"https:\/\/www.salvemsabadia.com\/wp-content\/uploads\/2020\/12\/0001.jpg 1185w, https:\/\/www.salvemsabadia.com\/wp-content\/uploads\/2020\/12\/0001-300x197.jpg 300w, https:\/\/www.salvemsabadia.com\/wp-content\/uploads\/2020\/12\/0001-1024x671.jpg 1024w, https:\/\/www.salvemsabadia.com\/wp-content\/uploads\/2020\/12\/0001-768x504.jpg 768w\" sizes=\"auto, (max-width: 1185px) 100vw, 1185px\" \/><p id=\"caption-attachment-1277\" class=\"wp-caption-text\">Ferri en plena maniobra de atraque. En la estela pueden apreciarse manchas marrones provocadas por el movimiento de lodos<\/p><\/div>\n<p><strong>Motores de los ferris y estela de lodos<\/strong><\/p>\n<p>El estudio de Ports IB trata de demostrar la inocuidad de los ferris en relaci\u00f3n a la Posidonia, bas\u00e1ndose \u00fanicamente en un estudio t\u00e9cnico muy denso sobre el funcionamiento de los motores de propulsi\u00f3n de estos buques, que no son de h\u00e9lices sino <em>waterjets<\/em>, que seg\u00fan el informe no levantan sedimentos del fondo marino, provocando el enterramiento de la posidonia. Esta conclusi\u00f3n puede contradecirla cualquier vecino de Sant Antoni que haya contemplado la estela marr\u00f3n y gris que sistem\u00e1ticamente sigue a cada maniobra de atraque en el puerto y de la que existen v\u00eddeo y fotograf\u00edas muy ilustrativas, que ya ha hecho p\u00fablicas anteriormente la iniciativa Salvem Sa Badia de Portmany. El \u00fanico efecto nocivo que reconocen estos ingenieros del norte es la famosa ola que provocan los ferris a su llegada, que pone en peligro a ba\u00f1istas y pescadores y ya ha provocado distintos accidentes en playas, y que proponen que se controle, aunque no dicen c\u00f3mo.<\/p>\n<p><strong>Huida de las navieras de Sant Antoni <\/strong><\/p>\n<p>Curiosamente, uno de los datos reveladores que se pueden extraer del documento costeado por Ports IB es que, a partir de la construcci\u00f3n de los nuevos muelles en Ibiza, en 2013 la afluencia de los ferris al puerto de Sant Antoni descendi\u00f3 un 71,13%. Las navieras, por tanto, consideraron que para ellos era mejor ir a Ibiza que a Sant Antoni, algo que por otra parte es l\u00f3gico, ya que se construy\u00f3 un puerto sobredimensionado, con remolcador, pr\u00e1ctico, etc\u00e9tera, que adem\u00e1s se encuentra mucho m\u00e1s pr\u00f3ximo a los pol\u00edgonos industriales donde se llevan las mercanc\u00edas.<\/p>\n<p>En otro orden de cosas, el estudio hace menci\u00f3n a que el trayecto que une la costa levantina con Sant Antoni es mas corto y produce ahorros en emisiones de CO2 y en costes para las navieras. Sin embargo, no entra a valorar en ning\u00fan momento por qu\u00e9, bajo estas circunstancias, las propias navieras decidieron, ya mucho antes de la moratoria, convertir Sant Antoni en un puerto residual. Eso sin tener en cuenta que los pasajeros nunca se han beneficiado de una reducci\u00f3n del precio en sus pasajes por el hecho de ir a Sant Antoni en lugar de Ibiza, o que por ejemplo las l\u00edneas que actualmente vienen de Levante luego contin\u00faan hacia Mallorca, por lo que dichas emisiones e incrementos de coste quedan anulados por esta continuidad de trayecto.<\/p>\n<p><strong>Problema viario<\/strong><\/p>\n<p>Uno de los cap\u00edtulos m\u00e1s llamativos del informe es el que se refiere al tr\u00e1fico rodado, donde tras otro farragoso an\u00e1lisis acaba concluyendo que el desembarco de veh\u00edculos no genera ninguna molestia a los residentes y turistas que transitan por la zona. Nuevamente, cualquier vecino que haya coincidido con el desembarco de veh\u00edculos de alguno de los grandes buques que llegaban a Sant Antoni hasta 2018 es plenamente consciente del colapso viario y el caos que se origina. El Passeig de Ses Fonts constituye un cuello de botella por el que, en julio y agosto, transitan m\u00e1s de 600 veh\u00edculos a la hora en el momento en que se producen estas operaciones.<\/p>\n<p><strong>Supuesta necesidad de dos puertos<\/strong><\/p>\n<p>El estudio de Ports IB, adem\u00e1s, incurre en distintas falsedades, como por ejemplo cuando afirma que si se cierra el muelle comercial de Sant Antoni Ibiza quedar\u00eda como la \u00fanica isla de Espa\u00f1a, salvo Formentera, con un solo puerto comercial operativo. Dicha tesis es totalmente incierta, ya que existen al menos tres islas canarias con un solo puerto donde actualmente atraquen grandes buques. En la isla de La Palma solo est\u00e1 operativo para ferris el puerto de la capital, en Santa Cruz de la Palma, mientras que su segundo puerto, el de Tazacorte, solo recibe barcos pesqueros y de n\u00e1utica recreativa. En La Gomera, asimismo, solo funciona para grandes buques un puerto, aunque posee dos m\u00e1s de peque\u00f1o tama\u00f1o donde solo operan barcas pesqueras y tur\u00edsticas, tipo golondrina, que transportan 30 \u00f3 40 pasajeros y no pueden llevar veh\u00edculos. El tercer ejemplo es Lanzarote, donde ocurre igual. Solo el puerto de Arrecife recibe grandes ferris, mientras que los otros solo son pesqueros o de golondrinas tur\u00edsticas sin carga rodada.<\/p>\n<p>El estudio, adem\u00e1s, subraya el \u201cinter\u00e9s estrat\u00e9gico y nacional\u201d del puerto de Sant Antoni, cuando sin embargo nunca ha tenido tal calificaci\u00f3n administrativa ni oficial, pues el \u00fanico puerto declarado de inter\u00e9s general en Ibiza es el que est\u00e1 en la capital. Por eso lo gestiona la Autoridad Portuaria Balear, que depende del Ministerio de Transportes, Movilidad y Agenda Urbana, y no la entidad auton\u00f3mica Ports IB.<\/p>\n<p>En cualquier caso, Salvem Sa Badia nunca ha planteado la desarticulaci\u00f3n del muelle comercial, sino su conservaci\u00f3n para que la zona de amarre pueda quedar liberada en el caso de una emergencia en el puerto de Ibiza.<\/p>\n<p><strong>P<\/strong><strong>orts IB amenaza con volver a traer mercanc\u00edas a Sant Antoni<\/strong><\/p>\n<p>El estudio de Ports IB hace una serie de propuestas que no se traducen en soluciones reales a los problemas de la bah\u00eda y que pueden considerarse de cara a la galer\u00eda. Incluso en la ultima reuni\u00f3n que Salvem Sa Badia mantuvo con Ports IB se nos dijo que si no acept\u00e1bamos estas propuestas como soluci\u00f3n al problema, no solo se volver\u00eda a abrir el puerto a los ferris, sino que adem\u00e1s volver\u00eda el transporte de mercanc\u00edas.<\/p>\n<p>Como conclusi\u00f3n final, podemos a\u00f1adir que Ports IB ha hecho una inversi\u00f3n importante con el dinero de todos los contribuyentes, para obtener un estudio que avale su voluntad de reabrir el puerto comercial de Sant Antoni, sin tener en cuenta la realidad de la situaci\u00f3n actual de la bah\u00eda ni la opini\u00f3n mayoritaria de los dos ayuntamientos afectados, los sectores empresariales, ni la m\u00e1s importante: sus habitantes.<\/p>\n<div id=\"attachment_1279\" style=\"width: 2349px\" class=\"wp-caption alignnone\"><img loading=\"lazy\" decoding=\"async\" aria-describedby=\"caption-attachment-1279\" class=\"wp-image-1279 size-full\" src=\"https:\/\/www.salvemsabadia.com\/wp-content\/uploads\/2020\/12\/0002.jpg\" alt=\"\" width=\"2339\" height=\"1822\" srcset=\"https:\/\/www.salvemsabadia.com\/wp-content\/uploads\/2020\/12\/0002.jpg 2339w, https:\/\/www.salvemsabadia.com\/wp-content\/uploads\/2020\/12\/0002-300x234.jpg 300w, https:\/\/www.salvemsabadia.com\/wp-content\/uploads\/2020\/12\/0002-1024x798.jpg 1024w, https:\/\/www.salvemsabadia.com\/wp-content\/uploads\/2020\/12\/0002-768x598.jpg 768w, https:\/\/www.salvemsabadia.com\/wp-content\/uploads\/2020\/12\/0002-1536x1196.jpg 1536w, https:\/\/www.salvemsabadia.com\/wp-content\/uploads\/2020\/12\/0002-2048x1595.jpg 2048w\" sizes=\"auto, (max-width: 2339px) 100vw, 2339px\" \/><p id=\"caption-attachment-1279\" class=\"wp-caption-text\">Imagen a\u00e9rea que revela c\u00f3mo la Posidonia de la zona de amarre y maniobra de los ferris ha quedado enterrada<\/p><\/div>\n","protected":false},"excerpt":{"rendered":"<p>La vida vegetal de la bah\u00eda de Portmany se encuentra en una situaci\u00f3n agonizante, que a medio plazo va a conllevar un preocupante empeoramiento en la calidad del agua, seg\u00fan&#8230;<\/p>\n","protected":false},"author":2,"featured_media":1419,"comment_status":"open","ping_status":"open","sticky":false,"template":"","format":"standard","meta":{"give_campaign_id":0,"footnotes":""},"categories":[201,106,213,214],"tags":[],"class_list":{"0":"post-1276","1":"post","2":"type-post","3":"status-publish","4":"format-standard","5":"has-post-thumbnail","7":"category-biodiversidad","8":"category-destacado","9":"category-posidonia","10":"category-puerto-de-sant-antoni"},"yoast_head":"<!-- This site is optimized with the Yoast SEO plugin v26.8 - https:\/\/yoast.com\/product\/yoast-seo-wordpress\/ -->\n<title>La bah\u00eda de Portmany agoniza, con la p\u00e9rdida del 50% de su vegetaci\u00f3n en solo veinte a\u00f1os - Salvem Sa Badia de Portmany<\/title>\n<meta name=\"robots\" content=\"index, follow, max-snippet:-1, max-image-preview:large, max-video-preview:-1\" \/>\n<link rel=\"canonical\" href=\"https:\/\/www.salvemsabadia.com\/la-badia-de-portmany-agonitza-amb-la-perdua-del-50-de-la-seva-vegetacio-en-nomes-vint-anys\/\" \/>\n<meta property=\"og:locale\" content=\"es_ES\" \/>\n<meta property=\"og:type\" content=\"article\" \/>\n<meta property=\"og:title\" content=\"La bah\u00eda de Portmany agoniza, con la p\u00e9rdida del 50% de su vegetaci\u00f3n en solo veinte a\u00f1os - Salvem Sa Badia de Portmany\" \/>\n<meta property=\"og:description\" content=\"La vida vegetal de la bah\u00eda de Portmany se encuentra en una situaci\u00f3n agonizante, que a medio plazo va a conllevar un preocupante empeoramiento en la calidad del agua, seg\u00fan...\" \/>\n<meta property=\"og:url\" content=\"https:\/\/www.salvemsabadia.com\/la-badia-de-portmany-agonitza-amb-la-perdua-del-50-de-la-seva-vegetacio-en-nomes-vint-anys\/\" \/>\n<meta property=\"og:site_name\" content=\"Salvem Sa Badia de Portmany\" \/>\n<meta property=\"article:published_time\" content=\"2020-12-20T08:34:01+00:00\" \/>\n<meta property=\"article:modified_time\" content=\"2022-08-15T08:10:24+00:00\" \/>\n<meta property=\"og:image\" content=\"https:\/\/www.salvemsabadia.com\/wp-content\/uploads\/2021\/02\/Posidonia-muerta-scaled.jpg\" \/>\n\t<meta property=\"og:image:width\" content=\"2560\" \/>\n\t<meta property=\"og:image:height\" content=\"1440\" \/>\n\t<meta property=\"og:image:type\" content=\"image\/jpeg\" \/>\n<meta name=\"author\" content=\"Salvem sa Badia\" \/>\n<meta name=\"twitter:card\" content=\"summary_large_image\" \/>\n<meta name=\"twitter:label1\" content=\"Escrito por\" \/>\n\t<meta name=\"twitter:data1\" content=\"Salvem sa Badia\" \/>\n\t<meta name=\"twitter:label2\" content=\"Tiempo de lectura\" \/>\n\t<meta name=\"twitter:data2\" content=\"9 minutos\" \/>\n<script type=\"application\/ld+json\" class=\"yoast-schema-graph\">{\"@context\":\"https:\/\/schema.org\",\"@graph\":[{\"@type\":\"Article\",\"@id\":\"https:\/\/www.salvemsabadia.com\/la-badia-de-portmany-agonitza-amb-la-perdua-del-50-de-la-seva-vegetacio-en-nomes-vint-anys\/#article\",\"isPartOf\":{\"@id\":\"https:\/\/www.salvemsabadia.com\/la-badia-de-portmany-agonitza-amb-la-perdua-del-50-de-la-seva-vegetacio-en-nomes-vint-anys\/\"},\"author\":{\"name\":\"Salvem sa Badia\",\"@id\":\"https:\/\/www.salvemsabadia.com\/#\/schema\/person\/5d08c5118adcb4140d13bde4826ba122\"},\"headline\":\"La bah\u00eda de Portmany agoniza, con la p\u00e9rdida del 50% de su vegetaci\u00f3n en solo veinte a\u00f1os\",\"datePublished\":\"2020-12-20T08:34:01+00:00\",\"dateModified\":\"2022-08-15T08:10:24+00:00\",\"mainEntityOfPage\":{\"@id\":\"https:\/\/www.salvemsabadia.com\/la-badia-de-portmany-agonitza-amb-la-perdua-del-50-de-la-seva-vegetacio-en-nomes-vint-anys\/\"},\"wordCount\":1872,\"commentCount\":0,\"publisher\":{\"@id\":\"https:\/\/www.salvemsabadia.com\/#organization\"},\"image\":{\"@id\":\"https:\/\/www.salvemsabadia.com\/la-badia-de-portmany-agonitza-amb-la-perdua-del-50-de-la-seva-vegetacio-en-nomes-vint-anys\/#primaryimage\"},\"thumbnailUrl\":\"https:\/\/www.salvemsabadia.com\/wp-content\/uploads\/2021\/02\/Posidonia-muerta-scaled.jpg\",\"articleSection\":[\"Biodiversidad\",\"Destacado\",\"Posidonia\",\"Puerto de Sant Antoni\"],\"inLanguage\":\"es\",\"potentialAction\":[{\"@type\":\"CommentAction\",\"name\":\"Comment\",\"target\":[\"https:\/\/www.salvemsabadia.com\/la-badia-de-portmany-agonitza-amb-la-perdua-del-50-de-la-seva-vegetacio-en-nomes-vint-anys\/#respond\"]}]},{\"@type\":\"WebPage\",\"@id\":\"https:\/\/www.salvemsabadia.com\/la-badia-de-portmany-agonitza-amb-la-perdua-del-50-de-la-seva-vegetacio-en-nomes-vint-anys\/\",\"url\":\"https:\/\/www.salvemsabadia.com\/la-badia-de-portmany-agonitza-amb-la-perdua-del-50-de-la-seva-vegetacio-en-nomes-vint-anys\/\",\"name\":\"La bah\u00eda de Portmany agoniza, con la p\u00e9rdida del 50% de su vegetaci\u00f3n en solo veinte a\u00f1os - Salvem Sa Badia de Portmany\",\"isPartOf\":{\"@id\":\"https:\/\/www.salvemsabadia.com\/#website\"},\"primaryImageOfPage\":{\"@id\":\"https:\/\/www.salvemsabadia.com\/la-badia-de-portmany-agonitza-amb-la-perdua-del-50-de-la-seva-vegetacio-en-nomes-vint-anys\/#primaryimage\"},\"image\":{\"@id\":\"https:\/\/www.salvemsabadia.com\/la-badia-de-portmany-agonitza-amb-la-perdua-del-50-de-la-seva-vegetacio-en-nomes-vint-anys\/#primaryimage\"},\"thumbnailUrl\":\"https:\/\/www.salvemsabadia.com\/wp-content\/uploads\/2021\/02\/Posidonia-muerta-scaled.jpg\",\"datePublished\":\"2020-12-20T08:34:01+00:00\",\"dateModified\":\"2022-08-15T08:10:24+00:00\",\"breadcrumb\":{\"@id\":\"https:\/\/www.salvemsabadia.com\/la-badia-de-portmany-agonitza-amb-la-perdua-del-50-de-la-seva-vegetacio-en-nomes-vint-anys\/#breadcrumb\"},\"inLanguage\":\"es\",\"potentialAction\":[{\"@type\":\"ReadAction\",\"target\":[\"https:\/\/www.salvemsabadia.com\/la-badia-de-portmany-agonitza-amb-la-perdua-del-50-de-la-seva-vegetacio-en-nomes-vint-anys\/\"]}]},{\"@type\":\"ImageObject\",\"inLanguage\":\"es\",\"@id\":\"https:\/\/www.salvemsabadia.com\/la-badia-de-portmany-agonitza-amb-la-perdua-del-50-de-la-seva-vegetacio-en-nomes-vint-anys\/#primaryimage\",\"url\":\"https:\/\/www.salvemsabadia.com\/wp-content\/uploads\/2021\/02\/Posidonia-muerta-scaled.jpg\",\"contentUrl\":\"https:\/\/www.salvemsabadia.com\/wp-content\/uploads\/2021\/02\/Posidonia-muerta-scaled.jpg\",\"width\":2560,\"height\":1440},{\"@type\":\"BreadcrumbList\",\"@id\":\"https:\/\/www.salvemsabadia.com\/la-badia-de-portmany-agonitza-amb-la-perdua-del-50-de-la-seva-vegetacio-en-nomes-vint-anys\/#breadcrumb\",\"itemListElement\":[{\"@type\":\"ListItem\",\"position\":1,\"name\":\"Portada\",\"item\":\"https:\/\/www.salvemsabadia.com\/es\/\"},{\"@type\":\"ListItem\",\"position\":2,\"name\":\"La bah\u00eda de Portmany agoniza, con la p\u00e9rdida del 50% de su vegetaci\u00f3n en solo veinte a\u00f1os\"}]},{\"@type\":\"WebSite\",\"@id\":\"https:\/\/www.salvemsabadia.com\/#website\",\"url\":\"https:\/\/www.salvemsabadia.com\/\",\"name\":\"Salvem Sa Badia de Portmany\",\"description\":\"\",\"publisher\":{\"@id\":\"https:\/\/www.salvemsabadia.com\/#organization\"},\"potentialAction\":[{\"@type\":\"SearchAction\",\"target\":{\"@type\":\"EntryPoint\",\"urlTemplate\":\"https:\/\/www.salvemsabadia.com\/?s={search_term_string}\"},\"query-input\":{\"@type\":\"PropertyValueSpecification\",\"valueRequired\":true,\"valueName\":\"search_term_string\"}}],\"inLanguage\":\"es\"},{\"@type\":\"Organization\",\"@id\":\"https:\/\/www.salvemsabadia.com\/#organization\",\"name\":\"Salvem Sa Badia de Portmany\",\"url\":\"https:\/\/www.salvemsabadia.com\/\",\"logo\":{\"@type\":\"ImageObject\",\"inLanguage\":\"es\",\"@id\":\"https:\/\/www.salvemsabadia.com\/#\/schema\/logo\/image\/\",\"url\":\"https:\/\/www.salvemsabadia.com\/wp-content\/uploads\/2020\/03\/logo.png\",\"contentUrl\":\"https:\/\/www.salvemsabadia.com\/wp-content\/uploads\/2020\/03\/logo.png\",\"width\":188,\"height\":151,\"caption\":\"Salvem Sa Badia de Portmany\"},\"image\":{\"@id\":\"https:\/\/www.salvemsabadia.com\/#\/schema\/logo\/image\/\"}},{\"@type\":\"Person\",\"@id\":\"https:\/\/www.salvemsabadia.com\/#\/schema\/person\/5d08c5118adcb4140d13bde4826ba122\",\"name\":\"Salvem sa Badia\",\"image\":{\"@type\":\"ImageObject\",\"inLanguage\":\"es\",\"@id\":\"https:\/\/www.salvemsabadia.com\/#\/schema\/person\/image\/\",\"url\":\"https:\/\/secure.gravatar.com\/avatar\/d569ee5739a9c7022470ea472c9b4b9cf476e15f1be71e5242c911d673d14ad9?s=96&d=mm&r=g\",\"contentUrl\":\"https:\/\/secure.gravatar.com\/avatar\/d569ee5739a9c7022470ea472c9b4b9cf476e15f1be71e5242c911d673d14ad9?s=96&d=mm&r=g\",\"caption\":\"Salvem sa Badia\"}}]}<\/script>\n<!-- \/ Yoast SEO plugin. -->","yoast_head_json":{"title":"La bah\u00eda de Portmany agoniza, con la p\u00e9rdida del 50% de su vegetaci\u00f3n en solo veinte a\u00f1os - Salvem Sa Badia de Portmany","robots":{"index":"index","follow":"follow","max-snippet":"max-snippet:-1","max-image-preview":"max-image-preview:large","max-video-preview":"max-video-preview:-1"},"canonical":"https:\/\/www.salvemsabadia.com\/la-badia-de-portmany-agonitza-amb-la-perdua-del-50-de-la-seva-vegetacio-en-nomes-vint-anys\/","og_locale":"es_ES","og_type":"article","og_title":"La bah\u00eda de Portmany agoniza, con la p\u00e9rdida del 50% de su vegetaci\u00f3n en solo veinte a\u00f1os - Salvem Sa Badia de Portmany","og_description":"La vida vegetal de la bah\u00eda de Portmany se encuentra en una situaci\u00f3n agonizante, que a medio plazo va a conllevar un preocupante empeoramiento en la calidad del agua, seg\u00fan...","og_url":"https:\/\/www.salvemsabadia.com\/la-badia-de-portmany-agonitza-amb-la-perdua-del-50-de-la-seva-vegetacio-en-nomes-vint-anys\/","og_site_name":"Salvem Sa Badia de Portmany","article_published_time":"2020-12-20T08:34:01+00:00","article_modified_time":"2022-08-15T08:10:24+00:00","og_image":[{"width":2560,"height":1440,"url":"https:\/\/www.salvemsabadia.com\/wp-content\/uploads\/2021\/02\/Posidonia-muerta-scaled.jpg","type":"image\/jpeg"}],"author":"Salvem sa Badia","twitter_card":"summary_large_image","twitter_misc":{"Escrito por":"Salvem sa Badia","Tiempo de lectura":"9 minutos"},"schema":{"@context":"https:\/\/schema.org","@graph":[{"@type":"Article","@id":"https:\/\/www.salvemsabadia.com\/la-badia-de-portmany-agonitza-amb-la-perdua-del-50-de-la-seva-vegetacio-en-nomes-vint-anys\/#article","isPartOf":{"@id":"https:\/\/www.salvemsabadia.com\/la-badia-de-portmany-agonitza-amb-la-perdua-del-50-de-la-seva-vegetacio-en-nomes-vint-anys\/"},"author":{"name":"Salvem sa Badia","@id":"https:\/\/www.salvemsabadia.com\/#\/schema\/person\/5d08c5118adcb4140d13bde4826ba122"},"headline":"La bah\u00eda de Portmany agoniza, con la p\u00e9rdida del 50% de su vegetaci\u00f3n en solo veinte a\u00f1os","datePublished":"2020-12-20T08:34:01+00:00","dateModified":"2022-08-15T08:10:24+00:00","mainEntityOfPage":{"@id":"https:\/\/www.salvemsabadia.com\/la-badia-de-portmany-agonitza-amb-la-perdua-del-50-de-la-seva-vegetacio-en-nomes-vint-anys\/"},"wordCount":1872,"commentCount":0,"publisher":{"@id":"https:\/\/www.salvemsabadia.com\/#organization"},"image":{"@id":"https:\/\/www.salvemsabadia.com\/la-badia-de-portmany-agonitza-amb-la-perdua-del-50-de-la-seva-vegetacio-en-nomes-vint-anys\/#primaryimage"},"thumbnailUrl":"https:\/\/www.salvemsabadia.com\/wp-content\/uploads\/2021\/02\/Posidonia-muerta-scaled.jpg","articleSection":["Biodiversidad","Destacado","Posidonia","Puerto de Sant Antoni"],"inLanguage":"es","potentialAction":[{"@type":"CommentAction","name":"Comment","target":["https:\/\/www.salvemsabadia.com\/la-badia-de-portmany-agonitza-amb-la-perdua-del-50-de-la-seva-vegetacio-en-nomes-vint-anys\/#respond"]}]},{"@type":"WebPage","@id":"https:\/\/www.salvemsabadia.com\/la-badia-de-portmany-agonitza-amb-la-perdua-del-50-de-la-seva-vegetacio-en-nomes-vint-anys\/","url":"https:\/\/www.salvemsabadia.com\/la-badia-de-portmany-agonitza-amb-la-perdua-del-50-de-la-seva-vegetacio-en-nomes-vint-anys\/","name":"La bah\u00eda de Portmany agoniza, con la p\u00e9rdida del 50% de su vegetaci\u00f3n en solo veinte a\u00f1os - Salvem Sa Badia de Portmany","isPartOf":{"@id":"https:\/\/www.salvemsabadia.com\/#website"},"primaryImageOfPage":{"@id":"https:\/\/www.salvemsabadia.com\/la-badia-de-portmany-agonitza-amb-la-perdua-del-50-de-la-seva-vegetacio-en-nomes-vint-anys\/#primaryimage"},"image":{"@id":"https:\/\/www.salvemsabadia.com\/la-badia-de-portmany-agonitza-amb-la-perdua-del-50-de-la-seva-vegetacio-en-nomes-vint-anys\/#primaryimage"},"thumbnailUrl":"https:\/\/www.salvemsabadia.com\/wp-content\/uploads\/2021\/02\/Posidonia-muerta-scaled.jpg","datePublished":"2020-12-20T08:34:01+00:00","dateModified":"2022-08-15T08:10:24+00:00","breadcrumb":{"@id":"https:\/\/www.salvemsabadia.com\/la-badia-de-portmany-agonitza-amb-la-perdua-del-50-de-la-seva-vegetacio-en-nomes-vint-anys\/#breadcrumb"},"inLanguage":"es","potentialAction":[{"@type":"ReadAction","target":["https:\/\/www.salvemsabadia.com\/la-badia-de-portmany-agonitza-amb-la-perdua-del-50-de-la-seva-vegetacio-en-nomes-vint-anys\/"]}]},{"@type":"ImageObject","inLanguage":"es","@id":"https:\/\/www.salvemsabadia.com\/la-badia-de-portmany-agonitza-amb-la-perdua-del-50-de-la-seva-vegetacio-en-nomes-vint-anys\/#primaryimage","url":"https:\/\/www.salvemsabadia.com\/wp-content\/uploads\/2021\/02\/Posidonia-muerta-scaled.jpg","contentUrl":"https:\/\/www.salvemsabadia.com\/wp-content\/uploads\/2021\/02\/Posidonia-muerta-scaled.jpg","width":2560,"height":1440},{"@type":"BreadcrumbList","@id":"https:\/\/www.salvemsabadia.com\/la-badia-de-portmany-agonitza-amb-la-perdua-del-50-de-la-seva-vegetacio-en-nomes-vint-anys\/#breadcrumb","itemListElement":[{"@type":"ListItem","position":1,"name":"Portada","item":"https:\/\/www.salvemsabadia.com\/es\/"},{"@type":"ListItem","position":2,"name":"La bah\u00eda de Portmany agoniza, con la p\u00e9rdida del 50% de su vegetaci\u00f3n en solo veinte a\u00f1os"}]},{"@type":"WebSite","@id":"https:\/\/www.salvemsabadia.com\/#website","url":"https:\/\/www.salvemsabadia.com\/","name":"Salvem Sa Badia de Portmany","description":"","publisher":{"@id":"https:\/\/www.salvemsabadia.com\/#organization"},"potentialAction":[{"@type":"SearchAction","target":{"@type":"EntryPoint","urlTemplate":"https:\/\/www.salvemsabadia.com\/?s={search_term_string}"},"query-input":{"@type":"PropertyValueSpecification","valueRequired":true,"valueName":"search_term_string"}}],"inLanguage":"es"},{"@type":"Organization","@id":"https:\/\/www.salvemsabadia.com\/#organization","name":"Salvem Sa Badia de Portmany","url":"https:\/\/www.salvemsabadia.com\/","logo":{"@type":"ImageObject","inLanguage":"es","@id":"https:\/\/www.salvemsabadia.com\/#\/schema\/logo\/image\/","url":"https:\/\/www.salvemsabadia.com\/wp-content\/uploads\/2020\/03\/logo.png","contentUrl":"https:\/\/www.salvemsabadia.com\/wp-content\/uploads\/2020\/03\/logo.png","width":188,"height":151,"caption":"Salvem Sa Badia de Portmany"},"image":{"@id":"https:\/\/www.salvemsabadia.com\/#\/schema\/logo\/image\/"}},{"@type":"Person","@id":"https:\/\/www.salvemsabadia.com\/#\/schema\/person\/5d08c5118adcb4140d13bde4826ba122","name":"Salvem sa Badia","image":{"@type":"ImageObject","inLanguage":"es","@id":"https:\/\/www.salvemsabadia.com\/#\/schema\/person\/image\/","url":"https:\/\/secure.gravatar.com\/avatar\/d569ee5739a9c7022470ea472c9b4b9cf476e15f1be71e5242c911d673d14ad9?s=96&d=mm&r=g","contentUrl":"https:\/\/secure.gravatar.com\/avatar\/d569ee5739a9c7022470ea472c9b4b9cf476e15f1be71e5242c911d673d14ad9?s=96&d=mm&r=g","caption":"Salvem sa Badia"}}]}},"_links":{"self":[{"href":"https:\/\/www.salvemsabadia.com\/es\/wp-json\/wp\/v2\/posts\/1276","targetHints":{"allow":["GET"]}}],"collection":[{"href":"https:\/\/www.salvemsabadia.com\/es\/wp-json\/wp\/v2\/posts"}],"about":[{"href":"https:\/\/www.salvemsabadia.com\/es\/wp-json\/wp\/v2\/types\/post"}],"author":[{"embeddable":true,"href":"https:\/\/www.salvemsabadia.com\/es\/wp-json\/wp\/v2\/users\/2"}],"replies":[{"embeddable":true,"href":"https:\/\/www.salvemsabadia.com\/es\/wp-json\/wp\/v2\/comments?post=1276"}],"version-history":[{"count":0,"href":"https:\/\/www.salvemsabadia.com\/es\/wp-json\/wp\/v2\/posts\/1276\/revisions"}],"wp:featuredmedia":[{"embeddable":true,"href":"https:\/\/www.salvemsabadia.com\/es\/wp-json\/wp\/v2\/media\/1419"}],"wp:attachment":[{"href":"https:\/\/www.salvemsabadia.com\/es\/wp-json\/wp\/v2\/media?parent=1276"}],"wp:term":[{"taxonomy":"category","embeddable":true,"href":"https:\/\/www.salvemsabadia.com\/es\/wp-json\/wp\/v2\/categories?post=1276"},{"taxonomy":"post_tag","embeddable":true,"href":"https:\/\/www.salvemsabadia.com\/es\/wp-json\/wp\/v2\/tags?post=1276"}],"curies":[{"name":"wp","href":"https:\/\/api.w.org\/{rel}","templated":true}]}}