{"id":1291,"date":"2020-12-21T11:45:57","date_gmt":"2020-12-21T10:45:57","guid":{"rendered":"https:\/\/www.salvemsabadia.com\/?p=1291"},"modified":"2022-08-15T10:10:43","modified_gmt":"2022-08-15T08:10:43","slug":"la-iniciativa-salvem-sa-badia-de-portmany-recibe-el-premio-amic-de-la-terra-2020","status":"publish","type":"post","link":"https:\/\/www.salvemsabadia.com\/es\/la-iniciativa-salvem-sa-badia-de-portmany-recibe-el-premio-amic-de-la-terra-2020\/","title":{"rendered":"La iniciativa Salvem Sa Badia de Portmany recibe el premio \u2018Amic de la Terra 2020\u2019"},"content":{"rendered":"<div id=\"attachment_1292\" style=\"width: 2570px\" class=\"wp-caption alignnone\"><img loading=\"lazy\" decoding=\"async\" aria-describedby=\"caption-attachment-1292\" class=\"wp-image-1292 size-full\" src=\"https:\/\/www.salvemsabadia.com\/wp-content\/uploads\/2020\/12\/IMG_2478-scaled.jpg\" alt=\"\" width=\"2560\" height=\"1920\" srcset=\"https:\/\/www.salvemsabadia.com\/wp-content\/uploads\/2020\/12\/IMG_2478-scaled.jpg 2560w, https:\/\/www.salvemsabadia.com\/wp-content\/uploads\/2020\/12\/IMG_2478-300x225.jpg 300w, https:\/\/www.salvemsabadia.com\/wp-content\/uploads\/2020\/12\/IMG_2478-1024x768.jpg 1024w, https:\/\/www.salvemsabadia.com\/wp-content\/uploads\/2020\/12\/IMG_2478-768x576.jpg 768w, https:\/\/www.salvemsabadia.com\/wp-content\/uploads\/2020\/12\/IMG_2478-1536x1152.jpg 1536w, https:\/\/www.salvemsabadia.com\/wp-content\/uploads\/2020\/12\/IMG_2478-2048x1536.jpg 2048w\" sizes=\"auto, (max-width: 2560px) 100vw, 2560px\" \/><p id=\"caption-attachment-1292\" class=\"wp-caption-text\">Pep\u00edn Vald\u00e9s, portavoz de Salvem Sa Badia, recogi\u00f3 el premio &#8216;Amic de la Terra&#8217;, de manos de los organizadores<\/p><\/div>\n<p>Todos los a\u00f1os, los socios y simpatizantes de la organizaci\u00f3n ecologista Amics de la Terra otorgan su premio \u201cAmic de la Terra\u201d a una persona o entidad que se ha destacado por su trabajo en la protecci\u00f3n del medio ambiente. En este 2020, la formaci\u00f3n ha querido conceder este reconocimiento a Salvem Sa Badia de Portmany y desde la iniciativa nos sentimos muy agradecidos. El premio \u201cAmic de la Terra\u201d nos empuja a seguir trabajando para frenar el deterioro de la bah\u00eda e impulsar la progresiva recuperaci\u00f3n de su calidad medioambiental.<\/p>\n<p>El premio fue recogido ayer por nuestro portavoz, Pep\u00edn Vald\u00e9s, en un acto de entrega que tuvo lugar en el Faro de Ses Coves Blanques, con la bah\u00eda como tel\u00f3n de fondo y al que asistieron la presidenta de Amics de la Terra, Hazel Morgan, y otros miembros de la organizaci\u00f3n.<\/p>\n<p>Seg\u00fan una nota remitida a los medios de comunicaci\u00f3n por Amics de la Terra, estos han sido los argumentos para conceder el reconocimiento a Salvem Sa Badia de Portmany: \u201cEste a\u00f1o no ten\u00edamos ninguna duda. La iniciativa y el gran trabajo realizado por las personas y entidades que conforman la iniciativa Salvem Sa Badia de Portmany ha demostrado que, a pesar de las complicaciones generadas por la pandemia, hay personas que han seguido trabajando para proteger este trocito de costa en el que nadie se fijaba en la maravilla que tenemos entre manos. Una zona situada frente a un paraje protegido como es la Reserva Natural de los Islotes de Poniente y que representa un pulm\u00f3n y la forma de vivir de un pueblo\u201d, dice Amics de la Terra.<\/p>\n<p>La formaci\u00f3n ecologista a\u00f1ade, adem\u00e1s, que \u201cmuchas son las amenazas, pero tambi\u00e9n las oportunidades. Sin dejar el trabajo en manos de otros, Salvem Sa Badia se ha puesto en marcha para identificar algunos de los efectos negativos de los ferris, que adem\u00e1s de afectar a la calidad el agua y a la Posidonia, descargan camiones y veh\u00edculos que provocan la saturaci\u00f3n del trafico dentro del pueblo y contaminan la atm\u00f3sfera sin aportar ning\u00fan beneficio a la poblaci\u00f3n. Han sabido implicar a todos los sectores del pueblo de Sant Antoni y la bah\u00eda de Portmany para defender un bien de todos, en positivo y con un espectro amplio, que favorece el bien com\u00fan y que est\u00e1 por encima de ideolog\u00edas\u201d, a\u00f1ade Amics de la Terra.<\/p>\n<p>El galard\u00f3n se entrega con una cer\u00e1mica del conocido artista ibicenco Toniet, que en ediciones anteriores ya han recibido personas y entidades de tanto prestigio como el bi\u00f3logo marino Manu San F\u00e9lix, el Grup d\u2019Estudis de la Naturalesa (GEN), la Asociaci\u00f3n de Apicultores de las Piti\u00fcses, la plataforma \u2018No volem autopista\u2019, Ibiza antipetrol\u00edfera, la Cooperativa Integral d\u2019Eivissa, Sos H2O, Prou!, la Alian\u00e7a de l\u2019Aigua y Jes\u00fas en Transici\u00f3, entre otros.<\/p>\n<p><img loading=\"lazy\" decoding=\"async\" class=\"alignnone wp-image-1294 size-full\" src=\"https:\/\/www.salvemsabadia.com\/wp-content\/uploads\/2020\/12\/IMG_2475-scaled.jpg\" alt=\"\" width=\"2560\" height=\"2053\" srcset=\"https:\/\/www.salvemsabadia.com\/wp-content\/uploads\/2020\/12\/IMG_2475-scaled.jpg 2560w, https:\/\/www.salvemsabadia.com\/wp-content\/uploads\/2020\/12\/IMG_2475-300x241.jpg 300w, https:\/\/www.salvemsabadia.com\/wp-content\/uploads\/2020\/12\/IMG_2475-1024x821.jpg 1024w, https:\/\/www.salvemsabadia.com\/wp-content\/uploads\/2020\/12\/IMG_2475-768x616.jpg 768w, https:\/\/www.salvemsabadia.com\/wp-content\/uploads\/2020\/12\/IMG_2475-1536x1232.jpg 1536w, https:\/\/www.salvemsabadia.com\/wp-content\/uploads\/2020\/12\/IMG_2475-2048x1642.jpg 2048w\" sizes=\"auto, (max-width: 2560px) 100vw, 2560px\" \/><\/p>\n","protected":false},"excerpt":{"rendered":"<p>Todos los a\u00f1os, los socios y simpatizantes de la organizaci\u00f3n ecologista Amics de la Terra otorgan su premio \u201cAmic de la Terra\u201d a una persona o entidad que se ha&#8230;<\/p>\n","protected":false},"author":2,"featured_media":1292,"comment_status":"open","ping_status":"open","sticky":false,"template":"","format":"standard","meta":{"give_campaign_id":0,"footnotes":""},"categories":[106,10],"tags":[],"class_list":{"0":"post-1291","1":"post","2":"type-post","3":"status-publish","4":"format-standard","5":"has-post-thumbnail","7":"category-destacado","8":"category-salvem-sa-badia"},"yoast_head":"<!-- This site is optimized with the Yoast SEO plugin v26.8 - https:\/\/yoast.com\/product\/yoast-seo-wordpress\/ -->\n<title>La iniciativa Salvem Sa Badia de Portmany recibe el premio \u2018Amic de la Terra 2020\u2019 - Salvem Sa Badia de Portmany<\/title>\n<meta name=\"robots\" content=\"index, follow, max-snippet:-1, max-image-preview:large, max-video-preview:-1\" \/>\n<link rel=\"canonical\" href=\"https:\/\/www.salvemsabadia.com\/la-iniciativa-salvem-sa-badia-de-portmany-rep-el-premi-amic-de-la-terra-2020\/\" \/>\n<meta property=\"og:locale\" content=\"es_ES\" \/>\n<meta property=\"og:type\" content=\"article\" \/>\n<meta property=\"og:title\" content=\"La iniciativa Salvem Sa Badia de Portmany recibe el premio \u2018Amic de la Terra 2020\u2019 - Salvem Sa Badia de Portmany\" \/>\n<meta property=\"og:description\" content=\"Todos los a\u00f1os, los socios y simpatizantes de la organizaci\u00f3n ecologista Amics de la Terra otorgan su premio \u201cAmic de la Terra\u201d a una persona o entidad que se ha...\" \/>\n<meta property=\"og:url\" content=\"https:\/\/www.salvemsabadia.com\/la-iniciativa-salvem-sa-badia-de-portmany-rep-el-premi-amic-de-la-terra-2020\/\" \/>\n<meta property=\"og:site_name\" content=\"Salvem Sa Badia de Portmany\" \/>\n<meta property=\"article:published_time\" content=\"2020-12-21T10:45:57+00:00\" \/>\n<meta property=\"article:modified_time\" content=\"2022-08-15T08:10:43+00:00\" \/>\n<meta property=\"og:image\" content=\"https:\/\/www.salvemsabadia.com\/wp-content\/uploads\/2020\/12\/IMG_2478-scaled.jpg\" \/>\n\t<meta property=\"og:image:width\" content=\"2560\" \/>\n\t<meta property=\"og:image:height\" content=\"1920\" \/>\n\t<meta property=\"og:image:type\" content=\"image\/jpeg\" \/>\n<meta name=\"author\" content=\"Salvem sa Badia\" \/>\n<meta name=\"twitter:card\" content=\"summary_large_image\" \/>\n<meta name=\"twitter:label1\" content=\"Escrito por\" \/>\n\t<meta name=\"twitter:data1\" content=\"Salvem sa Badia\" \/>\n\t<meta name=\"twitter:label2\" content=\"Tiempo de lectura\" \/>\n\t<meta name=\"twitter:data2\" content=\"3 minutos\" \/>\n<script type=\"application\/ld+json\" class=\"yoast-schema-graph\">{\"@context\":\"https:\/\/schema.org\",\"@graph\":[{\"@type\":\"Article\",\"@id\":\"https:\/\/www.salvemsabadia.com\/la-iniciativa-salvem-sa-badia-de-portmany-rep-el-premi-amic-de-la-terra-2020\/#article\",\"isPartOf\":{\"@id\":\"https:\/\/www.salvemsabadia.com\/la-iniciativa-salvem-sa-badia-de-portmany-rep-el-premi-amic-de-la-terra-2020\/\"},\"author\":{\"name\":\"Salvem sa Badia\",\"@id\":\"https:\/\/www.salvemsabadia.com\/#\/schema\/person\/5d08c5118adcb4140d13bde4826ba122\"},\"headline\":\"La iniciativa Salvem Sa Badia de Portmany recibe el premio \u2018Amic de la Terra 2020\u2019\",\"datePublished\":\"2020-12-21T10:45:57+00:00\",\"dateModified\":\"2022-08-15T08:10:43+00:00\",\"mainEntityOfPage\":{\"@id\":\"https:\/\/www.salvemsabadia.com\/la-iniciativa-salvem-sa-badia-de-portmany-rep-el-premi-amic-de-la-terra-2020\/\"},\"wordCount\":549,\"commentCount\":0,\"publisher\":{\"@id\":\"https:\/\/www.salvemsabadia.com\/#organization\"},\"image\":{\"@id\":\"https:\/\/www.salvemsabadia.com\/la-iniciativa-salvem-sa-badia-de-portmany-rep-el-premi-amic-de-la-terra-2020\/#primaryimage\"},\"thumbnailUrl\":\"https:\/\/www.salvemsabadia.com\/wp-content\/uploads\/2020\/12\/IMG_2478-scaled.jpg\",\"articleSection\":[\"Destacado\",\"Salvem Sa Badia\"],\"inLanguage\":\"es\",\"potentialAction\":[{\"@type\":\"CommentAction\",\"name\":\"Comment\",\"target\":[\"https:\/\/www.salvemsabadia.com\/la-iniciativa-salvem-sa-badia-de-portmany-rep-el-premi-amic-de-la-terra-2020\/#respond\"]}]},{\"@type\":\"WebPage\",\"@id\":\"https:\/\/www.salvemsabadia.com\/la-iniciativa-salvem-sa-badia-de-portmany-rep-el-premi-amic-de-la-terra-2020\/\",\"url\":\"https:\/\/www.salvemsabadia.com\/la-iniciativa-salvem-sa-badia-de-portmany-rep-el-premi-amic-de-la-terra-2020\/\",\"name\":\"La iniciativa Salvem Sa Badia de Portmany recibe el premio \u2018Amic de la Terra 2020\u2019 - Salvem Sa Badia de Portmany\",\"isPartOf\":{\"@id\":\"https:\/\/www.salvemsabadia.com\/#website\"},\"primaryImageOfPage\":{\"@id\":\"https:\/\/www.salvemsabadia.com\/la-iniciativa-salvem-sa-badia-de-portmany-rep-el-premi-amic-de-la-terra-2020\/#primaryimage\"},\"image\":{\"@id\":\"https:\/\/www.salvemsabadia.com\/la-iniciativa-salvem-sa-badia-de-portmany-rep-el-premi-amic-de-la-terra-2020\/#primaryimage\"},\"thumbnailUrl\":\"https:\/\/www.salvemsabadia.com\/wp-content\/uploads\/2020\/12\/IMG_2478-scaled.jpg\",\"datePublished\":\"2020-12-21T10:45:57+00:00\",\"dateModified\":\"2022-08-15T08:10:43+00:00\",\"breadcrumb\":{\"@id\":\"https:\/\/www.salvemsabadia.com\/la-iniciativa-salvem-sa-badia-de-portmany-rep-el-premi-amic-de-la-terra-2020\/#breadcrumb\"},\"inLanguage\":\"es\",\"potentialAction\":[{\"@type\":\"ReadAction\",\"target\":[\"https:\/\/www.salvemsabadia.com\/la-iniciativa-salvem-sa-badia-de-portmany-rep-el-premi-amic-de-la-terra-2020\/\"]}]},{\"@type\":\"ImageObject\",\"inLanguage\":\"es\",\"@id\":\"https:\/\/www.salvemsabadia.com\/la-iniciativa-salvem-sa-badia-de-portmany-rep-el-premi-amic-de-la-terra-2020\/#primaryimage\",\"url\":\"https:\/\/www.salvemsabadia.com\/wp-content\/uploads\/2020\/12\/IMG_2478-scaled.jpg\",\"contentUrl\":\"https:\/\/www.salvemsabadia.com\/wp-content\/uploads\/2020\/12\/IMG_2478-scaled.jpg\",\"width\":2560,\"height\":1920},{\"@type\":\"BreadcrumbList\",\"@id\":\"https:\/\/www.salvemsabadia.com\/la-iniciativa-salvem-sa-badia-de-portmany-rep-el-premi-amic-de-la-terra-2020\/#breadcrumb\",\"itemListElement\":[{\"@type\":\"ListItem\",\"position\":1,\"name\":\"Portada\",\"item\":\"https:\/\/www.salvemsabadia.com\/es\/\"},{\"@type\":\"ListItem\",\"position\":2,\"name\":\"La iniciativa Salvem Sa Badia de Portmany recibe el premio \u2018Amic de la Terra 2020\u2019\"}]},{\"@type\":\"WebSite\",\"@id\":\"https:\/\/www.salvemsabadia.com\/#website\",\"url\":\"https:\/\/www.salvemsabadia.com\/\",\"name\":\"Salvem Sa Badia de Portmany\",\"description\":\"\",\"publisher\":{\"@id\":\"https:\/\/www.salvemsabadia.com\/#organization\"},\"potentialAction\":[{\"@type\":\"SearchAction\",\"target\":{\"@type\":\"EntryPoint\",\"urlTemplate\":\"https:\/\/www.salvemsabadia.com\/?s={search_term_string}\"},\"query-input\":{\"@type\":\"PropertyValueSpecification\",\"valueRequired\":true,\"valueName\":\"search_term_string\"}}],\"inLanguage\":\"es\"},{\"@type\":\"Organization\",\"@id\":\"https:\/\/www.salvemsabadia.com\/#organization\",\"name\":\"Salvem Sa Badia de Portmany\",\"url\":\"https:\/\/www.salvemsabadia.com\/\",\"logo\":{\"@type\":\"ImageObject\",\"inLanguage\":\"es\",\"@id\":\"https:\/\/www.salvemsabadia.com\/#\/schema\/logo\/image\/\",\"url\":\"https:\/\/www.salvemsabadia.com\/wp-content\/uploads\/2020\/03\/logo.png\",\"contentUrl\":\"https:\/\/www.salvemsabadia.com\/wp-content\/uploads\/2020\/03\/logo.png\",\"width\":188,\"height\":151,\"caption\":\"Salvem Sa Badia de Portmany\"},\"image\":{\"@id\":\"https:\/\/www.salvemsabadia.com\/#\/schema\/logo\/image\/\"}},{\"@type\":\"Person\",\"@id\":\"https:\/\/www.salvemsabadia.com\/#\/schema\/person\/5d08c5118adcb4140d13bde4826ba122\",\"name\":\"Salvem sa Badia\",\"image\":{\"@type\":\"ImageObject\",\"inLanguage\":\"es\",\"@id\":\"https:\/\/www.salvemsabadia.com\/#\/schema\/person\/image\/\",\"url\":\"https:\/\/secure.gravatar.com\/avatar\/d569ee5739a9c7022470ea472c9b4b9cf476e15f1be71e5242c911d673d14ad9?s=96&d=mm&r=g\",\"contentUrl\":\"https:\/\/secure.gravatar.com\/avatar\/d569ee5739a9c7022470ea472c9b4b9cf476e15f1be71e5242c911d673d14ad9?s=96&d=mm&r=g\",\"caption\":\"Salvem sa Badia\"}}]}<\/script>\n<!-- \/ Yoast SEO plugin. -->","yoast_head_json":{"title":"La iniciativa Salvem Sa Badia de Portmany recibe el premio \u2018Amic de la Terra 2020\u2019 - Salvem Sa Badia de Portmany","robots":{"index":"index","follow":"follow","max-snippet":"max-snippet:-1","max-image-preview":"max-image-preview:large","max-video-preview":"max-video-preview:-1"},"canonical":"https:\/\/www.salvemsabadia.com\/la-iniciativa-salvem-sa-badia-de-portmany-rep-el-premi-amic-de-la-terra-2020\/","og_locale":"es_ES","og_type":"article","og_title":"La iniciativa Salvem Sa Badia de Portmany recibe el premio \u2018Amic de la Terra 2020\u2019 - Salvem Sa Badia de Portmany","og_description":"Todos los a\u00f1os, los socios y simpatizantes de la organizaci\u00f3n ecologista Amics de la Terra otorgan su premio \u201cAmic de la Terra\u201d a una persona o entidad que se ha...","og_url":"https:\/\/www.salvemsabadia.com\/la-iniciativa-salvem-sa-badia-de-portmany-rep-el-premi-amic-de-la-terra-2020\/","og_site_name":"Salvem Sa Badia de Portmany","article_published_time":"2020-12-21T10:45:57+00:00","article_modified_time":"2022-08-15T08:10:43+00:00","og_image":[{"width":2560,"height":1920,"url":"https:\/\/www.salvemsabadia.com\/wp-content\/uploads\/2020\/12\/IMG_2478-scaled.jpg","type":"image\/jpeg"}],"author":"Salvem sa Badia","twitter_card":"summary_large_image","twitter_misc":{"Escrito por":"Salvem sa Badia","Tiempo de lectura":"3 minutos"},"schema":{"@context":"https:\/\/schema.org","@graph":[{"@type":"Article","@id":"https:\/\/www.salvemsabadia.com\/la-iniciativa-salvem-sa-badia-de-portmany-rep-el-premi-amic-de-la-terra-2020\/#article","isPartOf":{"@id":"https:\/\/www.salvemsabadia.com\/la-iniciativa-salvem-sa-badia-de-portmany-rep-el-premi-amic-de-la-terra-2020\/"},"author":{"name":"Salvem sa Badia","@id":"https:\/\/www.salvemsabadia.com\/#\/schema\/person\/5d08c5118adcb4140d13bde4826ba122"},"headline":"La iniciativa Salvem Sa Badia de Portmany recibe el premio \u2018Amic de la Terra 2020\u2019","datePublished":"2020-12-21T10:45:57+00:00","dateModified":"2022-08-15T08:10:43+00:00","mainEntityOfPage":{"@id":"https:\/\/www.salvemsabadia.com\/la-iniciativa-salvem-sa-badia-de-portmany-rep-el-premi-amic-de-la-terra-2020\/"},"wordCount":549,"commentCount":0,"publisher":{"@id":"https:\/\/www.salvemsabadia.com\/#organization"},"image":{"@id":"https:\/\/www.salvemsabadia.com\/la-iniciativa-salvem-sa-badia-de-portmany-rep-el-premi-amic-de-la-terra-2020\/#primaryimage"},"thumbnailUrl":"https:\/\/www.salvemsabadia.com\/wp-content\/uploads\/2020\/12\/IMG_2478-scaled.jpg","articleSection":["Destacado","Salvem Sa Badia"],"inLanguage":"es","potentialAction":[{"@type":"CommentAction","name":"Comment","target":["https:\/\/www.salvemsabadia.com\/la-iniciativa-salvem-sa-badia-de-portmany-rep-el-premi-amic-de-la-terra-2020\/#respond"]}]},{"@type":"WebPage","@id":"https:\/\/www.salvemsabadia.com\/la-iniciativa-salvem-sa-badia-de-portmany-rep-el-premi-amic-de-la-terra-2020\/","url":"https:\/\/www.salvemsabadia.com\/la-iniciativa-salvem-sa-badia-de-portmany-rep-el-premi-amic-de-la-terra-2020\/","name":"La iniciativa Salvem Sa Badia de Portmany recibe el premio \u2018Amic de la Terra 2020\u2019 - Salvem Sa Badia de Portmany","isPartOf":{"@id":"https:\/\/www.salvemsabadia.com\/#website"},"primaryImageOfPage":{"@id":"https:\/\/www.salvemsabadia.com\/la-iniciativa-salvem-sa-badia-de-portmany-rep-el-premi-amic-de-la-terra-2020\/#primaryimage"},"image":{"@id":"https:\/\/www.salvemsabadia.com\/la-iniciativa-salvem-sa-badia-de-portmany-rep-el-premi-amic-de-la-terra-2020\/#primaryimage"},"thumbnailUrl":"https:\/\/www.salvemsabadia.com\/wp-content\/uploads\/2020\/12\/IMG_2478-scaled.jpg","datePublished":"2020-12-21T10:45:57+00:00","dateModified":"2022-08-15T08:10:43+00:00","breadcrumb":{"@id":"https:\/\/www.salvemsabadia.com\/la-iniciativa-salvem-sa-badia-de-portmany-rep-el-premi-amic-de-la-terra-2020\/#breadcrumb"},"inLanguage":"es","potentialAction":[{"@type":"ReadAction","target":["https:\/\/www.salvemsabadia.com\/la-iniciativa-salvem-sa-badia-de-portmany-rep-el-premi-amic-de-la-terra-2020\/"]}]},{"@type":"ImageObject","inLanguage":"es","@id":"https:\/\/www.salvemsabadia.com\/la-iniciativa-salvem-sa-badia-de-portmany-rep-el-premi-amic-de-la-terra-2020\/#primaryimage","url":"https:\/\/www.salvemsabadia.com\/wp-content\/uploads\/2020\/12\/IMG_2478-scaled.jpg","contentUrl":"https:\/\/www.salvemsabadia.com\/wp-content\/uploads\/2020\/12\/IMG_2478-scaled.jpg","width":2560,"height":1920},{"@type":"BreadcrumbList","@id":"https:\/\/www.salvemsabadia.com\/la-iniciativa-salvem-sa-badia-de-portmany-rep-el-premi-amic-de-la-terra-2020\/#breadcrumb","itemListElement":[{"@type":"ListItem","position":1,"name":"Portada","item":"https:\/\/www.salvemsabadia.com\/es\/"},{"@type":"ListItem","position":2,"name":"La iniciativa Salvem Sa Badia de Portmany recibe el premio \u2018Amic de la Terra 2020\u2019"}]},{"@type":"WebSite","@id":"https:\/\/www.salvemsabadia.com\/#website","url":"https:\/\/www.salvemsabadia.com\/","name":"Salvem Sa Badia de Portmany","description":"","publisher":{"@id":"https:\/\/www.salvemsabadia.com\/#organization"},"potentialAction":[{"@type":"SearchAction","target":{"@type":"EntryPoint","urlTemplate":"https:\/\/www.salvemsabadia.com\/?s={search_term_string}"},"query-input":{"@type":"PropertyValueSpecification","valueRequired":true,"valueName":"search_term_string"}}],"inLanguage":"es"},{"@type":"Organization","@id":"https:\/\/www.salvemsabadia.com\/#organization","name":"Salvem Sa Badia de Portmany","url":"https:\/\/www.salvemsabadia.com\/","logo":{"@type":"ImageObject","inLanguage":"es","@id":"https:\/\/www.salvemsabadia.com\/#\/schema\/logo\/image\/","url":"https:\/\/www.salvemsabadia.com\/wp-content\/uploads\/2020\/03\/logo.png","contentUrl":"https:\/\/www.salvemsabadia.com\/wp-content\/uploads\/2020\/03\/logo.png","width":188,"height":151,"caption":"Salvem Sa Badia de Portmany"},"image":{"@id":"https:\/\/www.salvemsabadia.com\/#\/schema\/logo\/image\/"}},{"@type":"Person","@id":"https:\/\/www.salvemsabadia.com\/#\/schema\/person\/5d08c5118adcb4140d13bde4826ba122","name":"Salvem sa Badia","image":{"@type":"ImageObject","inLanguage":"es","@id":"https:\/\/www.salvemsabadia.com\/#\/schema\/person\/image\/","url":"https:\/\/secure.gravatar.com\/avatar\/d569ee5739a9c7022470ea472c9b4b9cf476e15f1be71e5242c911d673d14ad9?s=96&d=mm&r=g","contentUrl":"https:\/\/secure.gravatar.com\/avatar\/d569ee5739a9c7022470ea472c9b4b9cf476e15f1be71e5242c911d673d14ad9?s=96&d=mm&r=g","caption":"Salvem sa Badia"}}]}},"_links":{"self":[{"href":"https:\/\/www.salvemsabadia.com\/es\/wp-json\/wp\/v2\/posts\/1291","targetHints":{"allow":["GET"]}}],"collection":[{"href":"https:\/\/www.salvemsabadia.com\/es\/wp-json\/wp\/v2\/posts"}],"about":[{"href":"https:\/\/www.salvemsabadia.com\/es\/wp-json\/wp\/v2\/types\/post"}],"author":[{"embeddable":true,"href":"https:\/\/www.salvemsabadia.com\/es\/wp-json\/wp\/v2\/users\/2"}],"replies":[{"embeddable":true,"href":"https:\/\/www.salvemsabadia.com\/es\/wp-json\/wp\/v2\/comments?post=1291"}],"version-history":[{"count":0,"href":"https:\/\/www.salvemsabadia.com\/es\/wp-json\/wp\/v2\/posts\/1291\/revisions"}],"wp:featuredmedia":[{"embeddable":true,"href":"https:\/\/www.salvemsabadia.com\/es\/wp-json\/wp\/v2\/media\/1292"}],"wp:attachment":[{"href":"https:\/\/www.salvemsabadia.com\/es\/wp-json\/wp\/v2\/media?parent=1291"}],"wp:term":[{"taxonomy":"category","embeddable":true,"href":"https:\/\/www.salvemsabadia.com\/es\/wp-json\/wp\/v2\/categories?post=1291"},{"taxonomy":"post_tag","embeddable":true,"href":"https:\/\/www.salvemsabadia.com\/es\/wp-json\/wp\/v2\/tags?post=1291"}],"curies":[{"name":"wp","href":"https:\/\/api.w.org\/{rel}","templated":true}]}}