{"id":1632,"date":"2021-03-08T10:11:44","date_gmt":"2021-03-08T09:11:44","guid":{"rendered":"https:\/\/www.salvemsabadia.com\/?p=1632"},"modified":"2022-08-15T10:19:16","modified_gmt":"2022-08-15T08:19:16","slug":"aquellos-anos-en-que-hasta-el-centro-de-la-bahia-de-portmany-estaba-cubierto-de-posidonia","status":"publish","type":"post","link":"https:\/\/www.salvemsabadia.com\/es\/aquellos-anos-en-que-hasta-el-centro-de-la-bahia-de-portmany-estaba-cubierto-de-posidonia\/","title":{"rendered":"Aquellos a\u00f1os en que hasta el centro de la bah\u00eda de Portmany estaba cubierto de Posidonia"},"content":{"rendered":"<p><iframe loading=\"lazy\" title=\"Aquellos a\u00f1os en que hasta el centro de la bah\u00eda de Portmany estaba cubierta de Posidonia\" width=\"1080\" height=\"608\" src=\"https:\/\/www.youtube.com\/embed\/4lgw-6XSK0s?feature=oembed\" frameborder=\"0\" allow=\"accelerometer; autoplay; clipboard-write; encrypted-media; gyroscope; picture-in-picture\" allowfullscreen><\/iframe><\/p>\n<p>En este v\u00eddeo, el segundo de una serie de piezas breves que forman parte del documental \u2018Portmany, una bah\u00eda amenazada\u2019, demostramos la densidad que llegaron a tener la posidonia y otras plantas submarinas incluso en zonas de la bah\u00eda que ahora de hallan desiertas.<\/p>\n<p>Hasta los a\u00f1os 90, la Posidonia ocupaba una gran parte del interior de la bah\u00eda de Portmany y representaba un aut\u00e9ntico vivero de especies marinas, tal y como lo describen los pescadores.<\/p>\n<p>El v\u00eddeo refleja la topograf\u00eda incluida en el primer estudio cient\u00edfico sobre los fondos marinos de la bah\u00eda, que realiz\u00f3 en 2008 el antiguo Ministerio de Medio Ambiente, hoy de Transici\u00f3n Ecol\u00f3gica. Dicho documento ya revela una bah\u00eda donde la Posidonia qued\u00f3 pr\u00e1cticamente eliminada en su parte central, dejando en su lugar lodos y fangos, pero que a\u00fan manten\u00eda densas praderas en el resto.<\/p>\n<p>Pese a la falta de investigaciones anteriores, existen distintas fotograf\u00edas a\u00e9reas tomadas en el siglo XX que muestran su evoluci\u00f3n. En una capturada en el a\u00f1o 2001 pueden observarse m\u00faltiples embarcaciones fondeadas en el centro de la bah\u00eda con muertos de hormig\u00f3n. A su lado, aparecen c\u00edrculos de arena, provocados sin duda por el vaiv\u00e9n de las cadenas, que aran el fondo y arrancan la Posidonia. Su contraste representa una se\u00f1al inequ\u00edvoca de la existencia de una densa flora marina en toda esta parte central.<\/p>\n<p>A continuaci\u00f3n, ofrecemos la versi\u00f3n completa del documental, de 16 minutos de duraci\u00f3n.<\/p>\n<p><iframe loading=\"lazy\" title=\"\u2018Portmany, una bah\u00eda amenazada\u2019\" width=\"1080\" height=\"608\" src=\"https:\/\/www.youtube.com\/embed\/F9UrW7A4MsI?feature=oembed\" frameborder=\"0\" allow=\"accelerometer; autoplay; clipboard-write; encrypted-media; gyroscope; picture-in-picture\" allowfullscreen><\/iframe><\/p>\n","protected":false},"excerpt":{"rendered":"<p>En este v\u00eddeo, el segundo de una serie de piezas breves que forman parte del documental \u2018Portmany, una bah\u00eda amenazada\u2019, demostramos la densidad que llegaron a tener la posidonia y&#8230;<\/p>\n","protected":false},"author":2,"featured_media":0,"comment_status":"open","ping_status":"open","sticky":false,"template":"","format":"video","meta":{"give_campaign_id":0,"footnotes":""},"categories":[201,106,213],"tags":[28,54],"class_list":{"0":"post-1632","1":"post","2":"type-post","3":"status-publish","4":"format-video","6":"category-biodiversidad","7":"category-destacado","8":"category-posidonia","9":"tag-medio-ambiente","10":"tag-posidonia","11":"post_format-post-format-video"},"yoast_head":"<!-- This site is optimized with the Yoast SEO plugin v26.8 - https:\/\/yoast.com\/product\/yoast-seo-wordpress\/ -->\n<title>Aquellos a\u00f1os en que hasta el centro de la bah\u00eda de Portmany estaba cubierto de Posidonia - Salvem Sa Badia de Portmany<\/title>\n<meta name=\"robots\" content=\"index, follow, max-snippet:-1, max-image-preview:large, max-video-preview:-1\" \/>\n<link rel=\"canonical\" href=\"https:\/\/www.salvemsabadia.com\/aquells-anys-en-que-fins-i-tot-el-centre-de-la-badia-de-portmany-estava-cobert-de-posidonia\/\" \/>\n<meta property=\"og:locale\" content=\"es_ES\" \/>\n<meta property=\"og:type\" content=\"article\" \/>\n<meta property=\"og:title\" content=\"Aquellos a\u00f1os en que hasta el centro de la bah\u00eda de Portmany estaba cubierto de Posidonia - Salvem Sa Badia de Portmany\" \/>\n<meta property=\"og:description\" content=\"En este v\u00eddeo, el segundo de una serie de piezas breves que forman parte del documental \u2018Portmany, una bah\u00eda amenazada\u2019, demostramos la densidad que llegaron a tener la posidonia y...\" \/>\n<meta property=\"og:url\" content=\"https:\/\/www.salvemsabadia.com\/aquells-anys-en-que-fins-i-tot-el-centre-de-la-badia-de-portmany-estava-cobert-de-posidonia\/\" \/>\n<meta property=\"og:site_name\" content=\"Salvem Sa Badia de Portmany\" \/>\n<meta property=\"article:published_time\" content=\"2021-03-08T09:11:44+00:00\" \/>\n<meta property=\"article:modified_time\" content=\"2022-08-15T08:19:16+00:00\" \/>\n<meta name=\"author\" content=\"Salvem sa Badia\" \/>\n<meta name=\"twitter:card\" content=\"summary_large_image\" \/>\n<meta name=\"twitter:label1\" content=\"Escrito por\" \/>\n\t<meta name=\"twitter:data1\" content=\"Salvem sa Badia\" \/>\n\t<meta name=\"twitter:label2\" content=\"Tiempo de lectura\" \/>\n\t<meta name=\"twitter:data2\" content=\"1 minuto\" \/>\n<script type=\"application\/ld+json\" class=\"yoast-schema-graph\">{\"@context\":\"https:\/\/schema.org\",\"@graph\":[{\"@type\":\"Article\",\"@id\":\"https:\/\/www.salvemsabadia.com\/aquells-anys-en-que-fins-i-tot-el-centre-de-la-badia-de-portmany-estava-cobert-de-posidonia\/#article\",\"isPartOf\":{\"@id\":\"https:\/\/www.salvemsabadia.com\/aquells-anys-en-que-fins-i-tot-el-centre-de-la-badia-de-portmany-estava-cobert-de-posidonia\/\"},\"author\":{\"name\":\"Salvem sa Badia\",\"@id\":\"https:\/\/www.salvemsabadia.com\/#\/schema\/person\/5d08c5118adcb4140d13bde4826ba122\"},\"headline\":\"Aquellos a\u00f1os en que hasta el centro de la bah\u00eda de Portmany estaba cubierto de Posidonia\",\"datePublished\":\"2021-03-08T09:11:44+00:00\",\"dateModified\":\"2022-08-15T08:19:16+00:00\",\"mainEntityOfPage\":{\"@id\":\"https:\/\/www.salvemsabadia.com\/aquells-anys-en-que-fins-i-tot-el-centre-de-la-badia-de-portmany-estava-cobert-de-posidonia\/\"},\"wordCount\":295,\"commentCount\":0,\"publisher\":{\"@id\":\"https:\/\/www.salvemsabadia.com\/#organization\"},\"keywords\":[\"Medio Ambiente\",\"posidonia\"],\"articleSection\":[\"Biodiversidad\",\"Destacado\",\"Posidonia\"],\"inLanguage\":\"es\",\"potentialAction\":[{\"@type\":\"CommentAction\",\"name\":\"Comment\",\"target\":[\"https:\/\/www.salvemsabadia.com\/aquells-anys-en-que-fins-i-tot-el-centre-de-la-badia-de-portmany-estava-cobert-de-posidonia\/#respond\"]}]},{\"@type\":\"WebPage\",\"@id\":\"https:\/\/www.salvemsabadia.com\/aquells-anys-en-que-fins-i-tot-el-centre-de-la-badia-de-portmany-estava-cobert-de-posidonia\/\",\"url\":\"https:\/\/www.salvemsabadia.com\/aquells-anys-en-que-fins-i-tot-el-centre-de-la-badia-de-portmany-estava-cobert-de-posidonia\/\",\"name\":\"Aquellos a\u00f1os en que hasta el centro de la bah\u00eda de Portmany estaba cubierto de Posidonia - Salvem Sa Badia de Portmany\",\"isPartOf\":{\"@id\":\"https:\/\/www.salvemsabadia.com\/#website\"},\"datePublished\":\"2021-03-08T09:11:44+00:00\",\"dateModified\":\"2022-08-15T08:19:16+00:00\",\"breadcrumb\":{\"@id\":\"https:\/\/www.salvemsabadia.com\/aquells-anys-en-que-fins-i-tot-el-centre-de-la-badia-de-portmany-estava-cobert-de-posidonia\/#breadcrumb\"},\"inLanguage\":\"es\",\"potentialAction\":[{\"@type\":\"ReadAction\",\"target\":[\"https:\/\/www.salvemsabadia.com\/aquells-anys-en-que-fins-i-tot-el-centre-de-la-badia-de-portmany-estava-cobert-de-posidonia\/\"]}]},{\"@type\":\"BreadcrumbList\",\"@id\":\"https:\/\/www.salvemsabadia.com\/aquells-anys-en-que-fins-i-tot-el-centre-de-la-badia-de-portmany-estava-cobert-de-posidonia\/#breadcrumb\",\"itemListElement\":[{\"@type\":\"ListItem\",\"position\":1,\"name\":\"Portada\",\"item\":\"https:\/\/www.salvemsabadia.com\/es\/\"},{\"@type\":\"ListItem\",\"position\":2,\"name\":\"Aquellos a\u00f1os en que hasta el centro de la bah\u00eda de Portmany estaba cubierto de Posidonia\"}]},{\"@type\":\"WebSite\",\"@id\":\"https:\/\/www.salvemsabadia.com\/#website\",\"url\":\"https:\/\/www.salvemsabadia.com\/\",\"name\":\"Salvem Sa Badia de Portmany\",\"description\":\"\",\"publisher\":{\"@id\":\"https:\/\/www.salvemsabadia.com\/#organization\"},\"potentialAction\":[{\"@type\":\"SearchAction\",\"target\":{\"@type\":\"EntryPoint\",\"urlTemplate\":\"https:\/\/www.salvemsabadia.com\/?s={search_term_string}\"},\"query-input\":{\"@type\":\"PropertyValueSpecification\",\"valueRequired\":true,\"valueName\":\"search_term_string\"}}],\"inLanguage\":\"es\"},{\"@type\":\"Organization\",\"@id\":\"https:\/\/www.salvemsabadia.com\/#organization\",\"name\":\"Salvem Sa Badia de Portmany\",\"url\":\"https:\/\/www.salvemsabadia.com\/\",\"logo\":{\"@type\":\"ImageObject\",\"inLanguage\":\"es\",\"@id\":\"https:\/\/www.salvemsabadia.com\/#\/schema\/logo\/image\/\",\"url\":\"https:\/\/www.salvemsabadia.com\/wp-content\/uploads\/2020\/03\/logo.png\",\"contentUrl\":\"https:\/\/www.salvemsabadia.com\/wp-content\/uploads\/2020\/03\/logo.png\",\"width\":188,\"height\":151,\"caption\":\"Salvem Sa Badia de Portmany\"},\"image\":{\"@id\":\"https:\/\/www.salvemsabadia.com\/#\/schema\/logo\/image\/\"}},{\"@type\":\"Person\",\"@id\":\"https:\/\/www.salvemsabadia.com\/#\/schema\/person\/5d08c5118adcb4140d13bde4826ba122\",\"name\":\"Salvem sa Badia\",\"image\":{\"@type\":\"ImageObject\",\"inLanguage\":\"es\",\"@id\":\"https:\/\/www.salvemsabadia.com\/#\/schema\/person\/image\/\",\"url\":\"https:\/\/secure.gravatar.com\/avatar\/d569ee5739a9c7022470ea472c9b4b9cf476e15f1be71e5242c911d673d14ad9?s=96&d=mm&r=g\",\"contentUrl\":\"https:\/\/secure.gravatar.com\/avatar\/d569ee5739a9c7022470ea472c9b4b9cf476e15f1be71e5242c911d673d14ad9?s=96&d=mm&r=g\",\"caption\":\"Salvem sa Badia\"}}]}<\/script>\n<!-- \/ Yoast SEO plugin. -->","yoast_head_json":{"title":"Aquellos a\u00f1os en que hasta el centro de la bah\u00eda de Portmany estaba cubierto de Posidonia - Salvem Sa Badia de Portmany","robots":{"index":"index","follow":"follow","max-snippet":"max-snippet:-1","max-image-preview":"max-image-preview:large","max-video-preview":"max-video-preview:-1"},"canonical":"https:\/\/www.salvemsabadia.com\/aquells-anys-en-que-fins-i-tot-el-centre-de-la-badia-de-portmany-estava-cobert-de-posidonia\/","og_locale":"es_ES","og_type":"article","og_title":"Aquellos a\u00f1os en que hasta el centro de la bah\u00eda de Portmany estaba cubierto de Posidonia - Salvem Sa Badia de Portmany","og_description":"En este v\u00eddeo, el segundo de una serie de piezas breves que forman parte del documental \u2018Portmany, una bah\u00eda amenazada\u2019, demostramos la densidad que llegaron a tener la posidonia y...","og_url":"https:\/\/www.salvemsabadia.com\/aquells-anys-en-que-fins-i-tot-el-centre-de-la-badia-de-portmany-estava-cobert-de-posidonia\/","og_site_name":"Salvem Sa Badia de Portmany","article_published_time":"2021-03-08T09:11:44+00:00","article_modified_time":"2022-08-15T08:19:16+00:00","author":"Salvem sa Badia","twitter_card":"summary_large_image","twitter_misc":{"Escrito por":"Salvem sa Badia","Tiempo de lectura":"1 minuto"},"schema":{"@context":"https:\/\/schema.org","@graph":[{"@type":"Article","@id":"https:\/\/www.salvemsabadia.com\/aquells-anys-en-que-fins-i-tot-el-centre-de-la-badia-de-portmany-estava-cobert-de-posidonia\/#article","isPartOf":{"@id":"https:\/\/www.salvemsabadia.com\/aquells-anys-en-que-fins-i-tot-el-centre-de-la-badia-de-portmany-estava-cobert-de-posidonia\/"},"author":{"name":"Salvem sa Badia","@id":"https:\/\/www.salvemsabadia.com\/#\/schema\/person\/5d08c5118adcb4140d13bde4826ba122"},"headline":"Aquellos a\u00f1os en que hasta el centro de la bah\u00eda de Portmany estaba cubierto de Posidonia","datePublished":"2021-03-08T09:11:44+00:00","dateModified":"2022-08-15T08:19:16+00:00","mainEntityOfPage":{"@id":"https:\/\/www.salvemsabadia.com\/aquells-anys-en-que-fins-i-tot-el-centre-de-la-badia-de-portmany-estava-cobert-de-posidonia\/"},"wordCount":295,"commentCount":0,"publisher":{"@id":"https:\/\/www.salvemsabadia.com\/#organization"},"keywords":["Medio Ambiente","posidonia"],"articleSection":["Biodiversidad","Destacado","Posidonia"],"inLanguage":"es","potentialAction":[{"@type":"CommentAction","name":"Comment","target":["https:\/\/www.salvemsabadia.com\/aquells-anys-en-que-fins-i-tot-el-centre-de-la-badia-de-portmany-estava-cobert-de-posidonia\/#respond"]}]},{"@type":"WebPage","@id":"https:\/\/www.salvemsabadia.com\/aquells-anys-en-que-fins-i-tot-el-centre-de-la-badia-de-portmany-estava-cobert-de-posidonia\/","url":"https:\/\/www.salvemsabadia.com\/aquells-anys-en-que-fins-i-tot-el-centre-de-la-badia-de-portmany-estava-cobert-de-posidonia\/","name":"Aquellos a\u00f1os en que hasta el centro de la bah\u00eda de Portmany estaba cubierto de Posidonia - Salvem Sa Badia de Portmany","isPartOf":{"@id":"https:\/\/www.salvemsabadia.com\/#website"},"datePublished":"2021-03-08T09:11:44+00:00","dateModified":"2022-08-15T08:19:16+00:00","breadcrumb":{"@id":"https:\/\/www.salvemsabadia.com\/aquells-anys-en-que-fins-i-tot-el-centre-de-la-badia-de-portmany-estava-cobert-de-posidonia\/#breadcrumb"},"inLanguage":"es","potentialAction":[{"@type":"ReadAction","target":["https:\/\/www.salvemsabadia.com\/aquells-anys-en-que-fins-i-tot-el-centre-de-la-badia-de-portmany-estava-cobert-de-posidonia\/"]}]},{"@type":"BreadcrumbList","@id":"https:\/\/www.salvemsabadia.com\/aquells-anys-en-que-fins-i-tot-el-centre-de-la-badia-de-portmany-estava-cobert-de-posidonia\/#breadcrumb","itemListElement":[{"@type":"ListItem","position":1,"name":"Portada","item":"https:\/\/www.salvemsabadia.com\/es\/"},{"@type":"ListItem","position":2,"name":"Aquellos a\u00f1os en que hasta el centro de la bah\u00eda de Portmany estaba cubierto de Posidonia"}]},{"@type":"WebSite","@id":"https:\/\/www.salvemsabadia.com\/#website","url":"https:\/\/www.salvemsabadia.com\/","name":"Salvem Sa Badia de Portmany","description":"","publisher":{"@id":"https:\/\/www.salvemsabadia.com\/#organization"},"potentialAction":[{"@type":"SearchAction","target":{"@type":"EntryPoint","urlTemplate":"https:\/\/www.salvemsabadia.com\/?s={search_term_string}"},"query-input":{"@type":"PropertyValueSpecification","valueRequired":true,"valueName":"search_term_string"}}],"inLanguage":"es"},{"@type":"Organization","@id":"https:\/\/www.salvemsabadia.com\/#organization","name":"Salvem Sa Badia de Portmany","url":"https:\/\/www.salvemsabadia.com\/","logo":{"@type":"ImageObject","inLanguage":"es","@id":"https:\/\/www.salvemsabadia.com\/#\/schema\/logo\/image\/","url":"https:\/\/www.salvemsabadia.com\/wp-content\/uploads\/2020\/03\/logo.png","contentUrl":"https:\/\/www.salvemsabadia.com\/wp-content\/uploads\/2020\/03\/logo.png","width":188,"height":151,"caption":"Salvem Sa Badia de Portmany"},"image":{"@id":"https:\/\/www.salvemsabadia.com\/#\/schema\/logo\/image\/"}},{"@type":"Person","@id":"https:\/\/www.salvemsabadia.com\/#\/schema\/person\/5d08c5118adcb4140d13bde4826ba122","name":"Salvem sa Badia","image":{"@type":"ImageObject","inLanguage":"es","@id":"https:\/\/www.salvemsabadia.com\/#\/schema\/person\/image\/","url":"https:\/\/secure.gravatar.com\/avatar\/d569ee5739a9c7022470ea472c9b4b9cf476e15f1be71e5242c911d673d14ad9?s=96&d=mm&r=g","contentUrl":"https:\/\/secure.gravatar.com\/avatar\/d569ee5739a9c7022470ea472c9b4b9cf476e15f1be71e5242c911d673d14ad9?s=96&d=mm&r=g","caption":"Salvem sa Badia"}}]}},"_links":{"self":[{"href":"https:\/\/www.salvemsabadia.com\/es\/wp-json\/wp\/v2\/posts\/1632","targetHints":{"allow":["GET"]}}],"collection":[{"href":"https:\/\/www.salvemsabadia.com\/es\/wp-json\/wp\/v2\/posts"}],"about":[{"href":"https:\/\/www.salvemsabadia.com\/es\/wp-json\/wp\/v2\/types\/post"}],"author":[{"embeddable":true,"href":"https:\/\/www.salvemsabadia.com\/es\/wp-json\/wp\/v2\/users\/2"}],"replies":[{"embeddable":true,"href":"https:\/\/www.salvemsabadia.com\/es\/wp-json\/wp\/v2\/comments?post=1632"}],"version-history":[{"count":0,"href":"https:\/\/www.salvemsabadia.com\/es\/wp-json\/wp\/v2\/posts\/1632\/revisions"}],"wp:attachment":[{"href":"https:\/\/www.salvemsabadia.com\/es\/wp-json\/wp\/v2\/media?parent=1632"}],"wp:term":[{"taxonomy":"category","embeddable":true,"href":"https:\/\/www.salvemsabadia.com\/es\/wp-json\/wp\/v2\/categories?post=1632"},{"taxonomy":"post_tag","embeddable":true,"href":"https:\/\/www.salvemsabadia.com\/es\/wp-json\/wp\/v2\/tags?post=1632"}],"curies":[{"name":"wp","href":"https:\/\/api.w.org\/{rel}","templated":true}]}}