{"id":1723,"date":"2021-03-16T09:40:20","date_gmt":"2021-03-16T08:40:20","guid":{"rendered":"https:\/\/www.salvemsabadia.com\/?p=1723"},"modified":"2022-08-15T10:20:25","modified_gmt":"2022-08-15T08:20:25","slug":"el-video-que-demuestra-que-la-bahia-de-portmany-ha-perdido-el-50-de-su-vegetacion-submarina","status":"publish","type":"post","link":"https:\/\/www.salvemsabadia.com\/es\/el-video-que-demuestra-que-la-bahia-de-portmany-ha-perdido-el-50-de-su-vegetacion-submarina\/","title":{"rendered":"El v\u00eddeo que demuestra que la bah\u00eda de Portmany ha perdido el 50% de su vegetaci\u00f3n submarina"},"content":{"rendered":"<p><iframe loading=\"lazy\" title=\"La bah\u00eda de Portmany ha perdido el 50% de su vegetaci\u00f3n submarina\" width=\"1080\" height=\"608\" src=\"https:\/\/www.youtube.com\/embed\/ntlGeVuWFLc?feature=oembed\" frameborder=\"0\" allow=\"accelerometer; autoplay; clipboard-write; encrypted-media; gyroscope; picture-in-picture\" allowfullscreen><\/iframe><\/p>\n<p>En este tercer v\u00eddeo de la serie de piezas breves que forman parte del documental \u2018Portmany, una bah\u00eda amenazada\u2019, revelamos que la bah\u00eda de Portmany ha perdido en pocos a\u00f1os el 50% de su vegetaci\u00f3n submarina, gracias a un nuevo estudio que realiza una completa topograf\u00eda submarina del fondo.<\/p>\n<p>Este trabajo, realizado a finales de 2020, lo ha elaborado una consultora medioambiental y aporta nueva informaci\u00f3n, adem\u00e1s de incorporar una cartograf\u00eda rigurosa y detallada del fondo marino de la bah\u00eda y sus comunidades bent\u00f3nicas.<\/p>\n<p>Para desarrollar este informe se han establecido m\u00e1s de 3.200 puntos de observaci\u00f3n directa, con datos georreferenciados, que se han completado con otros 500 puntos obtenidos a trav\u00e9s de una fotograf\u00eda de alta resoluci\u00f3n tomada con dron. En total,\u00a0 3700 puntos. Se trata de un estudio elaborado con mucho detalle y precisi\u00f3n.<\/p>\n<p>El resultado es un mapa espec\u00edfico donde se identifica claramente la flora de los fondos de la bah\u00eda, que van desde zonas de lodos y fangos, especialmente en la parte norte de la bah\u00eda, a zonas de posidonia en la zona centro-oeste y sur, y plantas cymodoceas que principalmente se dan en el este.<\/p>\n<p>Si superponemos el mapa actual con otra topograf\u00eda realizada en 2008 por el Ministerio de Medio Ambiente, hoy de Transici\u00f3n Ecol\u00f3gica, el resultado es altamente preocupante y supera las expectativas m\u00e1s pesimistas. En apenas 20 a\u00f1os, se ha perdido el 50% de la vegetaci\u00f3n, en su mayor parte posidonia. Con el agravante de que esta valiosa planta crece muy lentamente, apenas un cent\u00edmetro al a\u00f1o, y si se pierde va a ser pr\u00e1cticamente irrecuperable. Tambi\u00e9n se observa que una de las zonas m\u00e1s afectadas es la que est\u00e1 situada junto al muelle comercial.<\/p>\n<p>A continuaci\u00f3n, ofrecemos la versi\u00f3n completa del documental, de 16 minutos de duraci\u00f3n.<\/p>\n<p><iframe loading=\"lazy\" title=\"\u2018Portmany, una bah\u00eda amenazada\u2019\" width=\"1080\" height=\"608\" src=\"https:\/\/www.youtube.com\/embed\/F9UrW7A4MsI?feature=oembed\" frameborder=\"0\" allow=\"accelerometer; autoplay; clipboard-write; encrypted-media; gyroscope; picture-in-picture\" allowfullscreen><\/iframe><\/p>\n<p>&nbsp;<\/p>\n","protected":false},"excerpt":{"rendered":"<p>En este tercer v\u00eddeo de la serie de piezas breves que forman parte del documental \u2018Portmany, una bah\u00eda amenazada\u2019, revelamos que la bah\u00eda de Portmany ha perdido en pocos a\u00f1os&#8230;<\/p>\n","protected":false},"author":2,"featured_media":0,"comment_status":"open","ping_status":"open","sticky":false,"template":"","format":"video","meta":{"give_campaign_id":0,"footnotes":""},"categories":[201,203,106,213,214],"tags":[],"class_list":{"0":"post-1723","1":"post","2":"type-post","3":"status-publish","4":"format-video","6":"category-biodiversidad","7":"category-calidad-del-agua","8":"category-destacado","9":"category-posidonia","10":"category-puerto-de-sant-antoni","11":"post_format-post-format-video"},"yoast_head":"<!-- This site is optimized with the Yoast SEO plugin v26.8 - https:\/\/yoast.com\/product\/yoast-seo-wordpress\/ -->\n<title>El v\u00eddeo que demuestra que la bah\u00eda de Portmany ha perdido el 50% de su vegetaci\u00f3n submarina - Salvem Sa Badia de Portmany<\/title>\n<meta name=\"robots\" content=\"index, follow, max-snippet:-1, max-image-preview:large, max-video-preview:-1\" \/>\n<link rel=\"canonical\" href=\"https:\/\/www.salvemsabadia.com\/el-video-que-demostra-que-la-badia-de-portmany-ha-perdut-el-50-de-la-seva-vegetacio-submarina\/\" \/>\n<meta property=\"og:locale\" content=\"es_ES\" \/>\n<meta property=\"og:type\" content=\"article\" \/>\n<meta property=\"og:title\" content=\"El v\u00eddeo que demuestra que la bah\u00eda de Portmany ha perdido el 50% de su vegetaci\u00f3n submarina - Salvem Sa Badia de Portmany\" \/>\n<meta property=\"og:description\" content=\"En este tercer v\u00eddeo de la serie de piezas breves que forman parte del documental \u2018Portmany, una bah\u00eda amenazada\u2019, revelamos que la bah\u00eda de Portmany ha perdido en pocos a\u00f1os...\" \/>\n<meta property=\"og:url\" content=\"https:\/\/www.salvemsabadia.com\/el-video-que-demostra-que-la-badia-de-portmany-ha-perdut-el-50-de-la-seva-vegetacio-submarina\/\" \/>\n<meta property=\"og:site_name\" content=\"Salvem Sa Badia de Portmany\" \/>\n<meta property=\"article:published_time\" content=\"2021-03-16T08:40:20+00:00\" \/>\n<meta property=\"article:modified_time\" content=\"2022-08-15T08:20:25+00:00\" \/>\n<meta name=\"author\" content=\"Salvem sa Badia\" \/>\n<meta name=\"twitter:card\" content=\"summary_large_image\" \/>\n<meta name=\"twitter:label1\" content=\"Escrito por\" \/>\n\t<meta name=\"twitter:data1\" content=\"Salvem sa Badia\" \/>\n\t<meta name=\"twitter:label2\" content=\"Tiempo de lectura\" \/>\n\t<meta name=\"twitter:data2\" content=\"2 minutos\" \/>\n<script type=\"application\/ld+json\" class=\"yoast-schema-graph\">{\"@context\":\"https:\/\/schema.org\",\"@graph\":[{\"@type\":\"Article\",\"@id\":\"https:\/\/www.salvemsabadia.com\/el-video-que-demostra-que-la-badia-de-portmany-ha-perdut-el-50-de-la-seva-vegetacio-submarina\/#article\",\"isPartOf\":{\"@id\":\"https:\/\/www.salvemsabadia.com\/el-video-que-demostra-que-la-badia-de-portmany-ha-perdut-el-50-de-la-seva-vegetacio-submarina\/\"},\"author\":{\"name\":\"Salvem sa Badia\",\"@id\":\"https:\/\/www.salvemsabadia.com\/#\/schema\/person\/5d08c5118adcb4140d13bde4826ba122\"},\"headline\":\"El v\u00eddeo que demuestra que la bah\u00eda de Portmany ha perdido el 50% de su vegetaci\u00f3n submarina\",\"datePublished\":\"2021-03-16T08:40:20+00:00\",\"dateModified\":\"2022-08-15T08:20:25+00:00\",\"mainEntityOfPage\":{\"@id\":\"https:\/\/www.salvemsabadia.com\/el-video-que-demostra-que-la-badia-de-portmany-ha-perdut-el-50-de-la-seva-vegetacio-submarina\/\"},\"wordCount\":352,\"commentCount\":0,\"publisher\":{\"@id\":\"https:\/\/www.salvemsabadia.com\/#organization\"},\"articleSection\":[\"Biodiversidad\",\"Calidad del agua\",\"Destacado\",\"Posidonia\",\"Puerto de Sant Antoni\"],\"inLanguage\":\"es\",\"potentialAction\":[{\"@type\":\"CommentAction\",\"name\":\"Comment\",\"target\":[\"https:\/\/www.salvemsabadia.com\/el-video-que-demostra-que-la-badia-de-portmany-ha-perdut-el-50-de-la-seva-vegetacio-submarina\/#respond\"]}]},{\"@type\":\"WebPage\",\"@id\":\"https:\/\/www.salvemsabadia.com\/el-video-que-demostra-que-la-badia-de-portmany-ha-perdut-el-50-de-la-seva-vegetacio-submarina\/\",\"url\":\"https:\/\/www.salvemsabadia.com\/el-video-que-demostra-que-la-badia-de-portmany-ha-perdut-el-50-de-la-seva-vegetacio-submarina\/\",\"name\":\"El v\u00eddeo que demuestra que la bah\u00eda de Portmany ha perdido el 50% de su vegetaci\u00f3n submarina - Salvem Sa Badia de Portmany\",\"isPartOf\":{\"@id\":\"https:\/\/www.salvemsabadia.com\/#website\"},\"datePublished\":\"2021-03-16T08:40:20+00:00\",\"dateModified\":\"2022-08-15T08:20:25+00:00\",\"breadcrumb\":{\"@id\":\"https:\/\/www.salvemsabadia.com\/el-video-que-demostra-que-la-badia-de-portmany-ha-perdut-el-50-de-la-seva-vegetacio-submarina\/#breadcrumb\"},\"inLanguage\":\"es\",\"potentialAction\":[{\"@type\":\"ReadAction\",\"target\":[\"https:\/\/www.salvemsabadia.com\/el-video-que-demostra-que-la-badia-de-portmany-ha-perdut-el-50-de-la-seva-vegetacio-submarina\/\"]}]},{\"@type\":\"BreadcrumbList\",\"@id\":\"https:\/\/www.salvemsabadia.com\/el-video-que-demostra-que-la-badia-de-portmany-ha-perdut-el-50-de-la-seva-vegetacio-submarina\/#breadcrumb\",\"itemListElement\":[{\"@type\":\"ListItem\",\"position\":1,\"name\":\"Portada\",\"item\":\"https:\/\/www.salvemsabadia.com\/es\/\"},{\"@type\":\"ListItem\",\"position\":2,\"name\":\"El v\u00eddeo que demuestra que la bah\u00eda de Portmany ha perdido el 50% de su vegetaci\u00f3n submarina\"}]},{\"@type\":\"WebSite\",\"@id\":\"https:\/\/www.salvemsabadia.com\/#website\",\"url\":\"https:\/\/www.salvemsabadia.com\/\",\"name\":\"Salvem Sa Badia de Portmany\",\"description\":\"\",\"publisher\":{\"@id\":\"https:\/\/www.salvemsabadia.com\/#organization\"},\"potentialAction\":[{\"@type\":\"SearchAction\",\"target\":{\"@type\":\"EntryPoint\",\"urlTemplate\":\"https:\/\/www.salvemsabadia.com\/?s={search_term_string}\"},\"query-input\":{\"@type\":\"PropertyValueSpecification\",\"valueRequired\":true,\"valueName\":\"search_term_string\"}}],\"inLanguage\":\"es\"},{\"@type\":\"Organization\",\"@id\":\"https:\/\/www.salvemsabadia.com\/#organization\",\"name\":\"Salvem Sa Badia de Portmany\",\"url\":\"https:\/\/www.salvemsabadia.com\/\",\"logo\":{\"@type\":\"ImageObject\",\"inLanguage\":\"es\",\"@id\":\"https:\/\/www.salvemsabadia.com\/#\/schema\/logo\/image\/\",\"url\":\"https:\/\/www.salvemsabadia.com\/wp-content\/uploads\/2020\/03\/logo.png\",\"contentUrl\":\"https:\/\/www.salvemsabadia.com\/wp-content\/uploads\/2020\/03\/logo.png\",\"width\":188,\"height\":151,\"caption\":\"Salvem Sa Badia de Portmany\"},\"image\":{\"@id\":\"https:\/\/www.salvemsabadia.com\/#\/schema\/logo\/image\/\"}},{\"@type\":\"Person\",\"@id\":\"https:\/\/www.salvemsabadia.com\/#\/schema\/person\/5d08c5118adcb4140d13bde4826ba122\",\"name\":\"Salvem sa Badia\",\"image\":{\"@type\":\"ImageObject\",\"inLanguage\":\"es\",\"@id\":\"https:\/\/www.salvemsabadia.com\/#\/schema\/person\/image\/\",\"url\":\"https:\/\/secure.gravatar.com\/avatar\/d569ee5739a9c7022470ea472c9b4b9cf476e15f1be71e5242c911d673d14ad9?s=96&d=mm&r=g\",\"contentUrl\":\"https:\/\/secure.gravatar.com\/avatar\/d569ee5739a9c7022470ea472c9b4b9cf476e15f1be71e5242c911d673d14ad9?s=96&d=mm&r=g\",\"caption\":\"Salvem sa Badia\"}}]}<\/script>\n<!-- \/ Yoast SEO plugin. -->","yoast_head_json":{"title":"El v\u00eddeo que demuestra que la bah\u00eda de Portmany ha perdido el 50% de su vegetaci\u00f3n submarina - Salvem Sa Badia de Portmany","robots":{"index":"index","follow":"follow","max-snippet":"max-snippet:-1","max-image-preview":"max-image-preview:large","max-video-preview":"max-video-preview:-1"},"canonical":"https:\/\/www.salvemsabadia.com\/el-video-que-demostra-que-la-badia-de-portmany-ha-perdut-el-50-de-la-seva-vegetacio-submarina\/","og_locale":"es_ES","og_type":"article","og_title":"El v\u00eddeo que demuestra que la bah\u00eda de Portmany ha perdido el 50% de su vegetaci\u00f3n submarina - Salvem Sa Badia de Portmany","og_description":"En este tercer v\u00eddeo de la serie de piezas breves que forman parte del documental \u2018Portmany, una bah\u00eda amenazada\u2019, revelamos que la bah\u00eda de Portmany ha perdido en pocos a\u00f1os...","og_url":"https:\/\/www.salvemsabadia.com\/el-video-que-demostra-que-la-badia-de-portmany-ha-perdut-el-50-de-la-seva-vegetacio-submarina\/","og_site_name":"Salvem Sa Badia de Portmany","article_published_time":"2021-03-16T08:40:20+00:00","article_modified_time":"2022-08-15T08:20:25+00:00","author":"Salvem sa Badia","twitter_card":"summary_large_image","twitter_misc":{"Escrito por":"Salvem sa Badia","Tiempo de lectura":"2 minutos"},"schema":{"@context":"https:\/\/schema.org","@graph":[{"@type":"Article","@id":"https:\/\/www.salvemsabadia.com\/el-video-que-demostra-que-la-badia-de-portmany-ha-perdut-el-50-de-la-seva-vegetacio-submarina\/#article","isPartOf":{"@id":"https:\/\/www.salvemsabadia.com\/el-video-que-demostra-que-la-badia-de-portmany-ha-perdut-el-50-de-la-seva-vegetacio-submarina\/"},"author":{"name":"Salvem sa Badia","@id":"https:\/\/www.salvemsabadia.com\/#\/schema\/person\/5d08c5118adcb4140d13bde4826ba122"},"headline":"El v\u00eddeo que demuestra que la bah\u00eda de Portmany ha perdido el 50% de su vegetaci\u00f3n submarina","datePublished":"2021-03-16T08:40:20+00:00","dateModified":"2022-08-15T08:20:25+00:00","mainEntityOfPage":{"@id":"https:\/\/www.salvemsabadia.com\/el-video-que-demostra-que-la-badia-de-portmany-ha-perdut-el-50-de-la-seva-vegetacio-submarina\/"},"wordCount":352,"commentCount":0,"publisher":{"@id":"https:\/\/www.salvemsabadia.com\/#organization"},"articleSection":["Biodiversidad","Calidad del agua","Destacado","Posidonia","Puerto de Sant Antoni"],"inLanguage":"es","potentialAction":[{"@type":"CommentAction","name":"Comment","target":["https:\/\/www.salvemsabadia.com\/el-video-que-demostra-que-la-badia-de-portmany-ha-perdut-el-50-de-la-seva-vegetacio-submarina\/#respond"]}]},{"@type":"WebPage","@id":"https:\/\/www.salvemsabadia.com\/el-video-que-demostra-que-la-badia-de-portmany-ha-perdut-el-50-de-la-seva-vegetacio-submarina\/","url":"https:\/\/www.salvemsabadia.com\/el-video-que-demostra-que-la-badia-de-portmany-ha-perdut-el-50-de-la-seva-vegetacio-submarina\/","name":"El v\u00eddeo que demuestra que la bah\u00eda de Portmany ha perdido el 50% de su vegetaci\u00f3n submarina - Salvem Sa Badia de Portmany","isPartOf":{"@id":"https:\/\/www.salvemsabadia.com\/#website"},"datePublished":"2021-03-16T08:40:20+00:00","dateModified":"2022-08-15T08:20:25+00:00","breadcrumb":{"@id":"https:\/\/www.salvemsabadia.com\/el-video-que-demostra-que-la-badia-de-portmany-ha-perdut-el-50-de-la-seva-vegetacio-submarina\/#breadcrumb"},"inLanguage":"es","potentialAction":[{"@type":"ReadAction","target":["https:\/\/www.salvemsabadia.com\/el-video-que-demostra-que-la-badia-de-portmany-ha-perdut-el-50-de-la-seva-vegetacio-submarina\/"]}]},{"@type":"BreadcrumbList","@id":"https:\/\/www.salvemsabadia.com\/el-video-que-demostra-que-la-badia-de-portmany-ha-perdut-el-50-de-la-seva-vegetacio-submarina\/#breadcrumb","itemListElement":[{"@type":"ListItem","position":1,"name":"Portada","item":"https:\/\/www.salvemsabadia.com\/es\/"},{"@type":"ListItem","position":2,"name":"El v\u00eddeo que demuestra que la bah\u00eda de Portmany ha perdido el 50% de su vegetaci\u00f3n submarina"}]},{"@type":"WebSite","@id":"https:\/\/www.salvemsabadia.com\/#website","url":"https:\/\/www.salvemsabadia.com\/","name":"Salvem Sa Badia de Portmany","description":"","publisher":{"@id":"https:\/\/www.salvemsabadia.com\/#organization"},"potentialAction":[{"@type":"SearchAction","target":{"@type":"EntryPoint","urlTemplate":"https:\/\/www.salvemsabadia.com\/?s={search_term_string}"},"query-input":{"@type":"PropertyValueSpecification","valueRequired":true,"valueName":"search_term_string"}}],"inLanguage":"es"},{"@type":"Organization","@id":"https:\/\/www.salvemsabadia.com\/#organization","name":"Salvem Sa Badia de Portmany","url":"https:\/\/www.salvemsabadia.com\/","logo":{"@type":"ImageObject","inLanguage":"es","@id":"https:\/\/www.salvemsabadia.com\/#\/schema\/logo\/image\/","url":"https:\/\/www.salvemsabadia.com\/wp-content\/uploads\/2020\/03\/logo.png","contentUrl":"https:\/\/www.salvemsabadia.com\/wp-content\/uploads\/2020\/03\/logo.png","width":188,"height":151,"caption":"Salvem Sa Badia de Portmany"},"image":{"@id":"https:\/\/www.salvemsabadia.com\/#\/schema\/logo\/image\/"}},{"@type":"Person","@id":"https:\/\/www.salvemsabadia.com\/#\/schema\/person\/5d08c5118adcb4140d13bde4826ba122","name":"Salvem sa Badia","image":{"@type":"ImageObject","inLanguage":"es","@id":"https:\/\/www.salvemsabadia.com\/#\/schema\/person\/image\/","url":"https:\/\/secure.gravatar.com\/avatar\/d569ee5739a9c7022470ea472c9b4b9cf476e15f1be71e5242c911d673d14ad9?s=96&d=mm&r=g","contentUrl":"https:\/\/secure.gravatar.com\/avatar\/d569ee5739a9c7022470ea472c9b4b9cf476e15f1be71e5242c911d673d14ad9?s=96&d=mm&r=g","caption":"Salvem sa Badia"}}]}},"_links":{"self":[{"href":"https:\/\/www.salvemsabadia.com\/es\/wp-json\/wp\/v2\/posts\/1723","targetHints":{"allow":["GET"]}}],"collection":[{"href":"https:\/\/www.salvemsabadia.com\/es\/wp-json\/wp\/v2\/posts"}],"about":[{"href":"https:\/\/www.salvemsabadia.com\/es\/wp-json\/wp\/v2\/types\/post"}],"author":[{"embeddable":true,"href":"https:\/\/www.salvemsabadia.com\/es\/wp-json\/wp\/v2\/users\/2"}],"replies":[{"embeddable":true,"href":"https:\/\/www.salvemsabadia.com\/es\/wp-json\/wp\/v2\/comments?post=1723"}],"version-history":[{"count":0,"href":"https:\/\/www.salvemsabadia.com\/es\/wp-json\/wp\/v2\/posts\/1723\/revisions"}],"wp:attachment":[{"href":"https:\/\/www.salvemsabadia.com\/es\/wp-json\/wp\/v2\/media?parent=1723"}],"wp:term":[{"taxonomy":"category","embeddable":true,"href":"https:\/\/www.salvemsabadia.com\/es\/wp-json\/wp\/v2\/categories?post=1723"},{"taxonomy":"post_tag","embeddable":true,"href":"https:\/\/www.salvemsabadia.com\/es\/wp-json\/wp\/v2\/tags?post=1723"}],"curies":[{"name":"wp","href":"https:\/\/api.w.org\/{rel}","templated":true}]}}