{"id":1730,"date":"2021-03-22T08:49:25","date_gmt":"2021-03-22T07:49:25","guid":{"rendered":"https:\/\/www.salvemsabadia.com\/?p=1730"},"modified":"2022-08-15T10:20:58","modified_gmt":"2022-08-15T08:20:58","slug":"las-consecuencias-del-empobrecimiento-de-la-vida-vegetal-en-la-bahia-de-portmany","status":"publish","type":"post","link":"https:\/\/www.salvemsabadia.com\/es\/las-consecuencias-del-empobrecimiento-de-la-vida-vegetal-en-la-bahia-de-portmany\/","title":{"rendered":"Las consecuencias del empobrecimiento de la vida vegetal en la bah\u00eda de Portmany"},"content":{"rendered":"<p><iframe loading=\"lazy\" title=\"Las consecuencias del empobrecimiento de la vida vegetal en la bah\u00eda de Portmany\" width=\"1080\" height=\"608\" src=\"https:\/\/www.youtube.com\/embed\/euEHnm4OF90?feature=oembed\" frameborder=\"0\" allow=\"accelerometer; autoplay; clipboard-write; encrypted-media; gyroscope; picture-in-picture\" allowfullscreen><\/iframe><\/p>\n<p>En este cuarto v\u00eddeo de la serie de piezas breves que forman parte del documental \u2018Portmany, una bah\u00eda amenazada\u2019, explicamos cu\u00e1les pueden ser las consecuencias del empobrecimiento de la vida vegetal en la bah\u00eda de Portmany. Para ello, analizamos un ejemplo extremo, pero muy cercano: la Manga del Mar Menor, que en otros tiempos fue la laguna salada m\u00e1s importante de Europa y un tesoro ecol\u00f3gico.<\/p>\n<p>En octubre del a\u00f1o 2019 miles de peces muertos aparecieron en la costa. Los vertidos de aguas residuales y los nitratos y fosfatos empleados en la agricultura intensiva, arrastrados por la lluvia, han provocado la turbidez del mar y el crecimiento\u00a0 incontrolado de microplacton.<\/p>\n<p>Este fen\u00f3meno impide la entrada de rayos de sol en el agua, provocando la muerte de las plantas y, de forma indirecta, de toda la vida en el interior de la laguna. El resultado es que el Mar Menor ha perdido sus diecisiete banderas azules, el turismo ha emigrado a otras zonas y ni siquiera los que poseen una segunda residencia veranean ya all\u00ed.<\/p>\n<p>En un informe de 2019, la Fundaci\u00f3n Marilles, junto con la Universidad de les Illes Balears y diversos organismos oficiales de investigaci\u00f3n, reconocen y califican el estado de conservaci\u00f3n del fondo marino de la bah\u00eda de Portmany como desfavorable e inadecuado. Y lo mismo indica otro estudio encargado por el Consell Insular d\u2019Eivissa en 2018. Esto significa que no se est\u00e1n tomando todas las medidas necesarias para proteger la pradera de Posidonia y que \u00e9sta corre serio peligro a medio y largo plazo.<\/p>\n<p>A continuaci\u00f3n, ofrecemos la versi\u00f3n completa del documental, de 16 minutos de duraci\u00f3n.<\/p>\n<p><iframe loading=\"lazy\" title=\"\u2018Portmany, una bah\u00eda amenazada\u2019\" width=\"1080\" height=\"608\" src=\"https:\/\/www.youtube.com\/embed\/F9UrW7A4MsI?feature=oembed\" frameborder=\"0\" allow=\"accelerometer; autoplay; clipboard-write; encrypted-media; gyroscope; picture-in-picture\" allowfullscreen><\/iframe><\/p>\n<p>&nbsp;<\/p>\n","protected":false},"excerpt":{"rendered":"<p>En este cuarto v\u00eddeo de la serie de piezas breves que forman parte del documental \u2018Portmany, una bah\u00eda amenazada\u2019, explicamos cu\u00e1les pueden ser las consecuencias del empobrecimiento de la vida&#8230;<\/p>\n","protected":false},"author":2,"featured_media":0,"comment_status":"open","ping_status":"open","sticky":false,"template":"","format":"video","meta":{"give_campaign_id":0,"footnotes":""},"categories":[201,203,106,213,214],"tags":[108,54,87],"class_list":{"0":"post-1730","1":"post","2":"type-post","3":"status-publish","4":"format-video","6":"category-biodiversidad","7":"category-calidad-del-agua","8":"category-destacado","9":"category-posidonia","10":"category-puerto-de-sant-antoni","11":"tag-la-manga-del-mar-menor","12":"tag-posidonia","13":"tag-video-es","14":"post_format-post-format-video"},"yoast_head":"<!-- This site is optimized with the Yoast SEO plugin v26.8 - https:\/\/yoast.com\/product\/yoast-seo-wordpress\/ -->\n<title>Las consecuencias del empobrecimiento de la vida vegetal en la bah\u00eda de Portmany - Salvem Sa Badia de Portmany<\/title>\n<meta name=\"robots\" content=\"index, follow, max-snippet:-1, max-image-preview:large, max-video-preview:-1\" \/>\n<link rel=\"canonical\" href=\"https:\/\/www.salvemsabadia.com\/les-consequencies-del-empobriment-de-la-vida-vegetal-a-la-badia-de-portmany\/\" \/>\n<meta property=\"og:locale\" content=\"es_ES\" \/>\n<meta property=\"og:type\" content=\"article\" \/>\n<meta property=\"og:title\" content=\"Las consecuencias del empobrecimiento de la vida vegetal en la bah\u00eda de Portmany - Salvem Sa Badia de Portmany\" \/>\n<meta property=\"og:description\" content=\"En este cuarto v\u00eddeo de la serie de piezas breves que forman parte del documental \u2018Portmany, una bah\u00eda amenazada\u2019, explicamos cu\u00e1les pueden ser las consecuencias del empobrecimiento de la vida...\" \/>\n<meta property=\"og:url\" content=\"https:\/\/www.salvemsabadia.com\/les-consequencies-del-empobriment-de-la-vida-vegetal-a-la-badia-de-portmany\/\" \/>\n<meta property=\"og:site_name\" content=\"Salvem Sa Badia de Portmany\" \/>\n<meta property=\"article:published_time\" content=\"2021-03-22T07:49:25+00:00\" \/>\n<meta property=\"article:modified_time\" content=\"2022-08-15T08:20:58+00:00\" \/>\n<meta name=\"author\" content=\"Salvem sa Badia\" \/>\n<meta name=\"twitter:card\" content=\"summary_large_image\" \/>\n<meta name=\"twitter:label1\" content=\"Escrito por\" \/>\n\t<meta name=\"twitter:data1\" content=\"Salvem sa Badia\" \/>\n\t<meta name=\"twitter:label2\" content=\"Tiempo de lectura\" \/>\n\t<meta name=\"twitter:data2\" content=\"1 minuto\" \/>\n<script type=\"application\/ld+json\" class=\"yoast-schema-graph\">{\"@context\":\"https:\/\/schema.org\",\"@graph\":[{\"@type\":\"Article\",\"@id\":\"https:\/\/www.salvemsabadia.com\/les-consequencies-del-empobriment-de-la-vida-vegetal-a-la-badia-de-portmany\/#article\",\"isPartOf\":{\"@id\":\"https:\/\/www.salvemsabadia.com\/les-consequencies-del-empobriment-de-la-vida-vegetal-a-la-badia-de-portmany\/\"},\"author\":{\"name\":\"Salvem sa Badia\",\"@id\":\"https:\/\/www.salvemsabadia.com\/#\/schema\/person\/5d08c5118adcb4140d13bde4826ba122\"},\"headline\":\"Las consecuencias del empobrecimiento de la vida vegetal en la bah\u00eda de Portmany\",\"datePublished\":\"2021-03-22T07:49:25+00:00\",\"dateModified\":\"2022-08-15T08:20:58+00:00\",\"mainEntityOfPage\":{\"@id\":\"https:\/\/www.salvemsabadia.com\/les-consequencies-del-empobriment-de-la-vida-vegetal-a-la-badia-de-portmany\/\"},\"wordCount\":310,\"commentCount\":0,\"publisher\":{\"@id\":\"https:\/\/www.salvemsabadia.com\/#organization\"},\"keywords\":[\"la manga del mar menor\",\"posidonia\",\"v\u00eddeo\"],\"articleSection\":[\"Biodiversidad\",\"Calidad del agua\",\"Destacado\",\"Posidonia\",\"Puerto de Sant Antoni\"],\"inLanguage\":\"es\",\"potentialAction\":[{\"@type\":\"CommentAction\",\"name\":\"Comment\",\"target\":[\"https:\/\/www.salvemsabadia.com\/les-consequencies-del-empobriment-de-la-vida-vegetal-a-la-badia-de-portmany\/#respond\"]}]},{\"@type\":\"WebPage\",\"@id\":\"https:\/\/www.salvemsabadia.com\/les-consequencies-del-empobriment-de-la-vida-vegetal-a-la-badia-de-portmany\/\",\"url\":\"https:\/\/www.salvemsabadia.com\/les-consequencies-del-empobriment-de-la-vida-vegetal-a-la-badia-de-portmany\/\",\"name\":\"Las consecuencias del empobrecimiento de la vida vegetal en la bah\u00eda de Portmany - Salvem Sa Badia de Portmany\",\"isPartOf\":{\"@id\":\"https:\/\/www.salvemsabadia.com\/#website\"},\"datePublished\":\"2021-03-22T07:49:25+00:00\",\"dateModified\":\"2022-08-15T08:20:58+00:00\",\"breadcrumb\":{\"@id\":\"https:\/\/www.salvemsabadia.com\/les-consequencies-del-empobriment-de-la-vida-vegetal-a-la-badia-de-portmany\/#breadcrumb\"},\"inLanguage\":\"es\",\"potentialAction\":[{\"@type\":\"ReadAction\",\"target\":[\"https:\/\/www.salvemsabadia.com\/les-consequencies-del-empobriment-de-la-vida-vegetal-a-la-badia-de-portmany\/\"]}]},{\"@type\":\"BreadcrumbList\",\"@id\":\"https:\/\/www.salvemsabadia.com\/les-consequencies-del-empobriment-de-la-vida-vegetal-a-la-badia-de-portmany\/#breadcrumb\",\"itemListElement\":[{\"@type\":\"ListItem\",\"position\":1,\"name\":\"Portada\",\"item\":\"https:\/\/www.salvemsabadia.com\/es\/\"},{\"@type\":\"ListItem\",\"position\":2,\"name\":\"Las consecuencias del empobrecimiento de la vida vegetal en la bah\u00eda de Portmany\"}]},{\"@type\":\"WebSite\",\"@id\":\"https:\/\/www.salvemsabadia.com\/#website\",\"url\":\"https:\/\/www.salvemsabadia.com\/\",\"name\":\"Salvem Sa Badia de Portmany\",\"description\":\"\",\"publisher\":{\"@id\":\"https:\/\/www.salvemsabadia.com\/#organization\"},\"potentialAction\":[{\"@type\":\"SearchAction\",\"target\":{\"@type\":\"EntryPoint\",\"urlTemplate\":\"https:\/\/www.salvemsabadia.com\/?s={search_term_string}\"},\"query-input\":{\"@type\":\"PropertyValueSpecification\",\"valueRequired\":true,\"valueName\":\"search_term_string\"}}],\"inLanguage\":\"es\"},{\"@type\":\"Organization\",\"@id\":\"https:\/\/www.salvemsabadia.com\/#organization\",\"name\":\"Salvem Sa Badia de Portmany\",\"url\":\"https:\/\/www.salvemsabadia.com\/\",\"logo\":{\"@type\":\"ImageObject\",\"inLanguage\":\"es\",\"@id\":\"https:\/\/www.salvemsabadia.com\/#\/schema\/logo\/image\/\",\"url\":\"https:\/\/www.salvemsabadia.com\/wp-content\/uploads\/2020\/03\/logo.png\",\"contentUrl\":\"https:\/\/www.salvemsabadia.com\/wp-content\/uploads\/2020\/03\/logo.png\",\"width\":188,\"height\":151,\"caption\":\"Salvem Sa Badia de Portmany\"},\"image\":{\"@id\":\"https:\/\/www.salvemsabadia.com\/#\/schema\/logo\/image\/\"}},{\"@type\":\"Person\",\"@id\":\"https:\/\/www.salvemsabadia.com\/#\/schema\/person\/5d08c5118adcb4140d13bde4826ba122\",\"name\":\"Salvem sa Badia\",\"image\":{\"@type\":\"ImageObject\",\"inLanguage\":\"es\",\"@id\":\"https:\/\/www.salvemsabadia.com\/#\/schema\/person\/image\/\",\"url\":\"https:\/\/secure.gravatar.com\/avatar\/d569ee5739a9c7022470ea472c9b4b9cf476e15f1be71e5242c911d673d14ad9?s=96&d=mm&r=g\",\"contentUrl\":\"https:\/\/secure.gravatar.com\/avatar\/d569ee5739a9c7022470ea472c9b4b9cf476e15f1be71e5242c911d673d14ad9?s=96&d=mm&r=g\",\"caption\":\"Salvem sa Badia\"}}]}<\/script>\n<!-- \/ Yoast SEO plugin. -->","yoast_head_json":{"title":"Las consecuencias del empobrecimiento de la vida vegetal en la bah\u00eda de Portmany - Salvem Sa Badia de Portmany","robots":{"index":"index","follow":"follow","max-snippet":"max-snippet:-1","max-image-preview":"max-image-preview:large","max-video-preview":"max-video-preview:-1"},"canonical":"https:\/\/www.salvemsabadia.com\/les-consequencies-del-empobriment-de-la-vida-vegetal-a-la-badia-de-portmany\/","og_locale":"es_ES","og_type":"article","og_title":"Las consecuencias del empobrecimiento de la vida vegetal en la bah\u00eda de Portmany - Salvem Sa Badia de Portmany","og_description":"En este cuarto v\u00eddeo de la serie de piezas breves que forman parte del documental \u2018Portmany, una bah\u00eda amenazada\u2019, explicamos cu\u00e1les pueden ser las consecuencias del empobrecimiento de la vida...","og_url":"https:\/\/www.salvemsabadia.com\/les-consequencies-del-empobriment-de-la-vida-vegetal-a-la-badia-de-portmany\/","og_site_name":"Salvem Sa Badia de Portmany","article_published_time":"2021-03-22T07:49:25+00:00","article_modified_time":"2022-08-15T08:20:58+00:00","author":"Salvem sa Badia","twitter_card":"summary_large_image","twitter_misc":{"Escrito por":"Salvem sa Badia","Tiempo de lectura":"1 minuto"},"schema":{"@context":"https:\/\/schema.org","@graph":[{"@type":"Article","@id":"https:\/\/www.salvemsabadia.com\/les-consequencies-del-empobriment-de-la-vida-vegetal-a-la-badia-de-portmany\/#article","isPartOf":{"@id":"https:\/\/www.salvemsabadia.com\/les-consequencies-del-empobriment-de-la-vida-vegetal-a-la-badia-de-portmany\/"},"author":{"name":"Salvem sa Badia","@id":"https:\/\/www.salvemsabadia.com\/#\/schema\/person\/5d08c5118adcb4140d13bde4826ba122"},"headline":"Las consecuencias del empobrecimiento de la vida vegetal en la bah\u00eda de Portmany","datePublished":"2021-03-22T07:49:25+00:00","dateModified":"2022-08-15T08:20:58+00:00","mainEntityOfPage":{"@id":"https:\/\/www.salvemsabadia.com\/les-consequencies-del-empobriment-de-la-vida-vegetal-a-la-badia-de-portmany\/"},"wordCount":310,"commentCount":0,"publisher":{"@id":"https:\/\/www.salvemsabadia.com\/#organization"},"keywords":["la manga del mar menor","posidonia","v\u00eddeo"],"articleSection":["Biodiversidad","Calidad del agua","Destacado","Posidonia","Puerto de Sant Antoni"],"inLanguage":"es","potentialAction":[{"@type":"CommentAction","name":"Comment","target":["https:\/\/www.salvemsabadia.com\/les-consequencies-del-empobriment-de-la-vida-vegetal-a-la-badia-de-portmany\/#respond"]}]},{"@type":"WebPage","@id":"https:\/\/www.salvemsabadia.com\/les-consequencies-del-empobriment-de-la-vida-vegetal-a-la-badia-de-portmany\/","url":"https:\/\/www.salvemsabadia.com\/les-consequencies-del-empobriment-de-la-vida-vegetal-a-la-badia-de-portmany\/","name":"Las consecuencias del empobrecimiento de la vida vegetal en la bah\u00eda de Portmany - Salvem Sa Badia de Portmany","isPartOf":{"@id":"https:\/\/www.salvemsabadia.com\/#website"},"datePublished":"2021-03-22T07:49:25+00:00","dateModified":"2022-08-15T08:20:58+00:00","breadcrumb":{"@id":"https:\/\/www.salvemsabadia.com\/les-consequencies-del-empobriment-de-la-vida-vegetal-a-la-badia-de-portmany\/#breadcrumb"},"inLanguage":"es","potentialAction":[{"@type":"ReadAction","target":["https:\/\/www.salvemsabadia.com\/les-consequencies-del-empobriment-de-la-vida-vegetal-a-la-badia-de-portmany\/"]}]},{"@type":"BreadcrumbList","@id":"https:\/\/www.salvemsabadia.com\/les-consequencies-del-empobriment-de-la-vida-vegetal-a-la-badia-de-portmany\/#breadcrumb","itemListElement":[{"@type":"ListItem","position":1,"name":"Portada","item":"https:\/\/www.salvemsabadia.com\/es\/"},{"@type":"ListItem","position":2,"name":"Las consecuencias del empobrecimiento de la vida vegetal en la bah\u00eda de Portmany"}]},{"@type":"WebSite","@id":"https:\/\/www.salvemsabadia.com\/#website","url":"https:\/\/www.salvemsabadia.com\/","name":"Salvem Sa Badia de Portmany","description":"","publisher":{"@id":"https:\/\/www.salvemsabadia.com\/#organization"},"potentialAction":[{"@type":"SearchAction","target":{"@type":"EntryPoint","urlTemplate":"https:\/\/www.salvemsabadia.com\/?s={search_term_string}"},"query-input":{"@type":"PropertyValueSpecification","valueRequired":true,"valueName":"search_term_string"}}],"inLanguage":"es"},{"@type":"Organization","@id":"https:\/\/www.salvemsabadia.com\/#organization","name":"Salvem Sa Badia de Portmany","url":"https:\/\/www.salvemsabadia.com\/","logo":{"@type":"ImageObject","inLanguage":"es","@id":"https:\/\/www.salvemsabadia.com\/#\/schema\/logo\/image\/","url":"https:\/\/www.salvemsabadia.com\/wp-content\/uploads\/2020\/03\/logo.png","contentUrl":"https:\/\/www.salvemsabadia.com\/wp-content\/uploads\/2020\/03\/logo.png","width":188,"height":151,"caption":"Salvem Sa Badia de Portmany"},"image":{"@id":"https:\/\/www.salvemsabadia.com\/#\/schema\/logo\/image\/"}},{"@type":"Person","@id":"https:\/\/www.salvemsabadia.com\/#\/schema\/person\/5d08c5118adcb4140d13bde4826ba122","name":"Salvem sa Badia","image":{"@type":"ImageObject","inLanguage":"es","@id":"https:\/\/www.salvemsabadia.com\/#\/schema\/person\/image\/","url":"https:\/\/secure.gravatar.com\/avatar\/d569ee5739a9c7022470ea472c9b4b9cf476e15f1be71e5242c911d673d14ad9?s=96&d=mm&r=g","contentUrl":"https:\/\/secure.gravatar.com\/avatar\/d569ee5739a9c7022470ea472c9b4b9cf476e15f1be71e5242c911d673d14ad9?s=96&d=mm&r=g","caption":"Salvem sa Badia"}}]}},"_links":{"self":[{"href":"https:\/\/www.salvemsabadia.com\/es\/wp-json\/wp\/v2\/posts\/1730","targetHints":{"allow":["GET"]}}],"collection":[{"href":"https:\/\/www.salvemsabadia.com\/es\/wp-json\/wp\/v2\/posts"}],"about":[{"href":"https:\/\/www.salvemsabadia.com\/es\/wp-json\/wp\/v2\/types\/post"}],"author":[{"embeddable":true,"href":"https:\/\/www.salvemsabadia.com\/es\/wp-json\/wp\/v2\/users\/2"}],"replies":[{"embeddable":true,"href":"https:\/\/www.salvemsabadia.com\/es\/wp-json\/wp\/v2\/comments?post=1730"}],"version-history":[{"count":0,"href":"https:\/\/www.salvemsabadia.com\/es\/wp-json\/wp\/v2\/posts\/1730\/revisions"}],"wp:attachment":[{"href":"https:\/\/www.salvemsabadia.com\/es\/wp-json\/wp\/v2\/media?parent=1730"}],"wp:term":[{"taxonomy":"category","embeddable":true,"href":"https:\/\/www.salvemsabadia.com\/es\/wp-json\/wp\/v2\/categories?post=1730"},{"taxonomy":"post_tag","embeddable":true,"href":"https:\/\/www.salvemsabadia.com\/es\/wp-json\/wp\/v2\/tags?post=1730"}],"curies":[{"name":"wp","href":"https:\/\/api.w.org\/{rel}","templated":true}]}}