{"id":1785,"date":"2021-04-16T09:16:44","date_gmt":"2021-04-16T07:16:44","guid":{"rendered":"https:\/\/www.salvemsabadia.com\/?p=1785"},"modified":"2022-08-15T10:24:06","modified_gmt":"2022-08-15T08:24:06","slug":"que-podemos-hacer-para-conservar-y-mejorar-la-bahia-de-portmany","status":"publish","type":"post","link":"https:\/\/www.salvemsabadia.com\/es\/que-podemos-hacer-para-conservar-y-mejorar-la-bahia-de-portmany\/","title":{"rendered":"\u00bfQu\u00e9 podemos hacer para conservar y mejorar la bah\u00eda de Portmany?"},"content":{"rendered":"<p><iframe loading=\"lazy\" title=\"\u00bfQu\u00e9 podemos hacer para conservar y mejorar la bah\u00eda de Portmany?\" width=\"1080\" height=\"608\" src=\"https:\/\/www.youtube.com\/embed\/Sl_engXDojw?feature=oembed\" frameborder=\"0\" allow=\"accelerometer; autoplay; clipboard-write; encrypted-media; gyroscope; picture-in-picture\" allowfullscreen><\/iframe><\/p>\n<p>En este \u00faltimo v\u00eddeo corto de la serie que compone el documental \u2018Portmany, una bah\u00eda amenazada\u2019 llegamos a las conclusiones m\u00e1s importantes: qu\u00e9 podemos hacer para conservar y mejorar la bah\u00eda de Portmany, frenando el deterioro medioambiental que registra en la actualidad. Estos son los consejos que nos aportan los cient\u00edficos que han realizado el \u00faltimo estudio sobre la bah\u00eda:<\/p>\n<p>\u00b7 Hay que reducir al ma\u0301ximo la presi\u00f3n y eliminar el tra\u0301fico de grandes buques dentro de la bah\u00eda. La experiencia acumulada durante la moratoria, adem\u00e1s, demuestra que el puerto de Ibiza es suficiente para cubrir toda la demanda de tr\u00e1fico de mercanc\u00edas y pasajeros de la isla.<\/p>\n<p>\u00b7 Tambi\u00e9n deben eliminarse por completo los fondeos incontrolados y tomar medidas para evitar que esta situaci\u00f3n se reproduzca.<\/p>\n<p>\u00b7 Es necesario limitar dr\u00e1sticamente la velocidad de todo tipo de embarcaciones en el interior de la bahi\u0301a.<\/p>\n<p>\u00b7 Hay que realizar un inventario de canalizaciones y vertidos, identificando su naturaleza y procedencia para aplicar medidas correctoras.<\/p>\n<p>\u00b7 Resulta imprescindible remodelar la red de impulsio\u0301n de aguas residuales e instalar nuevos aliviaderos fuera de la bahi\u0301a, as\u00ed como mejorar el funcionamiento de la depuradora y arreglar el emisario.<\/p>\n<p>\u00b7 Y por \u00faltimo, deben instalarse tanques de sedimentacio\u0301n en las principales salidas de pluviales urbanas y realizar limpiezas peri\u00f3dicas de los cauces de los torrentes.<\/p>\n<p>Solo si aseguramos el futuro de la bah\u00eda de Portmany, podremos garantizar la\u00a0calidad de vida\u00a0y el\u00a0progreso social y econ\u00f3mico\u00a0para las pr\u00f3ximas generaciones. \u00bfSeremos capaces de hacerlo? \u00danicamente est\u00e1 en nuestras manos porque, si algo nos ha ense\u00f1ado la historia, es que nadie m\u00e1s vendr\u00e1 a resolverlo.<\/p>\n<p>A continuaci\u00f3n, ofrecemos la versi\u00f3n completa del documental, de 16 minutos de duraci\u00f3n.<\/p>\n<p><iframe loading=\"lazy\" title=\"\u2018Portmany, una bah\u00eda amenazada\u2019\" width=\"1080\" height=\"608\" src=\"https:\/\/www.youtube.com\/embed\/F9UrW7A4MsI?feature=oembed\" frameborder=\"0\" allow=\"accelerometer; autoplay; clipboard-write; encrypted-media; gyroscope; picture-in-picture\" allowfullscreen><\/iframe><\/p>\n","protected":false},"excerpt":{"rendered":"<p>En este \u00faltimo v\u00eddeo corto de la serie que compone el documental \u2018Portmany, una bah\u00eda amenazada\u2019 llegamos a las conclusiones m\u00e1s importantes: qu\u00e9 podemos hacer para conservar y mejorar la&#8230;<\/p>\n","protected":false},"author":2,"featured_media":0,"comment_status":"open","ping_status":"open","sticky":false,"template":"","format":"video","meta":{"give_campaign_id":0,"footnotes":""},"categories":[201,203,106,208,213,214],"tags":[28],"class_list":{"0":"post-1785","1":"post","2":"type-post","3":"status-publish","4":"format-video","6":"category-biodiversidad","7":"category-calidad-del-agua","8":"category-destacado","9":"category-fondeo-irregular","10":"category-posidonia","11":"category-puerto-de-sant-antoni","12":"tag-medio-ambiente","13":"post_format-post-format-video"},"yoast_head":"<!-- This site is optimized with the Yoast SEO plugin v26.8 - https:\/\/yoast.com\/product\/yoast-seo-wordpress\/ -->\n<title>\u00bfQu\u00e9 podemos hacer para conservar y mejorar la bah\u00eda de Portmany? - Salvem Sa Badia de Portmany<\/title>\n<meta name=\"robots\" content=\"index, follow, max-snippet:-1, max-image-preview:large, max-video-preview:-1\" \/>\n<link rel=\"canonical\" href=\"https:\/\/www.salvemsabadia.com\/que-podem-fer-per-a-conservar-i-millorar-la-badia-de-portmany\/\" \/>\n<meta property=\"og:locale\" content=\"es_ES\" \/>\n<meta property=\"og:type\" content=\"article\" \/>\n<meta property=\"og:title\" content=\"\u00bfQu\u00e9 podemos hacer para conservar y mejorar la bah\u00eda de Portmany? - Salvem Sa Badia de Portmany\" \/>\n<meta property=\"og:description\" content=\"En este \u00faltimo v\u00eddeo corto de la serie que compone el documental \u2018Portmany, una bah\u00eda amenazada\u2019 llegamos a las conclusiones m\u00e1s importantes: qu\u00e9 podemos hacer para conservar y mejorar la...\" \/>\n<meta property=\"og:url\" content=\"https:\/\/www.salvemsabadia.com\/que-podem-fer-per-a-conservar-i-millorar-la-badia-de-portmany\/\" \/>\n<meta property=\"og:site_name\" content=\"Salvem Sa Badia de Portmany\" \/>\n<meta property=\"article:published_time\" content=\"2021-04-16T07:16:44+00:00\" \/>\n<meta property=\"article:modified_time\" content=\"2022-08-15T08:24:06+00:00\" \/>\n<meta name=\"author\" content=\"Salvem sa Badia\" \/>\n<meta name=\"twitter:card\" content=\"summary_large_image\" \/>\n<meta name=\"twitter:label1\" content=\"Escrito por\" \/>\n\t<meta name=\"twitter:data1\" content=\"Salvem sa Badia\" \/>\n\t<meta name=\"twitter:label2\" content=\"Tiempo de lectura\" \/>\n\t<meta name=\"twitter:data2\" content=\"2 minutos\" \/>\n<script type=\"application\/ld+json\" class=\"yoast-schema-graph\">{\"@context\":\"https:\/\/schema.org\",\"@graph\":[{\"@type\":\"Article\",\"@id\":\"https:\/\/www.salvemsabadia.com\/que-podem-fer-per-a-conservar-i-millorar-la-badia-de-portmany\/#article\",\"isPartOf\":{\"@id\":\"https:\/\/www.salvemsabadia.com\/que-podem-fer-per-a-conservar-i-millorar-la-badia-de-portmany\/\"},\"author\":{\"name\":\"Salvem sa Badia\",\"@id\":\"https:\/\/www.salvemsabadia.com\/#\/schema\/person\/5d08c5118adcb4140d13bde4826ba122\"},\"headline\":\"\u00bfQu\u00e9 podemos hacer para conservar y mejorar la bah\u00eda de Portmany?\",\"datePublished\":\"2021-04-16T07:16:44+00:00\",\"dateModified\":\"2022-08-15T08:24:06+00:00\",\"mainEntityOfPage\":{\"@id\":\"https:\/\/www.salvemsabadia.com\/que-podem-fer-per-a-conservar-i-millorar-la-badia-de-portmany\/\"},\"wordCount\":330,\"commentCount\":0,\"publisher\":{\"@id\":\"https:\/\/www.salvemsabadia.com\/#organization\"},\"keywords\":[\"Medio Ambiente\"],\"articleSection\":[\"Biodiversidad\",\"Calidad del agua\",\"Destacado\",\"Fondeo irregular\",\"Posidonia\",\"Puerto de Sant Antoni\"],\"inLanguage\":\"es\",\"potentialAction\":[{\"@type\":\"CommentAction\",\"name\":\"Comment\",\"target\":[\"https:\/\/www.salvemsabadia.com\/que-podem-fer-per-a-conservar-i-millorar-la-badia-de-portmany\/#respond\"]}]},{\"@type\":\"WebPage\",\"@id\":\"https:\/\/www.salvemsabadia.com\/que-podem-fer-per-a-conservar-i-millorar-la-badia-de-portmany\/\",\"url\":\"https:\/\/www.salvemsabadia.com\/que-podem-fer-per-a-conservar-i-millorar-la-badia-de-portmany\/\",\"name\":\"\u00bfQu\u00e9 podemos hacer para conservar y mejorar la bah\u00eda de Portmany? - Salvem Sa Badia de Portmany\",\"isPartOf\":{\"@id\":\"https:\/\/www.salvemsabadia.com\/#website\"},\"datePublished\":\"2021-04-16T07:16:44+00:00\",\"dateModified\":\"2022-08-15T08:24:06+00:00\",\"breadcrumb\":{\"@id\":\"https:\/\/www.salvemsabadia.com\/que-podem-fer-per-a-conservar-i-millorar-la-badia-de-portmany\/#breadcrumb\"},\"inLanguage\":\"es\",\"potentialAction\":[{\"@type\":\"ReadAction\",\"target\":[\"https:\/\/www.salvemsabadia.com\/que-podem-fer-per-a-conservar-i-millorar-la-badia-de-portmany\/\"]}]},{\"@type\":\"BreadcrumbList\",\"@id\":\"https:\/\/www.salvemsabadia.com\/que-podem-fer-per-a-conservar-i-millorar-la-badia-de-portmany\/#breadcrumb\",\"itemListElement\":[{\"@type\":\"ListItem\",\"position\":1,\"name\":\"Portada\",\"item\":\"https:\/\/www.salvemsabadia.com\/es\/\"},{\"@type\":\"ListItem\",\"position\":2,\"name\":\"\u00bfQu\u00e9 podemos hacer para conservar y mejorar la bah\u00eda de Portmany?\"}]},{\"@type\":\"WebSite\",\"@id\":\"https:\/\/www.salvemsabadia.com\/#website\",\"url\":\"https:\/\/www.salvemsabadia.com\/\",\"name\":\"Salvem Sa Badia de Portmany\",\"description\":\"\",\"publisher\":{\"@id\":\"https:\/\/www.salvemsabadia.com\/#organization\"},\"potentialAction\":[{\"@type\":\"SearchAction\",\"target\":{\"@type\":\"EntryPoint\",\"urlTemplate\":\"https:\/\/www.salvemsabadia.com\/?s={search_term_string}\"},\"query-input\":{\"@type\":\"PropertyValueSpecification\",\"valueRequired\":true,\"valueName\":\"search_term_string\"}}],\"inLanguage\":\"es\"},{\"@type\":\"Organization\",\"@id\":\"https:\/\/www.salvemsabadia.com\/#organization\",\"name\":\"Salvem Sa Badia de Portmany\",\"url\":\"https:\/\/www.salvemsabadia.com\/\",\"logo\":{\"@type\":\"ImageObject\",\"inLanguage\":\"es\",\"@id\":\"https:\/\/www.salvemsabadia.com\/#\/schema\/logo\/image\/\",\"url\":\"https:\/\/www.salvemsabadia.com\/wp-content\/uploads\/2020\/03\/logo.png\",\"contentUrl\":\"https:\/\/www.salvemsabadia.com\/wp-content\/uploads\/2020\/03\/logo.png\",\"width\":188,\"height\":151,\"caption\":\"Salvem Sa Badia de Portmany\"},\"image\":{\"@id\":\"https:\/\/www.salvemsabadia.com\/#\/schema\/logo\/image\/\"}},{\"@type\":\"Person\",\"@id\":\"https:\/\/www.salvemsabadia.com\/#\/schema\/person\/5d08c5118adcb4140d13bde4826ba122\",\"name\":\"Salvem sa Badia\",\"image\":{\"@type\":\"ImageObject\",\"inLanguage\":\"es\",\"@id\":\"https:\/\/www.salvemsabadia.com\/#\/schema\/person\/image\/\",\"url\":\"https:\/\/secure.gravatar.com\/avatar\/d569ee5739a9c7022470ea472c9b4b9cf476e15f1be71e5242c911d673d14ad9?s=96&d=mm&r=g\",\"contentUrl\":\"https:\/\/secure.gravatar.com\/avatar\/d569ee5739a9c7022470ea472c9b4b9cf476e15f1be71e5242c911d673d14ad9?s=96&d=mm&r=g\",\"caption\":\"Salvem sa Badia\"}}]}<\/script>\n<!-- \/ Yoast SEO plugin. -->","yoast_head_json":{"title":"\u00bfQu\u00e9 podemos hacer para conservar y mejorar la bah\u00eda de Portmany? - Salvem Sa Badia de Portmany","robots":{"index":"index","follow":"follow","max-snippet":"max-snippet:-1","max-image-preview":"max-image-preview:large","max-video-preview":"max-video-preview:-1"},"canonical":"https:\/\/www.salvemsabadia.com\/que-podem-fer-per-a-conservar-i-millorar-la-badia-de-portmany\/","og_locale":"es_ES","og_type":"article","og_title":"\u00bfQu\u00e9 podemos hacer para conservar y mejorar la bah\u00eda de Portmany? - Salvem Sa Badia de Portmany","og_description":"En este \u00faltimo v\u00eddeo corto de la serie que compone el documental \u2018Portmany, una bah\u00eda amenazada\u2019 llegamos a las conclusiones m\u00e1s importantes: qu\u00e9 podemos hacer para conservar y mejorar la...","og_url":"https:\/\/www.salvemsabadia.com\/que-podem-fer-per-a-conservar-i-millorar-la-badia-de-portmany\/","og_site_name":"Salvem Sa Badia de Portmany","article_published_time":"2021-04-16T07:16:44+00:00","article_modified_time":"2022-08-15T08:24:06+00:00","author":"Salvem sa Badia","twitter_card":"summary_large_image","twitter_misc":{"Escrito por":"Salvem sa Badia","Tiempo de lectura":"2 minutos"},"schema":{"@context":"https:\/\/schema.org","@graph":[{"@type":"Article","@id":"https:\/\/www.salvemsabadia.com\/que-podem-fer-per-a-conservar-i-millorar-la-badia-de-portmany\/#article","isPartOf":{"@id":"https:\/\/www.salvemsabadia.com\/que-podem-fer-per-a-conservar-i-millorar-la-badia-de-portmany\/"},"author":{"name":"Salvem sa Badia","@id":"https:\/\/www.salvemsabadia.com\/#\/schema\/person\/5d08c5118adcb4140d13bde4826ba122"},"headline":"\u00bfQu\u00e9 podemos hacer para conservar y mejorar la bah\u00eda de Portmany?","datePublished":"2021-04-16T07:16:44+00:00","dateModified":"2022-08-15T08:24:06+00:00","mainEntityOfPage":{"@id":"https:\/\/www.salvemsabadia.com\/que-podem-fer-per-a-conservar-i-millorar-la-badia-de-portmany\/"},"wordCount":330,"commentCount":0,"publisher":{"@id":"https:\/\/www.salvemsabadia.com\/#organization"},"keywords":["Medio Ambiente"],"articleSection":["Biodiversidad","Calidad del agua","Destacado","Fondeo irregular","Posidonia","Puerto de Sant Antoni"],"inLanguage":"es","potentialAction":[{"@type":"CommentAction","name":"Comment","target":["https:\/\/www.salvemsabadia.com\/que-podem-fer-per-a-conservar-i-millorar-la-badia-de-portmany\/#respond"]}]},{"@type":"WebPage","@id":"https:\/\/www.salvemsabadia.com\/que-podem-fer-per-a-conservar-i-millorar-la-badia-de-portmany\/","url":"https:\/\/www.salvemsabadia.com\/que-podem-fer-per-a-conservar-i-millorar-la-badia-de-portmany\/","name":"\u00bfQu\u00e9 podemos hacer para conservar y mejorar la bah\u00eda de Portmany? - Salvem Sa Badia de Portmany","isPartOf":{"@id":"https:\/\/www.salvemsabadia.com\/#website"},"datePublished":"2021-04-16T07:16:44+00:00","dateModified":"2022-08-15T08:24:06+00:00","breadcrumb":{"@id":"https:\/\/www.salvemsabadia.com\/que-podem-fer-per-a-conservar-i-millorar-la-badia-de-portmany\/#breadcrumb"},"inLanguage":"es","potentialAction":[{"@type":"ReadAction","target":["https:\/\/www.salvemsabadia.com\/que-podem-fer-per-a-conservar-i-millorar-la-badia-de-portmany\/"]}]},{"@type":"BreadcrumbList","@id":"https:\/\/www.salvemsabadia.com\/que-podem-fer-per-a-conservar-i-millorar-la-badia-de-portmany\/#breadcrumb","itemListElement":[{"@type":"ListItem","position":1,"name":"Portada","item":"https:\/\/www.salvemsabadia.com\/es\/"},{"@type":"ListItem","position":2,"name":"\u00bfQu\u00e9 podemos hacer para conservar y mejorar la bah\u00eda de Portmany?"}]},{"@type":"WebSite","@id":"https:\/\/www.salvemsabadia.com\/#website","url":"https:\/\/www.salvemsabadia.com\/","name":"Salvem Sa Badia de Portmany","description":"","publisher":{"@id":"https:\/\/www.salvemsabadia.com\/#organization"},"potentialAction":[{"@type":"SearchAction","target":{"@type":"EntryPoint","urlTemplate":"https:\/\/www.salvemsabadia.com\/?s={search_term_string}"},"query-input":{"@type":"PropertyValueSpecification","valueRequired":true,"valueName":"search_term_string"}}],"inLanguage":"es"},{"@type":"Organization","@id":"https:\/\/www.salvemsabadia.com\/#organization","name":"Salvem Sa Badia de Portmany","url":"https:\/\/www.salvemsabadia.com\/","logo":{"@type":"ImageObject","inLanguage":"es","@id":"https:\/\/www.salvemsabadia.com\/#\/schema\/logo\/image\/","url":"https:\/\/www.salvemsabadia.com\/wp-content\/uploads\/2020\/03\/logo.png","contentUrl":"https:\/\/www.salvemsabadia.com\/wp-content\/uploads\/2020\/03\/logo.png","width":188,"height":151,"caption":"Salvem Sa Badia de Portmany"},"image":{"@id":"https:\/\/www.salvemsabadia.com\/#\/schema\/logo\/image\/"}},{"@type":"Person","@id":"https:\/\/www.salvemsabadia.com\/#\/schema\/person\/5d08c5118adcb4140d13bde4826ba122","name":"Salvem sa Badia","image":{"@type":"ImageObject","inLanguage":"es","@id":"https:\/\/www.salvemsabadia.com\/#\/schema\/person\/image\/","url":"https:\/\/secure.gravatar.com\/avatar\/d569ee5739a9c7022470ea472c9b4b9cf476e15f1be71e5242c911d673d14ad9?s=96&d=mm&r=g","contentUrl":"https:\/\/secure.gravatar.com\/avatar\/d569ee5739a9c7022470ea472c9b4b9cf476e15f1be71e5242c911d673d14ad9?s=96&d=mm&r=g","caption":"Salvem sa Badia"}}]}},"_links":{"self":[{"href":"https:\/\/www.salvemsabadia.com\/es\/wp-json\/wp\/v2\/posts\/1785","targetHints":{"allow":["GET"]}}],"collection":[{"href":"https:\/\/www.salvemsabadia.com\/es\/wp-json\/wp\/v2\/posts"}],"about":[{"href":"https:\/\/www.salvemsabadia.com\/es\/wp-json\/wp\/v2\/types\/post"}],"author":[{"embeddable":true,"href":"https:\/\/www.salvemsabadia.com\/es\/wp-json\/wp\/v2\/users\/2"}],"replies":[{"embeddable":true,"href":"https:\/\/www.salvemsabadia.com\/es\/wp-json\/wp\/v2\/comments?post=1785"}],"version-history":[{"count":0,"href":"https:\/\/www.salvemsabadia.com\/es\/wp-json\/wp\/v2\/posts\/1785\/revisions"}],"wp:attachment":[{"href":"https:\/\/www.salvemsabadia.com\/es\/wp-json\/wp\/v2\/media?parent=1785"}],"wp:term":[{"taxonomy":"category","embeddable":true,"href":"https:\/\/www.salvemsabadia.com\/es\/wp-json\/wp\/v2\/categories?post=1785"},{"taxonomy":"post_tag","embeddable":true,"href":"https:\/\/www.salvemsabadia.com\/es\/wp-json\/wp\/v2\/tags?post=1785"}],"curies":[{"name":"wp","href":"https:\/\/api.w.org\/{rel}","templated":true}]}}