{"id":1975,"date":"2021-05-20T10:44:21","date_gmt":"2021-05-20T08:44:21","guid":{"rendered":"https:\/\/www.salvemsabadia.com\/?p=1975"},"modified":"2022-08-15T10:29:26","modified_gmt":"2022-08-15T08:29:26","slug":"decepcion-en-salvem-sa-badia-por-el-anuncio-del-regreso-de-los-ferris-al-muelle-comercial","status":"publish","type":"post","link":"https:\/\/www.salvemsabadia.com\/es\/decepcion-en-salvem-sa-badia-por-el-anuncio-del-regreso-de-los-ferris-al-muelle-comercial\/","title":{"rendered":"Decepci\u00f3n en Salvem Sa Badia por el anuncio del regreso de los ferris al muelle comercial"},"content":{"rendered":"<p><img loading=\"lazy\" decoding=\"async\" class=\"alignnone wp-image-1976 size-full\" src=\"https:\/\/www.salvemsabadia.com\/wp-content\/uploads\/2021\/05\/DSC02698.jpg\" alt=\"\" width=\"2000\" height=\"1333\" srcset=\"https:\/\/www.salvemsabadia.com\/wp-content\/uploads\/2021\/05\/DSC02698.jpg 2000w, https:\/\/www.salvemsabadia.com\/wp-content\/uploads\/2021\/05\/DSC02698-300x200.jpg 300w, https:\/\/www.salvemsabadia.com\/wp-content\/uploads\/2021\/05\/DSC02698-1024x682.jpg 1024w, https:\/\/www.salvemsabadia.com\/wp-content\/uploads\/2021\/05\/DSC02698-768x512.jpg 768w, https:\/\/www.salvemsabadia.com\/wp-content\/uploads\/2021\/05\/DSC02698-1536x1024.jpg 1536w, https:\/\/www.salvemsabadia.com\/wp-content\/uploads\/2021\/05\/DSC02698-900x600.jpg 900w\" sizes=\"auto, (max-width: 2000px) 100vw, 2000px\" \/><\/p>\n<p>El anuncio que el martes realiz\u00f3 en el Parlament balear el conseller de Movilidad y Vivienda Josep Mar\u00ed Ribas, \u2018Agustinet\u2019, sobre que los ferris volver\u00e1n a operar a partir de junio en el puerto de Sant Antoni, es sin duda una mala noticia que\u00a0 ha causado decepci\u00f3n entre los integrantes de la iniciativa Salvem Sa Badia de Portmany.<\/p>\n<p>A pesar de que a lo largo de los \u00a0\u00faltimos a\u00f1o se ha demostrado con cifras irrebatibles que la llegada de estos grandes buques no traen turistas que compren o consuman en Sant Antoni ni mejoran la ocupaci\u00f3n de los hoteles de la bah\u00eda y que, sin embargo, provocan graves da\u00f1os en las praderas de Posidonia oce\u00e1nica, ensucian las aguas de las playas y crean un oleaje peligroso para los turistas debido a su alta velocidad, adem\u00e1s de colapsar con los coches la salida del pueblo, la Conselleria de Movilidad y Vivienda no ha tenido en cuenta los intereses econ\u00f3micos, tur\u00edsticos y medioambientales del entorno de la bah\u00eda, as\u00ed como la exigencia de los dos ayuntamientos afectados, Sant Antoni y Sant Josep, cuyos plenos hab\u00edan aprobado que los ferris no volvieran.<\/p>\n<p>El Govern tampoco ha aceptado la petici\u00f3n de Salvem Sa Badia de Portmany, para que se ampliara la moratoria hasta que se aprobara el Plan General de Puertos. Esta medida, que ya se hab\u00eda contemplado en el documento de la primera moratoria que se estableci\u00f3 en la anterior legislatura, hubiera sido una decisi\u00f3n mucho m\u00e1s acertada.<\/p>\n<p>Seg\u00fan Jos\u00e9 Luis Vald\u00e9s, portavoz de la iniciativa ciudadana: \u201cSe ha perdido una oportunidad \u00fanica\u201d. En los \u00faltimos tiempos se han dado importantes pasos para mejorar el estado medioambiental de la bah\u00eda, como la retirada de muertos destinados al fondeo ilegal en toda la bah\u00eda, el proyecto del paseo mar\u00edtimo que permitir\u00e1 renovar toda la infraestructura del colector de aguas residuales del lado sur, o una pr\u00f3xima reuni\u00f3n con Abaqua impulsada por este colectivo para \u00a0reparar el emisario de la depuradora. En este contexto, la decisi\u00f3n de aprobar el regreso a los ferris constituye un grave paso atr\u00e1s.<\/p>\n<p>Ante esta nueva entrada de los grandes buques en la bah\u00eda, la iniciativa realizar\u00e1 un seguimiento exhaustivo de los impactos de los ferris y se denunciar\u00e1n p\u00fablicamente los efectos negativos que \u00e9stos provoquen: resuspensi\u00f3n de fangos y lodos en el fondo marino que entierren zonas de la pradera de posidonia (cabe recordar que una consultora medioambiental realiz\u00f3 a final del a\u00f1o pasado una topograf\u00eda actualizada), molestias y peligros ocasionados en las playas por las olas que provoca la excesiva velocidad de los ferris a su llegada o el colapso viario en la salida del pueblo.<\/p>\n<p>Una vez decidida la apertura, Salvem Sa Badia, a la espera de conocer los detalles finales de la decisi\u00f3n adoptada por el Govern balear, quiere dejar constancia que cualquier eslora de ferris que supere los 50 metros provocar\u00e1 da\u00f1os irreversibles en la flora y fauna de la bah\u00eda. \u00a0Tambi\u00e9n solicita conocer todas las medidas de vigilancia y control que puedan realizarse a fin de participar en el seguimiento.<\/p>\n","protected":false},"excerpt":{"rendered":"<p>El anuncio que el martes realiz\u00f3 en el Parlament balear el conseller de Movilidad y Vivienda Josep Mar\u00ed Ribas, \u2018Agustinet\u2019, sobre que los ferris volver\u00e1n a operar a partir de&#8230;<\/p>\n","protected":false},"author":2,"featured_media":1976,"comment_status":"open","ping_status":"open","sticky":false,"template":"","format":"standard","meta":{"give_campaign_id":0,"footnotes":""},"categories":[106,214,10],"tags":[60,54],"class_list":{"0":"post-1975","1":"post","2":"type-post","3":"status-publish","4":"format-standard","5":"has-post-thumbnail","7":"category-destacado","8":"category-puerto-de-sant-antoni","9":"category-salvem-sa-badia","10":"tag-ferris","11":"tag-posidonia"},"yoast_head":"<!-- This site is optimized with the Yoast SEO plugin v26.8 - https:\/\/yoast.com\/product\/yoast-seo-wordpress\/ -->\n<title>Decepci\u00f3n en Salvem Sa Badia por el anuncio del regreso de los ferris al muelle comercial - Salvem Sa Badia de Portmany<\/title>\n<meta name=\"robots\" content=\"index, follow, max-snippet:-1, max-image-preview:large, max-video-preview:-1\" \/>\n<link rel=\"canonical\" href=\"https:\/\/www.salvemsabadia.com\/decepcio-en-salvem-sa-badia-per-anunci-del-retorn-dels-ferris-al-moll-comercial\/\" \/>\n<meta property=\"og:locale\" content=\"es_ES\" \/>\n<meta property=\"og:type\" content=\"article\" \/>\n<meta property=\"og:title\" content=\"Decepci\u00f3n en Salvem Sa Badia por el anuncio del regreso de los ferris al muelle comercial - Salvem Sa Badia de Portmany\" \/>\n<meta property=\"og:description\" content=\"El anuncio que el martes realiz\u00f3 en el Parlament balear el conseller de Movilidad y Vivienda Josep Mar\u00ed Ribas, \u2018Agustinet\u2019, sobre que los ferris volver\u00e1n a operar a partir de...\" \/>\n<meta property=\"og:url\" content=\"https:\/\/www.salvemsabadia.com\/decepcio-en-salvem-sa-badia-per-anunci-del-retorn-dels-ferris-al-moll-comercial\/\" \/>\n<meta property=\"og:site_name\" content=\"Salvem Sa Badia de Portmany\" \/>\n<meta property=\"article:published_time\" content=\"2021-05-20T08:44:21+00:00\" \/>\n<meta property=\"article:modified_time\" content=\"2022-08-15T08:29:26+00:00\" \/>\n<meta property=\"og:image\" content=\"https:\/\/www.salvemsabadia.com\/wp-content\/uploads\/2021\/05\/DSC02698.jpg\" \/>\n\t<meta property=\"og:image:width\" content=\"2000\" \/>\n\t<meta property=\"og:image:height\" content=\"1333\" \/>\n\t<meta property=\"og:image:type\" content=\"image\/jpeg\" \/>\n<meta name=\"author\" content=\"Salvem sa Badia\" \/>\n<meta name=\"twitter:card\" content=\"summary_large_image\" \/>\n<meta name=\"twitter:label1\" content=\"Escrito por\" \/>\n\t<meta name=\"twitter:data1\" content=\"Salvem sa Badia\" \/>\n\t<meta name=\"twitter:label2\" content=\"Tiempo de lectura\" \/>\n\t<meta name=\"twitter:data2\" content=\"3 minutos\" \/>\n<script type=\"application\/ld+json\" class=\"yoast-schema-graph\">{\"@context\":\"https:\/\/schema.org\",\"@graph\":[{\"@type\":\"Article\",\"@id\":\"https:\/\/www.salvemsabadia.com\/decepcio-en-salvem-sa-badia-per-anunci-del-retorn-dels-ferris-al-moll-comercial\/#article\",\"isPartOf\":{\"@id\":\"https:\/\/www.salvemsabadia.com\/decepcio-en-salvem-sa-badia-per-anunci-del-retorn-dels-ferris-al-moll-comercial\/\"},\"author\":{\"name\":\"Salvem sa Badia\",\"@id\":\"https:\/\/www.salvemsabadia.com\/#\/schema\/person\/5d08c5118adcb4140d13bde4826ba122\"},\"headline\":\"Decepci\u00f3n en Salvem Sa Badia por el anuncio del regreso de los ferris al muelle comercial\",\"datePublished\":\"2021-05-20T08:44:21+00:00\",\"dateModified\":\"2022-08-15T08:29:26+00:00\",\"mainEntityOfPage\":{\"@id\":\"https:\/\/www.salvemsabadia.com\/decepcio-en-salvem-sa-badia-per-anunci-del-retorn-dels-ferris-al-moll-comercial\/\"},\"wordCount\":557,\"commentCount\":0,\"publisher\":{\"@id\":\"https:\/\/www.salvemsabadia.com\/#organization\"},\"image\":{\"@id\":\"https:\/\/www.salvemsabadia.com\/decepcio-en-salvem-sa-badia-per-anunci-del-retorn-dels-ferris-al-moll-comercial\/#primaryimage\"},\"thumbnailUrl\":\"https:\/\/www.salvemsabadia.com\/wp-content\/uploads\/2021\/05\/DSC02698.jpg\",\"keywords\":[\"ferris\",\"posidonia\"],\"articleSection\":[\"Destacado\",\"Puerto de Sant Antoni\",\"Salvem Sa Badia\"],\"inLanguage\":\"es\",\"potentialAction\":[{\"@type\":\"CommentAction\",\"name\":\"Comment\",\"target\":[\"https:\/\/www.salvemsabadia.com\/decepcio-en-salvem-sa-badia-per-anunci-del-retorn-dels-ferris-al-moll-comercial\/#respond\"]}]},{\"@type\":\"WebPage\",\"@id\":\"https:\/\/www.salvemsabadia.com\/decepcio-en-salvem-sa-badia-per-anunci-del-retorn-dels-ferris-al-moll-comercial\/\",\"url\":\"https:\/\/www.salvemsabadia.com\/decepcio-en-salvem-sa-badia-per-anunci-del-retorn-dels-ferris-al-moll-comercial\/\",\"name\":\"Decepci\u00f3n en Salvem Sa Badia por el anuncio del regreso de los ferris al muelle comercial - Salvem Sa Badia de Portmany\",\"isPartOf\":{\"@id\":\"https:\/\/www.salvemsabadia.com\/#website\"},\"primaryImageOfPage\":{\"@id\":\"https:\/\/www.salvemsabadia.com\/decepcio-en-salvem-sa-badia-per-anunci-del-retorn-dels-ferris-al-moll-comercial\/#primaryimage\"},\"image\":{\"@id\":\"https:\/\/www.salvemsabadia.com\/decepcio-en-salvem-sa-badia-per-anunci-del-retorn-dels-ferris-al-moll-comercial\/#primaryimage\"},\"thumbnailUrl\":\"https:\/\/www.salvemsabadia.com\/wp-content\/uploads\/2021\/05\/DSC02698.jpg\",\"datePublished\":\"2021-05-20T08:44:21+00:00\",\"dateModified\":\"2022-08-15T08:29:26+00:00\",\"breadcrumb\":{\"@id\":\"https:\/\/www.salvemsabadia.com\/decepcio-en-salvem-sa-badia-per-anunci-del-retorn-dels-ferris-al-moll-comercial\/#breadcrumb\"},\"inLanguage\":\"es\",\"potentialAction\":[{\"@type\":\"ReadAction\",\"target\":[\"https:\/\/www.salvemsabadia.com\/decepcio-en-salvem-sa-badia-per-anunci-del-retorn-dels-ferris-al-moll-comercial\/\"]}]},{\"@type\":\"ImageObject\",\"inLanguage\":\"es\",\"@id\":\"https:\/\/www.salvemsabadia.com\/decepcio-en-salvem-sa-badia-per-anunci-del-retorn-dels-ferris-al-moll-comercial\/#primaryimage\",\"url\":\"https:\/\/www.salvemsabadia.com\/wp-content\/uploads\/2021\/05\/DSC02698.jpg\",\"contentUrl\":\"https:\/\/www.salvemsabadia.com\/wp-content\/uploads\/2021\/05\/DSC02698.jpg\",\"width\":2000,\"height\":1333},{\"@type\":\"BreadcrumbList\",\"@id\":\"https:\/\/www.salvemsabadia.com\/decepcio-en-salvem-sa-badia-per-anunci-del-retorn-dels-ferris-al-moll-comercial\/#breadcrumb\",\"itemListElement\":[{\"@type\":\"ListItem\",\"position\":1,\"name\":\"Portada\",\"item\":\"https:\/\/www.salvemsabadia.com\/es\/\"},{\"@type\":\"ListItem\",\"position\":2,\"name\":\"Decepci\u00f3n en Salvem Sa Badia por el anuncio del regreso de los ferris al muelle comercial\"}]},{\"@type\":\"WebSite\",\"@id\":\"https:\/\/www.salvemsabadia.com\/#website\",\"url\":\"https:\/\/www.salvemsabadia.com\/\",\"name\":\"Salvem Sa Badia de Portmany\",\"description\":\"\",\"publisher\":{\"@id\":\"https:\/\/www.salvemsabadia.com\/#organization\"},\"potentialAction\":[{\"@type\":\"SearchAction\",\"target\":{\"@type\":\"EntryPoint\",\"urlTemplate\":\"https:\/\/www.salvemsabadia.com\/?s={search_term_string}\"},\"query-input\":{\"@type\":\"PropertyValueSpecification\",\"valueRequired\":true,\"valueName\":\"search_term_string\"}}],\"inLanguage\":\"es\"},{\"@type\":\"Organization\",\"@id\":\"https:\/\/www.salvemsabadia.com\/#organization\",\"name\":\"Salvem Sa Badia de Portmany\",\"url\":\"https:\/\/www.salvemsabadia.com\/\",\"logo\":{\"@type\":\"ImageObject\",\"inLanguage\":\"es\",\"@id\":\"https:\/\/www.salvemsabadia.com\/#\/schema\/logo\/image\/\",\"url\":\"https:\/\/www.salvemsabadia.com\/wp-content\/uploads\/2020\/03\/logo.png\",\"contentUrl\":\"https:\/\/www.salvemsabadia.com\/wp-content\/uploads\/2020\/03\/logo.png\",\"width\":188,\"height\":151,\"caption\":\"Salvem Sa Badia de Portmany\"},\"image\":{\"@id\":\"https:\/\/www.salvemsabadia.com\/#\/schema\/logo\/image\/\"}},{\"@type\":\"Person\",\"@id\":\"https:\/\/www.salvemsabadia.com\/#\/schema\/person\/5d08c5118adcb4140d13bde4826ba122\",\"name\":\"Salvem sa Badia\",\"image\":{\"@type\":\"ImageObject\",\"inLanguage\":\"es\",\"@id\":\"https:\/\/www.salvemsabadia.com\/#\/schema\/person\/image\/\",\"url\":\"https:\/\/secure.gravatar.com\/avatar\/d569ee5739a9c7022470ea472c9b4b9cf476e15f1be71e5242c911d673d14ad9?s=96&d=mm&r=g\",\"contentUrl\":\"https:\/\/secure.gravatar.com\/avatar\/d569ee5739a9c7022470ea472c9b4b9cf476e15f1be71e5242c911d673d14ad9?s=96&d=mm&r=g\",\"caption\":\"Salvem sa Badia\"}}]}<\/script>\n<!-- \/ Yoast SEO plugin. -->","yoast_head_json":{"title":"Decepci\u00f3n en Salvem Sa Badia por el anuncio del regreso de los ferris al muelle comercial - Salvem Sa Badia de Portmany","robots":{"index":"index","follow":"follow","max-snippet":"max-snippet:-1","max-image-preview":"max-image-preview:large","max-video-preview":"max-video-preview:-1"},"canonical":"https:\/\/www.salvemsabadia.com\/decepcio-en-salvem-sa-badia-per-anunci-del-retorn-dels-ferris-al-moll-comercial\/","og_locale":"es_ES","og_type":"article","og_title":"Decepci\u00f3n en Salvem Sa Badia por el anuncio del regreso de los ferris al muelle comercial - Salvem Sa Badia de Portmany","og_description":"El anuncio que el martes realiz\u00f3 en el Parlament balear el conseller de Movilidad y Vivienda Josep Mar\u00ed Ribas, \u2018Agustinet\u2019, sobre que los ferris volver\u00e1n a operar a partir de...","og_url":"https:\/\/www.salvemsabadia.com\/decepcio-en-salvem-sa-badia-per-anunci-del-retorn-dels-ferris-al-moll-comercial\/","og_site_name":"Salvem Sa Badia de Portmany","article_published_time":"2021-05-20T08:44:21+00:00","article_modified_time":"2022-08-15T08:29:26+00:00","og_image":[{"width":2000,"height":1333,"url":"https:\/\/www.salvemsabadia.com\/wp-content\/uploads\/2021\/05\/DSC02698.jpg","type":"image\/jpeg"}],"author":"Salvem sa Badia","twitter_card":"summary_large_image","twitter_misc":{"Escrito por":"Salvem sa Badia","Tiempo de lectura":"3 minutos"},"schema":{"@context":"https:\/\/schema.org","@graph":[{"@type":"Article","@id":"https:\/\/www.salvemsabadia.com\/decepcio-en-salvem-sa-badia-per-anunci-del-retorn-dels-ferris-al-moll-comercial\/#article","isPartOf":{"@id":"https:\/\/www.salvemsabadia.com\/decepcio-en-salvem-sa-badia-per-anunci-del-retorn-dels-ferris-al-moll-comercial\/"},"author":{"name":"Salvem sa Badia","@id":"https:\/\/www.salvemsabadia.com\/#\/schema\/person\/5d08c5118adcb4140d13bde4826ba122"},"headline":"Decepci\u00f3n en Salvem Sa Badia por el anuncio del regreso de los ferris al muelle comercial","datePublished":"2021-05-20T08:44:21+00:00","dateModified":"2022-08-15T08:29:26+00:00","mainEntityOfPage":{"@id":"https:\/\/www.salvemsabadia.com\/decepcio-en-salvem-sa-badia-per-anunci-del-retorn-dels-ferris-al-moll-comercial\/"},"wordCount":557,"commentCount":0,"publisher":{"@id":"https:\/\/www.salvemsabadia.com\/#organization"},"image":{"@id":"https:\/\/www.salvemsabadia.com\/decepcio-en-salvem-sa-badia-per-anunci-del-retorn-dels-ferris-al-moll-comercial\/#primaryimage"},"thumbnailUrl":"https:\/\/www.salvemsabadia.com\/wp-content\/uploads\/2021\/05\/DSC02698.jpg","keywords":["ferris","posidonia"],"articleSection":["Destacado","Puerto de Sant Antoni","Salvem Sa Badia"],"inLanguage":"es","potentialAction":[{"@type":"CommentAction","name":"Comment","target":["https:\/\/www.salvemsabadia.com\/decepcio-en-salvem-sa-badia-per-anunci-del-retorn-dels-ferris-al-moll-comercial\/#respond"]}]},{"@type":"WebPage","@id":"https:\/\/www.salvemsabadia.com\/decepcio-en-salvem-sa-badia-per-anunci-del-retorn-dels-ferris-al-moll-comercial\/","url":"https:\/\/www.salvemsabadia.com\/decepcio-en-salvem-sa-badia-per-anunci-del-retorn-dels-ferris-al-moll-comercial\/","name":"Decepci\u00f3n en Salvem Sa Badia por el anuncio del regreso de los ferris al muelle comercial - Salvem Sa Badia de Portmany","isPartOf":{"@id":"https:\/\/www.salvemsabadia.com\/#website"},"primaryImageOfPage":{"@id":"https:\/\/www.salvemsabadia.com\/decepcio-en-salvem-sa-badia-per-anunci-del-retorn-dels-ferris-al-moll-comercial\/#primaryimage"},"image":{"@id":"https:\/\/www.salvemsabadia.com\/decepcio-en-salvem-sa-badia-per-anunci-del-retorn-dels-ferris-al-moll-comercial\/#primaryimage"},"thumbnailUrl":"https:\/\/www.salvemsabadia.com\/wp-content\/uploads\/2021\/05\/DSC02698.jpg","datePublished":"2021-05-20T08:44:21+00:00","dateModified":"2022-08-15T08:29:26+00:00","breadcrumb":{"@id":"https:\/\/www.salvemsabadia.com\/decepcio-en-salvem-sa-badia-per-anunci-del-retorn-dels-ferris-al-moll-comercial\/#breadcrumb"},"inLanguage":"es","potentialAction":[{"@type":"ReadAction","target":["https:\/\/www.salvemsabadia.com\/decepcio-en-salvem-sa-badia-per-anunci-del-retorn-dels-ferris-al-moll-comercial\/"]}]},{"@type":"ImageObject","inLanguage":"es","@id":"https:\/\/www.salvemsabadia.com\/decepcio-en-salvem-sa-badia-per-anunci-del-retorn-dels-ferris-al-moll-comercial\/#primaryimage","url":"https:\/\/www.salvemsabadia.com\/wp-content\/uploads\/2021\/05\/DSC02698.jpg","contentUrl":"https:\/\/www.salvemsabadia.com\/wp-content\/uploads\/2021\/05\/DSC02698.jpg","width":2000,"height":1333},{"@type":"BreadcrumbList","@id":"https:\/\/www.salvemsabadia.com\/decepcio-en-salvem-sa-badia-per-anunci-del-retorn-dels-ferris-al-moll-comercial\/#breadcrumb","itemListElement":[{"@type":"ListItem","position":1,"name":"Portada","item":"https:\/\/www.salvemsabadia.com\/es\/"},{"@type":"ListItem","position":2,"name":"Decepci\u00f3n en Salvem Sa Badia por el anuncio del regreso de los ferris al muelle comercial"}]},{"@type":"WebSite","@id":"https:\/\/www.salvemsabadia.com\/#website","url":"https:\/\/www.salvemsabadia.com\/","name":"Salvem Sa Badia de Portmany","description":"","publisher":{"@id":"https:\/\/www.salvemsabadia.com\/#organization"},"potentialAction":[{"@type":"SearchAction","target":{"@type":"EntryPoint","urlTemplate":"https:\/\/www.salvemsabadia.com\/?s={search_term_string}"},"query-input":{"@type":"PropertyValueSpecification","valueRequired":true,"valueName":"search_term_string"}}],"inLanguage":"es"},{"@type":"Organization","@id":"https:\/\/www.salvemsabadia.com\/#organization","name":"Salvem Sa Badia de Portmany","url":"https:\/\/www.salvemsabadia.com\/","logo":{"@type":"ImageObject","inLanguage":"es","@id":"https:\/\/www.salvemsabadia.com\/#\/schema\/logo\/image\/","url":"https:\/\/www.salvemsabadia.com\/wp-content\/uploads\/2020\/03\/logo.png","contentUrl":"https:\/\/www.salvemsabadia.com\/wp-content\/uploads\/2020\/03\/logo.png","width":188,"height":151,"caption":"Salvem Sa Badia de Portmany"},"image":{"@id":"https:\/\/www.salvemsabadia.com\/#\/schema\/logo\/image\/"}},{"@type":"Person","@id":"https:\/\/www.salvemsabadia.com\/#\/schema\/person\/5d08c5118adcb4140d13bde4826ba122","name":"Salvem sa Badia","image":{"@type":"ImageObject","inLanguage":"es","@id":"https:\/\/www.salvemsabadia.com\/#\/schema\/person\/image\/","url":"https:\/\/secure.gravatar.com\/avatar\/d569ee5739a9c7022470ea472c9b4b9cf476e15f1be71e5242c911d673d14ad9?s=96&d=mm&r=g","contentUrl":"https:\/\/secure.gravatar.com\/avatar\/d569ee5739a9c7022470ea472c9b4b9cf476e15f1be71e5242c911d673d14ad9?s=96&d=mm&r=g","caption":"Salvem sa Badia"}}]}},"_links":{"self":[{"href":"https:\/\/www.salvemsabadia.com\/es\/wp-json\/wp\/v2\/posts\/1975","targetHints":{"allow":["GET"]}}],"collection":[{"href":"https:\/\/www.salvemsabadia.com\/es\/wp-json\/wp\/v2\/posts"}],"about":[{"href":"https:\/\/www.salvemsabadia.com\/es\/wp-json\/wp\/v2\/types\/post"}],"author":[{"embeddable":true,"href":"https:\/\/www.salvemsabadia.com\/es\/wp-json\/wp\/v2\/users\/2"}],"replies":[{"embeddable":true,"href":"https:\/\/www.salvemsabadia.com\/es\/wp-json\/wp\/v2\/comments?post=1975"}],"version-history":[{"count":0,"href":"https:\/\/www.salvemsabadia.com\/es\/wp-json\/wp\/v2\/posts\/1975\/revisions"}],"wp:featuredmedia":[{"embeddable":true,"href":"https:\/\/www.salvemsabadia.com\/es\/wp-json\/wp\/v2\/media\/1976"}],"wp:attachment":[{"href":"https:\/\/www.salvemsabadia.com\/es\/wp-json\/wp\/v2\/media?parent=1975"}],"wp:term":[{"taxonomy":"category","embeddable":true,"href":"https:\/\/www.salvemsabadia.com\/es\/wp-json\/wp\/v2\/categories?post=1975"},{"taxonomy":"post_tag","embeddable":true,"href":"https:\/\/www.salvemsabadia.com\/es\/wp-json\/wp\/v2\/tags?post=1975"}],"curies":[{"name":"wp","href":"https:\/\/api.w.org\/{rel}","templated":true}]}}