{"id":2146,"date":"2021-07-16T19:17:41","date_gmt":"2021-07-16T17:17:41","guid":{"rendered":"https:\/\/www.salvemsabadia.com\/?p=2146"},"modified":"2022-08-15T10:35:04","modified_gmt":"2022-08-15T08:35:04","slug":"el-nuevo-auditorio-de-calo-de-soli-acoge-las-mejores-fotografias-submarinas-de-la-primera-edicion-del-concurso-mare","status":"publish","type":"post","link":"https:\/\/www.salvemsabadia.com\/es\/el-nuevo-auditorio-de-calo-de-soli-acoge-las-mejores-fotografias-submarinas-de-la-primera-edicion-del-concurso-mare\/","title":{"rendered":"El nuevo auditorio de Cal\u00f3 de s\u2019Oli acoge las mejores fotograf\u00edas submarinas de la primera edici\u00f3n del concurso MARE"},"content":{"rendered":"<div id=\"attachment_2149\" style=\"width: 2570px\" class=\"wp-caption alignnone\"><img loading=\"lazy\" decoding=\"async\" aria-describedby=\"caption-attachment-2149\" class=\"wp-image-2149 size-full\" src=\"https:\/\/www.salvemsabadia.com\/wp-content\/uploads\/2021\/07\/pulpo-min-scaled.jpg\" alt=\"\" width=\"2560\" height=\"1706\" srcset=\"https:\/\/www.salvemsabadia.com\/wp-content\/uploads\/2021\/07\/pulpo-min-scaled.jpg 2560w, https:\/\/www.salvemsabadia.com\/wp-content\/uploads\/2021\/07\/pulpo-min-300x200.jpg 300w, https:\/\/www.salvemsabadia.com\/wp-content\/uploads\/2021\/07\/pulpo-min-1024x682.jpg 1024w, https:\/\/www.salvemsabadia.com\/wp-content\/uploads\/2021\/07\/pulpo-min-768x512.jpg 768w, https:\/\/www.salvemsabadia.com\/wp-content\/uploads\/2021\/07\/pulpo-min-1536x1023.jpg 1536w, https:\/\/www.salvemsabadia.com\/wp-content\/uploads\/2021\/07\/pulpo-min-2048x1364.jpg 2048w, https:\/\/www.salvemsabadia.com\/wp-content\/uploads\/2021\/07\/pulpo-min-900x600.jpg 900w\" sizes=\"auto, (max-width: 2560px) 100vw, 2560px\" \/><p id=\"caption-attachment-2149\" class=\"wp-caption-text\">\u00abPop\u00bb, de Xavier Mas Ferr\u00e0, una de las impresionantes im\u00e1genes que componen la exposici\u00f3n<\/p><\/div>\n<p class=\"p1\">El auditorio de Cal\u00f3 de S\u2019Oli acoge la exposici\u00f3n de fotograf\u00edas de la primera edici\u00f3n del concurso de im\u00e1genes submarinas MARE, cuya inauguraci\u00f3n tendr\u00e1 lugar el pr\u00f3ximo domingo 18 de julio, a las 19 horas. La muestra, que ha sido presentada esta ma\u00f1ana en el propio auditorio, est\u00e1 compuesta por alrededor de 40 im\u00e1genes de m\u00faltiples profesionales y aficionados, las mejores que se presentaron el a\u00f1o pasado a este concurso que exige que dichas fotograf\u00edas se tomen en el archipi\u00e9lago balear. La muestra permanecer\u00e1 expuesta hasta el 29 de agosto y podr\u00e1 visitarse todos los d\u00edas salvo los viernes, de 10 a 13,30 horas, aunque las im\u00e1genes han sido dispuestas junto a las cristaleras, ese tal forma que pueden contemplarse desde el exterior a cualquier hora.<\/p>\n<p class=\"p1\">La inauguraci\u00f3n comenzar\u00e1 con la proyecci\u00f3n audivisual \u201cEl poder de la fotograf\u00eda submarina para cambiar el mundo\u201d, producida por Hakawatifilm (empresa compuesta por la pareja de storytellers Ofelia de Pablo, jurado en la primera edici\u00f3n de MARE, y Javier Zurita). Tras la ponencia, a partir de las 21 horas, se celebrar\u00e1 un concierto de jazz fusi\u00f3n que ofrecer\u00e1 el m\u00fasico V\u00edctor Gressely en un escenario exterior.<\/p>\n<div id=\"attachment_2151\" style=\"width: 2570px\" class=\"wp-caption alignnone\"><img loading=\"lazy\" decoding=\"async\" aria-describedby=\"caption-attachment-2151\" class=\"wp-image-2151 size-full\" src=\"https:\/\/www.salvemsabadia.com\/wp-content\/uploads\/2021\/07\/IMG_2184-min-scaled.jpg\" alt=\"\" width=\"2560\" height=\"1920\" srcset=\"https:\/\/www.salvemsabadia.com\/wp-content\/uploads\/2021\/07\/IMG_2184-min-scaled.jpg 2560w, https:\/\/www.salvemsabadia.com\/wp-content\/uploads\/2021\/07\/IMG_2184-min-300x225.jpg 300w, https:\/\/www.salvemsabadia.com\/wp-content\/uploads\/2021\/07\/IMG_2184-min-1024x768.jpg 1024w, https:\/\/www.salvemsabadia.com\/wp-content\/uploads\/2021\/07\/IMG_2184-min-768x576.jpg 768w, https:\/\/www.salvemsabadia.com\/wp-content\/uploads\/2021\/07\/IMG_2184-min-1536x1152.jpg 1536w, https:\/\/www.salvemsabadia.com\/wp-content\/uploads\/2021\/07\/IMG_2184-min-2048x1536.jpg 2048w\" sizes=\"auto, (max-width: 2560px) 100vw, 2560px\" \/><p id=\"caption-attachment-2151\" class=\"wp-caption-text\">Antonio Mart\u00ednez Beneyto (Foro Marino), Cristina Ribas (Concejala de Cultura), \u00c1ngel Luis Guerrero (alcalde de Sant Josep), Sara Garc\u00eda Betorz (MARE) y Pep\u00edn Vald\u00e9s (Salvem Sa Badia de Portmany)<\/p><\/div>\n<p class=\"p1\">La muestra la organiza el Ayuntamiento de Sant Josep de Sa Talaia, con la colaboraci\u00f3n de MARE, Marilles Foundation, el Foro Marino y Salvem Sa Badia de Portmany. Esta \u00faltima entidad es la encargada de dinamizar la exposici\u00f3n y exponer este espacio a la ciudadan\u00eda. De lunes a jueves, una ocean\u00f3grafa de Salvem Sa Badia explicar\u00e1 la exposici\u00f3n a los alumnos de las escuelas de verano del municipio y organizar\u00e1 talleres sobre biodiversidad, relacionados con el medio marino. Los viernes estos mismos saldr\u00e1n navegar y por esto el espacio permanecer\u00e1 cerrado esa ma\u00f1ana.<\/p>\n<p class=\"p1\">La presentaci\u00f3n celebrada esta ma\u00f1ana, en lo que constituye el primer acto del auditorio de Cal\u00f3 de s\u2019Oli, ha contado con la presencia del alcalde de Sant Josep de Sa Talaia, \u00c1ngel Luis Guerrero; la concejal de Cultura, Cristina Ribas; la coordinadora de MARE, Sara Garc\u00eda Betorz; el coordinador del Foro Marino, Antonio Mart\u00ednez Beneyto, y el portavoz de Salvem Sa Badia, Pep\u00edn Vald\u00e9s.<\/p>\n<div id=\"attachment_2147\" style=\"width: 2570px\" class=\"wp-caption alignnone\"><img loading=\"lazy\" decoding=\"async\" aria-describedby=\"caption-attachment-2147\" class=\"wp-image-2147 size-full\" src=\"https:\/\/www.salvemsabadia.com\/wp-content\/uploads\/2021\/07\/tiburon-min-scaled.jpg\" alt=\"\" width=\"2560\" height=\"1508\" srcset=\"https:\/\/www.salvemsabadia.com\/wp-content\/uploads\/2021\/07\/tiburon-min-scaled.jpg 2560w, https:\/\/www.salvemsabadia.com\/wp-content\/uploads\/2021\/07\/tiburon-min-300x177.jpg 300w, https:\/\/www.salvemsabadia.com\/wp-content\/uploads\/2021\/07\/tiburon-min-1024x603.jpg 1024w, https:\/\/www.salvemsabadia.com\/wp-content\/uploads\/2021\/07\/tiburon-min-768x452.jpg 768w, https:\/\/www.salvemsabadia.com\/wp-content\/uploads\/2021\/07\/tiburon-min-1536x905.jpg 1536w, https:\/\/www.salvemsabadia.com\/wp-content\/uploads\/2021\/07\/tiburon-min-2048x1206.jpg 2048w\" sizes=\"auto, (max-width: 2560px) 100vw, 2560px\" \/><p id=\"caption-attachment-2147\" class=\"wp-caption-text\">\u00abFins quan\u00bb, de Javier Atero Cano. Algunas im\u00e1genes de la exposici\u00f3n denuncian la degradaci\u00f3n del Mediterr\u00e1neo<\/p><\/div>\n<p class=\"p1\">Vald\u00e9s ha felicitado el Ayuntamiento de Sant Josep por el nuevo auditorio y le ha agradecido que se haya contado con Salvem Sa Badia para diversificar este espacio durante los meses de julio y agosto. Tambi\u00e9n ha pedido a los vecinos de Cala de Bou y de toda la isla que visiten esta muestra \u201cpara descubrir la belleza que esconden nuestras aguas y por las que vale la pena luchar. Exposiciones como \u00e9sta nos ayudan a tomar consciencia de que el mar no es nuestro basurero, sino un entorno fr\u00e1gil, con cuya preservaci\u00f3n hay mucho en juego\u201d.<\/p>\n<p class=\"p1\">MARE es una iniciativa colaborativa impulsada por organizaciones, asociaciones e instituciones relevantes del mundo de la conservaci\u00f3n, la fotograf\u00eda y el v\u00eddeo. Tambi\u00e9n cuenta con el apoyo de empresas y medios comprometidos con la conservaci\u00f3n marina. Tiene como objetivo convertirse en una iniciativa de referencia que fomente el uso de las artes visuales para difundir mensajes de conservaci\u00f3n. En la primera edici\u00f3n del concurso se recibieron casi un millar de im\u00e1genes (883 fotograf\u00edas, 6 v\u00eddeos y 3 reportajes con 36 im\u00e1genes), que presentaron un total de 120 participantes.<\/p>\n<p class=\"p1\">La celebraci\u00f3n de la segunda edici\u00f3n del certamen MARE se realiza del 15 de julio al 15 de septiembre y los fot\u00f3grafos participantes pueden presentar hasta un total de 15 im\u00e1genes repartidas por las distintas categor\u00edas del concurso. Se premian las mejores im\u00e1genes que subrayan la belleza y riqueza del mar balear, as\u00ed como aquellas que exponen la relaci\u00f3n humana con el medio marino, ya se trate de denuncias o historias de \u00e9xito, realizadas durante los a\u00f1os 2020 y 2021. Hay categor\u00edas para expertos y para amateurs, y tambi\u00e9n para menores. Se reparten 10.000 \u20ac entre un total de 23 premios y los mejores proyectos presentados formar\u00e1n parte de la exposici\u00f3n itinerante que recorrer\u00e1 las Balears durante el a\u00f1o 2022. M\u00e1s informaci\u00f3n en <a href=\"https:\/\/marebalear.org\/\" target=\"_blank\" rel=\"noopener noreferrer\">este enlace<\/a>.<\/p>\n<p><img loading=\"lazy\" decoding=\"async\" class=\"alignnone wp-image-2153 size-full\" src=\"https:\/\/www.salvemsabadia.com\/wp-content\/uploads\/2021\/07\/WhatsApp-Image-2021-07-16-at-13.24.45.jpeg\" alt=\"\" width=\"842\" height=\"1191\" srcset=\"https:\/\/www.salvemsabadia.com\/wp-content\/uploads\/2021\/07\/WhatsApp-Image-2021-07-16-at-13.24.45.jpeg 842w, https:\/\/www.salvemsabadia.com\/wp-content\/uploads\/2021\/07\/WhatsApp-Image-2021-07-16-at-13.24.45-212x300.jpeg 212w, https:\/\/www.salvemsabadia.com\/wp-content\/uploads\/2021\/07\/WhatsApp-Image-2021-07-16-at-13.24.45-724x1024.jpeg 724w, https:\/\/www.salvemsabadia.com\/wp-content\/uploads\/2021\/07\/WhatsApp-Image-2021-07-16-at-13.24.45-768x1086.jpeg 768w\" sizes=\"auto, (max-width: 842px) 100vw, 842px\" \/><\/p>\n","protected":false},"excerpt":{"rendered":"<p>El auditorio de Cal\u00f3 de S\u2019Oli acoge la exposici\u00f3n de fotograf\u00edas de la primera edici\u00f3n del concurso de im\u00e1genes submarinas MARE, cuya inauguraci\u00f3n tendr\u00e1 lugar el pr\u00f3ximo domingo 18 de&#8230;<\/p>\n","protected":false},"author":2,"featured_media":2149,"comment_status":"open","ping_status":"open","sticky":false,"template":"","format":"standard","meta":{"give_campaign_id":0,"footnotes":""},"categories":[201,202,205,106,213,10],"tags":[153,152,28],"class_list":{"0":"post-2146","1":"post","2":"type-post","3":"status-publish","4":"format-standard","5":"has-post-thumbnail","7":"category-biodiversidad","8":"category-buceo","9":"category-cultura","10":"category-destacado","11":"category-posidonia","12":"category-salvem-sa-badia","13":"tag-cultura","14":"tag-fotografia","15":"tag-medio-ambiente"},"yoast_head":"<!-- This site is optimized with the Yoast SEO plugin v26.8 - https:\/\/yoast.com\/product\/yoast-seo-wordpress\/ -->\n<title>El nuevo auditorio de Cal\u00f3 de s\u2019Oli acoge las mejores fotograf\u00edas submarinas de la primera edici\u00f3n del concurso MARE - Salvem Sa Badia de Portmany<\/title>\n<meta name=\"robots\" content=\"index, follow, max-snippet:-1, max-image-preview:large, max-video-preview:-1\" \/>\n<link rel=\"canonical\" href=\"https:\/\/www.salvemsabadia.com\/el-nou-auditori-de-calo-de-s-oli-acull-les-millors-fotografies-submarines-de-la-primera-edicio-del-concurs-mare\/\" \/>\n<meta property=\"og:locale\" content=\"es_ES\" \/>\n<meta property=\"og:type\" content=\"article\" \/>\n<meta property=\"og:title\" content=\"El nuevo auditorio de Cal\u00f3 de s\u2019Oli acoge las mejores fotograf\u00edas submarinas de la primera edici\u00f3n del concurso MARE - Salvem Sa Badia de Portmany\" \/>\n<meta property=\"og:description\" content=\"El auditorio de Cal\u00f3 de S\u2019Oli acoge la exposici\u00f3n de fotograf\u00edas de la primera edici\u00f3n del concurso de im\u00e1genes submarinas MARE, cuya inauguraci\u00f3n tendr\u00e1 lugar el pr\u00f3ximo domingo 18 de...\" \/>\n<meta property=\"og:url\" content=\"https:\/\/www.salvemsabadia.com\/el-nou-auditori-de-calo-de-s-oli-acull-les-millors-fotografies-submarines-de-la-primera-edicio-del-concurs-mare\/\" \/>\n<meta property=\"og:site_name\" content=\"Salvem Sa Badia de Portmany\" \/>\n<meta property=\"article:published_time\" content=\"2021-07-16T17:17:41+00:00\" \/>\n<meta property=\"article:modified_time\" content=\"2022-08-15T08:35:04+00:00\" \/>\n<meta property=\"og:image\" content=\"https:\/\/www.salvemsabadia.com\/wp-content\/uploads\/2021\/07\/pulpo-min-scaled.jpg\" \/>\n\t<meta property=\"og:image:width\" content=\"2560\" \/>\n\t<meta property=\"og:image:height\" content=\"1706\" \/>\n\t<meta property=\"og:image:type\" content=\"image\/jpeg\" \/>\n<meta name=\"author\" content=\"Salvem sa Badia\" \/>\n<meta name=\"twitter:card\" content=\"summary_large_image\" \/>\n<meta name=\"twitter:label1\" content=\"Escrito por\" \/>\n\t<meta name=\"twitter:data1\" content=\"Salvem sa Badia\" \/>\n\t<meta name=\"twitter:label2\" content=\"Tiempo de lectura\" \/>\n\t<meta name=\"twitter:data2\" content=\"4 minutos\" \/>\n<script type=\"application\/ld+json\" class=\"yoast-schema-graph\">{\"@context\":\"https:\/\/schema.org\",\"@graph\":[{\"@type\":\"Article\",\"@id\":\"https:\/\/www.salvemsabadia.com\/el-nou-auditori-de-calo-de-s-oli-acull-les-millors-fotografies-submarines-de-la-primera-edicio-del-concurs-mare\/#article\",\"isPartOf\":{\"@id\":\"https:\/\/www.salvemsabadia.com\/el-nou-auditori-de-calo-de-s-oli-acull-les-millors-fotografies-submarines-de-la-primera-edicio-del-concurs-mare\/\"},\"author\":{\"name\":\"Salvem sa Badia\",\"@id\":\"https:\/\/www.salvemsabadia.com\/#\/schema\/person\/5d08c5118adcb4140d13bde4826ba122\"},\"headline\":\"El nuevo auditorio de Cal\u00f3 de s\u2019Oli acoge las mejores fotograf\u00edas submarinas de la primera edici\u00f3n del concurso MARE\",\"datePublished\":\"2021-07-16T17:17:41+00:00\",\"dateModified\":\"2022-08-15T08:35:04+00:00\",\"mainEntityOfPage\":{\"@id\":\"https:\/\/www.salvemsabadia.com\/el-nou-auditori-de-calo-de-s-oli-acull-les-millors-fotografies-submarines-de-la-primera-edicio-del-concurs-mare\/\"},\"wordCount\":816,\"commentCount\":0,\"publisher\":{\"@id\":\"https:\/\/www.salvemsabadia.com\/#organization\"},\"image\":{\"@id\":\"https:\/\/www.salvemsabadia.com\/el-nou-auditori-de-calo-de-s-oli-acull-les-millors-fotografies-submarines-de-la-primera-edicio-del-concurs-mare\/#primaryimage\"},\"thumbnailUrl\":\"https:\/\/www.salvemsabadia.com\/wp-content\/uploads\/2021\/07\/pulpo-min-scaled.jpg\",\"keywords\":[\"Cultura\",\"Fotograf\u00eda\",\"Medio Ambiente\"],\"articleSection\":[\"Biodiversidad\",\"Buceo\",\"Cultura\",\"Destacado\",\"Posidonia\",\"Salvem Sa Badia\"],\"inLanguage\":\"es\",\"potentialAction\":[{\"@type\":\"CommentAction\",\"name\":\"Comment\",\"target\":[\"https:\/\/www.salvemsabadia.com\/el-nou-auditori-de-calo-de-s-oli-acull-les-millors-fotografies-submarines-de-la-primera-edicio-del-concurs-mare\/#respond\"]}]},{\"@type\":\"WebPage\",\"@id\":\"https:\/\/www.salvemsabadia.com\/el-nou-auditori-de-calo-de-s-oli-acull-les-millors-fotografies-submarines-de-la-primera-edicio-del-concurs-mare\/\",\"url\":\"https:\/\/www.salvemsabadia.com\/el-nou-auditori-de-calo-de-s-oli-acull-les-millors-fotografies-submarines-de-la-primera-edicio-del-concurs-mare\/\",\"name\":\"El nuevo auditorio de Cal\u00f3 de s\u2019Oli acoge las mejores fotograf\u00edas submarinas de la primera edici\u00f3n del concurso MARE - Salvem Sa Badia de Portmany\",\"isPartOf\":{\"@id\":\"https:\/\/www.salvemsabadia.com\/#website\"},\"primaryImageOfPage\":{\"@id\":\"https:\/\/www.salvemsabadia.com\/el-nou-auditori-de-calo-de-s-oli-acull-les-millors-fotografies-submarines-de-la-primera-edicio-del-concurs-mare\/#primaryimage\"},\"image\":{\"@id\":\"https:\/\/www.salvemsabadia.com\/el-nou-auditori-de-calo-de-s-oli-acull-les-millors-fotografies-submarines-de-la-primera-edicio-del-concurs-mare\/#primaryimage\"},\"thumbnailUrl\":\"https:\/\/www.salvemsabadia.com\/wp-content\/uploads\/2021\/07\/pulpo-min-scaled.jpg\",\"datePublished\":\"2021-07-16T17:17:41+00:00\",\"dateModified\":\"2022-08-15T08:35:04+00:00\",\"breadcrumb\":{\"@id\":\"https:\/\/www.salvemsabadia.com\/el-nou-auditori-de-calo-de-s-oli-acull-les-millors-fotografies-submarines-de-la-primera-edicio-del-concurs-mare\/#breadcrumb\"},\"inLanguage\":\"es\",\"potentialAction\":[{\"@type\":\"ReadAction\",\"target\":[\"https:\/\/www.salvemsabadia.com\/el-nou-auditori-de-calo-de-s-oli-acull-les-millors-fotografies-submarines-de-la-primera-edicio-del-concurs-mare\/\"]}]},{\"@type\":\"ImageObject\",\"inLanguage\":\"es\",\"@id\":\"https:\/\/www.salvemsabadia.com\/el-nou-auditori-de-calo-de-s-oli-acull-les-millors-fotografies-submarines-de-la-primera-edicio-del-concurs-mare\/#primaryimage\",\"url\":\"https:\/\/www.salvemsabadia.com\/wp-content\/uploads\/2021\/07\/pulpo-min-scaled.jpg\",\"contentUrl\":\"https:\/\/www.salvemsabadia.com\/wp-content\/uploads\/2021\/07\/pulpo-min-scaled.jpg\",\"width\":2560,\"height\":1706},{\"@type\":\"BreadcrumbList\",\"@id\":\"https:\/\/www.salvemsabadia.com\/el-nou-auditori-de-calo-de-s-oli-acull-les-millors-fotografies-submarines-de-la-primera-edicio-del-concurs-mare\/#breadcrumb\",\"itemListElement\":[{\"@type\":\"ListItem\",\"position\":1,\"name\":\"Portada\",\"item\":\"https:\/\/www.salvemsabadia.com\/es\/\"},{\"@type\":\"ListItem\",\"position\":2,\"name\":\"El nuevo auditorio de Cal\u00f3 de s\u2019Oli acoge las mejores fotograf\u00edas submarinas de la primera edici\u00f3n del concurso MARE\"}]},{\"@type\":\"WebSite\",\"@id\":\"https:\/\/www.salvemsabadia.com\/#website\",\"url\":\"https:\/\/www.salvemsabadia.com\/\",\"name\":\"Salvem Sa Badia de Portmany\",\"description\":\"\",\"publisher\":{\"@id\":\"https:\/\/www.salvemsabadia.com\/#organization\"},\"potentialAction\":[{\"@type\":\"SearchAction\",\"target\":{\"@type\":\"EntryPoint\",\"urlTemplate\":\"https:\/\/www.salvemsabadia.com\/?s={search_term_string}\"},\"query-input\":{\"@type\":\"PropertyValueSpecification\",\"valueRequired\":true,\"valueName\":\"search_term_string\"}}],\"inLanguage\":\"es\"},{\"@type\":\"Organization\",\"@id\":\"https:\/\/www.salvemsabadia.com\/#organization\",\"name\":\"Salvem Sa Badia de Portmany\",\"url\":\"https:\/\/www.salvemsabadia.com\/\",\"logo\":{\"@type\":\"ImageObject\",\"inLanguage\":\"es\",\"@id\":\"https:\/\/www.salvemsabadia.com\/#\/schema\/logo\/image\/\",\"url\":\"https:\/\/www.salvemsabadia.com\/wp-content\/uploads\/2020\/03\/logo.png\",\"contentUrl\":\"https:\/\/www.salvemsabadia.com\/wp-content\/uploads\/2020\/03\/logo.png\",\"width\":188,\"height\":151,\"caption\":\"Salvem Sa Badia de Portmany\"},\"image\":{\"@id\":\"https:\/\/www.salvemsabadia.com\/#\/schema\/logo\/image\/\"}},{\"@type\":\"Person\",\"@id\":\"https:\/\/www.salvemsabadia.com\/#\/schema\/person\/5d08c5118adcb4140d13bde4826ba122\",\"name\":\"Salvem sa Badia\",\"image\":{\"@type\":\"ImageObject\",\"inLanguage\":\"es\",\"@id\":\"https:\/\/www.salvemsabadia.com\/#\/schema\/person\/image\/\",\"url\":\"https:\/\/secure.gravatar.com\/avatar\/d569ee5739a9c7022470ea472c9b4b9cf476e15f1be71e5242c911d673d14ad9?s=96&d=mm&r=g\",\"contentUrl\":\"https:\/\/secure.gravatar.com\/avatar\/d569ee5739a9c7022470ea472c9b4b9cf476e15f1be71e5242c911d673d14ad9?s=96&d=mm&r=g\",\"caption\":\"Salvem sa Badia\"}}]}<\/script>\n<!-- \/ Yoast SEO plugin. -->","yoast_head_json":{"title":"El nuevo auditorio de Cal\u00f3 de s\u2019Oli acoge las mejores fotograf\u00edas submarinas de la primera edici\u00f3n del concurso MARE - Salvem Sa Badia de Portmany","robots":{"index":"index","follow":"follow","max-snippet":"max-snippet:-1","max-image-preview":"max-image-preview:large","max-video-preview":"max-video-preview:-1"},"canonical":"https:\/\/www.salvemsabadia.com\/el-nou-auditori-de-calo-de-s-oli-acull-les-millors-fotografies-submarines-de-la-primera-edicio-del-concurs-mare\/","og_locale":"es_ES","og_type":"article","og_title":"El nuevo auditorio de Cal\u00f3 de s\u2019Oli acoge las mejores fotograf\u00edas submarinas de la primera edici\u00f3n del concurso MARE - Salvem Sa Badia de Portmany","og_description":"El auditorio de Cal\u00f3 de S\u2019Oli acoge la exposici\u00f3n de fotograf\u00edas de la primera edici\u00f3n del concurso de im\u00e1genes submarinas MARE, cuya inauguraci\u00f3n tendr\u00e1 lugar el pr\u00f3ximo domingo 18 de...","og_url":"https:\/\/www.salvemsabadia.com\/el-nou-auditori-de-calo-de-s-oli-acull-les-millors-fotografies-submarines-de-la-primera-edicio-del-concurs-mare\/","og_site_name":"Salvem Sa Badia de Portmany","article_published_time":"2021-07-16T17:17:41+00:00","article_modified_time":"2022-08-15T08:35:04+00:00","og_image":[{"width":2560,"height":1706,"url":"https:\/\/www.salvemsabadia.com\/wp-content\/uploads\/2021\/07\/pulpo-min-scaled.jpg","type":"image\/jpeg"}],"author":"Salvem sa Badia","twitter_card":"summary_large_image","twitter_misc":{"Escrito por":"Salvem sa Badia","Tiempo de lectura":"4 minutos"},"schema":{"@context":"https:\/\/schema.org","@graph":[{"@type":"Article","@id":"https:\/\/www.salvemsabadia.com\/el-nou-auditori-de-calo-de-s-oli-acull-les-millors-fotografies-submarines-de-la-primera-edicio-del-concurs-mare\/#article","isPartOf":{"@id":"https:\/\/www.salvemsabadia.com\/el-nou-auditori-de-calo-de-s-oli-acull-les-millors-fotografies-submarines-de-la-primera-edicio-del-concurs-mare\/"},"author":{"name":"Salvem sa Badia","@id":"https:\/\/www.salvemsabadia.com\/#\/schema\/person\/5d08c5118adcb4140d13bde4826ba122"},"headline":"El nuevo auditorio de Cal\u00f3 de s\u2019Oli acoge las mejores fotograf\u00edas submarinas de la primera edici\u00f3n del concurso MARE","datePublished":"2021-07-16T17:17:41+00:00","dateModified":"2022-08-15T08:35:04+00:00","mainEntityOfPage":{"@id":"https:\/\/www.salvemsabadia.com\/el-nou-auditori-de-calo-de-s-oli-acull-les-millors-fotografies-submarines-de-la-primera-edicio-del-concurs-mare\/"},"wordCount":816,"commentCount":0,"publisher":{"@id":"https:\/\/www.salvemsabadia.com\/#organization"},"image":{"@id":"https:\/\/www.salvemsabadia.com\/el-nou-auditori-de-calo-de-s-oli-acull-les-millors-fotografies-submarines-de-la-primera-edicio-del-concurs-mare\/#primaryimage"},"thumbnailUrl":"https:\/\/www.salvemsabadia.com\/wp-content\/uploads\/2021\/07\/pulpo-min-scaled.jpg","keywords":["Cultura","Fotograf\u00eda","Medio Ambiente"],"articleSection":["Biodiversidad","Buceo","Cultura","Destacado","Posidonia","Salvem Sa Badia"],"inLanguage":"es","potentialAction":[{"@type":"CommentAction","name":"Comment","target":["https:\/\/www.salvemsabadia.com\/el-nou-auditori-de-calo-de-s-oli-acull-les-millors-fotografies-submarines-de-la-primera-edicio-del-concurs-mare\/#respond"]}]},{"@type":"WebPage","@id":"https:\/\/www.salvemsabadia.com\/el-nou-auditori-de-calo-de-s-oli-acull-les-millors-fotografies-submarines-de-la-primera-edicio-del-concurs-mare\/","url":"https:\/\/www.salvemsabadia.com\/el-nou-auditori-de-calo-de-s-oli-acull-les-millors-fotografies-submarines-de-la-primera-edicio-del-concurs-mare\/","name":"El nuevo auditorio de Cal\u00f3 de s\u2019Oli acoge las mejores fotograf\u00edas submarinas de la primera edici\u00f3n del concurso MARE - Salvem Sa Badia de Portmany","isPartOf":{"@id":"https:\/\/www.salvemsabadia.com\/#website"},"primaryImageOfPage":{"@id":"https:\/\/www.salvemsabadia.com\/el-nou-auditori-de-calo-de-s-oli-acull-les-millors-fotografies-submarines-de-la-primera-edicio-del-concurs-mare\/#primaryimage"},"image":{"@id":"https:\/\/www.salvemsabadia.com\/el-nou-auditori-de-calo-de-s-oli-acull-les-millors-fotografies-submarines-de-la-primera-edicio-del-concurs-mare\/#primaryimage"},"thumbnailUrl":"https:\/\/www.salvemsabadia.com\/wp-content\/uploads\/2021\/07\/pulpo-min-scaled.jpg","datePublished":"2021-07-16T17:17:41+00:00","dateModified":"2022-08-15T08:35:04+00:00","breadcrumb":{"@id":"https:\/\/www.salvemsabadia.com\/el-nou-auditori-de-calo-de-s-oli-acull-les-millors-fotografies-submarines-de-la-primera-edicio-del-concurs-mare\/#breadcrumb"},"inLanguage":"es","potentialAction":[{"@type":"ReadAction","target":["https:\/\/www.salvemsabadia.com\/el-nou-auditori-de-calo-de-s-oli-acull-les-millors-fotografies-submarines-de-la-primera-edicio-del-concurs-mare\/"]}]},{"@type":"ImageObject","inLanguage":"es","@id":"https:\/\/www.salvemsabadia.com\/el-nou-auditori-de-calo-de-s-oli-acull-les-millors-fotografies-submarines-de-la-primera-edicio-del-concurs-mare\/#primaryimage","url":"https:\/\/www.salvemsabadia.com\/wp-content\/uploads\/2021\/07\/pulpo-min-scaled.jpg","contentUrl":"https:\/\/www.salvemsabadia.com\/wp-content\/uploads\/2021\/07\/pulpo-min-scaled.jpg","width":2560,"height":1706},{"@type":"BreadcrumbList","@id":"https:\/\/www.salvemsabadia.com\/el-nou-auditori-de-calo-de-s-oli-acull-les-millors-fotografies-submarines-de-la-primera-edicio-del-concurs-mare\/#breadcrumb","itemListElement":[{"@type":"ListItem","position":1,"name":"Portada","item":"https:\/\/www.salvemsabadia.com\/es\/"},{"@type":"ListItem","position":2,"name":"El nuevo auditorio de Cal\u00f3 de s\u2019Oli acoge las mejores fotograf\u00edas submarinas de la primera edici\u00f3n del concurso MARE"}]},{"@type":"WebSite","@id":"https:\/\/www.salvemsabadia.com\/#website","url":"https:\/\/www.salvemsabadia.com\/","name":"Salvem Sa Badia de Portmany","description":"","publisher":{"@id":"https:\/\/www.salvemsabadia.com\/#organization"},"potentialAction":[{"@type":"SearchAction","target":{"@type":"EntryPoint","urlTemplate":"https:\/\/www.salvemsabadia.com\/?s={search_term_string}"},"query-input":{"@type":"PropertyValueSpecification","valueRequired":true,"valueName":"search_term_string"}}],"inLanguage":"es"},{"@type":"Organization","@id":"https:\/\/www.salvemsabadia.com\/#organization","name":"Salvem Sa Badia de Portmany","url":"https:\/\/www.salvemsabadia.com\/","logo":{"@type":"ImageObject","inLanguage":"es","@id":"https:\/\/www.salvemsabadia.com\/#\/schema\/logo\/image\/","url":"https:\/\/www.salvemsabadia.com\/wp-content\/uploads\/2020\/03\/logo.png","contentUrl":"https:\/\/www.salvemsabadia.com\/wp-content\/uploads\/2020\/03\/logo.png","width":188,"height":151,"caption":"Salvem Sa Badia de Portmany"},"image":{"@id":"https:\/\/www.salvemsabadia.com\/#\/schema\/logo\/image\/"}},{"@type":"Person","@id":"https:\/\/www.salvemsabadia.com\/#\/schema\/person\/5d08c5118adcb4140d13bde4826ba122","name":"Salvem sa Badia","image":{"@type":"ImageObject","inLanguage":"es","@id":"https:\/\/www.salvemsabadia.com\/#\/schema\/person\/image\/","url":"https:\/\/secure.gravatar.com\/avatar\/d569ee5739a9c7022470ea472c9b4b9cf476e15f1be71e5242c911d673d14ad9?s=96&d=mm&r=g","contentUrl":"https:\/\/secure.gravatar.com\/avatar\/d569ee5739a9c7022470ea472c9b4b9cf476e15f1be71e5242c911d673d14ad9?s=96&d=mm&r=g","caption":"Salvem sa Badia"}}]}},"_links":{"self":[{"href":"https:\/\/www.salvemsabadia.com\/es\/wp-json\/wp\/v2\/posts\/2146","targetHints":{"allow":["GET"]}}],"collection":[{"href":"https:\/\/www.salvemsabadia.com\/es\/wp-json\/wp\/v2\/posts"}],"about":[{"href":"https:\/\/www.salvemsabadia.com\/es\/wp-json\/wp\/v2\/types\/post"}],"author":[{"embeddable":true,"href":"https:\/\/www.salvemsabadia.com\/es\/wp-json\/wp\/v2\/users\/2"}],"replies":[{"embeddable":true,"href":"https:\/\/www.salvemsabadia.com\/es\/wp-json\/wp\/v2\/comments?post=2146"}],"version-history":[{"count":0,"href":"https:\/\/www.salvemsabadia.com\/es\/wp-json\/wp\/v2\/posts\/2146\/revisions"}],"wp:featuredmedia":[{"embeddable":true,"href":"https:\/\/www.salvemsabadia.com\/es\/wp-json\/wp\/v2\/media\/2149"}],"wp:attachment":[{"href":"https:\/\/www.salvemsabadia.com\/es\/wp-json\/wp\/v2\/media?parent=2146"}],"wp:term":[{"taxonomy":"category","embeddable":true,"href":"https:\/\/www.salvemsabadia.com\/es\/wp-json\/wp\/v2\/categories?post=2146"},{"taxonomy":"post_tag","embeddable":true,"href":"https:\/\/www.salvemsabadia.com\/es\/wp-json\/wp\/v2\/tags?post=2146"}],"curies":[{"name":"wp","href":"https:\/\/api.w.org\/{rel}","templated":true}]}}