{"id":2227,"date":"2021-07-29T09:25:22","date_gmt":"2021-07-29T07:25:22","guid":{"rendered":"https:\/\/www.salvemsabadia.com\/?p=2227"},"modified":"2022-08-15T10:37:16","modified_gmt":"2022-08-15T08:37:16","slug":"la-musica-en-vivo-de-sequoia-trio-y-pez-mago-y-cuentos-japoneses-kamishibai-este-fin-de-semana-en-el-auditorio-calo-de-soli","status":"publish","type":"post","link":"https:\/\/www.salvemsabadia.com\/es\/la-musica-en-vivo-de-sequoia-trio-y-pez-mago-y-cuentos-japoneses-kamishibai-este-fin-de-semana-en-el-auditorio-calo-de-soli\/","title":{"rendered":"La m\u00fasica en vivo de \u2018Sequoia Tr\u00edo\u2019 y \u2018Pez Mago\u2019, y cuentos japoneses Kamishibai, este fin de semana en el Auditorio Cal\u00f3 de s\u2019Oli"},"content":{"rendered":"<div id=\"attachment_2230\" style=\"width: 2210px\" class=\"wp-caption alignnone\"><img loading=\"lazy\" decoding=\"async\" aria-describedby=\"caption-attachment-2230\" class=\"wp-image-2230 size-full\" src=\"https:\/\/www.salvemsabadia.com\/wp-content\/uploads\/2021\/07\/pez-mago-rec.jpg\" alt=\"\" width=\"2200\" height=\"1650\" srcset=\"https:\/\/www.salvemsabadia.com\/wp-content\/uploads\/2021\/07\/pez-mago-rec.jpg 2200w, https:\/\/www.salvemsabadia.com\/wp-content\/uploads\/2021\/07\/pez-mago-rec-300x225.jpg 300w, https:\/\/www.salvemsabadia.com\/wp-content\/uploads\/2021\/07\/pez-mago-rec-1024x768.jpg 1024w, https:\/\/www.salvemsabadia.com\/wp-content\/uploads\/2021\/07\/pez-mago-rec-768x576.jpg 768w, https:\/\/www.salvemsabadia.com\/wp-content\/uploads\/2021\/07\/pez-mago-rec-1536x1152.jpg 1536w, https:\/\/www.salvemsabadia.com\/wp-content\/uploads\/2021\/07\/pez-mago-rec-2048x1536.jpg 2048w\" sizes=\"auto, (max-width: 2200px) 100vw, 2200px\" \/><p id=\"caption-attachment-2230\" class=\"wp-caption-text\">Pez Mago<\/p><\/div>\n<p class=\"p1\">Este fin de semana se desarrollar\u00e1n nuevos conciertos y actos culturales en el Auditorio Cal\u00f3 de s\u2019Oli, coincidiendo con la muestra de fotograf\u00eda marina MARE, que permanece expuesta en el vest\u00edbulo acristalado del nuevo recinto de Cala de Bou hasta final de mes. Ambos conciertos forman parte del primer Festival Badia de Portmany, que organizan el Ayuntamiento de Sant Josep de sa Talaia y la iniciativa Salvem Sa Badia de Portmany.<\/p>\n<p class=\"p1\">Las actividades comienzan este s\u00e1bado, d\u00eda 31 de julio, a las 19 horas, con la celebraci\u00f3n de una actividad infantil con cuentos japoneses Kamishibai, una forma narrativa muy popular en Jap\u00f3n que consiste en unas l\u00e1minas con un dibujo en una cara y texto en la otra. Esta actividad correr\u00e1 a cargo de Roc\u00edo F. Fraile, que es miembro de la Asociaci\u00f3n Internacional Japonesa de Kamishibai. Adem\u00e1s de este s\u00e1bado, esta misma actividad se desarrollar\u00e1 los dos siguientes, 7 y 14 de agosto.<\/p>\n<div id=\"attachment_2232\" style=\"width: 1034px\" class=\"wp-caption alignnone\"><img loading=\"lazy\" decoding=\"async\" aria-describedby=\"caption-attachment-2232\" class=\"wp-image-2232 size-full\" src=\"https:\/\/www.salvemsabadia.com\/wp-content\/uploads\/2021\/07\/Sequoia-Tree.jpeg\" alt=\"\" width=\"1024\" height=\"683\" srcset=\"https:\/\/www.salvemsabadia.com\/wp-content\/uploads\/2021\/07\/Sequoia-Tree.jpeg 1024w, https:\/\/www.salvemsabadia.com\/wp-content\/uploads\/2021\/07\/Sequoia-Tree-300x200.jpeg 300w, https:\/\/www.salvemsabadia.com\/wp-content\/uploads\/2021\/07\/Sequoia-Tree-768x512.jpeg 768w, https:\/\/www.salvemsabadia.com\/wp-content\/uploads\/2021\/07\/Sequoia-Tree-900x600.jpeg 900w\" sizes=\"auto, (max-width: 1024px) 100vw, 1024px\" \/><p id=\"caption-attachment-2232\" class=\"wp-caption-text\">Sequoia Tree<\/p><\/div>\n<p class=\"p1\">A las 21 horas del s\u00e1bado tambi\u00e9n tendr\u00e1 lugar el concierto de Sequ\u00eda Tr\u00edo, el formato tr\u00edo del conocido grupo ibicenco Sequoia Tree. Y el domingo, 1 de agosto, tambi\u00e9n a las 21 horas, le llegar\u00e1 el turno al cantante madrile\u00f1o Pez Mago, que ofrecer\u00e1 un recital de sus temas m\u00e1s conocidos.<span class=\"Apple-converted-space\">\u00a0<\/span><\/p>\n<p class=\"p1\">El Festival continuar\u00e1 en las actuaciones de Bluesmafia (7 de agosto), Sonics (8 de agosto), Gianni Gagliardi (14 de agosto), Pasados de vueltas (15 de agosto) y Hostal Pascual (22 de agosto). Durante todos los conciertos habr\u00e1 un servicio de \u2018Food Truck\u2019, donde el p\u00fablico podr\u00e1 adquirir alimentos y bebidas.<\/p>\n<p class=\"p1\">El domingo 29 de agosto se celebrar\u00e1 la clausura del festival y la exposici\u00f3n con la proyecci\u00f3n del documental \u2018Lo que el pulpo me ense\u00f1\u00f3\u2019 (Pippa Ehrlich y\u00a0James Reed, 2020).<\/p>\n<p class=\"p1\">El objetivo de esta propuesta es vincular la cultura y la m\u00fasica con la protecci\u00f3n de la naturaleza, concienciar a trav\u00e9s del arte sobre la necesidad de proteger el medio marino y sus ecosistemas y ofrecer un programa de espect\u00e1culos que atraiga al p\u00fablico de la bah\u00eda y de toda la isla a este nuevo recinto, cuyo interior el Ayuntamiento tiene previsto inaugurar en el mes de octubre.<span class=\"Apple-converted-space\">\u00a0<\/span><\/p>\n<p class=\"p1\">El nuevo auditorio de Cal\u00f3 de s\u2019Oli constituye un marco excepcional para la m\u00fasica y se convertir\u00e1 en uno de los espacios culturales m\u00e1s emblem\u00e1ticos de la bah\u00eda de Portmany, en cuanto entre en funcionamiento con todo su equipamiento y salas. Para Salvem Sa Badia, participar en el primer festival que se desarrolla en este lugar constituye un gran privilegio y una oportunidad para recordar la necesidad de cuidar y mejorar este entorno tan singular e hist\u00f3rico.<\/p>\n<p class=\"p1\"><b>Sobre la exposici\u00f3n MARE<\/b><\/p>\n<p class=\"p1\">La exposici\u00f3n MARE est\u00e1 compuesta por unas 40 im\u00e1genes de m\u00faltiples profesionales y aficionados, las mejores que se presentaron el a\u00f1o pasado a este concurso que exige que dichas fotograf\u00edas se tomen en el archipi\u00e9lago balear. Permanecer\u00e1 expuesta hasta el 29 de agosto y podr\u00e1 visitarse todos los d\u00edas salvo los viernes, de 10 a 13,30 horas,<span class=\"Apple-converted-space\">\u00a0 <\/span>y durante las actuaciones de los conciertos. Las im\u00e1genes, adem\u00e1s, han sido dispuestas junto a las cristaleras, de tal forma que pueden contemplarse desde el exterior a cualquier hora.<span class=\"Apple-converted-space\">\u00a0<\/span><\/p>\n<p class=\"p1\">La muestra la han organizado el Ayuntamiento de Sant Josep de Sa Talaia, con la colaboraci\u00f3n de MARE, Marilles Foundation, el Foro Marino y Salvem Sa Badia de Portmany. Esta \u00faltima entidad es la encargada de dinamizar la exposici\u00f3n y exponer este espacio a la ciudadan\u00eda. De lunes a jueves, una ocean\u00f3grafa de Salvem Sa Badia explicar\u00e1 la exposici\u00f3n a los alumnos de las escuelas de verano del municipio y organizar\u00e1 talleres sobre biodiversidad, relacionados con el medio marino.<span class=\"Apple-converted-space\">\u00a0<\/span><\/p>\n<p><img loading=\"lazy\" decoding=\"async\" class=\"alignnone wp-image-2228 size-full\" src=\"https:\/\/www.salvemsabadia.com\/wp-content\/uploads\/2021\/07\/cuentos-japoneses.jpeg\" alt=\"\" width=\"842\" height=\"1191\" srcset=\"https:\/\/www.salvemsabadia.com\/wp-content\/uploads\/2021\/07\/cuentos-japoneses.jpeg 842w, https:\/\/www.salvemsabadia.com\/wp-content\/uploads\/2021\/07\/cuentos-japoneses-212x300.jpeg 212w, https:\/\/www.salvemsabadia.com\/wp-content\/uploads\/2021\/07\/cuentos-japoneses-724x1024.jpeg 724w, https:\/\/www.salvemsabadia.com\/wp-content\/uploads\/2021\/07\/cuentos-japoneses-768x1086.jpeg 768w\" sizes=\"auto, (max-width: 842px) 100vw, 842px\" \/><\/p>\n","protected":false},"excerpt":{"rendered":"<p>Este fin de semana se desarrollar\u00e1n nuevos conciertos y actos culturales en el Auditorio Cal\u00f3 de s\u2019Oli, coincidiendo con la muestra de fotograf\u00eda marina MARE, que permanece expuesta en el&#8230;<\/p>\n","protected":false},"author":2,"featured_media":2230,"comment_status":"open","ping_status":"open","sticky":false,"template":"","format":"standard","meta":{"give_campaign_id":0,"footnotes":""},"categories":[201,205,106,10],"tags":[164,153,159],"class_list":{"0":"post-2227","1":"post","2":"type-post","3":"status-publish","4":"format-standard","5":"has-post-thumbnail","7":"category-biodiversidad","8":"category-cultura","9":"category-destacado","10":"category-salvem-sa-badia","11":"tag-auditorio-calo-de-soli","12":"tag-cultura","13":"tag-musica"},"yoast_head":"<!-- This site is optimized with the Yoast SEO plugin v26.8 - https:\/\/yoast.com\/product\/yoast-seo-wordpress\/ -->\n<title>La m\u00fasica en vivo de \u2018Sequoia Tr\u00edo\u2019 y \u2018Pez Mago\u2019, y cuentos japoneses Kamishibai, este fin de semana en el Auditorio Cal\u00f3 de s\u2019Oli - Salvem Sa Badia de Portmany<\/title>\n<meta name=\"robots\" content=\"index, follow, max-snippet:-1, max-image-preview:large, max-video-preview:-1\" \/>\n<link rel=\"canonical\" href=\"https:\/\/www.salvemsabadia.com\/la-musica-en-viu-de-sequoia-trio-i-pez-mago-i-contes-japonesos-kamishibai-aquest-cap-de-setmana-al-auditori-calo-des-oli\/\" \/>\n<meta property=\"og:locale\" content=\"es_ES\" \/>\n<meta property=\"og:type\" content=\"article\" \/>\n<meta property=\"og:title\" content=\"La m\u00fasica en vivo de \u2018Sequoia Tr\u00edo\u2019 y \u2018Pez Mago\u2019, y cuentos japoneses Kamishibai, este fin de semana en el Auditorio Cal\u00f3 de s\u2019Oli - Salvem Sa Badia de Portmany\" \/>\n<meta property=\"og:description\" content=\"Este fin de semana se desarrollar\u00e1n nuevos conciertos y actos culturales en el Auditorio Cal\u00f3 de s\u2019Oli, coincidiendo con la muestra de fotograf\u00eda marina MARE, que permanece expuesta en el...\" \/>\n<meta property=\"og:url\" content=\"https:\/\/www.salvemsabadia.com\/la-musica-en-viu-de-sequoia-trio-i-pez-mago-i-contes-japonesos-kamishibai-aquest-cap-de-setmana-al-auditori-calo-des-oli\/\" \/>\n<meta property=\"og:site_name\" content=\"Salvem Sa Badia de Portmany\" \/>\n<meta property=\"article:published_time\" content=\"2021-07-29T07:25:22+00:00\" \/>\n<meta property=\"article:modified_time\" content=\"2022-08-15T08:37:16+00:00\" \/>\n<meta property=\"og:image\" content=\"https:\/\/www.salvemsabadia.com\/wp-content\/uploads\/2021\/07\/pez-mago-rec.jpg\" \/>\n\t<meta property=\"og:image:width\" content=\"2200\" \/>\n\t<meta property=\"og:image:height\" content=\"1650\" \/>\n\t<meta property=\"og:image:type\" content=\"image\/jpeg\" \/>\n<meta name=\"author\" content=\"Salvem sa Badia\" \/>\n<meta name=\"twitter:card\" content=\"summary_large_image\" \/>\n<meta name=\"twitter:label1\" content=\"Escrito por\" \/>\n\t<meta name=\"twitter:data1\" content=\"Salvem sa Badia\" \/>\n\t<meta name=\"twitter:label2\" content=\"Tiempo de lectura\" \/>\n\t<meta name=\"twitter:data2\" content=\"3 minutos\" \/>\n<script type=\"application\/ld+json\" class=\"yoast-schema-graph\">{\"@context\":\"https:\/\/schema.org\",\"@graph\":[{\"@type\":\"Article\",\"@id\":\"https:\/\/www.salvemsabadia.com\/la-musica-en-viu-de-sequoia-trio-i-pez-mago-i-contes-japonesos-kamishibai-aquest-cap-de-setmana-al-auditori-calo-des-oli\/#article\",\"isPartOf\":{\"@id\":\"https:\/\/www.salvemsabadia.com\/la-musica-en-viu-de-sequoia-trio-i-pez-mago-i-contes-japonesos-kamishibai-aquest-cap-de-setmana-al-auditori-calo-des-oli\/\"},\"author\":{\"name\":\"Salvem sa Badia\",\"@id\":\"https:\/\/www.salvemsabadia.com\/#\/schema\/person\/5d08c5118adcb4140d13bde4826ba122\"},\"headline\":\"La m\u00fasica en vivo de \u2018Sequoia Tr\u00edo\u2019 y \u2018Pez Mago\u2019, y cuentos japoneses Kamishibai, este fin de semana en el Auditorio Cal\u00f3 de s\u2019Oli\",\"datePublished\":\"2021-07-29T07:25:22+00:00\",\"dateModified\":\"2022-08-15T08:37:16+00:00\",\"mainEntityOfPage\":{\"@id\":\"https:\/\/www.salvemsabadia.com\/la-musica-en-viu-de-sequoia-trio-i-pez-mago-i-contes-japonesos-kamishibai-aquest-cap-de-setmana-al-auditori-calo-des-oli\/\"},\"wordCount\":679,\"commentCount\":0,\"publisher\":{\"@id\":\"https:\/\/www.salvemsabadia.com\/#organization\"},\"image\":{\"@id\":\"https:\/\/www.salvemsabadia.com\/la-musica-en-viu-de-sequoia-trio-i-pez-mago-i-contes-japonesos-kamishibai-aquest-cap-de-setmana-al-auditori-calo-des-oli\/#primaryimage\"},\"thumbnailUrl\":\"https:\/\/www.salvemsabadia.com\/wp-content\/uploads\/2021\/07\/pez-mago-rec.jpg\",\"keywords\":[\"Auditorio Cal\u00f3 de s'Oli\",\"Cultura\",\"M\u00fasica\"],\"articleSection\":[\"Biodiversidad\",\"Cultura\",\"Destacado\",\"Salvem Sa Badia\"],\"inLanguage\":\"es\",\"potentialAction\":[{\"@type\":\"CommentAction\",\"name\":\"Comment\",\"target\":[\"https:\/\/www.salvemsabadia.com\/la-musica-en-viu-de-sequoia-trio-i-pez-mago-i-contes-japonesos-kamishibai-aquest-cap-de-setmana-al-auditori-calo-des-oli\/#respond\"]}]},{\"@type\":\"WebPage\",\"@id\":\"https:\/\/www.salvemsabadia.com\/la-musica-en-viu-de-sequoia-trio-i-pez-mago-i-contes-japonesos-kamishibai-aquest-cap-de-setmana-al-auditori-calo-des-oli\/\",\"url\":\"https:\/\/www.salvemsabadia.com\/la-musica-en-viu-de-sequoia-trio-i-pez-mago-i-contes-japonesos-kamishibai-aquest-cap-de-setmana-al-auditori-calo-des-oli\/\",\"name\":\"La m\u00fasica en vivo de \u2018Sequoia Tr\u00edo\u2019 y \u2018Pez Mago\u2019, y cuentos japoneses Kamishibai, este fin de semana en el Auditorio Cal\u00f3 de s\u2019Oli - Salvem Sa Badia de Portmany\",\"isPartOf\":{\"@id\":\"https:\/\/www.salvemsabadia.com\/#website\"},\"primaryImageOfPage\":{\"@id\":\"https:\/\/www.salvemsabadia.com\/la-musica-en-viu-de-sequoia-trio-i-pez-mago-i-contes-japonesos-kamishibai-aquest-cap-de-setmana-al-auditori-calo-des-oli\/#primaryimage\"},\"image\":{\"@id\":\"https:\/\/www.salvemsabadia.com\/la-musica-en-viu-de-sequoia-trio-i-pez-mago-i-contes-japonesos-kamishibai-aquest-cap-de-setmana-al-auditori-calo-des-oli\/#primaryimage\"},\"thumbnailUrl\":\"https:\/\/www.salvemsabadia.com\/wp-content\/uploads\/2021\/07\/pez-mago-rec.jpg\",\"datePublished\":\"2021-07-29T07:25:22+00:00\",\"dateModified\":\"2022-08-15T08:37:16+00:00\",\"breadcrumb\":{\"@id\":\"https:\/\/www.salvemsabadia.com\/la-musica-en-viu-de-sequoia-trio-i-pez-mago-i-contes-japonesos-kamishibai-aquest-cap-de-setmana-al-auditori-calo-des-oli\/#breadcrumb\"},\"inLanguage\":\"es\",\"potentialAction\":[{\"@type\":\"ReadAction\",\"target\":[\"https:\/\/www.salvemsabadia.com\/la-musica-en-viu-de-sequoia-trio-i-pez-mago-i-contes-japonesos-kamishibai-aquest-cap-de-setmana-al-auditori-calo-des-oli\/\"]}]},{\"@type\":\"ImageObject\",\"inLanguage\":\"es\",\"@id\":\"https:\/\/www.salvemsabadia.com\/la-musica-en-viu-de-sequoia-trio-i-pez-mago-i-contes-japonesos-kamishibai-aquest-cap-de-setmana-al-auditori-calo-des-oli\/#primaryimage\",\"url\":\"https:\/\/www.salvemsabadia.com\/wp-content\/uploads\/2021\/07\/pez-mago-rec.jpg\",\"contentUrl\":\"https:\/\/www.salvemsabadia.com\/wp-content\/uploads\/2021\/07\/pez-mago-rec.jpg\",\"width\":2200,\"height\":1650},{\"@type\":\"BreadcrumbList\",\"@id\":\"https:\/\/www.salvemsabadia.com\/la-musica-en-viu-de-sequoia-trio-i-pez-mago-i-contes-japonesos-kamishibai-aquest-cap-de-setmana-al-auditori-calo-des-oli\/#breadcrumb\",\"itemListElement\":[{\"@type\":\"ListItem\",\"position\":1,\"name\":\"Portada\",\"item\":\"https:\/\/www.salvemsabadia.com\/es\/\"},{\"@type\":\"ListItem\",\"position\":2,\"name\":\"La m\u00fasica en vivo de \u2018Sequoia Tr\u00edo\u2019 y \u2018Pez Mago\u2019, y cuentos japoneses Kamishibai, este fin de semana en el Auditorio Cal\u00f3 de s\u2019Oli\"}]},{\"@type\":\"WebSite\",\"@id\":\"https:\/\/www.salvemsabadia.com\/#website\",\"url\":\"https:\/\/www.salvemsabadia.com\/\",\"name\":\"Salvem Sa Badia de Portmany\",\"description\":\"\",\"publisher\":{\"@id\":\"https:\/\/www.salvemsabadia.com\/#organization\"},\"potentialAction\":[{\"@type\":\"SearchAction\",\"target\":{\"@type\":\"EntryPoint\",\"urlTemplate\":\"https:\/\/www.salvemsabadia.com\/?s={search_term_string}\"},\"query-input\":{\"@type\":\"PropertyValueSpecification\",\"valueRequired\":true,\"valueName\":\"search_term_string\"}}],\"inLanguage\":\"es\"},{\"@type\":\"Organization\",\"@id\":\"https:\/\/www.salvemsabadia.com\/#organization\",\"name\":\"Salvem Sa Badia de Portmany\",\"url\":\"https:\/\/www.salvemsabadia.com\/\",\"logo\":{\"@type\":\"ImageObject\",\"inLanguage\":\"es\",\"@id\":\"https:\/\/www.salvemsabadia.com\/#\/schema\/logo\/image\/\",\"url\":\"https:\/\/www.salvemsabadia.com\/wp-content\/uploads\/2020\/03\/logo.png\",\"contentUrl\":\"https:\/\/www.salvemsabadia.com\/wp-content\/uploads\/2020\/03\/logo.png\",\"width\":188,\"height\":151,\"caption\":\"Salvem Sa Badia de Portmany\"},\"image\":{\"@id\":\"https:\/\/www.salvemsabadia.com\/#\/schema\/logo\/image\/\"}},{\"@type\":\"Person\",\"@id\":\"https:\/\/www.salvemsabadia.com\/#\/schema\/person\/5d08c5118adcb4140d13bde4826ba122\",\"name\":\"Salvem sa Badia\",\"image\":{\"@type\":\"ImageObject\",\"inLanguage\":\"es\",\"@id\":\"https:\/\/www.salvemsabadia.com\/#\/schema\/person\/image\/\",\"url\":\"https:\/\/secure.gravatar.com\/avatar\/d569ee5739a9c7022470ea472c9b4b9cf476e15f1be71e5242c911d673d14ad9?s=96&d=mm&r=g\",\"contentUrl\":\"https:\/\/secure.gravatar.com\/avatar\/d569ee5739a9c7022470ea472c9b4b9cf476e15f1be71e5242c911d673d14ad9?s=96&d=mm&r=g\",\"caption\":\"Salvem sa Badia\"}}]}<\/script>\n<!-- \/ Yoast SEO plugin. -->","yoast_head_json":{"title":"La m\u00fasica en vivo de \u2018Sequoia Tr\u00edo\u2019 y \u2018Pez Mago\u2019, y cuentos japoneses Kamishibai, este fin de semana en el Auditorio Cal\u00f3 de s\u2019Oli - Salvem Sa Badia de Portmany","robots":{"index":"index","follow":"follow","max-snippet":"max-snippet:-1","max-image-preview":"max-image-preview:large","max-video-preview":"max-video-preview:-1"},"canonical":"https:\/\/www.salvemsabadia.com\/la-musica-en-viu-de-sequoia-trio-i-pez-mago-i-contes-japonesos-kamishibai-aquest-cap-de-setmana-al-auditori-calo-des-oli\/","og_locale":"es_ES","og_type":"article","og_title":"La m\u00fasica en vivo de \u2018Sequoia Tr\u00edo\u2019 y \u2018Pez Mago\u2019, y cuentos japoneses Kamishibai, este fin de semana en el Auditorio Cal\u00f3 de s\u2019Oli - Salvem Sa Badia de Portmany","og_description":"Este fin de semana se desarrollar\u00e1n nuevos conciertos y actos culturales en el Auditorio Cal\u00f3 de s\u2019Oli, coincidiendo con la muestra de fotograf\u00eda marina MARE, que permanece expuesta en el...","og_url":"https:\/\/www.salvemsabadia.com\/la-musica-en-viu-de-sequoia-trio-i-pez-mago-i-contes-japonesos-kamishibai-aquest-cap-de-setmana-al-auditori-calo-des-oli\/","og_site_name":"Salvem Sa Badia de Portmany","article_published_time":"2021-07-29T07:25:22+00:00","article_modified_time":"2022-08-15T08:37:16+00:00","og_image":[{"width":2200,"height":1650,"url":"https:\/\/www.salvemsabadia.com\/wp-content\/uploads\/2021\/07\/pez-mago-rec.jpg","type":"image\/jpeg"}],"author":"Salvem sa Badia","twitter_card":"summary_large_image","twitter_misc":{"Escrito por":"Salvem sa Badia","Tiempo de lectura":"3 minutos"},"schema":{"@context":"https:\/\/schema.org","@graph":[{"@type":"Article","@id":"https:\/\/www.salvemsabadia.com\/la-musica-en-viu-de-sequoia-trio-i-pez-mago-i-contes-japonesos-kamishibai-aquest-cap-de-setmana-al-auditori-calo-des-oli\/#article","isPartOf":{"@id":"https:\/\/www.salvemsabadia.com\/la-musica-en-viu-de-sequoia-trio-i-pez-mago-i-contes-japonesos-kamishibai-aquest-cap-de-setmana-al-auditori-calo-des-oli\/"},"author":{"name":"Salvem sa Badia","@id":"https:\/\/www.salvemsabadia.com\/#\/schema\/person\/5d08c5118adcb4140d13bde4826ba122"},"headline":"La m\u00fasica en vivo de \u2018Sequoia Tr\u00edo\u2019 y \u2018Pez Mago\u2019, y cuentos japoneses Kamishibai, este fin de semana en el Auditorio Cal\u00f3 de s\u2019Oli","datePublished":"2021-07-29T07:25:22+00:00","dateModified":"2022-08-15T08:37:16+00:00","mainEntityOfPage":{"@id":"https:\/\/www.salvemsabadia.com\/la-musica-en-viu-de-sequoia-trio-i-pez-mago-i-contes-japonesos-kamishibai-aquest-cap-de-setmana-al-auditori-calo-des-oli\/"},"wordCount":679,"commentCount":0,"publisher":{"@id":"https:\/\/www.salvemsabadia.com\/#organization"},"image":{"@id":"https:\/\/www.salvemsabadia.com\/la-musica-en-viu-de-sequoia-trio-i-pez-mago-i-contes-japonesos-kamishibai-aquest-cap-de-setmana-al-auditori-calo-des-oli\/#primaryimage"},"thumbnailUrl":"https:\/\/www.salvemsabadia.com\/wp-content\/uploads\/2021\/07\/pez-mago-rec.jpg","keywords":["Auditorio Cal\u00f3 de s'Oli","Cultura","M\u00fasica"],"articleSection":["Biodiversidad","Cultura","Destacado","Salvem Sa Badia"],"inLanguage":"es","potentialAction":[{"@type":"CommentAction","name":"Comment","target":["https:\/\/www.salvemsabadia.com\/la-musica-en-viu-de-sequoia-trio-i-pez-mago-i-contes-japonesos-kamishibai-aquest-cap-de-setmana-al-auditori-calo-des-oli\/#respond"]}]},{"@type":"WebPage","@id":"https:\/\/www.salvemsabadia.com\/la-musica-en-viu-de-sequoia-trio-i-pez-mago-i-contes-japonesos-kamishibai-aquest-cap-de-setmana-al-auditori-calo-des-oli\/","url":"https:\/\/www.salvemsabadia.com\/la-musica-en-viu-de-sequoia-trio-i-pez-mago-i-contes-japonesos-kamishibai-aquest-cap-de-setmana-al-auditori-calo-des-oli\/","name":"La m\u00fasica en vivo de \u2018Sequoia Tr\u00edo\u2019 y \u2018Pez Mago\u2019, y cuentos japoneses Kamishibai, este fin de semana en el Auditorio Cal\u00f3 de s\u2019Oli - Salvem Sa Badia de Portmany","isPartOf":{"@id":"https:\/\/www.salvemsabadia.com\/#website"},"primaryImageOfPage":{"@id":"https:\/\/www.salvemsabadia.com\/la-musica-en-viu-de-sequoia-trio-i-pez-mago-i-contes-japonesos-kamishibai-aquest-cap-de-setmana-al-auditori-calo-des-oli\/#primaryimage"},"image":{"@id":"https:\/\/www.salvemsabadia.com\/la-musica-en-viu-de-sequoia-trio-i-pez-mago-i-contes-japonesos-kamishibai-aquest-cap-de-setmana-al-auditori-calo-des-oli\/#primaryimage"},"thumbnailUrl":"https:\/\/www.salvemsabadia.com\/wp-content\/uploads\/2021\/07\/pez-mago-rec.jpg","datePublished":"2021-07-29T07:25:22+00:00","dateModified":"2022-08-15T08:37:16+00:00","breadcrumb":{"@id":"https:\/\/www.salvemsabadia.com\/la-musica-en-viu-de-sequoia-trio-i-pez-mago-i-contes-japonesos-kamishibai-aquest-cap-de-setmana-al-auditori-calo-des-oli\/#breadcrumb"},"inLanguage":"es","potentialAction":[{"@type":"ReadAction","target":["https:\/\/www.salvemsabadia.com\/la-musica-en-viu-de-sequoia-trio-i-pez-mago-i-contes-japonesos-kamishibai-aquest-cap-de-setmana-al-auditori-calo-des-oli\/"]}]},{"@type":"ImageObject","inLanguage":"es","@id":"https:\/\/www.salvemsabadia.com\/la-musica-en-viu-de-sequoia-trio-i-pez-mago-i-contes-japonesos-kamishibai-aquest-cap-de-setmana-al-auditori-calo-des-oli\/#primaryimage","url":"https:\/\/www.salvemsabadia.com\/wp-content\/uploads\/2021\/07\/pez-mago-rec.jpg","contentUrl":"https:\/\/www.salvemsabadia.com\/wp-content\/uploads\/2021\/07\/pez-mago-rec.jpg","width":2200,"height":1650},{"@type":"BreadcrumbList","@id":"https:\/\/www.salvemsabadia.com\/la-musica-en-viu-de-sequoia-trio-i-pez-mago-i-contes-japonesos-kamishibai-aquest-cap-de-setmana-al-auditori-calo-des-oli\/#breadcrumb","itemListElement":[{"@type":"ListItem","position":1,"name":"Portada","item":"https:\/\/www.salvemsabadia.com\/es\/"},{"@type":"ListItem","position":2,"name":"La m\u00fasica en vivo de \u2018Sequoia Tr\u00edo\u2019 y \u2018Pez Mago\u2019, y cuentos japoneses Kamishibai, este fin de semana en el Auditorio Cal\u00f3 de s\u2019Oli"}]},{"@type":"WebSite","@id":"https:\/\/www.salvemsabadia.com\/#website","url":"https:\/\/www.salvemsabadia.com\/","name":"Salvem Sa Badia de Portmany","description":"","publisher":{"@id":"https:\/\/www.salvemsabadia.com\/#organization"},"potentialAction":[{"@type":"SearchAction","target":{"@type":"EntryPoint","urlTemplate":"https:\/\/www.salvemsabadia.com\/?s={search_term_string}"},"query-input":{"@type":"PropertyValueSpecification","valueRequired":true,"valueName":"search_term_string"}}],"inLanguage":"es"},{"@type":"Organization","@id":"https:\/\/www.salvemsabadia.com\/#organization","name":"Salvem Sa Badia de Portmany","url":"https:\/\/www.salvemsabadia.com\/","logo":{"@type":"ImageObject","inLanguage":"es","@id":"https:\/\/www.salvemsabadia.com\/#\/schema\/logo\/image\/","url":"https:\/\/www.salvemsabadia.com\/wp-content\/uploads\/2020\/03\/logo.png","contentUrl":"https:\/\/www.salvemsabadia.com\/wp-content\/uploads\/2020\/03\/logo.png","width":188,"height":151,"caption":"Salvem Sa Badia de Portmany"},"image":{"@id":"https:\/\/www.salvemsabadia.com\/#\/schema\/logo\/image\/"}},{"@type":"Person","@id":"https:\/\/www.salvemsabadia.com\/#\/schema\/person\/5d08c5118adcb4140d13bde4826ba122","name":"Salvem sa Badia","image":{"@type":"ImageObject","inLanguage":"es","@id":"https:\/\/www.salvemsabadia.com\/#\/schema\/person\/image\/","url":"https:\/\/secure.gravatar.com\/avatar\/d569ee5739a9c7022470ea472c9b4b9cf476e15f1be71e5242c911d673d14ad9?s=96&d=mm&r=g","contentUrl":"https:\/\/secure.gravatar.com\/avatar\/d569ee5739a9c7022470ea472c9b4b9cf476e15f1be71e5242c911d673d14ad9?s=96&d=mm&r=g","caption":"Salvem sa Badia"}}]}},"_links":{"self":[{"href":"https:\/\/www.salvemsabadia.com\/es\/wp-json\/wp\/v2\/posts\/2227","targetHints":{"allow":["GET"]}}],"collection":[{"href":"https:\/\/www.salvemsabadia.com\/es\/wp-json\/wp\/v2\/posts"}],"about":[{"href":"https:\/\/www.salvemsabadia.com\/es\/wp-json\/wp\/v2\/types\/post"}],"author":[{"embeddable":true,"href":"https:\/\/www.salvemsabadia.com\/es\/wp-json\/wp\/v2\/users\/2"}],"replies":[{"embeddable":true,"href":"https:\/\/www.salvemsabadia.com\/es\/wp-json\/wp\/v2\/comments?post=2227"}],"version-history":[{"count":0,"href":"https:\/\/www.salvemsabadia.com\/es\/wp-json\/wp\/v2\/posts\/2227\/revisions"}],"wp:featuredmedia":[{"embeddable":true,"href":"https:\/\/www.salvemsabadia.com\/es\/wp-json\/wp\/v2\/media\/2230"}],"wp:attachment":[{"href":"https:\/\/www.salvemsabadia.com\/es\/wp-json\/wp\/v2\/media?parent=2227"}],"wp:term":[{"taxonomy":"category","embeddable":true,"href":"https:\/\/www.salvemsabadia.com\/es\/wp-json\/wp\/v2\/categories?post=2227"},{"taxonomy":"post_tag","embeddable":true,"href":"https:\/\/www.salvemsabadia.com\/es\/wp-json\/wp\/v2\/tags?post=2227"}],"curies":[{"name":"wp","href":"https:\/\/api.w.org\/{rel}","templated":true}]}}