{"id":2393,"date":"2021-08-13T10:42:34","date_gmt":"2021-08-13T08:42:34","guid":{"rendered":"https:\/\/www.salvemsabadia.com\/?p=2393"},"modified":"2022-08-15T10:39:49","modified_gmt":"2022-08-15T08:39:49","slug":"el-virgen-de-las-nieves-icono-del-fondeo-ilegal-en-la-bahia-de-portmany-durante-anos-por-fin-ha-sido-retirado-del-mar","status":"publish","type":"post","link":"https:\/\/www.salvemsabadia.com\/es\/el-virgen-de-las-nieves-icono-del-fondeo-ilegal-en-la-bahia-de-portmany-durante-anos-por-fin-ha-sido-retirado-del-mar\/","title":{"rendered":"El \u2018Virgen de las Nieves\u2019, icono del fondeo ilegal en la bah\u00eda de Portmany durante a\u00f1os, por fin ha sido retirado del mar"},"content":{"rendered":"<p><img loading=\"lazy\" decoding=\"async\" class=\"alignnone wp-image-2396 size-full\" src=\"https:\/\/www.salvemsabadia.com\/wp-content\/uploads\/2021\/08\/El-Virgen-de-las-Nieves-ya-fuera-del-mar-scaled.jpeg\" alt=\"\" width=\"2560\" height=\"1920\" srcset=\"https:\/\/www.salvemsabadia.com\/wp-content\/uploads\/2021\/08\/El-Virgen-de-las-Nieves-ya-fuera-del-mar-scaled.jpeg 2560w, https:\/\/www.salvemsabadia.com\/wp-content\/uploads\/2021\/08\/El-Virgen-de-las-Nieves-ya-fuera-del-mar-300x225.jpeg 300w, https:\/\/www.salvemsabadia.com\/wp-content\/uploads\/2021\/08\/El-Virgen-de-las-Nieves-ya-fuera-del-mar-1024x768.jpeg 1024w, https:\/\/www.salvemsabadia.com\/wp-content\/uploads\/2021\/08\/El-Virgen-de-las-Nieves-ya-fuera-del-mar-768x576.jpeg 768w, https:\/\/www.salvemsabadia.com\/wp-content\/uploads\/2021\/08\/El-Virgen-de-las-Nieves-ya-fuera-del-mar-1536x1152.jpeg 1536w, https:\/\/www.salvemsabadia.com\/wp-content\/uploads\/2021\/08\/El-Virgen-de-las-Nieves-ya-fuera-del-mar-2048x1536.jpeg 2048w\" sizes=\"auto, (max-width: 2560px) 100vw, 2560px\" \/>El \u2018Virgen de las Nieves\u2019, un antiguo barco de salvamento mar\u00edtimo adquirido por un centro de buceo ya desaparecido y que llevaba a\u00f1os abandonado en la zona de sa Punta des Mol\u00ed de la bah\u00eda de Portmany, finalmente ha sido retirado del mar.<br \/>\nDurante muchos a\u00f1os, esta embarcaci\u00f3n, muy llamativa por su eslora y sobre todo por el color naranja chill\u00f3n de su casco, ha constituido un icono del fondeo ilegal, adem\u00e1s de servir como boya donde abarloar embarcaciones y como excusa para justificar sus acciones al resto de propietarios de barcos que han instalado muertos de hormig\u00f3n a su alrededor.<\/p>\n<p>En el transcurso de la limpieza del fondo marino realizada por el Ayuntamiento de Sant Antoni de Portmany la pasada primavera, fue totalmente imposible localizar al propietario para que retirara esta embarcaci\u00f3n. Sin embargo, otra persona ha tenido m\u00e1s \u00e9xito. Se trata de Josep Cartoix\u00e0, un ingeniero industrial, mec\u00e1nico, patr\u00f3n de yates y entusiasta de la mar ya jubilado, que hace algunos a\u00f1os se qued\u00f3 prendado de la isla de Formentera, donde reside.<\/p>\n<p>En su af\u00e1n por recuperar el patrimonio n\u00e1utico de la isla, Cartoix\u00e0 anim\u00f3 a Ram\u00f3n Mayans Colomar, un afamado mestre d\u2019aixa (carpintero de ribera), y a su nieto \u00d3scar, que se dedica al mismo oficio, a ense\u00f1ar las t\u00e9cnicas de restauraci\u00f3n de embarcaciones tradicionales a un grupo de unos quince aprendices que consigui\u00f3 reclutar el ingeniero. A trav\u00e9s de este proyecto, ya han conseguido restaurar y entregar a su propietario el lla\u00fct \u2018Delf\u00edn verde\u2019 y siguen trabajando en la puesta a punto de otros.<\/p>\n<p>De la misma manera, el \u2018Virgen de las Nieves\u2019 viajar\u00e1 hacia Formentera para formar parte del nuevo proyecto de Josep Cartoix\u00e0, un museo mar\u00edtimo de barcas en tierra, al objeto de que las nuevas generaciones puedan apreciar la evoluci\u00f3n hist\u00f3rica de las embarcaciones y muy especialmente de los <em>lla\u00fcts<\/em>, <em>bots<\/em> i <em>bruixes<\/em>.<\/p>\n<p>Cartoix\u00e0 desarrolla estos proyectos sin subvenciones ni patrocinadores, simplemente aportando de su bolsillo y, como siempre comenta, \u201cde la buena gente que me ayuda\u201d. El \u2018Virgen de las Nieves\u2019 llegar\u00e1 a Formentera gracias a la colaboraci\u00f3n del Club N\u00e0utic de Sant Antoni, la empresa de transportes RYR y la naviera Formentera Lines.<\/p>\n<p>Desde Salvem Sa Badia de Portmany queremos reconocer el trabajo ejemplar de Josep Cartoix\u00e0. Es una persona enamorada de nuestras islas, que constituye un ejemplo en la conservaci\u00f3n de nuestras tradiciones marineras y patrimonio n\u00e1utico.<\/p>\n<div id=\"attachment_2394\" style=\"width: 1610px\" class=\"wp-caption alignnone\"><img loading=\"lazy\" decoding=\"async\" aria-describedby=\"caption-attachment-2394\" class=\"wp-image-2394 size-full\" src=\"https:\/\/www.salvemsabadia.com\/wp-content\/uploads\/2021\/08\/Josep-Cartoixa\u03001.jpeg\" alt=\"\" width=\"1600\" height=\"1200\" srcset=\"https:\/\/www.salvemsabadia.com\/wp-content\/uploads\/2021\/08\/Josep-Cartoixa\u03001.jpeg 1600w, https:\/\/www.salvemsabadia.com\/wp-content\/uploads\/2021\/08\/Josep-Cartoixa\u03001-300x225.jpeg 300w, https:\/\/www.salvemsabadia.com\/wp-content\/uploads\/2021\/08\/Josep-Cartoixa\u03001-1024x768.jpeg 1024w, https:\/\/www.salvemsabadia.com\/wp-content\/uploads\/2021\/08\/Josep-Cartoixa\u03001-768x576.jpeg 768w, https:\/\/www.salvemsabadia.com\/wp-content\/uploads\/2021\/08\/Josep-Cartoixa\u03001-1536x1152.jpeg 1536w\" sizes=\"auto, (max-width: 1600px) 100vw, 1600px\" \/><p id=\"caption-attachment-2394\" class=\"wp-caption-text\">Josep Cartoix\u00e0<\/p><\/div>\n","protected":false},"excerpt":{"rendered":"<p>El \u2018Virgen de las Nieves\u2019, un antiguo barco de salvamento mar\u00edtimo adquirido por un centro de buceo ya desaparecido y que llevaba a\u00f1os abandonado en la zona de sa Punta&#8230;<\/p>\n","protected":false},"author":2,"featured_media":2396,"comment_status":"open","ping_status":"open","sticky":false,"template":"","format":"standard","meta":{"give_campaign_id":0,"footnotes":""},"categories":[106,208],"tags":[54],"class_list":{"0":"post-2393","1":"post","2":"type-post","3":"status-publish","4":"format-standard","5":"has-post-thumbnail","7":"category-destacado","8":"category-fondeo-irregular","9":"tag-posidonia"},"yoast_head":"<!-- This site is optimized with the Yoast SEO plugin v26.8 - https:\/\/yoast.com\/product\/yoast-seo-wordpress\/ -->\n<title>El \u2018Virgen de las Nieves\u2019, icono del fondeo ilegal en la bah\u00eda de Portmany durante a\u00f1os, por fin ha sido retirado del mar - Salvem Sa Badia de Portmany<\/title>\n<meta name=\"robots\" content=\"index, follow, max-snippet:-1, max-image-preview:large, max-video-preview:-1\" \/>\n<link rel=\"canonical\" href=\"https:\/\/www.salvemsabadia.com\/el-virgen-de-las-nieves-icona-del-fondeig-illegal-a-la-badia-de-portmany-durant-anys-per-fi-ha-estat-retirat-de-la-mar\/\" \/>\n<meta property=\"og:locale\" content=\"es_ES\" \/>\n<meta property=\"og:type\" content=\"article\" \/>\n<meta property=\"og:title\" content=\"El \u2018Virgen de las Nieves\u2019, icono del fondeo ilegal en la bah\u00eda de Portmany durante a\u00f1os, por fin ha sido retirado del mar - Salvem Sa Badia de Portmany\" \/>\n<meta property=\"og:description\" content=\"El \u2018Virgen de las Nieves\u2019, un antiguo barco de salvamento mar\u00edtimo adquirido por un centro de buceo ya desaparecido y que llevaba a\u00f1os abandonado en la zona de sa Punta...\" \/>\n<meta property=\"og:url\" content=\"https:\/\/www.salvemsabadia.com\/el-virgen-de-las-nieves-icona-del-fondeig-illegal-a-la-badia-de-portmany-durant-anys-per-fi-ha-estat-retirat-de-la-mar\/\" \/>\n<meta property=\"og:site_name\" content=\"Salvem Sa Badia de Portmany\" \/>\n<meta property=\"article:published_time\" content=\"2021-08-13T08:42:34+00:00\" \/>\n<meta property=\"article:modified_time\" content=\"2022-08-15T08:39:49+00:00\" \/>\n<meta property=\"og:image\" content=\"https:\/\/www.salvemsabadia.com\/wp-content\/uploads\/2021\/08\/El-Virgen-de-las-Nieves-ya-fuera-del-mar-scaled.jpeg\" \/>\n\t<meta property=\"og:image:width\" content=\"2560\" \/>\n\t<meta property=\"og:image:height\" content=\"1920\" \/>\n\t<meta property=\"og:image:type\" content=\"image\/jpeg\" \/>\n<meta name=\"author\" content=\"Salvem sa Badia\" \/>\n<meta name=\"twitter:card\" content=\"summary_large_image\" \/>\n<meta name=\"twitter:label1\" content=\"Escrito por\" \/>\n\t<meta name=\"twitter:data1\" content=\"Salvem sa Badia\" \/>\n\t<meta name=\"twitter:label2\" content=\"Tiempo de lectura\" \/>\n\t<meta name=\"twitter:data2\" content=\"2 minutos\" \/>\n<script type=\"application\/ld+json\" class=\"yoast-schema-graph\">{\"@context\":\"https:\/\/schema.org\",\"@graph\":[{\"@type\":\"Article\",\"@id\":\"https:\/\/www.salvemsabadia.com\/el-virgen-de-las-nieves-icona-del-fondeig-illegal-a-la-badia-de-portmany-durant-anys-per-fi-ha-estat-retirat-de-la-mar\/#article\",\"isPartOf\":{\"@id\":\"https:\/\/www.salvemsabadia.com\/el-virgen-de-las-nieves-icona-del-fondeig-illegal-a-la-badia-de-portmany-durant-anys-per-fi-ha-estat-retirat-de-la-mar\/\"},\"author\":{\"name\":\"Salvem sa Badia\",\"@id\":\"https:\/\/www.salvemsabadia.com\/#\/schema\/person\/5d08c5118adcb4140d13bde4826ba122\"},\"headline\":\"El \u2018Virgen de las Nieves\u2019, icono del fondeo ilegal en la bah\u00eda de Portmany durante a\u00f1os, por fin ha sido retirado del mar\",\"datePublished\":\"2021-08-13T08:42:34+00:00\",\"dateModified\":\"2022-08-15T08:39:49+00:00\",\"mainEntityOfPage\":{\"@id\":\"https:\/\/www.salvemsabadia.com\/el-virgen-de-las-nieves-icona-del-fondeig-illegal-a-la-badia-de-portmany-durant-anys-per-fi-ha-estat-retirat-de-la-mar\/\"},\"wordCount\":462,\"commentCount\":0,\"publisher\":{\"@id\":\"https:\/\/www.salvemsabadia.com\/#organization\"},\"image\":{\"@id\":\"https:\/\/www.salvemsabadia.com\/el-virgen-de-las-nieves-icona-del-fondeig-illegal-a-la-badia-de-portmany-durant-anys-per-fi-ha-estat-retirat-de-la-mar\/#primaryimage\"},\"thumbnailUrl\":\"https:\/\/www.salvemsabadia.com\/wp-content\/uploads\/2021\/08\/El-Virgen-de-las-Nieves-ya-fuera-del-mar-scaled.jpeg\",\"keywords\":[\"posidonia\"],\"articleSection\":[\"Destacado\",\"Fondeo irregular\"],\"inLanguage\":\"es\",\"potentialAction\":[{\"@type\":\"CommentAction\",\"name\":\"Comment\",\"target\":[\"https:\/\/www.salvemsabadia.com\/el-virgen-de-las-nieves-icona-del-fondeig-illegal-a-la-badia-de-portmany-durant-anys-per-fi-ha-estat-retirat-de-la-mar\/#respond\"]}]},{\"@type\":\"WebPage\",\"@id\":\"https:\/\/www.salvemsabadia.com\/el-virgen-de-las-nieves-icona-del-fondeig-illegal-a-la-badia-de-portmany-durant-anys-per-fi-ha-estat-retirat-de-la-mar\/\",\"url\":\"https:\/\/www.salvemsabadia.com\/el-virgen-de-las-nieves-icona-del-fondeig-illegal-a-la-badia-de-portmany-durant-anys-per-fi-ha-estat-retirat-de-la-mar\/\",\"name\":\"El \u2018Virgen de las Nieves\u2019, icono del fondeo ilegal en la bah\u00eda de Portmany durante a\u00f1os, por fin ha sido retirado del mar - Salvem Sa Badia de Portmany\",\"isPartOf\":{\"@id\":\"https:\/\/www.salvemsabadia.com\/#website\"},\"primaryImageOfPage\":{\"@id\":\"https:\/\/www.salvemsabadia.com\/el-virgen-de-las-nieves-icona-del-fondeig-illegal-a-la-badia-de-portmany-durant-anys-per-fi-ha-estat-retirat-de-la-mar\/#primaryimage\"},\"image\":{\"@id\":\"https:\/\/www.salvemsabadia.com\/el-virgen-de-las-nieves-icona-del-fondeig-illegal-a-la-badia-de-portmany-durant-anys-per-fi-ha-estat-retirat-de-la-mar\/#primaryimage\"},\"thumbnailUrl\":\"https:\/\/www.salvemsabadia.com\/wp-content\/uploads\/2021\/08\/El-Virgen-de-las-Nieves-ya-fuera-del-mar-scaled.jpeg\",\"datePublished\":\"2021-08-13T08:42:34+00:00\",\"dateModified\":\"2022-08-15T08:39:49+00:00\",\"breadcrumb\":{\"@id\":\"https:\/\/www.salvemsabadia.com\/el-virgen-de-las-nieves-icona-del-fondeig-illegal-a-la-badia-de-portmany-durant-anys-per-fi-ha-estat-retirat-de-la-mar\/#breadcrumb\"},\"inLanguage\":\"es\",\"potentialAction\":[{\"@type\":\"ReadAction\",\"target\":[\"https:\/\/www.salvemsabadia.com\/el-virgen-de-las-nieves-icona-del-fondeig-illegal-a-la-badia-de-portmany-durant-anys-per-fi-ha-estat-retirat-de-la-mar\/\"]}]},{\"@type\":\"ImageObject\",\"inLanguage\":\"es\",\"@id\":\"https:\/\/www.salvemsabadia.com\/el-virgen-de-las-nieves-icona-del-fondeig-illegal-a-la-badia-de-portmany-durant-anys-per-fi-ha-estat-retirat-de-la-mar\/#primaryimage\",\"url\":\"https:\/\/www.salvemsabadia.com\/wp-content\/uploads\/2021\/08\/El-Virgen-de-las-Nieves-ya-fuera-del-mar-scaled.jpeg\",\"contentUrl\":\"https:\/\/www.salvemsabadia.com\/wp-content\/uploads\/2021\/08\/El-Virgen-de-las-Nieves-ya-fuera-del-mar-scaled.jpeg\",\"width\":2560,\"height\":1920},{\"@type\":\"BreadcrumbList\",\"@id\":\"https:\/\/www.salvemsabadia.com\/el-virgen-de-las-nieves-icona-del-fondeig-illegal-a-la-badia-de-portmany-durant-anys-per-fi-ha-estat-retirat-de-la-mar\/#breadcrumb\",\"itemListElement\":[{\"@type\":\"ListItem\",\"position\":1,\"name\":\"Portada\",\"item\":\"https:\/\/www.salvemsabadia.com\/es\/\"},{\"@type\":\"ListItem\",\"position\":2,\"name\":\"El \u2018Virgen de las Nieves\u2019, icono del fondeo ilegal en la bah\u00eda de Portmany durante a\u00f1os, por fin ha sido retirado del mar\"}]},{\"@type\":\"WebSite\",\"@id\":\"https:\/\/www.salvemsabadia.com\/#website\",\"url\":\"https:\/\/www.salvemsabadia.com\/\",\"name\":\"Salvem Sa Badia de Portmany\",\"description\":\"\",\"publisher\":{\"@id\":\"https:\/\/www.salvemsabadia.com\/#organization\"},\"potentialAction\":[{\"@type\":\"SearchAction\",\"target\":{\"@type\":\"EntryPoint\",\"urlTemplate\":\"https:\/\/www.salvemsabadia.com\/?s={search_term_string}\"},\"query-input\":{\"@type\":\"PropertyValueSpecification\",\"valueRequired\":true,\"valueName\":\"search_term_string\"}}],\"inLanguage\":\"es\"},{\"@type\":\"Organization\",\"@id\":\"https:\/\/www.salvemsabadia.com\/#organization\",\"name\":\"Salvem Sa Badia de Portmany\",\"url\":\"https:\/\/www.salvemsabadia.com\/\",\"logo\":{\"@type\":\"ImageObject\",\"inLanguage\":\"es\",\"@id\":\"https:\/\/www.salvemsabadia.com\/#\/schema\/logo\/image\/\",\"url\":\"https:\/\/www.salvemsabadia.com\/wp-content\/uploads\/2020\/03\/logo.png\",\"contentUrl\":\"https:\/\/www.salvemsabadia.com\/wp-content\/uploads\/2020\/03\/logo.png\",\"width\":188,\"height\":151,\"caption\":\"Salvem Sa Badia de Portmany\"},\"image\":{\"@id\":\"https:\/\/www.salvemsabadia.com\/#\/schema\/logo\/image\/\"}},{\"@type\":\"Person\",\"@id\":\"https:\/\/www.salvemsabadia.com\/#\/schema\/person\/5d08c5118adcb4140d13bde4826ba122\",\"name\":\"Salvem sa Badia\",\"image\":{\"@type\":\"ImageObject\",\"inLanguage\":\"es\",\"@id\":\"https:\/\/www.salvemsabadia.com\/#\/schema\/person\/image\/\",\"url\":\"https:\/\/secure.gravatar.com\/avatar\/d569ee5739a9c7022470ea472c9b4b9cf476e15f1be71e5242c911d673d14ad9?s=96&d=mm&r=g\",\"contentUrl\":\"https:\/\/secure.gravatar.com\/avatar\/d569ee5739a9c7022470ea472c9b4b9cf476e15f1be71e5242c911d673d14ad9?s=96&d=mm&r=g\",\"caption\":\"Salvem sa Badia\"}}]}<\/script>\n<!-- \/ Yoast SEO plugin. -->","yoast_head_json":{"title":"El \u2018Virgen de las Nieves\u2019, icono del fondeo ilegal en la bah\u00eda de Portmany durante a\u00f1os, por fin ha sido retirado del mar - Salvem Sa Badia de Portmany","robots":{"index":"index","follow":"follow","max-snippet":"max-snippet:-1","max-image-preview":"max-image-preview:large","max-video-preview":"max-video-preview:-1"},"canonical":"https:\/\/www.salvemsabadia.com\/el-virgen-de-las-nieves-icona-del-fondeig-illegal-a-la-badia-de-portmany-durant-anys-per-fi-ha-estat-retirat-de-la-mar\/","og_locale":"es_ES","og_type":"article","og_title":"El \u2018Virgen de las Nieves\u2019, icono del fondeo ilegal en la bah\u00eda de Portmany durante a\u00f1os, por fin ha sido retirado del mar - Salvem Sa Badia de Portmany","og_description":"El \u2018Virgen de las Nieves\u2019, un antiguo barco de salvamento mar\u00edtimo adquirido por un centro de buceo ya desaparecido y que llevaba a\u00f1os abandonado en la zona de sa Punta...","og_url":"https:\/\/www.salvemsabadia.com\/el-virgen-de-las-nieves-icona-del-fondeig-illegal-a-la-badia-de-portmany-durant-anys-per-fi-ha-estat-retirat-de-la-mar\/","og_site_name":"Salvem Sa Badia de Portmany","article_published_time":"2021-08-13T08:42:34+00:00","article_modified_time":"2022-08-15T08:39:49+00:00","og_image":[{"width":2560,"height":1920,"url":"https:\/\/www.salvemsabadia.com\/wp-content\/uploads\/2021\/08\/El-Virgen-de-las-Nieves-ya-fuera-del-mar-scaled.jpeg","type":"image\/jpeg"}],"author":"Salvem sa Badia","twitter_card":"summary_large_image","twitter_misc":{"Escrito por":"Salvem sa Badia","Tiempo de lectura":"2 minutos"},"schema":{"@context":"https:\/\/schema.org","@graph":[{"@type":"Article","@id":"https:\/\/www.salvemsabadia.com\/el-virgen-de-las-nieves-icona-del-fondeig-illegal-a-la-badia-de-portmany-durant-anys-per-fi-ha-estat-retirat-de-la-mar\/#article","isPartOf":{"@id":"https:\/\/www.salvemsabadia.com\/el-virgen-de-las-nieves-icona-del-fondeig-illegal-a-la-badia-de-portmany-durant-anys-per-fi-ha-estat-retirat-de-la-mar\/"},"author":{"name":"Salvem sa Badia","@id":"https:\/\/www.salvemsabadia.com\/#\/schema\/person\/5d08c5118adcb4140d13bde4826ba122"},"headline":"El \u2018Virgen de las Nieves\u2019, icono del fondeo ilegal en la bah\u00eda de Portmany durante a\u00f1os, por fin ha sido retirado del mar","datePublished":"2021-08-13T08:42:34+00:00","dateModified":"2022-08-15T08:39:49+00:00","mainEntityOfPage":{"@id":"https:\/\/www.salvemsabadia.com\/el-virgen-de-las-nieves-icona-del-fondeig-illegal-a-la-badia-de-portmany-durant-anys-per-fi-ha-estat-retirat-de-la-mar\/"},"wordCount":462,"commentCount":0,"publisher":{"@id":"https:\/\/www.salvemsabadia.com\/#organization"},"image":{"@id":"https:\/\/www.salvemsabadia.com\/el-virgen-de-las-nieves-icona-del-fondeig-illegal-a-la-badia-de-portmany-durant-anys-per-fi-ha-estat-retirat-de-la-mar\/#primaryimage"},"thumbnailUrl":"https:\/\/www.salvemsabadia.com\/wp-content\/uploads\/2021\/08\/El-Virgen-de-las-Nieves-ya-fuera-del-mar-scaled.jpeg","keywords":["posidonia"],"articleSection":["Destacado","Fondeo irregular"],"inLanguage":"es","potentialAction":[{"@type":"CommentAction","name":"Comment","target":["https:\/\/www.salvemsabadia.com\/el-virgen-de-las-nieves-icona-del-fondeig-illegal-a-la-badia-de-portmany-durant-anys-per-fi-ha-estat-retirat-de-la-mar\/#respond"]}]},{"@type":"WebPage","@id":"https:\/\/www.salvemsabadia.com\/el-virgen-de-las-nieves-icona-del-fondeig-illegal-a-la-badia-de-portmany-durant-anys-per-fi-ha-estat-retirat-de-la-mar\/","url":"https:\/\/www.salvemsabadia.com\/el-virgen-de-las-nieves-icona-del-fondeig-illegal-a-la-badia-de-portmany-durant-anys-per-fi-ha-estat-retirat-de-la-mar\/","name":"El \u2018Virgen de las Nieves\u2019, icono del fondeo ilegal en la bah\u00eda de Portmany durante a\u00f1os, por fin ha sido retirado del mar - Salvem Sa Badia de Portmany","isPartOf":{"@id":"https:\/\/www.salvemsabadia.com\/#website"},"primaryImageOfPage":{"@id":"https:\/\/www.salvemsabadia.com\/el-virgen-de-las-nieves-icona-del-fondeig-illegal-a-la-badia-de-portmany-durant-anys-per-fi-ha-estat-retirat-de-la-mar\/#primaryimage"},"image":{"@id":"https:\/\/www.salvemsabadia.com\/el-virgen-de-las-nieves-icona-del-fondeig-illegal-a-la-badia-de-portmany-durant-anys-per-fi-ha-estat-retirat-de-la-mar\/#primaryimage"},"thumbnailUrl":"https:\/\/www.salvemsabadia.com\/wp-content\/uploads\/2021\/08\/El-Virgen-de-las-Nieves-ya-fuera-del-mar-scaled.jpeg","datePublished":"2021-08-13T08:42:34+00:00","dateModified":"2022-08-15T08:39:49+00:00","breadcrumb":{"@id":"https:\/\/www.salvemsabadia.com\/el-virgen-de-las-nieves-icona-del-fondeig-illegal-a-la-badia-de-portmany-durant-anys-per-fi-ha-estat-retirat-de-la-mar\/#breadcrumb"},"inLanguage":"es","potentialAction":[{"@type":"ReadAction","target":["https:\/\/www.salvemsabadia.com\/el-virgen-de-las-nieves-icona-del-fondeig-illegal-a-la-badia-de-portmany-durant-anys-per-fi-ha-estat-retirat-de-la-mar\/"]}]},{"@type":"ImageObject","inLanguage":"es","@id":"https:\/\/www.salvemsabadia.com\/el-virgen-de-las-nieves-icona-del-fondeig-illegal-a-la-badia-de-portmany-durant-anys-per-fi-ha-estat-retirat-de-la-mar\/#primaryimage","url":"https:\/\/www.salvemsabadia.com\/wp-content\/uploads\/2021\/08\/El-Virgen-de-las-Nieves-ya-fuera-del-mar-scaled.jpeg","contentUrl":"https:\/\/www.salvemsabadia.com\/wp-content\/uploads\/2021\/08\/El-Virgen-de-las-Nieves-ya-fuera-del-mar-scaled.jpeg","width":2560,"height":1920},{"@type":"BreadcrumbList","@id":"https:\/\/www.salvemsabadia.com\/el-virgen-de-las-nieves-icona-del-fondeig-illegal-a-la-badia-de-portmany-durant-anys-per-fi-ha-estat-retirat-de-la-mar\/#breadcrumb","itemListElement":[{"@type":"ListItem","position":1,"name":"Portada","item":"https:\/\/www.salvemsabadia.com\/es\/"},{"@type":"ListItem","position":2,"name":"El \u2018Virgen de las Nieves\u2019, icono del fondeo ilegal en la bah\u00eda de Portmany durante a\u00f1os, por fin ha sido retirado del mar"}]},{"@type":"WebSite","@id":"https:\/\/www.salvemsabadia.com\/#website","url":"https:\/\/www.salvemsabadia.com\/","name":"Salvem Sa Badia de Portmany","description":"","publisher":{"@id":"https:\/\/www.salvemsabadia.com\/#organization"},"potentialAction":[{"@type":"SearchAction","target":{"@type":"EntryPoint","urlTemplate":"https:\/\/www.salvemsabadia.com\/?s={search_term_string}"},"query-input":{"@type":"PropertyValueSpecification","valueRequired":true,"valueName":"search_term_string"}}],"inLanguage":"es"},{"@type":"Organization","@id":"https:\/\/www.salvemsabadia.com\/#organization","name":"Salvem Sa Badia de Portmany","url":"https:\/\/www.salvemsabadia.com\/","logo":{"@type":"ImageObject","inLanguage":"es","@id":"https:\/\/www.salvemsabadia.com\/#\/schema\/logo\/image\/","url":"https:\/\/www.salvemsabadia.com\/wp-content\/uploads\/2020\/03\/logo.png","contentUrl":"https:\/\/www.salvemsabadia.com\/wp-content\/uploads\/2020\/03\/logo.png","width":188,"height":151,"caption":"Salvem Sa Badia de Portmany"},"image":{"@id":"https:\/\/www.salvemsabadia.com\/#\/schema\/logo\/image\/"}},{"@type":"Person","@id":"https:\/\/www.salvemsabadia.com\/#\/schema\/person\/5d08c5118adcb4140d13bde4826ba122","name":"Salvem sa Badia","image":{"@type":"ImageObject","inLanguage":"es","@id":"https:\/\/www.salvemsabadia.com\/#\/schema\/person\/image\/","url":"https:\/\/secure.gravatar.com\/avatar\/d569ee5739a9c7022470ea472c9b4b9cf476e15f1be71e5242c911d673d14ad9?s=96&d=mm&r=g","contentUrl":"https:\/\/secure.gravatar.com\/avatar\/d569ee5739a9c7022470ea472c9b4b9cf476e15f1be71e5242c911d673d14ad9?s=96&d=mm&r=g","caption":"Salvem sa Badia"}}]}},"_links":{"self":[{"href":"https:\/\/www.salvemsabadia.com\/es\/wp-json\/wp\/v2\/posts\/2393","targetHints":{"allow":["GET"]}}],"collection":[{"href":"https:\/\/www.salvemsabadia.com\/es\/wp-json\/wp\/v2\/posts"}],"about":[{"href":"https:\/\/www.salvemsabadia.com\/es\/wp-json\/wp\/v2\/types\/post"}],"author":[{"embeddable":true,"href":"https:\/\/www.salvemsabadia.com\/es\/wp-json\/wp\/v2\/users\/2"}],"replies":[{"embeddable":true,"href":"https:\/\/www.salvemsabadia.com\/es\/wp-json\/wp\/v2\/comments?post=2393"}],"version-history":[{"count":0,"href":"https:\/\/www.salvemsabadia.com\/es\/wp-json\/wp\/v2\/posts\/2393\/revisions"}],"wp:featuredmedia":[{"embeddable":true,"href":"https:\/\/www.salvemsabadia.com\/es\/wp-json\/wp\/v2\/media\/2396"}],"wp:attachment":[{"href":"https:\/\/www.salvemsabadia.com\/es\/wp-json\/wp\/v2\/media?parent=2393"}],"wp:term":[{"taxonomy":"category","embeddable":true,"href":"https:\/\/www.salvemsabadia.com\/es\/wp-json\/wp\/v2\/categories?post=2393"},{"taxonomy":"post_tag","embeddable":true,"href":"https:\/\/www.salvemsabadia.com\/es\/wp-json\/wp\/v2\/tags?post=2393"}],"curies":[{"name":"wp","href":"https:\/\/api.w.org\/{rel}","templated":true}]}}