{"id":2447,"date":"2021-09-01T10:41:12","date_gmt":"2021-09-01T08:41:12","guid":{"rendered":"https:\/\/www.salvemsabadia.com\/?p=2447"},"modified":"2022-08-15T10:41:07","modified_gmt":"2022-08-15T08:41:07","slug":"lleno-en-el-taller-de-fotografia-submarina-en-apnea-celebrado-el-pasado-fin-de-semana-en-el-auditorio-calo-de-soli","status":"publish","type":"post","link":"https:\/\/www.salvemsabadia.com\/es\/lleno-en-el-taller-de-fotografia-submarina-en-apnea-celebrado-el-pasado-fin-de-semana-en-el-auditorio-calo-de-soli\/","title":{"rendered":"Lleno en el taller de fotograf\u00eda submarina en apnea, celebrado el pasado fin de semana en el Auditorio Cal\u00f3 de s\u2019Oli"},"content":{"rendered":"<p><img loading=\"lazy\" decoding=\"async\" class=\"alignnone wp-image-2450 size-full\" src=\"https:\/\/www.salvemsabadia.com\/wp-content\/uploads\/2021\/09\/P8280066.jpg\" alt=\"\" width=\"2000\" height=\"1500\" srcset=\"https:\/\/www.salvemsabadia.com\/wp-content\/uploads\/2021\/09\/P8280066.jpg 2000w, https:\/\/www.salvemsabadia.com\/wp-content\/uploads\/2021\/09\/P8280066-300x225.jpg 300w, https:\/\/www.salvemsabadia.com\/wp-content\/uploads\/2021\/09\/P8280066-1024x768.jpg 1024w, https:\/\/www.salvemsabadia.com\/wp-content\/uploads\/2021\/09\/P8280066-768x576.jpg 768w, https:\/\/www.salvemsabadia.com\/wp-content\/uploads\/2021\/09\/P8280066-1536x1152.jpg 1536w\" sizes=\"auto, (max-width: 2000px) 100vw, 2000px\" \/>El pasado s\u00e1bado, 28 de agosto, se celebr\u00f3 un taller de fotograf\u00eda submarina en apnea, impartido por la Associaci\u00f3 de Fot\u00f2grafs i Filmadors de Natura de les Illes Balears (AFONIB), en colaboraci\u00f3n con el Certamen Audiovisual para la Conservaci\u00f3n del Mar (MARE). El evento registr\u00f3 un lleno absoluto, con la participaci\u00f3n de 20 personas, el m\u00e1ximo previsto, y comenz\u00f3 con una clase te\u00f3rica en el auditorio Cal\u00f3 de s\u2019Oli, con la exposici\u00f3n fotogr\u00e1fica MARE como escenario.<\/p>\n<p><img loading=\"lazy\" decoding=\"async\" class=\"alignnone wp-image-2454 size-full\" src=\"https:\/\/www.salvemsabadia.com\/wp-content\/uploads\/2021\/09\/IMG_6804.jpg\" alt=\"\" width=\"1600\" height=\"1055\" srcset=\"https:\/\/www.salvemsabadia.com\/wp-content\/uploads\/2021\/09\/IMG_6804.jpg 1600w, https:\/\/www.salvemsabadia.com\/wp-content\/uploads\/2021\/09\/IMG_6804-300x198.jpg 300w, https:\/\/www.salvemsabadia.com\/wp-content\/uploads\/2021\/09\/IMG_6804-1024x675.jpg 1024w, https:\/\/www.salvemsabadia.com\/wp-content\/uploads\/2021\/09\/IMG_6804-768x506.jpg 768w, https:\/\/www.salvemsabadia.com\/wp-content\/uploads\/2021\/09\/IMG_6804-1536x1013.jpg 1536w\" sizes=\"auto, (max-width: 1600px) 100vw, 1600px\" \/>Este taller, que ha contado con la colaboraci\u00f3n del Ayuntamiento de Sant Josep de Sa Talaia, el Club N\u00e0utic Sant Antoni y la iniciativa Salvem Sa Badia de Portmany, comenz\u00f3 a las nueve horas, con una breve iniciaci\u00f3n a la apnea y a la fotograf\u00eda submarina, a cargo de Joan Sans, donde se habl\u00f3 tanto de t\u00e9cnicas como de materiales. Tambi\u00e9n se repartieron unas gu\u00edas de peces, cortes\u00eda de Marilles, y se proporcionaron una serie de pautas b\u00e1sicas para diferenciar e identificar las especies m\u00e1s comunes de la bah\u00eda de Portmany.<\/p>\n<p><img loading=\"lazy\" decoding=\"async\" class=\"alignnone wp-image-2452 size-full\" src=\"https:\/\/www.salvemsabadia.com\/wp-content\/uploads\/2021\/09\/20210828_122710.jpg\" alt=\"\" width=\"2000\" height=\"1462\" srcset=\"https:\/\/www.salvemsabadia.com\/wp-content\/uploads\/2021\/09\/20210828_122710.jpg 2000w, https:\/\/www.salvemsabadia.com\/wp-content\/uploads\/2021\/09\/20210828_122710-300x219.jpg 300w, https:\/\/www.salvemsabadia.com\/wp-content\/uploads\/2021\/09\/20210828_122710-1024x749.jpg 1024w, https:\/\/www.salvemsabadia.com\/wp-content\/uploads\/2021\/09\/20210828_122710-768x561.jpg 768w, https:\/\/www.salvemsabadia.com\/wp-content\/uploads\/2021\/09\/20210828_122710-1536x1123.jpg 1536w\" sizes=\"auto, (max-width: 2000px) 100vw, 2000px\" \/>A continuaci\u00f3n, se desarroll\u00f3 la pr\u00e1ctica en el mar, con c\u00e1maras cedidas por Olympus para este y otros talleres de MARE. Aunque el d\u00eda hab\u00eda comenzado con el agua completamente en calma, la situaci\u00f3n empeor\u00f3 y aunque se pudo acceder al mar, las condiciones de visibilidad no fueron las m\u00e1s id\u00f3neas. Aun as\u00ed, se pudieron fotografiar distintas especies como pulpos, bl\u00e9nidos, serranos, \u2018llavions\u2019 (botones), \u2018moix\u00f3\u2019 (pejerrey), esponjas y algunos ejemplares de coral mediterr\u00e1neo (Cladacora caespitosa).<\/p>\n<p>Entre los participantes hab\u00eda gente de todas las edades y se adaptaron bien a las condiciones complicadas del mar y al oleaje. La jornada concluy\u00f3 con un almuerzo celebrado en las instalaciones del Club N\u00e0utic Sant Antoni.<\/p>\n<p><img loading=\"lazy\" decoding=\"async\" class=\"alignnone wp-image-2448 size-full\" src=\"https:\/\/www.salvemsabadia.com\/wp-content\/uploads\/2021\/09\/P8280051.jpg\" alt=\"\" width=\"2000\" height=\"1491\" srcset=\"https:\/\/www.salvemsabadia.com\/wp-content\/uploads\/2021\/09\/P8280051.jpg 2000w, https:\/\/www.salvemsabadia.com\/wp-content\/uploads\/2021\/09\/P8280051-300x224.jpg 300w, https:\/\/www.salvemsabadia.com\/wp-content\/uploads\/2021\/09\/P8280051-1024x763.jpg 1024w, https:\/\/www.salvemsabadia.com\/wp-content\/uploads\/2021\/09\/P8280051-768x573.jpg 768w, https:\/\/www.salvemsabadia.com\/wp-content\/uploads\/2021\/09\/P8280051-1536x1145.jpg 1536w\" sizes=\"auto, (max-width: 2000px) 100vw, 2000px\" \/><\/p>\n","protected":false},"excerpt":{"rendered":"<p>El pasado s\u00e1bado, 28 de agosto, se celebr\u00f3 un taller de fotograf\u00eda submarina en apnea, impartido por la Associaci\u00f3 de Fot\u00f2grafs i Filmadors de Natura de les Illes Balears (AFONIB),&#8230;<\/p>\n","protected":false},"author":2,"featured_media":2450,"comment_status":"open","ping_status":"open","sticky":false,"template":"","format":"standard","meta":{"give_campaign_id":0,"footnotes":""},"categories":[201,202,106,10],"tags":[171],"class_list":{"0":"post-2447","1":"post","2":"type-post","3":"status-publish","4":"format-standard","5":"has-post-thumbnail","7":"category-biodiversidad","8":"category-buceo","9":"category-destacado","10":"category-salvem-sa-badia","11":"tag-fotosub"},"yoast_head":"<!-- This site is optimized with the Yoast SEO plugin v26.8 - https:\/\/yoast.com\/product\/yoast-seo-wordpress\/ -->\n<title>Lleno en el taller de fotograf\u00eda submarina en apnea, celebrado el pasado fin de semana en el Auditorio Cal\u00f3 de s\u2019Oli - Salvem Sa Badia de Portmany<\/title>\n<meta name=\"robots\" content=\"index, follow, max-snippet:-1, max-image-preview:large, max-video-preview:-1\" \/>\n<link rel=\"canonical\" href=\"https:\/\/www.salvemsabadia.com\/ple-en-el-taller-de-fotografia-submarina-en-apnea-celebrat-el-passat-cap-de-setmana-al-auditori-calo-des-oli\/\" \/>\n<meta property=\"og:locale\" content=\"es_ES\" \/>\n<meta property=\"og:type\" content=\"article\" \/>\n<meta property=\"og:title\" content=\"Lleno en el taller de fotograf\u00eda submarina en apnea, celebrado el pasado fin de semana en el Auditorio Cal\u00f3 de s\u2019Oli - Salvem Sa Badia de Portmany\" \/>\n<meta property=\"og:description\" content=\"El pasado s\u00e1bado, 28 de agosto, se celebr\u00f3 un taller de fotograf\u00eda submarina en apnea, impartido por la Associaci\u00f3 de Fot\u00f2grafs i Filmadors de Natura de les Illes Balears (AFONIB),...\" \/>\n<meta property=\"og:url\" content=\"https:\/\/www.salvemsabadia.com\/ple-en-el-taller-de-fotografia-submarina-en-apnea-celebrat-el-passat-cap-de-setmana-al-auditori-calo-des-oli\/\" \/>\n<meta property=\"og:site_name\" content=\"Salvem Sa Badia de Portmany\" \/>\n<meta property=\"article:published_time\" content=\"2021-09-01T08:41:12+00:00\" \/>\n<meta property=\"article:modified_time\" content=\"2022-08-15T08:41:07+00:00\" \/>\n<meta property=\"og:image\" content=\"https:\/\/www.salvemsabadia.com\/wp-content\/uploads\/2021\/09\/P8280066.jpg\" \/>\n\t<meta property=\"og:image:width\" content=\"2000\" \/>\n\t<meta property=\"og:image:height\" content=\"1500\" \/>\n\t<meta property=\"og:image:type\" content=\"image\/jpeg\" \/>\n<meta name=\"author\" content=\"Salvem sa Badia\" \/>\n<meta name=\"twitter:card\" content=\"summary_large_image\" \/>\n<meta name=\"twitter:label1\" content=\"Escrito por\" \/>\n\t<meta name=\"twitter:data1\" content=\"Salvem sa Badia\" \/>\n\t<meta name=\"twitter:label2\" content=\"Tiempo de lectura\" \/>\n\t<meta name=\"twitter:data2\" content=\"2 minutos\" \/>\n<script type=\"application\/ld+json\" class=\"yoast-schema-graph\">{\"@context\":\"https:\/\/schema.org\",\"@graph\":[{\"@type\":\"Article\",\"@id\":\"https:\/\/www.salvemsabadia.com\/ple-en-el-taller-de-fotografia-submarina-en-apnea-celebrat-el-passat-cap-de-setmana-al-auditori-calo-des-oli\/#article\",\"isPartOf\":{\"@id\":\"https:\/\/www.salvemsabadia.com\/ple-en-el-taller-de-fotografia-submarina-en-apnea-celebrat-el-passat-cap-de-setmana-al-auditori-calo-des-oli\/\"},\"author\":{\"name\":\"Salvem sa Badia\",\"@id\":\"https:\/\/www.salvemsabadia.com\/#\/schema\/person\/5d08c5118adcb4140d13bde4826ba122\"},\"headline\":\"Lleno en el taller de fotograf\u00eda submarina en apnea, celebrado el pasado fin de semana en el Auditorio Cal\u00f3 de s\u2019Oli\",\"datePublished\":\"2021-09-01T08:41:12+00:00\",\"dateModified\":\"2022-08-15T08:41:07+00:00\",\"mainEntityOfPage\":{\"@id\":\"https:\/\/www.salvemsabadia.com\/ple-en-el-taller-de-fotografia-submarina-en-apnea-celebrat-el-passat-cap-de-setmana-al-auditori-calo-des-oli\/\"},\"wordCount\":334,\"commentCount\":0,\"publisher\":{\"@id\":\"https:\/\/www.salvemsabadia.com\/#organization\"},\"image\":{\"@id\":\"https:\/\/www.salvemsabadia.com\/ple-en-el-taller-de-fotografia-submarina-en-apnea-celebrat-el-passat-cap-de-setmana-al-auditori-calo-des-oli\/#primaryimage\"},\"thumbnailUrl\":\"https:\/\/www.salvemsabadia.com\/wp-content\/uploads\/2021\/09\/P8280066.jpg\",\"keywords\":[\"fotosub\"],\"articleSection\":[\"Biodiversidad\",\"Buceo\",\"Destacado\",\"Salvem Sa Badia\"],\"inLanguage\":\"es\",\"potentialAction\":[{\"@type\":\"CommentAction\",\"name\":\"Comment\",\"target\":[\"https:\/\/www.salvemsabadia.com\/ple-en-el-taller-de-fotografia-submarina-en-apnea-celebrat-el-passat-cap-de-setmana-al-auditori-calo-des-oli\/#respond\"]}]},{\"@type\":\"WebPage\",\"@id\":\"https:\/\/www.salvemsabadia.com\/ple-en-el-taller-de-fotografia-submarina-en-apnea-celebrat-el-passat-cap-de-setmana-al-auditori-calo-des-oli\/\",\"url\":\"https:\/\/www.salvemsabadia.com\/ple-en-el-taller-de-fotografia-submarina-en-apnea-celebrat-el-passat-cap-de-setmana-al-auditori-calo-des-oli\/\",\"name\":\"Lleno en el taller de fotograf\u00eda submarina en apnea, celebrado el pasado fin de semana en el Auditorio Cal\u00f3 de s\u2019Oli - Salvem Sa Badia de Portmany\",\"isPartOf\":{\"@id\":\"https:\/\/www.salvemsabadia.com\/#website\"},\"primaryImageOfPage\":{\"@id\":\"https:\/\/www.salvemsabadia.com\/ple-en-el-taller-de-fotografia-submarina-en-apnea-celebrat-el-passat-cap-de-setmana-al-auditori-calo-des-oli\/#primaryimage\"},\"image\":{\"@id\":\"https:\/\/www.salvemsabadia.com\/ple-en-el-taller-de-fotografia-submarina-en-apnea-celebrat-el-passat-cap-de-setmana-al-auditori-calo-des-oli\/#primaryimage\"},\"thumbnailUrl\":\"https:\/\/www.salvemsabadia.com\/wp-content\/uploads\/2021\/09\/P8280066.jpg\",\"datePublished\":\"2021-09-01T08:41:12+00:00\",\"dateModified\":\"2022-08-15T08:41:07+00:00\",\"breadcrumb\":{\"@id\":\"https:\/\/www.salvemsabadia.com\/ple-en-el-taller-de-fotografia-submarina-en-apnea-celebrat-el-passat-cap-de-setmana-al-auditori-calo-des-oli\/#breadcrumb\"},\"inLanguage\":\"es\",\"potentialAction\":[{\"@type\":\"ReadAction\",\"target\":[\"https:\/\/www.salvemsabadia.com\/ple-en-el-taller-de-fotografia-submarina-en-apnea-celebrat-el-passat-cap-de-setmana-al-auditori-calo-des-oli\/\"]}]},{\"@type\":\"ImageObject\",\"inLanguage\":\"es\",\"@id\":\"https:\/\/www.salvemsabadia.com\/ple-en-el-taller-de-fotografia-submarina-en-apnea-celebrat-el-passat-cap-de-setmana-al-auditori-calo-des-oli\/#primaryimage\",\"url\":\"https:\/\/www.salvemsabadia.com\/wp-content\/uploads\/2021\/09\/P8280066.jpg\",\"contentUrl\":\"https:\/\/www.salvemsabadia.com\/wp-content\/uploads\/2021\/09\/P8280066.jpg\",\"width\":2000,\"height\":1500},{\"@type\":\"BreadcrumbList\",\"@id\":\"https:\/\/www.salvemsabadia.com\/ple-en-el-taller-de-fotografia-submarina-en-apnea-celebrat-el-passat-cap-de-setmana-al-auditori-calo-des-oli\/#breadcrumb\",\"itemListElement\":[{\"@type\":\"ListItem\",\"position\":1,\"name\":\"Portada\",\"item\":\"https:\/\/www.salvemsabadia.com\/es\/\"},{\"@type\":\"ListItem\",\"position\":2,\"name\":\"Lleno en el taller de fotograf\u00eda submarina en apnea, celebrado el pasado fin de semana en el Auditorio Cal\u00f3 de s\u2019Oli\"}]},{\"@type\":\"WebSite\",\"@id\":\"https:\/\/www.salvemsabadia.com\/#website\",\"url\":\"https:\/\/www.salvemsabadia.com\/\",\"name\":\"Salvem Sa Badia de Portmany\",\"description\":\"\",\"publisher\":{\"@id\":\"https:\/\/www.salvemsabadia.com\/#organization\"},\"potentialAction\":[{\"@type\":\"SearchAction\",\"target\":{\"@type\":\"EntryPoint\",\"urlTemplate\":\"https:\/\/www.salvemsabadia.com\/?s={search_term_string}\"},\"query-input\":{\"@type\":\"PropertyValueSpecification\",\"valueRequired\":true,\"valueName\":\"search_term_string\"}}],\"inLanguage\":\"es\"},{\"@type\":\"Organization\",\"@id\":\"https:\/\/www.salvemsabadia.com\/#organization\",\"name\":\"Salvem Sa Badia de Portmany\",\"url\":\"https:\/\/www.salvemsabadia.com\/\",\"logo\":{\"@type\":\"ImageObject\",\"inLanguage\":\"es\",\"@id\":\"https:\/\/www.salvemsabadia.com\/#\/schema\/logo\/image\/\",\"url\":\"https:\/\/www.salvemsabadia.com\/wp-content\/uploads\/2020\/03\/logo.png\",\"contentUrl\":\"https:\/\/www.salvemsabadia.com\/wp-content\/uploads\/2020\/03\/logo.png\",\"width\":188,\"height\":151,\"caption\":\"Salvem Sa Badia de Portmany\"},\"image\":{\"@id\":\"https:\/\/www.salvemsabadia.com\/#\/schema\/logo\/image\/\"}},{\"@type\":\"Person\",\"@id\":\"https:\/\/www.salvemsabadia.com\/#\/schema\/person\/5d08c5118adcb4140d13bde4826ba122\",\"name\":\"Salvem sa Badia\",\"image\":{\"@type\":\"ImageObject\",\"inLanguage\":\"es\",\"@id\":\"https:\/\/www.salvemsabadia.com\/#\/schema\/person\/image\/\",\"url\":\"https:\/\/secure.gravatar.com\/avatar\/d569ee5739a9c7022470ea472c9b4b9cf476e15f1be71e5242c911d673d14ad9?s=96&d=mm&r=g\",\"contentUrl\":\"https:\/\/secure.gravatar.com\/avatar\/d569ee5739a9c7022470ea472c9b4b9cf476e15f1be71e5242c911d673d14ad9?s=96&d=mm&r=g\",\"caption\":\"Salvem sa Badia\"}}]}<\/script>\n<!-- \/ Yoast SEO plugin. -->","yoast_head_json":{"title":"Lleno en el taller de fotograf\u00eda submarina en apnea, celebrado el pasado fin de semana en el Auditorio Cal\u00f3 de s\u2019Oli - Salvem Sa Badia de Portmany","robots":{"index":"index","follow":"follow","max-snippet":"max-snippet:-1","max-image-preview":"max-image-preview:large","max-video-preview":"max-video-preview:-1"},"canonical":"https:\/\/www.salvemsabadia.com\/ple-en-el-taller-de-fotografia-submarina-en-apnea-celebrat-el-passat-cap-de-setmana-al-auditori-calo-des-oli\/","og_locale":"es_ES","og_type":"article","og_title":"Lleno en el taller de fotograf\u00eda submarina en apnea, celebrado el pasado fin de semana en el Auditorio Cal\u00f3 de s\u2019Oli - Salvem Sa Badia de Portmany","og_description":"El pasado s\u00e1bado, 28 de agosto, se celebr\u00f3 un taller de fotograf\u00eda submarina en apnea, impartido por la Associaci\u00f3 de Fot\u00f2grafs i Filmadors de Natura de les Illes Balears (AFONIB),...","og_url":"https:\/\/www.salvemsabadia.com\/ple-en-el-taller-de-fotografia-submarina-en-apnea-celebrat-el-passat-cap-de-setmana-al-auditori-calo-des-oli\/","og_site_name":"Salvem Sa Badia de Portmany","article_published_time":"2021-09-01T08:41:12+00:00","article_modified_time":"2022-08-15T08:41:07+00:00","og_image":[{"width":2000,"height":1500,"url":"https:\/\/www.salvemsabadia.com\/wp-content\/uploads\/2021\/09\/P8280066.jpg","type":"image\/jpeg"}],"author":"Salvem sa Badia","twitter_card":"summary_large_image","twitter_misc":{"Escrito por":"Salvem sa Badia","Tiempo de lectura":"2 minutos"},"schema":{"@context":"https:\/\/schema.org","@graph":[{"@type":"Article","@id":"https:\/\/www.salvemsabadia.com\/ple-en-el-taller-de-fotografia-submarina-en-apnea-celebrat-el-passat-cap-de-setmana-al-auditori-calo-des-oli\/#article","isPartOf":{"@id":"https:\/\/www.salvemsabadia.com\/ple-en-el-taller-de-fotografia-submarina-en-apnea-celebrat-el-passat-cap-de-setmana-al-auditori-calo-des-oli\/"},"author":{"name":"Salvem sa Badia","@id":"https:\/\/www.salvemsabadia.com\/#\/schema\/person\/5d08c5118adcb4140d13bde4826ba122"},"headline":"Lleno en el taller de fotograf\u00eda submarina en apnea, celebrado el pasado fin de semana en el Auditorio Cal\u00f3 de s\u2019Oli","datePublished":"2021-09-01T08:41:12+00:00","dateModified":"2022-08-15T08:41:07+00:00","mainEntityOfPage":{"@id":"https:\/\/www.salvemsabadia.com\/ple-en-el-taller-de-fotografia-submarina-en-apnea-celebrat-el-passat-cap-de-setmana-al-auditori-calo-des-oli\/"},"wordCount":334,"commentCount":0,"publisher":{"@id":"https:\/\/www.salvemsabadia.com\/#organization"},"image":{"@id":"https:\/\/www.salvemsabadia.com\/ple-en-el-taller-de-fotografia-submarina-en-apnea-celebrat-el-passat-cap-de-setmana-al-auditori-calo-des-oli\/#primaryimage"},"thumbnailUrl":"https:\/\/www.salvemsabadia.com\/wp-content\/uploads\/2021\/09\/P8280066.jpg","keywords":["fotosub"],"articleSection":["Biodiversidad","Buceo","Destacado","Salvem Sa Badia"],"inLanguage":"es","potentialAction":[{"@type":"CommentAction","name":"Comment","target":["https:\/\/www.salvemsabadia.com\/ple-en-el-taller-de-fotografia-submarina-en-apnea-celebrat-el-passat-cap-de-setmana-al-auditori-calo-des-oli\/#respond"]}]},{"@type":"WebPage","@id":"https:\/\/www.salvemsabadia.com\/ple-en-el-taller-de-fotografia-submarina-en-apnea-celebrat-el-passat-cap-de-setmana-al-auditori-calo-des-oli\/","url":"https:\/\/www.salvemsabadia.com\/ple-en-el-taller-de-fotografia-submarina-en-apnea-celebrat-el-passat-cap-de-setmana-al-auditori-calo-des-oli\/","name":"Lleno en el taller de fotograf\u00eda submarina en apnea, celebrado el pasado fin de semana en el Auditorio Cal\u00f3 de s\u2019Oli - Salvem Sa Badia de Portmany","isPartOf":{"@id":"https:\/\/www.salvemsabadia.com\/#website"},"primaryImageOfPage":{"@id":"https:\/\/www.salvemsabadia.com\/ple-en-el-taller-de-fotografia-submarina-en-apnea-celebrat-el-passat-cap-de-setmana-al-auditori-calo-des-oli\/#primaryimage"},"image":{"@id":"https:\/\/www.salvemsabadia.com\/ple-en-el-taller-de-fotografia-submarina-en-apnea-celebrat-el-passat-cap-de-setmana-al-auditori-calo-des-oli\/#primaryimage"},"thumbnailUrl":"https:\/\/www.salvemsabadia.com\/wp-content\/uploads\/2021\/09\/P8280066.jpg","datePublished":"2021-09-01T08:41:12+00:00","dateModified":"2022-08-15T08:41:07+00:00","breadcrumb":{"@id":"https:\/\/www.salvemsabadia.com\/ple-en-el-taller-de-fotografia-submarina-en-apnea-celebrat-el-passat-cap-de-setmana-al-auditori-calo-des-oli\/#breadcrumb"},"inLanguage":"es","potentialAction":[{"@type":"ReadAction","target":["https:\/\/www.salvemsabadia.com\/ple-en-el-taller-de-fotografia-submarina-en-apnea-celebrat-el-passat-cap-de-setmana-al-auditori-calo-des-oli\/"]}]},{"@type":"ImageObject","inLanguage":"es","@id":"https:\/\/www.salvemsabadia.com\/ple-en-el-taller-de-fotografia-submarina-en-apnea-celebrat-el-passat-cap-de-setmana-al-auditori-calo-des-oli\/#primaryimage","url":"https:\/\/www.salvemsabadia.com\/wp-content\/uploads\/2021\/09\/P8280066.jpg","contentUrl":"https:\/\/www.salvemsabadia.com\/wp-content\/uploads\/2021\/09\/P8280066.jpg","width":2000,"height":1500},{"@type":"BreadcrumbList","@id":"https:\/\/www.salvemsabadia.com\/ple-en-el-taller-de-fotografia-submarina-en-apnea-celebrat-el-passat-cap-de-setmana-al-auditori-calo-des-oli\/#breadcrumb","itemListElement":[{"@type":"ListItem","position":1,"name":"Portada","item":"https:\/\/www.salvemsabadia.com\/es\/"},{"@type":"ListItem","position":2,"name":"Lleno en el taller de fotograf\u00eda submarina en apnea, celebrado el pasado fin de semana en el Auditorio Cal\u00f3 de s\u2019Oli"}]},{"@type":"WebSite","@id":"https:\/\/www.salvemsabadia.com\/#website","url":"https:\/\/www.salvemsabadia.com\/","name":"Salvem Sa Badia de Portmany","description":"","publisher":{"@id":"https:\/\/www.salvemsabadia.com\/#organization"},"potentialAction":[{"@type":"SearchAction","target":{"@type":"EntryPoint","urlTemplate":"https:\/\/www.salvemsabadia.com\/?s={search_term_string}"},"query-input":{"@type":"PropertyValueSpecification","valueRequired":true,"valueName":"search_term_string"}}],"inLanguage":"es"},{"@type":"Organization","@id":"https:\/\/www.salvemsabadia.com\/#organization","name":"Salvem Sa Badia de Portmany","url":"https:\/\/www.salvemsabadia.com\/","logo":{"@type":"ImageObject","inLanguage":"es","@id":"https:\/\/www.salvemsabadia.com\/#\/schema\/logo\/image\/","url":"https:\/\/www.salvemsabadia.com\/wp-content\/uploads\/2020\/03\/logo.png","contentUrl":"https:\/\/www.salvemsabadia.com\/wp-content\/uploads\/2020\/03\/logo.png","width":188,"height":151,"caption":"Salvem Sa Badia de Portmany"},"image":{"@id":"https:\/\/www.salvemsabadia.com\/#\/schema\/logo\/image\/"}},{"@type":"Person","@id":"https:\/\/www.salvemsabadia.com\/#\/schema\/person\/5d08c5118adcb4140d13bde4826ba122","name":"Salvem sa Badia","image":{"@type":"ImageObject","inLanguage":"es","@id":"https:\/\/www.salvemsabadia.com\/#\/schema\/person\/image\/","url":"https:\/\/secure.gravatar.com\/avatar\/d569ee5739a9c7022470ea472c9b4b9cf476e15f1be71e5242c911d673d14ad9?s=96&d=mm&r=g","contentUrl":"https:\/\/secure.gravatar.com\/avatar\/d569ee5739a9c7022470ea472c9b4b9cf476e15f1be71e5242c911d673d14ad9?s=96&d=mm&r=g","caption":"Salvem sa Badia"}}]}},"_links":{"self":[{"href":"https:\/\/www.salvemsabadia.com\/es\/wp-json\/wp\/v2\/posts\/2447","targetHints":{"allow":["GET"]}}],"collection":[{"href":"https:\/\/www.salvemsabadia.com\/es\/wp-json\/wp\/v2\/posts"}],"about":[{"href":"https:\/\/www.salvemsabadia.com\/es\/wp-json\/wp\/v2\/types\/post"}],"author":[{"embeddable":true,"href":"https:\/\/www.salvemsabadia.com\/es\/wp-json\/wp\/v2\/users\/2"}],"replies":[{"embeddable":true,"href":"https:\/\/www.salvemsabadia.com\/es\/wp-json\/wp\/v2\/comments?post=2447"}],"version-history":[{"count":0,"href":"https:\/\/www.salvemsabadia.com\/es\/wp-json\/wp\/v2\/posts\/2447\/revisions"}],"wp:featuredmedia":[{"embeddable":true,"href":"https:\/\/www.salvemsabadia.com\/es\/wp-json\/wp\/v2\/media\/2450"}],"wp:attachment":[{"href":"https:\/\/www.salvemsabadia.com\/es\/wp-json\/wp\/v2\/media?parent=2447"}],"wp:term":[{"taxonomy":"category","embeddable":true,"href":"https:\/\/www.salvemsabadia.com\/es\/wp-json\/wp\/v2\/categories?post=2447"},{"taxonomy":"post_tag","embeddable":true,"href":"https:\/\/www.salvemsabadia.com\/es\/wp-json\/wp\/v2\/tags?post=2447"}],"curies":[{"name":"wp","href":"https:\/\/api.w.org\/{rel}","templated":true}]}}