{"id":2505,"date":"2021-10-01T08:48:01","date_gmt":"2021-10-01T06:48:01","guid":{"rendered":"https:\/\/www.salvemsabadia.com\/?p=2505"},"modified":"2022-08-15T10:42:02","modified_gmt":"2022-08-15T08:42:02","slug":"jornada-de-limpieza-en-calo-des-moro-con-motivo-del-world-clean-up-day","status":"publish","type":"post","link":"https:\/\/www.salvemsabadia.com\/es\/jornada-de-limpieza-en-calo-des-moro-con-motivo-del-world-clean-up-day\/","title":{"rendered":"Jornada de limpieza en Cal\u00f3 des Moro con motivo del \u2018World Clean up Day\u2019"},"content":{"rendered":"<p><img loading=\"lazy\" decoding=\"async\" class=\"alignnone wp-image-2506 size-full\" src=\"https:\/\/www.salvemsabadia.com\/wp-content\/uploads\/2021\/10\/P1560252-min-scaled.jpg\" alt=\"\" width=\"2560\" height=\"1708\" srcset=\"https:\/\/www.salvemsabadia.com\/wp-content\/uploads\/2021\/10\/P1560252-min-scaled.jpg 2560w, https:\/\/www.salvemsabadia.com\/wp-content\/uploads\/2021\/10\/P1560252-min-300x200.jpg 300w, https:\/\/www.salvemsabadia.com\/wp-content\/uploads\/2021\/10\/P1560252-min-1024x683.jpg 1024w, https:\/\/www.salvemsabadia.com\/wp-content\/uploads\/2021\/10\/P1560252-min-768x513.jpg 768w, https:\/\/www.salvemsabadia.com\/wp-content\/uploads\/2021\/10\/P1560252-min-1536x1025.jpg 1536w, https:\/\/www.salvemsabadia.com\/wp-content\/uploads\/2021\/10\/P1560252-min-2048x1367.jpg 2048w, https:\/\/www.salvemsabadia.com\/wp-content\/uploads\/2021\/10\/P1560252-min-900x600.jpg 900w\" sizes=\"auto, (max-width: 2560px) 100vw, 2560px\" \/><\/p>\n<p>La Concejal\u00eda de Medio Ambiente del Ayuntamiento de Sant Antoni ha organizado una jornada de concienciaci\u00f3n y limpieza del litoral con motivo del \u2018World Clean Up Day\u2019, que se celebra este domingo 3 de octubre y que tiene como objetivo combatir el problema mundial de los residuos en las playas.<\/p>\n<p>La jornada se llevar\u00e1 a cabo en la zona de Cal\u00f3 des Moro, a partir de las 10 horas, con la participaci\u00f3n de Voluntarios sin Fronteras, que se desplazan desde Mallorca para ayudar en la retirada de residuos del fondo marino. Tambi\u00e9n colaborar\u00e1n voluntarios del grupo GEA (Grupo de Ecolog\u00eda Activa) y Protecci\u00f3n Civil, as\u00ed como los GEAS de la Guardia Civil, el servicio de socorrismo y salvamento y el servicio de limpieza municipal UTE Portmany.<\/p>\n<p>Los interesados en participar podr\u00e1n colaborar en la recogida de residuos por la zona del litoral, mientras que los que quieran sumergirse deber\u00e1n ponerse en contacto con la empresa de actividades subacu\u00e1ticas colaboradora, <a href=\"https:\/\/arenaldiving.com\/\" target=\"_blank\" rel=\"noopener noreferrer\">Arenal Diving<\/a>, y disponer del t\u00edtulo de buceo y seguro en vigor.<\/p>\n<p><img loading=\"lazy\" decoding=\"async\" class=\"alignnone wp-image-2508 size-full\" src=\"https:\/\/www.salvemsabadia.com\/wp-content\/uploads\/2021\/10\/1395807.jpeg\" alt=\"\" width=\"905\" height=\"1280\" srcset=\"https:\/\/www.salvemsabadia.com\/wp-content\/uploads\/2021\/10\/1395807.jpeg 905w, https:\/\/www.salvemsabadia.com\/wp-content\/uploads\/2021\/10\/1395807-212x300.jpeg 212w, https:\/\/www.salvemsabadia.com\/wp-content\/uploads\/2021\/10\/1395807-724x1024.jpeg 724w, https:\/\/www.salvemsabadia.com\/wp-content\/uploads\/2021\/10\/1395807-768x1086.jpeg 768w\" sizes=\"auto, (max-width: 905px) 100vw, 905px\" \/><\/p>\n","protected":false},"excerpt":{"rendered":"<p>La Concejal\u00eda de Medio Ambiente del Ayuntamiento de Sant Antoni ha organizado una jornada de concienciaci\u00f3n y limpieza del litoral con motivo del \u2018World Clean Up Day\u2019, que se celebra&#8230;<\/p>\n","protected":false},"author":2,"featured_media":2506,"comment_status":"open","ping_status":"open","sticky":false,"template":"","format":"standard","meta":{"give_campaign_id":0,"footnotes":""},"categories":[203,106,212],"tags":[177],"class_list":{"0":"post-2505","1":"post","2":"type-post","3":"status-publish","4":"format-standard","5":"has-post-thumbnail","7":"category-calidad-del-agua","8":"category-destacado","9":"category-playas","10":"tag-world-clean-up-day"},"yoast_head":"<!-- This site is optimized with the Yoast SEO plugin v26.8 - https:\/\/yoast.com\/product\/yoast-seo-wordpress\/ -->\n<title>Jornada de limpieza en Cal\u00f3 des Moro con motivo del \u2018World Clean up Day\u2019 - Salvem Sa Badia de Portmany<\/title>\n<meta name=\"robots\" content=\"index, follow, max-snippet:-1, max-image-preview:large, max-video-preview:-1\" \/>\n<link rel=\"canonical\" href=\"https:\/\/www.salvemsabadia.com\/jornada-de-neteja-a-calo-des-moro-amb-motiu-del-world-clean-up-day\/\" \/>\n<meta property=\"og:locale\" content=\"es_ES\" \/>\n<meta property=\"og:type\" content=\"article\" \/>\n<meta property=\"og:title\" content=\"Jornada de limpieza en Cal\u00f3 des Moro con motivo del \u2018World Clean up Day\u2019 - Salvem Sa Badia de Portmany\" \/>\n<meta property=\"og:description\" content=\"La Concejal\u00eda de Medio Ambiente del Ayuntamiento de Sant Antoni ha organizado una jornada de concienciaci\u00f3n y limpieza del litoral con motivo del \u2018World Clean Up Day\u2019, que se celebra...\" \/>\n<meta property=\"og:url\" content=\"https:\/\/www.salvemsabadia.com\/jornada-de-neteja-a-calo-des-moro-amb-motiu-del-world-clean-up-day\/\" \/>\n<meta property=\"og:site_name\" content=\"Salvem Sa Badia de Portmany\" \/>\n<meta property=\"article:published_time\" content=\"2021-10-01T06:48:01+00:00\" \/>\n<meta property=\"article:modified_time\" content=\"2022-08-15T08:42:02+00:00\" \/>\n<meta property=\"og:image\" content=\"https:\/\/www.salvemsabadia.com\/wp-content\/uploads\/2021\/10\/P1560252-min-scaled.jpg\" \/>\n\t<meta property=\"og:image:width\" content=\"2560\" \/>\n\t<meta property=\"og:image:height\" content=\"1708\" \/>\n\t<meta property=\"og:image:type\" content=\"image\/jpeg\" \/>\n<meta name=\"author\" content=\"Salvem sa Badia\" \/>\n<meta name=\"twitter:card\" content=\"summary_large_image\" \/>\n<meta name=\"twitter:label1\" content=\"Escrito por\" \/>\n\t<meta name=\"twitter:data1\" content=\"Salvem sa Badia\" \/>\n\t<meta name=\"twitter:label2\" content=\"Tiempo de lectura\" \/>\n\t<meta name=\"twitter:data2\" content=\"1 minuto\" \/>\n<script type=\"application\/ld+json\" class=\"yoast-schema-graph\">{\"@context\":\"https:\/\/schema.org\",\"@graph\":[{\"@type\":\"Article\",\"@id\":\"https:\/\/www.salvemsabadia.com\/jornada-de-neteja-a-calo-des-moro-amb-motiu-del-world-clean-up-day\/#article\",\"isPartOf\":{\"@id\":\"https:\/\/www.salvemsabadia.com\/jornada-de-neteja-a-calo-des-moro-amb-motiu-del-world-clean-up-day\/\"},\"author\":{\"name\":\"Salvem sa Badia\",\"@id\":\"https:\/\/www.salvemsabadia.com\/#\/schema\/person\/5d08c5118adcb4140d13bde4826ba122\"},\"headline\":\"Jornada de limpieza en Cal\u00f3 des Moro con motivo del \u2018World Clean up Day\u2019\",\"datePublished\":\"2021-10-01T06:48:01+00:00\",\"dateModified\":\"2022-08-15T08:42:02+00:00\",\"mainEntityOfPage\":{\"@id\":\"https:\/\/www.salvemsabadia.com\/jornada-de-neteja-a-calo-des-moro-amb-motiu-del-world-clean-up-day\/\"},\"wordCount\":194,\"commentCount\":0,\"publisher\":{\"@id\":\"https:\/\/www.salvemsabadia.com\/#organization\"},\"image\":{\"@id\":\"https:\/\/www.salvemsabadia.com\/jornada-de-neteja-a-calo-des-moro-amb-motiu-del-world-clean-up-day\/#primaryimage\"},\"thumbnailUrl\":\"https:\/\/www.salvemsabadia.com\/wp-content\/uploads\/2021\/10\/P1560252-min-scaled.jpg\",\"keywords\":[\"World Clean up Day\"],\"articleSection\":[\"Calidad del agua\",\"Destacado\",\"Playas\"],\"inLanguage\":\"es\",\"potentialAction\":[{\"@type\":\"CommentAction\",\"name\":\"Comment\",\"target\":[\"https:\/\/www.salvemsabadia.com\/jornada-de-neteja-a-calo-des-moro-amb-motiu-del-world-clean-up-day\/#respond\"]}]},{\"@type\":\"WebPage\",\"@id\":\"https:\/\/www.salvemsabadia.com\/jornada-de-neteja-a-calo-des-moro-amb-motiu-del-world-clean-up-day\/\",\"url\":\"https:\/\/www.salvemsabadia.com\/jornada-de-neteja-a-calo-des-moro-amb-motiu-del-world-clean-up-day\/\",\"name\":\"Jornada de limpieza en Cal\u00f3 des Moro con motivo del \u2018World Clean up Day\u2019 - Salvem Sa Badia de Portmany\",\"isPartOf\":{\"@id\":\"https:\/\/www.salvemsabadia.com\/#website\"},\"primaryImageOfPage\":{\"@id\":\"https:\/\/www.salvemsabadia.com\/jornada-de-neteja-a-calo-des-moro-amb-motiu-del-world-clean-up-day\/#primaryimage\"},\"image\":{\"@id\":\"https:\/\/www.salvemsabadia.com\/jornada-de-neteja-a-calo-des-moro-amb-motiu-del-world-clean-up-day\/#primaryimage\"},\"thumbnailUrl\":\"https:\/\/www.salvemsabadia.com\/wp-content\/uploads\/2021\/10\/P1560252-min-scaled.jpg\",\"datePublished\":\"2021-10-01T06:48:01+00:00\",\"dateModified\":\"2022-08-15T08:42:02+00:00\",\"breadcrumb\":{\"@id\":\"https:\/\/www.salvemsabadia.com\/jornada-de-neteja-a-calo-des-moro-amb-motiu-del-world-clean-up-day\/#breadcrumb\"},\"inLanguage\":\"es\",\"potentialAction\":[{\"@type\":\"ReadAction\",\"target\":[\"https:\/\/www.salvemsabadia.com\/jornada-de-neteja-a-calo-des-moro-amb-motiu-del-world-clean-up-day\/\"]}]},{\"@type\":\"ImageObject\",\"inLanguage\":\"es\",\"@id\":\"https:\/\/www.salvemsabadia.com\/jornada-de-neteja-a-calo-des-moro-amb-motiu-del-world-clean-up-day\/#primaryimage\",\"url\":\"https:\/\/www.salvemsabadia.com\/wp-content\/uploads\/2021\/10\/P1560252-min-scaled.jpg\",\"contentUrl\":\"https:\/\/www.salvemsabadia.com\/wp-content\/uploads\/2021\/10\/P1560252-min-scaled.jpg\",\"width\":2560,\"height\":1708},{\"@type\":\"BreadcrumbList\",\"@id\":\"https:\/\/www.salvemsabadia.com\/jornada-de-neteja-a-calo-des-moro-amb-motiu-del-world-clean-up-day\/#breadcrumb\",\"itemListElement\":[{\"@type\":\"ListItem\",\"position\":1,\"name\":\"Portada\",\"item\":\"https:\/\/www.salvemsabadia.com\/es\/\"},{\"@type\":\"ListItem\",\"position\":2,\"name\":\"Jornada de limpieza en Cal\u00f3 des Moro con motivo del \u2018World Clean up Day\u2019\"}]},{\"@type\":\"WebSite\",\"@id\":\"https:\/\/www.salvemsabadia.com\/#website\",\"url\":\"https:\/\/www.salvemsabadia.com\/\",\"name\":\"Salvem Sa Badia de Portmany\",\"description\":\"\",\"publisher\":{\"@id\":\"https:\/\/www.salvemsabadia.com\/#organization\"},\"potentialAction\":[{\"@type\":\"SearchAction\",\"target\":{\"@type\":\"EntryPoint\",\"urlTemplate\":\"https:\/\/www.salvemsabadia.com\/?s={search_term_string}\"},\"query-input\":{\"@type\":\"PropertyValueSpecification\",\"valueRequired\":true,\"valueName\":\"search_term_string\"}}],\"inLanguage\":\"es\"},{\"@type\":\"Organization\",\"@id\":\"https:\/\/www.salvemsabadia.com\/#organization\",\"name\":\"Salvem Sa Badia de Portmany\",\"url\":\"https:\/\/www.salvemsabadia.com\/\",\"logo\":{\"@type\":\"ImageObject\",\"inLanguage\":\"es\",\"@id\":\"https:\/\/www.salvemsabadia.com\/#\/schema\/logo\/image\/\",\"url\":\"https:\/\/www.salvemsabadia.com\/wp-content\/uploads\/2020\/03\/logo.png\",\"contentUrl\":\"https:\/\/www.salvemsabadia.com\/wp-content\/uploads\/2020\/03\/logo.png\",\"width\":188,\"height\":151,\"caption\":\"Salvem Sa Badia de Portmany\"},\"image\":{\"@id\":\"https:\/\/www.salvemsabadia.com\/#\/schema\/logo\/image\/\"}},{\"@type\":\"Person\",\"@id\":\"https:\/\/www.salvemsabadia.com\/#\/schema\/person\/5d08c5118adcb4140d13bde4826ba122\",\"name\":\"Salvem sa Badia\",\"image\":{\"@type\":\"ImageObject\",\"inLanguage\":\"es\",\"@id\":\"https:\/\/www.salvemsabadia.com\/#\/schema\/person\/image\/\",\"url\":\"https:\/\/secure.gravatar.com\/avatar\/d569ee5739a9c7022470ea472c9b4b9cf476e15f1be71e5242c911d673d14ad9?s=96&d=mm&r=g\",\"contentUrl\":\"https:\/\/secure.gravatar.com\/avatar\/d569ee5739a9c7022470ea472c9b4b9cf476e15f1be71e5242c911d673d14ad9?s=96&d=mm&r=g\",\"caption\":\"Salvem sa Badia\"}}]}<\/script>\n<!-- \/ Yoast SEO plugin. -->","yoast_head_json":{"title":"Jornada de limpieza en Cal\u00f3 des Moro con motivo del \u2018World Clean up Day\u2019 - Salvem Sa Badia de Portmany","robots":{"index":"index","follow":"follow","max-snippet":"max-snippet:-1","max-image-preview":"max-image-preview:large","max-video-preview":"max-video-preview:-1"},"canonical":"https:\/\/www.salvemsabadia.com\/jornada-de-neteja-a-calo-des-moro-amb-motiu-del-world-clean-up-day\/","og_locale":"es_ES","og_type":"article","og_title":"Jornada de limpieza en Cal\u00f3 des Moro con motivo del \u2018World Clean up Day\u2019 - Salvem Sa Badia de Portmany","og_description":"La Concejal\u00eda de Medio Ambiente del Ayuntamiento de Sant Antoni ha organizado una jornada de concienciaci\u00f3n y limpieza del litoral con motivo del \u2018World Clean Up Day\u2019, que se celebra...","og_url":"https:\/\/www.salvemsabadia.com\/jornada-de-neteja-a-calo-des-moro-amb-motiu-del-world-clean-up-day\/","og_site_name":"Salvem Sa Badia de Portmany","article_published_time":"2021-10-01T06:48:01+00:00","article_modified_time":"2022-08-15T08:42:02+00:00","og_image":[{"width":2560,"height":1708,"url":"https:\/\/www.salvemsabadia.com\/wp-content\/uploads\/2021\/10\/P1560252-min-scaled.jpg","type":"image\/jpeg"}],"author":"Salvem sa Badia","twitter_card":"summary_large_image","twitter_misc":{"Escrito por":"Salvem sa Badia","Tiempo de lectura":"1 minuto"},"schema":{"@context":"https:\/\/schema.org","@graph":[{"@type":"Article","@id":"https:\/\/www.salvemsabadia.com\/jornada-de-neteja-a-calo-des-moro-amb-motiu-del-world-clean-up-day\/#article","isPartOf":{"@id":"https:\/\/www.salvemsabadia.com\/jornada-de-neteja-a-calo-des-moro-amb-motiu-del-world-clean-up-day\/"},"author":{"name":"Salvem sa Badia","@id":"https:\/\/www.salvemsabadia.com\/#\/schema\/person\/5d08c5118adcb4140d13bde4826ba122"},"headline":"Jornada de limpieza en Cal\u00f3 des Moro con motivo del \u2018World Clean up Day\u2019","datePublished":"2021-10-01T06:48:01+00:00","dateModified":"2022-08-15T08:42:02+00:00","mainEntityOfPage":{"@id":"https:\/\/www.salvemsabadia.com\/jornada-de-neteja-a-calo-des-moro-amb-motiu-del-world-clean-up-day\/"},"wordCount":194,"commentCount":0,"publisher":{"@id":"https:\/\/www.salvemsabadia.com\/#organization"},"image":{"@id":"https:\/\/www.salvemsabadia.com\/jornada-de-neteja-a-calo-des-moro-amb-motiu-del-world-clean-up-day\/#primaryimage"},"thumbnailUrl":"https:\/\/www.salvemsabadia.com\/wp-content\/uploads\/2021\/10\/P1560252-min-scaled.jpg","keywords":["World Clean up Day"],"articleSection":["Calidad del agua","Destacado","Playas"],"inLanguage":"es","potentialAction":[{"@type":"CommentAction","name":"Comment","target":["https:\/\/www.salvemsabadia.com\/jornada-de-neteja-a-calo-des-moro-amb-motiu-del-world-clean-up-day\/#respond"]}]},{"@type":"WebPage","@id":"https:\/\/www.salvemsabadia.com\/jornada-de-neteja-a-calo-des-moro-amb-motiu-del-world-clean-up-day\/","url":"https:\/\/www.salvemsabadia.com\/jornada-de-neteja-a-calo-des-moro-amb-motiu-del-world-clean-up-day\/","name":"Jornada de limpieza en Cal\u00f3 des Moro con motivo del \u2018World Clean up Day\u2019 - Salvem Sa Badia de Portmany","isPartOf":{"@id":"https:\/\/www.salvemsabadia.com\/#website"},"primaryImageOfPage":{"@id":"https:\/\/www.salvemsabadia.com\/jornada-de-neteja-a-calo-des-moro-amb-motiu-del-world-clean-up-day\/#primaryimage"},"image":{"@id":"https:\/\/www.salvemsabadia.com\/jornada-de-neteja-a-calo-des-moro-amb-motiu-del-world-clean-up-day\/#primaryimage"},"thumbnailUrl":"https:\/\/www.salvemsabadia.com\/wp-content\/uploads\/2021\/10\/P1560252-min-scaled.jpg","datePublished":"2021-10-01T06:48:01+00:00","dateModified":"2022-08-15T08:42:02+00:00","breadcrumb":{"@id":"https:\/\/www.salvemsabadia.com\/jornada-de-neteja-a-calo-des-moro-amb-motiu-del-world-clean-up-day\/#breadcrumb"},"inLanguage":"es","potentialAction":[{"@type":"ReadAction","target":["https:\/\/www.salvemsabadia.com\/jornada-de-neteja-a-calo-des-moro-amb-motiu-del-world-clean-up-day\/"]}]},{"@type":"ImageObject","inLanguage":"es","@id":"https:\/\/www.salvemsabadia.com\/jornada-de-neteja-a-calo-des-moro-amb-motiu-del-world-clean-up-day\/#primaryimage","url":"https:\/\/www.salvemsabadia.com\/wp-content\/uploads\/2021\/10\/P1560252-min-scaled.jpg","contentUrl":"https:\/\/www.salvemsabadia.com\/wp-content\/uploads\/2021\/10\/P1560252-min-scaled.jpg","width":2560,"height":1708},{"@type":"BreadcrumbList","@id":"https:\/\/www.salvemsabadia.com\/jornada-de-neteja-a-calo-des-moro-amb-motiu-del-world-clean-up-day\/#breadcrumb","itemListElement":[{"@type":"ListItem","position":1,"name":"Portada","item":"https:\/\/www.salvemsabadia.com\/es\/"},{"@type":"ListItem","position":2,"name":"Jornada de limpieza en Cal\u00f3 des Moro con motivo del \u2018World Clean up Day\u2019"}]},{"@type":"WebSite","@id":"https:\/\/www.salvemsabadia.com\/#website","url":"https:\/\/www.salvemsabadia.com\/","name":"Salvem Sa Badia de Portmany","description":"","publisher":{"@id":"https:\/\/www.salvemsabadia.com\/#organization"},"potentialAction":[{"@type":"SearchAction","target":{"@type":"EntryPoint","urlTemplate":"https:\/\/www.salvemsabadia.com\/?s={search_term_string}"},"query-input":{"@type":"PropertyValueSpecification","valueRequired":true,"valueName":"search_term_string"}}],"inLanguage":"es"},{"@type":"Organization","@id":"https:\/\/www.salvemsabadia.com\/#organization","name":"Salvem Sa Badia de Portmany","url":"https:\/\/www.salvemsabadia.com\/","logo":{"@type":"ImageObject","inLanguage":"es","@id":"https:\/\/www.salvemsabadia.com\/#\/schema\/logo\/image\/","url":"https:\/\/www.salvemsabadia.com\/wp-content\/uploads\/2020\/03\/logo.png","contentUrl":"https:\/\/www.salvemsabadia.com\/wp-content\/uploads\/2020\/03\/logo.png","width":188,"height":151,"caption":"Salvem Sa Badia de Portmany"},"image":{"@id":"https:\/\/www.salvemsabadia.com\/#\/schema\/logo\/image\/"}},{"@type":"Person","@id":"https:\/\/www.salvemsabadia.com\/#\/schema\/person\/5d08c5118adcb4140d13bde4826ba122","name":"Salvem sa Badia","image":{"@type":"ImageObject","inLanguage":"es","@id":"https:\/\/www.salvemsabadia.com\/#\/schema\/person\/image\/","url":"https:\/\/secure.gravatar.com\/avatar\/d569ee5739a9c7022470ea472c9b4b9cf476e15f1be71e5242c911d673d14ad9?s=96&d=mm&r=g","contentUrl":"https:\/\/secure.gravatar.com\/avatar\/d569ee5739a9c7022470ea472c9b4b9cf476e15f1be71e5242c911d673d14ad9?s=96&d=mm&r=g","caption":"Salvem sa Badia"}}]}},"_links":{"self":[{"href":"https:\/\/www.salvemsabadia.com\/es\/wp-json\/wp\/v2\/posts\/2505","targetHints":{"allow":["GET"]}}],"collection":[{"href":"https:\/\/www.salvemsabadia.com\/es\/wp-json\/wp\/v2\/posts"}],"about":[{"href":"https:\/\/www.salvemsabadia.com\/es\/wp-json\/wp\/v2\/types\/post"}],"author":[{"embeddable":true,"href":"https:\/\/www.salvemsabadia.com\/es\/wp-json\/wp\/v2\/users\/2"}],"replies":[{"embeddable":true,"href":"https:\/\/www.salvemsabadia.com\/es\/wp-json\/wp\/v2\/comments?post=2505"}],"version-history":[{"count":0,"href":"https:\/\/www.salvemsabadia.com\/es\/wp-json\/wp\/v2\/posts\/2505\/revisions"}],"wp:featuredmedia":[{"embeddable":true,"href":"https:\/\/www.salvemsabadia.com\/es\/wp-json\/wp\/v2\/media\/2506"}],"wp:attachment":[{"href":"https:\/\/www.salvemsabadia.com\/es\/wp-json\/wp\/v2\/media?parent=2505"}],"wp:term":[{"taxonomy":"category","embeddable":true,"href":"https:\/\/www.salvemsabadia.com\/es\/wp-json\/wp\/v2\/categories?post=2505"},{"taxonomy":"post_tag","embeddable":true,"href":"https:\/\/www.salvemsabadia.com\/es\/wp-json\/wp\/v2\/tags?post=2505"}],"curies":[{"name":"wp","href":"https:\/\/api.w.org\/{rel}","templated":true}]}}