{"id":2658,"date":"2021-11-16T12:09:06","date_gmt":"2021-11-16T11:09:06","guid":{"rendered":"https:\/\/www.salvemsabadia.com\/?p=2658"},"modified":"2022-08-15T10:45:06","modified_gmt":"2022-08-15T08:45:06","slug":"nace-posigenome-un-proyecto-para-desentranar-el-genona-de-la-posidonia-oeanica","status":"publish","type":"post","link":"https:\/\/www.salvemsabadia.com\/es\/nace-posigenome-un-proyecto-para-desentranar-el-genona-de-la-posidonia-oeanica\/","title":{"rendered":"Nace PosiGenome, un proyecto para desentra\u00f1ar el genona de la Posidonia oe\u00e1nica"},"content":{"rendered":"<div id=\"attachment_2663\" style=\"width: 2468px\" class=\"wp-caption alignnone\"><img loading=\"lazy\" decoding=\"async\" aria-describedby=\"caption-attachment-2663\" class=\"wp-image-2663 size-full\" src=\"https:\/\/www.salvemsabadia.com\/wp-content\/uploads\/2021\/11\/posidonia-jorge-terrados-min.jpg\" alt=\"\" width=\"2458\" height=\"1612\" srcset=\"https:\/\/www.salvemsabadia.com\/wp-content\/uploads\/2021\/11\/posidonia-jorge-terrados-min.jpg 2458w, https:\/\/www.salvemsabadia.com\/wp-content\/uploads\/2021\/11\/posidonia-jorge-terrados-min-300x197.jpg 300w, https:\/\/www.salvemsabadia.com\/wp-content\/uploads\/2021\/11\/posidonia-jorge-terrados-min-1024x672.jpg 1024w, https:\/\/www.salvemsabadia.com\/wp-content\/uploads\/2021\/11\/posidonia-jorge-terrados-min-768x504.jpg 768w, https:\/\/www.salvemsabadia.com\/wp-content\/uploads\/2021\/11\/posidonia-jorge-terrados-min-1536x1007.jpg 1536w, https:\/\/www.salvemsabadia.com\/wp-content\/uploads\/2021\/11\/posidonia-jorge-terrados-min-2048x1343.jpg 2048w\" sizes=\"auto, (max-width: 2458px) 100vw, 2458px\" \/><p id=\"caption-attachment-2663\" class=\"wp-caption-text\">Foto: Jorge Terrados<\/p><\/div>\n<p>El\u00a0Instituto Mediterr\u00e1neo de Estudios Avanzados\u00a0(IMEDEA), la\u00a0Fundaci\u00f3n General CSIC\u00a0y\u00a0Grupo Iberostar, a trav\u00e9s de la\u00a0Fundaci\u00f3n Iberostar, presentaron ayer, lunes, el proyecto\u00a0PosiGenome, cuyo prop\u00f3sito es estudiar y desgranar el genoma completo de la\u00a0<em>Posidonia oceanica<\/em>, la especie emblem\u00e1tica de los ecosistemas costeros mediterr\u00e1neos. El estudio pretende secuenciar el genoma de esta planta faner\u00f3gama, mediante la aplicaci\u00f3n de modernas tecnolog\u00edas de secuenciaci\u00f3n, con el objetivo de conseguir una mayor protecci\u00f3n y conservaci\u00f3n de la especie.<\/p>\n<p>La obtenci\u00f3n del genoma de la Posidonia permitir\u00e1 realizar en el futuro estudios gen\u00e9ticos de forma similar a los avances gen\u00e9ticos obtenidos por el proyecto genoma humano. Para ello, se construir\u00e1 un genoma de referencia de alta calidad y precisi\u00f3n que permita identificar, anotar y estudiar los genes y otros elementos funcionales involucrados en diferentes mecanismos b\u00e1sicos de la biolog\u00eda de la planta: germinaci\u00f3n, floraci\u00f3n, fotos\u00edntesis, divisi\u00f3n celular, elongaci\u00f3n de la pared celular, ramificaci\u00f3n y adaptaci\u00f3n al medio marino. De igual modo, con el estudio de su gen\u00e9tica, esta investigaci\u00f3n permitir\u00e1 analizar y comparar en su totalidad la\u00a0variabilidad gen\u00e9tica\u00a0de las diferentes praderas del Mediterr\u00e1neo aportando, adem\u00e1s, nuevos conocimientos sobre su\u00a0historia evolutiva.<\/p>\n<p>Esta iniciativa es vital para identificar si existen poblaciones de\u00a0<em>Posidonia oceanica<\/em>\u00a0m\u00e1s resistentes que otras, cu\u00e1les son las m\u00e1s vulnerables y c\u00f3mo reaccionan las diferentes variantes ante determinadas condiciones medioambientales. Todo ello posibilitar\u00e1 la implementaci\u00f3n de\u00a0planes de conservaci\u00f3n espec\u00edficos\u00a0para cada zona, as\u00ed como la\u00a0regeneraci\u00f3n de las praderas\u00a0mediante la selecci\u00f3n gen\u00e9tica de semillas con caracter\u00edsticas m\u00e1s espec\u00edficas para cada regi\u00f3n mediterr\u00e1nea.<\/p>\n<p>A partir de ahora, el equipo investigador\u00a0recoger\u00e1 muestras\u00a0de Posidonia\u00a0en las costas baleares e iniciar\u00e1 las investigaciones, que durar\u00e1n\u00a0hasta 2024. Hasta el momento, los estudios gen\u00e9ticos realizados en este organismo han sido\u00a0muy limitados, debido a la ausencia de un genoma de referencia como el que se pretende estudiar. La\u00a0consecuci\u00f3n de este estudio es m\u00e1s urgente en la actualidad debido al inminente\u00a0cambio clim\u00e1tico\u00a0y otros impactos que provienen de actividades relacionadas con la acci\u00f3n humana, que afectan a la calidad de vida de los organismos marinos y a la salud de la costa.<\/p>\n<p>La investigaci\u00f3n est\u00e1 liderada por el\u00a0Instituto Mediterr\u00e1neo de Estudios Avanzados\u00a0(IMEDEA), que es un Instituto conjunto del\u00a0Consejo Superior de Investigaciones Cient\u00edficas\u00a0(CSIC) y la\u00a0Universidad de las Islas Baleares\u00a0(UIB). Sus principales \u00e1reas de investigaci\u00f3n son la biodiversidad, conservaci\u00f3n, gen\u00e9tica, ecolog\u00eda, recursos marinos, cambio clim\u00e1tico y oceanograf\u00eda, especialmente en praderas de\u00a0<em>Posidonia oceanica<\/em>. El proyecto est\u00e1 liderado por el doctor\u00a0Joan Pons\u00a0(IMEDEA (CSIC-UIB)), y participan en el mismo,\u00a0Jorge Terrados, del mismo instituto,\u00a0Laura Botigu\u00e9, del Centro de Investigaci\u00f3n en Agrigen\u00f3mica (CRAG) de Barcelona y\u00a0Hugo de Boer, de la Universidad de Oslo (UiO).<\/p>\n","protected":false},"excerpt":{"rendered":"<p>El\u00a0Instituto Mediterr\u00e1neo de Estudios Avanzados\u00a0(IMEDEA), la\u00a0Fundaci\u00f3n General CSIC\u00a0y\u00a0Grupo Iberostar, a trav\u00e9s de la\u00a0Fundaci\u00f3n Iberostar, presentaron ayer, lunes, el proyecto\u00a0PosiGenome, cuyo prop\u00f3sito es estudiar y desgranar el genoma completo de la\u00a0Posidonia&#8230;<\/p>\n","protected":false},"author":2,"featured_media":2663,"comment_status":"open","ping_status":"open","sticky":false,"template":"","format":"standard","meta":{"give_campaign_id":0,"footnotes":""},"categories":[201,204,106,213],"tags":[54],"class_list":{"0":"post-2658","1":"post","2":"type-post","3":"status-publish","4":"format-standard","5":"has-post-thumbnail","7":"category-biodiversidad","8":"category-ciencia","9":"category-destacado","10":"category-posidonia","11":"tag-posidonia"},"yoast_head":"<!-- This site is optimized with the Yoast SEO plugin v26.8 - https:\/\/yoast.com\/product\/yoast-seo-wordpress\/ -->\n<title>Nace PosiGenome, un proyecto para desentra\u00f1ar el genona de la Posidonia oe\u00e1nica - Salvem Sa Badia de Portmany<\/title>\n<meta name=\"robots\" content=\"index, follow, max-snippet:-1, max-image-preview:large, max-video-preview:-1\" \/>\n<link rel=\"canonical\" href=\"https:\/\/www.salvemsabadia.com\/neix-posigenome-un-projecte-per-a-desentranyar-el-genona-de-la-posidonia-oeanica\/\" \/>\n<meta property=\"og:locale\" content=\"es_ES\" \/>\n<meta property=\"og:type\" content=\"article\" \/>\n<meta property=\"og:title\" content=\"Nace PosiGenome, un proyecto para desentra\u00f1ar el genona de la Posidonia oe\u00e1nica - Salvem Sa Badia de Portmany\" \/>\n<meta property=\"og:description\" content=\"El\u00a0Instituto Mediterr\u00e1neo de Estudios Avanzados\u00a0(IMEDEA), la\u00a0Fundaci\u00f3n General CSIC\u00a0y\u00a0Grupo Iberostar, a trav\u00e9s de la\u00a0Fundaci\u00f3n Iberostar, presentaron ayer, lunes, el proyecto\u00a0PosiGenome, cuyo prop\u00f3sito es estudiar y desgranar el genoma completo de la\u00a0Posidonia...\" \/>\n<meta property=\"og:url\" content=\"https:\/\/www.salvemsabadia.com\/neix-posigenome-un-projecte-per-a-desentranyar-el-genona-de-la-posidonia-oeanica\/\" \/>\n<meta property=\"og:site_name\" content=\"Salvem Sa Badia de Portmany\" \/>\n<meta property=\"article:published_time\" content=\"2021-11-16T11:09:06+00:00\" \/>\n<meta property=\"article:modified_time\" content=\"2022-08-15T08:45:06+00:00\" \/>\n<meta property=\"og:image\" content=\"https:\/\/www.salvemsabadia.com\/wp-content\/uploads\/2021\/11\/posidonia-jorge-terrados-min.jpg\" \/>\n\t<meta property=\"og:image:width\" content=\"2458\" \/>\n\t<meta property=\"og:image:height\" content=\"1612\" \/>\n\t<meta property=\"og:image:type\" content=\"image\/jpeg\" \/>\n<meta name=\"author\" content=\"Salvem sa Badia\" \/>\n<meta name=\"twitter:card\" content=\"summary_large_image\" \/>\n<meta name=\"twitter:label1\" content=\"Escrito por\" \/>\n\t<meta name=\"twitter:data1\" content=\"Salvem sa Badia\" \/>\n\t<meta name=\"twitter:label2\" content=\"Tiempo de lectura\" \/>\n\t<meta name=\"twitter:data2\" content=\"3 minutos\" \/>\n<script type=\"application\/ld+json\" class=\"yoast-schema-graph\">{\"@context\":\"https:\/\/schema.org\",\"@graph\":[{\"@type\":\"Article\",\"@id\":\"https:\/\/www.salvemsabadia.com\/neix-posigenome-un-projecte-per-a-desentranyar-el-genona-de-la-posidonia-oeanica\/#article\",\"isPartOf\":{\"@id\":\"https:\/\/www.salvemsabadia.com\/neix-posigenome-un-projecte-per-a-desentranyar-el-genona-de-la-posidonia-oeanica\/\"},\"author\":{\"name\":\"Salvem sa Badia\",\"@id\":\"https:\/\/www.salvemsabadia.com\/#\/schema\/person\/5d08c5118adcb4140d13bde4826ba122\"},\"headline\":\"Nace PosiGenome, un proyecto para desentra\u00f1ar el genona de la Posidonia oe\u00e1nica\",\"datePublished\":\"2021-11-16T11:09:06+00:00\",\"dateModified\":\"2022-08-15T08:45:06+00:00\",\"mainEntityOfPage\":{\"@id\":\"https:\/\/www.salvemsabadia.com\/neix-posigenome-un-projecte-per-a-desentranyar-el-genona-de-la-posidonia-oeanica\/\"},\"wordCount\":538,\"commentCount\":0,\"publisher\":{\"@id\":\"https:\/\/www.salvemsabadia.com\/#organization\"},\"image\":{\"@id\":\"https:\/\/www.salvemsabadia.com\/neix-posigenome-un-projecte-per-a-desentranyar-el-genona-de-la-posidonia-oeanica\/#primaryimage\"},\"thumbnailUrl\":\"https:\/\/www.salvemsabadia.com\/wp-content\/uploads\/2021\/11\/posidonia-jorge-terrados-min.jpg\",\"keywords\":[\"posidonia\"],\"articleSection\":[\"Biodiversidad\",\"Ciencia\",\"Destacado\",\"Posidonia\"],\"inLanguage\":\"es\",\"potentialAction\":[{\"@type\":\"CommentAction\",\"name\":\"Comment\",\"target\":[\"https:\/\/www.salvemsabadia.com\/neix-posigenome-un-projecte-per-a-desentranyar-el-genona-de-la-posidonia-oeanica\/#respond\"]}]},{\"@type\":\"WebPage\",\"@id\":\"https:\/\/www.salvemsabadia.com\/neix-posigenome-un-projecte-per-a-desentranyar-el-genona-de-la-posidonia-oeanica\/\",\"url\":\"https:\/\/www.salvemsabadia.com\/neix-posigenome-un-projecte-per-a-desentranyar-el-genona-de-la-posidonia-oeanica\/\",\"name\":\"Nace PosiGenome, un proyecto para desentra\u00f1ar el genona de la Posidonia oe\u00e1nica - Salvem Sa Badia de Portmany\",\"isPartOf\":{\"@id\":\"https:\/\/www.salvemsabadia.com\/#website\"},\"primaryImageOfPage\":{\"@id\":\"https:\/\/www.salvemsabadia.com\/neix-posigenome-un-projecte-per-a-desentranyar-el-genona-de-la-posidonia-oeanica\/#primaryimage\"},\"image\":{\"@id\":\"https:\/\/www.salvemsabadia.com\/neix-posigenome-un-projecte-per-a-desentranyar-el-genona-de-la-posidonia-oeanica\/#primaryimage\"},\"thumbnailUrl\":\"https:\/\/www.salvemsabadia.com\/wp-content\/uploads\/2021\/11\/posidonia-jorge-terrados-min.jpg\",\"datePublished\":\"2021-11-16T11:09:06+00:00\",\"dateModified\":\"2022-08-15T08:45:06+00:00\",\"breadcrumb\":{\"@id\":\"https:\/\/www.salvemsabadia.com\/neix-posigenome-un-projecte-per-a-desentranyar-el-genona-de-la-posidonia-oeanica\/#breadcrumb\"},\"inLanguage\":\"es\",\"potentialAction\":[{\"@type\":\"ReadAction\",\"target\":[\"https:\/\/www.salvemsabadia.com\/neix-posigenome-un-projecte-per-a-desentranyar-el-genona-de-la-posidonia-oeanica\/\"]}]},{\"@type\":\"ImageObject\",\"inLanguage\":\"es\",\"@id\":\"https:\/\/www.salvemsabadia.com\/neix-posigenome-un-projecte-per-a-desentranyar-el-genona-de-la-posidonia-oeanica\/#primaryimage\",\"url\":\"https:\/\/www.salvemsabadia.com\/wp-content\/uploads\/2021\/11\/posidonia-jorge-terrados-min.jpg\",\"contentUrl\":\"https:\/\/www.salvemsabadia.com\/wp-content\/uploads\/2021\/11\/posidonia-jorge-terrados-min.jpg\",\"width\":2458,\"height\":1612},{\"@type\":\"BreadcrumbList\",\"@id\":\"https:\/\/www.salvemsabadia.com\/neix-posigenome-un-projecte-per-a-desentranyar-el-genona-de-la-posidonia-oeanica\/#breadcrumb\",\"itemListElement\":[{\"@type\":\"ListItem\",\"position\":1,\"name\":\"Portada\",\"item\":\"https:\/\/www.salvemsabadia.com\/es\/\"},{\"@type\":\"ListItem\",\"position\":2,\"name\":\"Nace PosiGenome, un proyecto para desentra\u00f1ar el genona de la Posidonia oe\u00e1nica\"}]},{\"@type\":\"WebSite\",\"@id\":\"https:\/\/www.salvemsabadia.com\/#website\",\"url\":\"https:\/\/www.salvemsabadia.com\/\",\"name\":\"Salvem Sa Badia de Portmany\",\"description\":\"\",\"publisher\":{\"@id\":\"https:\/\/www.salvemsabadia.com\/#organization\"},\"potentialAction\":[{\"@type\":\"SearchAction\",\"target\":{\"@type\":\"EntryPoint\",\"urlTemplate\":\"https:\/\/www.salvemsabadia.com\/?s={search_term_string}\"},\"query-input\":{\"@type\":\"PropertyValueSpecification\",\"valueRequired\":true,\"valueName\":\"search_term_string\"}}],\"inLanguage\":\"es\"},{\"@type\":\"Organization\",\"@id\":\"https:\/\/www.salvemsabadia.com\/#organization\",\"name\":\"Salvem Sa Badia de Portmany\",\"url\":\"https:\/\/www.salvemsabadia.com\/\",\"logo\":{\"@type\":\"ImageObject\",\"inLanguage\":\"es\",\"@id\":\"https:\/\/www.salvemsabadia.com\/#\/schema\/logo\/image\/\",\"url\":\"https:\/\/www.salvemsabadia.com\/wp-content\/uploads\/2020\/03\/logo.png\",\"contentUrl\":\"https:\/\/www.salvemsabadia.com\/wp-content\/uploads\/2020\/03\/logo.png\",\"width\":188,\"height\":151,\"caption\":\"Salvem Sa Badia de Portmany\"},\"image\":{\"@id\":\"https:\/\/www.salvemsabadia.com\/#\/schema\/logo\/image\/\"}},{\"@type\":\"Person\",\"@id\":\"https:\/\/www.salvemsabadia.com\/#\/schema\/person\/5d08c5118adcb4140d13bde4826ba122\",\"name\":\"Salvem sa Badia\",\"image\":{\"@type\":\"ImageObject\",\"inLanguage\":\"es\",\"@id\":\"https:\/\/www.salvemsabadia.com\/#\/schema\/person\/image\/\",\"url\":\"https:\/\/secure.gravatar.com\/avatar\/d569ee5739a9c7022470ea472c9b4b9cf476e15f1be71e5242c911d673d14ad9?s=96&d=mm&r=g\",\"contentUrl\":\"https:\/\/secure.gravatar.com\/avatar\/d569ee5739a9c7022470ea472c9b4b9cf476e15f1be71e5242c911d673d14ad9?s=96&d=mm&r=g\",\"caption\":\"Salvem sa Badia\"}}]}<\/script>\n<!-- \/ Yoast SEO plugin. -->","yoast_head_json":{"title":"Nace PosiGenome, un proyecto para desentra\u00f1ar el genona de la Posidonia oe\u00e1nica - Salvem Sa Badia de Portmany","robots":{"index":"index","follow":"follow","max-snippet":"max-snippet:-1","max-image-preview":"max-image-preview:large","max-video-preview":"max-video-preview:-1"},"canonical":"https:\/\/www.salvemsabadia.com\/neix-posigenome-un-projecte-per-a-desentranyar-el-genona-de-la-posidonia-oeanica\/","og_locale":"es_ES","og_type":"article","og_title":"Nace PosiGenome, un proyecto para desentra\u00f1ar el genona de la Posidonia oe\u00e1nica - Salvem Sa Badia de Portmany","og_description":"El\u00a0Instituto Mediterr\u00e1neo de Estudios Avanzados\u00a0(IMEDEA), la\u00a0Fundaci\u00f3n General CSIC\u00a0y\u00a0Grupo Iberostar, a trav\u00e9s de la\u00a0Fundaci\u00f3n Iberostar, presentaron ayer, lunes, el proyecto\u00a0PosiGenome, cuyo prop\u00f3sito es estudiar y desgranar el genoma completo de la\u00a0Posidonia...","og_url":"https:\/\/www.salvemsabadia.com\/neix-posigenome-un-projecte-per-a-desentranyar-el-genona-de-la-posidonia-oeanica\/","og_site_name":"Salvem Sa Badia de Portmany","article_published_time":"2021-11-16T11:09:06+00:00","article_modified_time":"2022-08-15T08:45:06+00:00","og_image":[{"width":2458,"height":1612,"url":"https:\/\/www.salvemsabadia.com\/wp-content\/uploads\/2021\/11\/posidonia-jorge-terrados-min.jpg","type":"image\/jpeg"}],"author":"Salvem sa Badia","twitter_card":"summary_large_image","twitter_misc":{"Escrito por":"Salvem sa Badia","Tiempo de lectura":"3 minutos"},"schema":{"@context":"https:\/\/schema.org","@graph":[{"@type":"Article","@id":"https:\/\/www.salvemsabadia.com\/neix-posigenome-un-projecte-per-a-desentranyar-el-genona-de-la-posidonia-oeanica\/#article","isPartOf":{"@id":"https:\/\/www.salvemsabadia.com\/neix-posigenome-un-projecte-per-a-desentranyar-el-genona-de-la-posidonia-oeanica\/"},"author":{"name":"Salvem sa Badia","@id":"https:\/\/www.salvemsabadia.com\/#\/schema\/person\/5d08c5118adcb4140d13bde4826ba122"},"headline":"Nace PosiGenome, un proyecto para desentra\u00f1ar el genona de la Posidonia oe\u00e1nica","datePublished":"2021-11-16T11:09:06+00:00","dateModified":"2022-08-15T08:45:06+00:00","mainEntityOfPage":{"@id":"https:\/\/www.salvemsabadia.com\/neix-posigenome-un-projecte-per-a-desentranyar-el-genona-de-la-posidonia-oeanica\/"},"wordCount":538,"commentCount":0,"publisher":{"@id":"https:\/\/www.salvemsabadia.com\/#organization"},"image":{"@id":"https:\/\/www.salvemsabadia.com\/neix-posigenome-un-projecte-per-a-desentranyar-el-genona-de-la-posidonia-oeanica\/#primaryimage"},"thumbnailUrl":"https:\/\/www.salvemsabadia.com\/wp-content\/uploads\/2021\/11\/posidonia-jorge-terrados-min.jpg","keywords":["posidonia"],"articleSection":["Biodiversidad","Ciencia","Destacado","Posidonia"],"inLanguage":"es","potentialAction":[{"@type":"CommentAction","name":"Comment","target":["https:\/\/www.salvemsabadia.com\/neix-posigenome-un-projecte-per-a-desentranyar-el-genona-de-la-posidonia-oeanica\/#respond"]}]},{"@type":"WebPage","@id":"https:\/\/www.salvemsabadia.com\/neix-posigenome-un-projecte-per-a-desentranyar-el-genona-de-la-posidonia-oeanica\/","url":"https:\/\/www.salvemsabadia.com\/neix-posigenome-un-projecte-per-a-desentranyar-el-genona-de-la-posidonia-oeanica\/","name":"Nace PosiGenome, un proyecto para desentra\u00f1ar el genona de la Posidonia oe\u00e1nica - Salvem Sa Badia de Portmany","isPartOf":{"@id":"https:\/\/www.salvemsabadia.com\/#website"},"primaryImageOfPage":{"@id":"https:\/\/www.salvemsabadia.com\/neix-posigenome-un-projecte-per-a-desentranyar-el-genona-de-la-posidonia-oeanica\/#primaryimage"},"image":{"@id":"https:\/\/www.salvemsabadia.com\/neix-posigenome-un-projecte-per-a-desentranyar-el-genona-de-la-posidonia-oeanica\/#primaryimage"},"thumbnailUrl":"https:\/\/www.salvemsabadia.com\/wp-content\/uploads\/2021\/11\/posidonia-jorge-terrados-min.jpg","datePublished":"2021-11-16T11:09:06+00:00","dateModified":"2022-08-15T08:45:06+00:00","breadcrumb":{"@id":"https:\/\/www.salvemsabadia.com\/neix-posigenome-un-projecte-per-a-desentranyar-el-genona-de-la-posidonia-oeanica\/#breadcrumb"},"inLanguage":"es","potentialAction":[{"@type":"ReadAction","target":["https:\/\/www.salvemsabadia.com\/neix-posigenome-un-projecte-per-a-desentranyar-el-genona-de-la-posidonia-oeanica\/"]}]},{"@type":"ImageObject","inLanguage":"es","@id":"https:\/\/www.salvemsabadia.com\/neix-posigenome-un-projecte-per-a-desentranyar-el-genona-de-la-posidonia-oeanica\/#primaryimage","url":"https:\/\/www.salvemsabadia.com\/wp-content\/uploads\/2021\/11\/posidonia-jorge-terrados-min.jpg","contentUrl":"https:\/\/www.salvemsabadia.com\/wp-content\/uploads\/2021\/11\/posidonia-jorge-terrados-min.jpg","width":2458,"height":1612},{"@type":"BreadcrumbList","@id":"https:\/\/www.salvemsabadia.com\/neix-posigenome-un-projecte-per-a-desentranyar-el-genona-de-la-posidonia-oeanica\/#breadcrumb","itemListElement":[{"@type":"ListItem","position":1,"name":"Portada","item":"https:\/\/www.salvemsabadia.com\/es\/"},{"@type":"ListItem","position":2,"name":"Nace PosiGenome, un proyecto para desentra\u00f1ar el genona de la Posidonia oe\u00e1nica"}]},{"@type":"WebSite","@id":"https:\/\/www.salvemsabadia.com\/#website","url":"https:\/\/www.salvemsabadia.com\/","name":"Salvem Sa Badia de Portmany","description":"","publisher":{"@id":"https:\/\/www.salvemsabadia.com\/#organization"},"potentialAction":[{"@type":"SearchAction","target":{"@type":"EntryPoint","urlTemplate":"https:\/\/www.salvemsabadia.com\/?s={search_term_string}"},"query-input":{"@type":"PropertyValueSpecification","valueRequired":true,"valueName":"search_term_string"}}],"inLanguage":"es"},{"@type":"Organization","@id":"https:\/\/www.salvemsabadia.com\/#organization","name":"Salvem Sa Badia de Portmany","url":"https:\/\/www.salvemsabadia.com\/","logo":{"@type":"ImageObject","inLanguage":"es","@id":"https:\/\/www.salvemsabadia.com\/#\/schema\/logo\/image\/","url":"https:\/\/www.salvemsabadia.com\/wp-content\/uploads\/2020\/03\/logo.png","contentUrl":"https:\/\/www.salvemsabadia.com\/wp-content\/uploads\/2020\/03\/logo.png","width":188,"height":151,"caption":"Salvem Sa Badia de Portmany"},"image":{"@id":"https:\/\/www.salvemsabadia.com\/#\/schema\/logo\/image\/"}},{"@type":"Person","@id":"https:\/\/www.salvemsabadia.com\/#\/schema\/person\/5d08c5118adcb4140d13bde4826ba122","name":"Salvem sa Badia","image":{"@type":"ImageObject","inLanguage":"es","@id":"https:\/\/www.salvemsabadia.com\/#\/schema\/person\/image\/","url":"https:\/\/secure.gravatar.com\/avatar\/d569ee5739a9c7022470ea472c9b4b9cf476e15f1be71e5242c911d673d14ad9?s=96&d=mm&r=g","contentUrl":"https:\/\/secure.gravatar.com\/avatar\/d569ee5739a9c7022470ea472c9b4b9cf476e15f1be71e5242c911d673d14ad9?s=96&d=mm&r=g","caption":"Salvem sa Badia"}}]}},"_links":{"self":[{"href":"https:\/\/www.salvemsabadia.com\/es\/wp-json\/wp\/v2\/posts\/2658","targetHints":{"allow":["GET"]}}],"collection":[{"href":"https:\/\/www.salvemsabadia.com\/es\/wp-json\/wp\/v2\/posts"}],"about":[{"href":"https:\/\/www.salvemsabadia.com\/es\/wp-json\/wp\/v2\/types\/post"}],"author":[{"embeddable":true,"href":"https:\/\/www.salvemsabadia.com\/es\/wp-json\/wp\/v2\/users\/2"}],"replies":[{"embeddable":true,"href":"https:\/\/www.salvemsabadia.com\/es\/wp-json\/wp\/v2\/comments?post=2658"}],"version-history":[{"count":0,"href":"https:\/\/www.salvemsabadia.com\/es\/wp-json\/wp\/v2\/posts\/2658\/revisions"}],"wp:featuredmedia":[{"embeddable":true,"href":"https:\/\/www.salvemsabadia.com\/es\/wp-json\/wp\/v2\/media\/2663"}],"wp:attachment":[{"href":"https:\/\/www.salvemsabadia.com\/es\/wp-json\/wp\/v2\/media?parent=2658"}],"wp:term":[{"taxonomy":"category","embeddable":true,"href":"https:\/\/www.salvemsabadia.com\/es\/wp-json\/wp\/v2\/categories?post=2658"},{"taxonomy":"post_tag","embeddable":true,"href":"https:\/\/www.salvemsabadia.com\/es\/wp-json\/wp\/v2\/tags?post=2658"}],"curies":[{"name":"wp","href":"https:\/\/api.w.org\/{rel}","templated":true}]}}