{"id":2671,"date":"2021-12-02T11:11:32","date_gmt":"2021-12-02T10:11:32","guid":{"rendered":"https:\/\/www.salvemsabadia.com\/?p=2671"},"modified":"2022-08-15T10:45:16","modified_gmt":"2022-08-15T08:45:16","slug":"la-calidad-del-agua-de-bano-disminuye-un-35-en-la-ultima-decada-segun-el-nuevo-informe-de-sostenibilidad-de-ibiza","status":"publish","type":"post","link":"https:\/\/www.salvemsabadia.com\/es\/la-calidad-del-agua-de-bano-disminuye-un-35-en-la-ultima-decada-segun-el-nuevo-informe-de-sostenibilidad-de-ibiza\/","title":{"rendered":"La calidad del agua de ba\u00f1o disminuye un 35% en la \u00faltima d\u00e9cada, seg\u00fan el nuevo informe de Sostenibilidad de Ibiza"},"content":{"rendered":"<p><img loading=\"lazy\" decoding=\"async\" class=\"alignnone wp-image-2674 size-full\" src=\"https:\/\/www.salvemsabadia.com\/wp-content\/uploads\/2021\/12\/DSC01847.jpg\" alt=\"\" width=\"2000\" height=\"1333\" srcset=\"https:\/\/www.salvemsabadia.com\/wp-content\/uploads\/2021\/12\/DSC01847.jpg 2000w, https:\/\/www.salvemsabadia.com\/wp-content\/uploads\/2021\/12\/DSC01847-300x200.jpg 300w, https:\/\/www.salvemsabadia.com\/wp-content\/uploads\/2021\/12\/DSC01847-1024x682.jpg 1024w, https:\/\/www.salvemsabadia.com\/wp-content\/uploads\/2021\/12\/DSC01847-768x512.jpg 768w, https:\/\/www.salvemsabadia.com\/wp-content\/uploads\/2021\/12\/DSC01847-1536x1024.jpg 1536w, https:\/\/www.salvemsabadia.com\/wp-content\/uploads\/2021\/12\/DSC01847-900x600.jpg 900w\" sizes=\"auto, (max-width: 2000px) 100vw, 2000px\" \/><\/p>\n<p>Esta semana se ha presentado el <a href=\"https:\/\/ibizapreservation.org\/wp-content\/uploads\/2021\/11\/INFORME-DE-SOSTENIBILIDAD-DE-IBIZA-2020-CAST-3.pdf\" target=\"_blank\" rel=\"noopener\">Informe de Sostenibilidad de Ibiza 2020<\/a>, que incluye un total de 53 indicadores que determinan la evoluci\u00f3n de la situaci\u00f3n ambiental de la isla. Uno de los aspectos en los que este informe hace especial hincapi\u00e9 es en la diminuci\u00f3n gradual de la calidad de las aguas de ba\u00f1o, al comparar la situaci\u00f3n del a\u00f1o pasado con la de hace cinco y diez a\u00f1os.<\/p>\n<p>En el a\u00f1o 2010, la totalidad de las aguas analizadas en 40 puntos de la costa pitiusa fue clasificada con la \u201ccategor\u00eda de excelente\u201d, pero esta calidad ha ido menguando: en 2015, fueron 38 puntos de muestreo que presentaron aguas excelentes, un 95% del total, mientras que en 3 espacios las aguas fueron clasificadas como \u201cbuenas\u201d. Un lustro despu\u00e9s, en 2020, la cifra baj\u00f3 al 65%; es decir que solo en 26 de los 40 puntos de muestreo las aguas se calificaron como \u201cexcelentes\u201d (14 menos que en 2010). Adem\u00e1s, 12 puntos de muestreo ofrecieron aguas de calidad \u201csuficiente\u201d. Es decir, el deterioro en la calidad de las aguas de ba\u00f1o ha sido continua en la \u00faltima d\u00e9cada y representa una ca\u00edda del 35%.<\/p>\n<p>El informe tambi\u00e9n contiene los registros del Servei de Vigil\u00e0ncia de la Posidonia del Govern balear, que en 2020 cont\u00f3 con 3 embarcaciones de vigilancia de fondeos en la isla. Durante la temporada que permaneci\u00f3 operativo mantuvo contacto con 963 embarcaciones, de las cuales 758 tuvieron que moverse a fondos de arena al estar situadas sobre Posidonia.<\/p>\n<p>La incorrecta depuraci\u00f3n de las aguas residuales tambi\u00e9n es otro aspecto destacado en este documento. En 2020, 2 de las 10 depuradoras de la isla de Ibiza vertieron aguas deficientemente depuradas. De las aguas depuradas, un 55% se han depurado deficientemente y se han vertido al mar. El 99% de las aguas mal depuradas corresponden a la depuradora de Vila, siendo esta la depuradora que mayor caudal depura en la isla.<\/p>\n<p>Todas las depuradoras de la isla, excepto la de Sant Joan, por tercer a\u00f1o consecutivo, vierten aguas con salinidades por encima del li\u0301mite para su reutilizacio\u0301n. Un 80% de las aguas depuradas en la isla de Ibiza muestran salinidades elevadas, inutiliza\u0301ndolas para uso agri\u0301cola. En 2020, asimismo, 5 de las 10 depuradoras de la isla de Ibiza recibieron aguas con materia orga\u0301nica o so\u0301lidos en suspensio\u0301n superior a los valores permitidos.<\/p>\n<p><img loading=\"lazy\" decoding=\"async\" class=\"alignnone wp-image-2672 size-full\" src=\"https:\/\/www.salvemsabadia.com\/wp-content\/uploads\/2021\/12\/DJI_0034-copia.jpg\" alt=\"\" width=\"1920\" height=\"1183\" srcset=\"https:\/\/www.salvemsabadia.com\/wp-content\/uploads\/2021\/12\/DJI_0034-copia.jpg 1920w, https:\/\/www.salvemsabadia.com\/wp-content\/uploads\/2021\/12\/DJI_0034-copia-300x185.jpg 300w, https:\/\/www.salvemsabadia.com\/wp-content\/uploads\/2021\/12\/DJI_0034-copia-1024x631.jpg 1024w, https:\/\/www.salvemsabadia.com\/wp-content\/uploads\/2021\/12\/DJI_0034-copia-768x473.jpg 768w, https:\/\/www.salvemsabadia.com\/wp-content\/uploads\/2021\/12\/DJI_0034-copia-1536x946.jpg 1536w\" sizes=\"auto, (max-width: 1920px) 100vw, 1920px\" \/><\/p>\n","protected":false},"excerpt":{"rendered":"<p>Esta semana se ha presentado el Informe de Sostenibilidad de Ibiza 2020, que incluye un total de 53 indicadores que determinan la evoluci\u00f3n de la situaci\u00f3n ambiental de la isla&#8230;.<\/p>\n","protected":false},"author":2,"featured_media":2674,"comment_status":"open","ping_status":"open","sticky":false,"template":"","format":"standard","meta":{"give_campaign_id":0,"footnotes":""},"categories":[203,106],"tags":[167,54],"class_list":{"0":"post-2671","1":"post","2":"type-post","3":"status-publish","4":"format-standard","5":"has-post-thumbnail","7":"category-calidad-del-agua","8":"category-destacado","9":"tag-biodiversidad","10":"tag-posidonia"},"yoast_head":"<!-- This site is optimized with the Yoast SEO plugin v26.8 - https:\/\/yoast.com\/product\/yoast-seo-wordpress\/ -->\n<title>La calidad del agua de ba\u00f1o disminuye un 35% en la \u00faltima d\u00e9cada, seg\u00fan el nuevo informe de Sostenibilidad de Ibiza - Salvem Sa Badia de Portmany<\/title>\n<meta name=\"robots\" content=\"index, follow, max-snippet:-1, max-image-preview:large, max-video-preview:-1\" \/>\n<link rel=\"canonical\" href=\"https:\/\/www.salvemsabadia.com\/la-qualitat-del-aigua-de-bany-disminueix-un-35-en-la-ultima-decada-segons-el-nou-informe-de-sostenibilitat-de-eivissa\/\" \/>\n<meta property=\"og:locale\" content=\"es_ES\" \/>\n<meta property=\"og:type\" content=\"article\" \/>\n<meta property=\"og:title\" content=\"La calidad del agua de ba\u00f1o disminuye un 35% en la \u00faltima d\u00e9cada, seg\u00fan el nuevo informe de Sostenibilidad de Ibiza - Salvem Sa Badia de Portmany\" \/>\n<meta property=\"og:description\" content=\"Esta semana se ha presentado el Informe de Sostenibilidad de Ibiza 2020, que incluye un total de 53 indicadores que determinan la evoluci\u00f3n de la situaci\u00f3n ambiental de la isla....\" \/>\n<meta property=\"og:url\" content=\"https:\/\/www.salvemsabadia.com\/la-qualitat-del-aigua-de-bany-disminueix-un-35-en-la-ultima-decada-segons-el-nou-informe-de-sostenibilitat-de-eivissa\/\" \/>\n<meta property=\"og:site_name\" content=\"Salvem Sa Badia de Portmany\" \/>\n<meta property=\"article:published_time\" content=\"2021-12-02T10:11:32+00:00\" \/>\n<meta property=\"article:modified_time\" content=\"2022-08-15T08:45:16+00:00\" \/>\n<meta property=\"og:image\" content=\"https:\/\/www.salvemsabadia.com\/wp-content\/uploads\/2021\/12\/DSC01847.jpg\" \/>\n\t<meta property=\"og:image:width\" content=\"2000\" \/>\n\t<meta property=\"og:image:height\" content=\"1333\" \/>\n\t<meta property=\"og:image:type\" content=\"image\/jpeg\" \/>\n<meta name=\"author\" content=\"Salvem sa Badia\" \/>\n<meta name=\"twitter:card\" content=\"summary_large_image\" \/>\n<meta name=\"twitter:label1\" content=\"Escrito por\" \/>\n\t<meta name=\"twitter:data1\" content=\"Salvem sa Badia\" \/>\n\t<meta name=\"twitter:label2\" content=\"Tiempo de lectura\" \/>\n\t<meta name=\"twitter:data2\" content=\"3 minutos\" \/>\n<script type=\"application\/ld+json\" class=\"yoast-schema-graph\">{\"@context\":\"https:\/\/schema.org\",\"@graph\":[{\"@type\":\"Article\",\"@id\":\"https:\/\/www.salvemsabadia.com\/la-qualitat-del-aigua-de-bany-disminueix-un-35-en-la-ultima-decada-segons-el-nou-informe-de-sostenibilitat-de-eivissa\/#article\",\"isPartOf\":{\"@id\":\"https:\/\/www.salvemsabadia.com\/la-qualitat-del-aigua-de-bany-disminueix-un-35-en-la-ultima-decada-segons-el-nou-informe-de-sostenibilitat-de-eivissa\/\"},\"author\":{\"name\":\"Salvem sa Badia\",\"@id\":\"https:\/\/www.salvemsabadia.com\/#\/schema\/person\/5d08c5118adcb4140d13bde4826ba122\"},\"headline\":\"La calidad del agua de ba\u00f1o disminuye un 35% en la \u00faltima d\u00e9cada, seg\u00fan el nuevo informe de Sostenibilidad de Ibiza\",\"datePublished\":\"2021-12-02T10:11:32+00:00\",\"dateModified\":\"2022-08-15T08:45:16+00:00\",\"mainEntityOfPage\":{\"@id\":\"https:\/\/www.salvemsabadia.com\/la-qualitat-del-aigua-de-bany-disminueix-un-35-en-la-ultima-decada-segons-el-nou-informe-de-sostenibilitat-de-eivissa\/\"},\"wordCount\":413,\"commentCount\":0,\"publisher\":{\"@id\":\"https:\/\/www.salvemsabadia.com\/#organization\"},\"image\":{\"@id\":\"https:\/\/www.salvemsabadia.com\/la-qualitat-del-aigua-de-bany-disminueix-un-35-en-la-ultima-decada-segons-el-nou-informe-de-sostenibilitat-de-eivissa\/#primaryimage\"},\"thumbnailUrl\":\"https:\/\/www.salvemsabadia.com\/wp-content\/uploads\/2021\/12\/DSC01847.jpg\",\"keywords\":[\"Biodiversidad\",\"posidonia\"],\"articleSection\":[\"Calidad del agua\",\"Destacado\"],\"inLanguage\":\"es\",\"potentialAction\":[{\"@type\":\"CommentAction\",\"name\":\"Comment\",\"target\":[\"https:\/\/www.salvemsabadia.com\/la-qualitat-del-aigua-de-bany-disminueix-un-35-en-la-ultima-decada-segons-el-nou-informe-de-sostenibilitat-de-eivissa\/#respond\"]}]},{\"@type\":\"WebPage\",\"@id\":\"https:\/\/www.salvemsabadia.com\/la-qualitat-del-aigua-de-bany-disminueix-un-35-en-la-ultima-decada-segons-el-nou-informe-de-sostenibilitat-de-eivissa\/\",\"url\":\"https:\/\/www.salvemsabadia.com\/la-qualitat-del-aigua-de-bany-disminueix-un-35-en-la-ultima-decada-segons-el-nou-informe-de-sostenibilitat-de-eivissa\/\",\"name\":\"La calidad del agua de ba\u00f1o disminuye un 35% en la \u00faltima d\u00e9cada, seg\u00fan el nuevo informe de Sostenibilidad de Ibiza - Salvem Sa Badia de Portmany\",\"isPartOf\":{\"@id\":\"https:\/\/www.salvemsabadia.com\/#website\"},\"primaryImageOfPage\":{\"@id\":\"https:\/\/www.salvemsabadia.com\/la-qualitat-del-aigua-de-bany-disminueix-un-35-en-la-ultima-decada-segons-el-nou-informe-de-sostenibilitat-de-eivissa\/#primaryimage\"},\"image\":{\"@id\":\"https:\/\/www.salvemsabadia.com\/la-qualitat-del-aigua-de-bany-disminueix-un-35-en-la-ultima-decada-segons-el-nou-informe-de-sostenibilitat-de-eivissa\/#primaryimage\"},\"thumbnailUrl\":\"https:\/\/www.salvemsabadia.com\/wp-content\/uploads\/2021\/12\/DSC01847.jpg\",\"datePublished\":\"2021-12-02T10:11:32+00:00\",\"dateModified\":\"2022-08-15T08:45:16+00:00\",\"breadcrumb\":{\"@id\":\"https:\/\/www.salvemsabadia.com\/la-qualitat-del-aigua-de-bany-disminueix-un-35-en-la-ultima-decada-segons-el-nou-informe-de-sostenibilitat-de-eivissa\/#breadcrumb\"},\"inLanguage\":\"es\",\"potentialAction\":[{\"@type\":\"ReadAction\",\"target\":[\"https:\/\/www.salvemsabadia.com\/la-qualitat-del-aigua-de-bany-disminueix-un-35-en-la-ultima-decada-segons-el-nou-informe-de-sostenibilitat-de-eivissa\/\"]}]},{\"@type\":\"ImageObject\",\"inLanguage\":\"es\",\"@id\":\"https:\/\/www.salvemsabadia.com\/la-qualitat-del-aigua-de-bany-disminueix-un-35-en-la-ultima-decada-segons-el-nou-informe-de-sostenibilitat-de-eivissa\/#primaryimage\",\"url\":\"https:\/\/www.salvemsabadia.com\/wp-content\/uploads\/2021\/12\/DSC01847.jpg\",\"contentUrl\":\"https:\/\/www.salvemsabadia.com\/wp-content\/uploads\/2021\/12\/DSC01847.jpg\",\"width\":2000,\"height\":1333},{\"@type\":\"BreadcrumbList\",\"@id\":\"https:\/\/www.salvemsabadia.com\/la-qualitat-del-aigua-de-bany-disminueix-un-35-en-la-ultima-decada-segons-el-nou-informe-de-sostenibilitat-de-eivissa\/#breadcrumb\",\"itemListElement\":[{\"@type\":\"ListItem\",\"position\":1,\"name\":\"Portada\",\"item\":\"https:\/\/www.salvemsabadia.com\/es\/\"},{\"@type\":\"ListItem\",\"position\":2,\"name\":\"La calidad del agua de ba\u00f1o disminuye un 35% en la \u00faltima d\u00e9cada, seg\u00fan el nuevo informe de Sostenibilidad de Ibiza\"}]},{\"@type\":\"WebSite\",\"@id\":\"https:\/\/www.salvemsabadia.com\/#website\",\"url\":\"https:\/\/www.salvemsabadia.com\/\",\"name\":\"Salvem Sa Badia de Portmany\",\"description\":\"\",\"publisher\":{\"@id\":\"https:\/\/www.salvemsabadia.com\/#organization\"},\"potentialAction\":[{\"@type\":\"SearchAction\",\"target\":{\"@type\":\"EntryPoint\",\"urlTemplate\":\"https:\/\/www.salvemsabadia.com\/?s={search_term_string}\"},\"query-input\":{\"@type\":\"PropertyValueSpecification\",\"valueRequired\":true,\"valueName\":\"search_term_string\"}}],\"inLanguage\":\"es\"},{\"@type\":\"Organization\",\"@id\":\"https:\/\/www.salvemsabadia.com\/#organization\",\"name\":\"Salvem Sa Badia de Portmany\",\"url\":\"https:\/\/www.salvemsabadia.com\/\",\"logo\":{\"@type\":\"ImageObject\",\"inLanguage\":\"es\",\"@id\":\"https:\/\/www.salvemsabadia.com\/#\/schema\/logo\/image\/\",\"url\":\"https:\/\/www.salvemsabadia.com\/wp-content\/uploads\/2020\/03\/logo.png\",\"contentUrl\":\"https:\/\/www.salvemsabadia.com\/wp-content\/uploads\/2020\/03\/logo.png\",\"width\":188,\"height\":151,\"caption\":\"Salvem Sa Badia de Portmany\"},\"image\":{\"@id\":\"https:\/\/www.salvemsabadia.com\/#\/schema\/logo\/image\/\"}},{\"@type\":\"Person\",\"@id\":\"https:\/\/www.salvemsabadia.com\/#\/schema\/person\/5d08c5118adcb4140d13bde4826ba122\",\"name\":\"Salvem sa Badia\",\"image\":{\"@type\":\"ImageObject\",\"inLanguage\":\"es\",\"@id\":\"https:\/\/www.salvemsabadia.com\/#\/schema\/person\/image\/\",\"url\":\"https:\/\/secure.gravatar.com\/avatar\/d569ee5739a9c7022470ea472c9b4b9cf476e15f1be71e5242c911d673d14ad9?s=96&d=mm&r=g\",\"contentUrl\":\"https:\/\/secure.gravatar.com\/avatar\/d569ee5739a9c7022470ea472c9b4b9cf476e15f1be71e5242c911d673d14ad9?s=96&d=mm&r=g\",\"caption\":\"Salvem sa Badia\"}}]}<\/script>\n<!-- \/ Yoast SEO plugin. -->","yoast_head_json":{"title":"La calidad del agua de ba\u00f1o disminuye un 35% en la \u00faltima d\u00e9cada, seg\u00fan el nuevo informe de Sostenibilidad de Ibiza - Salvem Sa Badia de Portmany","robots":{"index":"index","follow":"follow","max-snippet":"max-snippet:-1","max-image-preview":"max-image-preview:large","max-video-preview":"max-video-preview:-1"},"canonical":"https:\/\/www.salvemsabadia.com\/la-qualitat-del-aigua-de-bany-disminueix-un-35-en-la-ultima-decada-segons-el-nou-informe-de-sostenibilitat-de-eivissa\/","og_locale":"es_ES","og_type":"article","og_title":"La calidad del agua de ba\u00f1o disminuye un 35% en la \u00faltima d\u00e9cada, seg\u00fan el nuevo informe de Sostenibilidad de Ibiza - Salvem Sa Badia de Portmany","og_description":"Esta semana se ha presentado el Informe de Sostenibilidad de Ibiza 2020, que incluye un total de 53 indicadores que determinan la evoluci\u00f3n de la situaci\u00f3n ambiental de la isla....","og_url":"https:\/\/www.salvemsabadia.com\/la-qualitat-del-aigua-de-bany-disminueix-un-35-en-la-ultima-decada-segons-el-nou-informe-de-sostenibilitat-de-eivissa\/","og_site_name":"Salvem Sa Badia de Portmany","article_published_time":"2021-12-02T10:11:32+00:00","article_modified_time":"2022-08-15T08:45:16+00:00","og_image":[{"width":2000,"height":1333,"url":"https:\/\/www.salvemsabadia.com\/wp-content\/uploads\/2021\/12\/DSC01847.jpg","type":"image\/jpeg"}],"author":"Salvem sa Badia","twitter_card":"summary_large_image","twitter_misc":{"Escrito por":"Salvem sa Badia","Tiempo de lectura":"3 minutos"},"schema":{"@context":"https:\/\/schema.org","@graph":[{"@type":"Article","@id":"https:\/\/www.salvemsabadia.com\/la-qualitat-del-aigua-de-bany-disminueix-un-35-en-la-ultima-decada-segons-el-nou-informe-de-sostenibilitat-de-eivissa\/#article","isPartOf":{"@id":"https:\/\/www.salvemsabadia.com\/la-qualitat-del-aigua-de-bany-disminueix-un-35-en-la-ultima-decada-segons-el-nou-informe-de-sostenibilitat-de-eivissa\/"},"author":{"name":"Salvem sa Badia","@id":"https:\/\/www.salvemsabadia.com\/#\/schema\/person\/5d08c5118adcb4140d13bde4826ba122"},"headline":"La calidad del agua de ba\u00f1o disminuye un 35% en la \u00faltima d\u00e9cada, seg\u00fan el nuevo informe de Sostenibilidad de Ibiza","datePublished":"2021-12-02T10:11:32+00:00","dateModified":"2022-08-15T08:45:16+00:00","mainEntityOfPage":{"@id":"https:\/\/www.salvemsabadia.com\/la-qualitat-del-aigua-de-bany-disminueix-un-35-en-la-ultima-decada-segons-el-nou-informe-de-sostenibilitat-de-eivissa\/"},"wordCount":413,"commentCount":0,"publisher":{"@id":"https:\/\/www.salvemsabadia.com\/#organization"},"image":{"@id":"https:\/\/www.salvemsabadia.com\/la-qualitat-del-aigua-de-bany-disminueix-un-35-en-la-ultima-decada-segons-el-nou-informe-de-sostenibilitat-de-eivissa\/#primaryimage"},"thumbnailUrl":"https:\/\/www.salvemsabadia.com\/wp-content\/uploads\/2021\/12\/DSC01847.jpg","keywords":["Biodiversidad","posidonia"],"articleSection":["Calidad del agua","Destacado"],"inLanguage":"es","potentialAction":[{"@type":"CommentAction","name":"Comment","target":["https:\/\/www.salvemsabadia.com\/la-qualitat-del-aigua-de-bany-disminueix-un-35-en-la-ultima-decada-segons-el-nou-informe-de-sostenibilitat-de-eivissa\/#respond"]}]},{"@type":"WebPage","@id":"https:\/\/www.salvemsabadia.com\/la-qualitat-del-aigua-de-bany-disminueix-un-35-en-la-ultima-decada-segons-el-nou-informe-de-sostenibilitat-de-eivissa\/","url":"https:\/\/www.salvemsabadia.com\/la-qualitat-del-aigua-de-bany-disminueix-un-35-en-la-ultima-decada-segons-el-nou-informe-de-sostenibilitat-de-eivissa\/","name":"La calidad del agua de ba\u00f1o disminuye un 35% en la \u00faltima d\u00e9cada, seg\u00fan el nuevo informe de Sostenibilidad de Ibiza - Salvem Sa Badia de Portmany","isPartOf":{"@id":"https:\/\/www.salvemsabadia.com\/#website"},"primaryImageOfPage":{"@id":"https:\/\/www.salvemsabadia.com\/la-qualitat-del-aigua-de-bany-disminueix-un-35-en-la-ultima-decada-segons-el-nou-informe-de-sostenibilitat-de-eivissa\/#primaryimage"},"image":{"@id":"https:\/\/www.salvemsabadia.com\/la-qualitat-del-aigua-de-bany-disminueix-un-35-en-la-ultima-decada-segons-el-nou-informe-de-sostenibilitat-de-eivissa\/#primaryimage"},"thumbnailUrl":"https:\/\/www.salvemsabadia.com\/wp-content\/uploads\/2021\/12\/DSC01847.jpg","datePublished":"2021-12-02T10:11:32+00:00","dateModified":"2022-08-15T08:45:16+00:00","breadcrumb":{"@id":"https:\/\/www.salvemsabadia.com\/la-qualitat-del-aigua-de-bany-disminueix-un-35-en-la-ultima-decada-segons-el-nou-informe-de-sostenibilitat-de-eivissa\/#breadcrumb"},"inLanguage":"es","potentialAction":[{"@type":"ReadAction","target":["https:\/\/www.salvemsabadia.com\/la-qualitat-del-aigua-de-bany-disminueix-un-35-en-la-ultima-decada-segons-el-nou-informe-de-sostenibilitat-de-eivissa\/"]}]},{"@type":"ImageObject","inLanguage":"es","@id":"https:\/\/www.salvemsabadia.com\/la-qualitat-del-aigua-de-bany-disminueix-un-35-en-la-ultima-decada-segons-el-nou-informe-de-sostenibilitat-de-eivissa\/#primaryimage","url":"https:\/\/www.salvemsabadia.com\/wp-content\/uploads\/2021\/12\/DSC01847.jpg","contentUrl":"https:\/\/www.salvemsabadia.com\/wp-content\/uploads\/2021\/12\/DSC01847.jpg","width":2000,"height":1333},{"@type":"BreadcrumbList","@id":"https:\/\/www.salvemsabadia.com\/la-qualitat-del-aigua-de-bany-disminueix-un-35-en-la-ultima-decada-segons-el-nou-informe-de-sostenibilitat-de-eivissa\/#breadcrumb","itemListElement":[{"@type":"ListItem","position":1,"name":"Portada","item":"https:\/\/www.salvemsabadia.com\/es\/"},{"@type":"ListItem","position":2,"name":"La calidad del agua de ba\u00f1o disminuye un 35% en la \u00faltima d\u00e9cada, seg\u00fan el nuevo informe de Sostenibilidad de Ibiza"}]},{"@type":"WebSite","@id":"https:\/\/www.salvemsabadia.com\/#website","url":"https:\/\/www.salvemsabadia.com\/","name":"Salvem Sa Badia de Portmany","description":"","publisher":{"@id":"https:\/\/www.salvemsabadia.com\/#organization"},"potentialAction":[{"@type":"SearchAction","target":{"@type":"EntryPoint","urlTemplate":"https:\/\/www.salvemsabadia.com\/?s={search_term_string}"},"query-input":{"@type":"PropertyValueSpecification","valueRequired":true,"valueName":"search_term_string"}}],"inLanguage":"es"},{"@type":"Organization","@id":"https:\/\/www.salvemsabadia.com\/#organization","name":"Salvem Sa Badia de Portmany","url":"https:\/\/www.salvemsabadia.com\/","logo":{"@type":"ImageObject","inLanguage":"es","@id":"https:\/\/www.salvemsabadia.com\/#\/schema\/logo\/image\/","url":"https:\/\/www.salvemsabadia.com\/wp-content\/uploads\/2020\/03\/logo.png","contentUrl":"https:\/\/www.salvemsabadia.com\/wp-content\/uploads\/2020\/03\/logo.png","width":188,"height":151,"caption":"Salvem Sa Badia de Portmany"},"image":{"@id":"https:\/\/www.salvemsabadia.com\/#\/schema\/logo\/image\/"}},{"@type":"Person","@id":"https:\/\/www.salvemsabadia.com\/#\/schema\/person\/5d08c5118adcb4140d13bde4826ba122","name":"Salvem sa Badia","image":{"@type":"ImageObject","inLanguage":"es","@id":"https:\/\/www.salvemsabadia.com\/#\/schema\/person\/image\/","url":"https:\/\/secure.gravatar.com\/avatar\/d569ee5739a9c7022470ea472c9b4b9cf476e15f1be71e5242c911d673d14ad9?s=96&d=mm&r=g","contentUrl":"https:\/\/secure.gravatar.com\/avatar\/d569ee5739a9c7022470ea472c9b4b9cf476e15f1be71e5242c911d673d14ad9?s=96&d=mm&r=g","caption":"Salvem sa Badia"}}]}},"_links":{"self":[{"href":"https:\/\/www.salvemsabadia.com\/es\/wp-json\/wp\/v2\/posts\/2671","targetHints":{"allow":["GET"]}}],"collection":[{"href":"https:\/\/www.salvemsabadia.com\/es\/wp-json\/wp\/v2\/posts"}],"about":[{"href":"https:\/\/www.salvemsabadia.com\/es\/wp-json\/wp\/v2\/types\/post"}],"author":[{"embeddable":true,"href":"https:\/\/www.salvemsabadia.com\/es\/wp-json\/wp\/v2\/users\/2"}],"replies":[{"embeddable":true,"href":"https:\/\/www.salvemsabadia.com\/es\/wp-json\/wp\/v2\/comments?post=2671"}],"version-history":[{"count":0,"href":"https:\/\/www.salvemsabadia.com\/es\/wp-json\/wp\/v2\/posts\/2671\/revisions"}],"wp:featuredmedia":[{"embeddable":true,"href":"https:\/\/www.salvemsabadia.com\/es\/wp-json\/wp\/v2\/media\/2674"}],"wp:attachment":[{"href":"https:\/\/www.salvemsabadia.com\/es\/wp-json\/wp\/v2\/media?parent=2671"}],"wp:term":[{"taxonomy":"category","embeddable":true,"href":"https:\/\/www.salvemsabadia.com\/es\/wp-json\/wp\/v2\/categories?post=2671"},{"taxonomy":"post_tag","embeddable":true,"href":"https:\/\/www.salvemsabadia.com\/es\/wp-json\/wp\/v2\/tags?post=2671"}],"curies":[{"name":"wp","href":"https:\/\/api.w.org\/{rel}","templated":true}]}}