{"id":273,"date":"2020-04-30T11:10:13","date_gmt":"2020-04-30T09:10:13","guid":{"rendered":"https:\/\/www.salvemsabadia.com\/?p=273"},"modified":"2022-08-15T09:49:36","modified_gmt":"2022-08-15T07:49:36","slug":"mas-de-un-centenar-de-desagues-y-aliviaderos-muchos-de-ellos-de-origen-desconocido-vierten-en-la-bahia-de-portmany-y-su-entorno","status":"publish","type":"post","link":"https:\/\/www.salvemsabadia.com\/es\/mas-de-un-centenar-de-desagues-y-aliviaderos-muchos-de-ellos-de-origen-desconocido-vierten-en-la-bahia-de-portmany-y-su-entorno\/","title":{"rendered":"M\u00e1s de un centenar de desag\u00fces y aliviaderos, muchos de ellos de origen desconocido, vierten en la bah\u00eda de Portmany y su entorno"},"content":{"rendered":"<p><img loading=\"lazy\" decoding=\"async\" class=\"alignnone wp-image-274 size-full\" src=\"https:\/\/www.salvemsabadia.com\/wp-content\/uploads\/2020\/04\/Pantallazo-ideIB-scaled.jpg\" alt=\"\" width=\"2560\" height=\"1412\" srcset=\"https:\/\/www.salvemsabadia.com\/wp-content\/uploads\/2020\/04\/Pantallazo-ideIB-scaled.jpg 2560w, https:\/\/www.salvemsabadia.com\/wp-content\/uploads\/2020\/04\/Pantallazo-ideIB-300x165.jpg 300w, https:\/\/www.salvemsabadia.com\/wp-content\/uploads\/2020\/04\/Pantallazo-ideIB-1024x565.jpg 1024w, https:\/\/www.salvemsabadia.com\/wp-content\/uploads\/2020\/04\/Pantallazo-ideIB-768x424.jpg 768w, https:\/\/www.salvemsabadia.com\/wp-content\/uploads\/2020\/04\/Pantallazo-ideIB-1536x847.jpg 1536w, https:\/\/www.salvemsabadia.com\/wp-content\/uploads\/2020\/04\/Pantallazo-ideIB-2048x1130.jpg 2048w\" sizes=\"auto, (max-width: 2560px) 100vw, 2560px\" \/><\/p>\n<p>La iniciativa \u2018Salvem sa Badia de Portmany\u2019 ha realizado un recuento de los desag\u00fces y aliviaderos submarinos que existen en la bah\u00eda de Sant Antoni. Este an\u00e1lisis concluye que en la actualidad hay un total 109 conductos que vierten directamente en el mar. Muchos de ellos no cuentan con autorizaci\u00f3n y, adem\u00e1s, se desconoce si son pluviales o fecales.<\/p>\n<p>Para la realizaci\u00f3n de este recuento se ha utilizado como fuente la Infraestructura de Dades Espacials de les Illes Balears (ideIB), que gestiona el Govern balear. Esta herramienta, de libre acceso a trav\u00e9s de Internet, recopila datos procedentes de distintas fuentes institucionales. La ideIB establece que en el litoral que abarca desde Cala Bassa hasta Cala Graci\u00f3 existen un total de 100 conductos de vertido. De ellos, 47 ser\u00edan desag\u00fces y el resto canalizaciones de naturaleza indefinida. Dichos elementos est\u00e1n realizados con materiales muy diversos, como pvc, hormig\u00f3n, aluminio, fibrocemento, hierro, acero inoxidable o polivinilo, entre otros.<\/p>\n<p>A las citadas conducciones, adem\u00e1s, hay que sumar el emisario de es Cal\u00f3 de s\u2019Oli y otros ocho aliviaderos que derivan aguas fecales al mar cada vez que se produce un atasco en el colector principal que discurre en paralelo a la costa. Esta situaci\u00f3n, que deber\u00eda de ser excepcional, ocurre con m\u00e1s frecuencia de la que ser\u00eda deseable, ya que el colector de aguas fecales es una infraestructura muy obsoleta, instalada en los a\u00f1os 70; es decir, hace casi medio siglo. Dichos ocho aliviaderos se adentran ligeramente en el mar y est\u00e1n situados en ses Coves Blanques, es Pouet, s\u2019Estanyol, es Cal\u00f3 d\u2019en Serral (dos), Punta Pinet, Punta Xinx\u00f3 i Punta de ses Fontanelles. Por tanto, al igual que ocurre con el centenar de desag\u00fces y canalizaciones que existen en la misma zona, se distribuyen por toda la bah\u00eda, tanto en territorio de Sant Antoni de Portmany como de Sant Josep de sa Talaia.<\/p>\n<p>La contaminaci\u00f3n de la bah\u00eda a causa de los vertidos de aguas fecales constituye una de los mayores debilidades que afronta un territorio en el que residen unos 28.000 habitantes y con alrededor de 30.000 plazas tur\u00edsticas. En este sentido, es importante recordar que la Agencia Europea de Medio Ambiente calific\u00f3 el a\u00f1o pasado a un total de nueve playas espa\u00f1olas como insalubres; entre ellas, la bah\u00eda de Portmany. La reducci\u00f3n de los \u00edndices de contaminaci\u00f3n, por tanto, constituye un objetivo estrat\u00e9gico tanto para mejorar la calidad de las aguas de ba\u00f1o como para ofrecer garant\u00edas sanitarias a los ba\u00f1istas y evitar un grave deterioro en la imagen de la bah\u00eda como destino tur\u00edstico de sol y playa.<\/p>\n<p>Asimismo, los informes que posee el Ministerio de Sanidad, que recopilan los resultados de los an\u00e1lisis que se realizaron durante todo el verano de 2018 en las playas ibicencas y que se hicieron p\u00fablicos en junio del a\u00f1o pasado, se\u00f1alan que solo diez playas de la isla registraron niveles de contaminaci\u00f3n fecal superiores a los permitidos por la ley. Sin embargo, seis de ellas se encuentran en el entorno de la bah\u00eda: Cala Bassa, Port des Torrent, es Pinet, es Pouet, s\u2019Arenal y Cal\u00f3 des Moro. S\u2019Arenal, de hecho, suspendi\u00f3 todos los an\u00e1lisis practicados.<\/p>\n<p>El inventario de la ideIB recopila los desag\u00fces y aliviadores submarinos detectados en el a\u00f1o 2007, por lo que ser\u00eda de vital importancia actualizar este mapa de conducciones y establecer, adem\u00e1s, la funci\u00f3n precisa de cada uno de ellos, ya que hasta al momento es desconocida. A ello hay que sumar una cantidad indefinida de conducciones que no han sido detectadas por las administraciones locales y que, por tanto, no constan en las cifras y registros oficiales.<\/p>\n","protected":false},"excerpt":{"rendered":"<p>La iniciativa \u2018Salvem sa Badia de Portmany\u2019 ha realizado un recuento de los desag\u00fces y aliviaderos submarinos que existen en la bah\u00eda de Sant Antoni. Este an\u00e1lisis concluye que en&#8230;<\/p>\n","protected":false},"author":2,"featured_media":274,"comment_status":"open","ping_status":"open","sticky":false,"template":"","format":"standard","meta":{"give_campaign_id":0,"footnotes":""},"categories":[203,106],"tags":[14,12,16,15,13],"class_list":{"0":"post-273","1":"post","2":"type-post","3":"status-publish","4":"format-standard","5":"has-post-thumbnail","7":"category-calidad-del-agua","8":"category-destacado","9":"tag-bahia-de-sant-antoni","10":"tag-contaminacion","11":"tag-eivissa","12":"tag-ibiza","13":"tag-vertidos"},"yoast_head":"<!-- This site is optimized with the Yoast SEO plugin v26.8 - https:\/\/yoast.com\/product\/yoast-seo-wordpress\/ -->\n<title>M\u00e1s de un centenar de desag\u00fces y aliviaderos, muchos de ellos de origen desconocido, vierten en la bah\u00eda de Portmany y su entorno - Salvem Sa Badia de Portmany<\/title>\n<meta name=\"robots\" content=\"index, follow, max-snippet:-1, max-image-preview:large, max-video-preview:-1\" \/>\n<link rel=\"canonical\" href=\"https:\/\/www.salvemsabadia.com\/mes-dun-centenar-de-desguassos-i-sobreeixidors-molts-dells-dorigen-desconegut-aboquen-a-la-badia-de-portmany-i-el-seu-entorn\/\" \/>\n<meta property=\"og:locale\" content=\"es_ES\" \/>\n<meta property=\"og:type\" content=\"article\" \/>\n<meta property=\"og:title\" content=\"M\u00e1s de un centenar de desag\u00fces y aliviaderos, muchos de ellos de origen desconocido, vierten en la bah\u00eda de Portmany y su entorno - Salvem Sa Badia de Portmany\" \/>\n<meta property=\"og:description\" content=\"La iniciativa \u2018Salvem sa Badia de Portmany\u2019 ha realizado un recuento de los desag\u00fces y aliviaderos submarinos que existen en la bah\u00eda de Sant Antoni. Este an\u00e1lisis concluye que en...\" \/>\n<meta property=\"og:url\" content=\"https:\/\/www.salvemsabadia.com\/mes-dun-centenar-de-desguassos-i-sobreeixidors-molts-dells-dorigen-desconegut-aboquen-a-la-badia-de-portmany-i-el-seu-entorn\/\" \/>\n<meta property=\"og:site_name\" content=\"Salvem Sa Badia de Portmany\" \/>\n<meta property=\"article:published_time\" content=\"2020-04-30T09:10:13+00:00\" \/>\n<meta property=\"article:modified_time\" content=\"2022-08-15T07:49:36+00:00\" \/>\n<meta property=\"og:image\" content=\"https:\/\/www.salvemsabadia.com\/wp-content\/uploads\/2020\/04\/Pantallazo-ideIB-scaled.jpg\" \/>\n\t<meta property=\"og:image:width\" content=\"2560\" \/>\n\t<meta property=\"og:image:height\" content=\"1412\" \/>\n\t<meta property=\"og:image:type\" content=\"image\/jpeg\" \/>\n<meta name=\"author\" content=\"Salvem sa Badia\" \/>\n<meta name=\"twitter:card\" content=\"summary_large_image\" \/>\n<meta name=\"twitter:label1\" content=\"Escrito por\" \/>\n\t<meta name=\"twitter:data1\" content=\"Salvem sa Badia\" \/>\n\t<meta name=\"twitter:label2\" content=\"Tiempo de lectura\" \/>\n\t<meta name=\"twitter:data2\" content=\"3 minutos\" \/>\n<script type=\"application\/ld+json\" class=\"yoast-schema-graph\">{\"@context\":\"https:\/\/schema.org\",\"@graph\":[{\"@type\":\"Article\",\"@id\":\"https:\/\/www.salvemsabadia.com\/mes-dun-centenar-de-desguassos-i-sobreeixidors-molts-dells-dorigen-desconegut-aboquen-a-la-badia-de-portmany-i-el-seu-entorn\/#article\",\"isPartOf\":{\"@id\":\"https:\/\/www.salvemsabadia.com\/mes-dun-centenar-de-desguassos-i-sobreeixidors-molts-dells-dorigen-desconegut-aboquen-a-la-badia-de-portmany-i-el-seu-entorn\/\"},\"author\":{\"name\":\"Salvem sa Badia\",\"@id\":\"https:\/\/www.salvemsabadia.com\/#\/schema\/person\/5d08c5118adcb4140d13bde4826ba122\"},\"headline\":\"M\u00e1s de un centenar de desag\u00fces y aliviaderos, muchos de ellos de origen desconocido, vierten en la bah\u00eda de Portmany y su entorno\",\"datePublished\":\"2020-04-30T09:10:13+00:00\",\"dateModified\":\"2022-08-15T07:49:36+00:00\",\"mainEntityOfPage\":{\"@id\":\"https:\/\/www.salvemsabadia.com\/mes-dun-centenar-de-desguassos-i-sobreeixidors-molts-dells-dorigen-desconegut-aboquen-a-la-badia-de-portmany-i-el-seu-entorn\/\"},\"wordCount\":669,\"commentCount\":1,\"publisher\":{\"@id\":\"https:\/\/www.salvemsabadia.com\/#organization\"},\"image\":{\"@id\":\"https:\/\/www.salvemsabadia.com\/mes-dun-centenar-de-desguassos-i-sobreeixidors-molts-dells-dorigen-desconegut-aboquen-a-la-badia-de-portmany-i-el-seu-entorn\/#primaryimage\"},\"thumbnailUrl\":\"https:\/\/www.salvemsabadia.com\/wp-content\/uploads\/2020\/04\/Pantallazo-ideIB-scaled.jpg\",\"keywords\":[\"Bah\u00eda de Sant Antoni\",\"Contaminaci\u00f3n\",\"Eivissa\",\"Ibiza\",\"Vertidos\"],\"articleSection\":[\"Calidad del agua\",\"Destacado\"],\"inLanguage\":\"es\",\"potentialAction\":[{\"@type\":\"CommentAction\",\"name\":\"Comment\",\"target\":[\"https:\/\/www.salvemsabadia.com\/mes-dun-centenar-de-desguassos-i-sobreeixidors-molts-dells-dorigen-desconegut-aboquen-a-la-badia-de-portmany-i-el-seu-entorn\/#respond\"]}]},{\"@type\":\"WebPage\",\"@id\":\"https:\/\/www.salvemsabadia.com\/mes-dun-centenar-de-desguassos-i-sobreeixidors-molts-dells-dorigen-desconegut-aboquen-a-la-badia-de-portmany-i-el-seu-entorn\/\",\"url\":\"https:\/\/www.salvemsabadia.com\/mes-dun-centenar-de-desguassos-i-sobreeixidors-molts-dells-dorigen-desconegut-aboquen-a-la-badia-de-portmany-i-el-seu-entorn\/\",\"name\":\"M\u00e1s de un centenar de desag\u00fces y aliviaderos, muchos de ellos de origen desconocido, vierten en la bah\u00eda de Portmany y su entorno - Salvem Sa Badia de Portmany\",\"isPartOf\":{\"@id\":\"https:\/\/www.salvemsabadia.com\/#website\"},\"primaryImageOfPage\":{\"@id\":\"https:\/\/www.salvemsabadia.com\/mes-dun-centenar-de-desguassos-i-sobreeixidors-molts-dells-dorigen-desconegut-aboquen-a-la-badia-de-portmany-i-el-seu-entorn\/#primaryimage\"},\"image\":{\"@id\":\"https:\/\/www.salvemsabadia.com\/mes-dun-centenar-de-desguassos-i-sobreeixidors-molts-dells-dorigen-desconegut-aboquen-a-la-badia-de-portmany-i-el-seu-entorn\/#primaryimage\"},\"thumbnailUrl\":\"https:\/\/www.salvemsabadia.com\/wp-content\/uploads\/2020\/04\/Pantallazo-ideIB-scaled.jpg\",\"datePublished\":\"2020-04-30T09:10:13+00:00\",\"dateModified\":\"2022-08-15T07:49:36+00:00\",\"breadcrumb\":{\"@id\":\"https:\/\/www.salvemsabadia.com\/mes-dun-centenar-de-desguassos-i-sobreeixidors-molts-dells-dorigen-desconegut-aboquen-a-la-badia-de-portmany-i-el-seu-entorn\/#breadcrumb\"},\"inLanguage\":\"es\",\"potentialAction\":[{\"@type\":\"ReadAction\",\"target\":[\"https:\/\/www.salvemsabadia.com\/mes-dun-centenar-de-desguassos-i-sobreeixidors-molts-dells-dorigen-desconegut-aboquen-a-la-badia-de-portmany-i-el-seu-entorn\/\"]}]},{\"@type\":\"ImageObject\",\"inLanguage\":\"es\",\"@id\":\"https:\/\/www.salvemsabadia.com\/mes-dun-centenar-de-desguassos-i-sobreeixidors-molts-dells-dorigen-desconegut-aboquen-a-la-badia-de-portmany-i-el-seu-entorn\/#primaryimage\",\"url\":\"https:\/\/www.salvemsabadia.com\/wp-content\/uploads\/2020\/04\/Pantallazo-ideIB-scaled.jpg\",\"contentUrl\":\"https:\/\/www.salvemsabadia.com\/wp-content\/uploads\/2020\/04\/Pantallazo-ideIB-scaled.jpg\",\"width\":2560,\"height\":1412},{\"@type\":\"BreadcrumbList\",\"@id\":\"https:\/\/www.salvemsabadia.com\/mes-dun-centenar-de-desguassos-i-sobreeixidors-molts-dells-dorigen-desconegut-aboquen-a-la-badia-de-portmany-i-el-seu-entorn\/#breadcrumb\",\"itemListElement\":[{\"@type\":\"ListItem\",\"position\":1,\"name\":\"Portada\",\"item\":\"https:\/\/www.salvemsabadia.com\/es\/\"},{\"@type\":\"ListItem\",\"position\":2,\"name\":\"M\u00e1s de un centenar de desag\u00fces y aliviaderos, muchos de ellos de origen desconocido, vierten en la bah\u00eda de Portmany y su entorno\"}]},{\"@type\":\"WebSite\",\"@id\":\"https:\/\/www.salvemsabadia.com\/#website\",\"url\":\"https:\/\/www.salvemsabadia.com\/\",\"name\":\"Salvem Sa Badia de Portmany\",\"description\":\"\",\"publisher\":{\"@id\":\"https:\/\/www.salvemsabadia.com\/#organization\"},\"potentialAction\":[{\"@type\":\"SearchAction\",\"target\":{\"@type\":\"EntryPoint\",\"urlTemplate\":\"https:\/\/www.salvemsabadia.com\/?s={search_term_string}\"},\"query-input\":{\"@type\":\"PropertyValueSpecification\",\"valueRequired\":true,\"valueName\":\"search_term_string\"}}],\"inLanguage\":\"es\"},{\"@type\":\"Organization\",\"@id\":\"https:\/\/www.salvemsabadia.com\/#organization\",\"name\":\"Salvem Sa Badia de Portmany\",\"url\":\"https:\/\/www.salvemsabadia.com\/\",\"logo\":{\"@type\":\"ImageObject\",\"inLanguage\":\"es\",\"@id\":\"https:\/\/www.salvemsabadia.com\/#\/schema\/logo\/image\/\",\"url\":\"https:\/\/www.salvemsabadia.com\/wp-content\/uploads\/2020\/03\/logo.png\",\"contentUrl\":\"https:\/\/www.salvemsabadia.com\/wp-content\/uploads\/2020\/03\/logo.png\",\"width\":188,\"height\":151,\"caption\":\"Salvem Sa Badia de Portmany\"},\"image\":{\"@id\":\"https:\/\/www.salvemsabadia.com\/#\/schema\/logo\/image\/\"}},{\"@type\":\"Person\",\"@id\":\"https:\/\/www.salvemsabadia.com\/#\/schema\/person\/5d08c5118adcb4140d13bde4826ba122\",\"name\":\"Salvem sa Badia\",\"image\":{\"@type\":\"ImageObject\",\"inLanguage\":\"es\",\"@id\":\"https:\/\/www.salvemsabadia.com\/#\/schema\/person\/image\/\",\"url\":\"https:\/\/secure.gravatar.com\/avatar\/d569ee5739a9c7022470ea472c9b4b9cf476e15f1be71e5242c911d673d14ad9?s=96&d=mm&r=g\",\"contentUrl\":\"https:\/\/secure.gravatar.com\/avatar\/d569ee5739a9c7022470ea472c9b4b9cf476e15f1be71e5242c911d673d14ad9?s=96&d=mm&r=g\",\"caption\":\"Salvem sa Badia\"}}]}<\/script>\n<!-- \/ Yoast SEO plugin. -->","yoast_head_json":{"title":"M\u00e1s de un centenar de desag\u00fces y aliviaderos, muchos de ellos de origen desconocido, vierten en la bah\u00eda de Portmany y su entorno - Salvem Sa Badia de Portmany","robots":{"index":"index","follow":"follow","max-snippet":"max-snippet:-1","max-image-preview":"max-image-preview:large","max-video-preview":"max-video-preview:-1"},"canonical":"https:\/\/www.salvemsabadia.com\/mes-dun-centenar-de-desguassos-i-sobreeixidors-molts-dells-dorigen-desconegut-aboquen-a-la-badia-de-portmany-i-el-seu-entorn\/","og_locale":"es_ES","og_type":"article","og_title":"M\u00e1s de un centenar de desag\u00fces y aliviaderos, muchos de ellos de origen desconocido, vierten en la bah\u00eda de Portmany y su entorno - Salvem Sa Badia de Portmany","og_description":"La iniciativa \u2018Salvem sa Badia de Portmany\u2019 ha realizado un recuento de los desag\u00fces y aliviaderos submarinos que existen en la bah\u00eda de Sant Antoni. Este an\u00e1lisis concluye que en...","og_url":"https:\/\/www.salvemsabadia.com\/mes-dun-centenar-de-desguassos-i-sobreeixidors-molts-dells-dorigen-desconegut-aboquen-a-la-badia-de-portmany-i-el-seu-entorn\/","og_site_name":"Salvem Sa Badia de Portmany","article_published_time":"2020-04-30T09:10:13+00:00","article_modified_time":"2022-08-15T07:49:36+00:00","og_image":[{"width":2560,"height":1412,"url":"https:\/\/www.salvemsabadia.com\/wp-content\/uploads\/2020\/04\/Pantallazo-ideIB-scaled.jpg","type":"image\/jpeg"}],"author":"Salvem sa Badia","twitter_card":"summary_large_image","twitter_misc":{"Escrito por":"Salvem sa Badia","Tiempo de lectura":"3 minutos"},"schema":{"@context":"https:\/\/schema.org","@graph":[{"@type":"Article","@id":"https:\/\/www.salvemsabadia.com\/mes-dun-centenar-de-desguassos-i-sobreeixidors-molts-dells-dorigen-desconegut-aboquen-a-la-badia-de-portmany-i-el-seu-entorn\/#article","isPartOf":{"@id":"https:\/\/www.salvemsabadia.com\/mes-dun-centenar-de-desguassos-i-sobreeixidors-molts-dells-dorigen-desconegut-aboquen-a-la-badia-de-portmany-i-el-seu-entorn\/"},"author":{"name":"Salvem sa Badia","@id":"https:\/\/www.salvemsabadia.com\/#\/schema\/person\/5d08c5118adcb4140d13bde4826ba122"},"headline":"M\u00e1s de un centenar de desag\u00fces y aliviaderos, muchos de ellos de origen desconocido, vierten en la bah\u00eda de Portmany y su entorno","datePublished":"2020-04-30T09:10:13+00:00","dateModified":"2022-08-15T07:49:36+00:00","mainEntityOfPage":{"@id":"https:\/\/www.salvemsabadia.com\/mes-dun-centenar-de-desguassos-i-sobreeixidors-molts-dells-dorigen-desconegut-aboquen-a-la-badia-de-portmany-i-el-seu-entorn\/"},"wordCount":669,"commentCount":1,"publisher":{"@id":"https:\/\/www.salvemsabadia.com\/#organization"},"image":{"@id":"https:\/\/www.salvemsabadia.com\/mes-dun-centenar-de-desguassos-i-sobreeixidors-molts-dells-dorigen-desconegut-aboquen-a-la-badia-de-portmany-i-el-seu-entorn\/#primaryimage"},"thumbnailUrl":"https:\/\/www.salvemsabadia.com\/wp-content\/uploads\/2020\/04\/Pantallazo-ideIB-scaled.jpg","keywords":["Bah\u00eda de Sant Antoni","Contaminaci\u00f3n","Eivissa","Ibiza","Vertidos"],"articleSection":["Calidad del agua","Destacado"],"inLanguage":"es","potentialAction":[{"@type":"CommentAction","name":"Comment","target":["https:\/\/www.salvemsabadia.com\/mes-dun-centenar-de-desguassos-i-sobreeixidors-molts-dells-dorigen-desconegut-aboquen-a-la-badia-de-portmany-i-el-seu-entorn\/#respond"]}]},{"@type":"WebPage","@id":"https:\/\/www.salvemsabadia.com\/mes-dun-centenar-de-desguassos-i-sobreeixidors-molts-dells-dorigen-desconegut-aboquen-a-la-badia-de-portmany-i-el-seu-entorn\/","url":"https:\/\/www.salvemsabadia.com\/mes-dun-centenar-de-desguassos-i-sobreeixidors-molts-dells-dorigen-desconegut-aboquen-a-la-badia-de-portmany-i-el-seu-entorn\/","name":"M\u00e1s de un centenar de desag\u00fces y aliviaderos, muchos de ellos de origen desconocido, vierten en la bah\u00eda de Portmany y su entorno - Salvem Sa Badia de Portmany","isPartOf":{"@id":"https:\/\/www.salvemsabadia.com\/#website"},"primaryImageOfPage":{"@id":"https:\/\/www.salvemsabadia.com\/mes-dun-centenar-de-desguassos-i-sobreeixidors-molts-dells-dorigen-desconegut-aboquen-a-la-badia-de-portmany-i-el-seu-entorn\/#primaryimage"},"image":{"@id":"https:\/\/www.salvemsabadia.com\/mes-dun-centenar-de-desguassos-i-sobreeixidors-molts-dells-dorigen-desconegut-aboquen-a-la-badia-de-portmany-i-el-seu-entorn\/#primaryimage"},"thumbnailUrl":"https:\/\/www.salvemsabadia.com\/wp-content\/uploads\/2020\/04\/Pantallazo-ideIB-scaled.jpg","datePublished":"2020-04-30T09:10:13+00:00","dateModified":"2022-08-15T07:49:36+00:00","breadcrumb":{"@id":"https:\/\/www.salvemsabadia.com\/mes-dun-centenar-de-desguassos-i-sobreeixidors-molts-dells-dorigen-desconegut-aboquen-a-la-badia-de-portmany-i-el-seu-entorn\/#breadcrumb"},"inLanguage":"es","potentialAction":[{"@type":"ReadAction","target":["https:\/\/www.salvemsabadia.com\/mes-dun-centenar-de-desguassos-i-sobreeixidors-molts-dells-dorigen-desconegut-aboquen-a-la-badia-de-portmany-i-el-seu-entorn\/"]}]},{"@type":"ImageObject","inLanguage":"es","@id":"https:\/\/www.salvemsabadia.com\/mes-dun-centenar-de-desguassos-i-sobreeixidors-molts-dells-dorigen-desconegut-aboquen-a-la-badia-de-portmany-i-el-seu-entorn\/#primaryimage","url":"https:\/\/www.salvemsabadia.com\/wp-content\/uploads\/2020\/04\/Pantallazo-ideIB-scaled.jpg","contentUrl":"https:\/\/www.salvemsabadia.com\/wp-content\/uploads\/2020\/04\/Pantallazo-ideIB-scaled.jpg","width":2560,"height":1412},{"@type":"BreadcrumbList","@id":"https:\/\/www.salvemsabadia.com\/mes-dun-centenar-de-desguassos-i-sobreeixidors-molts-dells-dorigen-desconegut-aboquen-a-la-badia-de-portmany-i-el-seu-entorn\/#breadcrumb","itemListElement":[{"@type":"ListItem","position":1,"name":"Portada","item":"https:\/\/www.salvemsabadia.com\/es\/"},{"@type":"ListItem","position":2,"name":"M\u00e1s de un centenar de desag\u00fces y aliviaderos, muchos de ellos de origen desconocido, vierten en la bah\u00eda de Portmany y su entorno"}]},{"@type":"WebSite","@id":"https:\/\/www.salvemsabadia.com\/#website","url":"https:\/\/www.salvemsabadia.com\/","name":"Salvem Sa Badia de Portmany","description":"","publisher":{"@id":"https:\/\/www.salvemsabadia.com\/#organization"},"potentialAction":[{"@type":"SearchAction","target":{"@type":"EntryPoint","urlTemplate":"https:\/\/www.salvemsabadia.com\/?s={search_term_string}"},"query-input":{"@type":"PropertyValueSpecification","valueRequired":true,"valueName":"search_term_string"}}],"inLanguage":"es"},{"@type":"Organization","@id":"https:\/\/www.salvemsabadia.com\/#organization","name":"Salvem Sa Badia de Portmany","url":"https:\/\/www.salvemsabadia.com\/","logo":{"@type":"ImageObject","inLanguage":"es","@id":"https:\/\/www.salvemsabadia.com\/#\/schema\/logo\/image\/","url":"https:\/\/www.salvemsabadia.com\/wp-content\/uploads\/2020\/03\/logo.png","contentUrl":"https:\/\/www.salvemsabadia.com\/wp-content\/uploads\/2020\/03\/logo.png","width":188,"height":151,"caption":"Salvem Sa Badia de Portmany"},"image":{"@id":"https:\/\/www.salvemsabadia.com\/#\/schema\/logo\/image\/"}},{"@type":"Person","@id":"https:\/\/www.salvemsabadia.com\/#\/schema\/person\/5d08c5118adcb4140d13bde4826ba122","name":"Salvem sa Badia","image":{"@type":"ImageObject","inLanguage":"es","@id":"https:\/\/www.salvemsabadia.com\/#\/schema\/person\/image\/","url":"https:\/\/secure.gravatar.com\/avatar\/d569ee5739a9c7022470ea472c9b4b9cf476e15f1be71e5242c911d673d14ad9?s=96&d=mm&r=g","contentUrl":"https:\/\/secure.gravatar.com\/avatar\/d569ee5739a9c7022470ea472c9b4b9cf476e15f1be71e5242c911d673d14ad9?s=96&d=mm&r=g","caption":"Salvem sa Badia"}}]}},"_links":{"self":[{"href":"https:\/\/www.salvemsabadia.com\/es\/wp-json\/wp\/v2\/posts\/273","targetHints":{"allow":["GET"]}}],"collection":[{"href":"https:\/\/www.salvemsabadia.com\/es\/wp-json\/wp\/v2\/posts"}],"about":[{"href":"https:\/\/www.salvemsabadia.com\/es\/wp-json\/wp\/v2\/types\/post"}],"author":[{"embeddable":true,"href":"https:\/\/www.salvemsabadia.com\/es\/wp-json\/wp\/v2\/users\/2"}],"replies":[{"embeddable":true,"href":"https:\/\/www.salvemsabadia.com\/es\/wp-json\/wp\/v2\/comments?post=273"}],"version-history":[{"count":0,"href":"https:\/\/www.salvemsabadia.com\/es\/wp-json\/wp\/v2\/posts\/273\/revisions"}],"wp:featuredmedia":[{"embeddable":true,"href":"https:\/\/www.salvemsabadia.com\/es\/wp-json\/wp\/v2\/media\/274"}],"wp:attachment":[{"href":"https:\/\/www.salvemsabadia.com\/es\/wp-json\/wp\/v2\/media?parent=273"}],"wp:term":[{"taxonomy":"category","embeddable":true,"href":"https:\/\/www.salvemsabadia.com\/es\/wp-json\/wp\/v2\/categories?post=273"},{"taxonomy":"post_tag","embeddable":true,"href":"https:\/\/www.salvemsabadia.com\/es\/wp-json\/wp\/v2\/tags?post=273"}],"curies":[{"name":"wp","href":"https:\/\/api.w.org\/{rel}","templated":true}]}}