{"id":2744,"date":"2022-01-03T16:17:58","date_gmt":"2022-01-03T15:17:58","guid":{"rendered":"https:\/\/www.salvemsabadia.com\/?p=2744"},"modified":"2022-08-15T10:46:26","modified_gmt":"2022-08-15T08:46:26","slug":"la-reduccion-de-eslora-de-los-ferris-aprobada-por-el-govern-una-decision-que-ha-acabado-siendo-positiva-para-la-bahia-de-portmany","status":"publish","type":"post","link":"https:\/\/www.salvemsabadia.com\/es\/la-reduccion-de-eslora-de-los-ferris-aprobada-por-el-govern-una-decision-que-ha-acabado-siendo-positiva-para-la-bahia-de-portmany\/","title":{"rendered":"La reducci\u00f3n de eslora de los ferris aprobada  por el Govern, una decisi\u00f3n que ha acabado siendo positiva para la bah\u00eda de Portmany"},"content":{"rendered":"<p><img loading=\"lazy\" decoding=\"async\" class=\"alignnone wp-image-2745 size-full\" src=\"https:\/\/www.salvemsabadia.com\/wp-content\/uploads\/2022\/01\/IMG_3524-min-scaled.jpg\" alt=\"\" width=\"2560\" height=\"1920\" srcset=\"https:\/\/www.salvemsabadia.com\/wp-content\/uploads\/2022\/01\/IMG_3524-min-scaled.jpg 2560w, https:\/\/www.salvemsabadia.com\/wp-content\/uploads\/2022\/01\/IMG_3524-min-300x225.jpg 300w, https:\/\/www.salvemsabadia.com\/wp-content\/uploads\/2022\/01\/IMG_3524-min-1024x768.jpg 1024w, https:\/\/www.salvemsabadia.com\/wp-content\/uploads\/2022\/01\/IMG_3524-min-768x576.jpg 768w, https:\/\/www.salvemsabadia.com\/wp-content\/uploads\/2022\/01\/IMG_3524-min-1536x1152.jpg 1536w, https:\/\/www.salvemsabadia.com\/wp-content\/uploads\/2022\/01\/IMG_3524-min-2048x1536.jpg 2048w\" sizes=\"auto, (max-width: 2560px) 100vw, 2560px\" \/><\/p>\n<p>A pesar de que la vuelta de los ferris al puerto de Sant Antoni aprobada por el Govern balear para a partir de junio de 2021 no fue la soluci\u00f3n que se reclamaba desde el movimiento Salvem Sa Badia de Portmany y otros colectivos e instituciones, la realidad es que las condiciones impuestas por el conseller de Movilidad y Vivienda, Josep Mar\u00ed Ribas, Agustinet, han acabado teniendo un resultando positivo para la bah\u00eda. Lo demuestra el hecho de que, en estos seis meses en que pod\u00eda haberse retomarse el tr\u00e1fico comercial, ninguna naviera ha solicitado hacerse cargo del servicio y la bah\u00eda ha continuado con el proceso de recuperaci\u00f3n que se inici\u00f3 con la implantaci\u00f3n de la moratoria del tr\u00e1fico comercial, en 2019.<\/p>\n<p>La imposici\u00f3n de una eslora m\u00e1xima de 65 metros como condici\u00f3n indispensable para poder operar en el puerto ha sido clave para que las navieras no retomen el servicio. Dicha decisi\u00f3n se ha acabado revelando como una soluci\u00f3n inteligente por parte de la Conselleria de Movilidad y Vivienda y de Ports IB, ya que, en la pr\u00e1ctica, se ha traducido en la desaparici\u00f3n del tr\u00e1fico comercial en la bah\u00eda de Portmany. Adem\u00e1s, ajust\u00e1ndose a la ley y a las presiones de las propias navieras, que no quer\u00edan que el puerto se mantuviera cerrado.<\/p>\n<p>Pese a que finalmente desde el Govern se adopt\u00f3 una v\u00eda indirecta, la realidad es que los ferris han seguido apartados de la bah\u00eda, tal y como se hab\u00eda pedido tambi\u00e9n desde los plenos municipales de Sant Antoni de Portmany y Sant Josep de Sa Talaia, el Comit\u00e9 Ciudadano de Sant Antoni y la Asociaci\u00f3n de Hoteleros de Sant Antoni y la Bah\u00eda.<\/p>\n<p>Durante estos a\u00f1os sin ferris, la bah\u00eda ha mejorado sustancialmente su situaci\u00f3n ambiental, como ha podido constatarse en las playas estas \u00faltimas temporadas, en las que el agua registr\u00f3 mejores niveles de transparencia. La soluci\u00f3n implantada por Agustinet, adem\u00e1s, ha coincidido con otras actuaciones en la bah\u00eda, como por ejemplo las operaciones de limpieza de los fondos, que permitieron recuperar 200 toneladas de residuos y muertos ilegales, lideradas por ambos consistorios en la primavera del a\u00f1o pasado.<\/p>\n<p>Para Salvem Sa Badia de Portmany resultar\u00eda importante que, a medio plazo, se aprobara definitivamente la paralizaci\u00f3n del tr\u00e1fico comercial para que las instalaciones portuarias pudiesen hacerse compatibles con otros usos sociales o culturales, al tiempo que dejarlas preparadas para posibles emergencias.<\/p>\n<p>Ha quedado claro que el futuro del turismo en la bah\u00eda de Portmany pasa por su cuidado medioambiental y la puesta en valor de su patrimonio natural. Entre todos tenemos que seguir trabajando para eliminar los impactos que perjudican a este en-torno.<\/p>\n<p>Tambi\u00e9n produce cierta inquietud la presencia de los dos ferris de una naviera local que llegaron de Canad\u00e1 el pasado septiembre y que a\u00fan permanecen amarrados en el puerto, realizando trabajos de mantenimiento a pesar de que ambos superan el l\u00edmite m\u00e1ximo de eslora implantado por el Govern balear.<\/p>\n","protected":false},"excerpt":{"rendered":"<p>A pesar de que la vuelta de los ferris al puerto de Sant Antoni aprobada por el Govern balear para a partir de junio de 2021 no fue la soluci\u00f3n&#8230;<\/p>\n","protected":false},"author":2,"featured_media":2745,"comment_status":"open","ping_status":"open","sticky":false,"template":"","format":"standard","meta":{"give_campaign_id":0,"footnotes":""},"categories":[106,214,10],"tags":[60],"class_list":{"0":"post-2744","1":"post","2":"type-post","3":"status-publish","4":"format-standard","5":"has-post-thumbnail","7":"category-destacado","8":"category-puerto-de-sant-antoni","9":"category-salvem-sa-badia","10":"tag-ferris"},"yoast_head":"<!-- This site is optimized with the Yoast SEO plugin v26.8 - https:\/\/yoast.com\/product\/yoast-seo-wordpress\/ -->\n<title>La reducci\u00f3n de eslora de los ferris aprobada por el Govern, una decisi\u00f3n que ha acabado siendo positiva para la bah\u00eda de Portmany - Salvem Sa Badia de Portmany<\/title>\n<meta name=\"robots\" content=\"index, follow, max-snippet:-1, max-image-preview:large, max-video-preview:-1\" \/>\n<link rel=\"canonical\" href=\"https:\/\/www.salvemsabadia.com\/la-reduccio-de-eslora-dels-ferris-aprovada-pel-govern-una-decisio-que-ha-acabat-sent-positiva-per-a-la-badia-de-portmany\/\" \/>\n<meta property=\"og:locale\" content=\"es_ES\" \/>\n<meta property=\"og:type\" content=\"article\" \/>\n<meta property=\"og:title\" content=\"La reducci\u00f3n de eslora de los ferris aprobada por el Govern, una decisi\u00f3n que ha acabado siendo positiva para la bah\u00eda de Portmany - Salvem Sa Badia de Portmany\" \/>\n<meta property=\"og:description\" content=\"A pesar de que la vuelta de los ferris al puerto de Sant Antoni aprobada por el Govern balear para a partir de junio de 2021 no fue la soluci\u00f3n...\" \/>\n<meta property=\"og:url\" content=\"https:\/\/www.salvemsabadia.com\/la-reduccio-de-eslora-dels-ferris-aprovada-pel-govern-una-decisio-que-ha-acabat-sent-positiva-per-a-la-badia-de-portmany\/\" \/>\n<meta property=\"og:site_name\" content=\"Salvem Sa Badia de Portmany\" \/>\n<meta property=\"article:published_time\" content=\"2022-01-03T15:17:58+00:00\" \/>\n<meta property=\"article:modified_time\" content=\"2022-08-15T08:46:26+00:00\" \/>\n<meta property=\"og:image\" content=\"https:\/\/www.salvemsabadia.com\/wp-content\/uploads\/2022\/01\/IMG_3524-min-scaled.jpg\" \/>\n\t<meta property=\"og:image:width\" content=\"2560\" \/>\n\t<meta property=\"og:image:height\" content=\"1920\" \/>\n\t<meta property=\"og:image:type\" content=\"image\/jpeg\" \/>\n<meta name=\"author\" content=\"Salvem sa Badia\" \/>\n<meta name=\"twitter:card\" content=\"summary_large_image\" \/>\n<meta name=\"twitter:label1\" content=\"Escrito por\" \/>\n\t<meta name=\"twitter:data1\" content=\"Salvem sa Badia\" \/>\n\t<meta name=\"twitter:label2\" content=\"Tiempo de lectura\" \/>\n\t<meta name=\"twitter:data2\" content=\"3 minutos\" \/>\n<script type=\"application\/ld+json\" class=\"yoast-schema-graph\">{\"@context\":\"https:\/\/schema.org\",\"@graph\":[{\"@type\":\"Article\",\"@id\":\"https:\/\/www.salvemsabadia.com\/la-reduccio-de-eslora-dels-ferris-aprovada-pel-govern-una-decisio-que-ha-acabat-sent-positiva-per-a-la-badia-de-portmany\/#article\",\"isPartOf\":{\"@id\":\"https:\/\/www.salvemsabadia.com\/la-reduccio-de-eslora-dels-ferris-aprovada-pel-govern-una-decisio-que-ha-acabat-sent-positiva-per-a-la-badia-de-portmany\/\"},\"author\":{\"name\":\"Salvem sa Badia\",\"@id\":\"https:\/\/www.salvemsabadia.com\/#\/schema\/person\/5d08c5118adcb4140d13bde4826ba122\"},\"headline\":\"La reducci\u00f3n de eslora de los ferris aprobada por el Govern, una decisi\u00f3n que ha acabado siendo positiva para la bah\u00eda de Portmany\",\"datePublished\":\"2022-01-03T15:17:58+00:00\",\"dateModified\":\"2022-08-15T08:46:26+00:00\",\"mainEntityOfPage\":{\"@id\":\"https:\/\/www.salvemsabadia.com\/la-reduccio-de-eslora-dels-ferris-aprovada-pel-govern-una-decisio-que-ha-acabat-sent-positiva-per-a-la-badia-de-portmany\/\"},\"wordCount\":552,\"commentCount\":0,\"publisher\":{\"@id\":\"https:\/\/www.salvemsabadia.com\/#organization\"},\"image\":{\"@id\":\"https:\/\/www.salvemsabadia.com\/la-reduccio-de-eslora-dels-ferris-aprovada-pel-govern-una-decisio-que-ha-acabat-sent-positiva-per-a-la-badia-de-portmany\/#primaryimage\"},\"thumbnailUrl\":\"https:\/\/www.salvemsabadia.com\/wp-content\/uploads\/2022\/01\/IMG_3524-min-scaled.jpg\",\"keywords\":[\"ferris\"],\"articleSection\":[\"Destacado\",\"Puerto de Sant Antoni\",\"Salvem Sa Badia\"],\"inLanguage\":\"es\",\"potentialAction\":[{\"@type\":\"CommentAction\",\"name\":\"Comment\",\"target\":[\"https:\/\/www.salvemsabadia.com\/la-reduccio-de-eslora-dels-ferris-aprovada-pel-govern-una-decisio-que-ha-acabat-sent-positiva-per-a-la-badia-de-portmany\/#respond\"]}]},{\"@type\":\"WebPage\",\"@id\":\"https:\/\/www.salvemsabadia.com\/la-reduccio-de-eslora-dels-ferris-aprovada-pel-govern-una-decisio-que-ha-acabat-sent-positiva-per-a-la-badia-de-portmany\/\",\"url\":\"https:\/\/www.salvemsabadia.com\/la-reduccio-de-eslora-dels-ferris-aprovada-pel-govern-una-decisio-que-ha-acabat-sent-positiva-per-a-la-badia-de-portmany\/\",\"name\":\"La reducci\u00f3n de eslora de los ferris aprobada por el Govern, una decisi\u00f3n que ha acabado siendo positiva para la bah\u00eda de Portmany - Salvem Sa Badia de Portmany\",\"isPartOf\":{\"@id\":\"https:\/\/www.salvemsabadia.com\/#website\"},\"primaryImageOfPage\":{\"@id\":\"https:\/\/www.salvemsabadia.com\/la-reduccio-de-eslora-dels-ferris-aprovada-pel-govern-una-decisio-que-ha-acabat-sent-positiva-per-a-la-badia-de-portmany\/#primaryimage\"},\"image\":{\"@id\":\"https:\/\/www.salvemsabadia.com\/la-reduccio-de-eslora-dels-ferris-aprovada-pel-govern-una-decisio-que-ha-acabat-sent-positiva-per-a-la-badia-de-portmany\/#primaryimage\"},\"thumbnailUrl\":\"https:\/\/www.salvemsabadia.com\/wp-content\/uploads\/2022\/01\/IMG_3524-min-scaled.jpg\",\"datePublished\":\"2022-01-03T15:17:58+00:00\",\"dateModified\":\"2022-08-15T08:46:26+00:00\",\"breadcrumb\":{\"@id\":\"https:\/\/www.salvemsabadia.com\/la-reduccio-de-eslora-dels-ferris-aprovada-pel-govern-una-decisio-que-ha-acabat-sent-positiva-per-a-la-badia-de-portmany\/#breadcrumb\"},\"inLanguage\":\"es\",\"potentialAction\":[{\"@type\":\"ReadAction\",\"target\":[\"https:\/\/www.salvemsabadia.com\/la-reduccio-de-eslora-dels-ferris-aprovada-pel-govern-una-decisio-que-ha-acabat-sent-positiva-per-a-la-badia-de-portmany\/\"]}]},{\"@type\":\"ImageObject\",\"inLanguage\":\"es\",\"@id\":\"https:\/\/www.salvemsabadia.com\/la-reduccio-de-eslora-dels-ferris-aprovada-pel-govern-una-decisio-que-ha-acabat-sent-positiva-per-a-la-badia-de-portmany\/#primaryimage\",\"url\":\"https:\/\/www.salvemsabadia.com\/wp-content\/uploads\/2022\/01\/IMG_3524-min-scaled.jpg\",\"contentUrl\":\"https:\/\/www.salvemsabadia.com\/wp-content\/uploads\/2022\/01\/IMG_3524-min-scaled.jpg\",\"width\":2560,\"height\":1920},{\"@type\":\"BreadcrumbList\",\"@id\":\"https:\/\/www.salvemsabadia.com\/la-reduccio-de-eslora-dels-ferris-aprovada-pel-govern-una-decisio-que-ha-acabat-sent-positiva-per-a-la-badia-de-portmany\/#breadcrumb\",\"itemListElement\":[{\"@type\":\"ListItem\",\"position\":1,\"name\":\"Portada\",\"item\":\"https:\/\/www.salvemsabadia.com\/es\/\"},{\"@type\":\"ListItem\",\"position\":2,\"name\":\"La reducci\u00f3n de eslora de los ferris aprobada por el Govern, una decisi\u00f3n que ha acabado siendo positiva para la bah\u00eda de Portmany\"}]},{\"@type\":\"WebSite\",\"@id\":\"https:\/\/www.salvemsabadia.com\/#website\",\"url\":\"https:\/\/www.salvemsabadia.com\/\",\"name\":\"Salvem Sa Badia de Portmany\",\"description\":\"\",\"publisher\":{\"@id\":\"https:\/\/www.salvemsabadia.com\/#organization\"},\"potentialAction\":[{\"@type\":\"SearchAction\",\"target\":{\"@type\":\"EntryPoint\",\"urlTemplate\":\"https:\/\/www.salvemsabadia.com\/?s={search_term_string}\"},\"query-input\":{\"@type\":\"PropertyValueSpecification\",\"valueRequired\":true,\"valueName\":\"search_term_string\"}}],\"inLanguage\":\"es\"},{\"@type\":\"Organization\",\"@id\":\"https:\/\/www.salvemsabadia.com\/#organization\",\"name\":\"Salvem Sa Badia de Portmany\",\"url\":\"https:\/\/www.salvemsabadia.com\/\",\"logo\":{\"@type\":\"ImageObject\",\"inLanguage\":\"es\",\"@id\":\"https:\/\/www.salvemsabadia.com\/#\/schema\/logo\/image\/\",\"url\":\"https:\/\/www.salvemsabadia.com\/wp-content\/uploads\/2020\/03\/logo.png\",\"contentUrl\":\"https:\/\/www.salvemsabadia.com\/wp-content\/uploads\/2020\/03\/logo.png\",\"width\":188,\"height\":151,\"caption\":\"Salvem Sa Badia de Portmany\"},\"image\":{\"@id\":\"https:\/\/www.salvemsabadia.com\/#\/schema\/logo\/image\/\"}},{\"@type\":\"Person\",\"@id\":\"https:\/\/www.salvemsabadia.com\/#\/schema\/person\/5d08c5118adcb4140d13bde4826ba122\",\"name\":\"Salvem sa Badia\",\"image\":{\"@type\":\"ImageObject\",\"inLanguage\":\"es\",\"@id\":\"https:\/\/www.salvemsabadia.com\/#\/schema\/person\/image\/\",\"url\":\"https:\/\/secure.gravatar.com\/avatar\/d569ee5739a9c7022470ea472c9b4b9cf476e15f1be71e5242c911d673d14ad9?s=96&d=mm&r=g\",\"contentUrl\":\"https:\/\/secure.gravatar.com\/avatar\/d569ee5739a9c7022470ea472c9b4b9cf476e15f1be71e5242c911d673d14ad9?s=96&d=mm&r=g\",\"caption\":\"Salvem sa Badia\"}}]}<\/script>\n<!-- \/ Yoast SEO plugin. -->","yoast_head_json":{"title":"La reducci\u00f3n de eslora de los ferris aprobada por el Govern, una decisi\u00f3n que ha acabado siendo positiva para la bah\u00eda de Portmany - Salvem Sa Badia de Portmany","robots":{"index":"index","follow":"follow","max-snippet":"max-snippet:-1","max-image-preview":"max-image-preview:large","max-video-preview":"max-video-preview:-1"},"canonical":"https:\/\/www.salvemsabadia.com\/la-reduccio-de-eslora-dels-ferris-aprovada-pel-govern-una-decisio-que-ha-acabat-sent-positiva-per-a-la-badia-de-portmany\/","og_locale":"es_ES","og_type":"article","og_title":"La reducci\u00f3n de eslora de los ferris aprobada por el Govern, una decisi\u00f3n que ha acabado siendo positiva para la bah\u00eda de Portmany - Salvem Sa Badia de Portmany","og_description":"A pesar de que la vuelta de los ferris al puerto de Sant Antoni aprobada por el Govern balear para a partir de junio de 2021 no fue la soluci\u00f3n...","og_url":"https:\/\/www.salvemsabadia.com\/la-reduccio-de-eslora-dels-ferris-aprovada-pel-govern-una-decisio-que-ha-acabat-sent-positiva-per-a-la-badia-de-portmany\/","og_site_name":"Salvem Sa Badia de Portmany","article_published_time":"2022-01-03T15:17:58+00:00","article_modified_time":"2022-08-15T08:46:26+00:00","og_image":[{"width":2560,"height":1920,"url":"https:\/\/www.salvemsabadia.com\/wp-content\/uploads\/2022\/01\/IMG_3524-min-scaled.jpg","type":"image\/jpeg"}],"author":"Salvem sa Badia","twitter_card":"summary_large_image","twitter_misc":{"Escrito por":"Salvem sa Badia","Tiempo de lectura":"3 minutos"},"schema":{"@context":"https:\/\/schema.org","@graph":[{"@type":"Article","@id":"https:\/\/www.salvemsabadia.com\/la-reduccio-de-eslora-dels-ferris-aprovada-pel-govern-una-decisio-que-ha-acabat-sent-positiva-per-a-la-badia-de-portmany\/#article","isPartOf":{"@id":"https:\/\/www.salvemsabadia.com\/la-reduccio-de-eslora-dels-ferris-aprovada-pel-govern-una-decisio-que-ha-acabat-sent-positiva-per-a-la-badia-de-portmany\/"},"author":{"name":"Salvem sa Badia","@id":"https:\/\/www.salvemsabadia.com\/#\/schema\/person\/5d08c5118adcb4140d13bde4826ba122"},"headline":"La reducci\u00f3n de eslora de los ferris aprobada por el Govern, una decisi\u00f3n que ha acabado siendo positiva para la bah\u00eda de Portmany","datePublished":"2022-01-03T15:17:58+00:00","dateModified":"2022-08-15T08:46:26+00:00","mainEntityOfPage":{"@id":"https:\/\/www.salvemsabadia.com\/la-reduccio-de-eslora-dels-ferris-aprovada-pel-govern-una-decisio-que-ha-acabat-sent-positiva-per-a-la-badia-de-portmany\/"},"wordCount":552,"commentCount":0,"publisher":{"@id":"https:\/\/www.salvemsabadia.com\/#organization"},"image":{"@id":"https:\/\/www.salvemsabadia.com\/la-reduccio-de-eslora-dels-ferris-aprovada-pel-govern-una-decisio-que-ha-acabat-sent-positiva-per-a-la-badia-de-portmany\/#primaryimage"},"thumbnailUrl":"https:\/\/www.salvemsabadia.com\/wp-content\/uploads\/2022\/01\/IMG_3524-min-scaled.jpg","keywords":["ferris"],"articleSection":["Destacado","Puerto de Sant Antoni","Salvem Sa Badia"],"inLanguage":"es","potentialAction":[{"@type":"CommentAction","name":"Comment","target":["https:\/\/www.salvemsabadia.com\/la-reduccio-de-eslora-dels-ferris-aprovada-pel-govern-una-decisio-que-ha-acabat-sent-positiva-per-a-la-badia-de-portmany\/#respond"]}]},{"@type":"WebPage","@id":"https:\/\/www.salvemsabadia.com\/la-reduccio-de-eslora-dels-ferris-aprovada-pel-govern-una-decisio-que-ha-acabat-sent-positiva-per-a-la-badia-de-portmany\/","url":"https:\/\/www.salvemsabadia.com\/la-reduccio-de-eslora-dels-ferris-aprovada-pel-govern-una-decisio-que-ha-acabat-sent-positiva-per-a-la-badia-de-portmany\/","name":"La reducci\u00f3n de eslora de los ferris aprobada por el Govern, una decisi\u00f3n que ha acabado siendo positiva para la bah\u00eda de Portmany - Salvem Sa Badia de Portmany","isPartOf":{"@id":"https:\/\/www.salvemsabadia.com\/#website"},"primaryImageOfPage":{"@id":"https:\/\/www.salvemsabadia.com\/la-reduccio-de-eslora-dels-ferris-aprovada-pel-govern-una-decisio-que-ha-acabat-sent-positiva-per-a-la-badia-de-portmany\/#primaryimage"},"image":{"@id":"https:\/\/www.salvemsabadia.com\/la-reduccio-de-eslora-dels-ferris-aprovada-pel-govern-una-decisio-que-ha-acabat-sent-positiva-per-a-la-badia-de-portmany\/#primaryimage"},"thumbnailUrl":"https:\/\/www.salvemsabadia.com\/wp-content\/uploads\/2022\/01\/IMG_3524-min-scaled.jpg","datePublished":"2022-01-03T15:17:58+00:00","dateModified":"2022-08-15T08:46:26+00:00","breadcrumb":{"@id":"https:\/\/www.salvemsabadia.com\/la-reduccio-de-eslora-dels-ferris-aprovada-pel-govern-una-decisio-que-ha-acabat-sent-positiva-per-a-la-badia-de-portmany\/#breadcrumb"},"inLanguage":"es","potentialAction":[{"@type":"ReadAction","target":["https:\/\/www.salvemsabadia.com\/la-reduccio-de-eslora-dels-ferris-aprovada-pel-govern-una-decisio-que-ha-acabat-sent-positiva-per-a-la-badia-de-portmany\/"]}]},{"@type":"ImageObject","inLanguage":"es","@id":"https:\/\/www.salvemsabadia.com\/la-reduccio-de-eslora-dels-ferris-aprovada-pel-govern-una-decisio-que-ha-acabat-sent-positiva-per-a-la-badia-de-portmany\/#primaryimage","url":"https:\/\/www.salvemsabadia.com\/wp-content\/uploads\/2022\/01\/IMG_3524-min-scaled.jpg","contentUrl":"https:\/\/www.salvemsabadia.com\/wp-content\/uploads\/2022\/01\/IMG_3524-min-scaled.jpg","width":2560,"height":1920},{"@type":"BreadcrumbList","@id":"https:\/\/www.salvemsabadia.com\/la-reduccio-de-eslora-dels-ferris-aprovada-pel-govern-una-decisio-que-ha-acabat-sent-positiva-per-a-la-badia-de-portmany\/#breadcrumb","itemListElement":[{"@type":"ListItem","position":1,"name":"Portada","item":"https:\/\/www.salvemsabadia.com\/es\/"},{"@type":"ListItem","position":2,"name":"La reducci\u00f3n de eslora de los ferris aprobada por el Govern, una decisi\u00f3n que ha acabado siendo positiva para la bah\u00eda de Portmany"}]},{"@type":"WebSite","@id":"https:\/\/www.salvemsabadia.com\/#website","url":"https:\/\/www.salvemsabadia.com\/","name":"Salvem Sa Badia de Portmany","description":"","publisher":{"@id":"https:\/\/www.salvemsabadia.com\/#organization"},"potentialAction":[{"@type":"SearchAction","target":{"@type":"EntryPoint","urlTemplate":"https:\/\/www.salvemsabadia.com\/?s={search_term_string}"},"query-input":{"@type":"PropertyValueSpecification","valueRequired":true,"valueName":"search_term_string"}}],"inLanguage":"es"},{"@type":"Organization","@id":"https:\/\/www.salvemsabadia.com\/#organization","name":"Salvem Sa Badia de Portmany","url":"https:\/\/www.salvemsabadia.com\/","logo":{"@type":"ImageObject","inLanguage":"es","@id":"https:\/\/www.salvemsabadia.com\/#\/schema\/logo\/image\/","url":"https:\/\/www.salvemsabadia.com\/wp-content\/uploads\/2020\/03\/logo.png","contentUrl":"https:\/\/www.salvemsabadia.com\/wp-content\/uploads\/2020\/03\/logo.png","width":188,"height":151,"caption":"Salvem Sa Badia de Portmany"},"image":{"@id":"https:\/\/www.salvemsabadia.com\/#\/schema\/logo\/image\/"}},{"@type":"Person","@id":"https:\/\/www.salvemsabadia.com\/#\/schema\/person\/5d08c5118adcb4140d13bde4826ba122","name":"Salvem sa Badia","image":{"@type":"ImageObject","inLanguage":"es","@id":"https:\/\/www.salvemsabadia.com\/#\/schema\/person\/image\/","url":"https:\/\/secure.gravatar.com\/avatar\/d569ee5739a9c7022470ea472c9b4b9cf476e15f1be71e5242c911d673d14ad9?s=96&d=mm&r=g","contentUrl":"https:\/\/secure.gravatar.com\/avatar\/d569ee5739a9c7022470ea472c9b4b9cf476e15f1be71e5242c911d673d14ad9?s=96&d=mm&r=g","caption":"Salvem sa Badia"}}]}},"_links":{"self":[{"href":"https:\/\/www.salvemsabadia.com\/es\/wp-json\/wp\/v2\/posts\/2744","targetHints":{"allow":["GET"]}}],"collection":[{"href":"https:\/\/www.salvemsabadia.com\/es\/wp-json\/wp\/v2\/posts"}],"about":[{"href":"https:\/\/www.salvemsabadia.com\/es\/wp-json\/wp\/v2\/types\/post"}],"author":[{"embeddable":true,"href":"https:\/\/www.salvemsabadia.com\/es\/wp-json\/wp\/v2\/users\/2"}],"replies":[{"embeddable":true,"href":"https:\/\/www.salvemsabadia.com\/es\/wp-json\/wp\/v2\/comments?post=2744"}],"version-history":[{"count":0,"href":"https:\/\/www.salvemsabadia.com\/es\/wp-json\/wp\/v2\/posts\/2744\/revisions"}],"wp:featuredmedia":[{"embeddable":true,"href":"https:\/\/www.salvemsabadia.com\/es\/wp-json\/wp\/v2\/media\/2745"}],"wp:attachment":[{"href":"https:\/\/www.salvemsabadia.com\/es\/wp-json\/wp\/v2\/media?parent=2744"}],"wp:term":[{"taxonomy":"category","embeddable":true,"href":"https:\/\/www.salvemsabadia.com\/es\/wp-json\/wp\/v2\/categories?post=2744"},{"taxonomy":"post_tag","embeddable":true,"href":"https:\/\/www.salvemsabadia.com\/es\/wp-json\/wp\/v2\/tags?post=2744"}],"curies":[{"name":"wp","href":"https:\/\/api.w.org\/{rel}","templated":true}]}}