{"id":2778,"date":"2022-01-27T14:13:30","date_gmt":"2022-01-27T13:13:30","guid":{"rendered":"https:\/\/www.salvemsabadia.com\/?p=2778"},"modified":"2022-08-15T10:47:36","modified_gmt":"2022-08-15T08:47:36","slug":"la-policia-local-de-sant-antoni-y-la-guardia-civil-tendran-una-oficina-en-la-bahia","status":"publish","type":"post","link":"https:\/\/www.salvemsabadia.com\/es\/la-policia-local-de-sant-antoni-y-la-guardia-civil-tendran-una-oficina-en-la-bahia\/","title":{"rendered":"La Polic\u00eda Local de Sant Antoni y la Guardia Civil tendr\u00e1n una oficina en la bah\u00eda"},"content":{"rendered":"<p><img loading=\"lazy\" decoding=\"async\" class=\"alignnone wp-image-2779\" src=\"https:\/\/www.salvemsabadia.com\/wp-content\/uploads\/2022\/01\/2022_1_26_2708940.png\" alt=\"\" width=\"900\" height=\"439\" srcset=\"https:\/\/www.salvemsabadia.com\/wp-content\/uploads\/2022\/01\/2022_1_26_2708940.png 598w, https:\/\/www.salvemsabadia.com\/wp-content\/uploads\/2022\/01\/2022_1_26_2708940-300x146.png 300w\" sizes=\"auto, (max-width: 900px) 100vw, 900px\" \/><\/p>\n<p>El consejo de administraci\u00f3n de Ports de les Illes Balears, entidad perteneciente al Govern balear y que se ocupa de la gesti\u00f3n del puerto de Sant Antoni, aprob\u00f3 ayer la cesi\u00f3n de un nuevo espacio al Ayuntamiento de Sant Antoni, en el que se instalar\u00e1 una oficina de atenci\u00f3n al p\u00fablico que compartir\u00e1n la Polic\u00eda Local y la Guardia Civil.<\/p>\n<p>El proyecto acordado contempla la demolici\u00f3n de un edificio que actualmente existe junto a los pantalanes donde amarran las golondrinas, el principio de la playa de s\u2019Arenal y la rotonda del huevo de Col\u00f3n. En este mismo espacio se construir\u00e1 la nueva infraestructura, que tendr\u00e1 una superficie de 186 metros cuadrados y una altura m\u00e1xima de 3,7 metros, con el objetivo de que quede integrado paisaj\u00edsticamente, seg\u00fan ha explicado el Govern balear a trav\u00e9s de un comunicado de prensa.<\/p>\n<p><img loading=\"lazy\" decoding=\"async\" class=\"alignnone wp-image-2781\" src=\"https:\/\/www.salvemsabadia.com\/wp-content\/uploads\/2022\/01\/2022_1_26_2708950.png\" alt=\"\" width=\"900\" height=\"378\" srcset=\"https:\/\/www.salvemsabadia.com\/wp-content\/uploads\/2022\/01\/2022_1_26_2708950.png 590w, https:\/\/www.salvemsabadia.com\/wp-content\/uploads\/2022\/01\/2022_1_26_2708950-300x126.png 300w\" sizes=\"auto, (max-width: 900px) 100vw, 900px\" \/><\/p>\n<p>Para ello, Ports IB otorgar\u00e1 una concesi\u00f3n administrativa en favor del Ayuntamiento de Sant Antoni por un plazo de 35 a\u00f1os. El conseller de Movilidad y Vivienda, Josep Mar\u00ed Ribas, Agustinet, ha declarado que se trata de una apuesta clara para la mejora de la seguridad y la prestaci\u00f3n de servicios en el municipio.<\/p>\n<p>Desde Salvem Sa Badia esperamos que esta iniciativa, adem\u00e1s de incrementar la seguridad en la zona del paseo y mejorar la atenci\u00f3n que se presta a residentes y turistas, tambi\u00e9n ayude a mejorar los problemas que tienen lugar dentro del mar.<\/p>\n<p><img loading=\"lazy\" decoding=\"async\" class=\"alignnone wp-image-2783\" src=\"https:\/\/www.salvemsabadia.com\/wp-content\/uploads\/2022\/01\/2022_1_26_2708960.png\" alt=\"\" width=\"900\" height=\"313\" srcset=\"https:\/\/www.salvemsabadia.com\/wp-content\/uploads\/2022\/01\/2022_1_26_2708960.png 603w, https:\/\/www.salvemsabadia.com\/wp-content\/uploads\/2022\/01\/2022_1_26_2708960-300x104.png 300w, https:\/\/www.salvemsabadia.com\/wp-content\/uploads\/2022\/01\/2022_1_26_2708960-600x210.png 600w\" sizes=\"auto, (max-width: 900px) 100vw, 900px\" \/><\/p>\n","protected":false},"excerpt":{"rendered":"<p>El consejo de administraci\u00f3n de Ports de les Illes Balears, entidad perteneciente al Govern balear y que se ocupa de la gesti\u00f3n del puerto de Sant Antoni, aprob\u00f3 ayer la&#8230;<\/p>\n","protected":false},"author":2,"featured_media":2789,"comment_status":"open","ping_status":"open","sticky":false,"template":"","format":"standard","meta":{"give_campaign_id":0,"footnotes":""},"categories":[106,215],"tags":[182],"class_list":{"0":"post-2778","1":"post","2":"type-post","3":"status-publish","4":"format-standard","5":"has-post-thumbnail","7":"category-destacado","8":"category-turismo","9":"tag-seguridad"},"yoast_head":"<!-- This site is optimized with the Yoast SEO plugin v26.8 - https:\/\/yoast.com\/product\/yoast-seo-wordpress\/ -->\n<title>La Polic\u00eda Local de Sant Antoni y la Guardia Civil tendr\u00e1n una oficina en la bah\u00eda - Salvem Sa Badia de Portmany<\/title>\n<meta name=\"robots\" content=\"index, follow, max-snippet:-1, max-image-preview:large, max-video-preview:-1\" \/>\n<link rel=\"canonical\" href=\"https:\/\/www.salvemsabadia.com\/la-policia-local-de-sant-antoni-i-la-guardia-civil-tindran-una-oficina-a-la-badia\/\" \/>\n<meta property=\"og:locale\" content=\"es_ES\" \/>\n<meta property=\"og:type\" content=\"article\" \/>\n<meta property=\"og:title\" content=\"La Polic\u00eda Local de Sant Antoni y la Guardia Civil tendr\u00e1n una oficina en la bah\u00eda - Salvem Sa Badia de Portmany\" \/>\n<meta property=\"og:description\" content=\"El consejo de administraci\u00f3n de Ports de les Illes Balears, entidad perteneciente al Govern balear y que se ocupa de la gesti\u00f3n del puerto de Sant Antoni, aprob\u00f3 ayer la...\" \/>\n<meta property=\"og:url\" content=\"https:\/\/www.salvemsabadia.com\/la-policia-local-de-sant-antoni-i-la-guardia-civil-tindran-una-oficina-a-la-badia\/\" \/>\n<meta property=\"og:site_name\" content=\"Salvem Sa Badia de Portmany\" \/>\n<meta property=\"article:published_time\" content=\"2022-01-27T13:13:30+00:00\" \/>\n<meta property=\"article:modified_time\" content=\"2022-08-15T08:47:36+00:00\" \/>\n<meta property=\"og:image\" content=\"https:\/\/www.salvemsabadia.com\/wp-content\/uploads\/2022\/01\/ofi-ok-scaled.jpg\" \/>\n\t<meta property=\"og:image:width\" content=\"2560\" \/>\n\t<meta property=\"og:image:height\" content=\"1251\" \/>\n\t<meta property=\"og:image:type\" content=\"image\/jpeg\" \/>\n<meta name=\"author\" content=\"Salvem sa Badia\" \/>\n<meta name=\"twitter:card\" content=\"summary_large_image\" \/>\n<meta name=\"twitter:label1\" content=\"Escrito por\" \/>\n\t<meta name=\"twitter:data1\" content=\"Salvem sa Badia\" \/>\n\t<meta name=\"twitter:label2\" content=\"Tiempo de lectura\" \/>\n\t<meta name=\"twitter:data2\" content=\"2 minutos\" \/>\n<script type=\"application\/ld+json\" class=\"yoast-schema-graph\">{\"@context\":\"https:\/\/schema.org\",\"@graph\":[{\"@type\":\"Article\",\"@id\":\"https:\/\/www.salvemsabadia.com\/la-policia-local-de-sant-antoni-i-la-guardia-civil-tindran-una-oficina-a-la-badia\/#article\",\"isPartOf\":{\"@id\":\"https:\/\/www.salvemsabadia.com\/la-policia-local-de-sant-antoni-i-la-guardia-civil-tindran-una-oficina-a-la-badia\/\"},\"author\":{\"name\":\"Salvem sa Badia\",\"@id\":\"https:\/\/www.salvemsabadia.com\/#\/schema\/person\/5d08c5118adcb4140d13bde4826ba122\"},\"headline\":\"La Polic\u00eda Local de Sant Antoni y la Guardia Civil tendr\u00e1n una oficina en la bah\u00eda\",\"datePublished\":\"2022-01-27T13:13:30+00:00\",\"dateModified\":\"2022-08-15T08:47:36+00:00\",\"mainEntityOfPage\":{\"@id\":\"https:\/\/www.salvemsabadia.com\/la-policia-local-de-sant-antoni-i-la-guardia-civil-tindran-una-oficina-a-la-badia\/\"},\"wordCount\":270,\"commentCount\":0,\"publisher\":{\"@id\":\"https:\/\/www.salvemsabadia.com\/#organization\"},\"image\":{\"@id\":\"https:\/\/www.salvemsabadia.com\/la-policia-local-de-sant-antoni-i-la-guardia-civil-tindran-una-oficina-a-la-badia\/#primaryimage\"},\"thumbnailUrl\":\"https:\/\/www.salvemsabadia.com\/wp-content\/uploads\/2022\/01\/ofi-ok-scaled.jpg\",\"keywords\":[\"seguridad\"],\"articleSection\":[\"Destacado\",\"Turismo\"],\"inLanguage\":\"es\",\"potentialAction\":[{\"@type\":\"CommentAction\",\"name\":\"Comment\",\"target\":[\"https:\/\/www.salvemsabadia.com\/la-policia-local-de-sant-antoni-i-la-guardia-civil-tindran-una-oficina-a-la-badia\/#respond\"]}]},{\"@type\":\"WebPage\",\"@id\":\"https:\/\/www.salvemsabadia.com\/la-policia-local-de-sant-antoni-i-la-guardia-civil-tindran-una-oficina-a-la-badia\/\",\"url\":\"https:\/\/www.salvemsabadia.com\/la-policia-local-de-sant-antoni-i-la-guardia-civil-tindran-una-oficina-a-la-badia\/\",\"name\":\"La Polic\u00eda Local de Sant Antoni y la Guardia Civil tendr\u00e1n una oficina en la bah\u00eda - Salvem Sa Badia de Portmany\",\"isPartOf\":{\"@id\":\"https:\/\/www.salvemsabadia.com\/#website\"},\"primaryImageOfPage\":{\"@id\":\"https:\/\/www.salvemsabadia.com\/la-policia-local-de-sant-antoni-i-la-guardia-civil-tindran-una-oficina-a-la-badia\/#primaryimage\"},\"image\":{\"@id\":\"https:\/\/www.salvemsabadia.com\/la-policia-local-de-sant-antoni-i-la-guardia-civil-tindran-una-oficina-a-la-badia\/#primaryimage\"},\"thumbnailUrl\":\"https:\/\/www.salvemsabadia.com\/wp-content\/uploads\/2022\/01\/ofi-ok-scaled.jpg\",\"datePublished\":\"2022-01-27T13:13:30+00:00\",\"dateModified\":\"2022-08-15T08:47:36+00:00\",\"breadcrumb\":{\"@id\":\"https:\/\/www.salvemsabadia.com\/la-policia-local-de-sant-antoni-i-la-guardia-civil-tindran-una-oficina-a-la-badia\/#breadcrumb\"},\"inLanguage\":\"es\",\"potentialAction\":[{\"@type\":\"ReadAction\",\"target\":[\"https:\/\/www.salvemsabadia.com\/la-policia-local-de-sant-antoni-i-la-guardia-civil-tindran-una-oficina-a-la-badia\/\"]}]},{\"@type\":\"ImageObject\",\"inLanguage\":\"es\",\"@id\":\"https:\/\/www.salvemsabadia.com\/la-policia-local-de-sant-antoni-i-la-guardia-civil-tindran-una-oficina-a-la-badia\/#primaryimage\",\"url\":\"https:\/\/www.salvemsabadia.com\/wp-content\/uploads\/2022\/01\/ofi-ok-scaled.jpg\",\"contentUrl\":\"https:\/\/www.salvemsabadia.com\/wp-content\/uploads\/2022\/01\/ofi-ok-scaled.jpg\",\"width\":2560,\"height\":1251},{\"@type\":\"BreadcrumbList\",\"@id\":\"https:\/\/www.salvemsabadia.com\/la-policia-local-de-sant-antoni-i-la-guardia-civil-tindran-una-oficina-a-la-badia\/#breadcrumb\",\"itemListElement\":[{\"@type\":\"ListItem\",\"position\":1,\"name\":\"Portada\",\"item\":\"https:\/\/www.salvemsabadia.com\/es\/\"},{\"@type\":\"ListItem\",\"position\":2,\"name\":\"La Polic\u00eda Local de Sant Antoni y la Guardia Civil tendr\u00e1n una oficina en la bah\u00eda\"}]},{\"@type\":\"WebSite\",\"@id\":\"https:\/\/www.salvemsabadia.com\/#website\",\"url\":\"https:\/\/www.salvemsabadia.com\/\",\"name\":\"Salvem Sa Badia de Portmany\",\"description\":\"\",\"publisher\":{\"@id\":\"https:\/\/www.salvemsabadia.com\/#organization\"},\"potentialAction\":[{\"@type\":\"SearchAction\",\"target\":{\"@type\":\"EntryPoint\",\"urlTemplate\":\"https:\/\/www.salvemsabadia.com\/?s={search_term_string}\"},\"query-input\":{\"@type\":\"PropertyValueSpecification\",\"valueRequired\":true,\"valueName\":\"search_term_string\"}}],\"inLanguage\":\"es\"},{\"@type\":\"Organization\",\"@id\":\"https:\/\/www.salvemsabadia.com\/#organization\",\"name\":\"Salvem Sa Badia de Portmany\",\"url\":\"https:\/\/www.salvemsabadia.com\/\",\"logo\":{\"@type\":\"ImageObject\",\"inLanguage\":\"es\",\"@id\":\"https:\/\/www.salvemsabadia.com\/#\/schema\/logo\/image\/\",\"url\":\"https:\/\/www.salvemsabadia.com\/wp-content\/uploads\/2020\/03\/logo.png\",\"contentUrl\":\"https:\/\/www.salvemsabadia.com\/wp-content\/uploads\/2020\/03\/logo.png\",\"width\":188,\"height\":151,\"caption\":\"Salvem Sa Badia de Portmany\"},\"image\":{\"@id\":\"https:\/\/www.salvemsabadia.com\/#\/schema\/logo\/image\/\"}},{\"@type\":\"Person\",\"@id\":\"https:\/\/www.salvemsabadia.com\/#\/schema\/person\/5d08c5118adcb4140d13bde4826ba122\",\"name\":\"Salvem sa Badia\",\"image\":{\"@type\":\"ImageObject\",\"inLanguage\":\"es\",\"@id\":\"https:\/\/www.salvemsabadia.com\/#\/schema\/person\/image\/\",\"url\":\"https:\/\/secure.gravatar.com\/avatar\/d569ee5739a9c7022470ea472c9b4b9cf476e15f1be71e5242c911d673d14ad9?s=96&d=mm&r=g\",\"contentUrl\":\"https:\/\/secure.gravatar.com\/avatar\/d569ee5739a9c7022470ea472c9b4b9cf476e15f1be71e5242c911d673d14ad9?s=96&d=mm&r=g\",\"caption\":\"Salvem sa Badia\"}}]}<\/script>\n<!-- \/ Yoast SEO plugin. -->","yoast_head_json":{"title":"La Polic\u00eda Local de Sant Antoni y la Guardia Civil tendr\u00e1n una oficina en la bah\u00eda - Salvem Sa Badia de Portmany","robots":{"index":"index","follow":"follow","max-snippet":"max-snippet:-1","max-image-preview":"max-image-preview:large","max-video-preview":"max-video-preview:-1"},"canonical":"https:\/\/www.salvemsabadia.com\/la-policia-local-de-sant-antoni-i-la-guardia-civil-tindran-una-oficina-a-la-badia\/","og_locale":"es_ES","og_type":"article","og_title":"La Polic\u00eda Local de Sant Antoni y la Guardia Civil tendr\u00e1n una oficina en la bah\u00eda - Salvem Sa Badia de Portmany","og_description":"El consejo de administraci\u00f3n de Ports de les Illes Balears, entidad perteneciente al Govern balear y que se ocupa de la gesti\u00f3n del puerto de Sant Antoni, aprob\u00f3 ayer la...","og_url":"https:\/\/www.salvemsabadia.com\/la-policia-local-de-sant-antoni-i-la-guardia-civil-tindran-una-oficina-a-la-badia\/","og_site_name":"Salvem Sa Badia de Portmany","article_published_time":"2022-01-27T13:13:30+00:00","article_modified_time":"2022-08-15T08:47:36+00:00","og_image":[{"width":2560,"height":1251,"url":"https:\/\/www.salvemsabadia.com\/wp-content\/uploads\/2022\/01\/ofi-ok-scaled.jpg","type":"image\/jpeg"}],"author":"Salvem sa Badia","twitter_card":"summary_large_image","twitter_misc":{"Escrito por":"Salvem sa Badia","Tiempo de lectura":"2 minutos"},"schema":{"@context":"https:\/\/schema.org","@graph":[{"@type":"Article","@id":"https:\/\/www.salvemsabadia.com\/la-policia-local-de-sant-antoni-i-la-guardia-civil-tindran-una-oficina-a-la-badia\/#article","isPartOf":{"@id":"https:\/\/www.salvemsabadia.com\/la-policia-local-de-sant-antoni-i-la-guardia-civil-tindran-una-oficina-a-la-badia\/"},"author":{"name":"Salvem sa Badia","@id":"https:\/\/www.salvemsabadia.com\/#\/schema\/person\/5d08c5118adcb4140d13bde4826ba122"},"headline":"La Polic\u00eda Local de Sant Antoni y la Guardia Civil tendr\u00e1n una oficina en la bah\u00eda","datePublished":"2022-01-27T13:13:30+00:00","dateModified":"2022-08-15T08:47:36+00:00","mainEntityOfPage":{"@id":"https:\/\/www.salvemsabadia.com\/la-policia-local-de-sant-antoni-i-la-guardia-civil-tindran-una-oficina-a-la-badia\/"},"wordCount":270,"commentCount":0,"publisher":{"@id":"https:\/\/www.salvemsabadia.com\/#organization"},"image":{"@id":"https:\/\/www.salvemsabadia.com\/la-policia-local-de-sant-antoni-i-la-guardia-civil-tindran-una-oficina-a-la-badia\/#primaryimage"},"thumbnailUrl":"https:\/\/www.salvemsabadia.com\/wp-content\/uploads\/2022\/01\/ofi-ok-scaled.jpg","keywords":["seguridad"],"articleSection":["Destacado","Turismo"],"inLanguage":"es","potentialAction":[{"@type":"CommentAction","name":"Comment","target":["https:\/\/www.salvemsabadia.com\/la-policia-local-de-sant-antoni-i-la-guardia-civil-tindran-una-oficina-a-la-badia\/#respond"]}]},{"@type":"WebPage","@id":"https:\/\/www.salvemsabadia.com\/la-policia-local-de-sant-antoni-i-la-guardia-civil-tindran-una-oficina-a-la-badia\/","url":"https:\/\/www.salvemsabadia.com\/la-policia-local-de-sant-antoni-i-la-guardia-civil-tindran-una-oficina-a-la-badia\/","name":"La Polic\u00eda Local de Sant Antoni y la Guardia Civil tendr\u00e1n una oficina en la bah\u00eda - Salvem Sa Badia de Portmany","isPartOf":{"@id":"https:\/\/www.salvemsabadia.com\/#website"},"primaryImageOfPage":{"@id":"https:\/\/www.salvemsabadia.com\/la-policia-local-de-sant-antoni-i-la-guardia-civil-tindran-una-oficina-a-la-badia\/#primaryimage"},"image":{"@id":"https:\/\/www.salvemsabadia.com\/la-policia-local-de-sant-antoni-i-la-guardia-civil-tindran-una-oficina-a-la-badia\/#primaryimage"},"thumbnailUrl":"https:\/\/www.salvemsabadia.com\/wp-content\/uploads\/2022\/01\/ofi-ok-scaled.jpg","datePublished":"2022-01-27T13:13:30+00:00","dateModified":"2022-08-15T08:47:36+00:00","breadcrumb":{"@id":"https:\/\/www.salvemsabadia.com\/la-policia-local-de-sant-antoni-i-la-guardia-civil-tindran-una-oficina-a-la-badia\/#breadcrumb"},"inLanguage":"es","potentialAction":[{"@type":"ReadAction","target":["https:\/\/www.salvemsabadia.com\/la-policia-local-de-sant-antoni-i-la-guardia-civil-tindran-una-oficina-a-la-badia\/"]}]},{"@type":"ImageObject","inLanguage":"es","@id":"https:\/\/www.salvemsabadia.com\/la-policia-local-de-sant-antoni-i-la-guardia-civil-tindran-una-oficina-a-la-badia\/#primaryimage","url":"https:\/\/www.salvemsabadia.com\/wp-content\/uploads\/2022\/01\/ofi-ok-scaled.jpg","contentUrl":"https:\/\/www.salvemsabadia.com\/wp-content\/uploads\/2022\/01\/ofi-ok-scaled.jpg","width":2560,"height":1251},{"@type":"BreadcrumbList","@id":"https:\/\/www.salvemsabadia.com\/la-policia-local-de-sant-antoni-i-la-guardia-civil-tindran-una-oficina-a-la-badia\/#breadcrumb","itemListElement":[{"@type":"ListItem","position":1,"name":"Portada","item":"https:\/\/www.salvemsabadia.com\/es\/"},{"@type":"ListItem","position":2,"name":"La Polic\u00eda Local de Sant Antoni y la Guardia Civil tendr\u00e1n una oficina en la bah\u00eda"}]},{"@type":"WebSite","@id":"https:\/\/www.salvemsabadia.com\/#website","url":"https:\/\/www.salvemsabadia.com\/","name":"Salvem Sa Badia de Portmany","description":"","publisher":{"@id":"https:\/\/www.salvemsabadia.com\/#organization"},"potentialAction":[{"@type":"SearchAction","target":{"@type":"EntryPoint","urlTemplate":"https:\/\/www.salvemsabadia.com\/?s={search_term_string}"},"query-input":{"@type":"PropertyValueSpecification","valueRequired":true,"valueName":"search_term_string"}}],"inLanguage":"es"},{"@type":"Organization","@id":"https:\/\/www.salvemsabadia.com\/#organization","name":"Salvem Sa Badia de Portmany","url":"https:\/\/www.salvemsabadia.com\/","logo":{"@type":"ImageObject","inLanguage":"es","@id":"https:\/\/www.salvemsabadia.com\/#\/schema\/logo\/image\/","url":"https:\/\/www.salvemsabadia.com\/wp-content\/uploads\/2020\/03\/logo.png","contentUrl":"https:\/\/www.salvemsabadia.com\/wp-content\/uploads\/2020\/03\/logo.png","width":188,"height":151,"caption":"Salvem Sa Badia de Portmany"},"image":{"@id":"https:\/\/www.salvemsabadia.com\/#\/schema\/logo\/image\/"}},{"@type":"Person","@id":"https:\/\/www.salvemsabadia.com\/#\/schema\/person\/5d08c5118adcb4140d13bde4826ba122","name":"Salvem sa Badia","image":{"@type":"ImageObject","inLanguage":"es","@id":"https:\/\/www.salvemsabadia.com\/#\/schema\/person\/image\/","url":"https:\/\/secure.gravatar.com\/avatar\/d569ee5739a9c7022470ea472c9b4b9cf476e15f1be71e5242c911d673d14ad9?s=96&d=mm&r=g","contentUrl":"https:\/\/secure.gravatar.com\/avatar\/d569ee5739a9c7022470ea472c9b4b9cf476e15f1be71e5242c911d673d14ad9?s=96&d=mm&r=g","caption":"Salvem sa Badia"}}]}},"_links":{"self":[{"href":"https:\/\/www.salvemsabadia.com\/es\/wp-json\/wp\/v2\/posts\/2778","targetHints":{"allow":["GET"]}}],"collection":[{"href":"https:\/\/www.salvemsabadia.com\/es\/wp-json\/wp\/v2\/posts"}],"about":[{"href":"https:\/\/www.salvemsabadia.com\/es\/wp-json\/wp\/v2\/types\/post"}],"author":[{"embeddable":true,"href":"https:\/\/www.salvemsabadia.com\/es\/wp-json\/wp\/v2\/users\/2"}],"replies":[{"embeddable":true,"href":"https:\/\/www.salvemsabadia.com\/es\/wp-json\/wp\/v2\/comments?post=2778"}],"version-history":[{"count":0,"href":"https:\/\/www.salvemsabadia.com\/es\/wp-json\/wp\/v2\/posts\/2778\/revisions"}],"wp:featuredmedia":[{"embeddable":true,"href":"https:\/\/www.salvemsabadia.com\/es\/wp-json\/wp\/v2\/media\/2789"}],"wp:attachment":[{"href":"https:\/\/www.salvemsabadia.com\/es\/wp-json\/wp\/v2\/media?parent=2778"}],"wp:term":[{"taxonomy":"category","embeddable":true,"href":"https:\/\/www.salvemsabadia.com\/es\/wp-json\/wp\/v2\/categories?post=2778"},{"taxonomy":"post_tag","embeddable":true,"href":"https:\/\/www.salvemsabadia.com\/es\/wp-json\/wp\/v2\/tags?post=2778"}],"curies":[{"name":"wp","href":"https:\/\/api.w.org\/{rel}","templated":true}]}}