{"id":3366,"date":"2022-05-28T10:11:55","date_gmt":"2022-05-28T08:11:55","guid":{"rendered":"https:\/\/www.salvemsabadia.com\/?p=3366"},"modified":"2022-08-15T10:52:50","modified_gmt":"2022-08-15T08:52:50","slug":"la-conselleria-de-educacion-de-balears-pone-en-marcha-aprenentatge-i-servei-badia-de-portmany-un-valioso-proyecto-para-nuestro-entorno","status":"publish","type":"post","link":"https:\/\/www.salvemsabadia.com\/es\/la-conselleria-de-educacion-de-balears-pone-en-marcha-aprenentatge-i-servei-badia-de-portmany-un-valioso-proyecto-para-nuestro-entorno\/","title":{"rendered":"La Conselleria de Educaci\u00f3n de Balears pone en marcha \u2018Aprenentatge i Servei Badia de Portmany\u2019, un valioso proyecto para nuestro entorno"},"content":{"rendered":"<p><img loading=\"lazy\" decoding=\"async\" class=\"alignnone wp-image-3367 size-full\" src=\"https:\/\/www.salvemsabadia.com\/wp-content\/uploads\/2022\/05\/DJI_0100.jpg\" alt=\"\" width=\"1600\" height=\"1200\" srcset=\"https:\/\/www.salvemsabadia.com\/wp-content\/uploads\/2022\/05\/DJI_0100.jpg 1600w, https:\/\/www.salvemsabadia.com\/wp-content\/uploads\/2022\/05\/DJI_0100-300x225.jpg 300w, https:\/\/www.salvemsabadia.com\/wp-content\/uploads\/2022\/05\/DJI_0100-1024x768.jpg 1024w, https:\/\/www.salvemsabadia.com\/wp-content\/uploads\/2022\/05\/DJI_0100-768x576.jpg 768w, https:\/\/www.salvemsabadia.com\/wp-content\/uploads\/2022\/05\/DJI_0100-1536x1152.jpg 1536w\" sizes=\"auto, (max-width: 1600px) 100vw, 1600px\" \/><\/p>\n<p>Uno de los proyectos educativos m\u00e1s importantes que se van a desarrollar en nuestro entorno pr\u00f3ximamente es la iniciativa \u2018Aprenentatge i Servei Badia de Portmany\u2019, un programa educativo muy importante para concienciar y desarrollar iniciativas ambientales de mejora de la bah\u00eda. Lo impulsa la Conselleria de Educaci\u00f3n del Govern balear en colaboraci\u00f3n con el Club N\u00e0utic Sant Antoni y se desarrollar\u00e1 durante el pr\u00f3ximo curso escolar 2022-2023. Est\u00e1 destinado a los alumnos de hasta 10 centros para adultos e institutos de ense\u00f1anza secundaria. Estos centros tienen hasta el 31 de mayo para solicitar su participaci\u00f3n y presentar sus proyectos.<\/p>\n<p>Es importante resaltar que, en el archipi\u00e9lago balear, solo van a emprenderse proyectos desarrollados con metodolog\u00eda APS (Aprendizaje y Servicio) en la Serra de Tramontana de Mallorca y en la bah\u00eda de Portmany. Es una metodolog\u00eda que encaja muy bien con el trabajo de custodia marina que actualmente est\u00e1 desarrollando Salvem Sa Badia de Portmany con alumnos de cuatro institutos de la zona. \u00c9stos realizan un seguimiento por estaciones de la biodiversidad que se concentra en cuatro arenales del interior de la bah\u00eda.<\/p>\n<p>La metodolog\u00eda de Aprendizaje y Servicio constituye una visi\u00f3n formativa innovadora que integra el aprendizaje de contenidos, habilidades y valores con el servicio a la comunidad, en un mismo proyecto educativo. Tiene como fin \u00faltimo ofrecer un servicio directo a la sociedad, para transformarla y mejorarla.<\/p>\n<p>Desde Salvem Sa Badia animamos a todos los centros a inscribirse en la convocatoria y que el cupo m\u00e1ximo de 10 proyectos se aproveche, ya que, sin duda, se traducir\u00e1 en un incremento notable de proyectos y personas implicadas con la bah\u00eda, su protecci\u00f3n y cuidado.<\/p>\n<p>Para hacer realidad \u2018Aprenentatge i Servei Badia de Portmany\u2019, la Conselleria de Educaci\u00f3n se ocupar\u00e1 de asesorar en el proceso de puesta en marcha del proyecto a todos los centros, impulsar la elaboraci\u00f3n de material did\u00e1ctico relacionado con la bah\u00eda de Portmany y certificar 30 horas de formaci\u00f3n permanente al profesorado, para todos aquellos docentes participantes evaluados positivamente.<\/p>\n<p>El Club N\u00e0utic Sant Antoni, por su parte, facilitar\u00e1 formaci\u00f3n y soporte a los centros participantes, relacionada con el conocimiento y la preservaci\u00f3n del medio natural de la bah\u00eda. Adem\u00e1s, ofrecer\u00e1 una salida did\u00e1ctica para hasta 25 alumnos por grupo y tres docentes por centro, vinculada a los valores del medio marino y terrestre de la bah\u00eda. Adem\u00e1s, contribuir\u00e1 a crear una comunidad APS que promueva el estudio, la difusi\u00f3n, la formaci\u00f3n y el desarrollo de experiencias, as\u00ed como la creaci\u00f3n de redes territoriales que faciliten la conservaci\u00f3n de la bah\u00eda.<\/p>\n<p>Los centros, por su parte, tendr\u00e1n que contar con un m\u00ednimo de tres docentes adscritos al programa, coordinar la implementaci\u00f3n de su proyecto espec\u00edfico y la organizaci\u00f3n de los trabajos y realizar una memoria final, entre otras tareas.<\/p>\n<p>Los proyectos que se presenten ser\u00e1n evaluados por una comisi\u00f3n entre la que habr\u00e1 personal de la Conselleria y del CNSA, entre otros.<\/p>\n<p><a href=\"https:\/\/www.salvemsabadia.com\/wp-content\/uploads\/2022\/05\/5.Instruccions-Programa-APS-Badia-de-Portmany-2022_23.pdf\" target=\"_blank\" rel=\"noopener\">Descarga el PDF informativo<\/a><\/p>\n","protected":false},"excerpt":{"rendered":"<p>Uno de los proyectos educativos m\u00e1s importantes que se van a desarrollar en nuestro entorno pr\u00f3ximamente es la iniciativa \u2018Aprenentatge i Servei Badia de Portmany\u2019, un programa educativo muy importante&#8230;<\/p>\n","protected":false},"author":2,"featured_media":3367,"comment_status":"open","ping_status":"open","sticky":false,"template":"","format":"standard","meta":{"give_campaign_id":0,"footnotes":""},"categories":[201,106,206],"tags":[],"class_list":{"0":"post-3366","1":"post","2":"type-post","3":"status-publish","4":"format-standard","5":"has-post-thumbnail","7":"category-biodiversidad","8":"category-destacado","9":"category-educacion"},"yoast_head":"<!-- This site is optimized with the Yoast SEO plugin v26.8 - https:\/\/yoast.com\/product\/yoast-seo-wordpress\/ -->\n<title>La Conselleria de Educaci\u00f3n de Balears pone en marcha \u2018Aprenentatge i Servei Badia de Portmany\u2019, un valioso proyecto para nuestro entorno - Salvem Sa Badia de Portmany<\/title>\n<meta name=\"robots\" content=\"index, follow, max-snippet:-1, max-image-preview:large, max-video-preview:-1\" \/>\n<link rel=\"canonical\" href=\"https:\/\/www.salvemsabadia.com\/la-conselleria-deducacio-de-balears-posa-en-marxa-aprenentatge-i-servei-badia-de-portmany-un-valuos-projecte-per-al-nostre-entorn\/\" \/>\n<meta property=\"og:locale\" content=\"es_ES\" \/>\n<meta property=\"og:type\" content=\"article\" \/>\n<meta property=\"og:title\" content=\"La Conselleria de Educaci\u00f3n de Balears pone en marcha \u2018Aprenentatge i Servei Badia de Portmany\u2019, un valioso proyecto para nuestro entorno - Salvem Sa Badia de Portmany\" \/>\n<meta property=\"og:description\" content=\"Uno de los proyectos educativos m\u00e1s importantes que se van a desarrollar en nuestro entorno pr\u00f3ximamente es la iniciativa \u2018Aprenentatge i Servei Badia de Portmany\u2019, un programa educativo muy importante...\" \/>\n<meta property=\"og:url\" content=\"https:\/\/www.salvemsabadia.com\/la-conselleria-deducacio-de-balears-posa-en-marxa-aprenentatge-i-servei-badia-de-portmany-un-valuos-projecte-per-al-nostre-entorn\/\" \/>\n<meta property=\"og:site_name\" content=\"Salvem Sa Badia de Portmany\" \/>\n<meta property=\"article:published_time\" content=\"2022-05-28T08:11:55+00:00\" \/>\n<meta property=\"article:modified_time\" content=\"2022-08-15T08:52:50+00:00\" \/>\n<meta property=\"og:image\" content=\"https:\/\/www.salvemsabadia.com\/wp-content\/uploads\/2022\/05\/DJI_0100.jpg\" \/>\n\t<meta property=\"og:image:width\" content=\"1600\" \/>\n\t<meta property=\"og:image:height\" content=\"1200\" \/>\n\t<meta property=\"og:image:type\" content=\"image\/jpeg\" \/>\n<meta name=\"author\" content=\"Salvem sa Badia\" \/>\n<meta name=\"twitter:card\" content=\"summary_large_image\" \/>\n<meta name=\"twitter:label1\" content=\"Escrito por\" \/>\n\t<meta name=\"twitter:data1\" content=\"Salvem sa Badia\" \/>\n\t<meta name=\"twitter:label2\" content=\"Tiempo de lectura\" \/>\n\t<meta name=\"twitter:data2\" content=\"3 minutos\" \/>\n<script type=\"application\/ld+json\" class=\"yoast-schema-graph\">{\"@context\":\"https:\/\/schema.org\",\"@graph\":[{\"@type\":\"Article\",\"@id\":\"https:\/\/www.salvemsabadia.com\/la-conselleria-deducacio-de-balears-posa-en-marxa-aprenentatge-i-servei-badia-de-portmany-un-valuos-projecte-per-al-nostre-entorn\/#article\",\"isPartOf\":{\"@id\":\"https:\/\/www.salvemsabadia.com\/la-conselleria-deducacio-de-balears-posa-en-marxa-aprenentatge-i-servei-badia-de-portmany-un-valuos-projecte-per-al-nostre-entorn\/\"},\"author\":{\"name\":\"Salvem sa Badia\",\"@id\":\"https:\/\/www.salvemsabadia.com\/#\/schema\/person\/5d08c5118adcb4140d13bde4826ba122\"},\"headline\":\"La Conselleria de Educaci\u00f3n de Balears pone en marcha \u2018Aprenentatge i Servei Badia de Portmany\u2019, un valioso proyecto para nuestro entorno\",\"datePublished\":\"2022-05-28T08:11:55+00:00\",\"dateModified\":\"2022-08-15T08:52:50+00:00\",\"mainEntityOfPage\":{\"@id\":\"https:\/\/www.salvemsabadia.com\/la-conselleria-deducacio-de-balears-posa-en-marxa-aprenentatge-i-servei-badia-de-portmany-un-valuos-projecte-per-al-nostre-entorn\/\"},\"wordCount\":549,\"commentCount\":0,\"publisher\":{\"@id\":\"https:\/\/www.salvemsabadia.com\/#organization\"},\"image\":{\"@id\":\"https:\/\/www.salvemsabadia.com\/la-conselleria-deducacio-de-balears-posa-en-marxa-aprenentatge-i-servei-badia-de-portmany-un-valuos-projecte-per-al-nostre-entorn\/#primaryimage\"},\"thumbnailUrl\":\"https:\/\/www.salvemsabadia.com\/wp-content\/uploads\/2022\/05\/DJI_0100.jpg\",\"articleSection\":[\"Biodiversidad\",\"Destacado\",\"Educaci\u00f3n\"],\"inLanguage\":\"es\",\"potentialAction\":[{\"@type\":\"CommentAction\",\"name\":\"Comment\",\"target\":[\"https:\/\/www.salvemsabadia.com\/la-conselleria-deducacio-de-balears-posa-en-marxa-aprenentatge-i-servei-badia-de-portmany-un-valuos-projecte-per-al-nostre-entorn\/#respond\"]}]},{\"@type\":\"WebPage\",\"@id\":\"https:\/\/www.salvemsabadia.com\/la-conselleria-deducacio-de-balears-posa-en-marxa-aprenentatge-i-servei-badia-de-portmany-un-valuos-projecte-per-al-nostre-entorn\/\",\"url\":\"https:\/\/www.salvemsabadia.com\/la-conselleria-deducacio-de-balears-posa-en-marxa-aprenentatge-i-servei-badia-de-portmany-un-valuos-projecte-per-al-nostre-entorn\/\",\"name\":\"La Conselleria de Educaci\u00f3n de Balears pone en marcha \u2018Aprenentatge i Servei Badia de Portmany\u2019, un valioso proyecto para nuestro entorno - Salvem Sa Badia de Portmany\",\"isPartOf\":{\"@id\":\"https:\/\/www.salvemsabadia.com\/#website\"},\"primaryImageOfPage\":{\"@id\":\"https:\/\/www.salvemsabadia.com\/la-conselleria-deducacio-de-balears-posa-en-marxa-aprenentatge-i-servei-badia-de-portmany-un-valuos-projecte-per-al-nostre-entorn\/#primaryimage\"},\"image\":{\"@id\":\"https:\/\/www.salvemsabadia.com\/la-conselleria-deducacio-de-balears-posa-en-marxa-aprenentatge-i-servei-badia-de-portmany-un-valuos-projecte-per-al-nostre-entorn\/#primaryimage\"},\"thumbnailUrl\":\"https:\/\/www.salvemsabadia.com\/wp-content\/uploads\/2022\/05\/DJI_0100.jpg\",\"datePublished\":\"2022-05-28T08:11:55+00:00\",\"dateModified\":\"2022-08-15T08:52:50+00:00\",\"breadcrumb\":{\"@id\":\"https:\/\/www.salvemsabadia.com\/la-conselleria-deducacio-de-balears-posa-en-marxa-aprenentatge-i-servei-badia-de-portmany-un-valuos-projecte-per-al-nostre-entorn\/#breadcrumb\"},\"inLanguage\":\"es\",\"potentialAction\":[{\"@type\":\"ReadAction\",\"target\":[\"https:\/\/www.salvemsabadia.com\/la-conselleria-deducacio-de-balears-posa-en-marxa-aprenentatge-i-servei-badia-de-portmany-un-valuos-projecte-per-al-nostre-entorn\/\"]}]},{\"@type\":\"ImageObject\",\"inLanguage\":\"es\",\"@id\":\"https:\/\/www.salvemsabadia.com\/la-conselleria-deducacio-de-balears-posa-en-marxa-aprenentatge-i-servei-badia-de-portmany-un-valuos-projecte-per-al-nostre-entorn\/#primaryimage\",\"url\":\"https:\/\/www.salvemsabadia.com\/wp-content\/uploads\/2022\/05\/DJI_0100.jpg\",\"contentUrl\":\"https:\/\/www.salvemsabadia.com\/wp-content\/uploads\/2022\/05\/DJI_0100.jpg\",\"width\":1600,\"height\":1200,\"caption\":\"DCIM100MEDIADJI_0100.JPG\"},{\"@type\":\"BreadcrumbList\",\"@id\":\"https:\/\/www.salvemsabadia.com\/la-conselleria-deducacio-de-balears-posa-en-marxa-aprenentatge-i-servei-badia-de-portmany-un-valuos-projecte-per-al-nostre-entorn\/#breadcrumb\",\"itemListElement\":[{\"@type\":\"ListItem\",\"position\":1,\"name\":\"Portada\",\"item\":\"https:\/\/www.salvemsabadia.com\/es\/\"},{\"@type\":\"ListItem\",\"position\":2,\"name\":\"La Conselleria de Educaci\u00f3n de Balears pone en marcha \u2018Aprenentatge i Servei Badia de Portmany\u2019, un valioso proyecto para nuestro entorno\"}]},{\"@type\":\"WebSite\",\"@id\":\"https:\/\/www.salvemsabadia.com\/#website\",\"url\":\"https:\/\/www.salvemsabadia.com\/\",\"name\":\"Salvem Sa Badia de Portmany\",\"description\":\"\",\"publisher\":{\"@id\":\"https:\/\/www.salvemsabadia.com\/#organization\"},\"potentialAction\":[{\"@type\":\"SearchAction\",\"target\":{\"@type\":\"EntryPoint\",\"urlTemplate\":\"https:\/\/www.salvemsabadia.com\/?s={search_term_string}\"},\"query-input\":{\"@type\":\"PropertyValueSpecification\",\"valueRequired\":true,\"valueName\":\"search_term_string\"}}],\"inLanguage\":\"es\"},{\"@type\":\"Organization\",\"@id\":\"https:\/\/www.salvemsabadia.com\/#organization\",\"name\":\"Salvem Sa Badia de Portmany\",\"url\":\"https:\/\/www.salvemsabadia.com\/\",\"logo\":{\"@type\":\"ImageObject\",\"inLanguage\":\"es\",\"@id\":\"https:\/\/www.salvemsabadia.com\/#\/schema\/logo\/image\/\",\"url\":\"https:\/\/www.salvemsabadia.com\/wp-content\/uploads\/2020\/03\/logo.png\",\"contentUrl\":\"https:\/\/www.salvemsabadia.com\/wp-content\/uploads\/2020\/03\/logo.png\",\"width\":188,\"height\":151,\"caption\":\"Salvem Sa Badia de Portmany\"},\"image\":{\"@id\":\"https:\/\/www.salvemsabadia.com\/#\/schema\/logo\/image\/\"}},{\"@type\":\"Person\",\"@id\":\"https:\/\/www.salvemsabadia.com\/#\/schema\/person\/5d08c5118adcb4140d13bde4826ba122\",\"name\":\"Salvem sa Badia\",\"image\":{\"@type\":\"ImageObject\",\"inLanguage\":\"es\",\"@id\":\"https:\/\/www.salvemsabadia.com\/#\/schema\/person\/image\/\",\"url\":\"https:\/\/secure.gravatar.com\/avatar\/d569ee5739a9c7022470ea472c9b4b9cf476e15f1be71e5242c911d673d14ad9?s=96&d=mm&r=g\",\"contentUrl\":\"https:\/\/secure.gravatar.com\/avatar\/d569ee5739a9c7022470ea472c9b4b9cf476e15f1be71e5242c911d673d14ad9?s=96&d=mm&r=g\",\"caption\":\"Salvem sa Badia\"}}]}<\/script>\n<!-- \/ Yoast SEO plugin. -->","yoast_head_json":{"title":"La Conselleria de Educaci\u00f3n de Balears pone en marcha \u2018Aprenentatge i Servei Badia de Portmany\u2019, un valioso proyecto para nuestro entorno - Salvem Sa Badia de Portmany","robots":{"index":"index","follow":"follow","max-snippet":"max-snippet:-1","max-image-preview":"max-image-preview:large","max-video-preview":"max-video-preview:-1"},"canonical":"https:\/\/www.salvemsabadia.com\/la-conselleria-deducacio-de-balears-posa-en-marxa-aprenentatge-i-servei-badia-de-portmany-un-valuos-projecte-per-al-nostre-entorn\/","og_locale":"es_ES","og_type":"article","og_title":"La Conselleria de Educaci\u00f3n de Balears pone en marcha \u2018Aprenentatge i Servei Badia de Portmany\u2019, un valioso proyecto para nuestro entorno - Salvem Sa Badia de Portmany","og_description":"Uno de los proyectos educativos m\u00e1s importantes que se van a desarrollar en nuestro entorno pr\u00f3ximamente es la iniciativa \u2018Aprenentatge i Servei Badia de Portmany\u2019, un programa educativo muy importante...","og_url":"https:\/\/www.salvemsabadia.com\/la-conselleria-deducacio-de-balears-posa-en-marxa-aprenentatge-i-servei-badia-de-portmany-un-valuos-projecte-per-al-nostre-entorn\/","og_site_name":"Salvem Sa Badia de Portmany","article_published_time":"2022-05-28T08:11:55+00:00","article_modified_time":"2022-08-15T08:52:50+00:00","og_image":[{"width":1600,"height":1200,"url":"https:\/\/www.salvemsabadia.com\/wp-content\/uploads\/2022\/05\/DJI_0100.jpg","type":"image\/jpeg"}],"author":"Salvem sa Badia","twitter_card":"summary_large_image","twitter_misc":{"Escrito por":"Salvem sa Badia","Tiempo de lectura":"3 minutos"},"schema":{"@context":"https:\/\/schema.org","@graph":[{"@type":"Article","@id":"https:\/\/www.salvemsabadia.com\/la-conselleria-deducacio-de-balears-posa-en-marxa-aprenentatge-i-servei-badia-de-portmany-un-valuos-projecte-per-al-nostre-entorn\/#article","isPartOf":{"@id":"https:\/\/www.salvemsabadia.com\/la-conselleria-deducacio-de-balears-posa-en-marxa-aprenentatge-i-servei-badia-de-portmany-un-valuos-projecte-per-al-nostre-entorn\/"},"author":{"name":"Salvem sa Badia","@id":"https:\/\/www.salvemsabadia.com\/#\/schema\/person\/5d08c5118adcb4140d13bde4826ba122"},"headline":"La Conselleria de Educaci\u00f3n de Balears pone en marcha \u2018Aprenentatge i Servei Badia de Portmany\u2019, un valioso proyecto para nuestro entorno","datePublished":"2022-05-28T08:11:55+00:00","dateModified":"2022-08-15T08:52:50+00:00","mainEntityOfPage":{"@id":"https:\/\/www.salvemsabadia.com\/la-conselleria-deducacio-de-balears-posa-en-marxa-aprenentatge-i-servei-badia-de-portmany-un-valuos-projecte-per-al-nostre-entorn\/"},"wordCount":549,"commentCount":0,"publisher":{"@id":"https:\/\/www.salvemsabadia.com\/#organization"},"image":{"@id":"https:\/\/www.salvemsabadia.com\/la-conselleria-deducacio-de-balears-posa-en-marxa-aprenentatge-i-servei-badia-de-portmany-un-valuos-projecte-per-al-nostre-entorn\/#primaryimage"},"thumbnailUrl":"https:\/\/www.salvemsabadia.com\/wp-content\/uploads\/2022\/05\/DJI_0100.jpg","articleSection":["Biodiversidad","Destacado","Educaci\u00f3n"],"inLanguage":"es","potentialAction":[{"@type":"CommentAction","name":"Comment","target":["https:\/\/www.salvemsabadia.com\/la-conselleria-deducacio-de-balears-posa-en-marxa-aprenentatge-i-servei-badia-de-portmany-un-valuos-projecte-per-al-nostre-entorn\/#respond"]}]},{"@type":"WebPage","@id":"https:\/\/www.salvemsabadia.com\/la-conselleria-deducacio-de-balears-posa-en-marxa-aprenentatge-i-servei-badia-de-portmany-un-valuos-projecte-per-al-nostre-entorn\/","url":"https:\/\/www.salvemsabadia.com\/la-conselleria-deducacio-de-balears-posa-en-marxa-aprenentatge-i-servei-badia-de-portmany-un-valuos-projecte-per-al-nostre-entorn\/","name":"La Conselleria de Educaci\u00f3n de Balears pone en marcha \u2018Aprenentatge i Servei Badia de Portmany\u2019, un valioso proyecto para nuestro entorno - Salvem Sa Badia de Portmany","isPartOf":{"@id":"https:\/\/www.salvemsabadia.com\/#website"},"primaryImageOfPage":{"@id":"https:\/\/www.salvemsabadia.com\/la-conselleria-deducacio-de-balears-posa-en-marxa-aprenentatge-i-servei-badia-de-portmany-un-valuos-projecte-per-al-nostre-entorn\/#primaryimage"},"image":{"@id":"https:\/\/www.salvemsabadia.com\/la-conselleria-deducacio-de-balears-posa-en-marxa-aprenentatge-i-servei-badia-de-portmany-un-valuos-projecte-per-al-nostre-entorn\/#primaryimage"},"thumbnailUrl":"https:\/\/www.salvemsabadia.com\/wp-content\/uploads\/2022\/05\/DJI_0100.jpg","datePublished":"2022-05-28T08:11:55+00:00","dateModified":"2022-08-15T08:52:50+00:00","breadcrumb":{"@id":"https:\/\/www.salvemsabadia.com\/la-conselleria-deducacio-de-balears-posa-en-marxa-aprenentatge-i-servei-badia-de-portmany-un-valuos-projecte-per-al-nostre-entorn\/#breadcrumb"},"inLanguage":"es","potentialAction":[{"@type":"ReadAction","target":["https:\/\/www.salvemsabadia.com\/la-conselleria-deducacio-de-balears-posa-en-marxa-aprenentatge-i-servei-badia-de-portmany-un-valuos-projecte-per-al-nostre-entorn\/"]}]},{"@type":"ImageObject","inLanguage":"es","@id":"https:\/\/www.salvemsabadia.com\/la-conselleria-deducacio-de-balears-posa-en-marxa-aprenentatge-i-servei-badia-de-portmany-un-valuos-projecte-per-al-nostre-entorn\/#primaryimage","url":"https:\/\/www.salvemsabadia.com\/wp-content\/uploads\/2022\/05\/DJI_0100.jpg","contentUrl":"https:\/\/www.salvemsabadia.com\/wp-content\/uploads\/2022\/05\/DJI_0100.jpg","width":1600,"height":1200,"caption":"DCIM100MEDIADJI_0100.JPG"},{"@type":"BreadcrumbList","@id":"https:\/\/www.salvemsabadia.com\/la-conselleria-deducacio-de-balears-posa-en-marxa-aprenentatge-i-servei-badia-de-portmany-un-valuos-projecte-per-al-nostre-entorn\/#breadcrumb","itemListElement":[{"@type":"ListItem","position":1,"name":"Portada","item":"https:\/\/www.salvemsabadia.com\/es\/"},{"@type":"ListItem","position":2,"name":"La Conselleria de Educaci\u00f3n de Balears pone en marcha \u2018Aprenentatge i Servei Badia de Portmany\u2019, un valioso proyecto para nuestro entorno"}]},{"@type":"WebSite","@id":"https:\/\/www.salvemsabadia.com\/#website","url":"https:\/\/www.salvemsabadia.com\/","name":"Salvem Sa Badia de Portmany","description":"","publisher":{"@id":"https:\/\/www.salvemsabadia.com\/#organization"},"potentialAction":[{"@type":"SearchAction","target":{"@type":"EntryPoint","urlTemplate":"https:\/\/www.salvemsabadia.com\/?s={search_term_string}"},"query-input":{"@type":"PropertyValueSpecification","valueRequired":true,"valueName":"search_term_string"}}],"inLanguage":"es"},{"@type":"Organization","@id":"https:\/\/www.salvemsabadia.com\/#organization","name":"Salvem Sa Badia de Portmany","url":"https:\/\/www.salvemsabadia.com\/","logo":{"@type":"ImageObject","inLanguage":"es","@id":"https:\/\/www.salvemsabadia.com\/#\/schema\/logo\/image\/","url":"https:\/\/www.salvemsabadia.com\/wp-content\/uploads\/2020\/03\/logo.png","contentUrl":"https:\/\/www.salvemsabadia.com\/wp-content\/uploads\/2020\/03\/logo.png","width":188,"height":151,"caption":"Salvem Sa Badia de Portmany"},"image":{"@id":"https:\/\/www.salvemsabadia.com\/#\/schema\/logo\/image\/"}},{"@type":"Person","@id":"https:\/\/www.salvemsabadia.com\/#\/schema\/person\/5d08c5118adcb4140d13bde4826ba122","name":"Salvem sa Badia","image":{"@type":"ImageObject","inLanguage":"es","@id":"https:\/\/www.salvemsabadia.com\/#\/schema\/person\/image\/","url":"https:\/\/secure.gravatar.com\/avatar\/d569ee5739a9c7022470ea472c9b4b9cf476e15f1be71e5242c911d673d14ad9?s=96&d=mm&r=g","contentUrl":"https:\/\/secure.gravatar.com\/avatar\/d569ee5739a9c7022470ea472c9b4b9cf476e15f1be71e5242c911d673d14ad9?s=96&d=mm&r=g","caption":"Salvem sa Badia"}}]}},"_links":{"self":[{"href":"https:\/\/www.salvemsabadia.com\/es\/wp-json\/wp\/v2\/posts\/3366","targetHints":{"allow":["GET"]}}],"collection":[{"href":"https:\/\/www.salvemsabadia.com\/es\/wp-json\/wp\/v2\/posts"}],"about":[{"href":"https:\/\/www.salvemsabadia.com\/es\/wp-json\/wp\/v2\/types\/post"}],"author":[{"embeddable":true,"href":"https:\/\/www.salvemsabadia.com\/es\/wp-json\/wp\/v2\/users\/2"}],"replies":[{"embeddable":true,"href":"https:\/\/www.salvemsabadia.com\/es\/wp-json\/wp\/v2\/comments?post=3366"}],"version-history":[{"count":0,"href":"https:\/\/www.salvemsabadia.com\/es\/wp-json\/wp\/v2\/posts\/3366\/revisions"}],"wp:featuredmedia":[{"embeddable":true,"href":"https:\/\/www.salvemsabadia.com\/es\/wp-json\/wp\/v2\/media\/3367"}],"wp:attachment":[{"href":"https:\/\/www.salvemsabadia.com\/es\/wp-json\/wp\/v2\/media?parent=3366"}],"wp:term":[{"taxonomy":"category","embeddable":true,"href":"https:\/\/www.salvemsabadia.com\/es\/wp-json\/wp\/v2\/categories?post=3366"},{"taxonomy":"post_tag","embeddable":true,"href":"https:\/\/www.salvemsabadia.com\/es\/wp-json\/wp\/v2\/tags?post=3366"}],"curies":[{"name":"wp","href":"https:\/\/api.w.org\/{rel}","templated":true}]}}