{"id":3377,"date":"2022-06-01T13:56:21","date_gmt":"2022-06-01T11:56:21","guid":{"rendered":"https:\/\/www.salvemsabadia.com\/?p=3377"},"modified":"2022-08-15T10:53:05","modified_gmt":"2022-08-15T08:53:05","slug":"salvem-sa-badia-de-portmany-participa-en-la-jornada-eivissa-submergida-sobre-ciencia-ciudadana-marina","status":"publish","type":"post","link":"https:\/\/www.salvemsabadia.com\/es\/salvem-sa-badia-de-portmany-participa-en-la-jornada-eivissa-submergida-sobre-ciencia-ciudadana-marina\/","title":{"rendered":"Salvem Sa Badia de Portmany participa en la jornada \u2018Eivissa submergida\u2019, sobre ciencia ciudadana marina"},"content":{"rendered":"<p><img loading=\"lazy\" decoding=\"async\" class=\"alignnone wp-image-3382 size-full\" src=\"https:\/\/www.salvemsabadia.com\/wp-content\/uploads\/2022\/06\/P1560237-min.jpg\" alt=\"\" width=\"1600\" height=\"1068\" srcset=\"https:\/\/www.salvemsabadia.com\/wp-content\/uploads\/2022\/06\/P1560237-min.jpg 1600w, https:\/\/www.salvemsabadia.com\/wp-content\/uploads\/2022\/06\/P1560237-min-300x200.jpg 300w, https:\/\/www.salvemsabadia.com\/wp-content\/uploads\/2022\/06\/P1560237-min-1024x684.jpg 1024w, https:\/\/www.salvemsabadia.com\/wp-content\/uploads\/2022\/06\/P1560237-min-768x513.jpg 768w, https:\/\/www.salvemsabadia.com\/wp-content\/uploads\/2022\/06\/P1560237-min-1536x1025.jpg 1536w, https:\/\/www.salvemsabadia.com\/wp-content\/uploads\/2022\/06\/P1560237-min-900x600.jpg 900w\" sizes=\"auto, (max-width: 1600px) 100vw, 1600px\" \/><\/p>\n<p>El pr\u00f3ximo 7 de junio se celebra en el Club N\u00e0utic Sant Antoni la jornada \u2018Eivissa submergida\u2019, que organizan GEN-GOB y Observadores del Mar, con el apoyo del CNSA y Marilles Foundation. Este evento est\u00e1 dedicado a la ciencia ciudadana marina y cuenta con un amplio programa de contenidos, que se desarrollar\u00e1 de 10 a 18,30 horas, en el sal\u00f3n social de la entidad anfitriona. Contar\u00e1 con la participaci\u00f3n de Salvem Sa Badia de Portmany, que explicar\u00e1 su programa de voluntarios y el trabajo desarrollado a trav\u00e9s de la plataforma Observadores del Mar. Las inscripciones para asistir presencialmente al encuentro pueden hacerse remitiendo un correo electr\u00f3nico a educaciogen@gmail.com.<\/p>\n<p>\u00abEs necesario propagar el concepto de ciencia ciudadana porque es la manera de conectar a la ciudadan\u00eda con la ciencia, desde una perspectiva l\u00fadica, sencilla, enriquecedora y divulgativa. En Ibiza hay una base de acciones de ciencia ciudadana gracias a entidades que la llevan a cabo, pero queda mucho camino por recorrer. Con estas jornadas queremos visibilizar y dar voz a todas estas experiencias, y adem\u00e1s, dar a conocer la ciencia ciudadana y Observadores del Mar para aquella gente que a\u00fan no los conoce. Para ellos y ellas, decirles que cualquier persona puede participar y les animamos a ello\u00bb, ha explicado a Salvem Sa Badia Sandra Espeja, coordinadora de Observadores del Mar en Balears.<\/p>\n<p>Por la ma\u00f1ana se desarrollar\u00e1n tres mesas redondas que contar\u00e1n con responsables institucionales, expertos y l\u00edderes de proyectos vinculados a la ciencia ciudadana. La primera de estas mesas dar\u00e1 inicio a las 10,45 horas y se celebra bajo el t\u00edtulo \u2018El rol de la administraci\u00f3n en la ciencia ciudadana y la conservaci\u00f3n marina\u2019. En ella participar\u00e1n concejales y t\u00e9cnicos responsables de Medio Ambiente de los distintos consistorios ibicencos (Jordi Salewski de Eivissa, M\u00f3nica Madrid de Santa Eul\u00e0ria, Diego Ponce de Sant Antoni, Ra\u00fal Luna de Sant Josep y Andr\u00e9s Roig de Sant Joan), adem\u00e1s del t\u00e9cnico del Consell Jaume Estarellas. Moderar\u00e1 la mesa Sandra Espeja de Observadores del Mar.<\/p>\n<p>A partir de las 11,20 horas, comenzar\u00e1 la segunda mesa, dedicada a \u2018Microplastic Watchers, un proyecto de \u00e9xito\u2019. La modera Agnes Vidal, de GEN-GOB, y participan Luis Francisco Ruiz, responsable del proyecto Microplastic Watchers en Observadores del Mar; Silvia Cerd\u00e1, profesora del colegio Sant\u00edsima Trinidad de Sant Antoni; sus alumnos Mar\u00eda Gonz\u00e1lez, Lucas Casanovas y Abderrahman El Final Hajji; Mar\u00eda Serra y Carmen Vicente, voluntarias del programa Gent Gran de La Caixa, y Ana Serapio, coordinadora de este mismo programa.<\/p>\n<p>La \u00faltima mesa redonda de la ma\u00f1ana arrancar\u00e1 sobre las 12 horas y estar\u00e1 dedicada a \u2018Observadores del mar: la experiencia de la comunidad\u2019. Es en esta mesa redonda participar\u00e1 la bi\u00f3loga de Salvem Sa Badia de Portmany Elisa Langley, que detallar\u00e1 el trabajo de introducci\u00f3n en la plataforma Observadores del Mar del programa de custodia realizado por \u2018Es Voluntaris de Sa Badia\u2019. Tambi\u00e9n estar\u00e1n Marta Fern\u00e1ndez, bi\u00f3loga del Club N\u00e0utic Sant Antoni que explicar\u00e1 el proyecto de la Setmana del Mar; Inma Saranova, de Ibiza Preservation; Elena Garc\u00eda, de Blue Life, y Cristina Amanda Tur, directora de Nautilus de IB3 Radio. Moderar\u00e1 nuevamente Sandra Espeja.<\/p>\n<p>La jornada seguir\u00e1 por la tarde, a partir de las 16 horas con cuatro conferencias: \u2018Invertebrados Marinos\u2019, por Balma Albalat de GEN-GOB; \u2018Opistobranquios de Ibiza y Formentera\u2019, por el observador Joan Pereyra; \u201830 a\u00f1os observando\u2019, por el observador Xavier Mas, y \u2018Conservaci\u00f3n marina y el valor de la ciencia ciudadana\u2019, a cargo de Manu San F\u00e9lix, del Centro de Buceo Vellmar\u00ed.<\/p>\n<p><strong><img loading=\"lazy\" decoding=\"async\" class=\"alignnone wp-image-3380 size-full\" src=\"https:\/\/www.salvemsabadia.com\/wp-content\/uploads\/2022\/06\/FTC7HfPXsAIYnKJ.jpeg\" alt=\"\" width=\"1280\" height=\"689\" srcset=\"https:\/\/www.salvemsabadia.com\/wp-content\/uploads\/2022\/06\/FTC7HfPXsAIYnKJ.jpeg 1280w, https:\/\/www.salvemsabadia.com\/wp-content\/uploads\/2022\/06\/FTC7HfPXsAIYnKJ-300x161.jpeg 300w, https:\/\/www.salvemsabadia.com\/wp-content\/uploads\/2022\/06\/FTC7HfPXsAIYnKJ-1024x551.jpeg 1024w, https:\/\/www.salvemsabadia.com\/wp-content\/uploads\/2022\/06\/FTC7HfPXsAIYnKJ-768x413.jpeg 768w\" sizes=\"auto, (max-width: 1280px) 100vw, 1280px\" \/><\/strong><\/p>\n<p><strong>10 a\u00f1os de Observadores del Mar<\/strong><\/p>\n<p>El evento coincide con el 10\u00ba aniversario de Observadores del mar, que es un portal de ciencia ciudadana que fomenta la colaboraci\u00f3n en la investigaci\u00f3n marina, recopilando observaciones y experiencias sobre los fen\u00f3menos que ocurren en el mar.<\/p>\n<p>Esta plataforma recoge los datos que aportan sus observadores voluntarios sobre distribuci\u00f3n y abundancia de especies marinas comunes, aparici\u00f3n de especies marinas \u00abraras\u00bb o invasoras y presencia de efectos sobre el ecosistema (mortalidades de organismos, contaminaci\u00f3n superficial y del fondo, etc\u00e9tera).<\/p>\n<p>Estos datos son utilizados en los proyectos de investigaci\u00f3n para comprender mejor los efectos que el calentamiento global, la contaminaci\u00f3n, los cambios de biodiversidad, las invasiones de especies ex\u00f3ticas y la sobrepesca est\u00e1n teniendo sobre el mar.<\/p>\n<p>La plataforma web se coordina desde el Instituto de Ciencias del Mar de Barcelona (CSIC) y cuenta con la participaci\u00f3n de expertos de diferentes centros de investigaci\u00f3n nacionales e internacionales, que validan y comentan las observaciones recibidas. La web se convierte as\u00ed en un punto de encuentro entre ciudadanos y cient\u00edficos, que tiene como objetivo crear nuevo conocimiento de forma conjunta.<\/p>\n<p>Todos los datos aportados son p\u00fablicos y se recogen en mapas organizados por observaciones destacadas y observaciones por proyectos. Observadores del Mar, en definitiva, es un proyecto de ciencia ciudadana para los aficionados al mar, al buceo, a la navegaci\u00f3n, la pesca o los deportes acu\u00e1ticos, que quieren compatibilizar su afici\u00f3n con una inquietud ambiental y cient\u00edfica, y compartir con la ciencia sus descubrimientos y observaciones.<\/p>\n<p><img loading=\"lazy\" decoding=\"async\" class=\"alignnone wp-image-3378 size-full\" src=\"https:\/\/www.salvemsabadia.com\/wp-content\/uploads\/2022\/06\/IMG_8459.jpg\" alt=\"\" width=\"1164\" height=\"1646\" srcset=\"https:\/\/www.salvemsabadia.com\/wp-content\/uploads\/2022\/06\/IMG_8459.jpg 1164w, https:\/\/www.salvemsabadia.com\/wp-content\/uploads\/2022\/06\/IMG_8459-212x300.jpg 212w, https:\/\/www.salvemsabadia.com\/wp-content\/uploads\/2022\/06\/IMG_8459-724x1024.jpg 724w, https:\/\/www.salvemsabadia.com\/wp-content\/uploads\/2022\/06\/IMG_8459-768x1086.jpg 768w, https:\/\/www.salvemsabadia.com\/wp-content\/uploads\/2022\/06\/IMG_8459-1086x1536.jpg 1086w\" sizes=\"auto, (max-width: 1164px) 100vw, 1164px\" \/><\/p>\n","protected":false},"excerpt":{"rendered":"<p>El pr\u00f3ximo 7 de junio se celebra en el Club N\u00e0utic Sant Antoni la jornada \u2018Eivissa submergida\u2019, que organizan GEN-GOB y Observadores del Mar, con el apoyo del CNSA y&#8230;<\/p>\n","protected":false},"author":2,"featured_media":3382,"comment_status":"open","ping_status":"open","sticky":false,"template":"","format":"standard","meta":{"give_campaign_id":0,"footnotes":""},"categories":[201,204,106,206,10],"tags":[],"class_list":{"0":"post-3377","1":"post","2":"type-post","3":"status-publish","4":"format-standard","5":"has-post-thumbnail","7":"category-biodiversidad","8":"category-ciencia","9":"category-destacado","10":"category-educacion","11":"category-salvem-sa-badia"},"yoast_head":"<!-- This site is optimized with the Yoast SEO plugin v26.8 - https:\/\/yoast.com\/product\/yoast-seo-wordpress\/ -->\n<title>Salvem Sa Badia de Portmany participa en la jornada \u2018Eivissa submergida\u2019, sobre ciencia ciudadana marina - Salvem Sa Badia de Portmany<\/title>\n<meta name=\"robots\" content=\"index, follow, max-snippet:-1, max-image-preview:large, max-video-preview:-1\" \/>\n<link rel=\"canonical\" href=\"https:\/\/www.salvemsabadia.com\/salvem-sa-badia-de-portmany-participa-a-la-jornada-eivissa-submergida-sobre-ciencia-ciutadana-marina\/\" \/>\n<meta property=\"og:locale\" content=\"es_ES\" \/>\n<meta property=\"og:type\" content=\"article\" \/>\n<meta property=\"og:title\" content=\"Salvem Sa Badia de Portmany participa en la jornada \u2018Eivissa submergida\u2019, sobre ciencia ciudadana marina - Salvem Sa Badia de Portmany\" \/>\n<meta property=\"og:description\" content=\"El pr\u00f3ximo 7 de junio se celebra en el Club N\u00e0utic Sant Antoni la jornada \u2018Eivissa submergida\u2019, que organizan GEN-GOB y Observadores del Mar, con el apoyo del CNSA y...\" \/>\n<meta property=\"og:url\" content=\"https:\/\/www.salvemsabadia.com\/salvem-sa-badia-de-portmany-participa-a-la-jornada-eivissa-submergida-sobre-ciencia-ciutadana-marina\/\" \/>\n<meta property=\"og:site_name\" content=\"Salvem Sa Badia de Portmany\" \/>\n<meta property=\"article:published_time\" content=\"2022-06-01T11:56:21+00:00\" \/>\n<meta property=\"article:modified_time\" content=\"2022-08-15T08:53:05+00:00\" \/>\n<meta property=\"og:image\" content=\"https:\/\/www.salvemsabadia.com\/wp-content\/uploads\/2022\/06\/P1560237-min.jpg\" \/>\n\t<meta property=\"og:image:width\" content=\"1600\" \/>\n\t<meta property=\"og:image:height\" content=\"1068\" \/>\n\t<meta property=\"og:image:type\" content=\"image\/jpeg\" \/>\n<meta name=\"author\" content=\"Salvem sa Badia\" \/>\n<meta name=\"twitter:card\" content=\"summary_large_image\" \/>\n<meta name=\"twitter:label1\" content=\"Escrito por\" \/>\n\t<meta name=\"twitter:data1\" content=\"Salvem sa Badia\" \/>\n\t<meta name=\"twitter:label2\" content=\"Tiempo de lectura\" \/>\n\t<meta name=\"twitter:data2\" content=\"4 minutos\" \/>\n<script type=\"application\/ld+json\" class=\"yoast-schema-graph\">{\"@context\":\"https:\/\/schema.org\",\"@graph\":[{\"@type\":\"Article\",\"@id\":\"https:\/\/www.salvemsabadia.com\/salvem-sa-badia-de-portmany-participa-a-la-jornada-eivissa-submergida-sobre-ciencia-ciutadana-marina\/#article\",\"isPartOf\":{\"@id\":\"https:\/\/www.salvemsabadia.com\/salvem-sa-badia-de-portmany-participa-a-la-jornada-eivissa-submergida-sobre-ciencia-ciutadana-marina\/\"},\"author\":{\"name\":\"Salvem sa Badia\",\"@id\":\"https:\/\/www.salvemsabadia.com\/#\/schema\/person\/5d08c5118adcb4140d13bde4826ba122\"},\"headline\":\"Salvem Sa Badia de Portmany participa en la jornada \u2018Eivissa submergida\u2019, sobre ciencia ciudadana marina\",\"datePublished\":\"2022-06-01T11:56:21+00:00\",\"dateModified\":\"2022-08-15T08:53:05+00:00\",\"mainEntityOfPage\":{\"@id\":\"https:\/\/www.salvemsabadia.com\/salvem-sa-badia-de-portmany-participa-a-la-jornada-eivissa-submergida-sobre-ciencia-ciutadana-marina\/\"},\"wordCount\":895,\"commentCount\":0,\"publisher\":{\"@id\":\"https:\/\/www.salvemsabadia.com\/#organization\"},\"image\":{\"@id\":\"https:\/\/www.salvemsabadia.com\/salvem-sa-badia-de-portmany-participa-a-la-jornada-eivissa-submergida-sobre-ciencia-ciutadana-marina\/#primaryimage\"},\"thumbnailUrl\":\"https:\/\/www.salvemsabadia.com\/wp-content\/uploads\/2022\/06\/P1560237-min.jpg\",\"articleSection\":[\"Biodiversidad\",\"Ciencia\",\"Destacado\",\"Educaci\u00f3n\",\"Salvem Sa Badia\"],\"inLanguage\":\"es\",\"potentialAction\":[{\"@type\":\"CommentAction\",\"name\":\"Comment\",\"target\":[\"https:\/\/www.salvemsabadia.com\/salvem-sa-badia-de-portmany-participa-a-la-jornada-eivissa-submergida-sobre-ciencia-ciutadana-marina\/#respond\"]}]},{\"@type\":\"WebPage\",\"@id\":\"https:\/\/www.salvemsabadia.com\/salvem-sa-badia-de-portmany-participa-a-la-jornada-eivissa-submergida-sobre-ciencia-ciutadana-marina\/\",\"url\":\"https:\/\/www.salvemsabadia.com\/salvem-sa-badia-de-portmany-participa-a-la-jornada-eivissa-submergida-sobre-ciencia-ciutadana-marina\/\",\"name\":\"Salvem Sa Badia de Portmany participa en la jornada \u2018Eivissa submergida\u2019, sobre ciencia ciudadana marina - Salvem Sa Badia de Portmany\",\"isPartOf\":{\"@id\":\"https:\/\/www.salvemsabadia.com\/#website\"},\"primaryImageOfPage\":{\"@id\":\"https:\/\/www.salvemsabadia.com\/salvem-sa-badia-de-portmany-participa-a-la-jornada-eivissa-submergida-sobre-ciencia-ciutadana-marina\/#primaryimage\"},\"image\":{\"@id\":\"https:\/\/www.salvemsabadia.com\/salvem-sa-badia-de-portmany-participa-a-la-jornada-eivissa-submergida-sobre-ciencia-ciutadana-marina\/#primaryimage\"},\"thumbnailUrl\":\"https:\/\/www.salvemsabadia.com\/wp-content\/uploads\/2022\/06\/P1560237-min.jpg\",\"datePublished\":\"2022-06-01T11:56:21+00:00\",\"dateModified\":\"2022-08-15T08:53:05+00:00\",\"breadcrumb\":{\"@id\":\"https:\/\/www.salvemsabadia.com\/salvem-sa-badia-de-portmany-participa-a-la-jornada-eivissa-submergida-sobre-ciencia-ciutadana-marina\/#breadcrumb\"},\"inLanguage\":\"es\",\"potentialAction\":[{\"@type\":\"ReadAction\",\"target\":[\"https:\/\/www.salvemsabadia.com\/salvem-sa-badia-de-portmany-participa-a-la-jornada-eivissa-submergida-sobre-ciencia-ciutadana-marina\/\"]}]},{\"@type\":\"ImageObject\",\"inLanguage\":\"es\",\"@id\":\"https:\/\/www.salvemsabadia.com\/salvem-sa-badia-de-portmany-participa-a-la-jornada-eivissa-submergida-sobre-ciencia-ciutadana-marina\/#primaryimage\",\"url\":\"https:\/\/www.salvemsabadia.com\/wp-content\/uploads\/2022\/06\/P1560237-min.jpg\",\"contentUrl\":\"https:\/\/www.salvemsabadia.com\/wp-content\/uploads\/2022\/06\/P1560237-min.jpg\",\"width\":1600,\"height\":1068},{\"@type\":\"BreadcrumbList\",\"@id\":\"https:\/\/www.salvemsabadia.com\/salvem-sa-badia-de-portmany-participa-a-la-jornada-eivissa-submergida-sobre-ciencia-ciutadana-marina\/#breadcrumb\",\"itemListElement\":[{\"@type\":\"ListItem\",\"position\":1,\"name\":\"Portada\",\"item\":\"https:\/\/www.salvemsabadia.com\/es\/\"},{\"@type\":\"ListItem\",\"position\":2,\"name\":\"Salvem Sa Badia de Portmany participa en la jornada \u2018Eivissa submergida\u2019, sobre ciencia ciudadana marina\"}]},{\"@type\":\"WebSite\",\"@id\":\"https:\/\/www.salvemsabadia.com\/#website\",\"url\":\"https:\/\/www.salvemsabadia.com\/\",\"name\":\"Salvem Sa Badia de Portmany\",\"description\":\"\",\"publisher\":{\"@id\":\"https:\/\/www.salvemsabadia.com\/#organization\"},\"potentialAction\":[{\"@type\":\"SearchAction\",\"target\":{\"@type\":\"EntryPoint\",\"urlTemplate\":\"https:\/\/www.salvemsabadia.com\/?s={search_term_string}\"},\"query-input\":{\"@type\":\"PropertyValueSpecification\",\"valueRequired\":true,\"valueName\":\"search_term_string\"}}],\"inLanguage\":\"es\"},{\"@type\":\"Organization\",\"@id\":\"https:\/\/www.salvemsabadia.com\/#organization\",\"name\":\"Salvem Sa Badia de Portmany\",\"url\":\"https:\/\/www.salvemsabadia.com\/\",\"logo\":{\"@type\":\"ImageObject\",\"inLanguage\":\"es\",\"@id\":\"https:\/\/www.salvemsabadia.com\/#\/schema\/logo\/image\/\",\"url\":\"https:\/\/www.salvemsabadia.com\/wp-content\/uploads\/2020\/03\/logo.png\",\"contentUrl\":\"https:\/\/www.salvemsabadia.com\/wp-content\/uploads\/2020\/03\/logo.png\",\"width\":188,\"height\":151,\"caption\":\"Salvem Sa Badia de Portmany\"},\"image\":{\"@id\":\"https:\/\/www.salvemsabadia.com\/#\/schema\/logo\/image\/\"}},{\"@type\":\"Person\",\"@id\":\"https:\/\/www.salvemsabadia.com\/#\/schema\/person\/5d08c5118adcb4140d13bde4826ba122\",\"name\":\"Salvem sa Badia\",\"image\":{\"@type\":\"ImageObject\",\"inLanguage\":\"es\",\"@id\":\"https:\/\/www.salvemsabadia.com\/#\/schema\/person\/image\/\",\"url\":\"https:\/\/secure.gravatar.com\/avatar\/d569ee5739a9c7022470ea472c9b4b9cf476e15f1be71e5242c911d673d14ad9?s=96&d=mm&r=g\",\"contentUrl\":\"https:\/\/secure.gravatar.com\/avatar\/d569ee5739a9c7022470ea472c9b4b9cf476e15f1be71e5242c911d673d14ad9?s=96&d=mm&r=g\",\"caption\":\"Salvem sa Badia\"}}]}<\/script>\n<!-- \/ Yoast SEO plugin. -->","yoast_head_json":{"title":"Salvem Sa Badia de Portmany participa en la jornada \u2018Eivissa submergida\u2019, sobre ciencia ciudadana marina - Salvem Sa Badia de Portmany","robots":{"index":"index","follow":"follow","max-snippet":"max-snippet:-1","max-image-preview":"max-image-preview:large","max-video-preview":"max-video-preview:-1"},"canonical":"https:\/\/www.salvemsabadia.com\/salvem-sa-badia-de-portmany-participa-a-la-jornada-eivissa-submergida-sobre-ciencia-ciutadana-marina\/","og_locale":"es_ES","og_type":"article","og_title":"Salvem Sa Badia de Portmany participa en la jornada \u2018Eivissa submergida\u2019, sobre ciencia ciudadana marina - Salvem Sa Badia de Portmany","og_description":"El pr\u00f3ximo 7 de junio se celebra en el Club N\u00e0utic Sant Antoni la jornada \u2018Eivissa submergida\u2019, que organizan GEN-GOB y Observadores del Mar, con el apoyo del CNSA y...","og_url":"https:\/\/www.salvemsabadia.com\/salvem-sa-badia-de-portmany-participa-a-la-jornada-eivissa-submergida-sobre-ciencia-ciutadana-marina\/","og_site_name":"Salvem Sa Badia de Portmany","article_published_time":"2022-06-01T11:56:21+00:00","article_modified_time":"2022-08-15T08:53:05+00:00","og_image":[{"width":1600,"height":1068,"url":"https:\/\/www.salvemsabadia.com\/wp-content\/uploads\/2022\/06\/P1560237-min.jpg","type":"image\/jpeg"}],"author":"Salvem sa Badia","twitter_card":"summary_large_image","twitter_misc":{"Escrito por":"Salvem sa Badia","Tiempo de lectura":"4 minutos"},"schema":{"@context":"https:\/\/schema.org","@graph":[{"@type":"Article","@id":"https:\/\/www.salvemsabadia.com\/salvem-sa-badia-de-portmany-participa-a-la-jornada-eivissa-submergida-sobre-ciencia-ciutadana-marina\/#article","isPartOf":{"@id":"https:\/\/www.salvemsabadia.com\/salvem-sa-badia-de-portmany-participa-a-la-jornada-eivissa-submergida-sobre-ciencia-ciutadana-marina\/"},"author":{"name":"Salvem sa Badia","@id":"https:\/\/www.salvemsabadia.com\/#\/schema\/person\/5d08c5118adcb4140d13bde4826ba122"},"headline":"Salvem Sa Badia de Portmany participa en la jornada \u2018Eivissa submergida\u2019, sobre ciencia ciudadana marina","datePublished":"2022-06-01T11:56:21+00:00","dateModified":"2022-08-15T08:53:05+00:00","mainEntityOfPage":{"@id":"https:\/\/www.salvemsabadia.com\/salvem-sa-badia-de-portmany-participa-a-la-jornada-eivissa-submergida-sobre-ciencia-ciutadana-marina\/"},"wordCount":895,"commentCount":0,"publisher":{"@id":"https:\/\/www.salvemsabadia.com\/#organization"},"image":{"@id":"https:\/\/www.salvemsabadia.com\/salvem-sa-badia-de-portmany-participa-a-la-jornada-eivissa-submergida-sobre-ciencia-ciutadana-marina\/#primaryimage"},"thumbnailUrl":"https:\/\/www.salvemsabadia.com\/wp-content\/uploads\/2022\/06\/P1560237-min.jpg","articleSection":["Biodiversidad","Ciencia","Destacado","Educaci\u00f3n","Salvem Sa Badia"],"inLanguage":"es","potentialAction":[{"@type":"CommentAction","name":"Comment","target":["https:\/\/www.salvemsabadia.com\/salvem-sa-badia-de-portmany-participa-a-la-jornada-eivissa-submergida-sobre-ciencia-ciutadana-marina\/#respond"]}]},{"@type":"WebPage","@id":"https:\/\/www.salvemsabadia.com\/salvem-sa-badia-de-portmany-participa-a-la-jornada-eivissa-submergida-sobre-ciencia-ciutadana-marina\/","url":"https:\/\/www.salvemsabadia.com\/salvem-sa-badia-de-portmany-participa-a-la-jornada-eivissa-submergida-sobre-ciencia-ciutadana-marina\/","name":"Salvem Sa Badia de Portmany participa en la jornada \u2018Eivissa submergida\u2019, sobre ciencia ciudadana marina - Salvem Sa Badia de Portmany","isPartOf":{"@id":"https:\/\/www.salvemsabadia.com\/#website"},"primaryImageOfPage":{"@id":"https:\/\/www.salvemsabadia.com\/salvem-sa-badia-de-portmany-participa-a-la-jornada-eivissa-submergida-sobre-ciencia-ciutadana-marina\/#primaryimage"},"image":{"@id":"https:\/\/www.salvemsabadia.com\/salvem-sa-badia-de-portmany-participa-a-la-jornada-eivissa-submergida-sobre-ciencia-ciutadana-marina\/#primaryimage"},"thumbnailUrl":"https:\/\/www.salvemsabadia.com\/wp-content\/uploads\/2022\/06\/P1560237-min.jpg","datePublished":"2022-06-01T11:56:21+00:00","dateModified":"2022-08-15T08:53:05+00:00","breadcrumb":{"@id":"https:\/\/www.salvemsabadia.com\/salvem-sa-badia-de-portmany-participa-a-la-jornada-eivissa-submergida-sobre-ciencia-ciutadana-marina\/#breadcrumb"},"inLanguage":"es","potentialAction":[{"@type":"ReadAction","target":["https:\/\/www.salvemsabadia.com\/salvem-sa-badia-de-portmany-participa-a-la-jornada-eivissa-submergida-sobre-ciencia-ciutadana-marina\/"]}]},{"@type":"ImageObject","inLanguage":"es","@id":"https:\/\/www.salvemsabadia.com\/salvem-sa-badia-de-portmany-participa-a-la-jornada-eivissa-submergida-sobre-ciencia-ciutadana-marina\/#primaryimage","url":"https:\/\/www.salvemsabadia.com\/wp-content\/uploads\/2022\/06\/P1560237-min.jpg","contentUrl":"https:\/\/www.salvemsabadia.com\/wp-content\/uploads\/2022\/06\/P1560237-min.jpg","width":1600,"height":1068},{"@type":"BreadcrumbList","@id":"https:\/\/www.salvemsabadia.com\/salvem-sa-badia-de-portmany-participa-a-la-jornada-eivissa-submergida-sobre-ciencia-ciutadana-marina\/#breadcrumb","itemListElement":[{"@type":"ListItem","position":1,"name":"Portada","item":"https:\/\/www.salvemsabadia.com\/es\/"},{"@type":"ListItem","position":2,"name":"Salvem Sa Badia de Portmany participa en la jornada \u2018Eivissa submergida\u2019, sobre ciencia ciudadana marina"}]},{"@type":"WebSite","@id":"https:\/\/www.salvemsabadia.com\/#website","url":"https:\/\/www.salvemsabadia.com\/","name":"Salvem Sa Badia de Portmany","description":"","publisher":{"@id":"https:\/\/www.salvemsabadia.com\/#organization"},"potentialAction":[{"@type":"SearchAction","target":{"@type":"EntryPoint","urlTemplate":"https:\/\/www.salvemsabadia.com\/?s={search_term_string}"},"query-input":{"@type":"PropertyValueSpecification","valueRequired":true,"valueName":"search_term_string"}}],"inLanguage":"es"},{"@type":"Organization","@id":"https:\/\/www.salvemsabadia.com\/#organization","name":"Salvem Sa Badia de Portmany","url":"https:\/\/www.salvemsabadia.com\/","logo":{"@type":"ImageObject","inLanguage":"es","@id":"https:\/\/www.salvemsabadia.com\/#\/schema\/logo\/image\/","url":"https:\/\/www.salvemsabadia.com\/wp-content\/uploads\/2020\/03\/logo.png","contentUrl":"https:\/\/www.salvemsabadia.com\/wp-content\/uploads\/2020\/03\/logo.png","width":188,"height":151,"caption":"Salvem Sa Badia de Portmany"},"image":{"@id":"https:\/\/www.salvemsabadia.com\/#\/schema\/logo\/image\/"}},{"@type":"Person","@id":"https:\/\/www.salvemsabadia.com\/#\/schema\/person\/5d08c5118adcb4140d13bde4826ba122","name":"Salvem sa Badia","image":{"@type":"ImageObject","inLanguage":"es","@id":"https:\/\/www.salvemsabadia.com\/#\/schema\/person\/image\/","url":"https:\/\/secure.gravatar.com\/avatar\/d569ee5739a9c7022470ea472c9b4b9cf476e15f1be71e5242c911d673d14ad9?s=96&d=mm&r=g","contentUrl":"https:\/\/secure.gravatar.com\/avatar\/d569ee5739a9c7022470ea472c9b4b9cf476e15f1be71e5242c911d673d14ad9?s=96&d=mm&r=g","caption":"Salvem sa Badia"}}]}},"_links":{"self":[{"href":"https:\/\/www.salvemsabadia.com\/es\/wp-json\/wp\/v2\/posts\/3377","targetHints":{"allow":["GET"]}}],"collection":[{"href":"https:\/\/www.salvemsabadia.com\/es\/wp-json\/wp\/v2\/posts"}],"about":[{"href":"https:\/\/www.salvemsabadia.com\/es\/wp-json\/wp\/v2\/types\/post"}],"author":[{"embeddable":true,"href":"https:\/\/www.salvemsabadia.com\/es\/wp-json\/wp\/v2\/users\/2"}],"replies":[{"embeddable":true,"href":"https:\/\/www.salvemsabadia.com\/es\/wp-json\/wp\/v2\/comments?post=3377"}],"version-history":[{"count":0,"href":"https:\/\/www.salvemsabadia.com\/es\/wp-json\/wp\/v2\/posts\/3377\/revisions"}],"wp:featuredmedia":[{"embeddable":true,"href":"https:\/\/www.salvemsabadia.com\/es\/wp-json\/wp\/v2\/media\/3382"}],"wp:attachment":[{"href":"https:\/\/www.salvemsabadia.com\/es\/wp-json\/wp\/v2\/media?parent=3377"}],"wp:term":[{"taxonomy":"category","embeddable":true,"href":"https:\/\/www.salvemsabadia.com\/es\/wp-json\/wp\/v2\/categories?post=3377"},{"taxonomy":"post_tag","embeddable":true,"href":"https:\/\/www.salvemsabadia.com\/es\/wp-json\/wp\/v2\/tags?post=3377"}],"curies":[{"name":"wp","href":"https:\/\/api.w.org\/{rel}","templated":true}]}}