{"id":3422,"date":"2022-06-15T12:08:06","date_gmt":"2022-06-15T10:08:06","guid":{"rendered":"https:\/\/www.salvemsabadia.com\/?p=3422"},"modified":"2022-08-15T10:54:09","modified_gmt":"2022-08-15T08:54:09","slug":"la-bahia-de-portmany-la-zona-en-la-que-mas-empeoran-sus-aguas-de-bano-de-toda-la-isla","status":"publish","type":"post","link":"https:\/\/www.salvemsabadia.com\/es\/la-bahia-de-portmany-la-zona-en-la-que-mas-empeoran-sus-aguas-de-bano-de-toda-la-isla\/","title":{"rendered":"La bah\u00eda de Portmany, la zona en la que m\u00e1s empeoran sus aguas de ba\u00f1o de toda la isla"},"content":{"rendered":"<div id=\"attachment_3423\" style=\"width: 2570px\" class=\"wp-caption alignnone\"><img loading=\"lazy\" decoding=\"async\" aria-describedby=\"caption-attachment-3423\" class=\"wp-image-3423 size-full\" src=\"https:\/\/www.salvemsabadia.com\/wp-content\/uploads\/2022\/06\/mapa-min-scaled.jpg\" alt=\"\" width=\"2560\" height=\"1624\" srcset=\"https:\/\/www.salvemsabadia.com\/wp-content\/uploads\/2022\/06\/mapa-min-scaled.jpg 2560w, https:\/\/www.salvemsabadia.com\/wp-content\/uploads\/2022\/06\/mapa-min-300x190.jpg 300w, https:\/\/www.salvemsabadia.com\/wp-content\/uploads\/2022\/06\/mapa-min-1024x650.jpg 1024w, https:\/\/www.salvemsabadia.com\/wp-content\/uploads\/2022\/06\/mapa-min-768x487.jpg 768w, https:\/\/www.salvemsabadia.com\/wp-content\/uploads\/2022\/06\/mapa-min-1536x975.jpg 1536w, https:\/\/www.salvemsabadia.com\/wp-content\/uploads\/2022\/06\/mapa-min-2048x1299.jpg 2048w\" sizes=\"auto, (max-width: 2560px) 100vw, 2560px\" \/><p id=\"caption-attachment-3423\" class=\"wp-caption-text\">Los puntos rojos se\u00f1alan los ocho lugares de la bah\u00eda donde ha empeorado la calidad del agua de ba\u00f1o<\/p><\/div>\n<p>El Observatorio de Sostenibilidad de Ibiza Preservation ha presentado los resultados de los an\u00e1lisis sobre la calidad de las aguas de ba\u00f1o que se han realizado para un total de 40 puntos costeros de toda Ibiza, con un resultado cada vez m\u00e1s preocupante para la bah\u00eda de Portmany, que es, con diferencia, la zona que m\u00e1s empeora de la isla.<\/p>\n<p>Este estudio se elabora con los datos que proporcionan los muestreos del Govern balear y formar\u00e1n parte del informe anual de sostenibilidad 2021, actualmente en elaboraci\u00f3n. Los primeros an\u00e1lisis se realizaron en 2010, a\u00f1o en que el Govern balear tom\u00f3 muestras en un total de 41 playas. Todas ellas, sin excepci\u00f3n, fueron calificadas como \u201cexcelentes\u201d, dentro de un baremo que tambi\u00e9n las habr\u00eda podido definir como \u201cbuenas\u201d, \u201csuficientes\u201d o \u201cinsuficientes\u201d.<\/p>\n<p>En 2021 se tomaron muestras en 40 de estos mismos puntos de la costa ibicenca y la realidad es que en estos once a\u00f1os se ha pasado de un 100% de aguas excelentes a solo el 50%. Ahora hay 20 playas con una calidad excelente, pero otras 16 han bajado a buenas y cuatro a suficientes. De estas 20 zonas de ba\u00f1o que han empeorado, ocho est\u00e1n situadas en la bah\u00eda de Portmany (cinco dentro del municipio de Sant Antoni, el m\u00e1s afectado, y tres dentro del de Sant Josep).<\/p>\n<p>De los cinco puntos de Sant Antoni que empeoran, dos est\u00e1n situados en el entorno de la playa de s\u2019Arenal y el resto en es Pouet, Cal\u00f3 des Moro y Cala Graci\u00f3. Los tres del lado de Sant Josep se refieren a es Pinet, Port des Torrent y Cal\u00f3 d\u2019en Serral.<\/p>\n<p>El resto de playas de la isla que han empeorado su calificaci\u00f3n son Cala Vedella, en el municipio de Sant Josep; Platja des Riu, Platja de Santa Eul\u00e0ria, Cala Pada y Cala Llonga, en el municipio de Santa Eul\u00e0ria; Port de San Miguel, Portinatx, Benirr\u00e0s y s\u2019Arenal, en el municipio de Sant Joan; y tres puntos de muestreo de Eivissa capital situados en Talamanca y ses Figueretes.<\/p>\n<p>En Formentera, al contrario que en Ibiza, todas sus aguas testadas mantienen la calificaci\u00f3n de \u201cexcelente\u201d desde el a\u00f1o 2010.<\/p>\n<p>Otro aspecto a destacar en relaci\u00f3n a la calidad del agua de ba\u00f1o es la contaminaci\u00f3n puntual por aguas fecales, dato que se extrae de muestreos individuales realizados en playas durante 2021. As\u00ed, en dicho a\u00f1o, el seguimiento estival realizado en 51 puntos de ba\u00f1o arroja el dato de 20 eventos de contaminaci\u00f3n por bacterias fecales. Por este motivo, en estas zonas se ha recomendado no ba\u00f1arse en una o m\u00e1s ocasiones a lo largo del periodo estival, y adem\u00e1s, en 6 puntos (Cal\u00f3 den Serral, Portinatx, Benirr\u00e0s, s\u2019Arenal Gros, es Canar y Cal\u00f3 des Moro) se lleg\u00f3 a prohibir el ba\u00f1o temporalmente por el grado de contaminaci\u00f3n generado.<\/p>\n<p>Desde el Observatorio de Sostenibilidad se observa con preocupaci\u00f3n este paulatino deterioro: \u201cLas aguas de ba\u00f1o se hallan inmersas en el medio natural y est\u00e1n expuestas potencialmente a fuentes de contaminaci\u00f3n de origen antropog\u00e9nico y natural. En este caso, parece razonable afirmar que la presi\u00f3n humana junto con la insuficiencia de infraestructuras puedan ser las desencadenantes de la creciente p\u00e9rdida de calidad de las aguas\u201d, se\u00f1ala Itziar Arratibel, coordinadora t\u00e9cnica del Observatorio, que adem\u00e1s considera que \u201cpodr\u00eda haber alguna relaci\u00f3n entre ciertas estructuras, como los aliviaderos, y la contaminaci\u00f3n de las aguas costeras\u201d.<\/p>\n<p>Ante esta situaci\u00f3n y dada la falta de estudios emp\u00edricos que se\u00f1alen las aut\u00e9nticas causas de esta degradaci\u00f3n, desde el Observatorio urgen a las administraciones a identificar de forma rigurosa y cient\u00edfica los motivos del continuo descenso de la calidad de las aguas de ba\u00f1o de Ibiza, as\u00ed como a tomar las necesarias soluciones para revertir el proceso de deterioro en el que se encuentran.<\/p>\n","protected":false},"excerpt":{"rendered":"<p>El Observatorio de Sostenibilidad de Ibiza Preservation ha presentado los resultados de los an\u00e1lisis sobre la calidad de las aguas de ba\u00f1o que se han realizado para un total de&#8230;<\/p>\n","protected":false},"author":2,"featured_media":3423,"comment_status":"open","ping_status":"open","sticky":false,"template":"","format":"standard","meta":{"give_campaign_id":0,"footnotes":""},"categories":[203,106,212],"tags":[],"class_list":{"0":"post-3422","1":"post","2":"type-post","3":"status-publish","4":"format-standard","5":"has-post-thumbnail","7":"category-calidad-del-agua","8":"category-destacado","9":"category-playas"},"yoast_head":"<!-- This site is optimized with the Yoast SEO plugin v26.8 - https:\/\/yoast.com\/product\/yoast-seo-wordpress\/ -->\n<title>La bah\u00eda de Portmany, la zona en la que m\u00e1s empeoran sus aguas de ba\u00f1o de toda la isla - Salvem Sa Badia de Portmany<\/title>\n<meta name=\"robots\" content=\"index, follow, max-snippet:-1, max-image-preview:large, max-video-preview:-1\" \/>\n<link rel=\"canonical\" href=\"https:\/\/www.salvemsabadia.com\/la-badia-de-portmany-la-zona-on-mes-empitjoren-les-aigues-de-bany-de-tota-lilla\/\" \/>\n<meta property=\"og:locale\" content=\"es_ES\" \/>\n<meta property=\"og:type\" content=\"article\" \/>\n<meta property=\"og:title\" content=\"La bah\u00eda de Portmany, la zona en la que m\u00e1s empeoran sus aguas de ba\u00f1o de toda la isla - Salvem Sa Badia de Portmany\" \/>\n<meta property=\"og:description\" content=\"El Observatorio de Sostenibilidad de Ibiza Preservation ha presentado los resultados de los an\u00e1lisis sobre la calidad de las aguas de ba\u00f1o que se han realizado para un total de...\" \/>\n<meta property=\"og:url\" content=\"https:\/\/www.salvemsabadia.com\/la-badia-de-portmany-la-zona-on-mes-empitjoren-les-aigues-de-bany-de-tota-lilla\/\" \/>\n<meta property=\"og:site_name\" content=\"Salvem Sa Badia de Portmany\" \/>\n<meta property=\"article:published_time\" content=\"2022-06-15T10:08:06+00:00\" \/>\n<meta property=\"article:modified_time\" content=\"2022-08-15T08:54:09+00:00\" \/>\n<meta property=\"og:image\" content=\"https:\/\/www.salvemsabadia.com\/wp-content\/uploads\/2022\/06\/mapa-min-scaled.jpg\" \/>\n\t<meta property=\"og:image:width\" content=\"2560\" \/>\n\t<meta property=\"og:image:height\" content=\"1624\" \/>\n\t<meta property=\"og:image:type\" content=\"image\/jpeg\" \/>\n<meta name=\"author\" content=\"Salvem sa Badia\" \/>\n<meta name=\"twitter:card\" content=\"summary_large_image\" \/>\n<meta name=\"twitter:label1\" content=\"Escrito por\" \/>\n\t<meta name=\"twitter:data1\" content=\"Salvem sa Badia\" \/>\n\t<meta name=\"twitter:label2\" content=\"Tiempo de lectura\" \/>\n\t<meta name=\"twitter:data2\" content=\"3 minutos\" \/>\n<script type=\"application\/ld+json\" class=\"yoast-schema-graph\">{\"@context\":\"https:\/\/schema.org\",\"@graph\":[{\"@type\":\"Article\",\"@id\":\"https:\/\/www.salvemsabadia.com\/la-badia-de-portmany-la-zona-on-mes-empitjoren-les-aigues-de-bany-de-tota-lilla\/#article\",\"isPartOf\":{\"@id\":\"https:\/\/www.salvemsabadia.com\/la-badia-de-portmany-la-zona-on-mes-empitjoren-les-aigues-de-bany-de-tota-lilla\/\"},\"author\":{\"name\":\"Salvem sa Badia\",\"@id\":\"https:\/\/www.salvemsabadia.com\/#\/schema\/person\/5d08c5118adcb4140d13bde4826ba122\"},\"headline\":\"La bah\u00eda de Portmany, la zona en la que m\u00e1s empeoran sus aguas de ba\u00f1o de toda la isla\",\"datePublished\":\"2022-06-15T10:08:06+00:00\",\"dateModified\":\"2022-08-15T08:54:09+00:00\",\"mainEntityOfPage\":{\"@id\":\"https:\/\/www.salvemsabadia.com\/la-badia-de-portmany-la-zona-on-mes-empitjoren-les-aigues-de-bany-de-tota-lilla\/\"},\"wordCount\":720,\"commentCount\":0,\"publisher\":{\"@id\":\"https:\/\/www.salvemsabadia.com\/#organization\"},\"image\":{\"@id\":\"https:\/\/www.salvemsabadia.com\/la-badia-de-portmany-la-zona-on-mes-empitjoren-les-aigues-de-bany-de-tota-lilla\/#primaryimage\"},\"thumbnailUrl\":\"https:\/\/www.salvemsabadia.com\/wp-content\/uploads\/2022\/06\/mapa-min-scaled.jpg\",\"articleSection\":[\"Calidad del agua\",\"Destacado\",\"Playas\"],\"inLanguage\":\"es\",\"potentialAction\":[{\"@type\":\"CommentAction\",\"name\":\"Comment\",\"target\":[\"https:\/\/www.salvemsabadia.com\/la-badia-de-portmany-la-zona-on-mes-empitjoren-les-aigues-de-bany-de-tota-lilla\/#respond\"]}]},{\"@type\":\"WebPage\",\"@id\":\"https:\/\/www.salvemsabadia.com\/la-badia-de-portmany-la-zona-on-mes-empitjoren-les-aigues-de-bany-de-tota-lilla\/\",\"url\":\"https:\/\/www.salvemsabadia.com\/la-badia-de-portmany-la-zona-on-mes-empitjoren-les-aigues-de-bany-de-tota-lilla\/\",\"name\":\"La bah\u00eda de Portmany, la zona en la que m\u00e1s empeoran sus aguas de ba\u00f1o de toda la isla - Salvem Sa Badia de Portmany\",\"isPartOf\":{\"@id\":\"https:\/\/www.salvemsabadia.com\/#website\"},\"primaryImageOfPage\":{\"@id\":\"https:\/\/www.salvemsabadia.com\/la-badia-de-portmany-la-zona-on-mes-empitjoren-les-aigues-de-bany-de-tota-lilla\/#primaryimage\"},\"image\":{\"@id\":\"https:\/\/www.salvemsabadia.com\/la-badia-de-portmany-la-zona-on-mes-empitjoren-les-aigues-de-bany-de-tota-lilla\/#primaryimage\"},\"thumbnailUrl\":\"https:\/\/www.salvemsabadia.com\/wp-content\/uploads\/2022\/06\/mapa-min-scaled.jpg\",\"datePublished\":\"2022-06-15T10:08:06+00:00\",\"dateModified\":\"2022-08-15T08:54:09+00:00\",\"breadcrumb\":{\"@id\":\"https:\/\/www.salvemsabadia.com\/la-badia-de-portmany-la-zona-on-mes-empitjoren-les-aigues-de-bany-de-tota-lilla\/#breadcrumb\"},\"inLanguage\":\"es\",\"potentialAction\":[{\"@type\":\"ReadAction\",\"target\":[\"https:\/\/www.salvemsabadia.com\/la-badia-de-portmany-la-zona-on-mes-empitjoren-les-aigues-de-bany-de-tota-lilla\/\"]}]},{\"@type\":\"ImageObject\",\"inLanguage\":\"es\",\"@id\":\"https:\/\/www.salvemsabadia.com\/la-badia-de-portmany-la-zona-on-mes-empitjoren-les-aigues-de-bany-de-tota-lilla\/#primaryimage\",\"url\":\"https:\/\/www.salvemsabadia.com\/wp-content\/uploads\/2022\/06\/mapa-min-scaled.jpg\",\"contentUrl\":\"https:\/\/www.salvemsabadia.com\/wp-content\/uploads\/2022\/06\/mapa-min-scaled.jpg\",\"width\":2560,\"height\":1624,\"caption\":\"Los puntos rojos se\u00f1alan los ocho lugares de la bah\u00eda donde ha empeorado la calidad del agua de ba\u00f1o\"},{\"@type\":\"BreadcrumbList\",\"@id\":\"https:\/\/www.salvemsabadia.com\/la-badia-de-portmany-la-zona-on-mes-empitjoren-les-aigues-de-bany-de-tota-lilla\/#breadcrumb\",\"itemListElement\":[{\"@type\":\"ListItem\",\"position\":1,\"name\":\"Portada\",\"item\":\"https:\/\/www.salvemsabadia.com\/es\/\"},{\"@type\":\"ListItem\",\"position\":2,\"name\":\"La bah\u00eda de Portmany, la zona en la que m\u00e1s empeoran sus aguas de ba\u00f1o de toda la isla\"}]},{\"@type\":\"WebSite\",\"@id\":\"https:\/\/www.salvemsabadia.com\/#website\",\"url\":\"https:\/\/www.salvemsabadia.com\/\",\"name\":\"Salvem Sa Badia de Portmany\",\"description\":\"\",\"publisher\":{\"@id\":\"https:\/\/www.salvemsabadia.com\/#organization\"},\"potentialAction\":[{\"@type\":\"SearchAction\",\"target\":{\"@type\":\"EntryPoint\",\"urlTemplate\":\"https:\/\/www.salvemsabadia.com\/?s={search_term_string}\"},\"query-input\":{\"@type\":\"PropertyValueSpecification\",\"valueRequired\":true,\"valueName\":\"search_term_string\"}}],\"inLanguage\":\"es\"},{\"@type\":\"Organization\",\"@id\":\"https:\/\/www.salvemsabadia.com\/#organization\",\"name\":\"Salvem Sa Badia de Portmany\",\"url\":\"https:\/\/www.salvemsabadia.com\/\",\"logo\":{\"@type\":\"ImageObject\",\"inLanguage\":\"es\",\"@id\":\"https:\/\/www.salvemsabadia.com\/#\/schema\/logo\/image\/\",\"url\":\"https:\/\/www.salvemsabadia.com\/wp-content\/uploads\/2020\/03\/logo.png\",\"contentUrl\":\"https:\/\/www.salvemsabadia.com\/wp-content\/uploads\/2020\/03\/logo.png\",\"width\":188,\"height\":151,\"caption\":\"Salvem Sa Badia de Portmany\"},\"image\":{\"@id\":\"https:\/\/www.salvemsabadia.com\/#\/schema\/logo\/image\/\"}},{\"@type\":\"Person\",\"@id\":\"https:\/\/www.salvemsabadia.com\/#\/schema\/person\/5d08c5118adcb4140d13bde4826ba122\",\"name\":\"Salvem sa Badia\",\"image\":{\"@type\":\"ImageObject\",\"inLanguage\":\"es\",\"@id\":\"https:\/\/www.salvemsabadia.com\/#\/schema\/person\/image\/\",\"url\":\"https:\/\/secure.gravatar.com\/avatar\/d569ee5739a9c7022470ea472c9b4b9cf476e15f1be71e5242c911d673d14ad9?s=96&d=mm&r=g\",\"contentUrl\":\"https:\/\/secure.gravatar.com\/avatar\/d569ee5739a9c7022470ea472c9b4b9cf476e15f1be71e5242c911d673d14ad9?s=96&d=mm&r=g\",\"caption\":\"Salvem sa Badia\"}}]}<\/script>\n<!-- \/ Yoast SEO plugin. -->","yoast_head_json":{"title":"La bah\u00eda de Portmany, la zona en la que m\u00e1s empeoran sus aguas de ba\u00f1o de toda la isla - Salvem Sa Badia de Portmany","robots":{"index":"index","follow":"follow","max-snippet":"max-snippet:-1","max-image-preview":"max-image-preview:large","max-video-preview":"max-video-preview:-1"},"canonical":"https:\/\/www.salvemsabadia.com\/la-badia-de-portmany-la-zona-on-mes-empitjoren-les-aigues-de-bany-de-tota-lilla\/","og_locale":"es_ES","og_type":"article","og_title":"La bah\u00eda de Portmany, la zona en la que m\u00e1s empeoran sus aguas de ba\u00f1o de toda la isla - Salvem Sa Badia de Portmany","og_description":"El Observatorio de Sostenibilidad de Ibiza Preservation ha presentado los resultados de los an\u00e1lisis sobre la calidad de las aguas de ba\u00f1o que se han realizado para un total de...","og_url":"https:\/\/www.salvemsabadia.com\/la-badia-de-portmany-la-zona-on-mes-empitjoren-les-aigues-de-bany-de-tota-lilla\/","og_site_name":"Salvem Sa Badia de Portmany","article_published_time":"2022-06-15T10:08:06+00:00","article_modified_time":"2022-08-15T08:54:09+00:00","og_image":[{"width":2560,"height":1624,"url":"https:\/\/www.salvemsabadia.com\/wp-content\/uploads\/2022\/06\/mapa-min-scaled.jpg","type":"image\/jpeg"}],"author":"Salvem sa Badia","twitter_card":"summary_large_image","twitter_misc":{"Escrito por":"Salvem sa Badia","Tiempo de lectura":"3 minutos"},"schema":{"@context":"https:\/\/schema.org","@graph":[{"@type":"Article","@id":"https:\/\/www.salvemsabadia.com\/la-badia-de-portmany-la-zona-on-mes-empitjoren-les-aigues-de-bany-de-tota-lilla\/#article","isPartOf":{"@id":"https:\/\/www.salvemsabadia.com\/la-badia-de-portmany-la-zona-on-mes-empitjoren-les-aigues-de-bany-de-tota-lilla\/"},"author":{"name":"Salvem sa Badia","@id":"https:\/\/www.salvemsabadia.com\/#\/schema\/person\/5d08c5118adcb4140d13bde4826ba122"},"headline":"La bah\u00eda de Portmany, la zona en la que m\u00e1s empeoran sus aguas de ba\u00f1o de toda la isla","datePublished":"2022-06-15T10:08:06+00:00","dateModified":"2022-08-15T08:54:09+00:00","mainEntityOfPage":{"@id":"https:\/\/www.salvemsabadia.com\/la-badia-de-portmany-la-zona-on-mes-empitjoren-les-aigues-de-bany-de-tota-lilla\/"},"wordCount":720,"commentCount":0,"publisher":{"@id":"https:\/\/www.salvemsabadia.com\/#organization"},"image":{"@id":"https:\/\/www.salvemsabadia.com\/la-badia-de-portmany-la-zona-on-mes-empitjoren-les-aigues-de-bany-de-tota-lilla\/#primaryimage"},"thumbnailUrl":"https:\/\/www.salvemsabadia.com\/wp-content\/uploads\/2022\/06\/mapa-min-scaled.jpg","articleSection":["Calidad del agua","Destacado","Playas"],"inLanguage":"es","potentialAction":[{"@type":"CommentAction","name":"Comment","target":["https:\/\/www.salvemsabadia.com\/la-badia-de-portmany-la-zona-on-mes-empitjoren-les-aigues-de-bany-de-tota-lilla\/#respond"]}]},{"@type":"WebPage","@id":"https:\/\/www.salvemsabadia.com\/la-badia-de-portmany-la-zona-on-mes-empitjoren-les-aigues-de-bany-de-tota-lilla\/","url":"https:\/\/www.salvemsabadia.com\/la-badia-de-portmany-la-zona-on-mes-empitjoren-les-aigues-de-bany-de-tota-lilla\/","name":"La bah\u00eda de Portmany, la zona en la que m\u00e1s empeoran sus aguas de ba\u00f1o de toda la isla - Salvem Sa Badia de Portmany","isPartOf":{"@id":"https:\/\/www.salvemsabadia.com\/#website"},"primaryImageOfPage":{"@id":"https:\/\/www.salvemsabadia.com\/la-badia-de-portmany-la-zona-on-mes-empitjoren-les-aigues-de-bany-de-tota-lilla\/#primaryimage"},"image":{"@id":"https:\/\/www.salvemsabadia.com\/la-badia-de-portmany-la-zona-on-mes-empitjoren-les-aigues-de-bany-de-tota-lilla\/#primaryimage"},"thumbnailUrl":"https:\/\/www.salvemsabadia.com\/wp-content\/uploads\/2022\/06\/mapa-min-scaled.jpg","datePublished":"2022-06-15T10:08:06+00:00","dateModified":"2022-08-15T08:54:09+00:00","breadcrumb":{"@id":"https:\/\/www.salvemsabadia.com\/la-badia-de-portmany-la-zona-on-mes-empitjoren-les-aigues-de-bany-de-tota-lilla\/#breadcrumb"},"inLanguage":"es","potentialAction":[{"@type":"ReadAction","target":["https:\/\/www.salvemsabadia.com\/la-badia-de-portmany-la-zona-on-mes-empitjoren-les-aigues-de-bany-de-tota-lilla\/"]}]},{"@type":"ImageObject","inLanguage":"es","@id":"https:\/\/www.salvemsabadia.com\/la-badia-de-portmany-la-zona-on-mes-empitjoren-les-aigues-de-bany-de-tota-lilla\/#primaryimage","url":"https:\/\/www.salvemsabadia.com\/wp-content\/uploads\/2022\/06\/mapa-min-scaled.jpg","contentUrl":"https:\/\/www.salvemsabadia.com\/wp-content\/uploads\/2022\/06\/mapa-min-scaled.jpg","width":2560,"height":1624,"caption":"Los puntos rojos se\u00f1alan los ocho lugares de la bah\u00eda donde ha empeorado la calidad del agua de ba\u00f1o"},{"@type":"BreadcrumbList","@id":"https:\/\/www.salvemsabadia.com\/la-badia-de-portmany-la-zona-on-mes-empitjoren-les-aigues-de-bany-de-tota-lilla\/#breadcrumb","itemListElement":[{"@type":"ListItem","position":1,"name":"Portada","item":"https:\/\/www.salvemsabadia.com\/es\/"},{"@type":"ListItem","position":2,"name":"La bah\u00eda de Portmany, la zona en la que m\u00e1s empeoran sus aguas de ba\u00f1o de toda la isla"}]},{"@type":"WebSite","@id":"https:\/\/www.salvemsabadia.com\/#website","url":"https:\/\/www.salvemsabadia.com\/","name":"Salvem Sa Badia de Portmany","description":"","publisher":{"@id":"https:\/\/www.salvemsabadia.com\/#organization"},"potentialAction":[{"@type":"SearchAction","target":{"@type":"EntryPoint","urlTemplate":"https:\/\/www.salvemsabadia.com\/?s={search_term_string}"},"query-input":{"@type":"PropertyValueSpecification","valueRequired":true,"valueName":"search_term_string"}}],"inLanguage":"es"},{"@type":"Organization","@id":"https:\/\/www.salvemsabadia.com\/#organization","name":"Salvem Sa Badia de Portmany","url":"https:\/\/www.salvemsabadia.com\/","logo":{"@type":"ImageObject","inLanguage":"es","@id":"https:\/\/www.salvemsabadia.com\/#\/schema\/logo\/image\/","url":"https:\/\/www.salvemsabadia.com\/wp-content\/uploads\/2020\/03\/logo.png","contentUrl":"https:\/\/www.salvemsabadia.com\/wp-content\/uploads\/2020\/03\/logo.png","width":188,"height":151,"caption":"Salvem Sa Badia de Portmany"},"image":{"@id":"https:\/\/www.salvemsabadia.com\/#\/schema\/logo\/image\/"}},{"@type":"Person","@id":"https:\/\/www.salvemsabadia.com\/#\/schema\/person\/5d08c5118adcb4140d13bde4826ba122","name":"Salvem sa Badia","image":{"@type":"ImageObject","inLanguage":"es","@id":"https:\/\/www.salvemsabadia.com\/#\/schema\/person\/image\/","url":"https:\/\/secure.gravatar.com\/avatar\/d569ee5739a9c7022470ea472c9b4b9cf476e15f1be71e5242c911d673d14ad9?s=96&d=mm&r=g","contentUrl":"https:\/\/secure.gravatar.com\/avatar\/d569ee5739a9c7022470ea472c9b4b9cf476e15f1be71e5242c911d673d14ad9?s=96&d=mm&r=g","caption":"Salvem sa Badia"}}]}},"_links":{"self":[{"href":"https:\/\/www.salvemsabadia.com\/es\/wp-json\/wp\/v2\/posts\/3422","targetHints":{"allow":["GET"]}}],"collection":[{"href":"https:\/\/www.salvemsabadia.com\/es\/wp-json\/wp\/v2\/posts"}],"about":[{"href":"https:\/\/www.salvemsabadia.com\/es\/wp-json\/wp\/v2\/types\/post"}],"author":[{"embeddable":true,"href":"https:\/\/www.salvemsabadia.com\/es\/wp-json\/wp\/v2\/users\/2"}],"replies":[{"embeddable":true,"href":"https:\/\/www.salvemsabadia.com\/es\/wp-json\/wp\/v2\/comments?post=3422"}],"version-history":[{"count":0,"href":"https:\/\/www.salvemsabadia.com\/es\/wp-json\/wp\/v2\/posts\/3422\/revisions"}],"wp:featuredmedia":[{"embeddable":true,"href":"https:\/\/www.salvemsabadia.com\/es\/wp-json\/wp\/v2\/media\/3423"}],"wp:attachment":[{"href":"https:\/\/www.salvemsabadia.com\/es\/wp-json\/wp\/v2\/media?parent=3422"}],"wp:term":[{"taxonomy":"category","embeddable":true,"href":"https:\/\/www.salvemsabadia.com\/es\/wp-json\/wp\/v2\/categories?post=3422"},{"taxonomy":"post_tag","embeddable":true,"href":"https:\/\/www.salvemsabadia.com\/es\/wp-json\/wp\/v2\/tags?post=3422"}],"curies":[{"name":"wp","href":"https:\/\/api.w.org\/{rel}","templated":true}]}}