{"id":3447,"date":"2022-06-27T13:20:48","date_gmt":"2022-06-27T11:20:48","guid":{"rendered":"https:\/\/www.salvemsabadia.com\/?p=3447"},"modified":"2022-08-15T10:55:06","modified_gmt":"2022-08-15T08:55:06","slug":"la-mayor-parte-de-la-bahia-de-portmany-afectada-por-una-zona-de-especial-proteccion-para-las-aves","status":"publish","type":"post","link":"https:\/\/www.salvemsabadia.com\/es\/la-mayor-parte-de-la-bahia-de-portmany-afectada-por-una-zona-de-especial-proteccion-para-las-aves\/","title":{"rendered":"La mayor parte de la bah\u00eda de Portmany, afectada por una Zona de Especial Protecci\u00f3n para las Aves"},"content":{"rendered":"<div id=\"attachment_3452\" style=\"width: 2570px\" class=\"wp-caption alignnone\"><img loading=\"lazy\" decoding=\"async\" aria-describedby=\"caption-attachment-3452\" class=\"wp-image-3452 size-full\" src=\"https:\/\/www.salvemsabadia.com\/wp-content\/uploads\/2022\/06\/Captura-de-pantalla-2022-06-14-a-las-9.05.02-scaled.jpg\" alt=\"\" width=\"2560\" height=\"1543\" srcset=\"https:\/\/www.salvemsabadia.com\/wp-content\/uploads\/2022\/06\/Captura-de-pantalla-2022-06-14-a-las-9.05.02-scaled.jpg 2560w, https:\/\/www.salvemsabadia.com\/wp-content\/uploads\/2022\/06\/Captura-de-pantalla-2022-06-14-a-las-9.05.02-300x181.jpg 300w, https:\/\/www.salvemsabadia.com\/wp-content\/uploads\/2022\/06\/Captura-de-pantalla-2022-06-14-a-las-9.05.02-1024x617.jpg 1024w, https:\/\/www.salvemsabadia.com\/wp-content\/uploads\/2022\/06\/Captura-de-pantalla-2022-06-14-a-las-9.05.02-768x463.jpg 768w, https:\/\/www.salvemsabadia.com\/wp-content\/uploads\/2022\/06\/Captura-de-pantalla-2022-06-14-a-las-9.05.02-1536x926.jpg 1536w, https:\/\/www.salvemsabadia.com\/wp-content\/uploads\/2022\/06\/Captura-de-pantalla-2022-06-14-a-las-9.05.02-2048x1234.jpg 2048w\" sizes=\"auto, (max-width: 2560px) 100vw, 2560px\" \/><p id=\"caption-attachment-3452\" class=\"wp-caption-text\">ZEPA 516, Espacio Marino del Poniente y Norte de Ibiza. La l\u00ednea roja muestra los l\u00edmites de la ZEPA<\/p><\/div>\n<p>Desde 2014, la mayor parte de la bah\u00eda de Portmany es un \u00e1rea catalogada como Zona de Especial Protecci\u00f3n para las Aves (ZEPA), denominada ZEPA ES0000516 \u00abEspacio Marino del Poniente y Norte de Ibiza\u201d, de competencia estatal. Se localiza frente a la costa noroccidental de la isla, tiene una superficie de 47.162, 02 hect\u00e1reas y se adentra en el mar desde la costa hasta 2,3 y 9,5 millas n\u00e1uticas, entre el Cap Llentrisca y la Punta des Moscarter, en Portinatx. En su interior destacan es Vedr\u00e0, es Vedranell y los Illots de Ponent, declarados reserva natural y tambi\u00e9n ZEPA (ES5310023 \u00abIllots de Ponent d&#8217;Eivissa\u00bb), de competencia auton\u00f3mica.<\/p>\n<p>El trazado de esta ZEPA afecta a toda la parte externa de la bah\u00eda, a partir de la l\u00ednea imaginaria que une Punta Pinet con el Cal\u00f3 des G\u00e0nguil, a la altura del Caf\u00e9 del Mar. En cambio, la parte comprendida entre esta l\u00ednea imaginaria y la orilla queda fuera de la ZEPA y no est\u00e1 protegida. Los l\u00edmites de la ZEPA se establecieron para garantizar la gesti\u00f3n adecuada de este espacio y la conservaci\u00f3n favorable de las aves marinas, ya que alberga importantes colonias de cr\u00eda de diversas aves marinas incluidas en el Anexo I de la Directiva 2009\/147\/CE relativa a la conservaci\u00f3n de las aves silvestres y en el anexo IV de la Ley 42\/2007, de 13 de diciembre, del Patrimonio Natural y de la Biodiversidad.<\/p>\n<p>Tanto las ZEPA como los Lugares de Inter\u00e9s Comunitario (LIC) y las Zonas\u00a0 de Especial Conservaci\u00f3n (ZEC) componen la denominada Red Natura 2000. Se trata de un conjunto de espacios naturales protegidos europeos en los que se trabaja para asegurar la supervivencia a largo plazo de las especies y los h\u00e1bitat de inter\u00e9s comunitario, contribuyendo a detener la p\u00e9rdida de biodiversidad. La Red Natura 2000 es el principal instrumento para la conservaci\u00f3n de la naturaleza en la Uni\u00f3n Europea.<\/p>\n<div id=\"attachment_3454\" style=\"width: 2570px\" class=\"wp-caption alignnone\"><img loading=\"lazy\" decoding=\"async\" aria-describedby=\"caption-attachment-3454\" class=\"wp-image-3454 size-full\" src=\"https:\/\/www.salvemsabadia.com\/wp-content\/uploads\/2022\/06\/Captura-de-pantalla-2022-06-14-a-las-9.06.08-scaled.jpg\" alt=\"\" width=\"2560\" height=\"1731\" srcset=\"https:\/\/www.salvemsabadia.com\/wp-content\/uploads\/2022\/06\/Captura-de-pantalla-2022-06-14-a-las-9.06.08-scaled.jpg 2560w, https:\/\/www.salvemsabadia.com\/wp-content\/uploads\/2022\/06\/Captura-de-pantalla-2022-06-14-a-las-9.06.08-300x203.jpg 300w, https:\/\/www.salvemsabadia.com\/wp-content\/uploads\/2022\/06\/Captura-de-pantalla-2022-06-14-a-las-9.06.08-1024x692.jpg 1024w, https:\/\/www.salvemsabadia.com\/wp-content\/uploads\/2022\/06\/Captura-de-pantalla-2022-06-14-a-las-9.06.08-768x519.jpg 768w, https:\/\/www.salvemsabadia.com\/wp-content\/uploads\/2022\/06\/Captura-de-pantalla-2022-06-14-a-las-9.06.08-1536x1039.jpg 1536w, https:\/\/www.salvemsabadia.com\/wp-content\/uploads\/2022\/06\/Captura-de-pantalla-2022-06-14-a-las-9.06.08-2048x1385.jpg 2048w, https:\/\/www.salvemsabadia.com\/wp-content\/uploads\/2022\/06\/Captura-de-pantalla-2022-06-14-a-las-9.06.08-400x269.jpg 400w\" sizes=\"auto, (max-width: 2560px) 100vw, 2560px\" \/><p id=\"caption-attachment-3454\" class=\"wp-caption-text\">En verde, el \u00e1rea de la bah\u00eda de Portmany afectada por la ZEPA<\/p><\/div>\n<p>La \u00e9poca de cr\u00eda de numerosas aves marinas protegidas que habitan en la bah\u00eda de Portmany comprende entre enero y finales de septiembre. Pero el periodo situado entre el 1 de marzo y el 30 de junio, seg\u00fan expertos consultados por Salvem Sa Badia de Portmany, es el m\u00e1s cr\u00edtico, por lo que evitar situaciones que alternen el estado natural de este territorio debe constituir una prioridad.<\/p>\n<p>Seg\u00fan las Directrices de Gesti\u00f3n y Seguimiento de la ZEPA 516, las aves marinas que se reproducen en la costa adyacente son el cormor\u00e1n mo\u00f1udo mediterr\u00e1neo o <em>corb mar\u00ed<\/em> (<em>Golosus aristotelis<\/em>), la gaviota de Audouin o <em>gavina de bec roig<\/em> (<em>Ichthyaetus audouinii<\/em>), la pardela balear o <em>virot <\/em>(<em>Puffinus mauretanicus<\/em>), la pardela cenicienta mediterr\u00e1nea o <em>baldritja<\/em> (<em>Calonectris diomedea<\/em>) y el pa\u00ed\u00f1o europeo o <em>fumarell<\/em> (<em>Hydrobates pelagicus<\/em>).<\/p>\n<p>Algunas de ellas, como el pa\u00ed\u00f1o europeo, concentran en este entorno las colonias m\u00e1s importantes del Mediterr\u00e1neo occidental. Otras, como la pardela balear o <em>virot<\/em>, se encuentran en peligro cr\u00edtico de extinci\u00f3n por lo que, dado que seg\u00fan la informaci\u00f3n disponible se reproduce \u00fanicamente en Baleares, existe una gran responsabilidad en cuanto a su conservaci\u00f3n.<\/p>\n<p>Adem\u00e1s, en la bah\u00eda se pueden contemplar otras aves marinas como la gaviota cabecinegra o <em>gavina de cap negre<\/em> (<em>Ichthyaetus melanocephalus<\/em>), la gaviota patiamarilla o <em>gavina vulgar<\/em> (Larus michahellis), la gaviota reidora o <em>catr\u00e0s<\/em> (Larus ridibundus) y el charr\u00e1n patinegro o <em>llambritja de bec llarg<\/em> (Sterna sandvicensis).<\/p>\n<div id=\"attachment_3523\" style=\"width: 1034px\" class=\"wp-caption alignnone\"><img loading=\"lazy\" decoding=\"async\" aria-describedby=\"caption-attachment-3523\" class=\"wp-image-3523 size-full\" src=\"https:\/\/www.salvemsabadia.com\/wp-content\/uploads\/2022\/06\/Gaviota-Audouin-Adriana-Ballester-2022-07-01-at-11.22.45-AM-1.jpeg\" alt=\"\" width=\"1024\" height=\"768\" srcset=\"https:\/\/www.salvemsabadia.com\/wp-content\/uploads\/2022\/06\/Gaviota-Audouin-Adriana-Ballester-2022-07-01-at-11.22.45-AM-1.jpeg 1024w, https:\/\/www.salvemsabadia.com\/wp-content\/uploads\/2022\/06\/Gaviota-Audouin-Adriana-Ballester-2022-07-01-at-11.22.45-AM-1-300x225.jpeg 300w, https:\/\/www.salvemsabadia.com\/wp-content\/uploads\/2022\/06\/Gaviota-Audouin-Adriana-Ballester-2022-07-01-at-11.22.45-AM-1-768x576.jpeg 768w\" sizes=\"auto, (max-width: 1024px) 100vw, 1024px\" \/><p id=\"caption-attachment-3523\" class=\"wp-caption-text\">Gaviota de Audouin. Foto: Adriana Ballester<\/p><\/div>\n<p>La gesti\u00f3n de esta gran ZEPA depende de la Direcci\u00f3n General de Biodiversidad, Bosques y Desertificaci\u00f3n, dentro del Ministerio para la Transici\u00f3n Ecol\u00f3gica y el Reto Demogr\u00e1fico. Las ZEPA est\u00e1n regidas por un plan de gesti\u00f3n, en el que se integran los objetivos y las medidas de conservaci\u00f3n espec\u00edficas para uno o varios lugares de la Red Natura 2000 dirigidas a mantener los valores Natura 2000 (h\u00e1bitats y especies de inter\u00e9s comunitario) en un estado de conservaci\u00f3n favorable. Los planes de gesti\u00f3n son instrumentos de gesti\u00f3n que establecen c\u00f3mo deben protegerse estas zonas, qu\u00e9 se puede y no se puede hacer en ellas y qu\u00e9 intervenciones deben acometerse para garantizar la conservaci\u00f3n de las especies y h\u00e1bitats de alto valor ecol\u00f3gico y, en definitiva, la biodiversidad.<\/p>\n<p>Cuando un LIC tiene aprobado su plan de gesti\u00f3n, pasa a ser una ZEC (Zona Especial de Conservaci\u00f3n). En Baleares, solo la ZEC de Cap de Martinet ya dispone de plan de gesti\u00f3n aprobado, mientras que el resto de espacios marinos protegidos de \u00e1mbito estatal en Baleares s\u00f3lo cuentan con directrices de gesti\u00f3n, que se pueden descargar en la web del ministerio. Salvem sa Badia ha podido saber que el Ministerio tiene previsto que en este 2022 se inicie el Plan de Gesti\u00f3n del Lugar de Importancia Comunitaria (LIC) del Canal de Menorca, para que est\u00e9 acabado en 2024. A continuaci\u00f3n, se desarrollar\u00e1n los de todas las ZEPA de competencia estatal, con el objetivo de tener sus planes de gesti\u00f3n finalizados en 2026. Uno de ellos, como hemos visto, definir\u00e1 c\u00f3mo se puede actuar en la bah\u00eda de Portmany. No obstante, estos plazos podr\u00edan retrasarse si se dilatan los procesos de aprobaci\u00f3n de los planes de gesti\u00f3n de otros espacios, que est\u00e1n ahora en marcha.<\/p>\n<div id=\"attachment_3448\" style=\"width: 2570px\" class=\"wp-caption alignnone\"><img loading=\"lazy\" decoding=\"async\" aria-describedby=\"caption-attachment-3448\" class=\"wp-image-3448 size-full\" src=\"https:\/\/www.salvemsabadia.com\/wp-content\/uploads\/2022\/06\/cormora\u0301n-2-scaled.jpg\" alt=\"\" width=\"2560\" height=\"1707\" srcset=\"https:\/\/www.salvemsabadia.com\/wp-content\/uploads\/2022\/06\/cormora\u0301n-2-scaled.jpg 2560w, https:\/\/www.salvemsabadia.com\/wp-content\/uploads\/2022\/06\/cormora\u0301n-2-300x200.jpg 300w, https:\/\/www.salvemsabadia.com\/wp-content\/uploads\/2022\/06\/cormora\u0301n-2-1024x683.jpg 1024w, https:\/\/www.salvemsabadia.com\/wp-content\/uploads\/2022\/06\/cormora\u0301n-2-768x512.jpg 768w, https:\/\/www.salvemsabadia.com\/wp-content\/uploads\/2022\/06\/cormora\u0301n-2-1536x1024.jpg 1536w, https:\/\/www.salvemsabadia.com\/wp-content\/uploads\/2022\/06\/cormora\u0301n-2-2048x1365.jpg 2048w, https:\/\/www.salvemsabadia.com\/wp-content\/uploads\/2022\/06\/cormora\u0301n-2-900x600.jpg 900w\" sizes=\"auto, (max-width: 2560px) 100vw, 2560px\" \/><p id=\"caption-attachment-3448\" class=\"wp-caption-text\">Cormor\u00e1n secando su plumaje. El color blanquecino de su parte inferior indica que es un juvenil. Foto: Juan P\u00e9rez Escribano<\/p><\/div>\n<p><strong>Evitar la contaminaci\u00f3n lum\u00ednica y el ruido<\/strong><\/p>\n<p>En todo caso, es fundamental que en estas \u00e1reas no se lleven a cabo acciones o eventos que generen excesos de ruido o lum\u00ednicos, muy especialmente en el periodo de cr\u00eda, ya que afectan sustancialmente a estas aves.<\/p>\n<p>Seg\u00fan la legislaci\u00f3n y la jurisprudencia europeas, los Estados deben garantizar que la clasificacio\u0301n de un lugar como ZEPA implique automa\u0301tica y simulta\u0301neamente la aplicacio\u0301n de un re\u0301gimen de proteccio\u0301n y conservacio\u0301n conforme con el derecho comunitario. En este sentido, las medidas de gestio\u0301n a emplear sera\u0301n reglamentarias, administrativas o contractuales. En todo caso debe entenderse que, en su aplicacio\u0301n por parte de la Administracio\u0301n, sera\u0301 indemnizable cualquier limitacio\u0301n a derechos reales consolidados que pudieran existir con anterioridad a la aprobacio\u0301n del instrumento de gestio\u0301n, de acuerdo a lo que prescriba la legalidad vigente.<\/p>\n<div id=\"attachment_3456\" style=\"width: 2570px\" class=\"wp-caption alignnone\"><img loading=\"lazy\" decoding=\"async\" aria-describedby=\"caption-attachment-3456\" class=\"wp-image-3456 size-full\" src=\"https:\/\/www.salvemsabadia.com\/wp-content\/uploads\/2022\/06\/gaviota-min-scaled.jpg\" alt=\"\" width=\"2560\" height=\"1439\" srcset=\"https:\/\/www.salvemsabadia.com\/wp-content\/uploads\/2022\/06\/gaviota-min-scaled.jpg 2560w, https:\/\/www.salvemsabadia.com\/wp-content\/uploads\/2022\/06\/gaviota-min-300x169.jpg 300w, https:\/\/www.salvemsabadia.com\/wp-content\/uploads\/2022\/06\/gaviota-min-1024x575.jpg 1024w, https:\/\/www.salvemsabadia.com\/wp-content\/uploads\/2022\/06\/gaviota-min-768x432.jpg 768w, https:\/\/www.salvemsabadia.com\/wp-content\/uploads\/2022\/06\/gaviota-min-1536x863.jpg 1536w, https:\/\/www.salvemsabadia.com\/wp-content\/uploads\/2022\/06\/gaviota-min-2048x1151.jpg 2048w\" sizes=\"auto, (max-width: 2560px) 100vw, 2560px\" \/><p id=\"caption-attachment-3456\" class=\"wp-caption-text\">Gaviota. Foto: Juan P\u00e9rez Escribano<\/p><\/div>\n<p><strong>Illeta de Cala Salada<\/strong><\/p>\n<p>La ZEPA 516 Espacio Marino del Poniente y Norte de Ibiza no es la \u00fanica que afecta al territorio de la bah\u00eda. Existe otra ZEPA, la 548, que afecta a la totalidad del territorio de la Illeta de Cala Salada y que, en este caso, al ser terrestre, la gestiona la Direcci\u00f3n General de Espacios Naturales y Biodiversidad de la Conselleria de Medio Ambiente y Territorio del Govern balear. Esta ZEPA fue creada en 2019, abarca una superficie de 0,69 hect\u00e1reas y fue impulsada a ra\u00edz de que dicho islote constituye la principal zona de cr\u00eda de la gaviota de Audouin o <em>gavina de bec roig<\/em>\u00a0(<em>Ichthyaetus <\/em><em>audouinii<\/em>) de todo este entorno.<\/p>\n","protected":false},"excerpt":{"rendered":"<p>Desde 2014, la mayor parte de la bah\u00eda de Portmany es un \u00e1rea catalogada como Zona de Especial Protecci\u00f3n para las Aves (ZEPA), denominada ZEPA ES0000516 \u00abEspacio Marino del Poniente&#8230;<\/p>\n","protected":false},"author":2,"featured_media":3454,"comment_status":"open","ping_status":"open","sticky":false,"template":"","format":"standard","meta":{"give_campaign_id":0,"footnotes":""},"categories":[201,106],"tags":[],"class_list":{"0":"post-3447","1":"post","2":"type-post","3":"status-publish","4":"format-standard","5":"has-post-thumbnail","7":"category-biodiversidad","8":"category-destacado"},"yoast_head":"<!-- This site is optimized with the Yoast SEO plugin v26.8 - https:\/\/yoast.com\/product\/yoast-seo-wordpress\/ -->\n<title>La mayor parte de la bah\u00eda de Portmany, afectada por una Zona de Especial Protecci\u00f3n para las Aves - Salvem Sa Badia de Portmany<\/title>\n<meta name=\"robots\" content=\"index, follow, max-snippet:-1, max-image-preview:large, max-video-preview:-1\" \/>\n<link rel=\"canonical\" href=\"https:\/\/www.salvemsabadia.com\/la-major-part-de-la-badia-de-portmany-afectada-per-una-zona-despecial-proteccio-per-a-les-aus\/\" \/>\n<meta property=\"og:locale\" content=\"es_ES\" \/>\n<meta property=\"og:type\" content=\"article\" \/>\n<meta property=\"og:title\" content=\"La mayor parte de la bah\u00eda de Portmany, afectada por una Zona de Especial Protecci\u00f3n para las Aves - Salvem Sa Badia de Portmany\" \/>\n<meta property=\"og:description\" content=\"Desde 2014, la mayor parte de la bah\u00eda de Portmany es un \u00e1rea catalogada como Zona de Especial Protecci\u00f3n para las Aves (ZEPA), denominada ZEPA ES0000516 \u00abEspacio Marino del Poniente...\" \/>\n<meta property=\"og:url\" content=\"https:\/\/www.salvemsabadia.com\/la-major-part-de-la-badia-de-portmany-afectada-per-una-zona-despecial-proteccio-per-a-les-aus\/\" \/>\n<meta property=\"og:site_name\" content=\"Salvem Sa Badia de Portmany\" \/>\n<meta property=\"article:published_time\" content=\"2022-06-27T11:20:48+00:00\" \/>\n<meta property=\"article:modified_time\" content=\"2022-08-15T08:55:06+00:00\" \/>\n<meta property=\"og:image\" content=\"https:\/\/www.salvemsabadia.com\/wp-content\/uploads\/2022\/06\/Captura-de-pantalla-2022-06-14-a-las-9.06.08-scaled.jpg\" \/>\n\t<meta property=\"og:image:width\" content=\"2560\" \/>\n\t<meta property=\"og:image:height\" content=\"1731\" \/>\n\t<meta property=\"og:image:type\" content=\"image\/jpeg\" \/>\n<meta name=\"author\" content=\"Salvem sa Badia\" \/>\n<meta name=\"twitter:card\" content=\"summary_large_image\" \/>\n<meta name=\"twitter:label1\" content=\"Escrito por\" \/>\n\t<meta name=\"twitter:data1\" content=\"Salvem sa Badia\" \/>\n\t<meta name=\"twitter:label2\" content=\"Tiempo de lectura\" \/>\n\t<meta name=\"twitter:data2\" content=\"6 minutos\" \/>\n<script type=\"application\/ld+json\" class=\"yoast-schema-graph\">{\"@context\":\"https:\/\/schema.org\",\"@graph\":[{\"@type\":\"Article\",\"@id\":\"https:\/\/www.salvemsabadia.com\/la-major-part-de-la-badia-de-portmany-afectada-per-una-zona-despecial-proteccio-per-a-les-aus\/#article\",\"isPartOf\":{\"@id\":\"https:\/\/www.salvemsabadia.com\/la-major-part-de-la-badia-de-portmany-afectada-per-una-zona-despecial-proteccio-per-a-les-aus\/\"},\"author\":{\"name\":\"Salvem sa Badia\",\"@id\":\"https:\/\/www.salvemsabadia.com\/#\/schema\/person\/5d08c5118adcb4140d13bde4826ba122\"},\"headline\":\"La mayor parte de la bah\u00eda de Portmany, afectada por una Zona de Especial Protecci\u00f3n para las Aves\",\"datePublished\":\"2022-06-27T11:20:48+00:00\",\"dateModified\":\"2022-08-15T08:55:06+00:00\",\"mainEntityOfPage\":{\"@id\":\"https:\/\/www.salvemsabadia.com\/la-major-part-de-la-badia-de-portmany-afectada-per-una-zona-despecial-proteccio-per-a-les-aus\/\"},\"wordCount\":1302,\"commentCount\":0,\"publisher\":{\"@id\":\"https:\/\/www.salvemsabadia.com\/#organization\"},\"image\":{\"@id\":\"https:\/\/www.salvemsabadia.com\/la-major-part-de-la-badia-de-portmany-afectada-per-una-zona-despecial-proteccio-per-a-les-aus\/#primaryimage\"},\"thumbnailUrl\":\"https:\/\/www.salvemsabadia.com\/wp-content\/uploads\/2022\/06\/Captura-de-pantalla-2022-06-14-a-las-9.06.08-scaled.jpg\",\"articleSection\":[\"Biodiversidad\",\"Destacado\"],\"inLanguage\":\"es\",\"potentialAction\":[{\"@type\":\"CommentAction\",\"name\":\"Comment\",\"target\":[\"https:\/\/www.salvemsabadia.com\/la-major-part-de-la-badia-de-portmany-afectada-per-una-zona-despecial-proteccio-per-a-les-aus\/#respond\"]}]},{\"@type\":\"WebPage\",\"@id\":\"https:\/\/www.salvemsabadia.com\/la-major-part-de-la-badia-de-portmany-afectada-per-una-zona-despecial-proteccio-per-a-les-aus\/\",\"url\":\"https:\/\/www.salvemsabadia.com\/la-major-part-de-la-badia-de-portmany-afectada-per-una-zona-despecial-proteccio-per-a-les-aus\/\",\"name\":\"La mayor parte de la bah\u00eda de Portmany, afectada por una Zona de Especial Protecci\u00f3n para las Aves - Salvem Sa Badia de Portmany\",\"isPartOf\":{\"@id\":\"https:\/\/www.salvemsabadia.com\/#website\"},\"primaryImageOfPage\":{\"@id\":\"https:\/\/www.salvemsabadia.com\/la-major-part-de-la-badia-de-portmany-afectada-per-una-zona-despecial-proteccio-per-a-les-aus\/#primaryimage\"},\"image\":{\"@id\":\"https:\/\/www.salvemsabadia.com\/la-major-part-de-la-badia-de-portmany-afectada-per-una-zona-despecial-proteccio-per-a-les-aus\/#primaryimage\"},\"thumbnailUrl\":\"https:\/\/www.salvemsabadia.com\/wp-content\/uploads\/2022\/06\/Captura-de-pantalla-2022-06-14-a-las-9.06.08-scaled.jpg\",\"datePublished\":\"2022-06-27T11:20:48+00:00\",\"dateModified\":\"2022-08-15T08:55:06+00:00\",\"breadcrumb\":{\"@id\":\"https:\/\/www.salvemsabadia.com\/la-major-part-de-la-badia-de-portmany-afectada-per-una-zona-despecial-proteccio-per-a-les-aus\/#breadcrumb\"},\"inLanguage\":\"es\",\"potentialAction\":[{\"@type\":\"ReadAction\",\"target\":[\"https:\/\/www.salvemsabadia.com\/la-major-part-de-la-badia-de-portmany-afectada-per-una-zona-despecial-proteccio-per-a-les-aus\/\"]}]},{\"@type\":\"ImageObject\",\"inLanguage\":\"es\",\"@id\":\"https:\/\/www.salvemsabadia.com\/la-major-part-de-la-badia-de-portmany-afectada-per-una-zona-despecial-proteccio-per-a-les-aus\/#primaryimage\",\"url\":\"https:\/\/www.salvemsabadia.com\/wp-content\/uploads\/2022\/06\/Captura-de-pantalla-2022-06-14-a-las-9.06.08-scaled.jpg\",\"contentUrl\":\"https:\/\/www.salvemsabadia.com\/wp-content\/uploads\/2022\/06\/Captura-de-pantalla-2022-06-14-a-las-9.06.08-scaled.jpg\",\"width\":2560,\"height\":1731},{\"@type\":\"BreadcrumbList\",\"@id\":\"https:\/\/www.salvemsabadia.com\/la-major-part-de-la-badia-de-portmany-afectada-per-una-zona-despecial-proteccio-per-a-les-aus\/#breadcrumb\",\"itemListElement\":[{\"@type\":\"ListItem\",\"position\":1,\"name\":\"Portada\",\"item\":\"https:\/\/www.salvemsabadia.com\/es\/\"},{\"@type\":\"ListItem\",\"position\":2,\"name\":\"La mayor parte de la bah\u00eda de Portmany, afectada por una Zona de Especial Protecci\u00f3n para las Aves\"}]},{\"@type\":\"WebSite\",\"@id\":\"https:\/\/www.salvemsabadia.com\/#website\",\"url\":\"https:\/\/www.salvemsabadia.com\/\",\"name\":\"Salvem Sa Badia de Portmany\",\"description\":\"\",\"publisher\":{\"@id\":\"https:\/\/www.salvemsabadia.com\/#organization\"},\"potentialAction\":[{\"@type\":\"SearchAction\",\"target\":{\"@type\":\"EntryPoint\",\"urlTemplate\":\"https:\/\/www.salvemsabadia.com\/?s={search_term_string}\"},\"query-input\":{\"@type\":\"PropertyValueSpecification\",\"valueRequired\":true,\"valueName\":\"search_term_string\"}}],\"inLanguage\":\"es\"},{\"@type\":\"Organization\",\"@id\":\"https:\/\/www.salvemsabadia.com\/#organization\",\"name\":\"Salvem Sa Badia de Portmany\",\"url\":\"https:\/\/www.salvemsabadia.com\/\",\"logo\":{\"@type\":\"ImageObject\",\"inLanguage\":\"es\",\"@id\":\"https:\/\/www.salvemsabadia.com\/#\/schema\/logo\/image\/\",\"url\":\"https:\/\/www.salvemsabadia.com\/wp-content\/uploads\/2020\/03\/logo.png\",\"contentUrl\":\"https:\/\/www.salvemsabadia.com\/wp-content\/uploads\/2020\/03\/logo.png\",\"width\":188,\"height\":151,\"caption\":\"Salvem Sa Badia de Portmany\"},\"image\":{\"@id\":\"https:\/\/www.salvemsabadia.com\/#\/schema\/logo\/image\/\"}},{\"@type\":\"Person\",\"@id\":\"https:\/\/www.salvemsabadia.com\/#\/schema\/person\/5d08c5118adcb4140d13bde4826ba122\",\"name\":\"Salvem sa Badia\",\"image\":{\"@type\":\"ImageObject\",\"inLanguage\":\"es\",\"@id\":\"https:\/\/www.salvemsabadia.com\/#\/schema\/person\/image\/\",\"url\":\"https:\/\/secure.gravatar.com\/avatar\/d569ee5739a9c7022470ea472c9b4b9cf476e15f1be71e5242c911d673d14ad9?s=96&d=mm&r=g\",\"contentUrl\":\"https:\/\/secure.gravatar.com\/avatar\/d569ee5739a9c7022470ea472c9b4b9cf476e15f1be71e5242c911d673d14ad9?s=96&d=mm&r=g\",\"caption\":\"Salvem sa Badia\"}}]}<\/script>\n<!-- \/ Yoast SEO plugin. -->","yoast_head_json":{"title":"La mayor parte de la bah\u00eda de Portmany, afectada por una Zona de Especial Protecci\u00f3n para las Aves - Salvem Sa Badia de Portmany","robots":{"index":"index","follow":"follow","max-snippet":"max-snippet:-1","max-image-preview":"max-image-preview:large","max-video-preview":"max-video-preview:-1"},"canonical":"https:\/\/www.salvemsabadia.com\/la-major-part-de-la-badia-de-portmany-afectada-per-una-zona-despecial-proteccio-per-a-les-aus\/","og_locale":"es_ES","og_type":"article","og_title":"La mayor parte de la bah\u00eda de Portmany, afectada por una Zona de Especial Protecci\u00f3n para las Aves - Salvem Sa Badia de Portmany","og_description":"Desde 2014, la mayor parte de la bah\u00eda de Portmany es un \u00e1rea catalogada como Zona de Especial Protecci\u00f3n para las Aves (ZEPA), denominada ZEPA ES0000516 \u00abEspacio Marino del Poniente...","og_url":"https:\/\/www.salvemsabadia.com\/la-major-part-de-la-badia-de-portmany-afectada-per-una-zona-despecial-proteccio-per-a-les-aus\/","og_site_name":"Salvem Sa Badia de Portmany","article_published_time":"2022-06-27T11:20:48+00:00","article_modified_time":"2022-08-15T08:55:06+00:00","og_image":[{"width":2560,"height":1731,"url":"https:\/\/www.salvemsabadia.com\/wp-content\/uploads\/2022\/06\/Captura-de-pantalla-2022-06-14-a-las-9.06.08-scaled.jpg","type":"image\/jpeg"}],"author":"Salvem sa Badia","twitter_card":"summary_large_image","twitter_misc":{"Escrito por":"Salvem sa Badia","Tiempo de lectura":"6 minutos"},"schema":{"@context":"https:\/\/schema.org","@graph":[{"@type":"Article","@id":"https:\/\/www.salvemsabadia.com\/la-major-part-de-la-badia-de-portmany-afectada-per-una-zona-despecial-proteccio-per-a-les-aus\/#article","isPartOf":{"@id":"https:\/\/www.salvemsabadia.com\/la-major-part-de-la-badia-de-portmany-afectada-per-una-zona-despecial-proteccio-per-a-les-aus\/"},"author":{"name":"Salvem sa Badia","@id":"https:\/\/www.salvemsabadia.com\/#\/schema\/person\/5d08c5118adcb4140d13bde4826ba122"},"headline":"La mayor parte de la bah\u00eda de Portmany, afectada por una Zona de Especial Protecci\u00f3n para las Aves","datePublished":"2022-06-27T11:20:48+00:00","dateModified":"2022-08-15T08:55:06+00:00","mainEntityOfPage":{"@id":"https:\/\/www.salvemsabadia.com\/la-major-part-de-la-badia-de-portmany-afectada-per-una-zona-despecial-proteccio-per-a-les-aus\/"},"wordCount":1302,"commentCount":0,"publisher":{"@id":"https:\/\/www.salvemsabadia.com\/#organization"},"image":{"@id":"https:\/\/www.salvemsabadia.com\/la-major-part-de-la-badia-de-portmany-afectada-per-una-zona-despecial-proteccio-per-a-les-aus\/#primaryimage"},"thumbnailUrl":"https:\/\/www.salvemsabadia.com\/wp-content\/uploads\/2022\/06\/Captura-de-pantalla-2022-06-14-a-las-9.06.08-scaled.jpg","articleSection":["Biodiversidad","Destacado"],"inLanguage":"es","potentialAction":[{"@type":"CommentAction","name":"Comment","target":["https:\/\/www.salvemsabadia.com\/la-major-part-de-la-badia-de-portmany-afectada-per-una-zona-despecial-proteccio-per-a-les-aus\/#respond"]}]},{"@type":"WebPage","@id":"https:\/\/www.salvemsabadia.com\/la-major-part-de-la-badia-de-portmany-afectada-per-una-zona-despecial-proteccio-per-a-les-aus\/","url":"https:\/\/www.salvemsabadia.com\/la-major-part-de-la-badia-de-portmany-afectada-per-una-zona-despecial-proteccio-per-a-les-aus\/","name":"La mayor parte de la bah\u00eda de Portmany, afectada por una Zona de Especial Protecci\u00f3n para las Aves - Salvem Sa Badia de Portmany","isPartOf":{"@id":"https:\/\/www.salvemsabadia.com\/#website"},"primaryImageOfPage":{"@id":"https:\/\/www.salvemsabadia.com\/la-major-part-de-la-badia-de-portmany-afectada-per-una-zona-despecial-proteccio-per-a-les-aus\/#primaryimage"},"image":{"@id":"https:\/\/www.salvemsabadia.com\/la-major-part-de-la-badia-de-portmany-afectada-per-una-zona-despecial-proteccio-per-a-les-aus\/#primaryimage"},"thumbnailUrl":"https:\/\/www.salvemsabadia.com\/wp-content\/uploads\/2022\/06\/Captura-de-pantalla-2022-06-14-a-las-9.06.08-scaled.jpg","datePublished":"2022-06-27T11:20:48+00:00","dateModified":"2022-08-15T08:55:06+00:00","breadcrumb":{"@id":"https:\/\/www.salvemsabadia.com\/la-major-part-de-la-badia-de-portmany-afectada-per-una-zona-despecial-proteccio-per-a-les-aus\/#breadcrumb"},"inLanguage":"es","potentialAction":[{"@type":"ReadAction","target":["https:\/\/www.salvemsabadia.com\/la-major-part-de-la-badia-de-portmany-afectada-per-una-zona-despecial-proteccio-per-a-les-aus\/"]}]},{"@type":"ImageObject","inLanguage":"es","@id":"https:\/\/www.salvemsabadia.com\/la-major-part-de-la-badia-de-portmany-afectada-per-una-zona-despecial-proteccio-per-a-les-aus\/#primaryimage","url":"https:\/\/www.salvemsabadia.com\/wp-content\/uploads\/2022\/06\/Captura-de-pantalla-2022-06-14-a-las-9.06.08-scaled.jpg","contentUrl":"https:\/\/www.salvemsabadia.com\/wp-content\/uploads\/2022\/06\/Captura-de-pantalla-2022-06-14-a-las-9.06.08-scaled.jpg","width":2560,"height":1731},{"@type":"BreadcrumbList","@id":"https:\/\/www.salvemsabadia.com\/la-major-part-de-la-badia-de-portmany-afectada-per-una-zona-despecial-proteccio-per-a-les-aus\/#breadcrumb","itemListElement":[{"@type":"ListItem","position":1,"name":"Portada","item":"https:\/\/www.salvemsabadia.com\/es\/"},{"@type":"ListItem","position":2,"name":"La mayor parte de la bah\u00eda de Portmany, afectada por una Zona de Especial Protecci\u00f3n para las Aves"}]},{"@type":"WebSite","@id":"https:\/\/www.salvemsabadia.com\/#website","url":"https:\/\/www.salvemsabadia.com\/","name":"Salvem Sa Badia de Portmany","description":"","publisher":{"@id":"https:\/\/www.salvemsabadia.com\/#organization"},"potentialAction":[{"@type":"SearchAction","target":{"@type":"EntryPoint","urlTemplate":"https:\/\/www.salvemsabadia.com\/?s={search_term_string}"},"query-input":{"@type":"PropertyValueSpecification","valueRequired":true,"valueName":"search_term_string"}}],"inLanguage":"es"},{"@type":"Organization","@id":"https:\/\/www.salvemsabadia.com\/#organization","name":"Salvem Sa Badia de Portmany","url":"https:\/\/www.salvemsabadia.com\/","logo":{"@type":"ImageObject","inLanguage":"es","@id":"https:\/\/www.salvemsabadia.com\/#\/schema\/logo\/image\/","url":"https:\/\/www.salvemsabadia.com\/wp-content\/uploads\/2020\/03\/logo.png","contentUrl":"https:\/\/www.salvemsabadia.com\/wp-content\/uploads\/2020\/03\/logo.png","width":188,"height":151,"caption":"Salvem Sa Badia de Portmany"},"image":{"@id":"https:\/\/www.salvemsabadia.com\/#\/schema\/logo\/image\/"}},{"@type":"Person","@id":"https:\/\/www.salvemsabadia.com\/#\/schema\/person\/5d08c5118adcb4140d13bde4826ba122","name":"Salvem sa Badia","image":{"@type":"ImageObject","inLanguage":"es","@id":"https:\/\/www.salvemsabadia.com\/#\/schema\/person\/image\/","url":"https:\/\/secure.gravatar.com\/avatar\/d569ee5739a9c7022470ea472c9b4b9cf476e15f1be71e5242c911d673d14ad9?s=96&d=mm&r=g","contentUrl":"https:\/\/secure.gravatar.com\/avatar\/d569ee5739a9c7022470ea472c9b4b9cf476e15f1be71e5242c911d673d14ad9?s=96&d=mm&r=g","caption":"Salvem sa Badia"}}]}},"_links":{"self":[{"href":"https:\/\/www.salvemsabadia.com\/es\/wp-json\/wp\/v2\/posts\/3447","targetHints":{"allow":["GET"]}}],"collection":[{"href":"https:\/\/www.salvemsabadia.com\/es\/wp-json\/wp\/v2\/posts"}],"about":[{"href":"https:\/\/www.salvemsabadia.com\/es\/wp-json\/wp\/v2\/types\/post"}],"author":[{"embeddable":true,"href":"https:\/\/www.salvemsabadia.com\/es\/wp-json\/wp\/v2\/users\/2"}],"replies":[{"embeddable":true,"href":"https:\/\/www.salvemsabadia.com\/es\/wp-json\/wp\/v2\/comments?post=3447"}],"version-history":[{"count":0,"href":"https:\/\/www.salvemsabadia.com\/es\/wp-json\/wp\/v2\/posts\/3447\/revisions"}],"wp:featuredmedia":[{"embeddable":true,"href":"https:\/\/www.salvemsabadia.com\/es\/wp-json\/wp\/v2\/media\/3454"}],"wp:attachment":[{"href":"https:\/\/www.salvemsabadia.com\/es\/wp-json\/wp\/v2\/media?parent=3447"}],"wp:term":[{"taxonomy":"category","embeddable":true,"href":"https:\/\/www.salvemsabadia.com\/es\/wp-json\/wp\/v2\/categories?post=3447"},{"taxonomy":"post_tag","embeddable":true,"href":"https:\/\/www.salvemsabadia.com\/es\/wp-json\/wp\/v2\/tags?post=3447"}],"curies":[{"name":"wp","href":"https:\/\/api.w.org\/{rel}","templated":true}]}}