{"id":3528,"date":"2022-07-06T11:08:20","date_gmt":"2022-07-06T09:08:20","guid":{"rendered":"https:\/\/www.salvemsabadia.com\/?p=3528"},"modified":"2022-08-15T10:56:25","modified_gmt":"2022-08-15T08:56:25","slug":"las-empresas-de-alquiler-de-embarcaciones-sin-patron-vuelven-a-sumarse-a-la-campana-de-salvem-sa-badia-para-proteger-la-posidonia","status":"publish","type":"post","link":"https:\/\/www.salvemsabadia.com\/es\/las-empresas-de-alquiler-de-embarcaciones-sin-patron-vuelven-a-sumarse-a-la-campana-de-salvem-sa-badia-para-proteger-la-posidonia\/","title":{"rendered":"Las empresas de alquiler de embarcaciones sin patr\u00f3n vuelven a sumarse a la campa\u00f1a de Salvem Sa Badia para proteger la posidonia"},"content":{"rendered":"<p><img loading=\"lazy\" decoding=\"async\" class=\"alignnone wp-image-3531 size-full\" src=\"https:\/\/www.salvemsabadia.com\/wp-content\/uploads\/2022\/07\/Encuentro-empresas-alquiler-embarcaciones4.jpeg\" alt=\"\" width=\"2000\" height=\"900\" srcset=\"https:\/\/www.salvemsabadia.com\/wp-content\/uploads\/2022\/07\/Encuentro-empresas-alquiler-embarcaciones4.jpeg 2000w, https:\/\/www.salvemsabadia.com\/wp-content\/uploads\/2022\/07\/Encuentro-empresas-alquiler-embarcaciones4-300x135.jpeg 300w, https:\/\/www.salvemsabadia.com\/wp-content\/uploads\/2022\/07\/Encuentro-empresas-alquiler-embarcaciones4-1024x461.jpeg 1024w, https:\/\/www.salvemsabadia.com\/wp-content\/uploads\/2022\/07\/Encuentro-empresas-alquiler-embarcaciones4-768x346.jpeg 768w, https:\/\/www.salvemsabadia.com\/wp-content\/uploads\/2022\/07\/Encuentro-empresas-alquiler-embarcaciones4-1536x691.jpeg 1536w\" sizes=\"auto, (max-width: 2000px) 100vw, 2000px\" \/>La iniciativa Salvem Sa Badia de Portmany, a trav\u00e9s de su presidente, Pep\u00edn Vald\u00e9s, y las bi\u00f3logas Elisa Langley y Marta Fern\u00e1ndez, ha mantenido un encuentro con las principales empresas de alquiler de embarcaciones sin patr\u00f3n que operan en la bah\u00eda. El objetivo de esta reuni\u00f3n ha sido, como ya sucedi\u00f3 el a\u00f1o pasado, invitarles a colaborar con la campa\u00f1a \u201cPegatinas\u201d, que, en el marco del proyecto #EstimSaBadia, tiene como objetivo concienciar a los colaboradores y clientes de estas compa\u00f1\u00edas para evitar fondeos sobre posidonia y desarrollar unas pr\u00e1cticas ambientales adecuadas.<\/p>\n<p>Las empresas participantes en este encuentro, que operan legalmente en la bah\u00eda de Portmany, son Blue Boats Ibiza, Blue Medusa, Martin Boat Charter, Moon Charter, Mr Krabs Boats, Star Boats, Goa y Rumbo Norte. Tambi\u00e9n han asistido Joan <em>Butj\u00e0<\/em> y Juan Carlos <em>Cucons<\/em>, de la Asociaci\u00f3n de Empresas N\u00e1uticas de la Bah\u00eda de Portmany, y dos profesionales aut\u00f3nomos del sector ch\u00e1rter. Estas empresas gestionan m\u00e1s de cincuenta embarcaciones de alquiler sin patr\u00f3n y han aceptado participar en la campa\u00f1a de la temporada de 2022. Para ello, colocar\u00e1n las pegatinas que ha realizado Salvem Sa Badia en todas sus embarcaciones para que los clientes las vean y tengan en cuenta sus mensajes.<\/p>\n<p><img loading=\"lazy\" decoding=\"async\" class=\"alignnone wp-image-3529 size-full\" src=\"https:\/\/www.salvemsabadia.com\/wp-content\/uploads\/2022\/07\/Encuentro-empresas-alquiler-embarcaciones1.jpeg\" alt=\"\" width=\"2048\" height=\"1536\" srcset=\"https:\/\/www.salvemsabadia.com\/wp-content\/uploads\/2022\/07\/Encuentro-empresas-alquiler-embarcaciones1.jpeg 2048w, https:\/\/www.salvemsabadia.com\/wp-content\/uploads\/2022\/07\/Encuentro-empresas-alquiler-embarcaciones1-300x225.jpeg 300w, https:\/\/www.salvemsabadia.com\/wp-content\/uploads\/2022\/07\/Encuentro-empresas-alquiler-embarcaciones1-1024x768.jpeg 1024w, https:\/\/www.salvemsabadia.com\/wp-content\/uploads\/2022\/07\/Encuentro-empresas-alquiler-embarcaciones1-768x576.jpeg 768w, https:\/\/www.salvemsabadia.com\/wp-content\/uploads\/2022\/07\/Encuentro-empresas-alquiler-embarcaciones1-1536x1152.jpeg 1536w\" sizes=\"auto, (max-width: 2048px) 100vw, 2048px\" \/><\/p>\n<p>Estas empresas, asimismo, se han comprometido a que, cuando explican a sus clientes el funcionamiento de las embarcaciones, les informen tambi\u00e9n sobre buenas pr\u00e1cticas medioambientales en la bah\u00eda, en l\u00ednea con los consejos que aporta esta campa\u00f1a. La acci\u00f3n \u201cPegatinas\u201d incluye un total de ocho mensajes:<\/p>\n<ul>\n<li>No fondees en Posidonia. Respeta la biodiversidad.<\/li>\n<li>No tires nada al mar, ni restos org\u00e1nicos.<\/li>\n<li>No uses pl\u00e1sticos de un solo uso. Reutiliza.<\/li>\n<li>Separa a bordo y recicla tus residuos al desembarcar.<\/li>\n<li>Respeta las zonas de ba\u00f1o balizadas y no amarres en las boyas.<\/li>\n<li>Respeta la distancia de seguridad con otras embarcaciones y con ba\u00f1istas en zonas no balizadas.<\/li>\n<li>Dentro de la bah\u00eda y cerca de la costa, m\u00e1ximo 3 nudos; es decir, despacio.<\/li>\n<li>En caso de emergencia o peligro avisa por tel\u00e9fono al 112 o por radio a trav\u00e9s de VHF-16. \u00a1Cuidado! En el norte de la isla no hay cobertura.<\/li>\n<\/ul>\n<p>Otra de ellas contiene tambi\u00e9n un c\u00f3digo QR que enlaza con un v\u00eddeo explicativo que ofrece todos estos consejos y m\u00e1s informaci\u00f3n ambiental, y que puede visualizarse a trav\u00e9s del siguiente enlace: <a href=\"https:\/\/www.salvemsabadia.com\/estimsabadia\/\" target=\"_blank\" rel=\"noopener\">https:\/\/www.salvemsabadia.com\/estimsabadia\/<\/a><\/p>\n<p>Todos estos materiales ya han sido repartidos a estas empresas, junto al mapa de zonas de Posidonia donde no se puede fondear, que tambi\u00e9n distribuir\u00e1n este verano \u2018Es Voluntaris de sa Badia\u2019, el equipo de j\u00f3venes coordinados por la bi\u00f3loga Elisa Langley que se acercan a las embarcaciones para pedirles que no fondeen sobre Posidonia o agradecerles el hecho de hacerlo sobre arena. El restaurante Es N\u00e0utic ha colaborado tambi\u00e9n en el encuentro, sirviendo un aperitivo a los presentes.<\/p>\n","protected":false},"excerpt":{"rendered":"<p>La iniciativa Salvem Sa Badia de Portmany, a trav\u00e9s de su presidente, Pep\u00edn Vald\u00e9s, y las bi\u00f3logas Elisa Langley y Marta Fern\u00e1ndez, ha mantenido un encuentro con las principales empresas&#8230;<\/p>\n","protected":false},"author":2,"featured_media":3531,"comment_status":"open","ping_status":"open","sticky":false,"template":"","format":"standard","meta":{"give_campaign_id":0,"footnotes":""},"categories":[106,208,213,10],"tags":[],"class_list":{"0":"post-3528","1":"post","2":"type-post","3":"status-publish","4":"format-standard","5":"has-post-thumbnail","7":"category-destacado","8":"category-fondeo-irregular","9":"category-posidonia","10":"category-salvem-sa-badia"},"yoast_head":"<!-- This site is optimized with the Yoast SEO plugin v26.8 - https:\/\/yoast.com\/product\/yoast-seo-wordpress\/ -->\n<title>Las empresas de alquiler de embarcaciones sin patr\u00f3n vuelven a sumarse a la campa\u00f1a de Salvem Sa Badia para proteger la posidonia - Salvem Sa Badia de Portmany<\/title>\n<meta name=\"robots\" content=\"index, follow, max-snippet:-1, max-image-preview:large, max-video-preview:-1\" \/>\n<link rel=\"canonical\" href=\"https:\/\/www.salvemsabadia.com\/les-empreses-de-lloguer-dembarcacions-sense-patro-tornen-a-sumar-se-a-la-campanya-de-salvem-sa-badia-per-a-protegir-la-posidonia\/\" \/>\n<meta property=\"og:locale\" content=\"es_ES\" \/>\n<meta property=\"og:type\" content=\"article\" \/>\n<meta property=\"og:title\" content=\"Las empresas de alquiler de embarcaciones sin patr\u00f3n vuelven a sumarse a la campa\u00f1a de Salvem Sa Badia para proteger la posidonia - Salvem Sa Badia de Portmany\" \/>\n<meta property=\"og:description\" content=\"La iniciativa Salvem Sa Badia de Portmany, a trav\u00e9s de su presidente, Pep\u00edn Vald\u00e9s, y las bi\u00f3logas Elisa Langley y Marta Fern\u00e1ndez, ha mantenido un encuentro con las principales empresas...\" \/>\n<meta property=\"og:url\" content=\"https:\/\/www.salvemsabadia.com\/les-empreses-de-lloguer-dembarcacions-sense-patro-tornen-a-sumar-se-a-la-campanya-de-salvem-sa-badia-per-a-protegir-la-posidonia\/\" \/>\n<meta property=\"og:site_name\" content=\"Salvem Sa Badia de Portmany\" \/>\n<meta property=\"article:published_time\" content=\"2022-07-06T09:08:20+00:00\" \/>\n<meta property=\"article:modified_time\" content=\"2022-08-15T08:56:25+00:00\" \/>\n<meta property=\"og:image\" content=\"https:\/\/www.salvemsabadia.com\/wp-content\/uploads\/2022\/07\/Encuentro-empresas-alquiler-embarcaciones4.jpeg\" \/>\n\t<meta property=\"og:image:width\" content=\"2000\" \/>\n\t<meta property=\"og:image:height\" content=\"900\" \/>\n\t<meta property=\"og:image:type\" content=\"image\/jpeg\" \/>\n<meta name=\"author\" content=\"Salvem sa Badia\" \/>\n<meta name=\"twitter:card\" content=\"summary_large_image\" \/>\n<meta name=\"twitter:label1\" content=\"Escrito por\" \/>\n\t<meta name=\"twitter:data1\" content=\"Salvem sa Badia\" \/>\n\t<meta name=\"twitter:label2\" content=\"Tiempo de lectura\" \/>\n\t<meta name=\"twitter:data2\" content=\"3 minutos\" \/>\n<script type=\"application\/ld+json\" class=\"yoast-schema-graph\">{\"@context\":\"https:\/\/schema.org\",\"@graph\":[{\"@type\":\"Article\",\"@id\":\"https:\/\/www.salvemsabadia.com\/les-empreses-de-lloguer-dembarcacions-sense-patro-tornen-a-sumar-se-a-la-campanya-de-salvem-sa-badia-per-a-protegir-la-posidonia\/#article\",\"isPartOf\":{\"@id\":\"https:\/\/www.salvemsabadia.com\/les-empreses-de-lloguer-dembarcacions-sense-patro-tornen-a-sumar-se-a-la-campanya-de-salvem-sa-badia-per-a-protegir-la-posidonia\/\"},\"author\":{\"name\":\"Salvem sa Badia\",\"@id\":\"https:\/\/www.salvemsabadia.com\/#\/schema\/person\/5d08c5118adcb4140d13bde4826ba122\"},\"headline\":\"Las empresas de alquiler de embarcaciones sin patr\u00f3n vuelven a sumarse a la campa\u00f1a de Salvem Sa Badia para proteger la posidonia\",\"datePublished\":\"2022-07-06T09:08:20+00:00\",\"dateModified\":\"2022-08-15T08:56:25+00:00\",\"mainEntityOfPage\":{\"@id\":\"https:\/\/www.salvemsabadia.com\/les-empreses-de-lloguer-dembarcacions-sense-patro-tornen-a-sumar-se-a-la-campanya-de-salvem-sa-badia-per-a-protegir-la-posidonia\/\"},\"wordCount\":536,\"commentCount\":0,\"publisher\":{\"@id\":\"https:\/\/www.salvemsabadia.com\/#organization\"},\"image\":{\"@id\":\"https:\/\/www.salvemsabadia.com\/les-empreses-de-lloguer-dembarcacions-sense-patro-tornen-a-sumar-se-a-la-campanya-de-salvem-sa-badia-per-a-protegir-la-posidonia\/#primaryimage\"},\"thumbnailUrl\":\"https:\/\/www.salvemsabadia.com\/wp-content\/uploads\/2022\/07\/Encuentro-empresas-alquiler-embarcaciones4.jpeg\",\"articleSection\":[\"Destacado\",\"Fondeo irregular\",\"Posidonia\",\"Salvem Sa Badia\"],\"inLanguage\":\"es\",\"potentialAction\":[{\"@type\":\"CommentAction\",\"name\":\"Comment\",\"target\":[\"https:\/\/www.salvemsabadia.com\/les-empreses-de-lloguer-dembarcacions-sense-patro-tornen-a-sumar-se-a-la-campanya-de-salvem-sa-badia-per-a-protegir-la-posidonia\/#respond\"]}]},{\"@type\":\"WebPage\",\"@id\":\"https:\/\/www.salvemsabadia.com\/les-empreses-de-lloguer-dembarcacions-sense-patro-tornen-a-sumar-se-a-la-campanya-de-salvem-sa-badia-per-a-protegir-la-posidonia\/\",\"url\":\"https:\/\/www.salvemsabadia.com\/les-empreses-de-lloguer-dembarcacions-sense-patro-tornen-a-sumar-se-a-la-campanya-de-salvem-sa-badia-per-a-protegir-la-posidonia\/\",\"name\":\"Las empresas de alquiler de embarcaciones sin patr\u00f3n vuelven a sumarse a la campa\u00f1a de Salvem Sa Badia para proteger la posidonia - Salvem Sa Badia de Portmany\",\"isPartOf\":{\"@id\":\"https:\/\/www.salvemsabadia.com\/#website\"},\"primaryImageOfPage\":{\"@id\":\"https:\/\/www.salvemsabadia.com\/les-empreses-de-lloguer-dembarcacions-sense-patro-tornen-a-sumar-se-a-la-campanya-de-salvem-sa-badia-per-a-protegir-la-posidonia\/#primaryimage\"},\"image\":{\"@id\":\"https:\/\/www.salvemsabadia.com\/les-empreses-de-lloguer-dembarcacions-sense-patro-tornen-a-sumar-se-a-la-campanya-de-salvem-sa-badia-per-a-protegir-la-posidonia\/#primaryimage\"},\"thumbnailUrl\":\"https:\/\/www.salvemsabadia.com\/wp-content\/uploads\/2022\/07\/Encuentro-empresas-alquiler-embarcaciones4.jpeg\",\"datePublished\":\"2022-07-06T09:08:20+00:00\",\"dateModified\":\"2022-08-15T08:56:25+00:00\",\"breadcrumb\":{\"@id\":\"https:\/\/www.salvemsabadia.com\/les-empreses-de-lloguer-dembarcacions-sense-patro-tornen-a-sumar-se-a-la-campanya-de-salvem-sa-badia-per-a-protegir-la-posidonia\/#breadcrumb\"},\"inLanguage\":\"es\",\"potentialAction\":[{\"@type\":\"ReadAction\",\"target\":[\"https:\/\/www.salvemsabadia.com\/les-empreses-de-lloguer-dembarcacions-sense-patro-tornen-a-sumar-se-a-la-campanya-de-salvem-sa-badia-per-a-protegir-la-posidonia\/\"]}]},{\"@type\":\"ImageObject\",\"inLanguage\":\"es\",\"@id\":\"https:\/\/www.salvemsabadia.com\/les-empreses-de-lloguer-dembarcacions-sense-patro-tornen-a-sumar-se-a-la-campanya-de-salvem-sa-badia-per-a-protegir-la-posidonia\/#primaryimage\",\"url\":\"https:\/\/www.salvemsabadia.com\/wp-content\/uploads\/2022\/07\/Encuentro-empresas-alquiler-embarcaciones4.jpeg\",\"contentUrl\":\"https:\/\/www.salvemsabadia.com\/wp-content\/uploads\/2022\/07\/Encuentro-empresas-alquiler-embarcaciones4.jpeg\",\"width\":2000,\"height\":900},{\"@type\":\"BreadcrumbList\",\"@id\":\"https:\/\/www.salvemsabadia.com\/les-empreses-de-lloguer-dembarcacions-sense-patro-tornen-a-sumar-se-a-la-campanya-de-salvem-sa-badia-per-a-protegir-la-posidonia\/#breadcrumb\",\"itemListElement\":[{\"@type\":\"ListItem\",\"position\":1,\"name\":\"Portada\",\"item\":\"https:\/\/www.salvemsabadia.com\/es\/\"},{\"@type\":\"ListItem\",\"position\":2,\"name\":\"Las empresas de alquiler de embarcaciones sin patr\u00f3n vuelven a sumarse a la campa\u00f1a de Salvem Sa Badia para proteger la posidonia\"}]},{\"@type\":\"WebSite\",\"@id\":\"https:\/\/www.salvemsabadia.com\/#website\",\"url\":\"https:\/\/www.salvemsabadia.com\/\",\"name\":\"Salvem Sa Badia de Portmany\",\"description\":\"\",\"publisher\":{\"@id\":\"https:\/\/www.salvemsabadia.com\/#organization\"},\"potentialAction\":[{\"@type\":\"SearchAction\",\"target\":{\"@type\":\"EntryPoint\",\"urlTemplate\":\"https:\/\/www.salvemsabadia.com\/?s={search_term_string}\"},\"query-input\":{\"@type\":\"PropertyValueSpecification\",\"valueRequired\":true,\"valueName\":\"search_term_string\"}}],\"inLanguage\":\"es\"},{\"@type\":\"Organization\",\"@id\":\"https:\/\/www.salvemsabadia.com\/#organization\",\"name\":\"Salvem Sa Badia de Portmany\",\"url\":\"https:\/\/www.salvemsabadia.com\/\",\"logo\":{\"@type\":\"ImageObject\",\"inLanguage\":\"es\",\"@id\":\"https:\/\/www.salvemsabadia.com\/#\/schema\/logo\/image\/\",\"url\":\"https:\/\/www.salvemsabadia.com\/wp-content\/uploads\/2020\/03\/logo.png\",\"contentUrl\":\"https:\/\/www.salvemsabadia.com\/wp-content\/uploads\/2020\/03\/logo.png\",\"width\":188,\"height\":151,\"caption\":\"Salvem Sa Badia de Portmany\"},\"image\":{\"@id\":\"https:\/\/www.salvemsabadia.com\/#\/schema\/logo\/image\/\"}},{\"@type\":\"Person\",\"@id\":\"https:\/\/www.salvemsabadia.com\/#\/schema\/person\/5d08c5118adcb4140d13bde4826ba122\",\"name\":\"Salvem sa Badia\",\"image\":{\"@type\":\"ImageObject\",\"inLanguage\":\"es\",\"@id\":\"https:\/\/www.salvemsabadia.com\/#\/schema\/person\/image\/\",\"url\":\"https:\/\/secure.gravatar.com\/avatar\/d569ee5739a9c7022470ea472c9b4b9cf476e15f1be71e5242c911d673d14ad9?s=96&d=mm&r=g\",\"contentUrl\":\"https:\/\/secure.gravatar.com\/avatar\/d569ee5739a9c7022470ea472c9b4b9cf476e15f1be71e5242c911d673d14ad9?s=96&d=mm&r=g\",\"caption\":\"Salvem sa Badia\"}}]}<\/script>\n<!-- \/ Yoast SEO plugin. -->","yoast_head_json":{"title":"Las empresas de alquiler de embarcaciones sin patr\u00f3n vuelven a sumarse a la campa\u00f1a de Salvem Sa Badia para proteger la posidonia - Salvem Sa Badia de Portmany","robots":{"index":"index","follow":"follow","max-snippet":"max-snippet:-1","max-image-preview":"max-image-preview:large","max-video-preview":"max-video-preview:-1"},"canonical":"https:\/\/www.salvemsabadia.com\/les-empreses-de-lloguer-dembarcacions-sense-patro-tornen-a-sumar-se-a-la-campanya-de-salvem-sa-badia-per-a-protegir-la-posidonia\/","og_locale":"es_ES","og_type":"article","og_title":"Las empresas de alquiler de embarcaciones sin patr\u00f3n vuelven a sumarse a la campa\u00f1a de Salvem Sa Badia para proteger la posidonia - Salvem Sa Badia de Portmany","og_description":"La iniciativa Salvem Sa Badia de Portmany, a trav\u00e9s de su presidente, Pep\u00edn Vald\u00e9s, y las bi\u00f3logas Elisa Langley y Marta Fern\u00e1ndez, ha mantenido un encuentro con las principales empresas...","og_url":"https:\/\/www.salvemsabadia.com\/les-empreses-de-lloguer-dembarcacions-sense-patro-tornen-a-sumar-se-a-la-campanya-de-salvem-sa-badia-per-a-protegir-la-posidonia\/","og_site_name":"Salvem Sa Badia de Portmany","article_published_time":"2022-07-06T09:08:20+00:00","article_modified_time":"2022-08-15T08:56:25+00:00","og_image":[{"width":2000,"height":900,"url":"https:\/\/www.salvemsabadia.com\/wp-content\/uploads\/2022\/07\/Encuentro-empresas-alquiler-embarcaciones4.jpeg","type":"image\/jpeg"}],"author":"Salvem sa Badia","twitter_card":"summary_large_image","twitter_misc":{"Escrito por":"Salvem sa Badia","Tiempo de lectura":"3 minutos"},"schema":{"@context":"https:\/\/schema.org","@graph":[{"@type":"Article","@id":"https:\/\/www.salvemsabadia.com\/les-empreses-de-lloguer-dembarcacions-sense-patro-tornen-a-sumar-se-a-la-campanya-de-salvem-sa-badia-per-a-protegir-la-posidonia\/#article","isPartOf":{"@id":"https:\/\/www.salvemsabadia.com\/les-empreses-de-lloguer-dembarcacions-sense-patro-tornen-a-sumar-se-a-la-campanya-de-salvem-sa-badia-per-a-protegir-la-posidonia\/"},"author":{"name":"Salvem sa Badia","@id":"https:\/\/www.salvemsabadia.com\/#\/schema\/person\/5d08c5118adcb4140d13bde4826ba122"},"headline":"Las empresas de alquiler de embarcaciones sin patr\u00f3n vuelven a sumarse a la campa\u00f1a de Salvem Sa Badia para proteger la posidonia","datePublished":"2022-07-06T09:08:20+00:00","dateModified":"2022-08-15T08:56:25+00:00","mainEntityOfPage":{"@id":"https:\/\/www.salvemsabadia.com\/les-empreses-de-lloguer-dembarcacions-sense-patro-tornen-a-sumar-se-a-la-campanya-de-salvem-sa-badia-per-a-protegir-la-posidonia\/"},"wordCount":536,"commentCount":0,"publisher":{"@id":"https:\/\/www.salvemsabadia.com\/#organization"},"image":{"@id":"https:\/\/www.salvemsabadia.com\/les-empreses-de-lloguer-dembarcacions-sense-patro-tornen-a-sumar-se-a-la-campanya-de-salvem-sa-badia-per-a-protegir-la-posidonia\/#primaryimage"},"thumbnailUrl":"https:\/\/www.salvemsabadia.com\/wp-content\/uploads\/2022\/07\/Encuentro-empresas-alquiler-embarcaciones4.jpeg","articleSection":["Destacado","Fondeo irregular","Posidonia","Salvem Sa Badia"],"inLanguage":"es","potentialAction":[{"@type":"CommentAction","name":"Comment","target":["https:\/\/www.salvemsabadia.com\/les-empreses-de-lloguer-dembarcacions-sense-patro-tornen-a-sumar-se-a-la-campanya-de-salvem-sa-badia-per-a-protegir-la-posidonia\/#respond"]}]},{"@type":"WebPage","@id":"https:\/\/www.salvemsabadia.com\/les-empreses-de-lloguer-dembarcacions-sense-patro-tornen-a-sumar-se-a-la-campanya-de-salvem-sa-badia-per-a-protegir-la-posidonia\/","url":"https:\/\/www.salvemsabadia.com\/les-empreses-de-lloguer-dembarcacions-sense-patro-tornen-a-sumar-se-a-la-campanya-de-salvem-sa-badia-per-a-protegir-la-posidonia\/","name":"Las empresas de alquiler de embarcaciones sin patr\u00f3n vuelven a sumarse a la campa\u00f1a de Salvem Sa Badia para proteger la posidonia - Salvem Sa Badia de Portmany","isPartOf":{"@id":"https:\/\/www.salvemsabadia.com\/#website"},"primaryImageOfPage":{"@id":"https:\/\/www.salvemsabadia.com\/les-empreses-de-lloguer-dembarcacions-sense-patro-tornen-a-sumar-se-a-la-campanya-de-salvem-sa-badia-per-a-protegir-la-posidonia\/#primaryimage"},"image":{"@id":"https:\/\/www.salvemsabadia.com\/les-empreses-de-lloguer-dembarcacions-sense-patro-tornen-a-sumar-se-a-la-campanya-de-salvem-sa-badia-per-a-protegir-la-posidonia\/#primaryimage"},"thumbnailUrl":"https:\/\/www.salvemsabadia.com\/wp-content\/uploads\/2022\/07\/Encuentro-empresas-alquiler-embarcaciones4.jpeg","datePublished":"2022-07-06T09:08:20+00:00","dateModified":"2022-08-15T08:56:25+00:00","breadcrumb":{"@id":"https:\/\/www.salvemsabadia.com\/les-empreses-de-lloguer-dembarcacions-sense-patro-tornen-a-sumar-se-a-la-campanya-de-salvem-sa-badia-per-a-protegir-la-posidonia\/#breadcrumb"},"inLanguage":"es","potentialAction":[{"@type":"ReadAction","target":["https:\/\/www.salvemsabadia.com\/les-empreses-de-lloguer-dembarcacions-sense-patro-tornen-a-sumar-se-a-la-campanya-de-salvem-sa-badia-per-a-protegir-la-posidonia\/"]}]},{"@type":"ImageObject","inLanguage":"es","@id":"https:\/\/www.salvemsabadia.com\/les-empreses-de-lloguer-dembarcacions-sense-patro-tornen-a-sumar-se-a-la-campanya-de-salvem-sa-badia-per-a-protegir-la-posidonia\/#primaryimage","url":"https:\/\/www.salvemsabadia.com\/wp-content\/uploads\/2022\/07\/Encuentro-empresas-alquiler-embarcaciones4.jpeg","contentUrl":"https:\/\/www.salvemsabadia.com\/wp-content\/uploads\/2022\/07\/Encuentro-empresas-alquiler-embarcaciones4.jpeg","width":2000,"height":900},{"@type":"BreadcrumbList","@id":"https:\/\/www.salvemsabadia.com\/les-empreses-de-lloguer-dembarcacions-sense-patro-tornen-a-sumar-se-a-la-campanya-de-salvem-sa-badia-per-a-protegir-la-posidonia\/#breadcrumb","itemListElement":[{"@type":"ListItem","position":1,"name":"Portada","item":"https:\/\/www.salvemsabadia.com\/es\/"},{"@type":"ListItem","position":2,"name":"Las empresas de alquiler de embarcaciones sin patr\u00f3n vuelven a sumarse a la campa\u00f1a de Salvem Sa Badia para proteger la posidonia"}]},{"@type":"WebSite","@id":"https:\/\/www.salvemsabadia.com\/#website","url":"https:\/\/www.salvemsabadia.com\/","name":"Salvem Sa Badia de Portmany","description":"","publisher":{"@id":"https:\/\/www.salvemsabadia.com\/#organization"},"potentialAction":[{"@type":"SearchAction","target":{"@type":"EntryPoint","urlTemplate":"https:\/\/www.salvemsabadia.com\/?s={search_term_string}"},"query-input":{"@type":"PropertyValueSpecification","valueRequired":true,"valueName":"search_term_string"}}],"inLanguage":"es"},{"@type":"Organization","@id":"https:\/\/www.salvemsabadia.com\/#organization","name":"Salvem Sa Badia de Portmany","url":"https:\/\/www.salvemsabadia.com\/","logo":{"@type":"ImageObject","inLanguage":"es","@id":"https:\/\/www.salvemsabadia.com\/#\/schema\/logo\/image\/","url":"https:\/\/www.salvemsabadia.com\/wp-content\/uploads\/2020\/03\/logo.png","contentUrl":"https:\/\/www.salvemsabadia.com\/wp-content\/uploads\/2020\/03\/logo.png","width":188,"height":151,"caption":"Salvem Sa Badia de Portmany"},"image":{"@id":"https:\/\/www.salvemsabadia.com\/#\/schema\/logo\/image\/"}},{"@type":"Person","@id":"https:\/\/www.salvemsabadia.com\/#\/schema\/person\/5d08c5118adcb4140d13bde4826ba122","name":"Salvem sa Badia","image":{"@type":"ImageObject","inLanguage":"es","@id":"https:\/\/www.salvemsabadia.com\/#\/schema\/person\/image\/","url":"https:\/\/secure.gravatar.com\/avatar\/d569ee5739a9c7022470ea472c9b4b9cf476e15f1be71e5242c911d673d14ad9?s=96&d=mm&r=g","contentUrl":"https:\/\/secure.gravatar.com\/avatar\/d569ee5739a9c7022470ea472c9b4b9cf476e15f1be71e5242c911d673d14ad9?s=96&d=mm&r=g","caption":"Salvem sa Badia"}}]}},"_links":{"self":[{"href":"https:\/\/www.salvemsabadia.com\/es\/wp-json\/wp\/v2\/posts\/3528","targetHints":{"allow":["GET"]}}],"collection":[{"href":"https:\/\/www.salvemsabadia.com\/es\/wp-json\/wp\/v2\/posts"}],"about":[{"href":"https:\/\/www.salvemsabadia.com\/es\/wp-json\/wp\/v2\/types\/post"}],"author":[{"embeddable":true,"href":"https:\/\/www.salvemsabadia.com\/es\/wp-json\/wp\/v2\/users\/2"}],"replies":[{"embeddable":true,"href":"https:\/\/www.salvemsabadia.com\/es\/wp-json\/wp\/v2\/comments?post=3528"}],"version-history":[{"count":0,"href":"https:\/\/www.salvemsabadia.com\/es\/wp-json\/wp\/v2\/posts\/3528\/revisions"}],"wp:featuredmedia":[{"embeddable":true,"href":"https:\/\/www.salvemsabadia.com\/es\/wp-json\/wp\/v2\/media\/3531"}],"wp:attachment":[{"href":"https:\/\/www.salvemsabadia.com\/es\/wp-json\/wp\/v2\/media?parent=3528"}],"wp:term":[{"taxonomy":"category","embeddable":true,"href":"https:\/\/www.salvemsabadia.com\/es\/wp-json\/wp\/v2\/categories?post=3528"},{"taxonomy":"post_tag","embeddable":true,"href":"https:\/\/www.salvemsabadia.com\/es\/wp-json\/wp\/v2\/tags?post=3528"}],"curies":[{"name":"wp","href":"https:\/\/api.w.org\/{rel}","templated":true}]}}