{"id":3626,"date":"2022-07-24T12:18:31","date_gmt":"2022-07-24T10:18:31","guid":{"rendered":"https:\/\/www.salvemsabadia.com\/?p=3626"},"modified":"2022-08-15T10:58:41","modified_gmt":"2022-08-15T08:58:41","slug":"las-lanchas-de-los-charter-ilegales-tambien-se-apropian-del-muelle-de-es-pouet","status":"publish","type":"post","link":"https:\/\/www.salvemsabadia.com\/es\/las-lanchas-de-los-charter-ilegales-tambien-se-apropian-del-muelle-de-es-pouet\/","title":{"rendered":"Las lanchas de los ch\u00e1rter ilegales tambi\u00e9n se apropian del muelle de es Pouet"},"content":{"rendered":"<p><img loading=\"lazy\" decoding=\"async\" class=\"alignnone wp-image-3627 size-full\" src=\"https:\/\/www.salvemsabadia.com\/wp-content\/uploads\/2022\/07\/WhatsApp-Image-2022-07-23-at-12.33.06-PM.jpeg\" alt=\"\" width=\"1920\" height=\"1080\" srcset=\"https:\/\/www.salvemsabadia.com\/wp-content\/uploads\/2022\/07\/WhatsApp-Image-2022-07-23-at-12.33.06-PM.jpeg 1920w, https:\/\/www.salvemsabadia.com\/wp-content\/uploads\/2022\/07\/WhatsApp-Image-2022-07-23-at-12.33.06-PM-300x169.jpeg 300w, https:\/\/www.salvemsabadia.com\/wp-content\/uploads\/2022\/07\/WhatsApp-Image-2022-07-23-at-12.33.06-PM-1024x576.jpeg 1024w, https:\/\/www.salvemsabadia.com\/wp-content\/uploads\/2022\/07\/WhatsApp-Image-2022-07-23-at-12.33.06-PM-768x432.jpeg 768w, https:\/\/www.salvemsabadia.com\/wp-content\/uploads\/2022\/07\/WhatsApp-Image-2022-07-23-at-12.33.06-PM-1536x864.jpeg 1536w\" sizes=\"auto, (max-width: 1920px) 100vw, 1920px\" \/><\/p>\n<p>Hace unos d\u00edas inform\u00e1bamos de la impunidad con que act\u00faan los ch\u00e1rteres ilegales for\u00e1neos que se establecen en la bah\u00eda durante toda la temporada, haciendo la competencia desleal a las empresas con base en Ibiza, que cumplen con la normativa y ofrecen servicios de calidad a sus clientes. Tambi\u00e9n public\u00e1bamos <a href=\"https:\/\/youtu.be\/b5HbMvFmNE4\" target=\"_blank\" rel=\"noopener\">un v\u00eddeo<\/a> en el que puede observarse c\u00f3mo las golondrinas de pasajeros, que cargan y descargan clientes en el muelle de s\u2019Estanyol, frente al hotel Mar Amantis, tienen que realizar peligrosas maniobras en zigzag, esquivando a todas estas embarcaciones, que bloquean el canal de acceso a la orilla.<\/p>\n<p>Este fin de semana, adem\u00e1s, hemos sido testigos de c\u00f3mo las lanchas auxiliares de estos catamaranes se adue\u00f1an por la noche del muelle situado en la playa de es Pouet, que utilizan pr\u00e1cticamente en exclusiva, acumulando neum\u00e1ticas en la propia orilla del chiringuito.<\/p>\n<p><img loading=\"lazy\" decoding=\"async\" class=\"alignnone wp-image-3631 size-full\" src=\"https:\/\/www.salvemsabadia.com\/wp-content\/uploads\/2022\/07\/WhatsApp-Image-2022-07-23-at-12.33.51-PM.jpeg\" alt=\"\" width=\"2048\" height=\"923\" srcset=\"https:\/\/www.salvemsabadia.com\/wp-content\/uploads\/2022\/07\/WhatsApp-Image-2022-07-23-at-12.33.51-PM.jpeg 2048w, https:\/\/www.salvemsabadia.com\/wp-content\/uploads\/2022\/07\/WhatsApp-Image-2022-07-23-at-12.33.51-PM-300x135.jpeg 300w, https:\/\/www.salvemsabadia.com\/wp-content\/uploads\/2022\/07\/WhatsApp-Image-2022-07-23-at-12.33.51-PM-1024x462.jpeg 1024w, https:\/\/www.salvemsabadia.com\/wp-content\/uploads\/2022\/07\/WhatsApp-Image-2022-07-23-at-12.33.51-PM-768x346.jpeg 768w, https:\/\/www.salvemsabadia.com\/wp-content\/uploads\/2022\/07\/WhatsApp-Image-2022-07-23-at-12.33.51-PM-1536x692.jpeg 1536w\" sizes=\"auto, (max-width: 2048px) 100vw, 2048px\" \/><\/p>\n<p>En esta otra imagen, asimismo, se puede observar el uso ilegal que realizan tambi\u00e9n de los otros muelles que hay en la bah\u00eda, que utilizan para cargar y descargar clientes, provisiones y personal de limpieza a pesar de que no tienen autorizaci\u00f3n para ello. Dichos muelles est\u00e1n destinados a las barcas de pasajeros que enlazan distintos puntos de la bah\u00eda y que s\u00ed pagan por su uso. En la foto puede verse una de estas lanchas y varios clientes esperando a ser recogidos.<\/p>\n<p>Desde Salvem Sa Badia no entendemos por qu\u00e9 las administraciones competentes no act\u00faan para poner coto a este desmadre y garantizar la seguridad en la bah\u00eda, hoy por hoy muy comprometida por la presencia masiva de estas barcas, que colapsan los accesos y los canales. Adem\u00e1s, en su mayor\u00eda fondean sobre posidonia, con anclas, cadenas y muertos ilegales que siegan la pradera.<\/p>\n<p><img loading=\"lazy\" decoding=\"async\" class=\"alignnone wp-image-3629 size-full\" src=\"https:\/\/www.salvemsabadia.com\/wp-content\/uploads\/2022\/07\/WhatsApp-Image-2022-07-23-at-12.33.06-PM-copia.jpeg\" alt=\"\" width=\"1920\" height=\"1080\" srcset=\"https:\/\/www.salvemsabadia.com\/wp-content\/uploads\/2022\/07\/WhatsApp-Image-2022-07-23-at-12.33.06-PM-copia.jpeg 1920w, https:\/\/www.salvemsabadia.com\/wp-content\/uploads\/2022\/07\/WhatsApp-Image-2022-07-23-at-12.33.06-PM-copia-300x169.jpeg 300w, https:\/\/www.salvemsabadia.com\/wp-content\/uploads\/2022\/07\/WhatsApp-Image-2022-07-23-at-12.33.06-PM-copia-1024x576.jpeg 1024w, https:\/\/www.salvemsabadia.com\/wp-content\/uploads\/2022\/07\/WhatsApp-Image-2022-07-23-at-12.33.06-PM-copia-768x432.jpeg 768w, https:\/\/www.salvemsabadia.com\/wp-content\/uploads\/2022\/07\/WhatsApp-Image-2022-07-23-at-12.33.06-PM-copia-1536x864.jpeg 1536w\" sizes=\"auto, (max-width: 1920px) 100vw, 1920px\" \/><\/p>\n<p>El Decreto 21\/2017, de 5 de mayo, por el que se regula la actividad de alquiler de embarcaciones y buques de recreo en Baleares, permite con una simple \u201cdeclaraci\u00f3n responsable\u201d inscribirse en el registro y recibir autorizaci\u00f3n para el ejercicio de la actividad de ch\u00e1rter n\u00e1utico.\u00a0 Lo que se declara es que, adem\u00e1s de poseer el certificado de navegabilidad en vigor, tener la embarcaci\u00f3n registrada en lista 6\u00aa, poseer el despacho de Capitan\u00eda Mar\u00edtima, la titulaci\u00f3n n\u00e1utica, los seguros para la embarcaci\u00f3n y los tripulantes y los certificados de seguridad y residuos, se dispone de un punto autorizado para embarcar y desembarcar a los clientes. Para ello, es necesario disponer de un amarre o una boya en un puerto o un fondeo y una zona de desembarque autorizado por la Demarcaci\u00f3n de Costas, que es algo totalmente l\u00f3gico y necesario para prestar dicha actividad.<\/p>\n<p>El problema de la declaraci\u00f3n responsable es que, si nadie revisa el cumplimiento de la norma, cualquiera puede ejercer esta actividad impunemente, simplemente presentado un formulario y pagando la tasa. En el Decreto, concretamente en el art\u00edculo 7.1, se dice: \u201cEl personal de la Direcci\u00f3n General de Puertos y Aeropuertos podr\u00e1 en cualquier momento comprobar la veracidad de la declaraci\u00f3n\u201d.<\/p>\n<p>Este verano a\u00fan no nos consta que se haya producido ninguna inspecci\u00f3n a estas embarcaciones. S\u00ed sabemos que en 2021 se hicieron dos a los ch\u00e1rteres y ambas se produjeron un mi\u00e9rcoles, cuando estos barcos no est\u00e1n. Llegan los viernes por la tarde y permanecen all\u00ed hasta el s\u00e1bado, para hacer el intercambio de clientes. Esta situaci\u00f3n se viene repitiendo desde hace a\u00f1os, sin que ninguna administraci\u00f3n reaccione con la contundencia suficiente como para ponerle remedio.<\/p>\n","protected":false},"excerpt":{"rendered":"<p>Hace unos d\u00edas inform\u00e1bamos de la impunidad con que act\u00faan los ch\u00e1rteres ilegales for\u00e1neos que se establecen en la bah\u00eda durante toda la temporada, haciendo la competencia desleal a las&#8230;<\/p>\n","protected":false},"author":2,"featured_media":3627,"comment_status":"open","ping_status":"open","sticky":false,"template":"","format":"standard","meta":{"give_campaign_id":0,"footnotes":""},"categories":[106,208,213],"tags":[],"class_list":{"0":"post-3626","1":"post","2":"type-post","3":"status-publish","4":"format-standard","5":"has-post-thumbnail","7":"category-destacado","8":"category-fondeo-irregular","9":"category-posidonia"},"yoast_head":"<!-- This site is optimized with the Yoast SEO plugin v26.8 - https:\/\/yoast.com\/product\/yoast-seo-wordpress\/ -->\n<title>Las lanchas de los ch\u00e1rter ilegales tambi\u00e9n se apropian del muelle de es Pouet - Salvem Sa Badia de Portmany<\/title>\n<meta name=\"robots\" content=\"index, follow, max-snippet:-1, max-image-preview:large, max-video-preview:-1\" \/>\n<link rel=\"canonical\" href=\"https:\/\/www.salvemsabadia.com\/les-llanxes-dels-xarter-illegals-tambe-sapropien-del-moll-des-pouet\/\" \/>\n<meta property=\"og:locale\" content=\"es_ES\" \/>\n<meta property=\"og:type\" content=\"article\" \/>\n<meta property=\"og:title\" content=\"Las lanchas de los ch\u00e1rter ilegales tambi\u00e9n se apropian del muelle de es Pouet - Salvem Sa Badia de Portmany\" \/>\n<meta property=\"og:description\" content=\"Hace unos d\u00edas inform\u00e1bamos de la impunidad con que act\u00faan los ch\u00e1rteres ilegales for\u00e1neos que se establecen en la bah\u00eda durante toda la temporada, haciendo la competencia desleal a las...\" \/>\n<meta property=\"og:url\" content=\"https:\/\/www.salvemsabadia.com\/les-llanxes-dels-xarter-illegals-tambe-sapropien-del-moll-des-pouet\/\" \/>\n<meta property=\"og:site_name\" content=\"Salvem Sa Badia de Portmany\" \/>\n<meta property=\"article:published_time\" content=\"2022-07-24T10:18:31+00:00\" \/>\n<meta property=\"article:modified_time\" content=\"2022-08-15T08:58:41+00:00\" \/>\n<meta property=\"og:image\" content=\"https:\/\/www.salvemsabadia.com\/wp-content\/uploads\/2022\/07\/WhatsApp-Image-2022-07-23-at-12.33.06-PM.jpeg\" \/>\n\t<meta property=\"og:image:width\" content=\"1920\" \/>\n\t<meta property=\"og:image:height\" content=\"1080\" \/>\n\t<meta property=\"og:image:type\" content=\"image\/jpeg\" \/>\n<meta name=\"author\" content=\"Salvem sa Badia\" \/>\n<meta name=\"twitter:card\" content=\"summary_large_image\" \/>\n<meta name=\"twitter:label1\" content=\"Escrito por\" \/>\n\t<meta name=\"twitter:data1\" content=\"Salvem sa Badia\" \/>\n\t<meta name=\"twitter:label2\" content=\"Tiempo de lectura\" \/>\n\t<meta name=\"twitter:data2\" content=\"3 minutos\" \/>\n<script type=\"application\/ld+json\" class=\"yoast-schema-graph\">{\"@context\":\"https:\/\/schema.org\",\"@graph\":[{\"@type\":\"Article\",\"@id\":\"https:\/\/www.salvemsabadia.com\/les-llanxes-dels-xarter-illegals-tambe-sapropien-del-moll-des-pouet\/#article\",\"isPartOf\":{\"@id\":\"https:\/\/www.salvemsabadia.com\/les-llanxes-dels-xarter-illegals-tambe-sapropien-del-moll-des-pouet\/\"},\"author\":{\"name\":\"Salvem sa Badia\",\"@id\":\"https:\/\/www.salvemsabadia.com\/#\/schema\/person\/5d08c5118adcb4140d13bde4826ba122\"},\"headline\":\"Las lanchas de los ch\u00e1rter ilegales tambi\u00e9n se apropian del muelle de es Pouet\",\"datePublished\":\"2022-07-24T10:18:31+00:00\",\"dateModified\":\"2022-08-15T08:58:41+00:00\",\"mainEntityOfPage\":{\"@id\":\"https:\/\/www.salvemsabadia.com\/les-llanxes-dels-xarter-illegals-tambe-sapropien-del-moll-des-pouet\/\"},\"wordCount\":628,\"commentCount\":0,\"publisher\":{\"@id\":\"https:\/\/www.salvemsabadia.com\/#organization\"},\"image\":{\"@id\":\"https:\/\/www.salvemsabadia.com\/les-llanxes-dels-xarter-illegals-tambe-sapropien-del-moll-des-pouet\/#primaryimage\"},\"thumbnailUrl\":\"https:\/\/www.salvemsabadia.com\/wp-content\/uploads\/2022\/07\/WhatsApp-Image-2022-07-23-at-12.33.06-PM.jpeg\",\"articleSection\":[\"Destacado\",\"Fondeo irregular\",\"Posidonia\"],\"inLanguage\":\"es\",\"potentialAction\":[{\"@type\":\"CommentAction\",\"name\":\"Comment\",\"target\":[\"https:\/\/www.salvemsabadia.com\/les-llanxes-dels-xarter-illegals-tambe-sapropien-del-moll-des-pouet\/#respond\"]}]},{\"@type\":\"WebPage\",\"@id\":\"https:\/\/www.salvemsabadia.com\/les-llanxes-dels-xarter-illegals-tambe-sapropien-del-moll-des-pouet\/\",\"url\":\"https:\/\/www.salvemsabadia.com\/les-llanxes-dels-xarter-illegals-tambe-sapropien-del-moll-des-pouet\/\",\"name\":\"Las lanchas de los ch\u00e1rter ilegales tambi\u00e9n se apropian del muelle de es Pouet - Salvem Sa Badia de Portmany\",\"isPartOf\":{\"@id\":\"https:\/\/www.salvemsabadia.com\/#website\"},\"primaryImageOfPage\":{\"@id\":\"https:\/\/www.salvemsabadia.com\/les-llanxes-dels-xarter-illegals-tambe-sapropien-del-moll-des-pouet\/#primaryimage\"},\"image\":{\"@id\":\"https:\/\/www.salvemsabadia.com\/les-llanxes-dels-xarter-illegals-tambe-sapropien-del-moll-des-pouet\/#primaryimage\"},\"thumbnailUrl\":\"https:\/\/www.salvemsabadia.com\/wp-content\/uploads\/2022\/07\/WhatsApp-Image-2022-07-23-at-12.33.06-PM.jpeg\",\"datePublished\":\"2022-07-24T10:18:31+00:00\",\"dateModified\":\"2022-08-15T08:58:41+00:00\",\"breadcrumb\":{\"@id\":\"https:\/\/www.salvemsabadia.com\/les-llanxes-dels-xarter-illegals-tambe-sapropien-del-moll-des-pouet\/#breadcrumb\"},\"inLanguage\":\"es\",\"potentialAction\":[{\"@type\":\"ReadAction\",\"target\":[\"https:\/\/www.salvemsabadia.com\/les-llanxes-dels-xarter-illegals-tambe-sapropien-del-moll-des-pouet\/\"]}]},{\"@type\":\"ImageObject\",\"inLanguage\":\"es\",\"@id\":\"https:\/\/www.salvemsabadia.com\/les-llanxes-dels-xarter-illegals-tambe-sapropien-del-moll-des-pouet\/#primaryimage\",\"url\":\"https:\/\/www.salvemsabadia.com\/wp-content\/uploads\/2022\/07\/WhatsApp-Image-2022-07-23-at-12.33.06-PM.jpeg\",\"contentUrl\":\"https:\/\/www.salvemsabadia.com\/wp-content\/uploads\/2022\/07\/WhatsApp-Image-2022-07-23-at-12.33.06-PM.jpeg\",\"width\":1920,\"height\":1080},{\"@type\":\"BreadcrumbList\",\"@id\":\"https:\/\/www.salvemsabadia.com\/les-llanxes-dels-xarter-illegals-tambe-sapropien-del-moll-des-pouet\/#breadcrumb\",\"itemListElement\":[{\"@type\":\"ListItem\",\"position\":1,\"name\":\"Portada\",\"item\":\"https:\/\/www.salvemsabadia.com\/es\/\"},{\"@type\":\"ListItem\",\"position\":2,\"name\":\"Las lanchas de los ch\u00e1rter ilegales tambi\u00e9n se apropian del muelle de es Pouet\"}]},{\"@type\":\"WebSite\",\"@id\":\"https:\/\/www.salvemsabadia.com\/#website\",\"url\":\"https:\/\/www.salvemsabadia.com\/\",\"name\":\"Salvem Sa Badia de Portmany\",\"description\":\"\",\"publisher\":{\"@id\":\"https:\/\/www.salvemsabadia.com\/#organization\"},\"potentialAction\":[{\"@type\":\"SearchAction\",\"target\":{\"@type\":\"EntryPoint\",\"urlTemplate\":\"https:\/\/www.salvemsabadia.com\/?s={search_term_string}\"},\"query-input\":{\"@type\":\"PropertyValueSpecification\",\"valueRequired\":true,\"valueName\":\"search_term_string\"}}],\"inLanguage\":\"es\"},{\"@type\":\"Organization\",\"@id\":\"https:\/\/www.salvemsabadia.com\/#organization\",\"name\":\"Salvem Sa Badia de Portmany\",\"url\":\"https:\/\/www.salvemsabadia.com\/\",\"logo\":{\"@type\":\"ImageObject\",\"inLanguage\":\"es\",\"@id\":\"https:\/\/www.salvemsabadia.com\/#\/schema\/logo\/image\/\",\"url\":\"https:\/\/www.salvemsabadia.com\/wp-content\/uploads\/2020\/03\/logo.png\",\"contentUrl\":\"https:\/\/www.salvemsabadia.com\/wp-content\/uploads\/2020\/03\/logo.png\",\"width\":188,\"height\":151,\"caption\":\"Salvem Sa Badia de Portmany\"},\"image\":{\"@id\":\"https:\/\/www.salvemsabadia.com\/#\/schema\/logo\/image\/\"}},{\"@type\":\"Person\",\"@id\":\"https:\/\/www.salvemsabadia.com\/#\/schema\/person\/5d08c5118adcb4140d13bde4826ba122\",\"name\":\"Salvem sa Badia\",\"image\":{\"@type\":\"ImageObject\",\"inLanguage\":\"es\",\"@id\":\"https:\/\/www.salvemsabadia.com\/#\/schema\/person\/image\/\",\"url\":\"https:\/\/secure.gravatar.com\/avatar\/d569ee5739a9c7022470ea472c9b4b9cf476e15f1be71e5242c911d673d14ad9?s=96&d=mm&r=g\",\"contentUrl\":\"https:\/\/secure.gravatar.com\/avatar\/d569ee5739a9c7022470ea472c9b4b9cf476e15f1be71e5242c911d673d14ad9?s=96&d=mm&r=g\",\"caption\":\"Salvem sa Badia\"}}]}<\/script>\n<!-- \/ Yoast SEO plugin. -->","yoast_head_json":{"title":"Las lanchas de los ch\u00e1rter ilegales tambi\u00e9n se apropian del muelle de es Pouet - Salvem Sa Badia de Portmany","robots":{"index":"index","follow":"follow","max-snippet":"max-snippet:-1","max-image-preview":"max-image-preview:large","max-video-preview":"max-video-preview:-1"},"canonical":"https:\/\/www.salvemsabadia.com\/les-llanxes-dels-xarter-illegals-tambe-sapropien-del-moll-des-pouet\/","og_locale":"es_ES","og_type":"article","og_title":"Las lanchas de los ch\u00e1rter ilegales tambi\u00e9n se apropian del muelle de es Pouet - Salvem Sa Badia de Portmany","og_description":"Hace unos d\u00edas inform\u00e1bamos de la impunidad con que act\u00faan los ch\u00e1rteres ilegales for\u00e1neos que se establecen en la bah\u00eda durante toda la temporada, haciendo la competencia desleal a las...","og_url":"https:\/\/www.salvemsabadia.com\/les-llanxes-dels-xarter-illegals-tambe-sapropien-del-moll-des-pouet\/","og_site_name":"Salvem Sa Badia de Portmany","article_published_time":"2022-07-24T10:18:31+00:00","article_modified_time":"2022-08-15T08:58:41+00:00","og_image":[{"width":1920,"height":1080,"url":"https:\/\/www.salvemsabadia.com\/wp-content\/uploads\/2022\/07\/WhatsApp-Image-2022-07-23-at-12.33.06-PM.jpeg","type":"image\/jpeg"}],"author":"Salvem sa Badia","twitter_card":"summary_large_image","twitter_misc":{"Escrito por":"Salvem sa Badia","Tiempo de lectura":"3 minutos"},"schema":{"@context":"https:\/\/schema.org","@graph":[{"@type":"Article","@id":"https:\/\/www.salvemsabadia.com\/les-llanxes-dels-xarter-illegals-tambe-sapropien-del-moll-des-pouet\/#article","isPartOf":{"@id":"https:\/\/www.salvemsabadia.com\/les-llanxes-dels-xarter-illegals-tambe-sapropien-del-moll-des-pouet\/"},"author":{"name":"Salvem sa Badia","@id":"https:\/\/www.salvemsabadia.com\/#\/schema\/person\/5d08c5118adcb4140d13bde4826ba122"},"headline":"Las lanchas de los ch\u00e1rter ilegales tambi\u00e9n se apropian del muelle de es Pouet","datePublished":"2022-07-24T10:18:31+00:00","dateModified":"2022-08-15T08:58:41+00:00","mainEntityOfPage":{"@id":"https:\/\/www.salvemsabadia.com\/les-llanxes-dels-xarter-illegals-tambe-sapropien-del-moll-des-pouet\/"},"wordCount":628,"commentCount":0,"publisher":{"@id":"https:\/\/www.salvemsabadia.com\/#organization"},"image":{"@id":"https:\/\/www.salvemsabadia.com\/les-llanxes-dels-xarter-illegals-tambe-sapropien-del-moll-des-pouet\/#primaryimage"},"thumbnailUrl":"https:\/\/www.salvemsabadia.com\/wp-content\/uploads\/2022\/07\/WhatsApp-Image-2022-07-23-at-12.33.06-PM.jpeg","articleSection":["Destacado","Fondeo irregular","Posidonia"],"inLanguage":"es","potentialAction":[{"@type":"CommentAction","name":"Comment","target":["https:\/\/www.salvemsabadia.com\/les-llanxes-dels-xarter-illegals-tambe-sapropien-del-moll-des-pouet\/#respond"]}]},{"@type":"WebPage","@id":"https:\/\/www.salvemsabadia.com\/les-llanxes-dels-xarter-illegals-tambe-sapropien-del-moll-des-pouet\/","url":"https:\/\/www.salvemsabadia.com\/les-llanxes-dels-xarter-illegals-tambe-sapropien-del-moll-des-pouet\/","name":"Las lanchas de los ch\u00e1rter ilegales tambi\u00e9n se apropian del muelle de es Pouet - Salvem Sa Badia de Portmany","isPartOf":{"@id":"https:\/\/www.salvemsabadia.com\/#website"},"primaryImageOfPage":{"@id":"https:\/\/www.salvemsabadia.com\/les-llanxes-dels-xarter-illegals-tambe-sapropien-del-moll-des-pouet\/#primaryimage"},"image":{"@id":"https:\/\/www.salvemsabadia.com\/les-llanxes-dels-xarter-illegals-tambe-sapropien-del-moll-des-pouet\/#primaryimage"},"thumbnailUrl":"https:\/\/www.salvemsabadia.com\/wp-content\/uploads\/2022\/07\/WhatsApp-Image-2022-07-23-at-12.33.06-PM.jpeg","datePublished":"2022-07-24T10:18:31+00:00","dateModified":"2022-08-15T08:58:41+00:00","breadcrumb":{"@id":"https:\/\/www.salvemsabadia.com\/les-llanxes-dels-xarter-illegals-tambe-sapropien-del-moll-des-pouet\/#breadcrumb"},"inLanguage":"es","potentialAction":[{"@type":"ReadAction","target":["https:\/\/www.salvemsabadia.com\/les-llanxes-dels-xarter-illegals-tambe-sapropien-del-moll-des-pouet\/"]}]},{"@type":"ImageObject","inLanguage":"es","@id":"https:\/\/www.salvemsabadia.com\/les-llanxes-dels-xarter-illegals-tambe-sapropien-del-moll-des-pouet\/#primaryimage","url":"https:\/\/www.salvemsabadia.com\/wp-content\/uploads\/2022\/07\/WhatsApp-Image-2022-07-23-at-12.33.06-PM.jpeg","contentUrl":"https:\/\/www.salvemsabadia.com\/wp-content\/uploads\/2022\/07\/WhatsApp-Image-2022-07-23-at-12.33.06-PM.jpeg","width":1920,"height":1080},{"@type":"BreadcrumbList","@id":"https:\/\/www.salvemsabadia.com\/les-llanxes-dels-xarter-illegals-tambe-sapropien-del-moll-des-pouet\/#breadcrumb","itemListElement":[{"@type":"ListItem","position":1,"name":"Portada","item":"https:\/\/www.salvemsabadia.com\/es\/"},{"@type":"ListItem","position":2,"name":"Las lanchas de los ch\u00e1rter ilegales tambi\u00e9n se apropian del muelle de es Pouet"}]},{"@type":"WebSite","@id":"https:\/\/www.salvemsabadia.com\/#website","url":"https:\/\/www.salvemsabadia.com\/","name":"Salvem Sa Badia de Portmany","description":"","publisher":{"@id":"https:\/\/www.salvemsabadia.com\/#organization"},"potentialAction":[{"@type":"SearchAction","target":{"@type":"EntryPoint","urlTemplate":"https:\/\/www.salvemsabadia.com\/?s={search_term_string}"},"query-input":{"@type":"PropertyValueSpecification","valueRequired":true,"valueName":"search_term_string"}}],"inLanguage":"es"},{"@type":"Organization","@id":"https:\/\/www.salvemsabadia.com\/#organization","name":"Salvem Sa Badia de Portmany","url":"https:\/\/www.salvemsabadia.com\/","logo":{"@type":"ImageObject","inLanguage":"es","@id":"https:\/\/www.salvemsabadia.com\/#\/schema\/logo\/image\/","url":"https:\/\/www.salvemsabadia.com\/wp-content\/uploads\/2020\/03\/logo.png","contentUrl":"https:\/\/www.salvemsabadia.com\/wp-content\/uploads\/2020\/03\/logo.png","width":188,"height":151,"caption":"Salvem Sa Badia de Portmany"},"image":{"@id":"https:\/\/www.salvemsabadia.com\/#\/schema\/logo\/image\/"}},{"@type":"Person","@id":"https:\/\/www.salvemsabadia.com\/#\/schema\/person\/5d08c5118adcb4140d13bde4826ba122","name":"Salvem sa Badia","image":{"@type":"ImageObject","inLanguage":"es","@id":"https:\/\/www.salvemsabadia.com\/#\/schema\/person\/image\/","url":"https:\/\/secure.gravatar.com\/avatar\/d569ee5739a9c7022470ea472c9b4b9cf476e15f1be71e5242c911d673d14ad9?s=96&d=mm&r=g","contentUrl":"https:\/\/secure.gravatar.com\/avatar\/d569ee5739a9c7022470ea472c9b4b9cf476e15f1be71e5242c911d673d14ad9?s=96&d=mm&r=g","caption":"Salvem sa Badia"}}]}},"_links":{"self":[{"href":"https:\/\/www.salvemsabadia.com\/es\/wp-json\/wp\/v2\/posts\/3626","targetHints":{"allow":["GET"]}}],"collection":[{"href":"https:\/\/www.salvemsabadia.com\/es\/wp-json\/wp\/v2\/posts"}],"about":[{"href":"https:\/\/www.salvemsabadia.com\/es\/wp-json\/wp\/v2\/types\/post"}],"author":[{"embeddable":true,"href":"https:\/\/www.salvemsabadia.com\/es\/wp-json\/wp\/v2\/users\/2"}],"replies":[{"embeddable":true,"href":"https:\/\/www.salvemsabadia.com\/es\/wp-json\/wp\/v2\/comments?post=3626"}],"version-history":[{"count":0,"href":"https:\/\/www.salvemsabadia.com\/es\/wp-json\/wp\/v2\/posts\/3626\/revisions"}],"wp:featuredmedia":[{"embeddable":true,"href":"https:\/\/www.salvemsabadia.com\/es\/wp-json\/wp\/v2\/media\/3627"}],"wp:attachment":[{"href":"https:\/\/www.salvemsabadia.com\/es\/wp-json\/wp\/v2\/media?parent=3626"}],"wp:term":[{"taxonomy":"category","embeddable":true,"href":"https:\/\/www.salvemsabadia.com\/es\/wp-json\/wp\/v2\/categories?post=3626"},{"taxonomy":"post_tag","embeddable":true,"href":"https:\/\/www.salvemsabadia.com\/es\/wp-json\/wp\/v2\/tags?post=3626"}],"curies":[{"name":"wp","href":"https:\/\/api.w.org\/{rel}","templated":true}]}}