{"id":3726,"date":"2022-07-27T14:05:41","date_gmt":"2022-07-27T12:05:41","guid":{"rendered":"https:\/\/www.salvemsabadia.com\/?p=3726"},"modified":"2022-08-15T11:00:30","modified_gmt":"2022-08-15T09:00:30","slug":"la-exposicion-de-la-ii-edicion-de-mare-situada-en-el-paseo-maritimo-de-sant-antoni-se-amplia-hasta-el-4-de-agosto","status":"publish","type":"post","link":"https:\/\/www.salvemsabadia.com\/es\/la-exposicion-de-la-ii-edicion-de-mare-situada-en-el-paseo-maritimo-de-sant-antoni-se-amplia-hasta-el-4-de-agosto\/","title":{"rendered":"La exposici\u00f3n de la II edici\u00f3n de MARE, situada en el Paseo Mar\u00edtimo de Sant Antoni, se ampl\u00eda hasta el 4 de agosto"},"content":{"rendered":"<p>&nbsp;<\/p>\n<div id=\"attachment_3733\" style=\"width: 1290px\" class=\"wp-caption alignnone\"><img loading=\"lazy\" decoding=\"async\" aria-describedby=\"caption-attachment-3733\" class=\"wp-image-3733 size-full\" src=\"https:\/\/www.salvemsabadia.com\/wp-content\/uploads\/2022\/07\/caballito-de-mar-tony-juan-mencio\u0301n-de-honor-a\u0301reas-marinas-protegidas-adultos-expertos.jpeg\" alt=\"\" width=\"1280\" height=\"939\" srcset=\"https:\/\/www.salvemsabadia.com\/wp-content\/uploads\/2022\/07\/caballito-de-mar-tony-juan-mencio\u0301n-de-honor-a\u0301reas-marinas-protegidas-adultos-expertos.jpeg 1280w, https:\/\/www.salvemsabadia.com\/wp-content\/uploads\/2022\/07\/caballito-de-mar-tony-juan-mencio\u0301n-de-honor-a\u0301reas-marinas-protegidas-adultos-expertos-300x220.jpeg 300w, https:\/\/www.salvemsabadia.com\/wp-content\/uploads\/2022\/07\/caballito-de-mar-tony-juan-mencio\u0301n-de-honor-a\u0301reas-marinas-protegidas-adultos-expertos-1024x751.jpeg 1024w, https:\/\/www.salvemsabadia.com\/wp-content\/uploads\/2022\/07\/caballito-de-mar-tony-juan-mencio\u0301n-de-honor-a\u0301reas-marinas-protegidas-adultos-expertos-768x563.jpeg 768w\" sizes=\"auto, (max-width: 1280px) 100vw, 1280px\" \/><p id=\"caption-attachment-3733\" class=\"wp-caption-text\">\u00abCaballito de Mar\u00bb, de Tony Juan. Menci\u00f3n de honor \u00c1reas Marinas Protegidas (adultos expertos)<\/p><\/div>\n<p>Los paneles que componen la exposici\u00f3n \u201cDe cara al mar\u201d y que exhiben las mejores im\u00e1genes que participaron en la II edici\u00f3n del Certamen Audiovisual para la Conservaci\u00f3n del Mar Balear (MARE) podr\u00e1n disfrutarse unos d\u00edas m\u00e1s, ya que la organizaci\u00f3n ha decidido ampliar la muestra hasta el 4 de agosto. Este montaje, situado en el tramo del Paseo Mar\u00edtimo de Sant Antoni, entre Es N\u00e0utic y el Ayuntamiento, consta de 45 instant\u00e1neas de gran formato y que tratan de responder a una pregunta muy determinada: \u201c\u00bfVivimos de cara al mar?\u201d.<\/p>\n<div id=\"attachment_3743\" style=\"width: 1290px\" class=\"wp-caption alignnone\"><img loading=\"lazy\" decoding=\"async\" aria-describedby=\"caption-attachment-3743\" class=\"wp-image-3743 size-full\" src=\"https:\/\/www.salvemsabadia.com\/wp-content\/uploads\/2022\/07\/la-medusa-de-la-posidonia-joan-costa-garci\u0301a-tercer-premio-mare-animalia-adultos-expertos.jpeg\" alt=\"\" width=\"1280\" height=\"853\" srcset=\"https:\/\/www.salvemsabadia.com\/wp-content\/uploads\/2022\/07\/la-medusa-de-la-posidonia-joan-costa-garci\u0301a-tercer-premio-mare-animalia-adultos-expertos.jpeg 1280w, https:\/\/www.salvemsabadia.com\/wp-content\/uploads\/2022\/07\/la-medusa-de-la-posidonia-joan-costa-garci\u0301a-tercer-premio-mare-animalia-adultos-expertos-300x200.jpeg 300w, https:\/\/www.salvemsabadia.com\/wp-content\/uploads\/2022\/07\/la-medusa-de-la-posidonia-joan-costa-garci\u0301a-tercer-premio-mare-animalia-adultos-expertos-1024x682.jpeg 1024w, https:\/\/www.salvemsabadia.com\/wp-content\/uploads\/2022\/07\/la-medusa-de-la-posidonia-joan-costa-garci\u0301a-tercer-premio-mare-animalia-adultos-expertos-768x512.jpeg 768w, https:\/\/www.salvemsabadia.com\/wp-content\/uploads\/2022\/07\/la-medusa-de-la-posidonia-joan-costa-garci\u0301a-tercer-premio-mare-animalia-adultos-expertos-900x600.jpeg 900w\" sizes=\"auto, (max-width: 1280px) 100vw, 1280px\" \/><p id=\"caption-attachment-3743\" class=\"wp-caption-text\">\u00abLa medusa de la posidonia\u00bb, de Joan Costa. Tercer premio MARE Animalia (adultos expertos)<\/p><\/div>\n<p>Estas fotograf\u00edas, realmente espectaculares, han sido tomadas en la costa balear por fot\u00f3grafos expertos y amateur, incluidos menores. Entre ellos figuran nombres como Joan Costa, Xavier Mas, Jaume Cabrer, Nuria Bufort, Fernando Darder, N\u00e9stor Carda, Marcos Dar\u00edo Petraroia, Vicent Guasch, Enrique Talledo, Miquel Gomila, Francisco Javier Garc\u00eda, V\u00edctor de Valles, Arnau Cloquells, Tony Juan, Wojciech Dopierala, Vicente Planells o Juan Carlos Fajardo, entre otros.<\/p>\n<div id=\"attachment_3739\" style=\"width: 1290px\" class=\"wp-caption alignnone\"><img loading=\"lazy\" decoding=\"async\" aria-describedby=\"caption-attachment-3739\" class=\"wp-image-3739 size-full\" src=\"https:\/\/www.salvemsabadia.com\/wp-content\/uploads\/2022\/07\/distorsio\u0301n-marcos-dari\u0301o-petraroia-mencion-de-honor-areas-marinas-protegidas-adultos-expertos.jpeg\" alt=\"\" width=\"1280\" height=\"853\" srcset=\"https:\/\/www.salvemsabadia.com\/wp-content\/uploads\/2022\/07\/distorsio\u0301n-marcos-dari\u0301o-petraroia-mencion-de-honor-areas-marinas-protegidas-adultos-expertos.jpeg 1280w, https:\/\/www.salvemsabadia.com\/wp-content\/uploads\/2022\/07\/distorsio\u0301n-marcos-dari\u0301o-petraroia-mencion-de-honor-areas-marinas-protegidas-adultos-expertos-300x200.jpeg 300w, https:\/\/www.salvemsabadia.com\/wp-content\/uploads\/2022\/07\/distorsio\u0301n-marcos-dari\u0301o-petraroia-mencion-de-honor-areas-marinas-protegidas-adultos-expertos-1024x682.jpeg 1024w, https:\/\/www.salvemsabadia.com\/wp-content\/uploads\/2022\/07\/distorsio\u0301n-marcos-dari\u0301o-petraroia-mencion-de-honor-areas-marinas-protegidas-adultos-expertos-768x512.jpeg 768w, https:\/\/www.salvemsabadia.com\/wp-content\/uploads\/2022\/07\/distorsio\u0301n-marcos-dari\u0301o-petraroia-mencion-de-honor-areas-marinas-protegidas-adultos-expertos-900x600.jpeg 900w\" sizes=\"auto, (max-width: 1280px) 100vw, 1280px\" \/><p id=\"caption-attachment-3739\" class=\"wp-caption-text\">\u00abDistorsio\u0301n\u00bb, de Marcos Dari\u0301o Petraroia. Menci\u00f3n de honor \u00c1reas Marinas Protegidas (adultos expertos)<\/p><\/div>\n<p>En la II edici\u00f3n de MARE se recibieron 1.000 im\u00e1genes aportadas por 120 participantes, sobre flora, fauna e incre\u00edbles paisajes del mar balear. Tambi\u00e9n im\u00e1genes que invitan a reflexionar sobre nuestra relaci\u00f3n tanto positiva como negativa con \u00e9ste. La muestra la han organizado el Ayuntamiento de Sant Antoni, Ports IB y MARE, con la colaboraci\u00f3n del Club N\u00e0utic de Sant Antoni, Foro Marino, Ibiza Preservation y Salvem Sa Badia de Portmany. Estaba previsto que se desmontara el pasado domingo, 24 de julio, pero finalmente se ha decidido ampliarla 11 d\u00edas, antes de ser trasladada a Formentera y posteriormente a Menorca. Las personas que visitan la exhibici\u00f3n y comparten su opini\u00f3n a trav\u00e9s de un c\u00f3digo QR situado en la propia instalaci\u00f3n, participan en el sorteo de una imagen impresa de MARE, a escoger por la persona ganadora.<\/p>\n<div id=\"attachment_3737\" style=\"width: 1290px\" class=\"wp-caption alignnone\"><img loading=\"lazy\" decoding=\"async\" aria-describedby=\"caption-attachment-3737\" class=\"wp-image-3737 size-full\" src=\"https:\/\/www.salvemsabadia.com\/wp-content\/uploads\/2022\/07\/Dia-de-Platja-Jaume-Cabrer-Primer-Premio-Mare-Magna-adultos-experto.jpeg\" alt=\"\" width=\"1280\" height=\"853\" srcset=\"https:\/\/www.salvemsabadia.com\/wp-content\/uploads\/2022\/07\/Dia-de-Platja-Jaume-Cabrer-Primer-Premio-Mare-Magna-adultos-experto.jpeg 1280w, https:\/\/www.salvemsabadia.com\/wp-content\/uploads\/2022\/07\/Dia-de-Platja-Jaume-Cabrer-Primer-Premio-Mare-Magna-adultos-experto-300x200.jpeg 300w, https:\/\/www.salvemsabadia.com\/wp-content\/uploads\/2022\/07\/Dia-de-Platja-Jaume-Cabrer-Primer-Premio-Mare-Magna-adultos-experto-1024x682.jpeg 1024w, https:\/\/www.salvemsabadia.com\/wp-content\/uploads\/2022\/07\/Dia-de-Platja-Jaume-Cabrer-Primer-Premio-Mare-Magna-adultos-experto-768x512.jpeg 768w, https:\/\/www.salvemsabadia.com\/wp-content\/uploads\/2022\/07\/Dia-de-Platja-Jaume-Cabrer-Primer-Premio-Mare-Magna-adultos-experto-900x600.jpeg 900w\" sizes=\"auto, (max-width: 1280px) 100vw, 1280px\" \/><p id=\"caption-attachment-3737\" class=\"wp-caption-text\">\u00abDia de Platja\u00bb, de Jaume Cabrer. Primer premio MARE Magna (adultos expertos)<\/p><\/div>\n<p>MARE es una iniciativa colaborativa impulsada por organizaciones, asociaciones e instituciones relevantes del mundo de la conservaci\u00f3n, la fotograf\u00eda y el v\u00eddeo. Tambi\u00e9n cuenta con el apoyo de empresas y medios comprometidos con la conservaci\u00f3n marina. Tiene como objetivo convertirse en una iniciativa de referencia que fomente el uso de las artes visuales para difundir mensajes de conservaci\u00f3n.<\/p>\n<div id=\"attachment_3729\" style=\"width: 1290px\" class=\"wp-caption alignnone\"><img loading=\"lazy\" decoding=\"async\" aria-describedby=\"caption-attachment-3729\" class=\"wp-image-3729 size-full\" src=\"https:\/\/www.salvemsabadia.com\/wp-content\/uploads\/2022\/07\/black-white-de-ignacio-serra-gayta\u0301n-de-ayala-Juvenil.jpeg\" alt=\"\" width=\"1280\" height=\"960\" srcset=\"https:\/\/www.salvemsabadia.com\/wp-content\/uploads\/2022\/07\/black-white-de-ignacio-serra-gayta\u0301n-de-ayala-Juvenil.jpeg 1280w, https:\/\/www.salvemsabadia.com\/wp-content\/uploads\/2022\/07\/black-white-de-ignacio-serra-gayta\u0301n-de-ayala-Juvenil-300x225.jpeg 300w, https:\/\/www.salvemsabadia.com\/wp-content\/uploads\/2022\/07\/black-white-de-ignacio-serra-gayta\u0301n-de-ayala-Juvenil-1024x768.jpeg 1024w, https:\/\/www.salvemsabadia.com\/wp-content\/uploads\/2022\/07\/black-white-de-ignacio-serra-gayta\u0301n-de-ayala-Juvenil-768x576.jpeg 768w\" sizes=\"auto, (max-width: 1280px) 100vw, 1280px\" \/><p id=\"caption-attachment-3729\" class=\"wp-caption-text\">\u00abBlack &amp; White\u00bb, de Ignacio Serra Gayta\u0301n de Ayala (Juvenil)<\/p><\/div>\n<p>La tercera edici\u00f3n del certamen MARE ya est\u00e1 en marcha y los fot\u00f3grafos participantes tienen hasta el 15 de septiembre para presentar hasta 20 fotograf\u00edas digitales relacionadas con el mar Balear y el Mediterr\u00e1neo. Cada imagen ir\u00e1 acompa\u00f1ada de un mensaje relacionado con la conservaci\u00f3n. Se premian las mejores im\u00e1genes que subrayan la belleza y riqueza del mar balear, as\u00ed como aquellas que exponen la relaci\u00f3n humana con el medio marino, ya se trate de denuncias o historias de \u00e9xito. Se reparten 10.000 \u20ac entre un total de 23 premios y los mejores proyectos presentados formar\u00e1n parte de la exposici\u00f3n itinerante que recorrer\u00e1 las Balears durante el a\u00f1o 2023. M\u00e1s informaci\u00f3n en\u00a0<a href=\"https:\/\/marebalear.org\/\" target=\"_blank\" rel=\"noopener\">este enlace<\/a>.<\/p>\n<div id=\"attachment_3727\" style=\"width: 2570px\" class=\"wp-caption alignnone\"><img loading=\"lazy\" decoding=\"async\" aria-describedby=\"caption-attachment-3727\" class=\"wp-image-3727 size-full\" src=\"https:\/\/www.salvemsabadia.com\/wp-content\/uploads\/2022\/07\/IMG20220708172928-min-1-scaled.jpg\" alt=\"\" width=\"2560\" height=\"1920\" srcset=\"https:\/\/www.salvemsabadia.com\/wp-content\/uploads\/2022\/07\/IMG20220708172928-min-1-scaled.jpg 2560w, https:\/\/www.salvemsabadia.com\/wp-content\/uploads\/2022\/07\/IMG20220708172928-min-1-300x225.jpg 300w, https:\/\/www.salvemsabadia.com\/wp-content\/uploads\/2022\/07\/IMG20220708172928-min-1-1024x768.jpg 1024w, https:\/\/www.salvemsabadia.com\/wp-content\/uploads\/2022\/07\/IMG20220708172928-min-1-768x576.jpg 768w, https:\/\/www.salvemsabadia.com\/wp-content\/uploads\/2022\/07\/IMG20220708172928-min-1-1536x1152.jpg 1536w, https:\/\/www.salvemsabadia.com\/wp-content\/uploads\/2022\/07\/IMG20220708172928-min-1-2048x1536.jpg 2048w\" sizes=\"auto, (max-width: 2560px) 100vw, 2560px\" \/><p id=\"caption-attachment-3727\" class=\"wp-caption-text\">Una imagen de la exposici\u00f3n, tal y como est\u00e1 montada en el Paseo Mar\u00edtimo de Sant Antoni<\/p><\/div>\n","protected":false},"excerpt":{"rendered":"<p>&nbsp; Los paneles que componen la exposici\u00f3n \u201cDe cara al mar\u201d y que exhiben las mejores im\u00e1genes que participaron en la II edici\u00f3n del Certamen Audiovisual para la Conservaci\u00f3n del&#8230;<\/p>\n","protected":false},"author":2,"featured_media":3733,"comment_status":"open","ping_status":"open","sticky":false,"template":"","format":"standard","meta":{"give_campaign_id":0,"footnotes":""},"categories":[201,202,205,106,213,10],"tags":[],"class_list":{"0":"post-3726","1":"post","2":"type-post","3":"status-publish","4":"format-standard","5":"has-post-thumbnail","7":"category-biodiversidad","8":"category-buceo","9":"category-cultura","10":"category-destacado","11":"category-posidonia","12":"category-salvem-sa-badia"},"yoast_head":"<!-- This site is optimized with the Yoast SEO plugin v26.8 - https:\/\/yoast.com\/product\/yoast-seo-wordpress\/ -->\n<title>La exposici\u00f3n de la II edici\u00f3n de MARE, situada en el Paseo Mar\u00edtimo de Sant Antoni, se ampl\u00eda hasta el 4 de agosto - Salvem Sa Badia de Portmany<\/title>\n<meta name=\"robots\" content=\"index, follow, max-snippet:-1, max-image-preview:large, max-video-preview:-1\" \/>\n<link rel=\"canonical\" href=\"https:\/\/www.salvemsabadia.com\/lexposicio-de-la-ii-edicio-de-mare-situada-al-passeig-maritim-de-sant-antoni-samplia-fins-al-4-dagost\/\" \/>\n<meta property=\"og:locale\" content=\"es_ES\" \/>\n<meta property=\"og:type\" content=\"article\" \/>\n<meta property=\"og:title\" content=\"La exposici\u00f3n de la II edici\u00f3n de MARE, situada en el Paseo Mar\u00edtimo de Sant Antoni, se ampl\u00eda hasta el 4 de agosto - Salvem Sa Badia de Portmany\" \/>\n<meta property=\"og:description\" content=\"&nbsp; Los paneles que componen la exposici\u00f3n \u201cDe cara al mar\u201d y que exhiben las mejores im\u00e1genes que participaron en la II edici\u00f3n del Certamen Audiovisual para la Conservaci\u00f3n del...\" \/>\n<meta property=\"og:url\" content=\"https:\/\/www.salvemsabadia.com\/lexposicio-de-la-ii-edicio-de-mare-situada-al-passeig-maritim-de-sant-antoni-samplia-fins-al-4-dagost\/\" \/>\n<meta property=\"og:site_name\" content=\"Salvem Sa Badia de Portmany\" \/>\n<meta property=\"article:published_time\" content=\"2022-07-27T12:05:41+00:00\" \/>\n<meta property=\"article:modified_time\" content=\"2022-08-15T09:00:30+00:00\" \/>\n<meta property=\"og:image\" content=\"https:\/\/www.salvemsabadia.com\/wp-content\/uploads\/2022\/07\/caballito-de-mar-tony-juan-mencio\u0301n-de-honor-a\u0301reas-marinas-protegidas-adultos-expertos.jpeg\" \/>\n\t<meta property=\"og:image:width\" content=\"1280\" \/>\n\t<meta property=\"og:image:height\" content=\"939\" \/>\n\t<meta property=\"og:image:type\" content=\"image\/jpeg\" \/>\n<meta name=\"author\" content=\"Salvem sa Badia\" \/>\n<meta name=\"twitter:card\" content=\"summary_large_image\" \/>\n<meta name=\"twitter:label1\" content=\"Escrito por\" \/>\n\t<meta name=\"twitter:data1\" content=\"Salvem sa Badia\" \/>\n\t<meta name=\"twitter:label2\" content=\"Tiempo de lectura\" \/>\n\t<meta name=\"twitter:data2\" content=\"3 minutos\" \/>\n<script type=\"application\/ld+json\" class=\"yoast-schema-graph\">{\"@context\":\"https:\/\/schema.org\",\"@graph\":[{\"@type\":\"Article\",\"@id\":\"https:\/\/www.salvemsabadia.com\/lexposicio-de-la-ii-edicio-de-mare-situada-al-passeig-maritim-de-sant-antoni-samplia-fins-al-4-dagost\/#article\",\"isPartOf\":{\"@id\":\"https:\/\/www.salvemsabadia.com\/lexposicio-de-la-ii-edicio-de-mare-situada-al-passeig-maritim-de-sant-antoni-samplia-fins-al-4-dagost\/\"},\"author\":{\"name\":\"Salvem sa Badia\",\"@id\":\"https:\/\/www.salvemsabadia.com\/#\/schema\/person\/5d08c5118adcb4140d13bde4826ba122\"},\"headline\":\"La exposici\u00f3n de la II edici\u00f3n de MARE, situada en el Paseo Mar\u00edtimo de Sant Antoni, se ampl\u00eda hasta el 4 de agosto\",\"datePublished\":\"2022-07-27T12:05:41+00:00\",\"dateModified\":\"2022-08-15T09:00:30+00:00\",\"mainEntityOfPage\":{\"@id\":\"https:\/\/www.salvemsabadia.com\/lexposicio-de-la-ii-edicio-de-mare-situada-al-passeig-maritim-de-sant-antoni-samplia-fins-al-4-dagost\/\"},\"wordCount\":658,\"commentCount\":0,\"publisher\":{\"@id\":\"https:\/\/www.salvemsabadia.com\/#organization\"},\"image\":{\"@id\":\"https:\/\/www.salvemsabadia.com\/lexposicio-de-la-ii-edicio-de-mare-situada-al-passeig-maritim-de-sant-antoni-samplia-fins-al-4-dagost\/#primaryimage\"},\"thumbnailUrl\":\"https:\/\/www.salvemsabadia.com\/wp-content\/uploads\/2022\/07\/caballito-de-mar-tony-juan-mencio\u0301n-de-honor-a\u0301reas-marinas-protegidas-adultos-expertos.jpeg\",\"articleSection\":[\"Biodiversidad\",\"Buceo\",\"Cultura\",\"Destacado\",\"Posidonia\",\"Salvem Sa Badia\"],\"inLanguage\":\"es\",\"potentialAction\":[{\"@type\":\"CommentAction\",\"name\":\"Comment\",\"target\":[\"https:\/\/www.salvemsabadia.com\/lexposicio-de-la-ii-edicio-de-mare-situada-al-passeig-maritim-de-sant-antoni-samplia-fins-al-4-dagost\/#respond\"]}]},{\"@type\":\"WebPage\",\"@id\":\"https:\/\/www.salvemsabadia.com\/lexposicio-de-la-ii-edicio-de-mare-situada-al-passeig-maritim-de-sant-antoni-samplia-fins-al-4-dagost\/\",\"url\":\"https:\/\/www.salvemsabadia.com\/lexposicio-de-la-ii-edicio-de-mare-situada-al-passeig-maritim-de-sant-antoni-samplia-fins-al-4-dagost\/\",\"name\":\"La exposici\u00f3n de la II edici\u00f3n de MARE, situada en el Paseo Mar\u00edtimo de Sant Antoni, se ampl\u00eda hasta el 4 de agosto - Salvem Sa Badia de Portmany\",\"isPartOf\":{\"@id\":\"https:\/\/www.salvemsabadia.com\/#website\"},\"primaryImageOfPage\":{\"@id\":\"https:\/\/www.salvemsabadia.com\/lexposicio-de-la-ii-edicio-de-mare-situada-al-passeig-maritim-de-sant-antoni-samplia-fins-al-4-dagost\/#primaryimage\"},\"image\":{\"@id\":\"https:\/\/www.salvemsabadia.com\/lexposicio-de-la-ii-edicio-de-mare-situada-al-passeig-maritim-de-sant-antoni-samplia-fins-al-4-dagost\/#primaryimage\"},\"thumbnailUrl\":\"https:\/\/www.salvemsabadia.com\/wp-content\/uploads\/2022\/07\/caballito-de-mar-tony-juan-mencio\u0301n-de-honor-a\u0301reas-marinas-protegidas-adultos-expertos.jpeg\",\"datePublished\":\"2022-07-27T12:05:41+00:00\",\"dateModified\":\"2022-08-15T09:00:30+00:00\",\"breadcrumb\":{\"@id\":\"https:\/\/www.salvemsabadia.com\/lexposicio-de-la-ii-edicio-de-mare-situada-al-passeig-maritim-de-sant-antoni-samplia-fins-al-4-dagost\/#breadcrumb\"},\"inLanguage\":\"es\",\"potentialAction\":[{\"@type\":\"ReadAction\",\"target\":[\"https:\/\/www.salvemsabadia.com\/lexposicio-de-la-ii-edicio-de-mare-situada-al-passeig-maritim-de-sant-antoni-samplia-fins-al-4-dagost\/\"]}]},{\"@type\":\"ImageObject\",\"inLanguage\":\"es\",\"@id\":\"https:\/\/www.salvemsabadia.com\/lexposicio-de-la-ii-edicio-de-mare-situada-al-passeig-maritim-de-sant-antoni-samplia-fins-al-4-dagost\/#primaryimage\",\"url\":\"https:\/\/www.salvemsabadia.com\/wp-content\/uploads\/2022\/07\/caballito-de-mar-tony-juan-mencio\u0301n-de-honor-a\u0301reas-marinas-protegidas-adultos-expertos.jpeg\",\"contentUrl\":\"https:\/\/www.salvemsabadia.com\/wp-content\/uploads\/2022\/07\/caballito-de-mar-tony-juan-mencio\u0301n-de-honor-a\u0301reas-marinas-protegidas-adultos-expertos.jpeg\",\"width\":1280,\"height\":939,\"caption\":\"Caballito de Mar\\\", de Tony Juan. Menci\u00f3n de honor \u00c1reas Marinas Protegidas (adultos expertos)\"},{\"@type\":\"BreadcrumbList\",\"@id\":\"https:\/\/www.salvemsabadia.com\/lexposicio-de-la-ii-edicio-de-mare-situada-al-passeig-maritim-de-sant-antoni-samplia-fins-al-4-dagost\/#breadcrumb\",\"itemListElement\":[{\"@type\":\"ListItem\",\"position\":1,\"name\":\"Portada\",\"item\":\"https:\/\/www.salvemsabadia.com\/es\/\"},{\"@type\":\"ListItem\",\"position\":2,\"name\":\"La exposici\u00f3n de la II edici\u00f3n de MARE, situada en el Paseo Mar\u00edtimo de Sant Antoni, se ampl\u00eda hasta el 4 de agosto\"}]},{\"@type\":\"WebSite\",\"@id\":\"https:\/\/www.salvemsabadia.com\/#website\",\"url\":\"https:\/\/www.salvemsabadia.com\/\",\"name\":\"Salvem Sa Badia de Portmany\",\"description\":\"\",\"publisher\":{\"@id\":\"https:\/\/www.salvemsabadia.com\/#organization\"},\"potentialAction\":[{\"@type\":\"SearchAction\",\"target\":{\"@type\":\"EntryPoint\",\"urlTemplate\":\"https:\/\/www.salvemsabadia.com\/?s={search_term_string}\"},\"query-input\":{\"@type\":\"PropertyValueSpecification\",\"valueRequired\":true,\"valueName\":\"search_term_string\"}}],\"inLanguage\":\"es\"},{\"@type\":\"Organization\",\"@id\":\"https:\/\/www.salvemsabadia.com\/#organization\",\"name\":\"Salvem Sa Badia de Portmany\",\"url\":\"https:\/\/www.salvemsabadia.com\/\",\"logo\":{\"@type\":\"ImageObject\",\"inLanguage\":\"es\",\"@id\":\"https:\/\/www.salvemsabadia.com\/#\/schema\/logo\/image\/\",\"url\":\"https:\/\/www.salvemsabadia.com\/wp-content\/uploads\/2020\/03\/logo.png\",\"contentUrl\":\"https:\/\/www.salvemsabadia.com\/wp-content\/uploads\/2020\/03\/logo.png\",\"width\":188,\"height\":151,\"caption\":\"Salvem Sa Badia de Portmany\"},\"image\":{\"@id\":\"https:\/\/www.salvemsabadia.com\/#\/schema\/logo\/image\/\"}},{\"@type\":\"Person\",\"@id\":\"https:\/\/www.salvemsabadia.com\/#\/schema\/person\/5d08c5118adcb4140d13bde4826ba122\",\"name\":\"Salvem sa Badia\",\"image\":{\"@type\":\"ImageObject\",\"inLanguage\":\"es\",\"@id\":\"https:\/\/www.salvemsabadia.com\/#\/schema\/person\/image\/\",\"url\":\"https:\/\/secure.gravatar.com\/avatar\/d569ee5739a9c7022470ea472c9b4b9cf476e15f1be71e5242c911d673d14ad9?s=96&d=mm&r=g\",\"contentUrl\":\"https:\/\/secure.gravatar.com\/avatar\/d569ee5739a9c7022470ea472c9b4b9cf476e15f1be71e5242c911d673d14ad9?s=96&d=mm&r=g\",\"caption\":\"Salvem sa Badia\"}}]}<\/script>\n<!-- \/ Yoast SEO plugin. -->","yoast_head_json":{"title":"La exposici\u00f3n de la II edici\u00f3n de MARE, situada en el Paseo Mar\u00edtimo de Sant Antoni, se ampl\u00eda hasta el 4 de agosto - Salvem Sa Badia de Portmany","robots":{"index":"index","follow":"follow","max-snippet":"max-snippet:-1","max-image-preview":"max-image-preview:large","max-video-preview":"max-video-preview:-1"},"canonical":"https:\/\/www.salvemsabadia.com\/lexposicio-de-la-ii-edicio-de-mare-situada-al-passeig-maritim-de-sant-antoni-samplia-fins-al-4-dagost\/","og_locale":"es_ES","og_type":"article","og_title":"La exposici\u00f3n de la II edici\u00f3n de MARE, situada en el Paseo Mar\u00edtimo de Sant Antoni, se ampl\u00eda hasta el 4 de agosto - Salvem Sa Badia de Portmany","og_description":"&nbsp; Los paneles que componen la exposici\u00f3n \u201cDe cara al mar\u201d y que exhiben las mejores im\u00e1genes que participaron en la II edici\u00f3n del Certamen Audiovisual para la Conservaci\u00f3n del...","og_url":"https:\/\/www.salvemsabadia.com\/lexposicio-de-la-ii-edicio-de-mare-situada-al-passeig-maritim-de-sant-antoni-samplia-fins-al-4-dagost\/","og_site_name":"Salvem Sa Badia de Portmany","article_published_time":"2022-07-27T12:05:41+00:00","article_modified_time":"2022-08-15T09:00:30+00:00","og_image":[{"width":1280,"height":939,"url":"https:\/\/www.salvemsabadia.com\/wp-content\/uploads\/2022\/07\/caballito-de-mar-tony-juan-mencio\u0301n-de-honor-a\u0301reas-marinas-protegidas-adultos-expertos.jpeg","type":"image\/jpeg"}],"author":"Salvem sa Badia","twitter_card":"summary_large_image","twitter_misc":{"Escrito por":"Salvem sa Badia","Tiempo de lectura":"3 minutos"},"schema":{"@context":"https:\/\/schema.org","@graph":[{"@type":"Article","@id":"https:\/\/www.salvemsabadia.com\/lexposicio-de-la-ii-edicio-de-mare-situada-al-passeig-maritim-de-sant-antoni-samplia-fins-al-4-dagost\/#article","isPartOf":{"@id":"https:\/\/www.salvemsabadia.com\/lexposicio-de-la-ii-edicio-de-mare-situada-al-passeig-maritim-de-sant-antoni-samplia-fins-al-4-dagost\/"},"author":{"name":"Salvem sa Badia","@id":"https:\/\/www.salvemsabadia.com\/#\/schema\/person\/5d08c5118adcb4140d13bde4826ba122"},"headline":"La exposici\u00f3n de la II edici\u00f3n de MARE, situada en el Paseo Mar\u00edtimo de Sant Antoni, se ampl\u00eda hasta el 4 de agosto","datePublished":"2022-07-27T12:05:41+00:00","dateModified":"2022-08-15T09:00:30+00:00","mainEntityOfPage":{"@id":"https:\/\/www.salvemsabadia.com\/lexposicio-de-la-ii-edicio-de-mare-situada-al-passeig-maritim-de-sant-antoni-samplia-fins-al-4-dagost\/"},"wordCount":658,"commentCount":0,"publisher":{"@id":"https:\/\/www.salvemsabadia.com\/#organization"},"image":{"@id":"https:\/\/www.salvemsabadia.com\/lexposicio-de-la-ii-edicio-de-mare-situada-al-passeig-maritim-de-sant-antoni-samplia-fins-al-4-dagost\/#primaryimage"},"thumbnailUrl":"https:\/\/www.salvemsabadia.com\/wp-content\/uploads\/2022\/07\/caballito-de-mar-tony-juan-mencio\u0301n-de-honor-a\u0301reas-marinas-protegidas-adultos-expertos.jpeg","articleSection":["Biodiversidad","Buceo","Cultura","Destacado","Posidonia","Salvem Sa Badia"],"inLanguage":"es","potentialAction":[{"@type":"CommentAction","name":"Comment","target":["https:\/\/www.salvemsabadia.com\/lexposicio-de-la-ii-edicio-de-mare-situada-al-passeig-maritim-de-sant-antoni-samplia-fins-al-4-dagost\/#respond"]}]},{"@type":"WebPage","@id":"https:\/\/www.salvemsabadia.com\/lexposicio-de-la-ii-edicio-de-mare-situada-al-passeig-maritim-de-sant-antoni-samplia-fins-al-4-dagost\/","url":"https:\/\/www.salvemsabadia.com\/lexposicio-de-la-ii-edicio-de-mare-situada-al-passeig-maritim-de-sant-antoni-samplia-fins-al-4-dagost\/","name":"La exposici\u00f3n de la II edici\u00f3n de MARE, situada en el Paseo Mar\u00edtimo de Sant Antoni, se ampl\u00eda hasta el 4 de agosto - Salvem Sa Badia de Portmany","isPartOf":{"@id":"https:\/\/www.salvemsabadia.com\/#website"},"primaryImageOfPage":{"@id":"https:\/\/www.salvemsabadia.com\/lexposicio-de-la-ii-edicio-de-mare-situada-al-passeig-maritim-de-sant-antoni-samplia-fins-al-4-dagost\/#primaryimage"},"image":{"@id":"https:\/\/www.salvemsabadia.com\/lexposicio-de-la-ii-edicio-de-mare-situada-al-passeig-maritim-de-sant-antoni-samplia-fins-al-4-dagost\/#primaryimage"},"thumbnailUrl":"https:\/\/www.salvemsabadia.com\/wp-content\/uploads\/2022\/07\/caballito-de-mar-tony-juan-mencio\u0301n-de-honor-a\u0301reas-marinas-protegidas-adultos-expertos.jpeg","datePublished":"2022-07-27T12:05:41+00:00","dateModified":"2022-08-15T09:00:30+00:00","breadcrumb":{"@id":"https:\/\/www.salvemsabadia.com\/lexposicio-de-la-ii-edicio-de-mare-situada-al-passeig-maritim-de-sant-antoni-samplia-fins-al-4-dagost\/#breadcrumb"},"inLanguage":"es","potentialAction":[{"@type":"ReadAction","target":["https:\/\/www.salvemsabadia.com\/lexposicio-de-la-ii-edicio-de-mare-situada-al-passeig-maritim-de-sant-antoni-samplia-fins-al-4-dagost\/"]}]},{"@type":"ImageObject","inLanguage":"es","@id":"https:\/\/www.salvemsabadia.com\/lexposicio-de-la-ii-edicio-de-mare-situada-al-passeig-maritim-de-sant-antoni-samplia-fins-al-4-dagost\/#primaryimage","url":"https:\/\/www.salvemsabadia.com\/wp-content\/uploads\/2022\/07\/caballito-de-mar-tony-juan-mencio\u0301n-de-honor-a\u0301reas-marinas-protegidas-adultos-expertos.jpeg","contentUrl":"https:\/\/www.salvemsabadia.com\/wp-content\/uploads\/2022\/07\/caballito-de-mar-tony-juan-mencio\u0301n-de-honor-a\u0301reas-marinas-protegidas-adultos-expertos.jpeg","width":1280,"height":939,"caption":"Caballito de Mar\", de Tony Juan. Menci\u00f3n de honor \u00c1reas Marinas Protegidas (adultos expertos)"},{"@type":"BreadcrumbList","@id":"https:\/\/www.salvemsabadia.com\/lexposicio-de-la-ii-edicio-de-mare-situada-al-passeig-maritim-de-sant-antoni-samplia-fins-al-4-dagost\/#breadcrumb","itemListElement":[{"@type":"ListItem","position":1,"name":"Portada","item":"https:\/\/www.salvemsabadia.com\/es\/"},{"@type":"ListItem","position":2,"name":"La exposici\u00f3n de la II edici\u00f3n de MARE, situada en el Paseo Mar\u00edtimo de Sant Antoni, se ampl\u00eda hasta el 4 de agosto"}]},{"@type":"WebSite","@id":"https:\/\/www.salvemsabadia.com\/#website","url":"https:\/\/www.salvemsabadia.com\/","name":"Salvem Sa Badia de Portmany","description":"","publisher":{"@id":"https:\/\/www.salvemsabadia.com\/#organization"},"potentialAction":[{"@type":"SearchAction","target":{"@type":"EntryPoint","urlTemplate":"https:\/\/www.salvemsabadia.com\/?s={search_term_string}"},"query-input":{"@type":"PropertyValueSpecification","valueRequired":true,"valueName":"search_term_string"}}],"inLanguage":"es"},{"@type":"Organization","@id":"https:\/\/www.salvemsabadia.com\/#organization","name":"Salvem Sa Badia de Portmany","url":"https:\/\/www.salvemsabadia.com\/","logo":{"@type":"ImageObject","inLanguage":"es","@id":"https:\/\/www.salvemsabadia.com\/#\/schema\/logo\/image\/","url":"https:\/\/www.salvemsabadia.com\/wp-content\/uploads\/2020\/03\/logo.png","contentUrl":"https:\/\/www.salvemsabadia.com\/wp-content\/uploads\/2020\/03\/logo.png","width":188,"height":151,"caption":"Salvem Sa Badia de Portmany"},"image":{"@id":"https:\/\/www.salvemsabadia.com\/#\/schema\/logo\/image\/"}},{"@type":"Person","@id":"https:\/\/www.salvemsabadia.com\/#\/schema\/person\/5d08c5118adcb4140d13bde4826ba122","name":"Salvem sa Badia","image":{"@type":"ImageObject","inLanguage":"es","@id":"https:\/\/www.salvemsabadia.com\/#\/schema\/person\/image\/","url":"https:\/\/secure.gravatar.com\/avatar\/d569ee5739a9c7022470ea472c9b4b9cf476e15f1be71e5242c911d673d14ad9?s=96&d=mm&r=g","contentUrl":"https:\/\/secure.gravatar.com\/avatar\/d569ee5739a9c7022470ea472c9b4b9cf476e15f1be71e5242c911d673d14ad9?s=96&d=mm&r=g","caption":"Salvem sa Badia"}}]}},"_links":{"self":[{"href":"https:\/\/www.salvemsabadia.com\/es\/wp-json\/wp\/v2\/posts\/3726","targetHints":{"allow":["GET"]}}],"collection":[{"href":"https:\/\/www.salvemsabadia.com\/es\/wp-json\/wp\/v2\/posts"}],"about":[{"href":"https:\/\/www.salvemsabadia.com\/es\/wp-json\/wp\/v2\/types\/post"}],"author":[{"embeddable":true,"href":"https:\/\/www.salvemsabadia.com\/es\/wp-json\/wp\/v2\/users\/2"}],"replies":[{"embeddable":true,"href":"https:\/\/www.salvemsabadia.com\/es\/wp-json\/wp\/v2\/comments?post=3726"}],"version-history":[{"count":0,"href":"https:\/\/www.salvemsabadia.com\/es\/wp-json\/wp\/v2\/posts\/3726\/revisions"}],"wp:featuredmedia":[{"embeddable":true,"href":"https:\/\/www.salvemsabadia.com\/es\/wp-json\/wp\/v2\/media\/3733"}],"wp:attachment":[{"href":"https:\/\/www.salvemsabadia.com\/es\/wp-json\/wp\/v2\/media?parent=3726"}],"wp:term":[{"taxonomy":"category","embeddable":true,"href":"https:\/\/www.salvemsabadia.com\/es\/wp-json\/wp\/v2\/categories?post=3726"},{"taxonomy":"post_tag","embeddable":true,"href":"https:\/\/www.salvemsabadia.com\/es\/wp-json\/wp\/v2\/tags?post=3726"}],"curies":[{"name":"wp","href":"https:\/\/api.w.org\/{rel}","templated":true}]}}