{"id":3786,"date":"2022-08-02T13:43:14","date_gmt":"2022-08-02T11:43:14","guid":{"rendered":"https:\/\/www.salvemsabadia.com\/?p=3786"},"modified":"2022-08-15T11:01:02","modified_gmt":"2022-08-15T09:01:02","slug":"biodiversitat-a-la-badia-de-portmany-i-els-illots-de-ponent-una-exposicion-para-gozar-con-la-belleza-que-nos-rodea","status":"publish","type":"post","link":"https:\/\/www.salvemsabadia.com\/es\/biodiversitat-a-la-badia-de-portmany-i-els-illots-de-ponent-una-exposicion-para-gozar-con-la-belleza-que-nos-rodea\/","title":{"rendered":"\u2018Biodiversitat a la Badia de Portmany i els Illots de Ponent\u2019, una exposici\u00f3n para gozar con la belleza que nos rodea"},"content":{"rendered":"<div id=\"attachment_3787\" style=\"width: 2154px\" class=\"wp-caption alignnone\"><img loading=\"lazy\" decoding=\"async\" aria-describedby=\"caption-attachment-3787\" class=\"wp-image-3787 size-full\" src=\"https:\/\/www.salvemsabadia.com\/wp-content\/uploads\/2022\/08\/Lupita-Sa\u0301ez-3-min.jpg\" alt=\"\" width=\"2144\" height=\"1424\" srcset=\"https:\/\/www.salvemsabadia.com\/wp-content\/uploads\/2022\/08\/Lupita-Sa\u0301ez-3-min.jpg 2144w, https:\/\/www.salvemsabadia.com\/wp-content\/uploads\/2022\/08\/Lupita-Sa\u0301ez-3-min-300x199.jpg 300w, https:\/\/www.salvemsabadia.com\/wp-content\/uploads\/2022\/08\/Lupita-Sa\u0301ez-3-min-1024x680.jpg 1024w, https:\/\/www.salvemsabadia.com\/wp-content\/uploads\/2022\/08\/Lupita-Sa\u0301ez-3-min-768x510.jpg 768w, https:\/\/www.salvemsabadia.com\/wp-content\/uploads\/2022\/08\/Lupita-Sa\u0301ez-3-min-1536x1020.jpg 1536w, https:\/\/www.salvemsabadia.com\/wp-content\/uploads\/2022\/08\/Lupita-Sa\u0301ez-3-min-2048x1360.jpg 2048w\" sizes=\"auto, (max-width: 2144px) 100vw, 2144px\" \/><p id=\"caption-attachment-3787\" class=\"wp-caption-text\">Foto: Lupita Faet<\/p><\/div>\n<p>Los s\u00e1bados de todo el verano se est\u00e1 celebrando el Festival Badia de Portmany, que tiene lugar en el recinto exterior del Auditorio Cal\u00f3 de s\u2019Oli y que organizan el Ayuntamiento de Sant Josep, la empresa Fun &amp; Trucks y Salvem Sa Badia de Portmany. En este certamen se compagina la m\u00fasica con los mensajes sobre biodiversidad y a favor de la conservaci\u00f3n y cuidado del medio marino.<\/p>\n<p>Una de las iniciativas que sirven a este prop\u00f3sito es la exposici\u00f3n digital de fotograf\u00eda \u2018Biodiversitat a la Badia de Portmany i els Illots de Ponent\u2019, que puede disfrutarse a trav\u00e9s de una serie de pantallas instaladas junto al escenario de Cal\u00f3 de s\u2019Oli y ahora tambi\u00e9n desde nuestro sitio web. La componen docenas de fotograf\u00edas tomadas por diversos autores, que reflejan la fauna y la riqueza biol\u00f3gica de la bah\u00eda de Portmany y la Reserva Natural dels Illots de Ponent, tanto bajo el agua como fuera de ella.<\/p>\n<div style=\"width: 640px;\" class=\"wp-video\"><video class=\"wp-video-shortcode\" id=\"video-3786-1\" width=\"640\" height=\"360\" preload=\"metadata\" controls=\"controls\"><source type=\"video\/mp4\" src=\"https:\/\/www.salvemsabadia.com\/wp-content\/uploads\/SalvemSaBadia2022.mp4?_=1\" \/><a href=\"https:\/\/www.salvemsabadia.com\/wp-content\/uploads\/SalvemSaBadia2022.mp4\">https:\/\/www.salvemsabadia.com\/wp-content\/uploads\/SalvemSaBadia2022.mp4<\/a><\/video><\/div>\n<p>Esta muestra ha podido celebrarse gracias a la colaboraci\u00f3n de la Associaci\u00f3 de Fotografia de Natura de les Illes Balears (Afonib), con im\u00e1genes de Adri\u00e0 Mas, Angels Arall, Carmen Villar, Elena V\u00e1zquez, Joan Sans, Lluna Mas, Maria Planells, Vicent Guasch y Xavier Mas, adem\u00e1s de Lupita Faet y Arenal Diving, que han cedido un material fotogr\u00e1fico de extraordinaria calidad.<\/p>\n<p>La muestra lleva como eslogan \u201cNo es pot cuidar el que no s\u2019estima, no es pot estimar el que no es coneix\u201d. Pretende concienciar sobre la importancia de los ecosistemas y la biodiversidad que alberga la bah\u00eda y la necesidad de protegerlos.<\/p>\n","protected":false},"excerpt":{"rendered":"<p>Los s\u00e1bados de todo el verano se est\u00e1 celebrando el Festival Badia de Portmany, que tiene lugar en el recinto exterior del Auditorio Cal\u00f3 de s\u2019Oli y que organizan el&#8230;<\/p>\n","protected":false},"author":2,"featured_media":3787,"comment_status":"open","ping_status":"open","sticky":false,"template":"","format":"standard","meta":{"give_campaign_id":0,"footnotes":""},"categories":[201,202,205,106,213,10],"tags":[],"class_list":{"0":"post-3786","1":"post","2":"type-post","3":"status-publish","4":"format-standard","5":"has-post-thumbnail","7":"category-biodiversidad","8":"category-buceo","9":"category-cultura","10":"category-destacado","11":"category-posidonia","12":"category-salvem-sa-badia"},"yoast_head":"<!-- This site is optimized with the Yoast SEO plugin v26.8 - https:\/\/yoast.com\/product\/yoast-seo-wordpress\/ -->\n<title>\u2018Biodiversitat a la Badia de Portmany i els Illots de Ponent\u2019, una exposici\u00f3n para gozar con la belleza que nos rodea - Salvem Sa Badia de Portmany<\/title>\n<meta name=\"robots\" content=\"index, follow, max-snippet:-1, max-image-preview:large, max-video-preview:-1\" \/>\n<link rel=\"canonical\" href=\"https:\/\/www.salvemsabadia.com\/biodiversitat-a-la-badia-de-portmany-i-els-illots-de-ponent-una-exposicio-per-a-gaudir-amb-la-bellesa-que-ens-envolta\/\" \/>\n<meta property=\"og:locale\" content=\"es_ES\" \/>\n<meta property=\"og:type\" content=\"article\" \/>\n<meta property=\"og:title\" content=\"\u2018Biodiversitat a la Badia de Portmany i els Illots de Ponent\u2019, una exposici\u00f3n para gozar con la belleza que nos rodea - Salvem Sa Badia de Portmany\" \/>\n<meta property=\"og:description\" content=\"Los s\u00e1bados de todo el verano se est\u00e1 celebrando el Festival Badia de Portmany, que tiene lugar en el recinto exterior del Auditorio Cal\u00f3 de s\u2019Oli y que organizan el...\" \/>\n<meta property=\"og:url\" content=\"https:\/\/www.salvemsabadia.com\/biodiversitat-a-la-badia-de-portmany-i-els-illots-de-ponent-una-exposicio-per-a-gaudir-amb-la-bellesa-que-ens-envolta\/\" \/>\n<meta property=\"og:site_name\" content=\"Salvem Sa Badia de Portmany\" \/>\n<meta property=\"article:published_time\" content=\"2022-08-02T11:43:14+00:00\" \/>\n<meta property=\"article:modified_time\" content=\"2022-08-15T09:01:02+00:00\" \/>\n<meta property=\"og:image\" content=\"https:\/\/www.salvemsabadia.com\/wp-content\/uploads\/2022\/08\/Lupita-Sa\u0301ez-3-min.jpg\" \/>\n\t<meta property=\"og:image:width\" content=\"2144\" \/>\n\t<meta property=\"og:image:height\" content=\"1424\" \/>\n\t<meta property=\"og:image:type\" content=\"image\/jpeg\" \/>\n<meta name=\"author\" content=\"Salvem sa Badia\" \/>\n<meta name=\"twitter:card\" content=\"summary_large_image\" \/>\n<meta name=\"twitter:label1\" content=\"Escrito por\" \/>\n\t<meta name=\"twitter:data1\" content=\"Salvem sa Badia\" \/>\n\t<meta name=\"twitter:label2\" content=\"Tiempo de lectura\" \/>\n\t<meta name=\"twitter:data2\" content=\"1 minuto\" \/>\n<script type=\"application\/ld+json\" class=\"yoast-schema-graph\">{\"@context\":\"https:\/\/schema.org\",\"@graph\":[{\"@type\":\"Article\",\"@id\":\"https:\/\/www.salvemsabadia.com\/biodiversitat-a-la-badia-de-portmany-i-els-illots-de-ponent-una-exposicio-per-a-gaudir-amb-la-bellesa-que-ens-envolta\/#article\",\"isPartOf\":{\"@id\":\"https:\/\/www.salvemsabadia.com\/biodiversitat-a-la-badia-de-portmany-i-els-illots-de-ponent-una-exposicio-per-a-gaudir-amb-la-bellesa-que-ens-envolta\/\"},\"author\":{\"name\":\"Salvem sa Badia\",\"@id\":\"https:\/\/www.salvemsabadia.com\/#\/schema\/person\/5d08c5118adcb4140d13bde4826ba122\"},\"headline\":\"\u2018Biodiversitat a la Badia de Portmany i els Illots de Ponent\u2019, una exposici\u00f3n para gozar con la belleza que nos rodea\",\"datePublished\":\"2022-08-02T11:43:14+00:00\",\"dateModified\":\"2022-08-15T09:01:02+00:00\",\"mainEntityOfPage\":{\"@id\":\"https:\/\/www.salvemsabadia.com\/biodiversitat-a-la-badia-de-portmany-i-els-illots-de-ponent-una-exposicio-per-a-gaudir-amb-la-bellesa-que-ens-envolta\/\"},\"wordCount\":318,\"commentCount\":0,\"publisher\":{\"@id\":\"https:\/\/www.salvemsabadia.com\/#organization\"},\"image\":{\"@id\":\"https:\/\/www.salvemsabadia.com\/biodiversitat-a-la-badia-de-portmany-i-els-illots-de-ponent-una-exposicio-per-a-gaudir-amb-la-bellesa-que-ens-envolta\/#primaryimage\"},\"thumbnailUrl\":\"https:\/\/www.salvemsabadia.com\/wp-content\/uploads\/2022\/08\/Lupita-Sa\u0301ez-3-min.jpg\",\"articleSection\":[\"Biodiversidad\",\"Buceo\",\"Cultura\",\"Destacado\",\"Posidonia\",\"Salvem Sa Badia\"],\"inLanguage\":\"es\",\"potentialAction\":[{\"@type\":\"CommentAction\",\"name\":\"Comment\",\"target\":[\"https:\/\/www.salvemsabadia.com\/biodiversitat-a-la-badia-de-portmany-i-els-illots-de-ponent-una-exposicio-per-a-gaudir-amb-la-bellesa-que-ens-envolta\/#respond\"]}]},{\"@type\":\"WebPage\",\"@id\":\"https:\/\/www.salvemsabadia.com\/biodiversitat-a-la-badia-de-portmany-i-els-illots-de-ponent-una-exposicio-per-a-gaudir-amb-la-bellesa-que-ens-envolta\/\",\"url\":\"https:\/\/www.salvemsabadia.com\/biodiversitat-a-la-badia-de-portmany-i-els-illots-de-ponent-una-exposicio-per-a-gaudir-amb-la-bellesa-que-ens-envolta\/\",\"name\":\"\u2018Biodiversitat a la Badia de Portmany i els Illots de Ponent\u2019, una exposici\u00f3n para gozar con la belleza que nos rodea - Salvem Sa Badia de Portmany\",\"isPartOf\":{\"@id\":\"https:\/\/www.salvemsabadia.com\/#website\"},\"primaryImageOfPage\":{\"@id\":\"https:\/\/www.salvemsabadia.com\/biodiversitat-a-la-badia-de-portmany-i-els-illots-de-ponent-una-exposicio-per-a-gaudir-amb-la-bellesa-que-ens-envolta\/#primaryimage\"},\"image\":{\"@id\":\"https:\/\/www.salvemsabadia.com\/biodiversitat-a-la-badia-de-portmany-i-els-illots-de-ponent-una-exposicio-per-a-gaudir-amb-la-bellesa-que-ens-envolta\/#primaryimage\"},\"thumbnailUrl\":\"https:\/\/www.salvemsabadia.com\/wp-content\/uploads\/2022\/08\/Lupita-Sa\u0301ez-3-min.jpg\",\"datePublished\":\"2022-08-02T11:43:14+00:00\",\"dateModified\":\"2022-08-15T09:01:02+00:00\",\"breadcrumb\":{\"@id\":\"https:\/\/www.salvemsabadia.com\/biodiversitat-a-la-badia-de-portmany-i-els-illots-de-ponent-una-exposicio-per-a-gaudir-amb-la-bellesa-que-ens-envolta\/#breadcrumb\"},\"inLanguage\":\"es\",\"potentialAction\":[{\"@type\":\"ReadAction\",\"target\":[\"https:\/\/www.salvemsabadia.com\/biodiversitat-a-la-badia-de-portmany-i-els-illots-de-ponent-una-exposicio-per-a-gaudir-amb-la-bellesa-que-ens-envolta\/\"]}]},{\"@type\":\"ImageObject\",\"inLanguage\":\"es\",\"@id\":\"https:\/\/www.salvemsabadia.com\/biodiversitat-a-la-badia-de-portmany-i-els-illots-de-ponent-una-exposicio-per-a-gaudir-amb-la-bellesa-que-ens-envolta\/#primaryimage\",\"url\":\"https:\/\/www.salvemsabadia.com\/wp-content\/uploads\/2022\/08\/Lupita-Sa\u0301ez-3-min.jpg\",\"contentUrl\":\"https:\/\/www.salvemsabadia.com\/wp-content\/uploads\/2022\/08\/Lupita-Sa\u0301ez-3-min.jpg\",\"width\":2144,\"height\":1424},{\"@type\":\"BreadcrumbList\",\"@id\":\"https:\/\/www.salvemsabadia.com\/biodiversitat-a-la-badia-de-portmany-i-els-illots-de-ponent-una-exposicio-per-a-gaudir-amb-la-bellesa-que-ens-envolta\/#breadcrumb\",\"itemListElement\":[{\"@type\":\"ListItem\",\"position\":1,\"name\":\"Portada\",\"item\":\"https:\/\/www.salvemsabadia.com\/es\/\"},{\"@type\":\"ListItem\",\"position\":2,\"name\":\"\u2018Biodiversitat a la Badia de Portmany i els Illots de Ponent\u2019, una exposici\u00f3n para gozar con la belleza que nos rodea\"}]},{\"@type\":\"WebSite\",\"@id\":\"https:\/\/www.salvemsabadia.com\/#website\",\"url\":\"https:\/\/www.salvemsabadia.com\/\",\"name\":\"Salvem Sa Badia de Portmany\",\"description\":\"\",\"publisher\":{\"@id\":\"https:\/\/www.salvemsabadia.com\/#organization\"},\"potentialAction\":[{\"@type\":\"SearchAction\",\"target\":{\"@type\":\"EntryPoint\",\"urlTemplate\":\"https:\/\/www.salvemsabadia.com\/?s={search_term_string}\"},\"query-input\":{\"@type\":\"PropertyValueSpecification\",\"valueRequired\":true,\"valueName\":\"search_term_string\"}}],\"inLanguage\":\"es\"},{\"@type\":\"Organization\",\"@id\":\"https:\/\/www.salvemsabadia.com\/#organization\",\"name\":\"Salvem Sa Badia de Portmany\",\"url\":\"https:\/\/www.salvemsabadia.com\/\",\"logo\":{\"@type\":\"ImageObject\",\"inLanguage\":\"es\",\"@id\":\"https:\/\/www.salvemsabadia.com\/#\/schema\/logo\/image\/\",\"url\":\"https:\/\/www.salvemsabadia.com\/wp-content\/uploads\/2020\/03\/logo.png\",\"contentUrl\":\"https:\/\/www.salvemsabadia.com\/wp-content\/uploads\/2020\/03\/logo.png\",\"width\":188,\"height\":151,\"caption\":\"Salvem Sa Badia de Portmany\"},\"image\":{\"@id\":\"https:\/\/www.salvemsabadia.com\/#\/schema\/logo\/image\/\"}},{\"@type\":\"Person\",\"@id\":\"https:\/\/www.salvemsabadia.com\/#\/schema\/person\/5d08c5118adcb4140d13bde4826ba122\",\"name\":\"Salvem sa Badia\",\"image\":{\"@type\":\"ImageObject\",\"inLanguage\":\"es\",\"@id\":\"https:\/\/www.salvemsabadia.com\/#\/schema\/person\/image\/\",\"url\":\"https:\/\/secure.gravatar.com\/avatar\/d569ee5739a9c7022470ea472c9b4b9cf476e15f1be71e5242c911d673d14ad9?s=96&d=mm&r=g\",\"contentUrl\":\"https:\/\/secure.gravatar.com\/avatar\/d569ee5739a9c7022470ea472c9b4b9cf476e15f1be71e5242c911d673d14ad9?s=96&d=mm&r=g\",\"caption\":\"Salvem sa Badia\"}}]}<\/script>\n<!-- \/ Yoast SEO plugin. -->","yoast_head_json":{"title":"\u2018Biodiversitat a la Badia de Portmany i els Illots de Ponent\u2019, una exposici\u00f3n para gozar con la belleza que nos rodea - Salvem Sa Badia de Portmany","robots":{"index":"index","follow":"follow","max-snippet":"max-snippet:-1","max-image-preview":"max-image-preview:large","max-video-preview":"max-video-preview:-1"},"canonical":"https:\/\/www.salvemsabadia.com\/biodiversitat-a-la-badia-de-portmany-i-els-illots-de-ponent-una-exposicio-per-a-gaudir-amb-la-bellesa-que-ens-envolta\/","og_locale":"es_ES","og_type":"article","og_title":"\u2018Biodiversitat a la Badia de Portmany i els Illots de Ponent\u2019, una exposici\u00f3n para gozar con la belleza que nos rodea - Salvem Sa Badia de Portmany","og_description":"Los s\u00e1bados de todo el verano se est\u00e1 celebrando el Festival Badia de Portmany, que tiene lugar en el recinto exterior del Auditorio Cal\u00f3 de s\u2019Oli y que organizan el...","og_url":"https:\/\/www.salvemsabadia.com\/biodiversitat-a-la-badia-de-portmany-i-els-illots-de-ponent-una-exposicio-per-a-gaudir-amb-la-bellesa-que-ens-envolta\/","og_site_name":"Salvem Sa Badia de Portmany","article_published_time":"2022-08-02T11:43:14+00:00","article_modified_time":"2022-08-15T09:01:02+00:00","og_image":[{"width":2144,"height":1424,"url":"https:\/\/www.salvemsabadia.com\/wp-content\/uploads\/2022\/08\/Lupita-Sa\u0301ez-3-min.jpg","type":"image\/jpeg"}],"author":"Salvem sa Badia","twitter_card":"summary_large_image","twitter_misc":{"Escrito por":"Salvem sa Badia","Tiempo de lectura":"1 minuto"},"schema":{"@context":"https:\/\/schema.org","@graph":[{"@type":"Article","@id":"https:\/\/www.salvemsabadia.com\/biodiversitat-a-la-badia-de-portmany-i-els-illots-de-ponent-una-exposicio-per-a-gaudir-amb-la-bellesa-que-ens-envolta\/#article","isPartOf":{"@id":"https:\/\/www.salvemsabadia.com\/biodiversitat-a-la-badia-de-portmany-i-els-illots-de-ponent-una-exposicio-per-a-gaudir-amb-la-bellesa-que-ens-envolta\/"},"author":{"name":"Salvem sa Badia","@id":"https:\/\/www.salvemsabadia.com\/#\/schema\/person\/5d08c5118adcb4140d13bde4826ba122"},"headline":"\u2018Biodiversitat a la Badia de Portmany i els Illots de Ponent\u2019, una exposici\u00f3n para gozar con la belleza que nos rodea","datePublished":"2022-08-02T11:43:14+00:00","dateModified":"2022-08-15T09:01:02+00:00","mainEntityOfPage":{"@id":"https:\/\/www.salvemsabadia.com\/biodiversitat-a-la-badia-de-portmany-i-els-illots-de-ponent-una-exposicio-per-a-gaudir-amb-la-bellesa-que-ens-envolta\/"},"wordCount":318,"commentCount":0,"publisher":{"@id":"https:\/\/www.salvemsabadia.com\/#organization"},"image":{"@id":"https:\/\/www.salvemsabadia.com\/biodiversitat-a-la-badia-de-portmany-i-els-illots-de-ponent-una-exposicio-per-a-gaudir-amb-la-bellesa-que-ens-envolta\/#primaryimage"},"thumbnailUrl":"https:\/\/www.salvemsabadia.com\/wp-content\/uploads\/2022\/08\/Lupita-Sa\u0301ez-3-min.jpg","articleSection":["Biodiversidad","Buceo","Cultura","Destacado","Posidonia","Salvem Sa Badia"],"inLanguage":"es","potentialAction":[{"@type":"CommentAction","name":"Comment","target":["https:\/\/www.salvemsabadia.com\/biodiversitat-a-la-badia-de-portmany-i-els-illots-de-ponent-una-exposicio-per-a-gaudir-amb-la-bellesa-que-ens-envolta\/#respond"]}]},{"@type":"WebPage","@id":"https:\/\/www.salvemsabadia.com\/biodiversitat-a-la-badia-de-portmany-i-els-illots-de-ponent-una-exposicio-per-a-gaudir-amb-la-bellesa-que-ens-envolta\/","url":"https:\/\/www.salvemsabadia.com\/biodiversitat-a-la-badia-de-portmany-i-els-illots-de-ponent-una-exposicio-per-a-gaudir-amb-la-bellesa-que-ens-envolta\/","name":"\u2018Biodiversitat a la Badia de Portmany i els Illots de Ponent\u2019, una exposici\u00f3n para gozar con la belleza que nos rodea - Salvem Sa Badia de Portmany","isPartOf":{"@id":"https:\/\/www.salvemsabadia.com\/#website"},"primaryImageOfPage":{"@id":"https:\/\/www.salvemsabadia.com\/biodiversitat-a-la-badia-de-portmany-i-els-illots-de-ponent-una-exposicio-per-a-gaudir-amb-la-bellesa-que-ens-envolta\/#primaryimage"},"image":{"@id":"https:\/\/www.salvemsabadia.com\/biodiversitat-a-la-badia-de-portmany-i-els-illots-de-ponent-una-exposicio-per-a-gaudir-amb-la-bellesa-que-ens-envolta\/#primaryimage"},"thumbnailUrl":"https:\/\/www.salvemsabadia.com\/wp-content\/uploads\/2022\/08\/Lupita-Sa\u0301ez-3-min.jpg","datePublished":"2022-08-02T11:43:14+00:00","dateModified":"2022-08-15T09:01:02+00:00","breadcrumb":{"@id":"https:\/\/www.salvemsabadia.com\/biodiversitat-a-la-badia-de-portmany-i-els-illots-de-ponent-una-exposicio-per-a-gaudir-amb-la-bellesa-que-ens-envolta\/#breadcrumb"},"inLanguage":"es","potentialAction":[{"@type":"ReadAction","target":["https:\/\/www.salvemsabadia.com\/biodiversitat-a-la-badia-de-portmany-i-els-illots-de-ponent-una-exposicio-per-a-gaudir-amb-la-bellesa-que-ens-envolta\/"]}]},{"@type":"ImageObject","inLanguage":"es","@id":"https:\/\/www.salvemsabadia.com\/biodiversitat-a-la-badia-de-portmany-i-els-illots-de-ponent-una-exposicio-per-a-gaudir-amb-la-bellesa-que-ens-envolta\/#primaryimage","url":"https:\/\/www.salvemsabadia.com\/wp-content\/uploads\/2022\/08\/Lupita-Sa\u0301ez-3-min.jpg","contentUrl":"https:\/\/www.salvemsabadia.com\/wp-content\/uploads\/2022\/08\/Lupita-Sa\u0301ez-3-min.jpg","width":2144,"height":1424},{"@type":"BreadcrumbList","@id":"https:\/\/www.salvemsabadia.com\/biodiversitat-a-la-badia-de-portmany-i-els-illots-de-ponent-una-exposicio-per-a-gaudir-amb-la-bellesa-que-ens-envolta\/#breadcrumb","itemListElement":[{"@type":"ListItem","position":1,"name":"Portada","item":"https:\/\/www.salvemsabadia.com\/es\/"},{"@type":"ListItem","position":2,"name":"\u2018Biodiversitat a la Badia de Portmany i els Illots de Ponent\u2019, una exposici\u00f3n para gozar con la belleza que nos rodea"}]},{"@type":"WebSite","@id":"https:\/\/www.salvemsabadia.com\/#website","url":"https:\/\/www.salvemsabadia.com\/","name":"Salvem Sa Badia de Portmany","description":"","publisher":{"@id":"https:\/\/www.salvemsabadia.com\/#organization"},"potentialAction":[{"@type":"SearchAction","target":{"@type":"EntryPoint","urlTemplate":"https:\/\/www.salvemsabadia.com\/?s={search_term_string}"},"query-input":{"@type":"PropertyValueSpecification","valueRequired":true,"valueName":"search_term_string"}}],"inLanguage":"es"},{"@type":"Organization","@id":"https:\/\/www.salvemsabadia.com\/#organization","name":"Salvem Sa Badia de Portmany","url":"https:\/\/www.salvemsabadia.com\/","logo":{"@type":"ImageObject","inLanguage":"es","@id":"https:\/\/www.salvemsabadia.com\/#\/schema\/logo\/image\/","url":"https:\/\/www.salvemsabadia.com\/wp-content\/uploads\/2020\/03\/logo.png","contentUrl":"https:\/\/www.salvemsabadia.com\/wp-content\/uploads\/2020\/03\/logo.png","width":188,"height":151,"caption":"Salvem Sa Badia de Portmany"},"image":{"@id":"https:\/\/www.salvemsabadia.com\/#\/schema\/logo\/image\/"}},{"@type":"Person","@id":"https:\/\/www.salvemsabadia.com\/#\/schema\/person\/5d08c5118adcb4140d13bde4826ba122","name":"Salvem sa Badia","image":{"@type":"ImageObject","inLanguage":"es","@id":"https:\/\/www.salvemsabadia.com\/#\/schema\/person\/image\/","url":"https:\/\/secure.gravatar.com\/avatar\/d569ee5739a9c7022470ea472c9b4b9cf476e15f1be71e5242c911d673d14ad9?s=96&d=mm&r=g","contentUrl":"https:\/\/secure.gravatar.com\/avatar\/d569ee5739a9c7022470ea472c9b4b9cf476e15f1be71e5242c911d673d14ad9?s=96&d=mm&r=g","caption":"Salvem sa Badia"}}]}},"_links":{"self":[{"href":"https:\/\/www.salvemsabadia.com\/es\/wp-json\/wp\/v2\/posts\/3786","targetHints":{"allow":["GET"]}}],"collection":[{"href":"https:\/\/www.salvemsabadia.com\/es\/wp-json\/wp\/v2\/posts"}],"about":[{"href":"https:\/\/www.salvemsabadia.com\/es\/wp-json\/wp\/v2\/types\/post"}],"author":[{"embeddable":true,"href":"https:\/\/www.salvemsabadia.com\/es\/wp-json\/wp\/v2\/users\/2"}],"replies":[{"embeddable":true,"href":"https:\/\/www.salvemsabadia.com\/es\/wp-json\/wp\/v2\/comments?post=3786"}],"version-history":[{"count":0,"href":"https:\/\/www.salvemsabadia.com\/es\/wp-json\/wp\/v2\/posts\/3786\/revisions"}],"wp:featuredmedia":[{"embeddable":true,"href":"https:\/\/www.salvemsabadia.com\/es\/wp-json\/wp\/v2\/media\/3787"}],"wp:attachment":[{"href":"https:\/\/www.salvemsabadia.com\/es\/wp-json\/wp\/v2\/media?parent=3786"}],"wp:term":[{"taxonomy":"category","embeddable":true,"href":"https:\/\/www.salvemsabadia.com\/es\/wp-json\/wp\/v2\/categories?post=3786"},{"taxonomy":"post_tag","embeddable":true,"href":"https:\/\/www.salvemsabadia.com\/es\/wp-json\/wp\/v2\/tags?post=3786"}],"curies":[{"name":"wp","href":"https:\/\/api.w.org\/{rel}","templated":true}]}}