{"id":3904,"date":"2022-08-15T13:31:53","date_gmt":"2022-08-15T11:31:53","guid":{"rendered":"https:\/\/www.salvemsabadia.com\/?p=3904"},"modified":"2022-08-15T13:36:34","modified_gmt":"2022-08-15T11:36:34","slug":"el-pirata-del-fondeo-ilegal-de-porroig-sigue-actuando-impunemente-pese-a-la-investigacion-de-la-guardia-civil","status":"publish","type":"post","link":"https:\/\/www.salvemsabadia.com\/es\/el-pirata-del-fondeo-ilegal-de-porroig-sigue-actuando-impunemente-pese-a-la-investigacion-de-la-guardia-civil\/","title":{"rendered":"El pirata del fondeo ilegal de Porroig sigue actuando impunemente, pese a la investigaci\u00f3n de la Guardia Civil"},"content":{"rendered":"<p><img loading=\"lazy\" decoding=\"async\" class=\"alignnone wp-image-3909 size-full\" src=\"https:\/\/www.salvemsabadia.com\/wp-content\/uploads\/2022\/08\/WhatsApp-Image-2022-08-15-at-10.59.53-AM.jpeg\" alt=\"\" width=\"1600\" height=\"736\" srcset=\"https:\/\/www.salvemsabadia.com\/wp-content\/uploads\/2022\/08\/WhatsApp-Image-2022-08-15-at-10.59.53-AM.jpeg 1600w, https:\/\/www.salvemsabadia.com\/wp-content\/uploads\/2022\/08\/WhatsApp-Image-2022-08-15-at-10.59.53-AM-300x138.jpeg 300w, https:\/\/www.salvemsabadia.com\/wp-content\/uploads\/2022\/08\/WhatsApp-Image-2022-08-15-at-10.59.53-AM-1024x471.jpeg 1024w, https:\/\/www.salvemsabadia.com\/wp-content\/uploads\/2022\/08\/WhatsApp-Image-2022-08-15-at-10.59.53-AM-768x353.jpeg 768w, https:\/\/www.salvemsabadia.com\/wp-content\/uploads\/2022\/08\/WhatsApp-Image-2022-08-15-at-10.59.53-AM-1536x707.jpeg 1536w\" sizes=\"auto, (max-width: 1600px) 100vw, 1600px\" \/><\/p>\n<p>Salvem Sa Badia de Portmany ha tenido acceso a una serie de v\u00eddeos e im\u00e1genes tomados ayer, domingo, en los que puede apreciarse como el individuo que se ha apropiado de esta bah\u00eda y que la utiliza para comerciar con los muertos ilegales que \u00e9l mismo instala, a menudo sobre posidonia, sigue plenamente operativo. Las advertencias de la Guardia Civil, que le est\u00e1 investigando, han resultado est\u00e9riles y contin\u00faa con su actividad de forma descarada e impune, ante la at\u00f3nita mirada de los residentes locales que acuden a ba\u00f1arse a esta playa y que conocen de sobra lo que hace.<\/p>\n<p>En los siguientes v\u00eddeos se le puede ver hablando con los clientes que le alquilan sus amarres y acerc\u00e1ndoles un cabo para fondear. La misma fuente que los ha grabado ha explicado que tambi\u00e9n ha tenido oportunidad de hablar con algunos usuarios de esta instalaci\u00f3n ilegal, confirmando que abonan el importe del alquiler directamente a este individuo. Otras fuentes de la zona aseguran que con cada amarre obtiene varios miles de euros al mes y que posee docenas de ellos. Algunas temporadas puede haber llegado a acumular m\u00e1s de un centenar.<\/p>\n<p><iframe loading=\"lazy\" title=\"Fondeig il\u00b7legal a Porroig 1\" width=\"1080\" height=\"608\" src=\"https:\/\/www.youtube.com\/embed\/pmMfOcPSMtQ?feature=oembed\" frameborder=\"0\" allow=\"accelerometer; autoplay; clipboard-write; encrypted-media; gyroscope; picture-in-picture\" allowfullscreen><\/iframe><\/p>\n<p><iframe loading=\"lazy\" title=\"Fondeig il\u00b7legal a Porroig 2\" width=\"1080\" height=\"608\" src=\"https:\/\/www.youtube.com\/embed\/9jzxHeSKfIc?feature=oembed\" frameborder=\"0\" allow=\"accelerometer; autoplay; clipboard-write; encrypted-media; gyroscope; picture-in-picture\" allowfullscreen><\/iframe><\/p>\n<p><iframe loading=\"lazy\" title=\"Fondeig il\u00b7legal a Porroig 3\" width=\"1080\" height=\"608\" src=\"https:\/\/www.youtube.com\/embed\/Xx1NNHPFsIo?feature=oembed\" frameborder=\"0\" allow=\"accelerometer; autoplay; clipboard-write; encrypted-media; gyroscope; picture-in-picture\" allowfullscreen><\/iframe><\/p>\n<p>En otro v\u00eddeo se le puede ver desatando varias lanchas neum\u00e1ticas de su propiedad, que utiliza para ir ocupando las boyas que van quedando libres, cuando las lanchas o los veleros las abandonan. Esta persona se pasa el d\u00eda moviendo estas barcas de una boya a otra, mientras los clientes van llegando.<\/p>\n<p><iframe loading=\"lazy\" title=\"Fondeig il\u00b7legal a Porroig 4\" width=\"1080\" height=\"608\" src=\"https:\/\/www.youtube.com\/embed\/zIXGRFh8Mmg?feature=oembed\" frameborder=\"0\" allow=\"accelerometer; autoplay; clipboard-write; encrypted-media; gyroscope; picture-in-picture\" allowfullscreen><\/iframe><\/p>\n<p>El responsable de los fondeos ilegales tambi\u00e9n dispone de una lancha en mitad de la bah\u00eda, que utiliza como base y a la que tambi\u00e9n va amarrando las lanchas que distribuye por las distintas zonas de boyas.<\/p>\n<p><img loading=\"lazy\" decoding=\"async\" class=\"alignnone wp-image-3905 size-full\" src=\"https:\/\/www.salvemsabadia.com\/wp-content\/uploads\/2022\/08\/WhatsApp-Image-2022-08-15-at-11.16.25-AM.jpeg\" alt=\"\" width=\"1600\" height=\"857\" srcset=\"https:\/\/www.salvemsabadia.com\/wp-content\/uploads\/2022\/08\/WhatsApp-Image-2022-08-15-at-11.16.25-AM.jpeg 1600w, https:\/\/www.salvemsabadia.com\/wp-content\/uploads\/2022\/08\/WhatsApp-Image-2022-08-15-at-11.16.25-AM-300x161.jpeg 300w, https:\/\/www.salvemsabadia.com\/wp-content\/uploads\/2022\/08\/WhatsApp-Image-2022-08-15-at-11.16.25-AM-1024x548.jpeg 1024w, https:\/\/www.salvemsabadia.com\/wp-content\/uploads\/2022\/08\/WhatsApp-Image-2022-08-15-at-11.16.25-AM-768x411.jpeg 768w, https:\/\/www.salvemsabadia.com\/wp-content\/uploads\/2022\/08\/WhatsApp-Image-2022-08-15-at-11.16.25-AM-1536x823.jpeg 1536w\" sizes=\"auto, (max-width: 1600px) 100vw, 1600px\" \/><\/p>\n<p>Muchos de sus clientes son ch\u00e1rter ilegales que utilizan Porroig como fondeadero y los muelles de los varaderos como puerto, recogiendo clientes y v\u00edveres constantemente. Tambi\u00e9n desembarcan enormes bolsas de basura por el mismo lugar, traslad\u00e1ndola a los contenedores que hay junto al camino de acceso a la cala. Estos no dan abasto y las bolsas de desperdicios se acumulan a montones junto a ellos. Navegan con sus embarcaciones auxiliares entre los ba\u00f1istas, ni\u00f1os incluidos, que ya se han cansado de este abuso y han comenzado a increparles. Ayer mismo, otro grupo de vecinos que utilizan esta cala trataron de impedir que otra lancha de un ch\u00e1rter alcanzara la orilla.<\/p>\n<p><img loading=\"lazy\" decoding=\"async\" class=\"alignnone wp-image-3907 size-full\" src=\"https:\/\/www.salvemsabadia.com\/wp-content\/uploads\/2022\/08\/WhatsApp-Image-2022-08-15-at-11.15.42-AM.jpeg\" alt=\"\" width=\"1600\" height=\"853\" srcset=\"https:\/\/www.salvemsabadia.com\/wp-content\/uploads\/2022\/08\/WhatsApp-Image-2022-08-15-at-11.15.42-AM.jpeg 1600w, https:\/\/www.salvemsabadia.com\/wp-content\/uploads\/2022\/08\/WhatsApp-Image-2022-08-15-at-11.15.42-AM-300x160.jpeg 300w, https:\/\/www.salvemsabadia.com\/wp-content\/uploads\/2022\/08\/WhatsApp-Image-2022-08-15-at-11.15.42-AM-1024x546.jpeg 1024w, https:\/\/www.salvemsabadia.com\/wp-content\/uploads\/2022\/08\/WhatsApp-Image-2022-08-15-at-11.15.42-AM-768x409.jpeg 768w, https:\/\/www.salvemsabadia.com\/wp-content\/uploads\/2022\/08\/WhatsApp-Image-2022-08-15-at-11.15.42-AM-1536x819.jpeg 1536w\" sizes=\"auto, (max-width: 1600px) 100vw, 1600px\" \/><\/p>\n<p>Hace unos d\u00edas, el siguiente v\u00eddeo circul\u00f3 por todas las redes sociales y los medios de comunicaci\u00f3n pitiusos. En \u00e9l puede verse a un grupo de ba\u00f1istas increpando a los tripulantes de una lancha auxiliar, que pasan junto a unos ni\u00f1os con el motor encendido. Al final, les impidieron acceder a la orilla en este punto.<\/p>\n<p><iframe loading=\"lazy\" title=\"Banyistes indignats a Porroig\" width=\"1080\" height=\"608\" src=\"https:\/\/www.youtube.com\/embed\/GXSWkDoEG8s?feature=oembed\" frameborder=\"0\" allow=\"accelerometer; autoplay; clipboard-write; encrypted-media; gyroscope; picture-in-picture\" allowfullscreen><\/iframe><\/p>\n<p>Cabe recordar que esta persona est\u00e1 siendo investigada por un delito contra la fauna y la flora por parte del Servicio de Protecci\u00f3n de la Naturaleza (Seprona) de la Guardia Civil y, en su momento, tendr\u00e1 que ir a declarar ante el juez. El implicado amenaz\u00f3 de muerte el pasado 29 de mayo a varios buceadores de Maltesa del Mar, mientras comprobaban el estado de los fondos de la bah\u00eda de Porroig, tal y como adelantamos desde Salvem sa Badia mediante <a href=\"https:\/\/www.salvemsabadia.com\/es\/maltesa-del-mar-denuncia-nuevos-fondeos-ilegales-en-porroig-y-recibe-amenazas-del-sujeto-que-los-explota\/\" target=\"_blank\" rel=\"noopener\">esta noticia<\/a>.<\/p>\n<p>Entonces les dijo: \u201cNo quiero volver a veros por aqu\u00ed. Tengo seguro, as\u00ed que te paso por encima, te mato y no pasa nada\u2026 Ibiza es muy peque\u00f1a y ya nos encontraremos. Ya s\u00e9 qui\u00e9nes sois. Vosotros no sab\u00e9is qui\u00e9n soy yo. Os vais a enterar\u201d.<\/p>\n<p>El 18 de junio, volvi\u00f3 a hacer lo mismo con los buceadores voluntarios de Protecci\u00f3n Civil que retiraban muertos del fondo, para impedir que dicho individuo siga lucr\u00e1ndose con un espacio p\u00fablico y da\u00f1ando a la posidonia. Volvi\u00f3 a circular cerca de ellos con una lancha con el motor en marcha para intimidarles. Los polic\u00edas locales que los acompa\u00f1aban le denunciaron por desobediencia a los agentes de la autoridad\u00a0y faltas de consideraci\u00f3n, y la multa que recibir\u00e1 puede oscilar entre los 600 y los 30.000 euros.<\/p>\n<p>La concejala de Medio Ambiente de Sant Josep, M\u00f3nica Fern\u00e1ndez, recibi\u00f3 tambi\u00e9n amenazas de muerte por parte de este mismo sujeto, cuando, acompa\u00f1ada de varios funcionarios, trataron de explicarle el procedimiento iniciado para desmantelar el desguace ilegal en el que acumula docenas y docenas de embarcaciones y veh\u00edculos, situado en la carretera de Cala Tarida.<\/p>\n<p>En el pasado, este individuo tambi\u00e9n se dedic\u00f3 a comerciar con fondeos ilegales en la bah\u00eda de Portmany y esta misma actividad comienza a desarrollarse en otros lugares de la isla. As\u00ed ha comenzado a ocurrir, por ejemplo, en la zona de Cala Xarraca, seg\u00fan denuncian fuentes de la zona.<\/p>\n","protected":false},"excerpt":{"rendered":"<p>Salvem Sa Badia de Portmany ha tenido acceso a una serie de v\u00eddeos e im\u00e1genes tomados ayer, domingo, en los que puede apreciarse como el individuo que se ha apropiado&#8230;<\/p>\n","protected":false},"author":2,"featured_media":3909,"comment_status":"open","ping_status":"open","sticky":false,"template":"","format":"standard","meta":{"give_campaign_id":0,"footnotes":""},"categories":[106,208,211,213],"tags":[],"class_list":{"0":"post-3904","1":"post","2":"type-post","3":"status-publish","4":"format-standard","5":"has-post-thumbnail","7":"category-destacado","8":"category-fondeo-irregular","9":"category-pitiuses","10":"category-posidonia"},"yoast_head":"<!-- This site is optimized with the Yoast SEO plugin v26.8 - https:\/\/yoast.com\/product\/yoast-seo-wordpress\/ -->\n<title>El pirata del fondeo ilegal de Porroig sigue actuando impunemente, pese a la investigaci\u00f3n de la Guardia Civil - Salvem Sa Badia de Portmany<\/title>\n<meta name=\"robots\" content=\"index, follow, max-snippet:-1, max-image-preview:large, max-video-preview:-1\" \/>\n<link rel=\"canonical\" href=\"https:\/\/www.salvemsabadia.com\/el-pirata-del-fondeig-illegal-de-porroig-continua-actuant-impunement-malgrat-la-recerca-de-la-guardia-civil\/\" \/>\n<meta property=\"og:locale\" content=\"es_ES\" \/>\n<meta property=\"og:type\" content=\"article\" \/>\n<meta property=\"og:title\" content=\"El pirata del fondeo ilegal de Porroig sigue actuando impunemente, pese a la investigaci\u00f3n de la Guardia Civil - Salvem Sa Badia de Portmany\" \/>\n<meta property=\"og:description\" content=\"Salvem Sa Badia de Portmany ha tenido acceso a una serie de v\u00eddeos e im\u00e1genes tomados ayer, domingo, en los que puede apreciarse como el individuo que se ha apropiado...\" \/>\n<meta property=\"og:url\" content=\"https:\/\/www.salvemsabadia.com\/el-pirata-del-fondeig-illegal-de-porroig-continua-actuant-impunement-malgrat-la-recerca-de-la-guardia-civil\/\" \/>\n<meta property=\"og:site_name\" content=\"Salvem Sa Badia de Portmany\" \/>\n<meta property=\"article:published_time\" content=\"2022-08-15T11:31:53+00:00\" \/>\n<meta property=\"article:modified_time\" content=\"2022-08-15T11:36:34+00:00\" \/>\n<meta property=\"og:image\" content=\"https:\/\/www.salvemsabadia.com\/wp-content\/uploads\/2022\/08\/WhatsApp-Image-2022-08-15-at-10.59.53-AM.jpeg\" \/>\n\t<meta property=\"og:image:width\" content=\"1600\" \/>\n\t<meta property=\"og:image:height\" content=\"736\" \/>\n\t<meta property=\"og:image:type\" content=\"image\/jpeg\" \/>\n<meta name=\"author\" content=\"Salvem sa Badia\" \/>\n<meta name=\"twitter:card\" content=\"summary_large_image\" \/>\n<meta name=\"twitter:label1\" content=\"Escrito por\" \/>\n\t<meta name=\"twitter:data1\" content=\"Salvem sa Badia\" \/>\n\t<meta name=\"twitter:label2\" content=\"Tiempo de lectura\" \/>\n\t<meta name=\"twitter:data2\" content=\"4 minutos\" \/>\n<script type=\"application\/ld+json\" class=\"yoast-schema-graph\">{\"@context\":\"https:\/\/schema.org\",\"@graph\":[{\"@type\":\"Article\",\"@id\":\"https:\/\/www.salvemsabadia.com\/el-pirata-del-fondeig-illegal-de-porroig-continua-actuant-impunement-malgrat-la-recerca-de-la-guardia-civil\/#article\",\"isPartOf\":{\"@id\":\"https:\/\/www.salvemsabadia.com\/el-pirata-del-fondeig-illegal-de-porroig-continua-actuant-impunement-malgrat-la-recerca-de-la-guardia-civil\/\"},\"author\":{\"name\":\"Salvem sa Badia\",\"@id\":\"https:\/\/www.salvemsabadia.com\/#\/schema\/person\/5d08c5118adcb4140d13bde4826ba122\"},\"headline\":\"El pirata del fondeo ilegal de Porroig sigue actuando impunemente, pese a la investigaci\u00f3n de la Guardia Civil\",\"datePublished\":\"2022-08-15T11:31:53+00:00\",\"dateModified\":\"2022-08-15T11:36:34+00:00\",\"mainEntityOfPage\":{\"@id\":\"https:\/\/www.salvemsabadia.com\/el-pirata-del-fondeig-illegal-de-porroig-continua-actuant-impunement-malgrat-la-recerca-de-la-guardia-civil\/\"},\"wordCount\":856,\"commentCount\":0,\"publisher\":{\"@id\":\"https:\/\/www.salvemsabadia.com\/#organization\"},\"image\":{\"@id\":\"https:\/\/www.salvemsabadia.com\/el-pirata-del-fondeig-illegal-de-porroig-continua-actuant-impunement-malgrat-la-recerca-de-la-guardia-civil\/#primaryimage\"},\"thumbnailUrl\":\"https:\/\/www.salvemsabadia.com\/wp-content\/uploads\/2022\/08\/WhatsApp-Image-2022-08-15-at-10.59.53-AM.jpeg\",\"articleSection\":[\"Destacado\",\"Fondeo irregular\",\"Piti\u00fcses\",\"Posidonia\"],\"inLanguage\":\"es\",\"potentialAction\":[{\"@type\":\"CommentAction\",\"name\":\"Comment\",\"target\":[\"https:\/\/www.salvemsabadia.com\/el-pirata-del-fondeig-illegal-de-porroig-continua-actuant-impunement-malgrat-la-recerca-de-la-guardia-civil\/#respond\"]}]},{\"@type\":\"WebPage\",\"@id\":\"https:\/\/www.salvemsabadia.com\/el-pirata-del-fondeig-illegal-de-porroig-continua-actuant-impunement-malgrat-la-recerca-de-la-guardia-civil\/\",\"url\":\"https:\/\/www.salvemsabadia.com\/el-pirata-del-fondeig-illegal-de-porroig-continua-actuant-impunement-malgrat-la-recerca-de-la-guardia-civil\/\",\"name\":\"El pirata del fondeo ilegal de Porroig sigue actuando impunemente, pese a la investigaci\u00f3n de la Guardia Civil - Salvem Sa Badia de Portmany\",\"isPartOf\":{\"@id\":\"https:\/\/www.salvemsabadia.com\/#website\"},\"primaryImageOfPage\":{\"@id\":\"https:\/\/www.salvemsabadia.com\/el-pirata-del-fondeig-illegal-de-porroig-continua-actuant-impunement-malgrat-la-recerca-de-la-guardia-civil\/#primaryimage\"},\"image\":{\"@id\":\"https:\/\/www.salvemsabadia.com\/el-pirata-del-fondeig-illegal-de-porroig-continua-actuant-impunement-malgrat-la-recerca-de-la-guardia-civil\/#primaryimage\"},\"thumbnailUrl\":\"https:\/\/www.salvemsabadia.com\/wp-content\/uploads\/2022\/08\/WhatsApp-Image-2022-08-15-at-10.59.53-AM.jpeg\",\"datePublished\":\"2022-08-15T11:31:53+00:00\",\"dateModified\":\"2022-08-15T11:36:34+00:00\",\"breadcrumb\":{\"@id\":\"https:\/\/www.salvemsabadia.com\/el-pirata-del-fondeig-illegal-de-porroig-continua-actuant-impunement-malgrat-la-recerca-de-la-guardia-civil\/#breadcrumb\"},\"inLanguage\":\"es\",\"potentialAction\":[{\"@type\":\"ReadAction\",\"target\":[\"https:\/\/www.salvemsabadia.com\/el-pirata-del-fondeig-illegal-de-porroig-continua-actuant-impunement-malgrat-la-recerca-de-la-guardia-civil\/\"]}]},{\"@type\":\"ImageObject\",\"inLanguage\":\"es\",\"@id\":\"https:\/\/www.salvemsabadia.com\/el-pirata-del-fondeig-illegal-de-porroig-continua-actuant-impunement-malgrat-la-recerca-de-la-guardia-civil\/#primaryimage\",\"url\":\"https:\/\/www.salvemsabadia.com\/wp-content\/uploads\/2022\/08\/WhatsApp-Image-2022-08-15-at-10.59.53-AM.jpeg\",\"contentUrl\":\"https:\/\/www.salvemsabadia.com\/wp-content\/uploads\/2022\/08\/WhatsApp-Image-2022-08-15-at-10.59.53-AM.jpeg\",\"width\":1600,\"height\":736},{\"@type\":\"BreadcrumbList\",\"@id\":\"https:\/\/www.salvemsabadia.com\/el-pirata-del-fondeig-illegal-de-porroig-continua-actuant-impunement-malgrat-la-recerca-de-la-guardia-civil\/#breadcrumb\",\"itemListElement\":[{\"@type\":\"ListItem\",\"position\":1,\"name\":\"Portada\",\"item\":\"https:\/\/www.salvemsabadia.com\/es\/\"},{\"@type\":\"ListItem\",\"position\":2,\"name\":\"El pirata del fondeo ilegal de Porroig sigue actuando impunemente, pese a la investigaci\u00f3n de la Guardia Civil\"}]},{\"@type\":\"WebSite\",\"@id\":\"https:\/\/www.salvemsabadia.com\/#website\",\"url\":\"https:\/\/www.salvemsabadia.com\/\",\"name\":\"Salvem Sa Badia de Portmany\",\"description\":\"\",\"publisher\":{\"@id\":\"https:\/\/www.salvemsabadia.com\/#organization\"},\"potentialAction\":[{\"@type\":\"SearchAction\",\"target\":{\"@type\":\"EntryPoint\",\"urlTemplate\":\"https:\/\/www.salvemsabadia.com\/?s={search_term_string}\"},\"query-input\":{\"@type\":\"PropertyValueSpecification\",\"valueRequired\":true,\"valueName\":\"search_term_string\"}}],\"inLanguage\":\"es\"},{\"@type\":\"Organization\",\"@id\":\"https:\/\/www.salvemsabadia.com\/#organization\",\"name\":\"Salvem Sa Badia de Portmany\",\"url\":\"https:\/\/www.salvemsabadia.com\/\",\"logo\":{\"@type\":\"ImageObject\",\"inLanguage\":\"es\",\"@id\":\"https:\/\/www.salvemsabadia.com\/#\/schema\/logo\/image\/\",\"url\":\"https:\/\/www.salvemsabadia.com\/wp-content\/uploads\/2020\/03\/logo.png\",\"contentUrl\":\"https:\/\/www.salvemsabadia.com\/wp-content\/uploads\/2020\/03\/logo.png\",\"width\":188,\"height\":151,\"caption\":\"Salvem Sa Badia de Portmany\"},\"image\":{\"@id\":\"https:\/\/www.salvemsabadia.com\/#\/schema\/logo\/image\/\"}},{\"@type\":\"Person\",\"@id\":\"https:\/\/www.salvemsabadia.com\/#\/schema\/person\/5d08c5118adcb4140d13bde4826ba122\",\"name\":\"Salvem sa Badia\",\"image\":{\"@type\":\"ImageObject\",\"inLanguage\":\"es\",\"@id\":\"https:\/\/www.salvemsabadia.com\/#\/schema\/person\/image\/\",\"url\":\"https:\/\/secure.gravatar.com\/avatar\/d569ee5739a9c7022470ea472c9b4b9cf476e15f1be71e5242c911d673d14ad9?s=96&d=mm&r=g\",\"contentUrl\":\"https:\/\/secure.gravatar.com\/avatar\/d569ee5739a9c7022470ea472c9b4b9cf476e15f1be71e5242c911d673d14ad9?s=96&d=mm&r=g\",\"caption\":\"Salvem sa Badia\"}}]}<\/script>\n<!-- \/ Yoast SEO plugin. -->","yoast_head_json":{"title":"El pirata del fondeo ilegal de Porroig sigue actuando impunemente, pese a la investigaci\u00f3n de la Guardia Civil - Salvem Sa Badia de Portmany","robots":{"index":"index","follow":"follow","max-snippet":"max-snippet:-1","max-image-preview":"max-image-preview:large","max-video-preview":"max-video-preview:-1"},"canonical":"https:\/\/www.salvemsabadia.com\/el-pirata-del-fondeig-illegal-de-porroig-continua-actuant-impunement-malgrat-la-recerca-de-la-guardia-civil\/","og_locale":"es_ES","og_type":"article","og_title":"El pirata del fondeo ilegal de Porroig sigue actuando impunemente, pese a la investigaci\u00f3n de la Guardia Civil - Salvem Sa Badia de Portmany","og_description":"Salvem Sa Badia de Portmany ha tenido acceso a una serie de v\u00eddeos e im\u00e1genes tomados ayer, domingo, en los que puede apreciarse como el individuo que se ha apropiado...","og_url":"https:\/\/www.salvemsabadia.com\/el-pirata-del-fondeig-illegal-de-porroig-continua-actuant-impunement-malgrat-la-recerca-de-la-guardia-civil\/","og_site_name":"Salvem Sa Badia de Portmany","article_published_time":"2022-08-15T11:31:53+00:00","article_modified_time":"2022-08-15T11:36:34+00:00","og_image":[{"width":1600,"height":736,"url":"https:\/\/www.salvemsabadia.com\/wp-content\/uploads\/2022\/08\/WhatsApp-Image-2022-08-15-at-10.59.53-AM.jpeg","type":"image\/jpeg"}],"author":"Salvem sa Badia","twitter_card":"summary_large_image","twitter_misc":{"Escrito por":"Salvem sa Badia","Tiempo de lectura":"4 minutos"},"schema":{"@context":"https:\/\/schema.org","@graph":[{"@type":"Article","@id":"https:\/\/www.salvemsabadia.com\/el-pirata-del-fondeig-illegal-de-porroig-continua-actuant-impunement-malgrat-la-recerca-de-la-guardia-civil\/#article","isPartOf":{"@id":"https:\/\/www.salvemsabadia.com\/el-pirata-del-fondeig-illegal-de-porroig-continua-actuant-impunement-malgrat-la-recerca-de-la-guardia-civil\/"},"author":{"name":"Salvem sa Badia","@id":"https:\/\/www.salvemsabadia.com\/#\/schema\/person\/5d08c5118adcb4140d13bde4826ba122"},"headline":"El pirata del fondeo ilegal de Porroig sigue actuando impunemente, pese a la investigaci\u00f3n de la Guardia Civil","datePublished":"2022-08-15T11:31:53+00:00","dateModified":"2022-08-15T11:36:34+00:00","mainEntityOfPage":{"@id":"https:\/\/www.salvemsabadia.com\/el-pirata-del-fondeig-illegal-de-porroig-continua-actuant-impunement-malgrat-la-recerca-de-la-guardia-civil\/"},"wordCount":856,"commentCount":0,"publisher":{"@id":"https:\/\/www.salvemsabadia.com\/#organization"},"image":{"@id":"https:\/\/www.salvemsabadia.com\/el-pirata-del-fondeig-illegal-de-porroig-continua-actuant-impunement-malgrat-la-recerca-de-la-guardia-civil\/#primaryimage"},"thumbnailUrl":"https:\/\/www.salvemsabadia.com\/wp-content\/uploads\/2022\/08\/WhatsApp-Image-2022-08-15-at-10.59.53-AM.jpeg","articleSection":["Destacado","Fondeo irregular","Piti\u00fcses","Posidonia"],"inLanguage":"es","potentialAction":[{"@type":"CommentAction","name":"Comment","target":["https:\/\/www.salvemsabadia.com\/el-pirata-del-fondeig-illegal-de-porroig-continua-actuant-impunement-malgrat-la-recerca-de-la-guardia-civil\/#respond"]}]},{"@type":"WebPage","@id":"https:\/\/www.salvemsabadia.com\/el-pirata-del-fondeig-illegal-de-porroig-continua-actuant-impunement-malgrat-la-recerca-de-la-guardia-civil\/","url":"https:\/\/www.salvemsabadia.com\/el-pirata-del-fondeig-illegal-de-porroig-continua-actuant-impunement-malgrat-la-recerca-de-la-guardia-civil\/","name":"El pirata del fondeo ilegal de Porroig sigue actuando impunemente, pese a la investigaci\u00f3n de la Guardia Civil - Salvem Sa Badia de Portmany","isPartOf":{"@id":"https:\/\/www.salvemsabadia.com\/#website"},"primaryImageOfPage":{"@id":"https:\/\/www.salvemsabadia.com\/el-pirata-del-fondeig-illegal-de-porroig-continua-actuant-impunement-malgrat-la-recerca-de-la-guardia-civil\/#primaryimage"},"image":{"@id":"https:\/\/www.salvemsabadia.com\/el-pirata-del-fondeig-illegal-de-porroig-continua-actuant-impunement-malgrat-la-recerca-de-la-guardia-civil\/#primaryimage"},"thumbnailUrl":"https:\/\/www.salvemsabadia.com\/wp-content\/uploads\/2022\/08\/WhatsApp-Image-2022-08-15-at-10.59.53-AM.jpeg","datePublished":"2022-08-15T11:31:53+00:00","dateModified":"2022-08-15T11:36:34+00:00","breadcrumb":{"@id":"https:\/\/www.salvemsabadia.com\/el-pirata-del-fondeig-illegal-de-porroig-continua-actuant-impunement-malgrat-la-recerca-de-la-guardia-civil\/#breadcrumb"},"inLanguage":"es","potentialAction":[{"@type":"ReadAction","target":["https:\/\/www.salvemsabadia.com\/el-pirata-del-fondeig-illegal-de-porroig-continua-actuant-impunement-malgrat-la-recerca-de-la-guardia-civil\/"]}]},{"@type":"ImageObject","inLanguage":"es","@id":"https:\/\/www.salvemsabadia.com\/el-pirata-del-fondeig-illegal-de-porroig-continua-actuant-impunement-malgrat-la-recerca-de-la-guardia-civil\/#primaryimage","url":"https:\/\/www.salvemsabadia.com\/wp-content\/uploads\/2022\/08\/WhatsApp-Image-2022-08-15-at-10.59.53-AM.jpeg","contentUrl":"https:\/\/www.salvemsabadia.com\/wp-content\/uploads\/2022\/08\/WhatsApp-Image-2022-08-15-at-10.59.53-AM.jpeg","width":1600,"height":736},{"@type":"BreadcrumbList","@id":"https:\/\/www.salvemsabadia.com\/el-pirata-del-fondeig-illegal-de-porroig-continua-actuant-impunement-malgrat-la-recerca-de-la-guardia-civil\/#breadcrumb","itemListElement":[{"@type":"ListItem","position":1,"name":"Portada","item":"https:\/\/www.salvemsabadia.com\/es\/"},{"@type":"ListItem","position":2,"name":"El pirata del fondeo ilegal de Porroig sigue actuando impunemente, pese a la investigaci\u00f3n de la Guardia Civil"}]},{"@type":"WebSite","@id":"https:\/\/www.salvemsabadia.com\/#website","url":"https:\/\/www.salvemsabadia.com\/","name":"Salvem Sa Badia de Portmany","description":"","publisher":{"@id":"https:\/\/www.salvemsabadia.com\/#organization"},"potentialAction":[{"@type":"SearchAction","target":{"@type":"EntryPoint","urlTemplate":"https:\/\/www.salvemsabadia.com\/?s={search_term_string}"},"query-input":{"@type":"PropertyValueSpecification","valueRequired":true,"valueName":"search_term_string"}}],"inLanguage":"es"},{"@type":"Organization","@id":"https:\/\/www.salvemsabadia.com\/#organization","name":"Salvem Sa Badia de Portmany","url":"https:\/\/www.salvemsabadia.com\/","logo":{"@type":"ImageObject","inLanguage":"es","@id":"https:\/\/www.salvemsabadia.com\/#\/schema\/logo\/image\/","url":"https:\/\/www.salvemsabadia.com\/wp-content\/uploads\/2020\/03\/logo.png","contentUrl":"https:\/\/www.salvemsabadia.com\/wp-content\/uploads\/2020\/03\/logo.png","width":188,"height":151,"caption":"Salvem Sa Badia de Portmany"},"image":{"@id":"https:\/\/www.salvemsabadia.com\/#\/schema\/logo\/image\/"}},{"@type":"Person","@id":"https:\/\/www.salvemsabadia.com\/#\/schema\/person\/5d08c5118adcb4140d13bde4826ba122","name":"Salvem sa Badia","image":{"@type":"ImageObject","inLanguage":"es","@id":"https:\/\/www.salvemsabadia.com\/#\/schema\/person\/image\/","url":"https:\/\/secure.gravatar.com\/avatar\/d569ee5739a9c7022470ea472c9b4b9cf476e15f1be71e5242c911d673d14ad9?s=96&d=mm&r=g","contentUrl":"https:\/\/secure.gravatar.com\/avatar\/d569ee5739a9c7022470ea472c9b4b9cf476e15f1be71e5242c911d673d14ad9?s=96&d=mm&r=g","caption":"Salvem sa Badia"}}]}},"_links":{"self":[{"href":"https:\/\/www.salvemsabadia.com\/es\/wp-json\/wp\/v2\/posts\/3904","targetHints":{"allow":["GET"]}}],"collection":[{"href":"https:\/\/www.salvemsabadia.com\/es\/wp-json\/wp\/v2\/posts"}],"about":[{"href":"https:\/\/www.salvemsabadia.com\/es\/wp-json\/wp\/v2\/types\/post"}],"author":[{"embeddable":true,"href":"https:\/\/www.salvemsabadia.com\/es\/wp-json\/wp\/v2\/users\/2"}],"replies":[{"embeddable":true,"href":"https:\/\/www.salvemsabadia.com\/es\/wp-json\/wp\/v2\/comments?post=3904"}],"version-history":[{"count":0,"href":"https:\/\/www.salvemsabadia.com\/es\/wp-json\/wp\/v2\/posts\/3904\/revisions"}],"wp:featuredmedia":[{"embeddable":true,"href":"https:\/\/www.salvemsabadia.com\/es\/wp-json\/wp\/v2\/media\/3909"}],"wp:attachment":[{"href":"https:\/\/www.salvemsabadia.com\/es\/wp-json\/wp\/v2\/media?parent=3904"}],"wp:term":[{"taxonomy":"category","embeddable":true,"href":"https:\/\/www.salvemsabadia.com\/es\/wp-json\/wp\/v2\/categories?post=3904"},{"taxonomy":"post_tag","embeddable":true,"href":"https:\/\/www.salvemsabadia.com\/es\/wp-json\/wp\/v2\/tags?post=3904"}],"curies":[{"name":"wp","href":"https:\/\/api.w.org\/{rel}","templated":true}]}}