{"id":4067,"date":"2022-08-31T10:35:23","date_gmt":"2022-08-31T08:35:23","guid":{"rendered":"https:\/\/www.salvemsabadia.com\/?p=4067"},"modified":"2022-08-31T10:35:23","modified_gmt":"2022-08-31T08:35:23","slug":"concierto-de-la-cantante-ibicenca-angela-cervantes-y-el-contrabajista-manel-fortia-en-el-festival-badia-de-portmany","status":"publish","type":"post","link":"https:\/\/www.salvemsabadia.com\/es\/concierto-de-la-cantante-ibicenca-angela-cervantes-y-el-contrabajista-manel-fortia-en-el-festival-badia-de-portmany\/","title":{"rendered":"Concierto de la cantante ibicenca \u00c1ngela Cervantes y el contrabajista Manel Forti\u00e0, en el Festival Badia de Portmany"},"content":{"rendered":"<p><img loading=\"lazy\" decoding=\"async\" class=\"alignnone wp-image-4068 size-full\" src=\"https:\/\/www.salvemsabadia.com\/wp-content\/uploads\/2022\/08\/A\u0301ngela-Cervantes-scaled.jpg\" alt=\"\" width=\"2560\" height=\"1709\" srcset=\"https:\/\/www.salvemsabadia.com\/wp-content\/uploads\/2022\/08\/A\u0301ngela-Cervantes-scaled.jpg 2560w, https:\/\/www.salvemsabadia.com\/wp-content\/uploads\/2022\/08\/A\u0301ngela-Cervantes-300x200.jpg 300w, https:\/\/www.salvemsabadia.com\/wp-content\/uploads\/2022\/08\/A\u0301ngela-Cervantes-1024x684.jpg 1024w, https:\/\/www.salvemsabadia.com\/wp-content\/uploads\/2022\/08\/A\u0301ngela-Cervantes-768x513.jpg 768w, https:\/\/www.salvemsabadia.com\/wp-content\/uploads\/2022\/08\/A\u0301ngela-Cervantes-1536x1025.jpg 1536w, https:\/\/www.salvemsabadia.com\/wp-content\/uploads\/2022\/08\/A\u0301ngela-Cervantes-2048x1367.jpg 2048w, https:\/\/www.salvemsabadia.com\/wp-content\/uploads\/2022\/08\/A\u0301ngela-Cervantes-900x600.jpg 900w\" sizes=\"auto, (max-width: 2560px) 100vw, 2560px\" \/>Este s\u00e1bado, 3 de septiembre, a partir de las 20 horas, se retoma el Festival Badia de Portmany, tras el descanso por las fiestas de Sant Agust\u00ed, con uno de los carteles m\u00e1s singulares del certamen, encabezado por \u00c1ngela Cervantes. La voz ibicenca con mayor proyecci\u00f3n internacional actuar\u00e1 acompa\u00f1ada del gran contrabajista catal\u00e1n Manel Forti\u00e0 y juntos ofrecer\u00e1n el espect\u00e1culo \u2018Arrels d\u2019Ara\u2019, con un repertorio de canciones ibicencas y algunos temas de Maria del Mar Bonet y de Aires Formenterencs.<\/p>\n<p>Como es habitual en este festival, los asistentes tambi\u00e9n disfrutar\u00e1n de la posibilidad de conocer de primera mano la biodiversidad de la bah\u00eda de Portmany y su entorno. Tambi\u00e9n vuelven los <em>food trucks<\/em> de Fun &amp; Trucks, con comida callejera del mundo, y dos impactantes exposiciones de fotograf\u00eda siguen en exhibici\u00f3n: \u2018Road to Synesthesia\u2019, con im\u00e1genes de conciertos de Joan F. Ribas, y \u2018Biodiversitat a la Badia de Portmany i els Illots de Ponent\u2019, una muestra digital de varios autores que podr\u00e1 contemplarse a trav\u00e9s de pantallas instaladas en el exterior del recinto.<\/p>\n<p>Cervantes se ha formado con importantes maestros y ha participado en proyectos de gran relevancia internacional y con giras mundiales, como el espect\u00e1culo de gospel y world music liderado por Emmanuel Djob \u2018The Black &amp; White Xperience\u2019, la Compa\u00f1\u00eda de Danza Antonio Najarro con el trabajo \u2018Jazzing Flamenco\u2019 o el tributo a Pink Floyd que realiz\u00f3 la magn\u00edfica banda de Liverpool Brit Floyd, en la que \u00c1ngela daba vida al espectacular solo de Clare Torry. Ya asentada en Madrid, inicia una carrera en solitario con un primer trabajo discogr\u00e1fico de gran \u00e9xito: <em>En esta orilla de Drexler<\/em> (2013). A este le sigui\u00f3 <em>Recordando a Ella Fitzgerald y Joe Pass<\/em> (2014), grabado a d\u00fao con Chema Saiz, y <em>Camino a Santa Clara\u2026 Por 50 a\u00f1os m\u00e1s con los Fakires<\/em> (2016), donde materializ\u00f3 el sue\u00f1o de reencontrarse con las canciones cubanas que le cantaba su abuela. En 2021 estren\u00f3 nuevo disco junto al famoso pianista cubano Pepe Rivero, <em>Olas y arenas<\/em>, centrado en la figura de Sylvia Rexach.<\/p>\n<p>El gerundense Manel Forti\u00e0, por su parte, es un innovador del contrabajo, un gran int\u00e9rprete y un excelente compositor, cuya forma de tocar hace posible que la voz de \u00c1ngela Cervantes a\u00fan pueda lucir m\u00e1s. Ha tocado con leyendas del jazz como Dave Liebman, Chris Cheek, Eliot Zigmund, Bill McHenry, Ari Hoenig, Arturo O\u2019Farrill, Chano Dominguez, Stephane Belmondo, Scott Hamilton, Dena Deros o Perico Sambeat.<\/p>\n<p>El espect\u00e1culo \u2018Arrels d\u2019Ara\u2019 se enmarca en el proyecto \u2018Units pel nostre parlar\u2019, que el Ayuntamiento de Sant Josep impulsa para promover el conocimiento del patrimonio ling\u00fc\u00edstico y cultural de Ibiza.<\/p>\n<p>Como es habitual en el festival, los minutos de descanso entre los dos pases de la actuaci\u00f3n musical se aprovechar\u00e1n para ofrecer informaci\u00f3n sobre cuestiones ambientales, la riqueza biol\u00f3gica de la bah\u00eda y su entorno y los peligros que la amenazan. En esta ocasi\u00f3n, participar\u00e1, la entidad Tursiops, que investiga a los cet\u00e1ceos en la bah\u00eda de Portmany y otros entornos de Balears.<\/p>\n<p>La exposici\u00f3n \u2018Biodiversitat a la Badia de Portmany i els Illots de Ponent\u2019, por su parte, va acompa\u00f1ada del siguiente eslogan: \u201cNo es pot cuidar el que no s&#8217;estima, no es pot estimar el que no es coneix\u201d. Pretende concienciar sobre la importancia de los ecosistemas y la biodiversidad que alberga la bah\u00eda y la necesidad de protegerlos. La componen docenas de fotograf\u00edas tomadas por diversos autores y se proyectar\u00e1n mediante tres pantallas repartidas por distintas zonas del recinto cultural. Esta muestra ha podido celebrarse gracias a la colaboraci\u00f3n de la Associaci\u00f3 de Fotografia de Natura de les Illes Balears (Afonib), Lupita Faet y Arenal Diving, que han cedido un material fotogr\u00e1fico de extraordinaria calidad.<\/p>\n<p>Por su parte, la exposici\u00f3n de fotograf\u00eda musical \u2018Road to Synesthesia\u2019, de Joan F. Ribas, incluye m\u00e1s de 40 im\u00e1genes de gran formato tomadas en conciertos en la isla y fuera de ella, que reflejan la fuerza y la energ\u00eda del directo, con comentarios de los artistas que protagonizan las im\u00e1genes. Permanecer\u00e1 abierta hasta el 11 de septiembre.<\/p>\n<p><strong>Festival Badia de Portmany<\/strong><\/p>\n<p>Cabe recordar que el objetivo del Festival Badia de Portmany es vincular la cultura y la m\u00fasica con la protecci\u00f3n de la naturaleza, concienciar a trav\u00e9s del arte sobre la necesidad de proteger el medio marino y sus ecosistemas, y ofrecer un programa de espect\u00e1culos que atraiga al p\u00fablico de la bah\u00eda y de toda la isla a este nuevo recinto, que precisamente se puso en marcha con la primera edici\u00f3n del certamen. Lo organizan el Ayuntamiento de Sant Josep, Fun &amp; Trucks y Salvem Sa Badia de Portmany.<\/p>\n<p>Por esta segunda temporada ya han pasado artistas como el grupo internacional de jazz Tony Tixier Trio; Martirio, Ra\u00fal Rodr\u00edguez y otros artistas que formaban parte del programa de las Jornadas Flamencas de Cal\u00f3 de s\u2019Oli, el famoso grupo andaluz O\u2019Funk\u2019illo, el cantante murciano \u2018Muerdo\u2019, el alem\u00e1n Mo Brandis con su d\u00fao Kamobii y el grupo The Experimental Kids, el guitarrista ingl\u00e9s Chris Lee &amp; The Mojo Stand y las bandas locales Hostal Pascual, S\u00f6nic y Los Bichos del Espacio.<\/p>\n<p>Para el \u00faltimo concierto del festival, que tendr\u00e1 lugar el s\u00e1bado 10 de septiembre, est\u00e1 prevista una de las bandas m\u00e1s atractivas de todo el cartel: Amparanoia, formaci\u00f3n liderada por Amparo S\u00e1nchez y que surgi\u00f3 en el barrio madrile\u00f1o de Lavapi\u00e9s.<\/p>\n<p><img loading=\"lazy\" decoding=\"async\" class=\"alignnone wp-image-4070 size-full\" src=\"https:\/\/www.salvemsabadia.com\/wp-content\/uploads\/2022\/08\/angela-cervantes_page-0001.jpg\" alt=\"\" width=\"1890\" height=\"1890\" srcset=\"https:\/\/www.salvemsabadia.com\/wp-content\/uploads\/2022\/08\/angela-cervantes_page-0001.jpg 1890w, https:\/\/www.salvemsabadia.com\/wp-content\/uploads\/2022\/08\/angela-cervantes_page-0001-300x300.jpg 300w, https:\/\/www.salvemsabadia.com\/wp-content\/uploads\/2022\/08\/angela-cervantes_page-0001-1024x1024.jpg 1024w, https:\/\/www.salvemsabadia.com\/wp-content\/uploads\/2022\/08\/angela-cervantes_page-0001-150x150.jpg 150w, https:\/\/www.salvemsabadia.com\/wp-content\/uploads\/2022\/08\/angela-cervantes_page-0001-768x768.jpg 768w, https:\/\/www.salvemsabadia.com\/wp-content\/uploads\/2022\/08\/angela-cervantes_page-0001-1536x1536.jpg 1536w, https:\/\/www.salvemsabadia.com\/wp-content\/uploads\/2022\/08\/angela-cervantes_page-0001-100x100.jpg 100w, https:\/\/www.salvemsabadia.com\/wp-content\/uploads\/2022\/08\/angela-cervantes_page-0001-140x140.jpg 140w, https:\/\/www.salvemsabadia.com\/wp-content\/uploads\/2022\/08\/angela-cervantes_page-0001-500x500.jpg 500w, https:\/\/www.salvemsabadia.com\/wp-content\/uploads\/2022\/08\/angela-cervantes_page-0001-350x350.jpg 350w, https:\/\/www.salvemsabadia.com\/wp-content\/uploads\/2022\/08\/angela-cervantes_page-0001-1000x1000.jpg 1000w, https:\/\/www.salvemsabadia.com\/wp-content\/uploads\/2022\/08\/angela-cervantes_page-0001-800x800.jpg 800w\" sizes=\"auto, (max-width: 1890px) 100vw, 1890px\" \/><\/p>\n","protected":false},"excerpt":{"rendered":"<p>Este s\u00e1bado, 3 de septiembre, a partir de las 20 horas, se retoma el Festival Badia de Portmany, tras el descanso por las fiestas de Sant Agust\u00ed, con uno de&#8230;<\/p>\n","protected":false},"author":2,"featured_media":4068,"comment_status":"open","ping_status":"open","sticky":false,"template":"","format":"standard","meta":{"give_campaign_id":0,"footnotes":""},"categories":[201,205,106,10],"tags":[],"class_list":{"0":"post-4067","1":"post","2":"type-post","3":"status-publish","4":"format-standard","5":"has-post-thumbnail","7":"category-biodiversidad","8":"category-cultura","9":"category-destacado","10":"category-salvem-sa-badia"},"yoast_head":"<!-- This site is optimized with the Yoast SEO plugin v26.8 - https:\/\/yoast.com\/product\/yoast-seo-wordpress\/ -->\n<title>Concierto de la cantante ibicenca \u00c1ngela Cervantes y el contrabajista Manel Forti\u00e0, en el Festival Badia de Portmany - Salvem Sa Badia de Portmany<\/title>\n<meta name=\"robots\" content=\"index, follow, max-snippet:-1, max-image-preview:large, max-video-preview:-1\" \/>\n<link rel=\"canonical\" href=\"https:\/\/www.salvemsabadia.com\/concert-de-la-cantant-eivissenca-angela-cervantes-i-el-contrabaixista-manel-fortia-al-festival-badia-de-portmany\/\" \/>\n<meta property=\"og:locale\" content=\"es_ES\" \/>\n<meta property=\"og:type\" content=\"article\" \/>\n<meta property=\"og:title\" content=\"Concierto de la cantante ibicenca \u00c1ngela Cervantes y el contrabajista Manel Forti\u00e0, en el Festival Badia de Portmany - Salvem Sa Badia de Portmany\" \/>\n<meta property=\"og:description\" content=\"Este s\u00e1bado, 3 de septiembre, a partir de las 20 horas, se retoma el Festival Badia de Portmany, tras el descanso por las fiestas de Sant Agust\u00ed, con uno de...\" \/>\n<meta property=\"og:url\" content=\"https:\/\/www.salvemsabadia.com\/concert-de-la-cantant-eivissenca-angela-cervantes-i-el-contrabaixista-manel-fortia-al-festival-badia-de-portmany\/\" \/>\n<meta property=\"og:site_name\" content=\"Salvem Sa Badia de Portmany\" \/>\n<meta property=\"article:published_time\" content=\"2022-08-31T08:35:23+00:00\" \/>\n<meta property=\"og:image\" content=\"https:\/\/www.salvemsabadia.com\/wp-content\/uploads\/2022\/08\/A\u0301ngela-Cervantes-scaled.jpg\" \/>\n\t<meta property=\"og:image:width\" content=\"2560\" \/>\n\t<meta property=\"og:image:height\" content=\"1709\" \/>\n\t<meta property=\"og:image:type\" content=\"image\/jpeg\" \/>\n<meta name=\"author\" content=\"Salvem sa Badia\" \/>\n<meta name=\"twitter:card\" content=\"summary_large_image\" \/>\n<meta name=\"twitter:label1\" content=\"Escrito por\" \/>\n\t<meta name=\"twitter:data1\" content=\"Salvem sa Badia\" \/>\n\t<meta name=\"twitter:label2\" content=\"Tiempo de lectura\" \/>\n\t<meta name=\"twitter:data2\" content=\"5 minutos\" \/>\n<script type=\"application\/ld+json\" class=\"yoast-schema-graph\">{\"@context\":\"https:\/\/schema.org\",\"@graph\":[{\"@type\":\"Article\",\"@id\":\"https:\/\/www.salvemsabadia.com\/concert-de-la-cantant-eivissenca-angela-cervantes-i-el-contrabaixista-manel-fortia-al-festival-badia-de-portmany\/#article\",\"isPartOf\":{\"@id\":\"https:\/\/www.salvemsabadia.com\/concert-de-la-cantant-eivissenca-angela-cervantes-i-el-contrabaixista-manel-fortia-al-festival-badia-de-portmany\/\"},\"author\":{\"name\":\"Salvem sa Badia\",\"@id\":\"https:\/\/www.salvemsabadia.com\/#\/schema\/person\/5d08c5118adcb4140d13bde4826ba122\"},\"headline\":\"Concierto de la cantante ibicenca \u00c1ngela Cervantes y el contrabajista Manel Forti\u00e0, en el Festival Badia de Portmany\",\"datePublished\":\"2022-08-31T08:35:23+00:00\",\"mainEntityOfPage\":{\"@id\":\"https:\/\/www.salvemsabadia.com\/concert-de-la-cantant-eivissenca-angela-cervantes-i-el-contrabaixista-manel-fortia-al-festival-badia-de-portmany\/\"},\"wordCount\":968,\"commentCount\":0,\"publisher\":{\"@id\":\"https:\/\/www.salvemsabadia.com\/#organization\"},\"image\":{\"@id\":\"https:\/\/www.salvemsabadia.com\/concert-de-la-cantant-eivissenca-angela-cervantes-i-el-contrabaixista-manel-fortia-al-festival-badia-de-portmany\/#primaryimage\"},\"thumbnailUrl\":\"https:\/\/www.salvemsabadia.com\/wp-content\/uploads\/2022\/08\/A\u0301ngela-Cervantes-scaled.jpg\",\"articleSection\":[\"Biodiversidad\",\"Cultura\",\"Destacado\",\"Salvem Sa Badia\"],\"inLanguage\":\"es\",\"potentialAction\":[{\"@type\":\"CommentAction\",\"name\":\"Comment\",\"target\":[\"https:\/\/www.salvemsabadia.com\/concert-de-la-cantant-eivissenca-angela-cervantes-i-el-contrabaixista-manel-fortia-al-festival-badia-de-portmany\/#respond\"]}]},{\"@type\":\"WebPage\",\"@id\":\"https:\/\/www.salvemsabadia.com\/concert-de-la-cantant-eivissenca-angela-cervantes-i-el-contrabaixista-manel-fortia-al-festival-badia-de-portmany\/\",\"url\":\"https:\/\/www.salvemsabadia.com\/concert-de-la-cantant-eivissenca-angela-cervantes-i-el-contrabaixista-manel-fortia-al-festival-badia-de-portmany\/\",\"name\":\"Concierto de la cantante ibicenca \u00c1ngela Cervantes y el contrabajista Manel Forti\u00e0, en el Festival Badia de Portmany - Salvem Sa Badia de Portmany\",\"isPartOf\":{\"@id\":\"https:\/\/www.salvemsabadia.com\/#website\"},\"primaryImageOfPage\":{\"@id\":\"https:\/\/www.salvemsabadia.com\/concert-de-la-cantant-eivissenca-angela-cervantes-i-el-contrabaixista-manel-fortia-al-festival-badia-de-portmany\/#primaryimage\"},\"image\":{\"@id\":\"https:\/\/www.salvemsabadia.com\/concert-de-la-cantant-eivissenca-angela-cervantes-i-el-contrabaixista-manel-fortia-al-festival-badia-de-portmany\/#primaryimage\"},\"thumbnailUrl\":\"https:\/\/www.salvemsabadia.com\/wp-content\/uploads\/2022\/08\/A\u0301ngela-Cervantes-scaled.jpg\",\"datePublished\":\"2022-08-31T08:35:23+00:00\",\"breadcrumb\":{\"@id\":\"https:\/\/www.salvemsabadia.com\/concert-de-la-cantant-eivissenca-angela-cervantes-i-el-contrabaixista-manel-fortia-al-festival-badia-de-portmany\/#breadcrumb\"},\"inLanguage\":\"es\",\"potentialAction\":[{\"@type\":\"ReadAction\",\"target\":[\"https:\/\/www.salvemsabadia.com\/concert-de-la-cantant-eivissenca-angela-cervantes-i-el-contrabaixista-manel-fortia-al-festival-badia-de-portmany\/\"]}]},{\"@type\":\"ImageObject\",\"inLanguage\":\"es\",\"@id\":\"https:\/\/www.salvemsabadia.com\/concert-de-la-cantant-eivissenca-angela-cervantes-i-el-contrabaixista-manel-fortia-al-festival-badia-de-portmany\/#primaryimage\",\"url\":\"https:\/\/www.salvemsabadia.com\/wp-content\/uploads\/2022\/08\/A\u0301ngela-Cervantes-scaled.jpg\",\"contentUrl\":\"https:\/\/www.salvemsabadia.com\/wp-content\/uploads\/2022\/08\/A\u0301ngela-Cervantes-scaled.jpg\",\"width\":2560,\"height\":1709},{\"@type\":\"BreadcrumbList\",\"@id\":\"https:\/\/www.salvemsabadia.com\/concert-de-la-cantant-eivissenca-angela-cervantes-i-el-contrabaixista-manel-fortia-al-festival-badia-de-portmany\/#breadcrumb\",\"itemListElement\":[{\"@type\":\"ListItem\",\"position\":1,\"name\":\"Portada\",\"item\":\"https:\/\/www.salvemsabadia.com\/es\/\"},{\"@type\":\"ListItem\",\"position\":2,\"name\":\"Concierto de la cantante ibicenca \u00c1ngela Cervantes y el contrabajista Manel Forti\u00e0, en el Festival Badia de Portmany\"}]},{\"@type\":\"WebSite\",\"@id\":\"https:\/\/www.salvemsabadia.com\/#website\",\"url\":\"https:\/\/www.salvemsabadia.com\/\",\"name\":\"Salvem Sa Badia de Portmany\",\"description\":\"\",\"publisher\":{\"@id\":\"https:\/\/www.salvemsabadia.com\/#organization\"},\"potentialAction\":[{\"@type\":\"SearchAction\",\"target\":{\"@type\":\"EntryPoint\",\"urlTemplate\":\"https:\/\/www.salvemsabadia.com\/?s={search_term_string}\"},\"query-input\":{\"@type\":\"PropertyValueSpecification\",\"valueRequired\":true,\"valueName\":\"search_term_string\"}}],\"inLanguage\":\"es\"},{\"@type\":\"Organization\",\"@id\":\"https:\/\/www.salvemsabadia.com\/#organization\",\"name\":\"Salvem Sa Badia de Portmany\",\"url\":\"https:\/\/www.salvemsabadia.com\/\",\"logo\":{\"@type\":\"ImageObject\",\"inLanguage\":\"es\",\"@id\":\"https:\/\/www.salvemsabadia.com\/#\/schema\/logo\/image\/\",\"url\":\"https:\/\/www.salvemsabadia.com\/wp-content\/uploads\/2020\/03\/logo.png\",\"contentUrl\":\"https:\/\/www.salvemsabadia.com\/wp-content\/uploads\/2020\/03\/logo.png\",\"width\":188,\"height\":151,\"caption\":\"Salvem Sa Badia de Portmany\"},\"image\":{\"@id\":\"https:\/\/www.salvemsabadia.com\/#\/schema\/logo\/image\/\"}},{\"@type\":\"Person\",\"@id\":\"https:\/\/www.salvemsabadia.com\/#\/schema\/person\/5d08c5118adcb4140d13bde4826ba122\",\"name\":\"Salvem sa Badia\",\"image\":{\"@type\":\"ImageObject\",\"inLanguage\":\"es\",\"@id\":\"https:\/\/www.salvemsabadia.com\/#\/schema\/person\/image\/\",\"url\":\"https:\/\/secure.gravatar.com\/avatar\/d569ee5739a9c7022470ea472c9b4b9cf476e15f1be71e5242c911d673d14ad9?s=96&d=mm&r=g\",\"contentUrl\":\"https:\/\/secure.gravatar.com\/avatar\/d569ee5739a9c7022470ea472c9b4b9cf476e15f1be71e5242c911d673d14ad9?s=96&d=mm&r=g\",\"caption\":\"Salvem sa Badia\"}}]}<\/script>\n<!-- \/ Yoast SEO plugin. -->","yoast_head_json":{"title":"Concierto de la cantante ibicenca \u00c1ngela Cervantes y el contrabajista Manel Forti\u00e0, en el Festival Badia de Portmany - Salvem Sa Badia de Portmany","robots":{"index":"index","follow":"follow","max-snippet":"max-snippet:-1","max-image-preview":"max-image-preview:large","max-video-preview":"max-video-preview:-1"},"canonical":"https:\/\/www.salvemsabadia.com\/concert-de-la-cantant-eivissenca-angela-cervantes-i-el-contrabaixista-manel-fortia-al-festival-badia-de-portmany\/","og_locale":"es_ES","og_type":"article","og_title":"Concierto de la cantante ibicenca \u00c1ngela Cervantes y el contrabajista Manel Forti\u00e0, en el Festival Badia de Portmany - Salvem Sa Badia de Portmany","og_description":"Este s\u00e1bado, 3 de septiembre, a partir de las 20 horas, se retoma el Festival Badia de Portmany, tras el descanso por las fiestas de Sant Agust\u00ed, con uno de...","og_url":"https:\/\/www.salvemsabadia.com\/concert-de-la-cantant-eivissenca-angela-cervantes-i-el-contrabaixista-manel-fortia-al-festival-badia-de-portmany\/","og_site_name":"Salvem Sa Badia de Portmany","article_published_time":"2022-08-31T08:35:23+00:00","og_image":[{"width":2560,"height":1709,"url":"https:\/\/www.salvemsabadia.com\/wp-content\/uploads\/2022\/08\/A\u0301ngela-Cervantes-scaled.jpg","type":"image\/jpeg"}],"author":"Salvem sa Badia","twitter_card":"summary_large_image","twitter_misc":{"Escrito por":"Salvem sa Badia","Tiempo de lectura":"5 minutos"},"schema":{"@context":"https:\/\/schema.org","@graph":[{"@type":"Article","@id":"https:\/\/www.salvemsabadia.com\/concert-de-la-cantant-eivissenca-angela-cervantes-i-el-contrabaixista-manel-fortia-al-festival-badia-de-portmany\/#article","isPartOf":{"@id":"https:\/\/www.salvemsabadia.com\/concert-de-la-cantant-eivissenca-angela-cervantes-i-el-contrabaixista-manel-fortia-al-festival-badia-de-portmany\/"},"author":{"name":"Salvem sa Badia","@id":"https:\/\/www.salvemsabadia.com\/#\/schema\/person\/5d08c5118adcb4140d13bde4826ba122"},"headline":"Concierto de la cantante ibicenca \u00c1ngela Cervantes y el contrabajista Manel Forti\u00e0, en el Festival Badia de Portmany","datePublished":"2022-08-31T08:35:23+00:00","mainEntityOfPage":{"@id":"https:\/\/www.salvemsabadia.com\/concert-de-la-cantant-eivissenca-angela-cervantes-i-el-contrabaixista-manel-fortia-al-festival-badia-de-portmany\/"},"wordCount":968,"commentCount":0,"publisher":{"@id":"https:\/\/www.salvemsabadia.com\/#organization"},"image":{"@id":"https:\/\/www.salvemsabadia.com\/concert-de-la-cantant-eivissenca-angela-cervantes-i-el-contrabaixista-manel-fortia-al-festival-badia-de-portmany\/#primaryimage"},"thumbnailUrl":"https:\/\/www.salvemsabadia.com\/wp-content\/uploads\/2022\/08\/A\u0301ngela-Cervantes-scaled.jpg","articleSection":["Biodiversidad","Cultura","Destacado","Salvem Sa Badia"],"inLanguage":"es","potentialAction":[{"@type":"CommentAction","name":"Comment","target":["https:\/\/www.salvemsabadia.com\/concert-de-la-cantant-eivissenca-angela-cervantes-i-el-contrabaixista-manel-fortia-al-festival-badia-de-portmany\/#respond"]}]},{"@type":"WebPage","@id":"https:\/\/www.salvemsabadia.com\/concert-de-la-cantant-eivissenca-angela-cervantes-i-el-contrabaixista-manel-fortia-al-festival-badia-de-portmany\/","url":"https:\/\/www.salvemsabadia.com\/concert-de-la-cantant-eivissenca-angela-cervantes-i-el-contrabaixista-manel-fortia-al-festival-badia-de-portmany\/","name":"Concierto de la cantante ibicenca \u00c1ngela Cervantes y el contrabajista Manel Forti\u00e0, en el Festival Badia de Portmany - Salvem Sa Badia de Portmany","isPartOf":{"@id":"https:\/\/www.salvemsabadia.com\/#website"},"primaryImageOfPage":{"@id":"https:\/\/www.salvemsabadia.com\/concert-de-la-cantant-eivissenca-angela-cervantes-i-el-contrabaixista-manel-fortia-al-festival-badia-de-portmany\/#primaryimage"},"image":{"@id":"https:\/\/www.salvemsabadia.com\/concert-de-la-cantant-eivissenca-angela-cervantes-i-el-contrabaixista-manel-fortia-al-festival-badia-de-portmany\/#primaryimage"},"thumbnailUrl":"https:\/\/www.salvemsabadia.com\/wp-content\/uploads\/2022\/08\/A\u0301ngela-Cervantes-scaled.jpg","datePublished":"2022-08-31T08:35:23+00:00","breadcrumb":{"@id":"https:\/\/www.salvemsabadia.com\/concert-de-la-cantant-eivissenca-angela-cervantes-i-el-contrabaixista-manel-fortia-al-festival-badia-de-portmany\/#breadcrumb"},"inLanguage":"es","potentialAction":[{"@type":"ReadAction","target":["https:\/\/www.salvemsabadia.com\/concert-de-la-cantant-eivissenca-angela-cervantes-i-el-contrabaixista-manel-fortia-al-festival-badia-de-portmany\/"]}]},{"@type":"ImageObject","inLanguage":"es","@id":"https:\/\/www.salvemsabadia.com\/concert-de-la-cantant-eivissenca-angela-cervantes-i-el-contrabaixista-manel-fortia-al-festival-badia-de-portmany\/#primaryimage","url":"https:\/\/www.salvemsabadia.com\/wp-content\/uploads\/2022\/08\/A\u0301ngela-Cervantes-scaled.jpg","contentUrl":"https:\/\/www.salvemsabadia.com\/wp-content\/uploads\/2022\/08\/A\u0301ngela-Cervantes-scaled.jpg","width":2560,"height":1709},{"@type":"BreadcrumbList","@id":"https:\/\/www.salvemsabadia.com\/concert-de-la-cantant-eivissenca-angela-cervantes-i-el-contrabaixista-manel-fortia-al-festival-badia-de-portmany\/#breadcrumb","itemListElement":[{"@type":"ListItem","position":1,"name":"Portada","item":"https:\/\/www.salvemsabadia.com\/es\/"},{"@type":"ListItem","position":2,"name":"Concierto de la cantante ibicenca \u00c1ngela Cervantes y el contrabajista Manel Forti\u00e0, en el Festival Badia de Portmany"}]},{"@type":"WebSite","@id":"https:\/\/www.salvemsabadia.com\/#website","url":"https:\/\/www.salvemsabadia.com\/","name":"Salvem Sa Badia de Portmany","description":"","publisher":{"@id":"https:\/\/www.salvemsabadia.com\/#organization"},"potentialAction":[{"@type":"SearchAction","target":{"@type":"EntryPoint","urlTemplate":"https:\/\/www.salvemsabadia.com\/?s={search_term_string}"},"query-input":{"@type":"PropertyValueSpecification","valueRequired":true,"valueName":"search_term_string"}}],"inLanguage":"es"},{"@type":"Organization","@id":"https:\/\/www.salvemsabadia.com\/#organization","name":"Salvem Sa Badia de Portmany","url":"https:\/\/www.salvemsabadia.com\/","logo":{"@type":"ImageObject","inLanguage":"es","@id":"https:\/\/www.salvemsabadia.com\/#\/schema\/logo\/image\/","url":"https:\/\/www.salvemsabadia.com\/wp-content\/uploads\/2020\/03\/logo.png","contentUrl":"https:\/\/www.salvemsabadia.com\/wp-content\/uploads\/2020\/03\/logo.png","width":188,"height":151,"caption":"Salvem Sa Badia de Portmany"},"image":{"@id":"https:\/\/www.salvemsabadia.com\/#\/schema\/logo\/image\/"}},{"@type":"Person","@id":"https:\/\/www.salvemsabadia.com\/#\/schema\/person\/5d08c5118adcb4140d13bde4826ba122","name":"Salvem sa Badia","image":{"@type":"ImageObject","inLanguage":"es","@id":"https:\/\/www.salvemsabadia.com\/#\/schema\/person\/image\/","url":"https:\/\/secure.gravatar.com\/avatar\/d569ee5739a9c7022470ea472c9b4b9cf476e15f1be71e5242c911d673d14ad9?s=96&d=mm&r=g","contentUrl":"https:\/\/secure.gravatar.com\/avatar\/d569ee5739a9c7022470ea472c9b4b9cf476e15f1be71e5242c911d673d14ad9?s=96&d=mm&r=g","caption":"Salvem sa Badia"}}]}},"_links":{"self":[{"href":"https:\/\/www.salvemsabadia.com\/es\/wp-json\/wp\/v2\/posts\/4067","targetHints":{"allow":["GET"]}}],"collection":[{"href":"https:\/\/www.salvemsabadia.com\/es\/wp-json\/wp\/v2\/posts"}],"about":[{"href":"https:\/\/www.salvemsabadia.com\/es\/wp-json\/wp\/v2\/types\/post"}],"author":[{"embeddable":true,"href":"https:\/\/www.salvemsabadia.com\/es\/wp-json\/wp\/v2\/users\/2"}],"replies":[{"embeddable":true,"href":"https:\/\/www.salvemsabadia.com\/es\/wp-json\/wp\/v2\/comments?post=4067"}],"version-history":[{"count":0,"href":"https:\/\/www.salvemsabadia.com\/es\/wp-json\/wp\/v2\/posts\/4067\/revisions"}],"wp:featuredmedia":[{"embeddable":true,"href":"https:\/\/www.salvemsabadia.com\/es\/wp-json\/wp\/v2\/media\/4068"}],"wp:attachment":[{"href":"https:\/\/www.salvemsabadia.com\/es\/wp-json\/wp\/v2\/media?parent=4067"}],"wp:term":[{"taxonomy":"category","embeddable":true,"href":"https:\/\/www.salvemsabadia.com\/es\/wp-json\/wp\/v2\/categories?post=4067"},{"taxonomy":"post_tag","embeddable":true,"href":"https:\/\/www.salvemsabadia.com\/es\/wp-json\/wp\/v2\/tags?post=4067"}],"curies":[{"name":"wp","href":"https:\/\/api.w.org\/{rel}","templated":true}]}}