{"id":413,"date":"2020-06-01T12:03:33","date_gmt":"2020-06-01T10:03:33","guid":{"rendered":"https:\/\/www.salvemsabadia.com\/?p=413"},"modified":"2022-08-15T09:52:48","modified_gmt":"2022-08-15T07:52:48","slug":"sant-antoni-y-la-bahia-con-un-8315-registro-mayor-ocupacion-hotelera-en-la-temporada-de-2019-pese-a-que-no-llegaban-ferris-al-puerto","status":"publish","type":"post","link":"https:\/\/www.salvemsabadia.com\/es\/sant-antoni-y-la-bahia-con-un-8315-registro-mayor-ocupacion-hotelera-en-la-temporada-de-2019-pese-a-que-no-llegaban-ferris-al-puerto\/","title":{"rendered":"Sant Antoni y la bah\u00eda, con un 83,15%, registr\u00f3 mayor ocupaci\u00f3n hotelera en la temporada de 2019, pese a que no llegaban ferris al puerto"},"content":{"rendered":"<p><img loading=\"lazy\" decoding=\"async\" class=\"alignnone wp-image-414 size-full\" src=\"https:\/\/www.salvemsabadia.com\/wp-content\/uploads\/2020\/06\/DJI_0096-scaled.jpg\" alt=\"\" width=\"2560\" height=\"1920\" srcset=\"https:\/\/www.salvemsabadia.com\/wp-content\/uploads\/2020\/06\/DJI_0096-scaled.jpg 2560w, https:\/\/www.salvemsabadia.com\/wp-content\/uploads\/2020\/06\/DJI_0096-300x225.jpg 300w, https:\/\/www.salvemsabadia.com\/wp-content\/uploads\/2020\/06\/DJI_0096-1024x768.jpg 1024w, https:\/\/www.salvemsabadia.com\/wp-content\/uploads\/2020\/06\/DJI_0096-768x576.jpg 768w, https:\/\/www.salvemsabadia.com\/wp-content\/uploads\/2020\/06\/DJI_0096-1536x1152.jpg 1536w, https:\/\/www.salvemsabadia.com\/wp-content\/uploads\/2020\/06\/DJI_0096-2048x1536.jpg 2048w\" sizes=\"auto, (max-width: 2560px) 100vw, 2560px\" \/><\/p>\n<p>La zona de Sant Antoni y la bah\u00eda registr\u00f3 la pasada temporada una ocupaci\u00f3n media del 83,15%, superior en casi medio punto al 82,73% obtenida en 2018, seg\u00fan las cifras recopiladas por el sector hotelero pitiuso. Estos datos referidos a 2019 coinciden con la moratoria de tr\u00e1fico comercial en la bah\u00eda de Portmany aprobada por el Govern balear, que sin embargo no afect\u00f3 a las estad\u00edsticas de pernoctaciones de 2018, ya que durante esa temporada el servicio de ferris con la pen\u00ednsula funcion\u00f3 con normalidad.<\/p>\n<p>El dato a\u00fan resulta m\u00e1s determinante si se tiene en cuenta que la ocupaci\u00f3n hotelera, en toda la isla si sufri\u00f3 un descenso en 2019, cuando fue del 83,68%, frente al 84,19% alcanzado en la temporada de 2018. Estas cifras, al igual que las vinculadas a la actividad espec\u00edfica que tuvo lugar en los puertos de la isla, permiten demostrar sin g\u00e9nero de duda que la llegada de viajeros en ferri a Sant Antoni no tiene la menor incidencia en la cantidad de turistas que pernoctan en sus hoteles.<\/p>\n<p>Esta tendencia se reproduce pr\u00e1cticamente en todos los meses de la temporada analizada por el sector hotelero, que va de mayo a octubre, ambos incluidos. Incluso en los meses de julio y agosto de 2018, con un importante pico de viajeros llegando mediante ferri al puerto de Sant Antoni, dicha ocupaci\u00f3n hotelera es menor que en estos dos mismos meses del a\u00f1o pasado. La ocupaci\u00f3n en julio y agosto de 2018 fue del 88,64% y el 92,91%, respectivamente, frente al 90,08% y el 93,47% de los mismos meses de 2019.<\/p>\n<p>Estos datos de ocupaci\u00f3n se suman a la <a href=\"https:\/\/www.salvemsabadia.com\/es\/un-puerto-de-sant-antoni-a-pleno-rendimiento-representa-tan-solo-el-1-del-trafico-comercial-de-buques-de-toda-la-isla-de-ibiza\/\" target=\"_blank\" rel=\"noopener noreferrer\">primera parte<\/a> del estudio comparativo ya realizado por la iniciativa Salvem Sa Badia de Pormany, que evidencia que el puerto de Sant Antoni en funcionamiento solo representa el 1% del tr\u00e1fico de buques comerciales en la isla, y a la <a href=\"https:\/\/www.salvemsabadia.com\/es\/en-2019-con-el-puerto-de-sant-antoni-cerrado-llegaron-a-la-isla-mas-pasajeros-por-mar-que-en-los-siete-anos-anteriores\/\" target=\"_blank\" rel=\"noopener noreferrer\">segunda<\/a>, que demuestra que el n\u00famero de pasajeros que llegaron a la isla alcanz\u00f3 su m\u00e1ximo en 2019, cuando el puerto ya estaba afectado por la moratoria, superando en 83.000 personas al a\u00f1o anterior. Todos estos datos permiten deducir que el cierre del puerto de Sant Antoni no ha tenido la menor incidencia en la llegada de pasajeros a la isla ni de turistas a Sant Antoni y la bah\u00eda.<\/p>\n","protected":false},"excerpt":{"rendered":"<p>La zona de Sant Antoni y la bah\u00eda registr\u00f3 la pasada temporada una ocupaci\u00f3n media del 83,15%, superior en casi medio punto al 82,73% obtenida en 2018, seg\u00fan las cifras&#8230;<\/p>\n","protected":false},"author":2,"featured_media":414,"comment_status":"open","ping_status":"open","sticky":false,"template":"","format":"standard","meta":{"give_campaign_id":0,"footnotes":""},"categories":[106,214],"tags":[],"class_list":{"0":"post-413","1":"post","2":"type-post","3":"status-publish","4":"format-standard","5":"has-post-thumbnail","7":"category-destacado","8":"category-puerto-de-sant-antoni"},"yoast_head":"<!-- This site is optimized with the Yoast SEO plugin v26.8 - https:\/\/yoast.com\/product\/yoast-seo-wordpress\/ -->\n<title>Sant Antoni y la bah\u00eda, con un 83,15%, registr\u00f3 mayor ocupaci\u00f3n hotelera en la temporada de 2019, pese a que no llegaban ferris al puerto - Salvem Sa Badia de Portmany<\/title>\n<meta name=\"robots\" content=\"index, follow, max-snippet:-1, max-image-preview:large, max-video-preview:-1\" \/>\n<link rel=\"canonical\" href=\"https:\/\/www.salvemsabadia.com\/sant-antoni-i-la-badia-amb-un-8315-va-registrar-major-ocupacio-hotelera-en-la-temporada-de-2019-malgrat-que-no-arribaven-ferris-al-port\/\" \/>\n<meta property=\"og:locale\" content=\"es_ES\" \/>\n<meta property=\"og:type\" content=\"article\" \/>\n<meta property=\"og:title\" content=\"Sant Antoni y la bah\u00eda, con un 83,15%, registr\u00f3 mayor ocupaci\u00f3n hotelera en la temporada de 2019, pese a que no llegaban ferris al puerto - Salvem Sa Badia de Portmany\" \/>\n<meta property=\"og:description\" content=\"La zona de Sant Antoni y la bah\u00eda registr\u00f3 la pasada temporada una ocupaci\u00f3n media del 83,15%, superior en casi medio punto al 82,73% obtenida en 2018, seg\u00fan las cifras...\" \/>\n<meta property=\"og:url\" content=\"https:\/\/www.salvemsabadia.com\/sant-antoni-i-la-badia-amb-un-8315-va-registrar-major-ocupacio-hotelera-en-la-temporada-de-2019-malgrat-que-no-arribaven-ferris-al-port\/\" \/>\n<meta property=\"og:site_name\" content=\"Salvem Sa Badia de Portmany\" \/>\n<meta property=\"article:published_time\" content=\"2020-06-01T10:03:33+00:00\" \/>\n<meta property=\"article:modified_time\" content=\"2022-08-15T07:52:48+00:00\" \/>\n<meta property=\"og:image\" content=\"https:\/\/www.salvemsabadia.com\/wp-content\/uploads\/2020\/06\/DJI_0096-scaled.jpg\" \/>\n\t<meta property=\"og:image:width\" content=\"2560\" \/>\n\t<meta property=\"og:image:height\" content=\"1920\" \/>\n\t<meta property=\"og:image:type\" content=\"image\/jpeg\" \/>\n<meta name=\"author\" content=\"Salvem sa Badia\" \/>\n<meta name=\"twitter:card\" content=\"summary_large_image\" \/>\n<meta name=\"twitter:label1\" content=\"Escrito por\" \/>\n\t<meta name=\"twitter:data1\" content=\"Salvem sa Badia\" \/>\n\t<meta name=\"twitter:label2\" content=\"Tiempo de lectura\" \/>\n\t<meta name=\"twitter:data2\" content=\"2 minutos\" \/>\n<script type=\"application\/ld+json\" class=\"yoast-schema-graph\">{\"@context\":\"https:\/\/schema.org\",\"@graph\":[{\"@type\":\"Article\",\"@id\":\"https:\/\/www.salvemsabadia.com\/sant-antoni-i-la-badia-amb-un-8315-va-registrar-major-ocupacio-hotelera-en-la-temporada-de-2019-malgrat-que-no-arribaven-ferris-al-port\/#article\",\"isPartOf\":{\"@id\":\"https:\/\/www.salvemsabadia.com\/sant-antoni-i-la-badia-amb-un-8315-va-registrar-major-ocupacio-hotelera-en-la-temporada-de-2019-malgrat-que-no-arribaven-ferris-al-port\/\"},\"author\":{\"name\":\"Salvem sa Badia\",\"@id\":\"https:\/\/www.salvemsabadia.com\/#\/schema\/person\/5d08c5118adcb4140d13bde4826ba122\"},\"headline\":\"Sant Antoni y la bah\u00eda, con un 83,15%, registr\u00f3 mayor ocupaci\u00f3n hotelera en la temporada de 2019, pese a que no llegaban ferris al puerto\",\"datePublished\":\"2020-06-01T10:03:33+00:00\",\"dateModified\":\"2022-08-15T07:52:48+00:00\",\"mainEntityOfPage\":{\"@id\":\"https:\/\/www.salvemsabadia.com\/sant-antoni-i-la-badia-amb-un-8315-va-registrar-major-ocupacio-hotelera-en-la-temporada-de-2019-malgrat-que-no-arribaven-ferris-al-port\/\"},\"wordCount\":410,\"commentCount\":0,\"publisher\":{\"@id\":\"https:\/\/www.salvemsabadia.com\/#organization\"},\"image\":{\"@id\":\"https:\/\/www.salvemsabadia.com\/sant-antoni-i-la-badia-amb-un-8315-va-registrar-major-ocupacio-hotelera-en-la-temporada-de-2019-malgrat-que-no-arribaven-ferris-al-port\/#primaryimage\"},\"thumbnailUrl\":\"https:\/\/www.salvemsabadia.com\/wp-content\/uploads\/2020\/06\/DJI_0096-scaled.jpg\",\"articleSection\":[\"Destacado\",\"Puerto de Sant Antoni\"],\"inLanguage\":\"es\",\"potentialAction\":[{\"@type\":\"CommentAction\",\"name\":\"Comment\",\"target\":[\"https:\/\/www.salvemsabadia.com\/sant-antoni-i-la-badia-amb-un-8315-va-registrar-major-ocupacio-hotelera-en-la-temporada-de-2019-malgrat-que-no-arribaven-ferris-al-port\/#respond\"]}]},{\"@type\":\"WebPage\",\"@id\":\"https:\/\/www.salvemsabadia.com\/sant-antoni-i-la-badia-amb-un-8315-va-registrar-major-ocupacio-hotelera-en-la-temporada-de-2019-malgrat-que-no-arribaven-ferris-al-port\/\",\"url\":\"https:\/\/www.salvemsabadia.com\/sant-antoni-i-la-badia-amb-un-8315-va-registrar-major-ocupacio-hotelera-en-la-temporada-de-2019-malgrat-que-no-arribaven-ferris-al-port\/\",\"name\":\"Sant Antoni y la bah\u00eda, con un 83,15%, registr\u00f3 mayor ocupaci\u00f3n hotelera en la temporada de 2019, pese a que no llegaban ferris al puerto - Salvem Sa Badia de Portmany\",\"isPartOf\":{\"@id\":\"https:\/\/www.salvemsabadia.com\/#website\"},\"primaryImageOfPage\":{\"@id\":\"https:\/\/www.salvemsabadia.com\/sant-antoni-i-la-badia-amb-un-8315-va-registrar-major-ocupacio-hotelera-en-la-temporada-de-2019-malgrat-que-no-arribaven-ferris-al-port\/#primaryimage\"},\"image\":{\"@id\":\"https:\/\/www.salvemsabadia.com\/sant-antoni-i-la-badia-amb-un-8315-va-registrar-major-ocupacio-hotelera-en-la-temporada-de-2019-malgrat-que-no-arribaven-ferris-al-port\/#primaryimage\"},\"thumbnailUrl\":\"https:\/\/www.salvemsabadia.com\/wp-content\/uploads\/2020\/06\/DJI_0096-scaled.jpg\",\"datePublished\":\"2020-06-01T10:03:33+00:00\",\"dateModified\":\"2022-08-15T07:52:48+00:00\",\"breadcrumb\":{\"@id\":\"https:\/\/www.salvemsabadia.com\/sant-antoni-i-la-badia-amb-un-8315-va-registrar-major-ocupacio-hotelera-en-la-temporada-de-2019-malgrat-que-no-arribaven-ferris-al-port\/#breadcrumb\"},\"inLanguage\":\"es\",\"potentialAction\":[{\"@type\":\"ReadAction\",\"target\":[\"https:\/\/www.salvemsabadia.com\/sant-antoni-i-la-badia-amb-un-8315-va-registrar-major-ocupacio-hotelera-en-la-temporada-de-2019-malgrat-que-no-arribaven-ferris-al-port\/\"]}]},{\"@type\":\"ImageObject\",\"inLanguage\":\"es\",\"@id\":\"https:\/\/www.salvemsabadia.com\/sant-antoni-i-la-badia-amb-un-8315-va-registrar-major-ocupacio-hotelera-en-la-temporada-de-2019-malgrat-que-no-arribaven-ferris-al-port\/#primaryimage\",\"url\":\"https:\/\/www.salvemsabadia.com\/wp-content\/uploads\/2020\/06\/DJI_0096-scaled.jpg\",\"contentUrl\":\"https:\/\/www.salvemsabadia.com\/wp-content\/uploads\/2020\/06\/DJI_0096-scaled.jpg\",\"width\":2560,\"height\":1920},{\"@type\":\"BreadcrumbList\",\"@id\":\"https:\/\/www.salvemsabadia.com\/sant-antoni-i-la-badia-amb-un-8315-va-registrar-major-ocupacio-hotelera-en-la-temporada-de-2019-malgrat-que-no-arribaven-ferris-al-port\/#breadcrumb\",\"itemListElement\":[{\"@type\":\"ListItem\",\"position\":1,\"name\":\"Portada\",\"item\":\"https:\/\/www.salvemsabadia.com\/es\/\"},{\"@type\":\"ListItem\",\"position\":2,\"name\":\"Sant Antoni y la bah\u00eda, con un 83,15%, registr\u00f3 mayor ocupaci\u00f3n hotelera en la temporada de 2019, pese a que no llegaban ferris al puerto\"}]},{\"@type\":\"WebSite\",\"@id\":\"https:\/\/www.salvemsabadia.com\/#website\",\"url\":\"https:\/\/www.salvemsabadia.com\/\",\"name\":\"Salvem Sa Badia de Portmany\",\"description\":\"\",\"publisher\":{\"@id\":\"https:\/\/www.salvemsabadia.com\/#organization\"},\"potentialAction\":[{\"@type\":\"SearchAction\",\"target\":{\"@type\":\"EntryPoint\",\"urlTemplate\":\"https:\/\/www.salvemsabadia.com\/?s={search_term_string}\"},\"query-input\":{\"@type\":\"PropertyValueSpecification\",\"valueRequired\":true,\"valueName\":\"search_term_string\"}}],\"inLanguage\":\"es\"},{\"@type\":\"Organization\",\"@id\":\"https:\/\/www.salvemsabadia.com\/#organization\",\"name\":\"Salvem Sa Badia de Portmany\",\"url\":\"https:\/\/www.salvemsabadia.com\/\",\"logo\":{\"@type\":\"ImageObject\",\"inLanguage\":\"es\",\"@id\":\"https:\/\/www.salvemsabadia.com\/#\/schema\/logo\/image\/\",\"url\":\"https:\/\/www.salvemsabadia.com\/wp-content\/uploads\/2020\/03\/logo.png\",\"contentUrl\":\"https:\/\/www.salvemsabadia.com\/wp-content\/uploads\/2020\/03\/logo.png\",\"width\":188,\"height\":151,\"caption\":\"Salvem Sa Badia de Portmany\"},\"image\":{\"@id\":\"https:\/\/www.salvemsabadia.com\/#\/schema\/logo\/image\/\"}},{\"@type\":\"Person\",\"@id\":\"https:\/\/www.salvemsabadia.com\/#\/schema\/person\/5d08c5118adcb4140d13bde4826ba122\",\"name\":\"Salvem sa Badia\",\"image\":{\"@type\":\"ImageObject\",\"inLanguage\":\"es\",\"@id\":\"https:\/\/www.salvemsabadia.com\/#\/schema\/person\/image\/\",\"url\":\"https:\/\/secure.gravatar.com\/avatar\/d569ee5739a9c7022470ea472c9b4b9cf476e15f1be71e5242c911d673d14ad9?s=96&d=mm&r=g\",\"contentUrl\":\"https:\/\/secure.gravatar.com\/avatar\/d569ee5739a9c7022470ea472c9b4b9cf476e15f1be71e5242c911d673d14ad9?s=96&d=mm&r=g\",\"caption\":\"Salvem sa Badia\"}}]}<\/script>\n<!-- \/ Yoast SEO plugin. -->","yoast_head_json":{"title":"Sant Antoni y la bah\u00eda, con un 83,15%, registr\u00f3 mayor ocupaci\u00f3n hotelera en la temporada de 2019, pese a que no llegaban ferris al puerto - Salvem Sa Badia de Portmany","robots":{"index":"index","follow":"follow","max-snippet":"max-snippet:-1","max-image-preview":"max-image-preview:large","max-video-preview":"max-video-preview:-1"},"canonical":"https:\/\/www.salvemsabadia.com\/sant-antoni-i-la-badia-amb-un-8315-va-registrar-major-ocupacio-hotelera-en-la-temporada-de-2019-malgrat-que-no-arribaven-ferris-al-port\/","og_locale":"es_ES","og_type":"article","og_title":"Sant Antoni y la bah\u00eda, con un 83,15%, registr\u00f3 mayor ocupaci\u00f3n hotelera en la temporada de 2019, pese a que no llegaban ferris al puerto - Salvem Sa Badia de Portmany","og_description":"La zona de Sant Antoni y la bah\u00eda registr\u00f3 la pasada temporada una ocupaci\u00f3n media del 83,15%, superior en casi medio punto al 82,73% obtenida en 2018, seg\u00fan las cifras...","og_url":"https:\/\/www.salvemsabadia.com\/sant-antoni-i-la-badia-amb-un-8315-va-registrar-major-ocupacio-hotelera-en-la-temporada-de-2019-malgrat-que-no-arribaven-ferris-al-port\/","og_site_name":"Salvem Sa Badia de Portmany","article_published_time":"2020-06-01T10:03:33+00:00","article_modified_time":"2022-08-15T07:52:48+00:00","og_image":[{"width":2560,"height":1920,"url":"https:\/\/www.salvemsabadia.com\/wp-content\/uploads\/2020\/06\/DJI_0096-scaled.jpg","type":"image\/jpeg"}],"author":"Salvem sa Badia","twitter_card":"summary_large_image","twitter_misc":{"Escrito por":"Salvem sa Badia","Tiempo de lectura":"2 minutos"},"schema":{"@context":"https:\/\/schema.org","@graph":[{"@type":"Article","@id":"https:\/\/www.salvemsabadia.com\/sant-antoni-i-la-badia-amb-un-8315-va-registrar-major-ocupacio-hotelera-en-la-temporada-de-2019-malgrat-que-no-arribaven-ferris-al-port\/#article","isPartOf":{"@id":"https:\/\/www.salvemsabadia.com\/sant-antoni-i-la-badia-amb-un-8315-va-registrar-major-ocupacio-hotelera-en-la-temporada-de-2019-malgrat-que-no-arribaven-ferris-al-port\/"},"author":{"name":"Salvem sa Badia","@id":"https:\/\/www.salvemsabadia.com\/#\/schema\/person\/5d08c5118adcb4140d13bde4826ba122"},"headline":"Sant Antoni y la bah\u00eda, con un 83,15%, registr\u00f3 mayor ocupaci\u00f3n hotelera en la temporada de 2019, pese a que no llegaban ferris al puerto","datePublished":"2020-06-01T10:03:33+00:00","dateModified":"2022-08-15T07:52:48+00:00","mainEntityOfPage":{"@id":"https:\/\/www.salvemsabadia.com\/sant-antoni-i-la-badia-amb-un-8315-va-registrar-major-ocupacio-hotelera-en-la-temporada-de-2019-malgrat-que-no-arribaven-ferris-al-port\/"},"wordCount":410,"commentCount":0,"publisher":{"@id":"https:\/\/www.salvemsabadia.com\/#organization"},"image":{"@id":"https:\/\/www.salvemsabadia.com\/sant-antoni-i-la-badia-amb-un-8315-va-registrar-major-ocupacio-hotelera-en-la-temporada-de-2019-malgrat-que-no-arribaven-ferris-al-port\/#primaryimage"},"thumbnailUrl":"https:\/\/www.salvemsabadia.com\/wp-content\/uploads\/2020\/06\/DJI_0096-scaled.jpg","articleSection":["Destacado","Puerto de Sant Antoni"],"inLanguage":"es","potentialAction":[{"@type":"CommentAction","name":"Comment","target":["https:\/\/www.salvemsabadia.com\/sant-antoni-i-la-badia-amb-un-8315-va-registrar-major-ocupacio-hotelera-en-la-temporada-de-2019-malgrat-que-no-arribaven-ferris-al-port\/#respond"]}]},{"@type":"WebPage","@id":"https:\/\/www.salvemsabadia.com\/sant-antoni-i-la-badia-amb-un-8315-va-registrar-major-ocupacio-hotelera-en-la-temporada-de-2019-malgrat-que-no-arribaven-ferris-al-port\/","url":"https:\/\/www.salvemsabadia.com\/sant-antoni-i-la-badia-amb-un-8315-va-registrar-major-ocupacio-hotelera-en-la-temporada-de-2019-malgrat-que-no-arribaven-ferris-al-port\/","name":"Sant Antoni y la bah\u00eda, con un 83,15%, registr\u00f3 mayor ocupaci\u00f3n hotelera en la temporada de 2019, pese a que no llegaban ferris al puerto - Salvem Sa Badia de Portmany","isPartOf":{"@id":"https:\/\/www.salvemsabadia.com\/#website"},"primaryImageOfPage":{"@id":"https:\/\/www.salvemsabadia.com\/sant-antoni-i-la-badia-amb-un-8315-va-registrar-major-ocupacio-hotelera-en-la-temporada-de-2019-malgrat-que-no-arribaven-ferris-al-port\/#primaryimage"},"image":{"@id":"https:\/\/www.salvemsabadia.com\/sant-antoni-i-la-badia-amb-un-8315-va-registrar-major-ocupacio-hotelera-en-la-temporada-de-2019-malgrat-que-no-arribaven-ferris-al-port\/#primaryimage"},"thumbnailUrl":"https:\/\/www.salvemsabadia.com\/wp-content\/uploads\/2020\/06\/DJI_0096-scaled.jpg","datePublished":"2020-06-01T10:03:33+00:00","dateModified":"2022-08-15T07:52:48+00:00","breadcrumb":{"@id":"https:\/\/www.salvemsabadia.com\/sant-antoni-i-la-badia-amb-un-8315-va-registrar-major-ocupacio-hotelera-en-la-temporada-de-2019-malgrat-que-no-arribaven-ferris-al-port\/#breadcrumb"},"inLanguage":"es","potentialAction":[{"@type":"ReadAction","target":["https:\/\/www.salvemsabadia.com\/sant-antoni-i-la-badia-amb-un-8315-va-registrar-major-ocupacio-hotelera-en-la-temporada-de-2019-malgrat-que-no-arribaven-ferris-al-port\/"]}]},{"@type":"ImageObject","inLanguage":"es","@id":"https:\/\/www.salvemsabadia.com\/sant-antoni-i-la-badia-amb-un-8315-va-registrar-major-ocupacio-hotelera-en-la-temporada-de-2019-malgrat-que-no-arribaven-ferris-al-port\/#primaryimage","url":"https:\/\/www.salvemsabadia.com\/wp-content\/uploads\/2020\/06\/DJI_0096-scaled.jpg","contentUrl":"https:\/\/www.salvemsabadia.com\/wp-content\/uploads\/2020\/06\/DJI_0096-scaled.jpg","width":2560,"height":1920},{"@type":"BreadcrumbList","@id":"https:\/\/www.salvemsabadia.com\/sant-antoni-i-la-badia-amb-un-8315-va-registrar-major-ocupacio-hotelera-en-la-temporada-de-2019-malgrat-que-no-arribaven-ferris-al-port\/#breadcrumb","itemListElement":[{"@type":"ListItem","position":1,"name":"Portada","item":"https:\/\/www.salvemsabadia.com\/es\/"},{"@type":"ListItem","position":2,"name":"Sant Antoni y la bah\u00eda, con un 83,15%, registr\u00f3 mayor ocupaci\u00f3n hotelera en la temporada de 2019, pese a que no llegaban ferris al puerto"}]},{"@type":"WebSite","@id":"https:\/\/www.salvemsabadia.com\/#website","url":"https:\/\/www.salvemsabadia.com\/","name":"Salvem Sa Badia de Portmany","description":"","publisher":{"@id":"https:\/\/www.salvemsabadia.com\/#organization"},"potentialAction":[{"@type":"SearchAction","target":{"@type":"EntryPoint","urlTemplate":"https:\/\/www.salvemsabadia.com\/?s={search_term_string}"},"query-input":{"@type":"PropertyValueSpecification","valueRequired":true,"valueName":"search_term_string"}}],"inLanguage":"es"},{"@type":"Organization","@id":"https:\/\/www.salvemsabadia.com\/#organization","name":"Salvem Sa Badia de Portmany","url":"https:\/\/www.salvemsabadia.com\/","logo":{"@type":"ImageObject","inLanguage":"es","@id":"https:\/\/www.salvemsabadia.com\/#\/schema\/logo\/image\/","url":"https:\/\/www.salvemsabadia.com\/wp-content\/uploads\/2020\/03\/logo.png","contentUrl":"https:\/\/www.salvemsabadia.com\/wp-content\/uploads\/2020\/03\/logo.png","width":188,"height":151,"caption":"Salvem Sa Badia de Portmany"},"image":{"@id":"https:\/\/www.salvemsabadia.com\/#\/schema\/logo\/image\/"}},{"@type":"Person","@id":"https:\/\/www.salvemsabadia.com\/#\/schema\/person\/5d08c5118adcb4140d13bde4826ba122","name":"Salvem sa Badia","image":{"@type":"ImageObject","inLanguage":"es","@id":"https:\/\/www.salvemsabadia.com\/#\/schema\/person\/image\/","url":"https:\/\/secure.gravatar.com\/avatar\/d569ee5739a9c7022470ea472c9b4b9cf476e15f1be71e5242c911d673d14ad9?s=96&d=mm&r=g","contentUrl":"https:\/\/secure.gravatar.com\/avatar\/d569ee5739a9c7022470ea472c9b4b9cf476e15f1be71e5242c911d673d14ad9?s=96&d=mm&r=g","caption":"Salvem sa Badia"}}]}},"_links":{"self":[{"href":"https:\/\/www.salvemsabadia.com\/es\/wp-json\/wp\/v2\/posts\/413","targetHints":{"allow":["GET"]}}],"collection":[{"href":"https:\/\/www.salvemsabadia.com\/es\/wp-json\/wp\/v2\/posts"}],"about":[{"href":"https:\/\/www.salvemsabadia.com\/es\/wp-json\/wp\/v2\/types\/post"}],"author":[{"embeddable":true,"href":"https:\/\/www.salvemsabadia.com\/es\/wp-json\/wp\/v2\/users\/2"}],"replies":[{"embeddable":true,"href":"https:\/\/www.salvemsabadia.com\/es\/wp-json\/wp\/v2\/comments?post=413"}],"version-history":[{"count":0,"href":"https:\/\/www.salvemsabadia.com\/es\/wp-json\/wp\/v2\/posts\/413\/revisions"}],"wp:featuredmedia":[{"embeddable":true,"href":"https:\/\/www.salvemsabadia.com\/es\/wp-json\/wp\/v2\/media\/414"}],"wp:attachment":[{"href":"https:\/\/www.salvemsabadia.com\/es\/wp-json\/wp\/v2\/media?parent=413"}],"wp:term":[{"taxonomy":"category","embeddable":true,"href":"https:\/\/www.salvemsabadia.com\/es\/wp-json\/wp\/v2\/categories?post=413"},{"taxonomy":"post_tag","embeddable":true,"href":"https:\/\/www.salvemsabadia.com\/es\/wp-json\/wp\/v2\/tags?post=413"}],"curies":[{"name":"wp","href":"https:\/\/api.w.org\/{rel}","templated":true}]}}