{"id":4284,"date":"2022-10-26T15:32:49","date_gmt":"2022-10-26T13:32:49","guid":{"rendered":"https:\/\/www.salvemsabadia.com\/?p=4284"},"modified":"2022-10-26T15:32:49","modified_gmt":"2022-10-26T13:32:49","slug":"el-auditorio-calo-de-soli-acoge-el-xiii-congreso-de-la-sociedad-espanola-de-cetaceos","status":"publish","type":"post","link":"https:\/\/www.salvemsabadia.com\/es\/el-auditorio-calo-de-soli-acoge-el-xiii-congreso-de-la-sociedad-espanola-de-cetaceos\/","title":{"rendered":"El Auditorio Cal\u00f3 de s\u2019Oli acoge el XIII Congreso de la Sociedad Espa\u00f1ola de Cet\u00e1ceos"},"content":{"rendered":"<p><img loading=\"lazy\" decoding=\"async\" class=\"alignnone wp-image-4289 size-full\" src=\"https:\/\/www.salvemsabadia.com\/wp-content\/uploads\/2022\/10\/delfin-mular-scaled.jpg\" alt=\"\" width=\"2560\" height=\"1707\" srcset=\"https:\/\/www.salvemsabadia.com\/wp-content\/uploads\/2022\/10\/delfin-mular-scaled.jpg 2560w, https:\/\/www.salvemsabadia.com\/wp-content\/uploads\/2022\/10\/delfin-mular-300x200.jpg 300w, https:\/\/www.salvemsabadia.com\/wp-content\/uploads\/2022\/10\/delfin-mular-1024x683.jpg 1024w, https:\/\/www.salvemsabadia.com\/wp-content\/uploads\/2022\/10\/delfin-mular-768x512.jpg 768w, https:\/\/www.salvemsabadia.com\/wp-content\/uploads\/2022\/10\/delfin-mular-1536x1024.jpg 1536w, https:\/\/www.salvemsabadia.com\/wp-content\/uploads\/2022\/10\/delfin-mular-2048x1365.jpg 2048w, https:\/\/www.salvemsabadia.com\/wp-content\/uploads\/2022\/10\/delfin-mular-900x600.jpg 900w\" sizes=\"auto, (max-width: 2560px) 100vw, 2560px\" \/><\/p>\n<p>Desde ma\u00f1ana hasta el s\u00e1bado se celebra en el Auditorio Cal\u00f3 de s\u2019Oli, con la bah\u00eda de Portmany como tel\u00f3n de fondo, el XIII Congreso de la Sociedad Espa\u00f1ola de Cet\u00e1ceos. Durante estas tres jornadas se dar\u00e1n cita en este espacio todas las entidades dedicadas al estudio de los mam\u00edferos marinos y las tortugas del Estado espa\u00f1ol, as\u00ed como los principales investigadores del \u00e1rea.<\/p>\n<p>Durante el encuentro se aportar\u00e1n las \u00faltimas actualizaciones sobre el estado de las poblaciones de delfines y ballenas, se debatir\u00e1 sobre las amenazas a las que se enfrentan estos animales y, sobre todo, se buscar\u00e1 crear sinergias entre grupos. El congreso tiene como finalidad compartir el conocimiento cient\u00edfico entre los investigadores, para fortalecer la investigaci\u00f3n marina y trabajar para la conservaci\u00f3n de estas especies, y hacerlo llegar a toda la sociedad. Es la manera de concienciar sobre los peligros que amenazan los ecosistemas marinos, seg\u00fan los expertos.<\/p>\n<p>El encuentro lo organiza la asociaci\u00f3n Tursiops, junto con el Ayuntamiento de Sant Josep de sa Talaia, y cuenta con el apoyo de la Fundaci\u00f3n Marilles, el Ayuntamiento de Santa Eul\u00e0ria, Marina Ibiza, Trasmapi y Colonya Caja Pollen\u00e7a.<\/p>\n<p><img loading=\"lazy\" decoding=\"async\" class=\"alignnone wp-image-4287 size-full\" src=\"https:\/\/www.salvemsabadia.com\/wp-content\/uploads\/2022\/10\/cachalote-scaled.jpg\" alt=\"\" width=\"2560\" height=\"1707\" srcset=\"https:\/\/www.salvemsabadia.com\/wp-content\/uploads\/2022\/10\/cachalote-scaled.jpg 2560w, https:\/\/www.salvemsabadia.com\/wp-content\/uploads\/2022\/10\/cachalote-300x200.jpg 300w, https:\/\/www.salvemsabadia.com\/wp-content\/uploads\/2022\/10\/cachalote-1024x683.jpg 1024w, https:\/\/www.salvemsabadia.com\/wp-content\/uploads\/2022\/10\/cachalote-768x512.jpg 768w, https:\/\/www.salvemsabadia.com\/wp-content\/uploads\/2022\/10\/cachalote-1536x1024.jpg 1536w, https:\/\/www.salvemsabadia.com\/wp-content\/uploads\/2022\/10\/cachalote-2048x1365.jpg 2048w, https:\/\/www.salvemsabadia.com\/wp-content\/uploads\/2022\/10\/cachalote-900x600.jpg 900w\" sizes=\"auto, (max-width: 2560px) 100vw, 2560px\" \/><\/p>\n<p>El acto inaugural del congreso tendr\u00e1 lugar el viernes, 28 de octubre, a las 9.30 horas, con la participaci\u00f3n de autoridades y representantes de las entidades colaboradoras. Las ponencias cient\u00edficas se llevar\u00e1n a cabo el propio viernes y s\u00e1bado durante todo el d\u00eda.<\/p>\n<p>Con este objetivo de hacer llegar a la sociedad el conocimiento existente sobre el medio marino y las especies que lo habitan, adem\u00e1s de la actividad propia de un congreso cient\u00edfico restringido a las personas inscritas, se desarrollar\u00e1n algunas actividades abiertas a todo el mundo.<\/p>\n<p>Con la idea de trabajar las j\u00f3venes vocaciones cient\u00edficas y fomentar el respeto y preservaci\u00f3n de la naturaleza, toda la ma\u00f1ana del jueves, 27 de octubre, pasar\u00e1n por el Auditorio estudiantes de Secundaria y Bachillerato de los institutos de la isla. Al alumnado se le hablar\u00e1 sobre las especies de cet\u00e1ceos de Baleares y descubrir\u00e1n como se trabaja con instrumental de investigaci\u00f3n marina.<\/p>\n<p><img loading=\"lazy\" decoding=\"async\" class=\"alignnone wp-image-4285 size-full\" src=\"https:\/\/www.salvemsabadia.com\/wp-content\/uploads\/2022\/10\/delfin-de-risso-scaled.jpg\" alt=\"\" width=\"2560\" height=\"1707\" srcset=\"https:\/\/www.salvemsabadia.com\/wp-content\/uploads\/2022\/10\/delfin-de-risso-scaled.jpg 2560w, https:\/\/www.salvemsabadia.com\/wp-content\/uploads\/2022\/10\/delfin-de-risso-300x200.jpg 300w, https:\/\/www.salvemsabadia.com\/wp-content\/uploads\/2022\/10\/delfin-de-risso-1024x683.jpg 1024w, https:\/\/www.salvemsabadia.com\/wp-content\/uploads\/2022\/10\/delfin-de-risso-768x512.jpg 768w, https:\/\/www.salvemsabadia.com\/wp-content\/uploads\/2022\/10\/delfin-de-risso-1536x1024.jpg 1536w, https:\/\/www.salvemsabadia.com\/wp-content\/uploads\/2022\/10\/delfin-de-risso-2048x1365.jpg 2048w, https:\/\/www.salvemsabadia.com\/wp-content\/uploads\/2022\/10\/delfin-de-risso-900x600.jpg 900w\" sizes=\"auto, (max-width: 2560px) 100vw, 2560px\" \/><\/p>\n<p>El mismo jueves, de 17 a 19,30 horas, se celebrar\u00e1 tambi\u00e9n un seminario sobre tortugas marinas. Participar\u00e1n grandes expertos de la Fundaci\u00f3 l\u2019Oceanogr\u00e0fic de Val\u00e8ncia, el COFIB y la Fundaci\u00f3 Palma Aquarium y se hablar\u00e1 sobre el proceso de colonizaci\u00f3n del Mediterr\u00e1neo por parte de la tortuga boba: nidificaci\u00f3n, cr\u00eda, liberaci\u00f3n y seguimiento cient\u00edfico, haciendo especial referencia a las puestas de huevos que se han registrado en las Pitiusas. El seminario, abierto a toda la ciudadan\u00eda, incluir\u00e1 la liberaci\u00f3n en aguas de la bah\u00eda de Portmany de un ejemplar de tortuga boba tratado en el centro de recuperaci\u00f3n. La jornada acabar\u00e1 con un concierto de Bluesm\u00e0fia y es Saligardos en el escenario exterior del recinto, a partir de las 20,30 horas.<\/p>\n<p>El viernes, a partir de las 20 horas, en el Teatro Espa\u00f1a de Santa Eul\u00e0ria, tambi\u00e9n se celebrar\u00e1 una sesi\u00f3n especial de difusi\u00f3n y comunicaci\u00f3n con la proyecci\u00f3n de varios videos relacionados con la conservaci\u00f3n de estas especies, preparados por las entidades de investigaci\u00f3n con la intenci\u00f3n de difundir la riqueza natural, mostrar proyectos de investigaci\u00f3n y exponer problem\u00e1ticas de conservaci\u00f3n concretas.<\/p>\n","protected":false},"excerpt":{"rendered":"<p>Desde ma\u00f1ana hasta el s\u00e1bado se celebra en el Auditorio Cal\u00f3 de s\u2019Oli, con la bah\u00eda de Portmany como tel\u00f3n de fondo, el XIII Congreso de la Sociedad Espa\u00f1ola de&#8230;<\/p>\n","protected":false},"author":2,"featured_media":4289,"comment_status":"open","ping_status":"open","sticky":false,"template":"","format":"standard","meta":{"give_campaign_id":0,"footnotes":""},"categories":[201,204,106,206],"tags":[],"class_list":{"0":"post-4284","1":"post","2":"type-post","3":"status-publish","4":"format-standard","5":"has-post-thumbnail","7":"category-biodiversidad","8":"category-ciencia","9":"category-destacado","10":"category-educacion"},"yoast_head":"<!-- This site is optimized with the Yoast SEO plugin v26.8 - https:\/\/yoast.com\/product\/yoast-seo-wordpress\/ -->\n<title>El Auditorio Cal\u00f3 de s\u2019Oli acoge el XIII Congreso de la Sociedad Espa\u00f1ola de Cet\u00e1ceos - Salvem Sa Badia de Portmany<\/title>\n<meta name=\"robots\" content=\"index, follow, max-snippet:-1, max-image-preview:large, max-video-preview:-1\" \/>\n<link rel=\"canonical\" href=\"https:\/\/www.salvemsabadia.com\/lauditori-calo-de-soli-acull-el-xiii-congres-de-la-societat-espanyola-de-cetacis\/\" \/>\n<meta property=\"og:locale\" content=\"es_ES\" \/>\n<meta property=\"og:type\" content=\"article\" \/>\n<meta property=\"og:title\" content=\"El Auditorio Cal\u00f3 de s\u2019Oli acoge el XIII Congreso de la Sociedad Espa\u00f1ola de Cet\u00e1ceos - Salvem Sa Badia de Portmany\" \/>\n<meta property=\"og:description\" content=\"Desde ma\u00f1ana hasta el s\u00e1bado se celebra en el Auditorio Cal\u00f3 de s\u2019Oli, con la bah\u00eda de Portmany como tel\u00f3n de fondo, el XIII Congreso de la Sociedad Espa\u00f1ola de...\" \/>\n<meta property=\"og:url\" content=\"https:\/\/www.salvemsabadia.com\/lauditori-calo-de-soli-acull-el-xiii-congres-de-la-societat-espanyola-de-cetacis\/\" \/>\n<meta property=\"og:site_name\" content=\"Salvem Sa Badia de Portmany\" \/>\n<meta property=\"article:published_time\" content=\"2022-10-26T13:32:49+00:00\" \/>\n<meta property=\"og:image\" content=\"https:\/\/www.salvemsabadia.com\/wp-content\/uploads\/2022\/10\/delfin-mular-scaled.jpg\" \/>\n\t<meta property=\"og:image:width\" content=\"2560\" \/>\n\t<meta property=\"og:image:height\" content=\"1707\" \/>\n\t<meta property=\"og:image:type\" content=\"image\/jpeg\" \/>\n<meta name=\"author\" content=\"Salvem sa Badia\" \/>\n<meta name=\"twitter:card\" content=\"summary_large_image\" \/>\n<meta name=\"twitter:label1\" content=\"Escrito por\" \/>\n\t<meta name=\"twitter:data1\" content=\"Salvem sa Badia\" \/>\n\t<meta name=\"twitter:label2\" content=\"Tiempo de lectura\" \/>\n\t<meta name=\"twitter:data2\" content=\"3 minutos\" \/>\n<script type=\"application\/ld+json\" class=\"yoast-schema-graph\">{\"@context\":\"https:\/\/schema.org\",\"@graph\":[{\"@type\":\"Article\",\"@id\":\"https:\/\/www.salvemsabadia.com\/lauditori-calo-de-soli-acull-el-xiii-congres-de-la-societat-espanyola-de-cetacis\/#article\",\"isPartOf\":{\"@id\":\"https:\/\/www.salvemsabadia.com\/lauditori-calo-de-soli-acull-el-xiii-congres-de-la-societat-espanyola-de-cetacis\/\"},\"author\":{\"name\":\"Salvem sa Badia\",\"@id\":\"https:\/\/www.salvemsabadia.com\/#\/schema\/person\/5d08c5118adcb4140d13bde4826ba122\"},\"headline\":\"El Auditorio Cal\u00f3 de s\u2019Oli acoge el XIII Congreso de la Sociedad Espa\u00f1ola de Cet\u00e1ceos\",\"datePublished\":\"2022-10-26T13:32:49+00:00\",\"mainEntityOfPage\":{\"@id\":\"https:\/\/www.salvemsabadia.com\/lauditori-calo-de-soli-acull-el-xiii-congres-de-la-societat-espanyola-de-cetacis\/\"},\"wordCount\":598,\"commentCount\":0,\"publisher\":{\"@id\":\"https:\/\/www.salvemsabadia.com\/#organization\"},\"image\":{\"@id\":\"https:\/\/www.salvemsabadia.com\/lauditori-calo-de-soli-acull-el-xiii-congres-de-la-societat-espanyola-de-cetacis\/#primaryimage\"},\"thumbnailUrl\":\"https:\/\/www.salvemsabadia.com\/wp-content\/uploads\/2022\/10\/delfin-mular-scaled.jpg\",\"articleSection\":[\"Biodiversidad\",\"Ciencia\",\"Destacado\",\"Educaci\u00f3n\"],\"inLanguage\":\"es\",\"potentialAction\":[{\"@type\":\"CommentAction\",\"name\":\"Comment\",\"target\":[\"https:\/\/www.salvemsabadia.com\/lauditori-calo-de-soli-acull-el-xiii-congres-de-la-societat-espanyola-de-cetacis\/#respond\"]}]},{\"@type\":\"WebPage\",\"@id\":\"https:\/\/www.salvemsabadia.com\/lauditori-calo-de-soli-acull-el-xiii-congres-de-la-societat-espanyola-de-cetacis\/\",\"url\":\"https:\/\/www.salvemsabadia.com\/lauditori-calo-de-soli-acull-el-xiii-congres-de-la-societat-espanyola-de-cetacis\/\",\"name\":\"El Auditorio Cal\u00f3 de s\u2019Oli acoge el XIII Congreso de la Sociedad Espa\u00f1ola de Cet\u00e1ceos - Salvem Sa Badia de Portmany\",\"isPartOf\":{\"@id\":\"https:\/\/www.salvemsabadia.com\/#website\"},\"primaryImageOfPage\":{\"@id\":\"https:\/\/www.salvemsabadia.com\/lauditori-calo-de-soli-acull-el-xiii-congres-de-la-societat-espanyola-de-cetacis\/#primaryimage\"},\"image\":{\"@id\":\"https:\/\/www.salvemsabadia.com\/lauditori-calo-de-soli-acull-el-xiii-congres-de-la-societat-espanyola-de-cetacis\/#primaryimage\"},\"thumbnailUrl\":\"https:\/\/www.salvemsabadia.com\/wp-content\/uploads\/2022\/10\/delfin-mular-scaled.jpg\",\"datePublished\":\"2022-10-26T13:32:49+00:00\",\"breadcrumb\":{\"@id\":\"https:\/\/www.salvemsabadia.com\/lauditori-calo-de-soli-acull-el-xiii-congres-de-la-societat-espanyola-de-cetacis\/#breadcrumb\"},\"inLanguage\":\"es\",\"potentialAction\":[{\"@type\":\"ReadAction\",\"target\":[\"https:\/\/www.salvemsabadia.com\/lauditori-calo-de-soli-acull-el-xiii-congres-de-la-societat-espanyola-de-cetacis\/\"]}]},{\"@type\":\"ImageObject\",\"inLanguage\":\"es\",\"@id\":\"https:\/\/www.salvemsabadia.com\/lauditori-calo-de-soli-acull-el-xiii-congres-de-la-societat-espanyola-de-cetacis\/#primaryimage\",\"url\":\"https:\/\/www.salvemsabadia.com\/wp-content\/uploads\/2022\/10\/delfin-mular-scaled.jpg\",\"contentUrl\":\"https:\/\/www.salvemsabadia.com\/wp-content\/uploads\/2022\/10\/delfin-mular-scaled.jpg\",\"width\":2560,\"height\":1707},{\"@type\":\"BreadcrumbList\",\"@id\":\"https:\/\/www.salvemsabadia.com\/lauditori-calo-de-soli-acull-el-xiii-congres-de-la-societat-espanyola-de-cetacis\/#breadcrumb\",\"itemListElement\":[{\"@type\":\"ListItem\",\"position\":1,\"name\":\"Portada\",\"item\":\"https:\/\/www.salvemsabadia.com\/es\/\"},{\"@type\":\"ListItem\",\"position\":2,\"name\":\"El Auditorio Cal\u00f3 de s\u2019Oli acoge el XIII Congreso de la Sociedad Espa\u00f1ola de Cet\u00e1ceos\"}]},{\"@type\":\"WebSite\",\"@id\":\"https:\/\/www.salvemsabadia.com\/#website\",\"url\":\"https:\/\/www.salvemsabadia.com\/\",\"name\":\"Salvem Sa Badia de Portmany\",\"description\":\"\",\"publisher\":{\"@id\":\"https:\/\/www.salvemsabadia.com\/#organization\"},\"potentialAction\":[{\"@type\":\"SearchAction\",\"target\":{\"@type\":\"EntryPoint\",\"urlTemplate\":\"https:\/\/www.salvemsabadia.com\/?s={search_term_string}\"},\"query-input\":{\"@type\":\"PropertyValueSpecification\",\"valueRequired\":true,\"valueName\":\"search_term_string\"}}],\"inLanguage\":\"es\"},{\"@type\":\"Organization\",\"@id\":\"https:\/\/www.salvemsabadia.com\/#organization\",\"name\":\"Salvem Sa Badia de Portmany\",\"url\":\"https:\/\/www.salvemsabadia.com\/\",\"logo\":{\"@type\":\"ImageObject\",\"inLanguage\":\"es\",\"@id\":\"https:\/\/www.salvemsabadia.com\/#\/schema\/logo\/image\/\",\"url\":\"https:\/\/www.salvemsabadia.com\/wp-content\/uploads\/2020\/03\/logo.png\",\"contentUrl\":\"https:\/\/www.salvemsabadia.com\/wp-content\/uploads\/2020\/03\/logo.png\",\"width\":188,\"height\":151,\"caption\":\"Salvem Sa Badia de Portmany\"},\"image\":{\"@id\":\"https:\/\/www.salvemsabadia.com\/#\/schema\/logo\/image\/\"}},{\"@type\":\"Person\",\"@id\":\"https:\/\/www.salvemsabadia.com\/#\/schema\/person\/5d08c5118adcb4140d13bde4826ba122\",\"name\":\"Salvem sa Badia\",\"image\":{\"@type\":\"ImageObject\",\"inLanguage\":\"es\",\"@id\":\"https:\/\/www.salvemsabadia.com\/#\/schema\/person\/image\/\",\"url\":\"https:\/\/secure.gravatar.com\/avatar\/d569ee5739a9c7022470ea472c9b4b9cf476e15f1be71e5242c911d673d14ad9?s=96&d=mm&r=g\",\"contentUrl\":\"https:\/\/secure.gravatar.com\/avatar\/d569ee5739a9c7022470ea472c9b4b9cf476e15f1be71e5242c911d673d14ad9?s=96&d=mm&r=g\",\"caption\":\"Salvem sa Badia\"}}]}<\/script>\n<!-- \/ Yoast SEO plugin. -->","yoast_head_json":{"title":"El Auditorio Cal\u00f3 de s\u2019Oli acoge el XIII Congreso de la Sociedad Espa\u00f1ola de Cet\u00e1ceos - Salvem Sa Badia de Portmany","robots":{"index":"index","follow":"follow","max-snippet":"max-snippet:-1","max-image-preview":"max-image-preview:large","max-video-preview":"max-video-preview:-1"},"canonical":"https:\/\/www.salvemsabadia.com\/lauditori-calo-de-soli-acull-el-xiii-congres-de-la-societat-espanyola-de-cetacis\/","og_locale":"es_ES","og_type":"article","og_title":"El Auditorio Cal\u00f3 de s\u2019Oli acoge el XIII Congreso de la Sociedad Espa\u00f1ola de Cet\u00e1ceos - Salvem Sa Badia de Portmany","og_description":"Desde ma\u00f1ana hasta el s\u00e1bado se celebra en el Auditorio Cal\u00f3 de s\u2019Oli, con la bah\u00eda de Portmany como tel\u00f3n de fondo, el XIII Congreso de la Sociedad Espa\u00f1ola de...","og_url":"https:\/\/www.salvemsabadia.com\/lauditori-calo-de-soli-acull-el-xiii-congres-de-la-societat-espanyola-de-cetacis\/","og_site_name":"Salvem Sa Badia de Portmany","article_published_time":"2022-10-26T13:32:49+00:00","og_image":[{"width":2560,"height":1707,"url":"https:\/\/www.salvemsabadia.com\/wp-content\/uploads\/2022\/10\/delfin-mular-scaled.jpg","type":"image\/jpeg"}],"author":"Salvem sa Badia","twitter_card":"summary_large_image","twitter_misc":{"Escrito por":"Salvem sa Badia","Tiempo de lectura":"3 minutos"},"schema":{"@context":"https:\/\/schema.org","@graph":[{"@type":"Article","@id":"https:\/\/www.salvemsabadia.com\/lauditori-calo-de-soli-acull-el-xiii-congres-de-la-societat-espanyola-de-cetacis\/#article","isPartOf":{"@id":"https:\/\/www.salvemsabadia.com\/lauditori-calo-de-soli-acull-el-xiii-congres-de-la-societat-espanyola-de-cetacis\/"},"author":{"name":"Salvem sa Badia","@id":"https:\/\/www.salvemsabadia.com\/#\/schema\/person\/5d08c5118adcb4140d13bde4826ba122"},"headline":"El Auditorio Cal\u00f3 de s\u2019Oli acoge el XIII Congreso de la Sociedad Espa\u00f1ola de Cet\u00e1ceos","datePublished":"2022-10-26T13:32:49+00:00","mainEntityOfPage":{"@id":"https:\/\/www.salvemsabadia.com\/lauditori-calo-de-soli-acull-el-xiii-congres-de-la-societat-espanyola-de-cetacis\/"},"wordCount":598,"commentCount":0,"publisher":{"@id":"https:\/\/www.salvemsabadia.com\/#organization"},"image":{"@id":"https:\/\/www.salvemsabadia.com\/lauditori-calo-de-soli-acull-el-xiii-congres-de-la-societat-espanyola-de-cetacis\/#primaryimage"},"thumbnailUrl":"https:\/\/www.salvemsabadia.com\/wp-content\/uploads\/2022\/10\/delfin-mular-scaled.jpg","articleSection":["Biodiversidad","Ciencia","Destacado","Educaci\u00f3n"],"inLanguage":"es","potentialAction":[{"@type":"CommentAction","name":"Comment","target":["https:\/\/www.salvemsabadia.com\/lauditori-calo-de-soli-acull-el-xiii-congres-de-la-societat-espanyola-de-cetacis\/#respond"]}]},{"@type":"WebPage","@id":"https:\/\/www.salvemsabadia.com\/lauditori-calo-de-soli-acull-el-xiii-congres-de-la-societat-espanyola-de-cetacis\/","url":"https:\/\/www.salvemsabadia.com\/lauditori-calo-de-soli-acull-el-xiii-congres-de-la-societat-espanyola-de-cetacis\/","name":"El Auditorio Cal\u00f3 de s\u2019Oli acoge el XIII Congreso de la Sociedad Espa\u00f1ola de Cet\u00e1ceos - Salvem Sa Badia de Portmany","isPartOf":{"@id":"https:\/\/www.salvemsabadia.com\/#website"},"primaryImageOfPage":{"@id":"https:\/\/www.salvemsabadia.com\/lauditori-calo-de-soli-acull-el-xiii-congres-de-la-societat-espanyola-de-cetacis\/#primaryimage"},"image":{"@id":"https:\/\/www.salvemsabadia.com\/lauditori-calo-de-soli-acull-el-xiii-congres-de-la-societat-espanyola-de-cetacis\/#primaryimage"},"thumbnailUrl":"https:\/\/www.salvemsabadia.com\/wp-content\/uploads\/2022\/10\/delfin-mular-scaled.jpg","datePublished":"2022-10-26T13:32:49+00:00","breadcrumb":{"@id":"https:\/\/www.salvemsabadia.com\/lauditori-calo-de-soli-acull-el-xiii-congres-de-la-societat-espanyola-de-cetacis\/#breadcrumb"},"inLanguage":"es","potentialAction":[{"@type":"ReadAction","target":["https:\/\/www.salvemsabadia.com\/lauditori-calo-de-soli-acull-el-xiii-congres-de-la-societat-espanyola-de-cetacis\/"]}]},{"@type":"ImageObject","inLanguage":"es","@id":"https:\/\/www.salvemsabadia.com\/lauditori-calo-de-soli-acull-el-xiii-congres-de-la-societat-espanyola-de-cetacis\/#primaryimage","url":"https:\/\/www.salvemsabadia.com\/wp-content\/uploads\/2022\/10\/delfin-mular-scaled.jpg","contentUrl":"https:\/\/www.salvemsabadia.com\/wp-content\/uploads\/2022\/10\/delfin-mular-scaled.jpg","width":2560,"height":1707},{"@type":"BreadcrumbList","@id":"https:\/\/www.salvemsabadia.com\/lauditori-calo-de-soli-acull-el-xiii-congres-de-la-societat-espanyola-de-cetacis\/#breadcrumb","itemListElement":[{"@type":"ListItem","position":1,"name":"Portada","item":"https:\/\/www.salvemsabadia.com\/es\/"},{"@type":"ListItem","position":2,"name":"El Auditorio Cal\u00f3 de s\u2019Oli acoge el XIII Congreso de la Sociedad Espa\u00f1ola de Cet\u00e1ceos"}]},{"@type":"WebSite","@id":"https:\/\/www.salvemsabadia.com\/#website","url":"https:\/\/www.salvemsabadia.com\/","name":"Salvem Sa Badia de Portmany","description":"","publisher":{"@id":"https:\/\/www.salvemsabadia.com\/#organization"},"potentialAction":[{"@type":"SearchAction","target":{"@type":"EntryPoint","urlTemplate":"https:\/\/www.salvemsabadia.com\/?s={search_term_string}"},"query-input":{"@type":"PropertyValueSpecification","valueRequired":true,"valueName":"search_term_string"}}],"inLanguage":"es"},{"@type":"Organization","@id":"https:\/\/www.salvemsabadia.com\/#organization","name":"Salvem Sa Badia de Portmany","url":"https:\/\/www.salvemsabadia.com\/","logo":{"@type":"ImageObject","inLanguage":"es","@id":"https:\/\/www.salvemsabadia.com\/#\/schema\/logo\/image\/","url":"https:\/\/www.salvemsabadia.com\/wp-content\/uploads\/2020\/03\/logo.png","contentUrl":"https:\/\/www.salvemsabadia.com\/wp-content\/uploads\/2020\/03\/logo.png","width":188,"height":151,"caption":"Salvem Sa Badia de Portmany"},"image":{"@id":"https:\/\/www.salvemsabadia.com\/#\/schema\/logo\/image\/"}},{"@type":"Person","@id":"https:\/\/www.salvemsabadia.com\/#\/schema\/person\/5d08c5118adcb4140d13bde4826ba122","name":"Salvem sa Badia","image":{"@type":"ImageObject","inLanguage":"es","@id":"https:\/\/www.salvemsabadia.com\/#\/schema\/person\/image\/","url":"https:\/\/secure.gravatar.com\/avatar\/d569ee5739a9c7022470ea472c9b4b9cf476e15f1be71e5242c911d673d14ad9?s=96&d=mm&r=g","contentUrl":"https:\/\/secure.gravatar.com\/avatar\/d569ee5739a9c7022470ea472c9b4b9cf476e15f1be71e5242c911d673d14ad9?s=96&d=mm&r=g","caption":"Salvem sa Badia"}}]}},"_links":{"self":[{"href":"https:\/\/www.salvemsabadia.com\/es\/wp-json\/wp\/v2\/posts\/4284","targetHints":{"allow":["GET"]}}],"collection":[{"href":"https:\/\/www.salvemsabadia.com\/es\/wp-json\/wp\/v2\/posts"}],"about":[{"href":"https:\/\/www.salvemsabadia.com\/es\/wp-json\/wp\/v2\/types\/post"}],"author":[{"embeddable":true,"href":"https:\/\/www.salvemsabadia.com\/es\/wp-json\/wp\/v2\/users\/2"}],"replies":[{"embeddable":true,"href":"https:\/\/www.salvemsabadia.com\/es\/wp-json\/wp\/v2\/comments?post=4284"}],"version-history":[{"count":0,"href":"https:\/\/www.salvemsabadia.com\/es\/wp-json\/wp\/v2\/posts\/4284\/revisions"}],"wp:featuredmedia":[{"embeddable":true,"href":"https:\/\/www.salvemsabadia.com\/es\/wp-json\/wp\/v2\/media\/4289"}],"wp:attachment":[{"href":"https:\/\/www.salvemsabadia.com\/es\/wp-json\/wp\/v2\/media?parent=4284"}],"wp:term":[{"taxonomy":"category","embeddable":true,"href":"https:\/\/www.salvemsabadia.com\/es\/wp-json\/wp\/v2\/categories?post=4284"},{"taxonomy":"post_tag","embeddable":true,"href":"https:\/\/www.salvemsabadia.com\/es\/wp-json\/wp\/v2\/tags?post=4284"}],"curies":[{"name":"wp","href":"https:\/\/api.w.org\/{rel}","templated":true}]}}