{"id":431,"date":"2020-06-10T13:10:13","date_gmt":"2020-06-10T11:10:13","guid":{"rendered":"https:\/\/www.salvemsabadia.com\/?p=431"},"modified":"2022-08-15T09:53:27","modified_gmt":"2022-08-15T07:53:27","slug":"los-centros-de-buceo-de-la-bahia-alertan-del-empeoramiento-del-fondo-marino-por-los-vertidos-y-la-presion-de-los-barcos","status":"publish","type":"post","link":"https:\/\/www.salvemsabadia.com\/es\/los-centros-de-buceo-de-la-bahia-alertan-del-empeoramiento-del-fondo-marino-por-los-vertidos-y-la-presion-de-los-barcos\/","title":{"rendered":"Los centros de buceo de la bah\u00eda alertan del empeoramiento del fondo marino por los vertidos y la presi\u00f3n de los barcos"},"content":{"rendered":"<div id=\"attachment_432\" style=\"width: 1610px\" class=\"wp-caption alignnone\"><img loading=\"lazy\" decoding=\"async\" aria-describedby=\"caption-attachment-432\" class=\"wp-image-432 size-full\" src=\"https:\/\/www.salvemsabadia.com\/wp-content\/uploads\/2020\/06\/71070002.jpg\" alt=\"\" width=\"1600\" height=\"1061\" srcset=\"https:\/\/www.salvemsabadia.com\/wp-content\/uploads\/2020\/06\/71070002.jpg 1600w, https:\/\/www.salvemsabadia.com\/wp-content\/uploads\/2020\/06\/71070002-300x199.jpg 300w, https:\/\/www.salvemsabadia.com\/wp-content\/uploads\/2020\/06\/71070002-1024x679.jpg 1024w, https:\/\/www.salvemsabadia.com\/wp-content\/uploads\/2020\/06\/71070002-768x509.jpg 768w, https:\/\/www.salvemsabadia.com\/wp-content\/uploads\/2020\/06\/71070002-1536x1019.jpg 1536w\" sizes=\"auto, (max-width: 1600px) 100vw, 1600px\" \/><p id=\"caption-attachment-432\" class=\"wp-caption-text\">Banco de barracudas. Foto: \u00c1lex Boix<\/p><\/div>\n<p>Si existe un colectivo que conoce de primera mano la realidad del mar y la situaci\u00f3n actual del fondo del puerto de Sant Antoni y su entorno es el de los profesionales del buceo. En la bah\u00eda hay dos centros homologados, cuyos m\u00e1ximos responsables reclaman una mayor concienciaci\u00f3n en el cuidado del mar, al tiempo que revelan cu\u00e1les son los principales problemas que observan cada vez que se sumergen. Coinciden, sobre todo, en el progresivo empeoramiento del fondo marino a consecuencia de la contaminaci\u00f3n por vertidos y la presi\u00f3n por fondeos ilegales, entre otros factores.<\/p>\n<p><strong>Arenal Diving, en la playa de S&#8217;Arenal desde 2005<\/strong><\/p>\n<p><a href=\"https:\/\/www.arenaldiving.com\" target=\"_blank\" rel=\"noopener noreferrer\">Arenal Diving<\/a> est\u00e1 situado en la playa de s\u2019Arenal y abri\u00f3 sus puertas en 2005. Al frente de este centro est\u00e1 \u00c1lex Boix, tambi\u00e9n conocido por su faceta como fot\u00f3grafo submarino. \u201cLlevo treinta a\u00f1os buceando en la bah\u00eda de Sant Antoni, desde que sal\u00eda a pescar con mi hermano con 10 u 11 a\u00f1os, as\u00ed que podr\u00eda decirse que la conozco como la palma de la mano. Tengo una idea muy clara de c\u00f3mo estaba entonces y cu\u00e1l es la situaci\u00f3n actual. Estamos obligados a cuidar mucho la bah\u00eda porque cada vez se observa menos fauna y la posidonia est\u00e1 retrocediendo\u201d, explica.<\/p>\n<p>\u201cSe ha invertido mucho dinero en embellecer la parte de arriba, esa que est\u00e1 a la vista de todos, pero bajo la superficie del mar todo sigue hecho un desastre. Hay emisarios destrozados, tuber\u00edas rotas, muertos, trozos de bloques y montones de basura, como papel de w\u00e1ter y toallitas, pese a que mucha gente hemos ido sacando toneladas. Ah\u00ed abajo no lo controla nadie\u201d, afirma \u00c1lex.<\/p>\n<div id=\"attachment_436\" style=\"width: 2154px\" class=\"wp-caption alignnone\"><img loading=\"lazy\" decoding=\"async\" aria-describedby=\"caption-attachment-436\" class=\"wp-image-436 size-full\" src=\"https:\/\/www.salvemsabadia.com\/wp-content\/uploads\/2020\/06\/ABD_7315.jpg\" alt=\"\" width=\"2144\" height=\"1424\" srcset=\"https:\/\/www.salvemsabadia.com\/wp-content\/uploads\/2020\/06\/ABD_7315.jpg 2144w, https:\/\/www.salvemsabadia.com\/wp-content\/uploads\/2020\/06\/ABD_7315-300x199.jpg 300w, https:\/\/www.salvemsabadia.com\/wp-content\/uploads\/2020\/06\/ABD_7315-1024x680.jpg 1024w, https:\/\/www.salvemsabadia.com\/wp-content\/uploads\/2020\/06\/ABD_7315-768x510.jpg 768w, https:\/\/www.salvemsabadia.com\/wp-content\/uploads\/2020\/06\/ABD_7315-1536x1020.jpg 1536w, https:\/\/www.salvemsabadia.com\/wp-content\/uploads\/2020\/06\/ABD_7315-2048x1360.jpg 2048w\" sizes=\"auto, (max-width: 2144px) 100vw, 2144px\" \/><p id=\"caption-attachment-436\" class=\"wp-caption-text\">Langosta. Foto: \u00c1lex Boix<\/p><\/div>\n<p>Para el m\u00e1ximo responsable de Arenal Diving el principal problema que afecta a la bah\u00eda son los vertidos incontrolados y la presi\u00f3n que ejercen los barcos fondeados. Una buena forma de testar esta triste realidad es a trav\u00e9s del estado de la posidonia: \u201cEn la bah\u00eda las aguas no se mueven mucho, est\u00e1n m\u00e1s estancadas, y la posidonia que tenemos no es verde como en otras zonas, sino que su color est\u00e1 apagado y es mucho menos exuberante. Antiguamente la parte interior de la bah\u00eda estaba cubierta de flora y fauna marina, pero actualmente ha desaparecido en su pr\u00e1ctica totalidad. Ya fuera del puerto, la posidonia se encuentra en mejor estado pero en los sitios pr\u00f3ximos a la costa la vemos m\u00e1s seca y degradada. Si tuviera que explicar c\u00f3mo ha cambiado en treinta a\u00f1os y poner un porcentaje, dir\u00eda que se ha reducido alrededor de un treinta por ciento\u201d, asegura.<\/p>\n<p>Para \u00c1lex, hay unos cuantos factores determinantes en esta reducci\u00f3n de la vitalidad de la posidonia: \u201cHay muchos barcos fondeados en medio de la bah\u00eda sobre posidonia, se producen vertidos constantemente y en agosto pasa por aqu\u00ed una cantidad ingente de barcos que, sin duda, es algo que tiene consecuencias. Ibiza ha sido un boom y ha venido mucha gente\u201d, a\u00f1ade.<\/p>\n<p>A pesar de esta situaci\u00f3n, \u00c1lex sigue yendo a bucear a la bah\u00eda y su entorno y la sigue utilizando como marco para determinadas expediciones: \u201cEn la bah\u00eda y sus alrededores a\u00fan se puede bucear y hay mucha posidonia e innumerables cosas que ver. Un buen ejemplo es la zona de Sa Cova de Ses Llagostes, a donde solemos ir cuando hay mala mar y no podemos desplazarnos m\u00e1s lejos. Tambi\u00e9n hacemos iniciaciones porque el agua sigue estando bastante limpia, mejor que en la zona del puerto\u201d, apostilla.<\/p>\n<div id=\"attachment_442\" style=\"width: 1946px\" class=\"wp-caption alignnone\"><img loading=\"lazy\" decoding=\"async\" aria-describedby=\"caption-attachment-442\" class=\"wp-image-442 size-full\" src=\"https:\/\/www.salvemsabadia.com\/wp-content\/uploads\/2020\/06\/SUB_0086.jpg\" alt=\"\" width=\"1936\" height=\"1296\" srcset=\"https:\/\/www.salvemsabadia.com\/wp-content\/uploads\/2020\/06\/SUB_0086.jpg 1936w, https:\/\/www.salvemsabadia.com\/wp-content\/uploads\/2020\/06\/SUB_0086-300x201.jpg 300w, https:\/\/www.salvemsabadia.com\/wp-content\/uploads\/2020\/06\/SUB_0086-1024x685.jpg 1024w, https:\/\/www.salvemsabadia.com\/wp-content\/uploads\/2020\/06\/SUB_0086-768x514.jpg 768w, https:\/\/www.salvemsabadia.com\/wp-content\/uploads\/2020\/06\/SUB_0086-1536x1028.jpg 1536w, https:\/\/www.salvemsabadia.com\/wp-content\/uploads\/2020\/06\/SUB_0086-600x403.jpg 600w, https:\/\/www.salvemsabadia.com\/wp-content\/uploads\/2020\/06\/SUB_0086-400x269.jpg 400w\" sizes=\"auto, (max-width: 1936px) 100vw, 1936px\" \/><p id=\"caption-attachment-442\" class=\"wp-caption-text\">Posidonia. Fotos: \u00c1lex Boix<\/p><\/div>\n<p><strong>Sea Horse Scuba Diving, el centro de buceo de Port des Torrent<\/strong><\/p>\n<p>El centro de buceo en activo con m\u00e1s antig\u00fcedad de la bah\u00eda se llama <a href=\"https:\/\/www.seahorsedivingibiza.com\/untitled3.html\" target=\"_blank\" rel=\"noopener noreferrer\">Sea Horse Scuba Diving<\/a> y tiene su sede en Port des Torrent. Abri\u00f3 hace ahora 25 a\u00f1os, en 1995, y lo dirige Jeff Richardson, un experimentado buceador que sobre todo lleva a sus clientes a los islotes de poniente.<\/p>\n<p>Junto con la presi\u00f3n excesiva de barcos, los vertidos incontrolados y la cantidad de pl\u00e1stico que hay en el mar, Jeff destaca el progresivo calentamiento del agua como un factor esencial en el empeoramiento del estado del mar y el entorno de la bah\u00eda: \u201cHemos visto grandes cambios en la fauna y en el agua por el incremento de la temperatura. Un buen ejemplo es la nacra. Antes hab\u00eda much\u00edsimas y eso era una se\u00f1al del agua clara y limpia de las Pitiusas. Ahora, sin embargo, casi no queda ninguna. Han muerto a causa de un virus y es muy probable que esa enfermedad tenga que ver con los cambios de temperatura. De la misma manera, observamos como avanzan plantas invasoras que antes no estaban y tambi\u00e9n especies que antes nunca aparec\u00edan, como por ejemplo tiburones. Incluso se han visto orcas en el Mediterr\u00e1neo. Estamos notando un cambio bastante brusco por la evoluci\u00f3n de la temperatura en el agua\u201d, asegura.<\/p>\n<p>Seg\u00fan Jeff, otro de los problemas que hay que afrontar con m\u00e1s decisi\u00f3n es la contaminaci\u00f3n por pl\u00e1sticos: \u201cSe pueden hacer muchas cosas y generar conciencia para que cada persona marque la diferencia. Ser\u00eda muy \u00fatil, por ejemplo, que se desarrollara un programa que incluyera el reparto de folletos informativos en los puertos y tambi\u00e9n de salabres para recoger los pl\u00e1sticos que aparecen flotando en el mar. Si la gente ve que otros anclan en arena en vez de sobre posidonia y adem\u00e1s recogen la porquer\u00eda del agua, eso genera una corriente de concienciaci\u00f3n que se acaba contagiando. En cualquier caso, hay que hacer algo porque sino el futuro del ser humano ser\u00e1 cada vez peor. Nosotros salimos siempre con salabres y cada vez que vemos pl\u00e1sticos flotando, los recogemos. En cuanto a la posidonia, all\u00e1 donde no hay tanta presi\u00f3n, no parece que sufra tanto. El problema son las anclas y las cadenas de los barcos. Somos los guardianes de la posidonia y hay que cuidarla bien\u201d, explica.<\/p>\n<p>Jeff tambi\u00e9n alerta del peligro que entra\u00f1aban los ferris cuando entraban en el puerto: \u201cEl tama\u00f1o sobre todo es muy importante. Los m\u00e1s grandes, esos que no son catamaranes, desplazan una cantidad enorme de agua que provoca un oleaje importante y peligroso. Incluso conozco casos de gente que estaba pescando en las rocas, al otro lado de la bah\u00eda, y acabaron cayendo al mar porque de repente se les echaron encima unas olas enormes. Este oleaje incluso lo notamos nosotros buceando a veinte metros de profundidad\u201d asegura.<\/p>\n<p>Otro grave riesgo, a\u00f1ade Jeff, es la contaminaci\u00f3n por aguas sucias en la bah\u00eda. \u201cEs algo que tenemos que tomarnos muy en serio. Si una o varias personas contraen una enfermedad y eso se relaciona con contaminaci\u00f3n por aguas fecales constituir\u00eda un golpe muy fuerte para la imagen de Sant Antoni e incluso para toda Ibiza. Sin duda, afectar\u00eda a varias temporadas y resultar\u00eda muy dif\u00edcil de recuperar. Es una cuesti\u00f3n que las autoridades deber\u00edan tomarse mucho m\u00e1s en serio\u201d, apunta.<\/p>\n<p>Jeff alude tambi\u00e9n al peligro que generan las motos acu\u00e1ticas: \u201cAntes hab\u00eda una anarqu\u00eda total y ahora las escuelas y negocios de alquiler lo tienen todo m\u00e1s organizado. Sin embargo, sigue habiendo muchas motos acu\u00e1ticas privadas que no tienen ni idea y que a menudo se acercan demasiado a la costa, poniendo en peligro a los ba\u00f1istas\u201d, asevera.<\/p>\n<p>Por \u00faltimo, Jeff se refiere tambi\u00e9n a los ch\u00e1rters piratas: \u201cEn el mar ocurre algo parecido a los taxis pirata en tierra. Gente que tiene un barco, que carga a los clientes en el muelle y fondea sin pagar nada. A diferencia de los ch\u00e1rters legales, no se someten a ninguna inspecci\u00f3n, as\u00ed que no sabemos si disponen de los extintores correctos y otros elementos de seguridad. Es otra actividad que tambi\u00e9n hay que seguir vigilando\u201d, apostilla.<\/p>\n<p><strong>El preocupante paisaje del fondo de la bah\u00eda<\/strong><\/p>\n<p>El siguiente reportaje fotogr\u00e1fico, con im\u00e1genes tomadas por \u00c1lex Boix hace quince d\u00edas, permite vislumbrar algunos ejemplos de c\u00f3mo se encuentra el fondo de la bah\u00eda. En la primera se observan piezas de hormig\u00f3n con forma de \u00abU\u00bb. Supuestamente deber\u00edan estar alineadas y tener encajada en su hendidura una tuber\u00eda de emisario o aliviadero. Sin embargo, est\u00e1n sueltas, con un trozo de tuber\u00eda al lado, a consecuencia de los movimientos provocados por los temporales y el oleaje. Dicha infraestructura, por tanto, se encuentra destruida. En la segunda imagen puede apreciarse tambi\u00e9n un trozo de tuber\u00eda que se ha desplazado de su lugar original. La tercera muestra uno de los caracter\u00edsticos muertos que hay en la bah\u00eda y que sirven para fondear ilegalmente.<\/p>\n<div id=\"attachment_438\" style=\"width: 1610px\" class=\"wp-caption alignnone\"><img loading=\"lazy\" decoding=\"async\" aria-describedby=\"caption-attachment-438\" class=\"wp-image-438 size-full\" src=\"https:\/\/www.salvemsabadia.com\/wp-content\/uploads\/2020\/06\/P1077316.jpg\" alt=\"\" width=\"1600\" height=\"1200\" srcset=\"https:\/\/www.salvemsabadia.com\/wp-content\/uploads\/2020\/06\/P1077316.jpg 1600w, https:\/\/www.salvemsabadia.com\/wp-content\/uploads\/2020\/06\/P1077316-300x225.jpg 300w, https:\/\/www.salvemsabadia.com\/wp-content\/uploads\/2020\/06\/P1077316-1024x768.jpg 1024w, https:\/\/www.salvemsabadia.com\/wp-content\/uploads\/2020\/06\/P1077316-768x576.jpg 768w, https:\/\/www.salvemsabadia.com\/wp-content\/uploads\/2020\/06\/P1077316-1536x1152.jpg 1536w\" sizes=\"auto, (max-width: 1600px) 100vw, 1600px\" \/><p id=\"caption-attachment-438\" class=\"wp-caption-text\">Foto: \u00c1lex Boix<\/p><\/div>\n<div id=\"attachment_440\" style=\"width: 1610px\" class=\"wp-caption alignnone\"><img loading=\"lazy\" decoding=\"async\" aria-describedby=\"caption-attachment-440\" class=\"wp-image-440 size-full\" src=\"https:\/\/www.salvemsabadia.com\/wp-content\/uploads\/2020\/06\/P1077347.jpg\" alt=\"\" width=\"1600\" height=\"1200\" srcset=\"https:\/\/www.salvemsabadia.com\/wp-content\/uploads\/2020\/06\/P1077347.jpg 1600w, https:\/\/www.salvemsabadia.com\/wp-content\/uploads\/2020\/06\/P1077347-300x225.jpg 300w, https:\/\/www.salvemsabadia.com\/wp-content\/uploads\/2020\/06\/P1077347-1024x768.jpg 1024w, https:\/\/www.salvemsabadia.com\/wp-content\/uploads\/2020\/06\/P1077347-768x576.jpg 768w, https:\/\/www.salvemsabadia.com\/wp-content\/uploads\/2020\/06\/P1077347-1536x1152.jpg 1536w\" sizes=\"auto, (max-width: 1600px) 100vw, 1600px\" \/><p id=\"caption-attachment-440\" class=\"wp-caption-text\">Foto: \u00c1lex Boix<\/p><\/div>\n<div id=\"attachment_434\" style=\"width: 2154px\" class=\"wp-caption alignnone\"><img loading=\"lazy\" decoding=\"async\" aria-describedby=\"caption-attachment-434\" class=\"wp-image-434 size-full\" src=\"https:\/\/www.salvemsabadia.com\/wp-content\/uploads\/2020\/06\/ABD_1627.jpg\" alt=\"\" width=\"2144\" height=\"1424\" srcset=\"https:\/\/www.salvemsabadia.com\/wp-content\/uploads\/2020\/06\/ABD_1627.jpg 2144w, https:\/\/www.salvemsabadia.com\/wp-content\/uploads\/2020\/06\/ABD_1627-300x199.jpg 300w, https:\/\/www.salvemsabadia.com\/wp-content\/uploads\/2020\/06\/ABD_1627-1024x680.jpg 1024w, https:\/\/www.salvemsabadia.com\/wp-content\/uploads\/2020\/06\/ABD_1627-768x510.jpg 768w, https:\/\/www.salvemsabadia.com\/wp-content\/uploads\/2020\/06\/ABD_1627-1536x1020.jpg 1536w, https:\/\/www.salvemsabadia.com\/wp-content\/uploads\/2020\/06\/ABD_1627-2048x1360.jpg 2048w\" sizes=\"auto, (max-width: 2144px) 100vw, 2144px\" \/><p id=\"caption-attachment-434\" class=\"wp-caption-text\">Foto: \u00c1lex Boix<\/p><\/div>\n","protected":false},"excerpt":{"rendered":"<p>Si existe un colectivo que conoce de primera mano la realidad del mar y la situaci\u00f3n actual del fondo del puerto de Sant Antoni y su entorno es el de&#8230;<\/p>\n","protected":false},"author":2,"featured_media":432,"comment_status":"open","ping_status":"open","sticky":false,"template":"","format":"standard","meta":{"give_campaign_id":0,"footnotes":""},"categories":[203,106,212],"tags":[],"class_list":{"0":"post-431","1":"post","2":"type-post","3":"status-publish","4":"format-standard","5":"has-post-thumbnail","7":"category-calidad-del-agua","8":"category-destacado","9":"category-playas"},"yoast_head":"<!-- This site is optimized with the Yoast SEO plugin v26.8 - https:\/\/yoast.com\/product\/yoast-seo-wordpress\/ -->\n<title>Los centros de buceo de la bah\u00eda alertan del empeoramiento del fondo marino por los vertidos y la presi\u00f3n de los barcos - Salvem Sa Badia de Portmany<\/title>\n<meta name=\"robots\" content=\"index, follow, max-snippet:-1, max-image-preview:large, max-video-preview:-1\" \/>\n<link rel=\"canonical\" href=\"https:\/\/www.salvemsabadia.com\/els-centres-de-busseig-de-la-badia-alerten-de-l-empitjorament-del-fons-mari-pels-abocaments-i-la-pressio-dels-vaixells\/\" \/>\n<meta property=\"og:locale\" content=\"es_ES\" \/>\n<meta property=\"og:type\" content=\"article\" \/>\n<meta property=\"og:title\" content=\"Los centros de buceo de la bah\u00eda alertan del empeoramiento del fondo marino por los vertidos y la presi\u00f3n de los barcos - Salvem Sa Badia de Portmany\" \/>\n<meta property=\"og:description\" content=\"Si existe un colectivo que conoce de primera mano la realidad del mar y la situaci\u00f3n actual del fondo del puerto de Sant Antoni y su entorno es el de...\" \/>\n<meta property=\"og:url\" content=\"https:\/\/www.salvemsabadia.com\/els-centres-de-busseig-de-la-badia-alerten-de-l-empitjorament-del-fons-mari-pels-abocaments-i-la-pressio-dels-vaixells\/\" \/>\n<meta property=\"og:site_name\" content=\"Salvem Sa Badia de Portmany\" \/>\n<meta property=\"article:published_time\" content=\"2020-06-10T11:10:13+00:00\" \/>\n<meta property=\"article:modified_time\" content=\"2022-08-15T07:53:27+00:00\" \/>\n<meta property=\"og:image\" content=\"https:\/\/www.salvemsabadia.com\/wp-content\/uploads\/2020\/06\/71070002-1024x679.jpg\" \/>\n\t<meta property=\"og:image:width\" content=\"1024\" \/>\n\t<meta property=\"og:image:height\" content=\"679\" \/>\n\t<meta property=\"og:image:type\" content=\"image\/jpeg\" \/>\n<meta name=\"author\" content=\"Salvem sa Badia\" \/>\n<meta name=\"twitter:card\" content=\"summary_large_image\" \/>\n<meta name=\"twitter:label1\" content=\"Escrito por\" \/>\n\t<meta name=\"twitter:data1\" content=\"Salvem sa Badia\" \/>\n\t<meta name=\"twitter:label2\" content=\"Tiempo de lectura\" \/>\n\t<meta name=\"twitter:data2\" content=\"8 minutos\" \/>\n<script type=\"application\/ld+json\" class=\"yoast-schema-graph\">{\"@context\":\"https:\/\/schema.org\",\"@graph\":[{\"@type\":\"Article\",\"@id\":\"https:\/\/www.salvemsabadia.com\/els-centres-de-busseig-de-la-badia-alerten-de-l-empitjorament-del-fons-mari-pels-abocaments-i-la-pressio-dels-vaixells\/#article\",\"isPartOf\":{\"@id\":\"https:\/\/www.salvemsabadia.com\/els-centres-de-busseig-de-la-badia-alerten-de-l-empitjorament-del-fons-mari-pels-abocaments-i-la-pressio-dels-vaixells\/\"},\"author\":{\"name\":\"Salvem sa Badia\",\"@id\":\"https:\/\/www.salvemsabadia.com\/#\/schema\/person\/5d08c5118adcb4140d13bde4826ba122\"},\"headline\":\"Los centros de buceo de la bah\u00eda alertan del empeoramiento del fondo marino por los vertidos y la presi\u00f3n de los barcos\",\"datePublished\":\"2020-06-10T11:10:13+00:00\",\"dateModified\":\"2022-08-15T07:53:27+00:00\",\"mainEntityOfPage\":{\"@id\":\"https:\/\/www.salvemsabadia.com\/els-centres-de-busseig-de-la-badia-alerten-de-l-empitjorament-del-fons-mari-pels-abocaments-i-la-pressio-dels-vaixells\/\"},\"wordCount\":1597,\"commentCount\":0,\"publisher\":{\"@id\":\"https:\/\/www.salvemsabadia.com\/#organization\"},\"image\":{\"@id\":\"https:\/\/www.salvemsabadia.com\/els-centres-de-busseig-de-la-badia-alerten-de-l-empitjorament-del-fons-mari-pels-abocaments-i-la-pressio-dels-vaixells\/#primaryimage\"},\"thumbnailUrl\":\"https:\/\/www.salvemsabadia.com\/wp-content\/uploads\/2020\/06\/71070002.jpg\",\"articleSection\":[\"Calidad del agua\",\"Destacado\",\"Playas\"],\"inLanguage\":\"es\",\"potentialAction\":[{\"@type\":\"CommentAction\",\"name\":\"Comment\",\"target\":[\"https:\/\/www.salvemsabadia.com\/els-centres-de-busseig-de-la-badia-alerten-de-l-empitjorament-del-fons-mari-pels-abocaments-i-la-pressio-dels-vaixells\/#respond\"]}]},{\"@type\":\"WebPage\",\"@id\":\"https:\/\/www.salvemsabadia.com\/els-centres-de-busseig-de-la-badia-alerten-de-l-empitjorament-del-fons-mari-pels-abocaments-i-la-pressio-dels-vaixells\/\",\"url\":\"https:\/\/www.salvemsabadia.com\/els-centres-de-busseig-de-la-badia-alerten-de-l-empitjorament-del-fons-mari-pels-abocaments-i-la-pressio-dels-vaixells\/\",\"name\":\"Los centros de buceo de la bah\u00eda alertan del empeoramiento del fondo marino por los vertidos y la presi\u00f3n de los barcos - Salvem Sa Badia de Portmany\",\"isPartOf\":{\"@id\":\"https:\/\/www.salvemsabadia.com\/#website\"},\"primaryImageOfPage\":{\"@id\":\"https:\/\/www.salvemsabadia.com\/els-centres-de-busseig-de-la-badia-alerten-de-l-empitjorament-del-fons-mari-pels-abocaments-i-la-pressio-dels-vaixells\/#primaryimage\"},\"image\":{\"@id\":\"https:\/\/www.salvemsabadia.com\/els-centres-de-busseig-de-la-badia-alerten-de-l-empitjorament-del-fons-mari-pels-abocaments-i-la-pressio-dels-vaixells\/#primaryimage\"},\"thumbnailUrl\":\"https:\/\/www.salvemsabadia.com\/wp-content\/uploads\/2020\/06\/71070002.jpg\",\"datePublished\":\"2020-06-10T11:10:13+00:00\",\"dateModified\":\"2022-08-15T07:53:27+00:00\",\"breadcrumb\":{\"@id\":\"https:\/\/www.salvemsabadia.com\/els-centres-de-busseig-de-la-badia-alerten-de-l-empitjorament-del-fons-mari-pels-abocaments-i-la-pressio-dels-vaixells\/#breadcrumb\"},\"inLanguage\":\"es\",\"potentialAction\":[{\"@type\":\"ReadAction\",\"target\":[\"https:\/\/www.salvemsabadia.com\/els-centres-de-busseig-de-la-badia-alerten-de-l-empitjorament-del-fons-mari-pels-abocaments-i-la-pressio-dels-vaixells\/\"]}]},{\"@type\":\"ImageObject\",\"inLanguage\":\"es\",\"@id\":\"https:\/\/www.salvemsabadia.com\/els-centres-de-busseig-de-la-badia-alerten-de-l-empitjorament-del-fons-mari-pels-abocaments-i-la-pressio-dels-vaixells\/#primaryimage\",\"url\":\"https:\/\/www.salvemsabadia.com\/wp-content\/uploads\/2020\/06\/71070002.jpg\",\"contentUrl\":\"https:\/\/www.salvemsabadia.com\/wp-content\/uploads\/2020\/06\/71070002.jpg\",\"width\":1600,\"height\":1061},{\"@type\":\"BreadcrumbList\",\"@id\":\"https:\/\/www.salvemsabadia.com\/els-centres-de-busseig-de-la-badia-alerten-de-l-empitjorament-del-fons-mari-pels-abocaments-i-la-pressio-dels-vaixells\/#breadcrumb\",\"itemListElement\":[{\"@type\":\"ListItem\",\"position\":1,\"name\":\"Portada\",\"item\":\"https:\/\/www.salvemsabadia.com\/es\/\"},{\"@type\":\"ListItem\",\"position\":2,\"name\":\"Los centros de buceo de la bah\u00eda alertan del empeoramiento del fondo marino por los vertidos y la presi\u00f3n de los barcos\"}]},{\"@type\":\"WebSite\",\"@id\":\"https:\/\/www.salvemsabadia.com\/#website\",\"url\":\"https:\/\/www.salvemsabadia.com\/\",\"name\":\"Salvem Sa Badia de Portmany\",\"description\":\"\",\"publisher\":{\"@id\":\"https:\/\/www.salvemsabadia.com\/#organization\"},\"potentialAction\":[{\"@type\":\"SearchAction\",\"target\":{\"@type\":\"EntryPoint\",\"urlTemplate\":\"https:\/\/www.salvemsabadia.com\/?s={search_term_string}\"},\"query-input\":{\"@type\":\"PropertyValueSpecification\",\"valueRequired\":true,\"valueName\":\"search_term_string\"}}],\"inLanguage\":\"es\"},{\"@type\":\"Organization\",\"@id\":\"https:\/\/www.salvemsabadia.com\/#organization\",\"name\":\"Salvem Sa Badia de Portmany\",\"url\":\"https:\/\/www.salvemsabadia.com\/\",\"logo\":{\"@type\":\"ImageObject\",\"inLanguage\":\"es\",\"@id\":\"https:\/\/www.salvemsabadia.com\/#\/schema\/logo\/image\/\",\"url\":\"https:\/\/www.salvemsabadia.com\/wp-content\/uploads\/2020\/03\/logo.png\",\"contentUrl\":\"https:\/\/www.salvemsabadia.com\/wp-content\/uploads\/2020\/03\/logo.png\",\"width\":188,\"height\":151,\"caption\":\"Salvem Sa Badia de Portmany\"},\"image\":{\"@id\":\"https:\/\/www.salvemsabadia.com\/#\/schema\/logo\/image\/\"}},{\"@type\":\"Person\",\"@id\":\"https:\/\/www.salvemsabadia.com\/#\/schema\/person\/5d08c5118adcb4140d13bde4826ba122\",\"name\":\"Salvem sa Badia\",\"image\":{\"@type\":\"ImageObject\",\"inLanguage\":\"es\",\"@id\":\"https:\/\/www.salvemsabadia.com\/#\/schema\/person\/image\/\",\"url\":\"https:\/\/secure.gravatar.com\/avatar\/d569ee5739a9c7022470ea472c9b4b9cf476e15f1be71e5242c911d673d14ad9?s=96&d=mm&r=g\",\"contentUrl\":\"https:\/\/secure.gravatar.com\/avatar\/d569ee5739a9c7022470ea472c9b4b9cf476e15f1be71e5242c911d673d14ad9?s=96&d=mm&r=g\",\"caption\":\"Salvem sa Badia\"}}]}<\/script>\n<!-- \/ Yoast SEO plugin. -->","yoast_head_json":{"title":"Los centros de buceo de la bah\u00eda alertan del empeoramiento del fondo marino por los vertidos y la presi\u00f3n de los barcos - Salvem Sa Badia de Portmany","robots":{"index":"index","follow":"follow","max-snippet":"max-snippet:-1","max-image-preview":"max-image-preview:large","max-video-preview":"max-video-preview:-1"},"canonical":"https:\/\/www.salvemsabadia.com\/els-centres-de-busseig-de-la-badia-alerten-de-l-empitjorament-del-fons-mari-pels-abocaments-i-la-pressio-dels-vaixells\/","og_locale":"es_ES","og_type":"article","og_title":"Los centros de buceo de la bah\u00eda alertan del empeoramiento del fondo marino por los vertidos y la presi\u00f3n de los barcos - Salvem Sa Badia de Portmany","og_description":"Si existe un colectivo que conoce de primera mano la realidad del mar y la situaci\u00f3n actual del fondo del puerto de Sant Antoni y su entorno es el de...","og_url":"https:\/\/www.salvemsabadia.com\/els-centres-de-busseig-de-la-badia-alerten-de-l-empitjorament-del-fons-mari-pels-abocaments-i-la-pressio-dels-vaixells\/","og_site_name":"Salvem Sa Badia de Portmany","article_published_time":"2020-06-10T11:10:13+00:00","article_modified_time":"2022-08-15T07:53:27+00:00","og_image":[{"width":1024,"height":679,"url":"https:\/\/www.salvemsabadia.com\/wp-content\/uploads\/2020\/06\/71070002-1024x679.jpg","type":"image\/jpeg"}],"author":"Salvem sa Badia","twitter_card":"summary_large_image","twitter_misc":{"Escrito por":"Salvem sa Badia","Tiempo de lectura":"8 minutos"},"schema":{"@context":"https:\/\/schema.org","@graph":[{"@type":"Article","@id":"https:\/\/www.salvemsabadia.com\/els-centres-de-busseig-de-la-badia-alerten-de-l-empitjorament-del-fons-mari-pels-abocaments-i-la-pressio-dels-vaixells\/#article","isPartOf":{"@id":"https:\/\/www.salvemsabadia.com\/els-centres-de-busseig-de-la-badia-alerten-de-l-empitjorament-del-fons-mari-pels-abocaments-i-la-pressio-dels-vaixells\/"},"author":{"name":"Salvem sa Badia","@id":"https:\/\/www.salvemsabadia.com\/#\/schema\/person\/5d08c5118adcb4140d13bde4826ba122"},"headline":"Los centros de buceo de la bah\u00eda alertan del empeoramiento del fondo marino por los vertidos y la presi\u00f3n de los barcos","datePublished":"2020-06-10T11:10:13+00:00","dateModified":"2022-08-15T07:53:27+00:00","mainEntityOfPage":{"@id":"https:\/\/www.salvemsabadia.com\/els-centres-de-busseig-de-la-badia-alerten-de-l-empitjorament-del-fons-mari-pels-abocaments-i-la-pressio-dels-vaixells\/"},"wordCount":1597,"commentCount":0,"publisher":{"@id":"https:\/\/www.salvemsabadia.com\/#organization"},"image":{"@id":"https:\/\/www.salvemsabadia.com\/els-centres-de-busseig-de-la-badia-alerten-de-l-empitjorament-del-fons-mari-pels-abocaments-i-la-pressio-dels-vaixells\/#primaryimage"},"thumbnailUrl":"https:\/\/www.salvemsabadia.com\/wp-content\/uploads\/2020\/06\/71070002.jpg","articleSection":["Calidad del agua","Destacado","Playas"],"inLanguage":"es","potentialAction":[{"@type":"CommentAction","name":"Comment","target":["https:\/\/www.salvemsabadia.com\/els-centres-de-busseig-de-la-badia-alerten-de-l-empitjorament-del-fons-mari-pels-abocaments-i-la-pressio-dels-vaixells\/#respond"]}]},{"@type":"WebPage","@id":"https:\/\/www.salvemsabadia.com\/els-centres-de-busseig-de-la-badia-alerten-de-l-empitjorament-del-fons-mari-pels-abocaments-i-la-pressio-dels-vaixells\/","url":"https:\/\/www.salvemsabadia.com\/els-centres-de-busseig-de-la-badia-alerten-de-l-empitjorament-del-fons-mari-pels-abocaments-i-la-pressio-dels-vaixells\/","name":"Los centros de buceo de la bah\u00eda alertan del empeoramiento del fondo marino por los vertidos y la presi\u00f3n de los barcos - Salvem Sa Badia de Portmany","isPartOf":{"@id":"https:\/\/www.salvemsabadia.com\/#website"},"primaryImageOfPage":{"@id":"https:\/\/www.salvemsabadia.com\/els-centres-de-busseig-de-la-badia-alerten-de-l-empitjorament-del-fons-mari-pels-abocaments-i-la-pressio-dels-vaixells\/#primaryimage"},"image":{"@id":"https:\/\/www.salvemsabadia.com\/els-centres-de-busseig-de-la-badia-alerten-de-l-empitjorament-del-fons-mari-pels-abocaments-i-la-pressio-dels-vaixells\/#primaryimage"},"thumbnailUrl":"https:\/\/www.salvemsabadia.com\/wp-content\/uploads\/2020\/06\/71070002.jpg","datePublished":"2020-06-10T11:10:13+00:00","dateModified":"2022-08-15T07:53:27+00:00","breadcrumb":{"@id":"https:\/\/www.salvemsabadia.com\/els-centres-de-busseig-de-la-badia-alerten-de-l-empitjorament-del-fons-mari-pels-abocaments-i-la-pressio-dels-vaixells\/#breadcrumb"},"inLanguage":"es","potentialAction":[{"@type":"ReadAction","target":["https:\/\/www.salvemsabadia.com\/els-centres-de-busseig-de-la-badia-alerten-de-l-empitjorament-del-fons-mari-pels-abocaments-i-la-pressio-dels-vaixells\/"]}]},{"@type":"ImageObject","inLanguage":"es","@id":"https:\/\/www.salvemsabadia.com\/els-centres-de-busseig-de-la-badia-alerten-de-l-empitjorament-del-fons-mari-pels-abocaments-i-la-pressio-dels-vaixells\/#primaryimage","url":"https:\/\/www.salvemsabadia.com\/wp-content\/uploads\/2020\/06\/71070002.jpg","contentUrl":"https:\/\/www.salvemsabadia.com\/wp-content\/uploads\/2020\/06\/71070002.jpg","width":1600,"height":1061},{"@type":"BreadcrumbList","@id":"https:\/\/www.salvemsabadia.com\/els-centres-de-busseig-de-la-badia-alerten-de-l-empitjorament-del-fons-mari-pels-abocaments-i-la-pressio-dels-vaixells\/#breadcrumb","itemListElement":[{"@type":"ListItem","position":1,"name":"Portada","item":"https:\/\/www.salvemsabadia.com\/es\/"},{"@type":"ListItem","position":2,"name":"Los centros de buceo de la bah\u00eda alertan del empeoramiento del fondo marino por los vertidos y la presi\u00f3n de los barcos"}]},{"@type":"WebSite","@id":"https:\/\/www.salvemsabadia.com\/#website","url":"https:\/\/www.salvemsabadia.com\/","name":"Salvem Sa Badia de Portmany","description":"","publisher":{"@id":"https:\/\/www.salvemsabadia.com\/#organization"},"potentialAction":[{"@type":"SearchAction","target":{"@type":"EntryPoint","urlTemplate":"https:\/\/www.salvemsabadia.com\/?s={search_term_string}"},"query-input":{"@type":"PropertyValueSpecification","valueRequired":true,"valueName":"search_term_string"}}],"inLanguage":"es"},{"@type":"Organization","@id":"https:\/\/www.salvemsabadia.com\/#organization","name":"Salvem Sa Badia de Portmany","url":"https:\/\/www.salvemsabadia.com\/","logo":{"@type":"ImageObject","inLanguage":"es","@id":"https:\/\/www.salvemsabadia.com\/#\/schema\/logo\/image\/","url":"https:\/\/www.salvemsabadia.com\/wp-content\/uploads\/2020\/03\/logo.png","contentUrl":"https:\/\/www.salvemsabadia.com\/wp-content\/uploads\/2020\/03\/logo.png","width":188,"height":151,"caption":"Salvem Sa Badia de Portmany"},"image":{"@id":"https:\/\/www.salvemsabadia.com\/#\/schema\/logo\/image\/"}},{"@type":"Person","@id":"https:\/\/www.salvemsabadia.com\/#\/schema\/person\/5d08c5118adcb4140d13bde4826ba122","name":"Salvem sa Badia","image":{"@type":"ImageObject","inLanguage":"es","@id":"https:\/\/www.salvemsabadia.com\/#\/schema\/person\/image\/","url":"https:\/\/secure.gravatar.com\/avatar\/d569ee5739a9c7022470ea472c9b4b9cf476e15f1be71e5242c911d673d14ad9?s=96&d=mm&r=g","contentUrl":"https:\/\/secure.gravatar.com\/avatar\/d569ee5739a9c7022470ea472c9b4b9cf476e15f1be71e5242c911d673d14ad9?s=96&d=mm&r=g","caption":"Salvem sa Badia"}}]}},"_links":{"self":[{"href":"https:\/\/www.salvemsabadia.com\/es\/wp-json\/wp\/v2\/posts\/431","targetHints":{"allow":["GET"]}}],"collection":[{"href":"https:\/\/www.salvemsabadia.com\/es\/wp-json\/wp\/v2\/posts"}],"about":[{"href":"https:\/\/www.salvemsabadia.com\/es\/wp-json\/wp\/v2\/types\/post"}],"author":[{"embeddable":true,"href":"https:\/\/www.salvemsabadia.com\/es\/wp-json\/wp\/v2\/users\/2"}],"replies":[{"embeddable":true,"href":"https:\/\/www.salvemsabadia.com\/es\/wp-json\/wp\/v2\/comments?post=431"}],"version-history":[{"count":0,"href":"https:\/\/www.salvemsabadia.com\/es\/wp-json\/wp\/v2\/posts\/431\/revisions"}],"wp:featuredmedia":[{"embeddable":true,"href":"https:\/\/www.salvemsabadia.com\/es\/wp-json\/wp\/v2\/media\/432"}],"wp:attachment":[{"href":"https:\/\/www.salvemsabadia.com\/es\/wp-json\/wp\/v2\/media?parent=431"}],"wp:term":[{"taxonomy":"category","embeddable":true,"href":"https:\/\/www.salvemsabadia.com\/es\/wp-json\/wp\/v2\/categories?post=431"},{"taxonomy":"post_tag","embeddable":true,"href":"https:\/\/www.salvemsabadia.com\/es\/wp-json\/wp\/v2\/tags?post=431"}],"curies":[{"name":"wp","href":"https:\/\/api.w.org\/{rel}","templated":true}]}}