{"id":4319,"date":"2022-11-15T14:00:11","date_gmt":"2022-11-15T13:00:11","guid":{"rendered":"https:\/\/www.salvemsabadia.com\/?p=4319"},"modified":"2022-11-15T19:21:10","modified_gmt":"2022-11-15T18:21:10","slug":"el-proyecto-aprenentatge-i-servei-badia-de-portmany-echa-a-andar-con-la-participacion-de-tres-institutos-de-secundaria-de-la-isla","status":"publish","type":"post","link":"https:\/\/www.salvemsabadia.com\/es\/el-proyecto-aprenentatge-i-servei-badia-de-portmany-echa-a-andar-con-la-participacion-de-tres-institutos-de-secundaria-de-la-isla\/","title":{"rendered":"El proyecto \u2018Aprenentatge i Servei Badia de Portmany\u2019 echa a andar, con la participaci\u00f3n de tres institutos de secundaria de la isla"},"content":{"rendered":"<p><img loading=\"lazy\" decoding=\"async\" class=\"alignnone wp-image-4322 size-full\" src=\"https:\/\/www.salvemsabadia.com\/wp-content\/uploads\/2022\/11\/WhatsApp-Image-2022-11-14-at-5.48.24-PM-1.jpeg\" alt=\"\" width=\"2048\" height=\"1536\" srcset=\"https:\/\/www.salvemsabadia.com\/wp-content\/uploads\/2022\/11\/WhatsApp-Image-2022-11-14-at-5.48.24-PM-1.jpeg 2048w, https:\/\/www.salvemsabadia.com\/wp-content\/uploads\/2022\/11\/WhatsApp-Image-2022-11-14-at-5.48.24-PM-1-300x225.jpeg 300w, https:\/\/www.salvemsabadia.com\/wp-content\/uploads\/2022\/11\/WhatsApp-Image-2022-11-14-at-5.48.24-PM-1-1024x768.jpeg 1024w, https:\/\/www.salvemsabadia.com\/wp-content\/uploads\/2022\/11\/WhatsApp-Image-2022-11-14-at-5.48.24-PM-1-768x576.jpeg 768w, https:\/\/www.salvemsabadia.com\/wp-content\/uploads\/2022\/11\/WhatsApp-Image-2022-11-14-at-5.48.24-PM-1-1536x1152.jpeg 1536w\" sizes=\"auto, (max-width: 2048px) 100vw, 2048px\" \/><\/p>\n<p>Ayer por la tarde tuvo lugar en la sede social del Club N\u00e0utic Sant Antoni la jornada inicial del proyecto de \u2018Aprenentatge i Servei\u2019 (APS), que impulsa la Conselleria de Educaci\u00f3 del Govern balear en colaboraci\u00f3n con el CNSA y en el que la asociaci\u00f3n Salvem sa Badia de Portmany aporta distintos contenidos formativos.<\/p>\n<p>A este acto asistieron los profesores de los tres institutos que ya se han inscrito a la iniciativa y cuyos alumnos recibir\u00e1n como asignatura optativa formaci\u00f3n sobre la bah\u00eda de Portmany y sus valores ambientales, paisaj\u00edsticos y etnogr\u00e1ficos. Tambi\u00e9n acudieron representantes de la Conselleria de Educaci\u00f3 y del Centre Professorat d\u2019Eivissa (CEP), as\u00ed como de la asociaci\u00f3n Salvem sa Badia de Portmany.Los institutos de secundaria que se han inscrito son Isidor Macabich, de Vila, y Quart\u00f3 de Portmany y Sa Serra, de Sant Antoni.<\/p>\n<p>Esta novedosa metodolog\u00eda integra el aprendizaje de contenidos, habilidades y valores con el servicio a la comunidad, en un mismo proyecto educativo. Tiene como fin \u00faltimo ofrecer un servicio directo a la sociedad, para transformarla y mejorarla. En Balears, hasta ahora solo se hab\u00eda desarrollado un proyecto con metodolog\u00eda APS en la Serra de Tramuntana de Mallorca y por primera vez se realizar\u00e1 uno en Ibiza, vinculado a la bah\u00eda de Portmany.<\/p>\n<p><img loading=\"lazy\" decoding=\"async\" class=\"alignnone wp-image-4330 size-full\" src=\"https:\/\/www.salvemsabadia.com\/wp-content\/uploads\/2022\/11\/WhatsApp-Image-2022-11-14-at-6.09.27-PM.jpeg\" alt=\"\" width=\"2048\" height=\"1536\" srcset=\"https:\/\/www.salvemsabadia.com\/wp-content\/uploads\/2022\/11\/WhatsApp-Image-2022-11-14-at-6.09.27-PM.jpeg 2048w, https:\/\/www.salvemsabadia.com\/wp-content\/uploads\/2022\/11\/WhatsApp-Image-2022-11-14-at-6.09.27-PM-300x225.jpeg 300w, https:\/\/www.salvemsabadia.com\/wp-content\/uploads\/2022\/11\/WhatsApp-Image-2022-11-14-at-6.09.27-PM-1024x768.jpeg 1024w, https:\/\/www.salvemsabadia.com\/wp-content\/uploads\/2022\/11\/WhatsApp-Image-2022-11-14-at-6.09.27-PM-768x576.jpeg 768w, https:\/\/www.salvemsabadia.com\/wp-content\/uploads\/2022\/11\/WhatsApp-Image-2022-11-14-at-6.09.27-PM-1536x1152.jpeg 1536w\" sizes=\"auto, (max-width: 2048px) 100vw, 2048px\" \/><\/p>\n<p>La jornada de ayer comenz\u00f3 con una presentaci\u00f3n en la que participaron Jos\u00e9 Tur, presidente del CNSA; Enrique Mas, director deportivo del CNSA; Carme Jaume, jefa del Servei de Normalitzaci\u00f3 Ling\u00fc\u00edstica i Formaci\u00f3 de la Conselleria de Educaci\u00f3; Dolores P\u00e9rez, asesora t\u00e9cnica docente responsable de los programas APS de la Conselleria de Educaci\u00f3; Montse Gonz\u00e1lez, directora del CEP, y Berta Oliva, asesora del CEP y responsable de la coordinaci\u00f3n del programa APS.<\/p>\n<p>A continuaci\u00f3n, Marta Fern\u00e1ndez, t\u00e9cnica ambiental y educativa de Es N\u00e0utic, explic\u00f3 los motivos que han permitido desarrollar un \u2018Aprenentatge i Servei\u2019 en la bah\u00eda de Portmany y explic\u00f3 las actividades que realizar\u00e1n los alumnos de los institutos. Estas formaciones se dividen en cuatro grandes \u00e1reas tem\u00e1ticas: calidad del agua, biodiversidad, interpretaci\u00f3n del paisaje y etnograf\u00eda.<\/p>\n<p><img loading=\"lazy\" decoding=\"async\" class=\"alignnone wp-image-4326 size-full\" src=\"https:\/\/www.salvemsabadia.com\/wp-content\/uploads\/2022\/11\/WhatsApp-Image-2022-11-15-at-9.15.42-AM.jpeg\" alt=\"\" width=\"1600\" height=\"1200\" srcset=\"https:\/\/www.salvemsabadia.com\/wp-content\/uploads\/2022\/11\/WhatsApp-Image-2022-11-15-at-9.15.42-AM.jpeg 1600w, https:\/\/www.salvemsabadia.com\/wp-content\/uploads\/2022\/11\/WhatsApp-Image-2022-11-15-at-9.15.42-AM-300x225.jpeg 300w, https:\/\/www.salvemsabadia.com\/wp-content\/uploads\/2022\/11\/WhatsApp-Image-2022-11-15-at-9.15.42-AM-1024x768.jpeg 1024w, https:\/\/www.salvemsabadia.com\/wp-content\/uploads\/2022\/11\/WhatsApp-Image-2022-11-15-at-9.15.42-AM-768x576.jpeg 768w, https:\/\/www.salvemsabadia.com\/wp-content\/uploads\/2022\/11\/WhatsApp-Image-2022-11-15-at-9.15.42-AM-1536x1152.jpeg 1536w\" sizes=\"auto, (max-width: 1600px) 100vw, 1600px\" \/><\/p>\n<p>Los alumnos adquirir\u00e1n conocimientos relacionados con la funci\u00f3n regeneradora de plantas marinas como la posidonia y la cymodocea, las consecuencias de los puntos negros de depuraci\u00f3n de las aguas y emisarios, el an\u00e1lisis de las especies que habitan en la bah\u00eda, navegaci\u00f3n y rutas a pie vinculadas al patrimonio y la interpretaci\u00f3n del paisaje, tradici\u00f3n pesquera en la bah\u00eda, etc\u00e9tera. Desde Salvem sa Badia de Portmany se aportar\u00e1n m\u00faltiples contenidos para la realizaci\u00f3n de todas estas actividades.<\/p>\n<p>La intervenci\u00f3n final corri\u00f3 a cargo de Arturo Vidal Sap\u00e9, formador experto en APS del departamento de Formaci\u00f3n de la Diputaci\u00f3n de Barcelona. Adem\u00e1s de explicar todas las posibilidades que tiene esta metodolog\u00eda, ofreci\u00f3 un taller pr\u00e1ctico sobre dise\u00f1o de proyectos APS.<\/p>\n<p>M\u00e1s informaci\u00f3n en la <a href=\"https:\/\/apscnsa.blogspot.com\" target=\"_blank\" rel=\"noopener\">web del proyecto<\/a>.<\/p>\n<p><img loading=\"lazy\" decoding=\"async\" class=\"alignnone wp-image-4328 size-full\" src=\"https:\/\/www.salvemsabadia.com\/wp-content\/uploads\/2022\/11\/WhatsApp-Image-2022-11-11-at-1.56.34-PM.jpeg\" alt=\"\" width=\"1131\" height=\"1600\" srcset=\"https:\/\/www.salvemsabadia.com\/wp-content\/uploads\/2022\/11\/WhatsApp-Image-2022-11-11-at-1.56.34-PM.jpeg 1131w, https:\/\/www.salvemsabadia.com\/wp-content\/uploads\/2022\/11\/WhatsApp-Image-2022-11-11-at-1.56.34-PM-212x300.jpeg 212w, https:\/\/www.salvemsabadia.com\/wp-content\/uploads\/2022\/11\/WhatsApp-Image-2022-11-11-at-1.56.34-PM-724x1024.jpeg 724w, https:\/\/www.salvemsabadia.com\/wp-content\/uploads\/2022\/11\/WhatsApp-Image-2022-11-11-at-1.56.34-PM-768x1086.jpeg 768w, https:\/\/www.salvemsabadia.com\/wp-content\/uploads\/2022\/11\/WhatsApp-Image-2022-11-11-at-1.56.34-PM-1086x1536.jpeg 1086w\" sizes=\"auto, (max-width: 1131px) 100vw, 1131px\" \/><\/p>\n","protected":false},"excerpt":{"rendered":"<p>Ayer por la tarde tuvo lugar en la sede social del Club N\u00e0utic Sant Antoni la jornada inicial del proyecto de \u2018Aprenentatge i Servei\u2019 (APS), que impulsa la Conselleria de&#8230;<\/p>\n","protected":false},"author":2,"featured_media":4322,"comment_status":"open","ping_status":"open","sticky":false,"template":"","format":"standard","meta":{"give_campaign_id":0,"footnotes":""},"categories":[201,203,205,106,206,209,210,10],"tags":[],"class_list":{"0":"post-4319","1":"post","2":"type-post","3":"status-publish","4":"format-standard","5":"has-post-thumbnail","7":"category-biodiversidad","8":"category-calidad-del-agua","9":"category-cultura","10":"category-destacado","11":"category-educacion","12":"category-patrimonio","13":"category-pesca","14":"category-salvem-sa-badia"},"yoast_head":"<!-- This site is optimized with the Yoast SEO plugin v26.8 - https:\/\/yoast.com\/product\/yoast-seo-wordpress\/ -->\n<title>El proyecto \u2018Aprenentatge i Servei Badia de Portmany\u2019 echa a andar, con la participaci\u00f3n de tres institutos de secundaria de la isla - Salvem Sa Badia de Portmany<\/title>\n<meta name=\"robots\" content=\"index, follow, max-snippet:-1, max-image-preview:large, max-video-preview:-1\" \/>\n<link rel=\"canonical\" href=\"https:\/\/www.salvemsabadia.com\/el-projecte-aprenentatge-i-servei-badia-de-portmany-comenca-a-caminar-amb-la-participacio-de-tres-instituts-de-secundaria-de-lilla\/\" \/>\n<meta property=\"og:locale\" content=\"es_ES\" \/>\n<meta property=\"og:type\" content=\"article\" \/>\n<meta property=\"og:title\" content=\"El proyecto \u2018Aprenentatge i Servei Badia de Portmany\u2019 echa a andar, con la participaci\u00f3n de tres institutos de secundaria de la isla - Salvem Sa Badia de Portmany\" \/>\n<meta property=\"og:description\" content=\"Ayer por la tarde tuvo lugar en la sede social del Club N\u00e0utic Sant Antoni la jornada inicial del proyecto de \u2018Aprenentatge i Servei\u2019 (APS), que impulsa la Conselleria de...\" \/>\n<meta property=\"og:url\" content=\"https:\/\/www.salvemsabadia.com\/el-projecte-aprenentatge-i-servei-badia-de-portmany-comenca-a-caminar-amb-la-participacio-de-tres-instituts-de-secundaria-de-lilla\/\" \/>\n<meta property=\"og:site_name\" content=\"Salvem Sa Badia de Portmany\" \/>\n<meta property=\"article:published_time\" content=\"2022-11-15T13:00:11+00:00\" \/>\n<meta property=\"article:modified_time\" content=\"2022-11-15T18:21:10+00:00\" \/>\n<meta property=\"og:image\" content=\"https:\/\/www.salvemsabadia.com\/wp-content\/uploads\/2022\/11\/WhatsApp-Image-2022-11-14-at-5.48.24-PM-1.jpeg\" \/>\n\t<meta property=\"og:image:width\" content=\"2048\" \/>\n\t<meta property=\"og:image:height\" content=\"1536\" \/>\n\t<meta property=\"og:image:type\" content=\"image\/jpeg\" \/>\n<meta name=\"author\" content=\"Salvem sa Badia\" \/>\n<meta name=\"twitter:card\" content=\"summary_large_image\" \/>\n<meta name=\"twitter:label1\" content=\"Escrito por\" \/>\n\t<meta name=\"twitter:data1\" content=\"Salvem sa Badia\" \/>\n\t<meta name=\"twitter:label2\" content=\"Tiempo de lectura\" \/>\n\t<meta name=\"twitter:data2\" content=\"3 minutos\" \/>\n<script type=\"application\/ld+json\" class=\"yoast-schema-graph\">{\"@context\":\"https:\/\/schema.org\",\"@graph\":[{\"@type\":\"Article\",\"@id\":\"https:\/\/www.salvemsabadia.com\/el-projecte-aprenentatge-i-servei-badia-de-portmany-comenca-a-caminar-amb-la-participacio-de-tres-instituts-de-secundaria-de-lilla\/#article\",\"isPartOf\":{\"@id\":\"https:\/\/www.salvemsabadia.com\/el-projecte-aprenentatge-i-servei-badia-de-portmany-comenca-a-caminar-amb-la-participacio-de-tres-instituts-de-secundaria-de-lilla\/\"},\"author\":{\"name\":\"Salvem sa Badia\",\"@id\":\"https:\/\/www.salvemsabadia.com\/#\/schema\/person\/5d08c5118adcb4140d13bde4826ba122\"},\"headline\":\"El proyecto \u2018Aprenentatge i Servei Badia de Portmany\u2019 echa a andar, con la participaci\u00f3n de tres institutos de secundaria de la isla\",\"datePublished\":\"2022-11-15T13:00:11+00:00\",\"dateModified\":\"2022-11-15T18:21:10+00:00\",\"mainEntityOfPage\":{\"@id\":\"https:\/\/www.salvemsabadia.com\/el-projecte-aprenentatge-i-servei-badia-de-portmany-comenca-a-caminar-amb-la-participacio-de-tres-instituts-de-secundaria-de-lilla\/\"},\"wordCount\":540,\"commentCount\":0,\"publisher\":{\"@id\":\"https:\/\/www.salvemsabadia.com\/#organization\"},\"image\":{\"@id\":\"https:\/\/www.salvemsabadia.com\/el-projecte-aprenentatge-i-servei-badia-de-portmany-comenca-a-caminar-amb-la-participacio-de-tres-instituts-de-secundaria-de-lilla\/#primaryimage\"},\"thumbnailUrl\":\"https:\/\/www.salvemsabadia.com\/wp-content\/uploads\/2022\/11\/WhatsApp-Image-2022-11-14-at-5.48.24-PM-1.jpeg\",\"articleSection\":[\"Biodiversidad\",\"Calidad del agua\",\"Cultura\",\"Destacado\",\"Educaci\u00f3n\",\"Patrimonio\",\"Pesca\",\"Salvem Sa Badia\"],\"inLanguage\":\"es\",\"potentialAction\":[{\"@type\":\"CommentAction\",\"name\":\"Comment\",\"target\":[\"https:\/\/www.salvemsabadia.com\/el-projecte-aprenentatge-i-servei-badia-de-portmany-comenca-a-caminar-amb-la-participacio-de-tres-instituts-de-secundaria-de-lilla\/#respond\"]}]},{\"@type\":\"WebPage\",\"@id\":\"https:\/\/www.salvemsabadia.com\/el-projecte-aprenentatge-i-servei-badia-de-portmany-comenca-a-caminar-amb-la-participacio-de-tres-instituts-de-secundaria-de-lilla\/\",\"url\":\"https:\/\/www.salvemsabadia.com\/el-projecte-aprenentatge-i-servei-badia-de-portmany-comenca-a-caminar-amb-la-participacio-de-tres-instituts-de-secundaria-de-lilla\/\",\"name\":\"El proyecto \u2018Aprenentatge i Servei Badia de Portmany\u2019 echa a andar, con la participaci\u00f3n de tres institutos de secundaria de la isla - Salvem Sa Badia de Portmany\",\"isPartOf\":{\"@id\":\"https:\/\/www.salvemsabadia.com\/#website\"},\"primaryImageOfPage\":{\"@id\":\"https:\/\/www.salvemsabadia.com\/el-projecte-aprenentatge-i-servei-badia-de-portmany-comenca-a-caminar-amb-la-participacio-de-tres-instituts-de-secundaria-de-lilla\/#primaryimage\"},\"image\":{\"@id\":\"https:\/\/www.salvemsabadia.com\/el-projecte-aprenentatge-i-servei-badia-de-portmany-comenca-a-caminar-amb-la-participacio-de-tres-instituts-de-secundaria-de-lilla\/#primaryimage\"},\"thumbnailUrl\":\"https:\/\/www.salvemsabadia.com\/wp-content\/uploads\/2022\/11\/WhatsApp-Image-2022-11-14-at-5.48.24-PM-1.jpeg\",\"datePublished\":\"2022-11-15T13:00:11+00:00\",\"dateModified\":\"2022-11-15T18:21:10+00:00\",\"breadcrumb\":{\"@id\":\"https:\/\/www.salvemsabadia.com\/el-projecte-aprenentatge-i-servei-badia-de-portmany-comenca-a-caminar-amb-la-participacio-de-tres-instituts-de-secundaria-de-lilla\/#breadcrumb\"},\"inLanguage\":\"es\",\"potentialAction\":[{\"@type\":\"ReadAction\",\"target\":[\"https:\/\/www.salvemsabadia.com\/el-projecte-aprenentatge-i-servei-badia-de-portmany-comenca-a-caminar-amb-la-participacio-de-tres-instituts-de-secundaria-de-lilla\/\"]}]},{\"@type\":\"ImageObject\",\"inLanguage\":\"es\",\"@id\":\"https:\/\/www.salvemsabadia.com\/el-projecte-aprenentatge-i-servei-badia-de-portmany-comenca-a-caminar-amb-la-participacio-de-tres-instituts-de-secundaria-de-lilla\/#primaryimage\",\"url\":\"https:\/\/www.salvemsabadia.com\/wp-content\/uploads\/2022\/11\/WhatsApp-Image-2022-11-14-at-5.48.24-PM-1.jpeg\",\"contentUrl\":\"https:\/\/www.salvemsabadia.com\/wp-content\/uploads\/2022\/11\/WhatsApp-Image-2022-11-14-at-5.48.24-PM-1.jpeg\",\"width\":2048,\"height\":1536},{\"@type\":\"BreadcrumbList\",\"@id\":\"https:\/\/www.salvemsabadia.com\/el-projecte-aprenentatge-i-servei-badia-de-portmany-comenca-a-caminar-amb-la-participacio-de-tres-instituts-de-secundaria-de-lilla\/#breadcrumb\",\"itemListElement\":[{\"@type\":\"ListItem\",\"position\":1,\"name\":\"Portada\",\"item\":\"https:\/\/www.salvemsabadia.com\/es\/\"},{\"@type\":\"ListItem\",\"position\":2,\"name\":\"El proyecto \u2018Aprenentatge i Servei Badia de Portmany\u2019 echa a andar, con la participaci\u00f3n de tres institutos de secundaria de la isla\"}]},{\"@type\":\"WebSite\",\"@id\":\"https:\/\/www.salvemsabadia.com\/#website\",\"url\":\"https:\/\/www.salvemsabadia.com\/\",\"name\":\"Salvem Sa Badia de Portmany\",\"description\":\"\",\"publisher\":{\"@id\":\"https:\/\/www.salvemsabadia.com\/#organization\"},\"potentialAction\":[{\"@type\":\"SearchAction\",\"target\":{\"@type\":\"EntryPoint\",\"urlTemplate\":\"https:\/\/www.salvemsabadia.com\/?s={search_term_string}\"},\"query-input\":{\"@type\":\"PropertyValueSpecification\",\"valueRequired\":true,\"valueName\":\"search_term_string\"}}],\"inLanguage\":\"es\"},{\"@type\":\"Organization\",\"@id\":\"https:\/\/www.salvemsabadia.com\/#organization\",\"name\":\"Salvem Sa Badia de Portmany\",\"url\":\"https:\/\/www.salvemsabadia.com\/\",\"logo\":{\"@type\":\"ImageObject\",\"inLanguage\":\"es\",\"@id\":\"https:\/\/www.salvemsabadia.com\/#\/schema\/logo\/image\/\",\"url\":\"https:\/\/www.salvemsabadia.com\/wp-content\/uploads\/2020\/03\/logo.png\",\"contentUrl\":\"https:\/\/www.salvemsabadia.com\/wp-content\/uploads\/2020\/03\/logo.png\",\"width\":188,\"height\":151,\"caption\":\"Salvem Sa Badia de Portmany\"},\"image\":{\"@id\":\"https:\/\/www.salvemsabadia.com\/#\/schema\/logo\/image\/\"}},{\"@type\":\"Person\",\"@id\":\"https:\/\/www.salvemsabadia.com\/#\/schema\/person\/5d08c5118adcb4140d13bde4826ba122\",\"name\":\"Salvem sa Badia\",\"image\":{\"@type\":\"ImageObject\",\"inLanguage\":\"es\",\"@id\":\"https:\/\/www.salvemsabadia.com\/#\/schema\/person\/image\/\",\"url\":\"https:\/\/secure.gravatar.com\/avatar\/d569ee5739a9c7022470ea472c9b4b9cf476e15f1be71e5242c911d673d14ad9?s=96&d=mm&r=g\",\"contentUrl\":\"https:\/\/secure.gravatar.com\/avatar\/d569ee5739a9c7022470ea472c9b4b9cf476e15f1be71e5242c911d673d14ad9?s=96&d=mm&r=g\",\"caption\":\"Salvem sa Badia\"}}]}<\/script>\n<!-- \/ Yoast SEO plugin. -->","yoast_head_json":{"title":"El proyecto \u2018Aprenentatge i Servei Badia de Portmany\u2019 echa a andar, con la participaci\u00f3n de tres institutos de secundaria de la isla - Salvem Sa Badia de Portmany","robots":{"index":"index","follow":"follow","max-snippet":"max-snippet:-1","max-image-preview":"max-image-preview:large","max-video-preview":"max-video-preview:-1"},"canonical":"https:\/\/www.salvemsabadia.com\/el-projecte-aprenentatge-i-servei-badia-de-portmany-comenca-a-caminar-amb-la-participacio-de-tres-instituts-de-secundaria-de-lilla\/","og_locale":"es_ES","og_type":"article","og_title":"El proyecto \u2018Aprenentatge i Servei Badia de Portmany\u2019 echa a andar, con la participaci\u00f3n de tres institutos de secundaria de la isla - Salvem Sa Badia de Portmany","og_description":"Ayer por la tarde tuvo lugar en la sede social del Club N\u00e0utic Sant Antoni la jornada inicial del proyecto de \u2018Aprenentatge i Servei\u2019 (APS), que impulsa la Conselleria de...","og_url":"https:\/\/www.salvemsabadia.com\/el-projecte-aprenentatge-i-servei-badia-de-portmany-comenca-a-caminar-amb-la-participacio-de-tres-instituts-de-secundaria-de-lilla\/","og_site_name":"Salvem Sa Badia de Portmany","article_published_time":"2022-11-15T13:00:11+00:00","article_modified_time":"2022-11-15T18:21:10+00:00","og_image":[{"width":2048,"height":1536,"url":"https:\/\/www.salvemsabadia.com\/wp-content\/uploads\/2022\/11\/WhatsApp-Image-2022-11-14-at-5.48.24-PM-1.jpeg","type":"image\/jpeg"}],"author":"Salvem sa Badia","twitter_card":"summary_large_image","twitter_misc":{"Escrito por":"Salvem sa Badia","Tiempo de lectura":"3 minutos"},"schema":{"@context":"https:\/\/schema.org","@graph":[{"@type":"Article","@id":"https:\/\/www.salvemsabadia.com\/el-projecte-aprenentatge-i-servei-badia-de-portmany-comenca-a-caminar-amb-la-participacio-de-tres-instituts-de-secundaria-de-lilla\/#article","isPartOf":{"@id":"https:\/\/www.salvemsabadia.com\/el-projecte-aprenentatge-i-servei-badia-de-portmany-comenca-a-caminar-amb-la-participacio-de-tres-instituts-de-secundaria-de-lilla\/"},"author":{"name":"Salvem sa Badia","@id":"https:\/\/www.salvemsabadia.com\/#\/schema\/person\/5d08c5118adcb4140d13bde4826ba122"},"headline":"El proyecto \u2018Aprenentatge i Servei Badia de Portmany\u2019 echa a andar, con la participaci\u00f3n de tres institutos de secundaria de la isla","datePublished":"2022-11-15T13:00:11+00:00","dateModified":"2022-11-15T18:21:10+00:00","mainEntityOfPage":{"@id":"https:\/\/www.salvemsabadia.com\/el-projecte-aprenentatge-i-servei-badia-de-portmany-comenca-a-caminar-amb-la-participacio-de-tres-instituts-de-secundaria-de-lilla\/"},"wordCount":540,"commentCount":0,"publisher":{"@id":"https:\/\/www.salvemsabadia.com\/#organization"},"image":{"@id":"https:\/\/www.salvemsabadia.com\/el-projecte-aprenentatge-i-servei-badia-de-portmany-comenca-a-caminar-amb-la-participacio-de-tres-instituts-de-secundaria-de-lilla\/#primaryimage"},"thumbnailUrl":"https:\/\/www.salvemsabadia.com\/wp-content\/uploads\/2022\/11\/WhatsApp-Image-2022-11-14-at-5.48.24-PM-1.jpeg","articleSection":["Biodiversidad","Calidad del agua","Cultura","Destacado","Educaci\u00f3n","Patrimonio","Pesca","Salvem Sa Badia"],"inLanguage":"es","potentialAction":[{"@type":"CommentAction","name":"Comment","target":["https:\/\/www.salvemsabadia.com\/el-projecte-aprenentatge-i-servei-badia-de-portmany-comenca-a-caminar-amb-la-participacio-de-tres-instituts-de-secundaria-de-lilla\/#respond"]}]},{"@type":"WebPage","@id":"https:\/\/www.salvemsabadia.com\/el-projecte-aprenentatge-i-servei-badia-de-portmany-comenca-a-caminar-amb-la-participacio-de-tres-instituts-de-secundaria-de-lilla\/","url":"https:\/\/www.salvemsabadia.com\/el-projecte-aprenentatge-i-servei-badia-de-portmany-comenca-a-caminar-amb-la-participacio-de-tres-instituts-de-secundaria-de-lilla\/","name":"El proyecto \u2018Aprenentatge i Servei Badia de Portmany\u2019 echa a andar, con la participaci\u00f3n de tres institutos de secundaria de la isla - Salvem Sa Badia de Portmany","isPartOf":{"@id":"https:\/\/www.salvemsabadia.com\/#website"},"primaryImageOfPage":{"@id":"https:\/\/www.salvemsabadia.com\/el-projecte-aprenentatge-i-servei-badia-de-portmany-comenca-a-caminar-amb-la-participacio-de-tres-instituts-de-secundaria-de-lilla\/#primaryimage"},"image":{"@id":"https:\/\/www.salvemsabadia.com\/el-projecte-aprenentatge-i-servei-badia-de-portmany-comenca-a-caminar-amb-la-participacio-de-tres-instituts-de-secundaria-de-lilla\/#primaryimage"},"thumbnailUrl":"https:\/\/www.salvemsabadia.com\/wp-content\/uploads\/2022\/11\/WhatsApp-Image-2022-11-14-at-5.48.24-PM-1.jpeg","datePublished":"2022-11-15T13:00:11+00:00","dateModified":"2022-11-15T18:21:10+00:00","breadcrumb":{"@id":"https:\/\/www.salvemsabadia.com\/el-projecte-aprenentatge-i-servei-badia-de-portmany-comenca-a-caminar-amb-la-participacio-de-tres-instituts-de-secundaria-de-lilla\/#breadcrumb"},"inLanguage":"es","potentialAction":[{"@type":"ReadAction","target":["https:\/\/www.salvemsabadia.com\/el-projecte-aprenentatge-i-servei-badia-de-portmany-comenca-a-caminar-amb-la-participacio-de-tres-instituts-de-secundaria-de-lilla\/"]}]},{"@type":"ImageObject","inLanguage":"es","@id":"https:\/\/www.salvemsabadia.com\/el-projecte-aprenentatge-i-servei-badia-de-portmany-comenca-a-caminar-amb-la-participacio-de-tres-instituts-de-secundaria-de-lilla\/#primaryimage","url":"https:\/\/www.salvemsabadia.com\/wp-content\/uploads\/2022\/11\/WhatsApp-Image-2022-11-14-at-5.48.24-PM-1.jpeg","contentUrl":"https:\/\/www.salvemsabadia.com\/wp-content\/uploads\/2022\/11\/WhatsApp-Image-2022-11-14-at-5.48.24-PM-1.jpeg","width":2048,"height":1536},{"@type":"BreadcrumbList","@id":"https:\/\/www.salvemsabadia.com\/el-projecte-aprenentatge-i-servei-badia-de-portmany-comenca-a-caminar-amb-la-participacio-de-tres-instituts-de-secundaria-de-lilla\/#breadcrumb","itemListElement":[{"@type":"ListItem","position":1,"name":"Portada","item":"https:\/\/www.salvemsabadia.com\/es\/"},{"@type":"ListItem","position":2,"name":"El proyecto \u2018Aprenentatge i Servei Badia de Portmany\u2019 echa a andar, con la participaci\u00f3n de tres institutos de secundaria de la isla"}]},{"@type":"WebSite","@id":"https:\/\/www.salvemsabadia.com\/#website","url":"https:\/\/www.salvemsabadia.com\/","name":"Salvem Sa Badia de Portmany","description":"","publisher":{"@id":"https:\/\/www.salvemsabadia.com\/#organization"},"potentialAction":[{"@type":"SearchAction","target":{"@type":"EntryPoint","urlTemplate":"https:\/\/www.salvemsabadia.com\/?s={search_term_string}"},"query-input":{"@type":"PropertyValueSpecification","valueRequired":true,"valueName":"search_term_string"}}],"inLanguage":"es"},{"@type":"Organization","@id":"https:\/\/www.salvemsabadia.com\/#organization","name":"Salvem Sa Badia de Portmany","url":"https:\/\/www.salvemsabadia.com\/","logo":{"@type":"ImageObject","inLanguage":"es","@id":"https:\/\/www.salvemsabadia.com\/#\/schema\/logo\/image\/","url":"https:\/\/www.salvemsabadia.com\/wp-content\/uploads\/2020\/03\/logo.png","contentUrl":"https:\/\/www.salvemsabadia.com\/wp-content\/uploads\/2020\/03\/logo.png","width":188,"height":151,"caption":"Salvem Sa Badia de Portmany"},"image":{"@id":"https:\/\/www.salvemsabadia.com\/#\/schema\/logo\/image\/"}},{"@type":"Person","@id":"https:\/\/www.salvemsabadia.com\/#\/schema\/person\/5d08c5118adcb4140d13bde4826ba122","name":"Salvem sa Badia","image":{"@type":"ImageObject","inLanguage":"es","@id":"https:\/\/www.salvemsabadia.com\/#\/schema\/person\/image\/","url":"https:\/\/secure.gravatar.com\/avatar\/d569ee5739a9c7022470ea472c9b4b9cf476e15f1be71e5242c911d673d14ad9?s=96&d=mm&r=g","contentUrl":"https:\/\/secure.gravatar.com\/avatar\/d569ee5739a9c7022470ea472c9b4b9cf476e15f1be71e5242c911d673d14ad9?s=96&d=mm&r=g","caption":"Salvem sa Badia"}}]}},"_links":{"self":[{"href":"https:\/\/www.salvemsabadia.com\/es\/wp-json\/wp\/v2\/posts\/4319","targetHints":{"allow":["GET"]}}],"collection":[{"href":"https:\/\/www.salvemsabadia.com\/es\/wp-json\/wp\/v2\/posts"}],"about":[{"href":"https:\/\/www.salvemsabadia.com\/es\/wp-json\/wp\/v2\/types\/post"}],"author":[{"embeddable":true,"href":"https:\/\/www.salvemsabadia.com\/es\/wp-json\/wp\/v2\/users\/2"}],"replies":[{"embeddable":true,"href":"https:\/\/www.salvemsabadia.com\/es\/wp-json\/wp\/v2\/comments?post=4319"}],"version-history":[{"count":0,"href":"https:\/\/www.salvemsabadia.com\/es\/wp-json\/wp\/v2\/posts\/4319\/revisions"}],"wp:featuredmedia":[{"embeddable":true,"href":"https:\/\/www.salvemsabadia.com\/es\/wp-json\/wp\/v2\/media\/4322"}],"wp:attachment":[{"href":"https:\/\/www.salvemsabadia.com\/es\/wp-json\/wp\/v2\/media?parent=4319"}],"wp:term":[{"taxonomy":"category","embeddable":true,"href":"https:\/\/www.salvemsabadia.com\/es\/wp-json\/wp\/v2\/categories?post=4319"},{"taxonomy":"post_tag","embeddable":true,"href":"https:\/\/www.salvemsabadia.com\/es\/wp-json\/wp\/v2\/tags?post=4319"}],"curies":[{"name":"wp","href":"https:\/\/api.w.org\/{rel}","templated":true}]}}