{"id":4354,"date":"2022-11-29T19:36:59","date_gmt":"2022-11-29T18:36:59","guid":{"rendered":"https:\/\/www.salvemsabadia.com\/?p=4354"},"modified":"2022-11-30T09:01:32","modified_gmt":"2022-11-30T08:01:32","slug":"descontaminado-de-emergencia-un-yate-embarrancado-en-sestanyol-mientras-se-espera-autorizacion-para-retirarlo","status":"publish","type":"post","link":"https:\/\/www.salvemsabadia.com\/es\/descontaminado-de-emergencia-un-yate-embarrancado-en-sestanyol-mientras-se-espera-autorizacion-para-retirarlo\/","title":{"rendered":"Descontaminado de emergencia un yate embarrancado en s\u2019Estanyol mientras se espera autorizaci\u00f3n para retirarlo"},"content":{"rendered":"<p><img loading=\"lazy\" decoding=\"async\" class=\"alignnone wp-image-4363 size-full\" src=\"https:\/\/www.salvemsabadia.com\/wp-content\/uploads\/2022\/11\/WhatsApp-Image-2022-11-28-at-14.21.38-3.jpeg\" alt=\"\" width=\"1024\" height=\"768\" srcset=\"https:\/\/www.salvemsabadia.com\/wp-content\/uploads\/2022\/11\/WhatsApp-Image-2022-11-28-at-14.21.38-3.jpeg 1024w, https:\/\/www.salvemsabadia.com\/wp-content\/uploads\/2022\/11\/WhatsApp-Image-2022-11-28-at-14.21.38-3-300x225.jpeg 300w, https:\/\/www.salvemsabadia.com\/wp-content\/uploads\/2022\/11\/WhatsApp-Image-2022-11-28-at-14.21.38-3-768x576.jpeg 768w\" sizes=\"auto, (max-width: 1024px) 100vw, 1024px\" \/>El Ayuntamiento de Sant Josep, a trav\u00e9s de la Concejal\u00eda de Playas y Litoral, ha procedido a la descontaminaci\u00f3n por v\u00eda de emergencia de un velero de gran eslora que qued\u00f3 embarrancado en la costa de la bah\u00eda de Portmany hace unas semanas, ante el riesgo de vertido de contaminantes en el litoral. El pasado 8 de noviembre se detect\u00f3 que una de las embarcaciones que fondean habitualmente a la bah\u00eda, \u2018La vida Lukas\u2019, hab\u00eda quedado embarrancada en la zona de s\u2019Estanyol. Se trata de un velero de unos 12 metros de eslora con dos m\u00e1stiles, que durante la temporada fue avisado varias veces por es Voluntaris de sa Badia por estar fondeado sobre posidonia, haciendo caso omiso a estos requerimientos. Los vendavales de la semana pasada acabaron de lanzarlo contra las rocas, destrozando buena parte del yate.<\/p>\n<p>Mientras se hac\u00edan las gestiones para tratar de identificar y contactar con los propietarios del velero, desde el Ayuntamiento se procedi\u00f3 a inspeccionar el velero para evaluar los da\u00f1os que hab\u00eda sufrido. A ra\u00edz de estas inspecciones, se detect\u00f3 la existencia de dep\u00f3sitos de combustible y motores, con el riesgo que, por el estado precario de la embarcaci\u00f3n, en caso de sufrir m\u00e1s desperfectos, se produjera alg\u00fan vertido de combustible y aceites al mar, seg\u00fan informa el consistorio.<\/p>\n<p><img loading=\"lazy\" decoding=\"async\" class=\"alignnone wp-image-4361 size-full\" src=\"https:\/\/www.salvemsabadia.com\/wp-content\/uploads\/2022\/11\/WhatsApp-Image-2022-11-28-at-14.21.38-2.jpeg\" alt=\"\" width=\"1024\" height=\"768\" srcset=\"https:\/\/www.salvemsabadia.com\/wp-content\/uploads\/2022\/11\/WhatsApp-Image-2022-11-28-at-14.21.38-2.jpeg 1024w, https:\/\/www.salvemsabadia.com\/wp-content\/uploads\/2022\/11\/WhatsApp-Image-2022-11-28-at-14.21.38-2-300x225.jpeg 300w, https:\/\/www.salvemsabadia.com\/wp-content\/uploads\/2022\/11\/WhatsApp-Image-2022-11-28-at-14.21.38-2-768x576.jpeg 768w\" sizes=\"auto, (max-width: 1024px) 100vw, 1024px\" \/>Ante las previsiones de fuertes temporales anunciados para los pr\u00f3ximos d\u00edas, ayer se procedi\u00f3 a extender barreras anti-contaminaci\u00f3n alrededor del velero y a su descontaminaci\u00f3n, siendo necesaria la retirada de todos los l\u00edquidos contaminantes, adem\u00e1s de varios productos qu\u00edmicos que se detectaron en el interior del \u2018La vida Lukas\u2019. Esta intervenci\u00f3n ha tenido un coste de 5.000 euros para el Ayuntamiento.<\/p>\n<p>En cuanto a la identidad de los titulares del velero, a quien se reclamar\u00e1 el coste de toda la operaci\u00f3n si se llegan a localizar, las investigaciones iniciadas se est\u00e1n viendo dificultadas por el hecho de que esta embarcaci\u00f3n no est\u00e1 matriculada. Por esta causa tambi\u00e9n se han iniciado los tr\u00e1mites para declararla como residuo, para que el Ayuntamiento pueda efectuar la retirada de manera subsidiaria, si fuera necesario. De esta forma, se ha solicitado la colaboraci\u00f3n del Grupo de Especialistas en Actividades Subacu\u00e1ticas de la Guardia Civil y se solicitar\u00e1 la correspondiente autorizaci\u00f3n a Capitan\u00eda Mar\u00edtima para gestionar los restos de la embarcaci\u00f3n.<\/p>\n<p><img loading=\"lazy\" decoding=\"async\" class=\"alignnone wp-image-4355 size-full\" src=\"https:\/\/www.salvemsabadia.com\/wp-content\/uploads\/2022\/11\/WhatsApp-Image-2022-11-28-at-14.21.40.jpeg\" alt=\"\" width=\"1024\" height=\"768\" srcset=\"https:\/\/www.salvemsabadia.com\/wp-content\/uploads\/2022\/11\/WhatsApp-Image-2022-11-28-at-14.21.40.jpeg 1024w, https:\/\/www.salvemsabadia.com\/wp-content\/uploads\/2022\/11\/WhatsApp-Image-2022-11-28-at-14.21.40-300x225.jpeg 300w, https:\/\/www.salvemsabadia.com\/wp-content\/uploads\/2022\/11\/WhatsApp-Image-2022-11-28-at-14.21.40-768x576.jpeg 768w\" sizes=\"auto, (max-width: 1024px) 100vw, 1024px\" \/>Desde el departamento de Litoral se lamenta que \u201cesta situaci\u00f3n se est\u00e1 produciendo con demasiada frecuencia en los \u00faltimos a\u00f1os, debido al n\u00famero de embarcaciones que fondean de manera incontrolada en la bah\u00eda de Portmany sin ninguna autorizaci\u00f3n\u201d, ha declarado el concejal, Josep Guasch. Con el agravante que tampoco se dan \u201clas condiciones de seguridad adecuadas, usando elementos como neum\u00e1ticos, rocas o muertos de hormig\u00f3n mal dimensionados\u201d. Todo esto se pudo comprobar en el estudio de identificaci\u00f3n de las estructuras de fondeo en la bah\u00eda de Portmany que el ayuntamiento encarg\u00f3 en 2020 y que identific\u00f3 m\u00e1s de 80 estructuras de fondeo en esta zona del municipio, de las cuales m\u00e1s del 40% se encontraban sobre posidonia.<\/p>\n<p><img loading=\"lazy\" decoding=\"async\" class=\"alignnone wp-image-4357 size-full\" src=\"https:\/\/www.salvemsabadia.com\/wp-content\/uploads\/2022\/11\/WhatsApp-Image-2022-11-28-at-14.21.38-1.jpeg\" alt=\"\" width=\"1024\" height=\"768\" srcset=\"https:\/\/www.salvemsabadia.com\/wp-content\/uploads\/2022\/11\/WhatsApp-Image-2022-11-28-at-14.21.38-1.jpeg 1024w, https:\/\/www.salvemsabadia.com\/wp-content\/uploads\/2022\/11\/WhatsApp-Image-2022-11-28-at-14.21.38-1-300x225.jpeg 300w, https:\/\/www.salvemsabadia.com\/wp-content\/uploads\/2022\/11\/WhatsApp-Image-2022-11-28-at-14.21.38-1-768x576.jpeg 768w\" sizes=\"auto, (max-width: 1024px) 100vw, 1024px\" \/>Como consecuencia de este estudio, en la temporada de 2021 se procedi\u00f3 por parte del Ayuntamiento, con la colaboraci\u00f3n de Salvem sa Badia de Portmany y varias empresas de buceo profesional y gesti\u00f3n de residuos, a la retirada de 230 elementos de hormig\u00f3n de la bah\u00eda. Tambi\u00e9n se alejaron de la costa las embarcaciones con la ampliaci\u00f3n de la zona de ba\u00f1o durante la temporada de verano para aumentar la seguridad de los ba\u00f1istas, con el objetivo a\u00f1adido de reducir los impactos de la ocupaci\u00f3n de la zona costera por parte de estas embarcaciones.<\/p>\n<p>Guasch ha reiterado que \u201ces imprescindible la colaboraci\u00f3n del resto de administraciones implicadas, principalmente la Demarcaci\u00f3n de Costas y Capitan\u00eda Mar\u00edtima, para identificar y actuar contra los responsables de estas pr\u00e1cticas\u201d. El concejal ha se\u00f1alado que \u201cqui\u00e9n tiene las competencias tiene que perseguir las embarcaciones que navegan sin cumplir la normativa de seguridad mar\u00edtima y multar de manera r\u00e1pida y contundente el fondeo ilegal\u201d. Tambi\u00e9n ha pedido \u201cagilidad\u201d en los tr\u00e1mites para la instalaci\u00f3n de campos de boyas regulados, tal como se establece en el marco del Decreto de Posidonia.<\/p>\n<p><img loading=\"lazy\" decoding=\"async\" class=\"alignnone wp-image-4359 size-full\" src=\"https:\/\/www.salvemsabadia.com\/wp-content\/uploads\/2022\/11\/WhatsApp-Image-2022-11-28-at-14.21.38.jpeg\" alt=\"\" width=\"768\" height=\"1024\" srcset=\"https:\/\/www.salvemsabadia.com\/wp-content\/uploads\/2022\/11\/WhatsApp-Image-2022-11-28-at-14.21.38.jpeg 768w, https:\/\/www.salvemsabadia.com\/wp-content\/uploads\/2022\/11\/WhatsApp-Image-2022-11-28-at-14.21.38-225x300.jpeg 225w\" sizes=\"auto, (max-width: 768px) 100vw, 768px\" \/><\/p>\n","protected":false},"excerpt":{"rendered":"<p>El Ayuntamiento de Sant Josep, a trav\u00e9s de la Concejal\u00eda de Playas y Litoral, ha procedido a la descontaminaci\u00f3n por v\u00eda de emergencia de un velero de gran eslora que&#8230;<\/p>\n","protected":false},"author":2,"featured_media":4363,"comment_status":"open","ping_status":"open","sticky":false,"template":"","format":"standard","meta":{"give_campaign_id":0,"footnotes":""},"categories":[106,208,213,10],"tags":[],"class_list":{"0":"post-4354","1":"post","2":"type-post","3":"status-publish","4":"format-standard","5":"has-post-thumbnail","7":"category-destacado","8":"category-fondeo-irregular","9":"category-posidonia","10":"category-salvem-sa-badia"},"yoast_head":"<!-- This site is optimized with the Yoast SEO plugin v26.8 - https:\/\/yoast.com\/product\/yoast-seo-wordpress\/ -->\n<title>Descontaminado de emergencia un yate embarrancado en s\u2019Estanyol mientras se espera autorizaci\u00f3n para retirarlo - Salvem Sa Badia de Portmany<\/title>\n<meta name=\"robots\" content=\"index, follow, max-snippet:-1, max-image-preview:large, max-video-preview:-1\" \/>\n<link rel=\"canonical\" href=\"https:\/\/www.salvemsabadia.com\/descontaminat-demergencia-un-iot-embarrancat-a-sestanyol-mentre-sespera-autoritzacio-per-retirar-lo\/\" \/>\n<meta property=\"og:locale\" content=\"es_ES\" \/>\n<meta property=\"og:type\" content=\"article\" \/>\n<meta property=\"og:title\" content=\"Descontaminado de emergencia un yate embarrancado en s\u2019Estanyol mientras se espera autorizaci\u00f3n para retirarlo - Salvem Sa Badia de Portmany\" \/>\n<meta property=\"og:description\" content=\"El Ayuntamiento de Sant Josep, a trav\u00e9s de la Concejal\u00eda de Playas y Litoral, ha procedido a la descontaminaci\u00f3n por v\u00eda de emergencia de un velero de gran eslora que...\" \/>\n<meta property=\"og:url\" content=\"https:\/\/www.salvemsabadia.com\/descontaminat-demergencia-un-iot-embarrancat-a-sestanyol-mentre-sespera-autoritzacio-per-retirar-lo\/\" \/>\n<meta property=\"og:site_name\" content=\"Salvem Sa Badia de Portmany\" \/>\n<meta property=\"article:published_time\" content=\"2022-11-29T18:36:59+00:00\" \/>\n<meta property=\"article:modified_time\" content=\"2022-11-30T08:01:32+00:00\" \/>\n<meta property=\"og:image\" content=\"https:\/\/www.salvemsabadia.com\/wp-content\/uploads\/2022\/11\/WhatsApp-Image-2022-11-28-at-14.21.38-3.jpeg\" \/>\n\t<meta property=\"og:image:width\" content=\"1024\" \/>\n\t<meta property=\"og:image:height\" content=\"768\" \/>\n\t<meta property=\"og:image:type\" content=\"image\/jpeg\" \/>\n<meta name=\"author\" content=\"Salvem sa Badia\" \/>\n<meta name=\"twitter:card\" content=\"summary_large_image\" \/>\n<meta name=\"twitter:label1\" content=\"Escrito por\" \/>\n\t<meta name=\"twitter:data1\" content=\"Salvem sa Badia\" \/>\n\t<meta name=\"twitter:label2\" content=\"Tiempo de lectura\" \/>\n\t<meta name=\"twitter:data2\" content=\"4 minutos\" \/>\n<script type=\"application\/ld+json\" class=\"yoast-schema-graph\">{\"@context\":\"https:\/\/schema.org\",\"@graph\":[{\"@type\":\"Article\",\"@id\":\"https:\/\/www.salvemsabadia.com\/descontaminat-demergencia-un-iot-embarrancat-a-sestanyol-mentre-sespera-autoritzacio-per-retirar-lo\/#article\",\"isPartOf\":{\"@id\":\"https:\/\/www.salvemsabadia.com\/descontaminat-demergencia-un-iot-embarrancat-a-sestanyol-mentre-sespera-autoritzacio-per-retirar-lo\/\"},\"author\":{\"name\":\"Salvem sa Badia\",\"@id\":\"https:\/\/www.salvemsabadia.com\/#\/schema\/person\/5d08c5118adcb4140d13bde4826ba122\"},\"headline\":\"Descontaminado de emergencia un yate embarrancado en s\u2019Estanyol mientras se espera autorizaci\u00f3n para retirarlo\",\"datePublished\":\"2022-11-29T18:36:59+00:00\",\"dateModified\":\"2022-11-30T08:01:32+00:00\",\"mainEntityOfPage\":{\"@id\":\"https:\/\/www.salvemsabadia.com\/descontaminat-demergencia-un-iot-embarrancat-a-sestanyol-mentre-sespera-autoritzacio-per-retirar-lo\/\"},\"wordCount\":760,\"commentCount\":0,\"publisher\":{\"@id\":\"https:\/\/www.salvemsabadia.com\/#organization\"},\"image\":{\"@id\":\"https:\/\/www.salvemsabadia.com\/descontaminat-demergencia-un-iot-embarrancat-a-sestanyol-mentre-sespera-autoritzacio-per-retirar-lo\/#primaryimage\"},\"thumbnailUrl\":\"https:\/\/www.salvemsabadia.com\/wp-content\/uploads\/2022\/11\/WhatsApp-Image-2022-11-28-at-14.21.38-3.jpeg\",\"articleSection\":[\"Destacado\",\"Fondeo irregular\",\"Posidonia\",\"Salvem Sa Badia\"],\"inLanguage\":\"es\",\"potentialAction\":[{\"@type\":\"CommentAction\",\"name\":\"Comment\",\"target\":[\"https:\/\/www.salvemsabadia.com\/descontaminat-demergencia-un-iot-embarrancat-a-sestanyol-mentre-sespera-autoritzacio-per-retirar-lo\/#respond\"]}]},{\"@type\":\"WebPage\",\"@id\":\"https:\/\/www.salvemsabadia.com\/descontaminat-demergencia-un-iot-embarrancat-a-sestanyol-mentre-sespera-autoritzacio-per-retirar-lo\/\",\"url\":\"https:\/\/www.salvemsabadia.com\/descontaminat-demergencia-un-iot-embarrancat-a-sestanyol-mentre-sespera-autoritzacio-per-retirar-lo\/\",\"name\":\"Descontaminado de emergencia un yate embarrancado en s\u2019Estanyol mientras se espera autorizaci\u00f3n para retirarlo - Salvem Sa Badia de Portmany\",\"isPartOf\":{\"@id\":\"https:\/\/www.salvemsabadia.com\/#website\"},\"primaryImageOfPage\":{\"@id\":\"https:\/\/www.salvemsabadia.com\/descontaminat-demergencia-un-iot-embarrancat-a-sestanyol-mentre-sespera-autoritzacio-per-retirar-lo\/#primaryimage\"},\"image\":{\"@id\":\"https:\/\/www.salvemsabadia.com\/descontaminat-demergencia-un-iot-embarrancat-a-sestanyol-mentre-sespera-autoritzacio-per-retirar-lo\/#primaryimage\"},\"thumbnailUrl\":\"https:\/\/www.salvemsabadia.com\/wp-content\/uploads\/2022\/11\/WhatsApp-Image-2022-11-28-at-14.21.38-3.jpeg\",\"datePublished\":\"2022-11-29T18:36:59+00:00\",\"dateModified\":\"2022-11-30T08:01:32+00:00\",\"breadcrumb\":{\"@id\":\"https:\/\/www.salvemsabadia.com\/descontaminat-demergencia-un-iot-embarrancat-a-sestanyol-mentre-sespera-autoritzacio-per-retirar-lo\/#breadcrumb\"},\"inLanguage\":\"es\",\"potentialAction\":[{\"@type\":\"ReadAction\",\"target\":[\"https:\/\/www.salvemsabadia.com\/descontaminat-demergencia-un-iot-embarrancat-a-sestanyol-mentre-sespera-autoritzacio-per-retirar-lo\/\"]}]},{\"@type\":\"ImageObject\",\"inLanguage\":\"es\",\"@id\":\"https:\/\/www.salvemsabadia.com\/descontaminat-demergencia-un-iot-embarrancat-a-sestanyol-mentre-sespera-autoritzacio-per-retirar-lo\/#primaryimage\",\"url\":\"https:\/\/www.salvemsabadia.com\/wp-content\/uploads\/2022\/11\/WhatsApp-Image-2022-11-28-at-14.21.38-3.jpeg\",\"contentUrl\":\"https:\/\/www.salvemsabadia.com\/wp-content\/uploads\/2022\/11\/WhatsApp-Image-2022-11-28-at-14.21.38-3.jpeg\",\"width\":1024,\"height\":768},{\"@type\":\"BreadcrumbList\",\"@id\":\"https:\/\/www.salvemsabadia.com\/descontaminat-demergencia-un-iot-embarrancat-a-sestanyol-mentre-sespera-autoritzacio-per-retirar-lo\/#breadcrumb\",\"itemListElement\":[{\"@type\":\"ListItem\",\"position\":1,\"name\":\"Portada\",\"item\":\"https:\/\/www.salvemsabadia.com\/es\/\"},{\"@type\":\"ListItem\",\"position\":2,\"name\":\"Descontaminado de emergencia un yate embarrancado en s\u2019Estanyol mientras se espera autorizaci\u00f3n para retirarlo\"}]},{\"@type\":\"WebSite\",\"@id\":\"https:\/\/www.salvemsabadia.com\/#website\",\"url\":\"https:\/\/www.salvemsabadia.com\/\",\"name\":\"Salvem Sa Badia de Portmany\",\"description\":\"\",\"publisher\":{\"@id\":\"https:\/\/www.salvemsabadia.com\/#organization\"},\"potentialAction\":[{\"@type\":\"SearchAction\",\"target\":{\"@type\":\"EntryPoint\",\"urlTemplate\":\"https:\/\/www.salvemsabadia.com\/?s={search_term_string}\"},\"query-input\":{\"@type\":\"PropertyValueSpecification\",\"valueRequired\":true,\"valueName\":\"search_term_string\"}}],\"inLanguage\":\"es\"},{\"@type\":\"Organization\",\"@id\":\"https:\/\/www.salvemsabadia.com\/#organization\",\"name\":\"Salvem Sa Badia de Portmany\",\"url\":\"https:\/\/www.salvemsabadia.com\/\",\"logo\":{\"@type\":\"ImageObject\",\"inLanguage\":\"es\",\"@id\":\"https:\/\/www.salvemsabadia.com\/#\/schema\/logo\/image\/\",\"url\":\"https:\/\/www.salvemsabadia.com\/wp-content\/uploads\/2020\/03\/logo.png\",\"contentUrl\":\"https:\/\/www.salvemsabadia.com\/wp-content\/uploads\/2020\/03\/logo.png\",\"width\":188,\"height\":151,\"caption\":\"Salvem Sa Badia de Portmany\"},\"image\":{\"@id\":\"https:\/\/www.salvemsabadia.com\/#\/schema\/logo\/image\/\"}},{\"@type\":\"Person\",\"@id\":\"https:\/\/www.salvemsabadia.com\/#\/schema\/person\/5d08c5118adcb4140d13bde4826ba122\",\"name\":\"Salvem sa Badia\",\"image\":{\"@type\":\"ImageObject\",\"inLanguage\":\"es\",\"@id\":\"https:\/\/www.salvemsabadia.com\/#\/schema\/person\/image\/\",\"url\":\"https:\/\/secure.gravatar.com\/avatar\/d569ee5739a9c7022470ea472c9b4b9cf476e15f1be71e5242c911d673d14ad9?s=96&d=mm&r=g\",\"contentUrl\":\"https:\/\/secure.gravatar.com\/avatar\/d569ee5739a9c7022470ea472c9b4b9cf476e15f1be71e5242c911d673d14ad9?s=96&d=mm&r=g\",\"caption\":\"Salvem sa Badia\"}}]}<\/script>\n<!-- \/ Yoast SEO plugin. -->","yoast_head_json":{"title":"Descontaminado de emergencia un yate embarrancado en s\u2019Estanyol mientras se espera autorizaci\u00f3n para retirarlo - Salvem Sa Badia de Portmany","robots":{"index":"index","follow":"follow","max-snippet":"max-snippet:-1","max-image-preview":"max-image-preview:large","max-video-preview":"max-video-preview:-1"},"canonical":"https:\/\/www.salvemsabadia.com\/descontaminat-demergencia-un-iot-embarrancat-a-sestanyol-mentre-sespera-autoritzacio-per-retirar-lo\/","og_locale":"es_ES","og_type":"article","og_title":"Descontaminado de emergencia un yate embarrancado en s\u2019Estanyol mientras se espera autorizaci\u00f3n para retirarlo - Salvem Sa Badia de Portmany","og_description":"El Ayuntamiento de Sant Josep, a trav\u00e9s de la Concejal\u00eda de Playas y Litoral, ha procedido a la descontaminaci\u00f3n por v\u00eda de emergencia de un velero de gran eslora que...","og_url":"https:\/\/www.salvemsabadia.com\/descontaminat-demergencia-un-iot-embarrancat-a-sestanyol-mentre-sespera-autoritzacio-per-retirar-lo\/","og_site_name":"Salvem Sa Badia de Portmany","article_published_time":"2022-11-29T18:36:59+00:00","article_modified_time":"2022-11-30T08:01:32+00:00","og_image":[{"width":1024,"height":768,"url":"https:\/\/www.salvemsabadia.com\/wp-content\/uploads\/2022\/11\/WhatsApp-Image-2022-11-28-at-14.21.38-3.jpeg","type":"image\/jpeg"}],"author":"Salvem sa Badia","twitter_card":"summary_large_image","twitter_misc":{"Escrito por":"Salvem sa Badia","Tiempo de lectura":"4 minutos"},"schema":{"@context":"https:\/\/schema.org","@graph":[{"@type":"Article","@id":"https:\/\/www.salvemsabadia.com\/descontaminat-demergencia-un-iot-embarrancat-a-sestanyol-mentre-sespera-autoritzacio-per-retirar-lo\/#article","isPartOf":{"@id":"https:\/\/www.salvemsabadia.com\/descontaminat-demergencia-un-iot-embarrancat-a-sestanyol-mentre-sespera-autoritzacio-per-retirar-lo\/"},"author":{"name":"Salvem sa Badia","@id":"https:\/\/www.salvemsabadia.com\/#\/schema\/person\/5d08c5118adcb4140d13bde4826ba122"},"headline":"Descontaminado de emergencia un yate embarrancado en s\u2019Estanyol mientras se espera autorizaci\u00f3n para retirarlo","datePublished":"2022-11-29T18:36:59+00:00","dateModified":"2022-11-30T08:01:32+00:00","mainEntityOfPage":{"@id":"https:\/\/www.salvemsabadia.com\/descontaminat-demergencia-un-iot-embarrancat-a-sestanyol-mentre-sespera-autoritzacio-per-retirar-lo\/"},"wordCount":760,"commentCount":0,"publisher":{"@id":"https:\/\/www.salvemsabadia.com\/#organization"},"image":{"@id":"https:\/\/www.salvemsabadia.com\/descontaminat-demergencia-un-iot-embarrancat-a-sestanyol-mentre-sespera-autoritzacio-per-retirar-lo\/#primaryimage"},"thumbnailUrl":"https:\/\/www.salvemsabadia.com\/wp-content\/uploads\/2022\/11\/WhatsApp-Image-2022-11-28-at-14.21.38-3.jpeg","articleSection":["Destacado","Fondeo irregular","Posidonia","Salvem Sa Badia"],"inLanguage":"es","potentialAction":[{"@type":"CommentAction","name":"Comment","target":["https:\/\/www.salvemsabadia.com\/descontaminat-demergencia-un-iot-embarrancat-a-sestanyol-mentre-sespera-autoritzacio-per-retirar-lo\/#respond"]}]},{"@type":"WebPage","@id":"https:\/\/www.salvemsabadia.com\/descontaminat-demergencia-un-iot-embarrancat-a-sestanyol-mentre-sespera-autoritzacio-per-retirar-lo\/","url":"https:\/\/www.salvemsabadia.com\/descontaminat-demergencia-un-iot-embarrancat-a-sestanyol-mentre-sespera-autoritzacio-per-retirar-lo\/","name":"Descontaminado de emergencia un yate embarrancado en s\u2019Estanyol mientras se espera autorizaci\u00f3n para retirarlo - Salvem Sa Badia de Portmany","isPartOf":{"@id":"https:\/\/www.salvemsabadia.com\/#website"},"primaryImageOfPage":{"@id":"https:\/\/www.salvemsabadia.com\/descontaminat-demergencia-un-iot-embarrancat-a-sestanyol-mentre-sespera-autoritzacio-per-retirar-lo\/#primaryimage"},"image":{"@id":"https:\/\/www.salvemsabadia.com\/descontaminat-demergencia-un-iot-embarrancat-a-sestanyol-mentre-sespera-autoritzacio-per-retirar-lo\/#primaryimage"},"thumbnailUrl":"https:\/\/www.salvemsabadia.com\/wp-content\/uploads\/2022\/11\/WhatsApp-Image-2022-11-28-at-14.21.38-3.jpeg","datePublished":"2022-11-29T18:36:59+00:00","dateModified":"2022-11-30T08:01:32+00:00","breadcrumb":{"@id":"https:\/\/www.salvemsabadia.com\/descontaminat-demergencia-un-iot-embarrancat-a-sestanyol-mentre-sespera-autoritzacio-per-retirar-lo\/#breadcrumb"},"inLanguage":"es","potentialAction":[{"@type":"ReadAction","target":["https:\/\/www.salvemsabadia.com\/descontaminat-demergencia-un-iot-embarrancat-a-sestanyol-mentre-sespera-autoritzacio-per-retirar-lo\/"]}]},{"@type":"ImageObject","inLanguage":"es","@id":"https:\/\/www.salvemsabadia.com\/descontaminat-demergencia-un-iot-embarrancat-a-sestanyol-mentre-sespera-autoritzacio-per-retirar-lo\/#primaryimage","url":"https:\/\/www.salvemsabadia.com\/wp-content\/uploads\/2022\/11\/WhatsApp-Image-2022-11-28-at-14.21.38-3.jpeg","contentUrl":"https:\/\/www.salvemsabadia.com\/wp-content\/uploads\/2022\/11\/WhatsApp-Image-2022-11-28-at-14.21.38-3.jpeg","width":1024,"height":768},{"@type":"BreadcrumbList","@id":"https:\/\/www.salvemsabadia.com\/descontaminat-demergencia-un-iot-embarrancat-a-sestanyol-mentre-sespera-autoritzacio-per-retirar-lo\/#breadcrumb","itemListElement":[{"@type":"ListItem","position":1,"name":"Portada","item":"https:\/\/www.salvemsabadia.com\/es\/"},{"@type":"ListItem","position":2,"name":"Descontaminado de emergencia un yate embarrancado en s\u2019Estanyol mientras se espera autorizaci\u00f3n para retirarlo"}]},{"@type":"WebSite","@id":"https:\/\/www.salvemsabadia.com\/#website","url":"https:\/\/www.salvemsabadia.com\/","name":"Salvem Sa Badia de Portmany","description":"","publisher":{"@id":"https:\/\/www.salvemsabadia.com\/#organization"},"potentialAction":[{"@type":"SearchAction","target":{"@type":"EntryPoint","urlTemplate":"https:\/\/www.salvemsabadia.com\/?s={search_term_string}"},"query-input":{"@type":"PropertyValueSpecification","valueRequired":true,"valueName":"search_term_string"}}],"inLanguage":"es"},{"@type":"Organization","@id":"https:\/\/www.salvemsabadia.com\/#organization","name":"Salvem Sa Badia de Portmany","url":"https:\/\/www.salvemsabadia.com\/","logo":{"@type":"ImageObject","inLanguage":"es","@id":"https:\/\/www.salvemsabadia.com\/#\/schema\/logo\/image\/","url":"https:\/\/www.salvemsabadia.com\/wp-content\/uploads\/2020\/03\/logo.png","contentUrl":"https:\/\/www.salvemsabadia.com\/wp-content\/uploads\/2020\/03\/logo.png","width":188,"height":151,"caption":"Salvem Sa Badia de Portmany"},"image":{"@id":"https:\/\/www.salvemsabadia.com\/#\/schema\/logo\/image\/"}},{"@type":"Person","@id":"https:\/\/www.salvemsabadia.com\/#\/schema\/person\/5d08c5118adcb4140d13bde4826ba122","name":"Salvem sa Badia","image":{"@type":"ImageObject","inLanguage":"es","@id":"https:\/\/www.salvemsabadia.com\/#\/schema\/person\/image\/","url":"https:\/\/secure.gravatar.com\/avatar\/d569ee5739a9c7022470ea472c9b4b9cf476e15f1be71e5242c911d673d14ad9?s=96&d=mm&r=g","contentUrl":"https:\/\/secure.gravatar.com\/avatar\/d569ee5739a9c7022470ea472c9b4b9cf476e15f1be71e5242c911d673d14ad9?s=96&d=mm&r=g","caption":"Salvem sa Badia"}}]}},"_links":{"self":[{"href":"https:\/\/www.salvemsabadia.com\/es\/wp-json\/wp\/v2\/posts\/4354","targetHints":{"allow":["GET"]}}],"collection":[{"href":"https:\/\/www.salvemsabadia.com\/es\/wp-json\/wp\/v2\/posts"}],"about":[{"href":"https:\/\/www.salvemsabadia.com\/es\/wp-json\/wp\/v2\/types\/post"}],"author":[{"embeddable":true,"href":"https:\/\/www.salvemsabadia.com\/es\/wp-json\/wp\/v2\/users\/2"}],"replies":[{"embeddable":true,"href":"https:\/\/www.salvemsabadia.com\/es\/wp-json\/wp\/v2\/comments?post=4354"}],"version-history":[{"count":0,"href":"https:\/\/www.salvemsabadia.com\/es\/wp-json\/wp\/v2\/posts\/4354\/revisions"}],"wp:featuredmedia":[{"embeddable":true,"href":"https:\/\/www.salvemsabadia.com\/es\/wp-json\/wp\/v2\/media\/4363"}],"wp:attachment":[{"href":"https:\/\/www.salvemsabadia.com\/es\/wp-json\/wp\/v2\/media?parent=4354"}],"wp:term":[{"taxonomy":"category","embeddable":true,"href":"https:\/\/www.salvemsabadia.com\/es\/wp-json\/wp\/v2\/categories?post=4354"},{"taxonomy":"post_tag","embeddable":true,"href":"https:\/\/www.salvemsabadia.com\/es\/wp-json\/wp\/v2\/tags?post=4354"}],"curies":[{"name":"wp","href":"https:\/\/api.w.org\/{rel}","templated":true}]}}