{"id":4372,"date":"2022-12-01T11:38:18","date_gmt":"2022-12-01T10:38:18","guid":{"rendered":"https:\/\/www.salvemsabadia.com\/?p=4372"},"modified":"2022-12-01T12:11:51","modified_gmt":"2022-12-01T11:11:51","slug":"avistados-varios-ejemplares-de-pajaro-pinguino-en-la-bahia-de-portmany","status":"publish","type":"post","link":"https:\/\/www.salvemsabadia.com\/es\/avistados-varios-ejemplares-de-pajaro-pinguino-en-la-bahia-de-portmany\/","title":{"rendered":"Avistados varios ejemplares de p\u00e1jaro ping\u00fcino en la bah\u00eda de Portmany"},"content":{"rendered":"<p><img loading=\"lazy\" decoding=\"async\" class=\"alignnone wp-image-4377 size-full\" src=\"https:\/\/www.salvemsabadia.com\/wp-content\/uploads\/2022\/12\/WhatsApp-Image-2022-12-01-at-10.40.12-1.jpeg\" alt=\"\" width=\"2040\" height=\"1148\" srcset=\"https:\/\/www.salvemsabadia.com\/wp-content\/uploads\/2022\/12\/WhatsApp-Image-2022-12-01-at-10.40.12-1.jpeg 2040w, https:\/\/www.salvemsabadia.com\/wp-content\/uploads\/2022\/12\/WhatsApp-Image-2022-12-01-at-10.40.12-1-300x169.jpeg 300w, https:\/\/www.salvemsabadia.com\/wp-content\/uploads\/2022\/12\/WhatsApp-Image-2022-12-01-at-10.40.12-1-1024x576.jpeg 1024w, https:\/\/www.salvemsabadia.com\/wp-content\/uploads\/2022\/12\/WhatsApp-Image-2022-12-01-at-10.40.12-1-768x432.jpeg 768w, https:\/\/www.salvemsabadia.com\/wp-content\/uploads\/2022\/12\/WhatsApp-Image-2022-12-01-at-10.40.12-1-1536x864.jpeg 1536w\" sizes=\"auto, (max-width: 2040px) 100vw, 2040px\" \/>El pasado s\u00e1bado, 24 de noviembre, dos ejemplares de <em>Alca torda<\/em>, ave m\u00e1s conocida como \u2018p\u00e1jaro ping\u00fcino\u2019, fueron hallados sin vida en la orilla de la playa de s\u2019Arenal por un equipo de Salvem sa Badia de Portmany, que alert\u00f3 a la Conselleria de Medio Ambiente, a trav\u00e9s del 112. Hoy mismo, se ha avistado otra pareja nadando y aliment\u00e1ndose en plena bah\u00eda, probablemente la misma que tambi\u00e9n fue localizada por otro equipo de Salvem sa Badia el martes.<\/p>\n<p>El \u2018p\u00e1jaro ping\u00fcino\u2019 es un ave rara de ver en el archi\u00e9lago balear y que procede del Atl\u00e1ntico Norte, donde habita en lugares como Groelandia, Noruega o Islandia, entre otros pa\u00edses. Suele migrar en busca de calor a zonas del Atl\u00e1ntico sur, como C\u00e1diz o Portugal, pero no es frecuente que se desplace hacia el Mediterr\u00e1neo.<\/p>\n<p><iframe loading=\"lazy\" title=\"P\u00e1jaros ping\u00fcinos en la bah\u00eda de Portmany\" width=\"1080\" height=\"608\" src=\"https:\/\/www.youtube.com\/embed\/8UEkLaQTS6c?feature=oembed\" frameborder=\"0\" allow=\"accelerometer; autoplay; clipboard-write; encrypted-media; gyroscope; picture-in-picture\" allowfullscreen><\/iframe><\/p>\n<p>En estos d\u00edas se han producido numerosos avistamientos en Mallorca, C\u00f3rcega y en la costa mediterr\u00e1nea francesa y el levante espa\u00f1ol. Algunos expertos han se\u00f1alado que las aves est\u00e1n huyendo del norte del Atl\u00e1ntico para protegerse de un fuerte temporal que est\u00e1 azotando las zonas donde habita. Seg\u00fan fuentes de la Conselleria de Medio Ambiente del Govern balear, no es la primera vez que aparecen en Balears, aunque su presencia es accidental y rara.<\/p>\n<p>Muchas de ellas llegan extremadamente debilitadas por el esfuerzo y mueren. Son conocidas como \u2018p\u00e1jaro ping\u00fcino\u2019 por su parecido con este animal, aunque no pertenecen a la misma familia. Se alimentan de peces y se desplazan tanto bajo el agua como volando, pudiendo recorrer distancias muy amplias. Los p\u00e1jaros que llegan heridos son recogidos hasta que se recuperan y se sueltan de nuevo.<\/p>\n<p><img loading=\"lazy\" decoding=\"async\" class=\"alignnone wp-image-4373 size-large\" src=\"https:\/\/www.salvemsabadia.com\/wp-content\/uploads\/2022\/12\/WhatsApp-Image-2022-12-01-at-10.44.00-copia-2-768x1024.jpeg\" alt=\"\" width=\"768\" height=\"1024\" srcset=\"https:\/\/www.salvemsabadia.com\/wp-content\/uploads\/2022\/12\/WhatsApp-Image-2022-12-01-at-10.44.00-copia-2-768x1024.jpeg 768w, https:\/\/www.salvemsabadia.com\/wp-content\/uploads\/2022\/12\/WhatsApp-Image-2022-12-01-at-10.44.00-copia-2-225x300.jpeg 225w, https:\/\/www.salvemsabadia.com\/wp-content\/uploads\/2022\/12\/WhatsApp-Image-2022-12-01-at-10.44.00-copia-2-1152x1536.jpeg 1152w, https:\/\/www.salvemsabadia.com\/wp-content\/uploads\/2022\/12\/WhatsApp-Image-2022-12-01-at-10.44.00-copia-2.jpeg 1536w\" sizes=\"auto, (max-width: 768px) 100vw, 768px\" \/><\/p>\n<p>El avistamiento de hoy ha coincidido con los trabajos de custodia marina que realiza el instituto Quart\u00f3 de Portmany, en colaboraci\u00f3n con Salvem sa Badia de Portmany. Ha sido un momento muy especial, ya que los alumnos y sus profesores nunca hab\u00edan contemplado este animal en nuestras aguas.<\/p>\n<p>El proyecto educativo de custodia marina que impulsa Salvem sa Badia de Portmay con los institutos de la zona acaba de cumplir un a\u00f1o, ya que se puso en marcha en noviembre de 2021. Participan en \u00e9l alumnos de Sa Serra, Quart\u00f3 de Portmany, Sant Agust\u00ed y Trinitarias, de entre 14 y 17 a\u00f1os, que eligen una playa de la bah\u00eda. A ella acuden al menos una vez por estaci\u00f3n para descifrar la biodiversidad del entorno y realizar un seguimiento de los cambios en la vida marina producidos en los distintos momentos del a\u00f1o, con condiciones meteorol\u00f3gicas diferentes.<\/p>\n<p><img loading=\"lazy\" decoding=\"async\" class=\"alignnone wp-image-4375 size-full\" src=\"https:\/\/www.salvemsabadia.com\/wp-content\/uploads\/2022\/12\/WhatsApp-Image-2022-12-01-at-10.44.00-copia.jpeg\" alt=\"\" width=\"2048\" height=\"1536\" srcset=\"https:\/\/www.salvemsabadia.com\/wp-content\/uploads\/2022\/12\/WhatsApp-Image-2022-12-01-at-10.44.00-copia.jpeg 2048w, https:\/\/www.salvemsabadia.com\/wp-content\/uploads\/2022\/12\/WhatsApp-Image-2022-12-01-at-10.44.00-copia-300x225.jpeg 300w, https:\/\/www.salvemsabadia.com\/wp-content\/uploads\/2022\/12\/WhatsApp-Image-2022-12-01-at-10.44.00-copia-1024x768.jpeg 1024w, https:\/\/www.salvemsabadia.com\/wp-content\/uploads\/2022\/12\/WhatsApp-Image-2022-12-01-at-10.44.00-copia-768x576.jpeg 768w, https:\/\/www.salvemsabadia.com\/wp-content\/uploads\/2022\/12\/WhatsApp-Image-2022-12-01-at-10.44.00-copia-1536x1152.jpeg 1536w\" sizes=\"auto, (max-width: 2048px) 100vw, 2048px\" \/><\/p>\n<p>En el transcurso de estas visitas, siguiendo un protocolo cient\u00edfico y en el marco de una cuadr\u00edcula, los alumnos toman datos de las especies que encuentran en la orilla de la playa, para as\u00ed poder apreciar cambios, hacer un seguimiento de especies objetivo que son importantes para la conservaci\u00f3n marina y aportar dichos datos a plataformas de ciencia ciudadana, como Observadores del mar, Reefcheck y Biodibal. Tambi\u00e9n se localizan indicios sobre la reproducci\u00f3n de las praderas de Cymodocea nodosa y Posidonia oce\u00e1nica, buscando sus flores y frutos.<\/p>\n","protected":false},"excerpt":{"rendered":"<p>El pasado s\u00e1bado, 24 de noviembre, dos ejemplares de Alca torda, ave m\u00e1s conocida como \u2018p\u00e1jaro ping\u00fcino\u2019, fueron hallados sin vida en la orilla de la playa de s\u2019Arenal por&#8230;<\/p>\n","protected":false},"author":2,"featured_media":4377,"comment_status":"open","ping_status":"open","sticky":false,"template":"","format":"standard","meta":{"give_campaign_id":0,"footnotes":""},"categories":[201,106,206,10],"tags":[],"class_list":{"0":"post-4372","1":"post","2":"type-post","3":"status-publish","4":"format-standard","5":"has-post-thumbnail","7":"category-biodiversidad","8":"category-destacado","9":"category-educacion","10":"category-salvem-sa-badia"},"yoast_head":"<!-- This site is optimized with the Yoast SEO plugin v26.8 - https:\/\/yoast.com\/product\/yoast-seo-wordpress\/ -->\n<title>Avistados varios ejemplares de p\u00e1jaro ping\u00fcino en la bah\u00eda de Portmany - Salvem Sa Badia de Portmany<\/title>\n<meta name=\"robots\" content=\"index, follow, max-snippet:-1, max-image-preview:large, max-video-preview:-1\" \/>\n<link rel=\"canonical\" href=\"https:\/\/www.salvemsabadia.com\/albirats-diversos-exemplars-docell-pingui-a-la-badia-de-portmany\/\" \/>\n<meta property=\"og:locale\" content=\"es_ES\" \/>\n<meta property=\"og:type\" content=\"article\" \/>\n<meta property=\"og:title\" content=\"Avistados varios ejemplares de p\u00e1jaro ping\u00fcino en la bah\u00eda de Portmany - Salvem Sa Badia de Portmany\" \/>\n<meta property=\"og:description\" content=\"El pasado s\u00e1bado, 24 de noviembre, dos ejemplares de Alca torda, ave m\u00e1s conocida como \u2018p\u00e1jaro ping\u00fcino\u2019, fueron hallados sin vida en la orilla de la playa de s\u2019Arenal por...\" \/>\n<meta property=\"og:url\" content=\"https:\/\/www.salvemsabadia.com\/albirats-diversos-exemplars-docell-pingui-a-la-badia-de-portmany\/\" \/>\n<meta property=\"og:site_name\" content=\"Salvem Sa Badia de Portmany\" \/>\n<meta property=\"article:published_time\" content=\"2022-12-01T10:38:18+00:00\" \/>\n<meta property=\"article:modified_time\" content=\"2022-12-01T11:11:51+00:00\" \/>\n<meta property=\"og:image\" content=\"https:\/\/www.salvemsabadia.com\/wp-content\/uploads\/2022\/12\/WhatsApp-Image-2022-12-01-at-10.40.12-1.jpeg\" \/>\n\t<meta property=\"og:image:width\" content=\"2040\" \/>\n\t<meta property=\"og:image:height\" content=\"1148\" \/>\n\t<meta property=\"og:image:type\" content=\"image\/jpeg\" \/>\n<meta name=\"author\" content=\"Salvem sa Badia\" \/>\n<meta name=\"twitter:card\" content=\"summary_large_image\" \/>\n<meta name=\"twitter:label1\" content=\"Escrito por\" \/>\n\t<meta name=\"twitter:data1\" content=\"Salvem sa Badia\" \/>\n\t<meta name=\"twitter:label2\" content=\"Tiempo de lectura\" \/>\n\t<meta name=\"twitter:data2\" content=\"3 minutos\" \/>\n<script type=\"application\/ld+json\" class=\"yoast-schema-graph\">{\"@context\":\"https:\/\/schema.org\",\"@graph\":[{\"@type\":\"Article\",\"@id\":\"https:\/\/www.salvemsabadia.com\/albirats-diversos-exemplars-docell-pingui-a-la-badia-de-portmany\/#article\",\"isPartOf\":{\"@id\":\"https:\/\/www.salvemsabadia.com\/albirats-diversos-exemplars-docell-pingui-a-la-badia-de-portmany\/\"},\"author\":{\"name\":\"Salvem sa Badia\",\"@id\":\"https:\/\/www.salvemsabadia.com\/#\/schema\/person\/5d08c5118adcb4140d13bde4826ba122\"},\"headline\":\"Avistados varios ejemplares de p\u00e1jaro ping\u00fcino en la bah\u00eda de Portmany\",\"datePublished\":\"2022-12-01T10:38:18+00:00\",\"dateModified\":\"2022-12-01T11:11:51+00:00\",\"mainEntityOfPage\":{\"@id\":\"https:\/\/www.salvemsabadia.com\/albirats-diversos-exemplars-docell-pingui-a-la-badia-de-portmany\/\"},\"wordCount\":561,\"commentCount\":0,\"publisher\":{\"@id\":\"https:\/\/www.salvemsabadia.com\/#organization\"},\"image\":{\"@id\":\"https:\/\/www.salvemsabadia.com\/albirats-diversos-exemplars-docell-pingui-a-la-badia-de-portmany\/#primaryimage\"},\"thumbnailUrl\":\"https:\/\/www.salvemsabadia.com\/wp-content\/uploads\/2022\/12\/WhatsApp-Image-2022-12-01-at-10.40.12-1.jpeg\",\"articleSection\":[\"Biodiversidad\",\"Destacado\",\"Educaci\u00f3n\",\"Salvem Sa Badia\"],\"inLanguage\":\"es\",\"potentialAction\":[{\"@type\":\"CommentAction\",\"name\":\"Comment\",\"target\":[\"https:\/\/www.salvemsabadia.com\/albirats-diversos-exemplars-docell-pingui-a-la-badia-de-portmany\/#respond\"]}]},{\"@type\":\"WebPage\",\"@id\":\"https:\/\/www.salvemsabadia.com\/albirats-diversos-exemplars-docell-pingui-a-la-badia-de-portmany\/\",\"url\":\"https:\/\/www.salvemsabadia.com\/albirats-diversos-exemplars-docell-pingui-a-la-badia-de-portmany\/\",\"name\":\"Avistados varios ejemplares de p\u00e1jaro ping\u00fcino en la bah\u00eda de Portmany - Salvem Sa Badia de Portmany\",\"isPartOf\":{\"@id\":\"https:\/\/www.salvemsabadia.com\/#website\"},\"primaryImageOfPage\":{\"@id\":\"https:\/\/www.salvemsabadia.com\/albirats-diversos-exemplars-docell-pingui-a-la-badia-de-portmany\/#primaryimage\"},\"image\":{\"@id\":\"https:\/\/www.salvemsabadia.com\/albirats-diversos-exemplars-docell-pingui-a-la-badia-de-portmany\/#primaryimage\"},\"thumbnailUrl\":\"https:\/\/www.salvemsabadia.com\/wp-content\/uploads\/2022\/12\/WhatsApp-Image-2022-12-01-at-10.40.12-1.jpeg\",\"datePublished\":\"2022-12-01T10:38:18+00:00\",\"dateModified\":\"2022-12-01T11:11:51+00:00\",\"breadcrumb\":{\"@id\":\"https:\/\/www.salvemsabadia.com\/albirats-diversos-exemplars-docell-pingui-a-la-badia-de-portmany\/#breadcrumb\"},\"inLanguage\":\"es\",\"potentialAction\":[{\"@type\":\"ReadAction\",\"target\":[\"https:\/\/www.salvemsabadia.com\/albirats-diversos-exemplars-docell-pingui-a-la-badia-de-portmany\/\"]}]},{\"@type\":\"ImageObject\",\"inLanguage\":\"es\",\"@id\":\"https:\/\/www.salvemsabadia.com\/albirats-diversos-exemplars-docell-pingui-a-la-badia-de-portmany\/#primaryimage\",\"url\":\"https:\/\/www.salvemsabadia.com\/wp-content\/uploads\/2022\/12\/WhatsApp-Image-2022-12-01-at-10.40.12-1.jpeg\",\"contentUrl\":\"https:\/\/www.salvemsabadia.com\/wp-content\/uploads\/2022\/12\/WhatsApp-Image-2022-12-01-at-10.40.12-1.jpeg\",\"width\":2040,\"height\":1148},{\"@type\":\"BreadcrumbList\",\"@id\":\"https:\/\/www.salvemsabadia.com\/albirats-diversos-exemplars-docell-pingui-a-la-badia-de-portmany\/#breadcrumb\",\"itemListElement\":[{\"@type\":\"ListItem\",\"position\":1,\"name\":\"Portada\",\"item\":\"https:\/\/www.salvemsabadia.com\/es\/\"},{\"@type\":\"ListItem\",\"position\":2,\"name\":\"Avistados varios ejemplares de p\u00e1jaro ping\u00fcino en la bah\u00eda de Portmany\"}]},{\"@type\":\"WebSite\",\"@id\":\"https:\/\/www.salvemsabadia.com\/#website\",\"url\":\"https:\/\/www.salvemsabadia.com\/\",\"name\":\"Salvem Sa Badia de Portmany\",\"description\":\"\",\"publisher\":{\"@id\":\"https:\/\/www.salvemsabadia.com\/#organization\"},\"potentialAction\":[{\"@type\":\"SearchAction\",\"target\":{\"@type\":\"EntryPoint\",\"urlTemplate\":\"https:\/\/www.salvemsabadia.com\/?s={search_term_string}\"},\"query-input\":{\"@type\":\"PropertyValueSpecification\",\"valueRequired\":true,\"valueName\":\"search_term_string\"}}],\"inLanguage\":\"es\"},{\"@type\":\"Organization\",\"@id\":\"https:\/\/www.salvemsabadia.com\/#organization\",\"name\":\"Salvem Sa Badia de Portmany\",\"url\":\"https:\/\/www.salvemsabadia.com\/\",\"logo\":{\"@type\":\"ImageObject\",\"inLanguage\":\"es\",\"@id\":\"https:\/\/www.salvemsabadia.com\/#\/schema\/logo\/image\/\",\"url\":\"https:\/\/www.salvemsabadia.com\/wp-content\/uploads\/2020\/03\/logo.png\",\"contentUrl\":\"https:\/\/www.salvemsabadia.com\/wp-content\/uploads\/2020\/03\/logo.png\",\"width\":188,\"height\":151,\"caption\":\"Salvem Sa Badia de Portmany\"},\"image\":{\"@id\":\"https:\/\/www.salvemsabadia.com\/#\/schema\/logo\/image\/\"}},{\"@type\":\"Person\",\"@id\":\"https:\/\/www.salvemsabadia.com\/#\/schema\/person\/5d08c5118adcb4140d13bde4826ba122\",\"name\":\"Salvem sa Badia\",\"image\":{\"@type\":\"ImageObject\",\"inLanguage\":\"es\",\"@id\":\"https:\/\/www.salvemsabadia.com\/#\/schema\/person\/image\/\",\"url\":\"https:\/\/secure.gravatar.com\/avatar\/d569ee5739a9c7022470ea472c9b4b9cf476e15f1be71e5242c911d673d14ad9?s=96&d=mm&r=g\",\"contentUrl\":\"https:\/\/secure.gravatar.com\/avatar\/d569ee5739a9c7022470ea472c9b4b9cf476e15f1be71e5242c911d673d14ad9?s=96&d=mm&r=g\",\"caption\":\"Salvem sa Badia\"}}]}<\/script>\n<!-- \/ Yoast SEO plugin. -->","yoast_head_json":{"title":"Avistados varios ejemplares de p\u00e1jaro ping\u00fcino en la bah\u00eda de Portmany - Salvem Sa Badia de Portmany","robots":{"index":"index","follow":"follow","max-snippet":"max-snippet:-1","max-image-preview":"max-image-preview:large","max-video-preview":"max-video-preview:-1"},"canonical":"https:\/\/www.salvemsabadia.com\/albirats-diversos-exemplars-docell-pingui-a-la-badia-de-portmany\/","og_locale":"es_ES","og_type":"article","og_title":"Avistados varios ejemplares de p\u00e1jaro ping\u00fcino en la bah\u00eda de Portmany - Salvem Sa Badia de Portmany","og_description":"El pasado s\u00e1bado, 24 de noviembre, dos ejemplares de Alca torda, ave m\u00e1s conocida como \u2018p\u00e1jaro ping\u00fcino\u2019, fueron hallados sin vida en la orilla de la playa de s\u2019Arenal por...","og_url":"https:\/\/www.salvemsabadia.com\/albirats-diversos-exemplars-docell-pingui-a-la-badia-de-portmany\/","og_site_name":"Salvem Sa Badia de Portmany","article_published_time":"2022-12-01T10:38:18+00:00","article_modified_time":"2022-12-01T11:11:51+00:00","og_image":[{"width":2040,"height":1148,"url":"https:\/\/www.salvemsabadia.com\/wp-content\/uploads\/2022\/12\/WhatsApp-Image-2022-12-01-at-10.40.12-1.jpeg","type":"image\/jpeg"}],"author":"Salvem sa Badia","twitter_card":"summary_large_image","twitter_misc":{"Escrito por":"Salvem sa Badia","Tiempo de lectura":"3 minutos"},"schema":{"@context":"https:\/\/schema.org","@graph":[{"@type":"Article","@id":"https:\/\/www.salvemsabadia.com\/albirats-diversos-exemplars-docell-pingui-a-la-badia-de-portmany\/#article","isPartOf":{"@id":"https:\/\/www.salvemsabadia.com\/albirats-diversos-exemplars-docell-pingui-a-la-badia-de-portmany\/"},"author":{"name":"Salvem sa Badia","@id":"https:\/\/www.salvemsabadia.com\/#\/schema\/person\/5d08c5118adcb4140d13bde4826ba122"},"headline":"Avistados varios ejemplares de p\u00e1jaro ping\u00fcino en la bah\u00eda de Portmany","datePublished":"2022-12-01T10:38:18+00:00","dateModified":"2022-12-01T11:11:51+00:00","mainEntityOfPage":{"@id":"https:\/\/www.salvemsabadia.com\/albirats-diversos-exemplars-docell-pingui-a-la-badia-de-portmany\/"},"wordCount":561,"commentCount":0,"publisher":{"@id":"https:\/\/www.salvemsabadia.com\/#organization"},"image":{"@id":"https:\/\/www.salvemsabadia.com\/albirats-diversos-exemplars-docell-pingui-a-la-badia-de-portmany\/#primaryimage"},"thumbnailUrl":"https:\/\/www.salvemsabadia.com\/wp-content\/uploads\/2022\/12\/WhatsApp-Image-2022-12-01-at-10.40.12-1.jpeg","articleSection":["Biodiversidad","Destacado","Educaci\u00f3n","Salvem Sa Badia"],"inLanguage":"es","potentialAction":[{"@type":"CommentAction","name":"Comment","target":["https:\/\/www.salvemsabadia.com\/albirats-diversos-exemplars-docell-pingui-a-la-badia-de-portmany\/#respond"]}]},{"@type":"WebPage","@id":"https:\/\/www.salvemsabadia.com\/albirats-diversos-exemplars-docell-pingui-a-la-badia-de-portmany\/","url":"https:\/\/www.salvemsabadia.com\/albirats-diversos-exemplars-docell-pingui-a-la-badia-de-portmany\/","name":"Avistados varios ejemplares de p\u00e1jaro ping\u00fcino en la bah\u00eda de Portmany - Salvem Sa Badia de Portmany","isPartOf":{"@id":"https:\/\/www.salvemsabadia.com\/#website"},"primaryImageOfPage":{"@id":"https:\/\/www.salvemsabadia.com\/albirats-diversos-exemplars-docell-pingui-a-la-badia-de-portmany\/#primaryimage"},"image":{"@id":"https:\/\/www.salvemsabadia.com\/albirats-diversos-exemplars-docell-pingui-a-la-badia-de-portmany\/#primaryimage"},"thumbnailUrl":"https:\/\/www.salvemsabadia.com\/wp-content\/uploads\/2022\/12\/WhatsApp-Image-2022-12-01-at-10.40.12-1.jpeg","datePublished":"2022-12-01T10:38:18+00:00","dateModified":"2022-12-01T11:11:51+00:00","breadcrumb":{"@id":"https:\/\/www.salvemsabadia.com\/albirats-diversos-exemplars-docell-pingui-a-la-badia-de-portmany\/#breadcrumb"},"inLanguage":"es","potentialAction":[{"@type":"ReadAction","target":["https:\/\/www.salvemsabadia.com\/albirats-diversos-exemplars-docell-pingui-a-la-badia-de-portmany\/"]}]},{"@type":"ImageObject","inLanguage":"es","@id":"https:\/\/www.salvemsabadia.com\/albirats-diversos-exemplars-docell-pingui-a-la-badia-de-portmany\/#primaryimage","url":"https:\/\/www.salvemsabadia.com\/wp-content\/uploads\/2022\/12\/WhatsApp-Image-2022-12-01-at-10.40.12-1.jpeg","contentUrl":"https:\/\/www.salvemsabadia.com\/wp-content\/uploads\/2022\/12\/WhatsApp-Image-2022-12-01-at-10.40.12-1.jpeg","width":2040,"height":1148},{"@type":"BreadcrumbList","@id":"https:\/\/www.salvemsabadia.com\/albirats-diversos-exemplars-docell-pingui-a-la-badia-de-portmany\/#breadcrumb","itemListElement":[{"@type":"ListItem","position":1,"name":"Portada","item":"https:\/\/www.salvemsabadia.com\/es\/"},{"@type":"ListItem","position":2,"name":"Avistados varios ejemplares de p\u00e1jaro ping\u00fcino en la bah\u00eda de Portmany"}]},{"@type":"WebSite","@id":"https:\/\/www.salvemsabadia.com\/#website","url":"https:\/\/www.salvemsabadia.com\/","name":"Salvem Sa Badia de Portmany","description":"","publisher":{"@id":"https:\/\/www.salvemsabadia.com\/#organization"},"potentialAction":[{"@type":"SearchAction","target":{"@type":"EntryPoint","urlTemplate":"https:\/\/www.salvemsabadia.com\/?s={search_term_string}"},"query-input":{"@type":"PropertyValueSpecification","valueRequired":true,"valueName":"search_term_string"}}],"inLanguage":"es"},{"@type":"Organization","@id":"https:\/\/www.salvemsabadia.com\/#organization","name":"Salvem Sa Badia de Portmany","url":"https:\/\/www.salvemsabadia.com\/","logo":{"@type":"ImageObject","inLanguage":"es","@id":"https:\/\/www.salvemsabadia.com\/#\/schema\/logo\/image\/","url":"https:\/\/www.salvemsabadia.com\/wp-content\/uploads\/2020\/03\/logo.png","contentUrl":"https:\/\/www.salvemsabadia.com\/wp-content\/uploads\/2020\/03\/logo.png","width":188,"height":151,"caption":"Salvem Sa Badia de Portmany"},"image":{"@id":"https:\/\/www.salvemsabadia.com\/#\/schema\/logo\/image\/"}},{"@type":"Person","@id":"https:\/\/www.salvemsabadia.com\/#\/schema\/person\/5d08c5118adcb4140d13bde4826ba122","name":"Salvem sa Badia","image":{"@type":"ImageObject","inLanguage":"es","@id":"https:\/\/www.salvemsabadia.com\/#\/schema\/person\/image\/","url":"https:\/\/secure.gravatar.com\/avatar\/d569ee5739a9c7022470ea472c9b4b9cf476e15f1be71e5242c911d673d14ad9?s=96&d=mm&r=g","contentUrl":"https:\/\/secure.gravatar.com\/avatar\/d569ee5739a9c7022470ea472c9b4b9cf476e15f1be71e5242c911d673d14ad9?s=96&d=mm&r=g","caption":"Salvem sa Badia"}}]}},"_links":{"self":[{"href":"https:\/\/www.salvemsabadia.com\/es\/wp-json\/wp\/v2\/posts\/4372","targetHints":{"allow":["GET"]}}],"collection":[{"href":"https:\/\/www.salvemsabadia.com\/es\/wp-json\/wp\/v2\/posts"}],"about":[{"href":"https:\/\/www.salvemsabadia.com\/es\/wp-json\/wp\/v2\/types\/post"}],"author":[{"embeddable":true,"href":"https:\/\/www.salvemsabadia.com\/es\/wp-json\/wp\/v2\/users\/2"}],"replies":[{"embeddable":true,"href":"https:\/\/www.salvemsabadia.com\/es\/wp-json\/wp\/v2\/comments?post=4372"}],"version-history":[{"count":0,"href":"https:\/\/www.salvemsabadia.com\/es\/wp-json\/wp\/v2\/posts\/4372\/revisions"}],"wp:featuredmedia":[{"embeddable":true,"href":"https:\/\/www.salvemsabadia.com\/es\/wp-json\/wp\/v2\/media\/4377"}],"wp:attachment":[{"href":"https:\/\/www.salvemsabadia.com\/es\/wp-json\/wp\/v2\/media?parent=4372"}],"wp:term":[{"taxonomy":"category","embeddable":true,"href":"https:\/\/www.salvemsabadia.com\/es\/wp-json\/wp\/v2\/categories?post=4372"},{"taxonomy":"post_tag","embeddable":true,"href":"https:\/\/www.salvemsabadia.com\/es\/wp-json\/wp\/v2\/tags?post=4372"}],"curies":[{"name":"wp","href":"https:\/\/api.w.org\/{rel}","templated":true}]}}