{"id":4598,"date":"2023-03-23T23:48:06","date_gmt":"2023-03-23T22:48:06","guid":{"rendered":"https:\/\/www.salvemsabadia.com\/?p=4598"},"modified":"2023-03-23T23:48:06","modified_gmt":"2023-03-23T22:48:06","slug":"presentacion-de-resultados-de-las-campanas-de-seguimiento-de-posidonia-en-ibiza","status":"publish","type":"post","link":"https:\/\/www.salvemsabadia.com\/es\/presentacion-de-resultados-de-las-campanas-de-seguimiento-de-posidonia-en-ibiza\/","title":{"rendered":"Presentaci\u00f3n de resultados de las campa\u00f1as de seguimiento de posidonia en Ibiza"},"content":{"rendered":"<p><img loading=\"lazy\" decoding=\"async\" class=\"alignnone wp-image-4599 size-full\" src=\"https:\/\/www.salvemsabadia.com\/wp-content\/uploads\/2023\/03\/evento-can-jeroni-muestro-posidonia.jpg\" alt=\"\" width=\"1600\" height=\"1066\" srcset=\"https:\/\/www.salvemsabadia.com\/wp-content\/uploads\/2023\/03\/evento-can-jeroni-muestro-posidonia.jpg 1600w, https:\/\/www.salvemsabadia.com\/wp-content\/uploads\/2023\/03\/evento-can-jeroni-muestro-posidonia-300x200.jpg 300w, https:\/\/www.salvemsabadia.com\/wp-content\/uploads\/2023\/03\/evento-can-jeroni-muestro-posidonia-1024x682.jpg 1024w, https:\/\/www.salvemsabadia.com\/wp-content\/uploads\/2023\/03\/evento-can-jeroni-muestro-posidonia-768x512.jpg 768w, https:\/\/www.salvemsabadia.com\/wp-content\/uploads\/2023\/03\/evento-can-jeroni-muestro-posidonia-1536x1023.jpg 1536w, https:\/\/www.salvemsabadia.com\/wp-content\/uploads\/2023\/03\/evento-can-jeroni-muestro-posidonia-900x600.jpg 900w\" sizes=\"auto, (max-width: 1600px) 100vw, 1600px\" \/>Ayer tuvo lugar en el Centro de Cultura Can Jeroni, en Sant Josep, la presentaci\u00f3n de los resultados de las campa\u00f1as de seguimiento de Posidonia oce\u00e1nica en Ibiza, acto en el que colabor\u00f3 Salvem sa Badia de Portmany y donde tambi\u00e9n estuvieron presentes los buceadores voluntarios que han participado en dichas campa\u00f1as.<\/p>\n<p>Durante el encuentro, Elena Burgos, de Tragsatec, desarroll\u00f3 las conclusiones y resultados obtenidos en las estaciones de muestreo, con una visi\u00f3n que incorpora todos los datos desde el origen del estudio, en el a\u00f1o 2012. Su trabajo de investigaci\u00f3n con Xarxa Posid\u00f2nia, que impulsa el Govern balear, junto con la exposici\u00f3n de Xisco Sobrado, del GEN-GOB, m\u00e1s centrado en Cala Vadella y Talamanca, permitieron una evoluci\u00f3n actualizada del estado de las praderas en dichos entornos.<\/p>\n<p><iframe loading=\"lazy\" title=\"Voluntaris Bussejadors HACES POSIDONIA SalvemSaBadia\" width=\"1080\" height=\"608\" src=\"https:\/\/www.youtube.com\/embed\/ww_ZGTp2ywE?feature=oembed\" frameborder=\"0\" allow=\"accelerometer; autoplay; clipboard-write; encrypted-media; gyroscope; picture-in-picture; web-share\" allowfullscreen><\/iframe><\/p>\n<p>Salvem sa Badia tambi\u00e9n ha estado presente, despu\u00e9s de colaborar desarrollando el muestro de praderas de posidonia, generando nuevas estaciones y recuperando la de es Vedr\u00e0, que estaba abandonada, gracias a la ayuda de distintos colaboradores, como los centros de buceo, y la inyecci\u00f3n de financiaci\u00f3n privada y por parte de las administraciones.<\/p>\n<p>El encuentro tambi\u00e9n sirvi\u00f3 para establecer pautas para seguir avanzando en la organizaci\u00f3n de nuevas estaciones de muestro y establecer un calendario de acciones con el grupo de voluntarios que se est\u00e1n agrupando en este 2023.<\/p>\n<p>Hay que recordar que los buceadores afrontan una formaci\u00f3n previa a la inmersi\u00f3n y, adem\u00e1s, tienen que estar titulados y disponer de un seguro de buceo. Se necesita experiencia previa para sentirse c\u00f3modo desarrollando una actividad cient\u00edfica bajo el mar.<\/p>\n<p><img loading=\"lazy\" decoding=\"async\" class=\"alignnone wp-image-4601 size-large\" src=\"https:\/\/www.salvemsabadia.com\/wp-content\/uploads\/2023\/03\/def_-poster-presentacio\u0301-seguiments-posidonia-Eivissa_page-0001-709x1024.jpg\" alt=\"\" width=\"709\" height=\"1024\" srcset=\"https:\/\/www.salvemsabadia.com\/wp-content\/uploads\/2023\/03\/def_-poster-presentacio\u0301-seguiments-posidonia-Eivissa_page-0001-709x1024.jpg 709w, https:\/\/www.salvemsabadia.com\/wp-content\/uploads\/2023\/03\/def_-poster-presentacio\u0301-seguiments-posidonia-Eivissa_page-0001-208x300.jpg 208w, https:\/\/www.salvemsabadia.com\/wp-content\/uploads\/2023\/03\/def_-poster-presentacio\u0301-seguiments-posidonia-Eivissa_page-0001-768x1109.jpg 768w, https:\/\/www.salvemsabadia.com\/wp-content\/uploads\/2023\/03\/def_-poster-presentacio\u0301-seguiments-posidonia-Eivissa_page-0001-1063x1536.jpg 1063w, https:\/\/www.salvemsabadia.com\/wp-content\/uploads\/2023\/03\/def_-poster-presentacio\u0301-seguiments-posidonia-Eivissa_page-0001.jpg 1125w\" sizes=\"auto, (max-width: 709px) 100vw, 709px\" \/><\/p>\n","protected":false},"excerpt":{"rendered":"<p>Ayer tuvo lugar en el Centro de Cultura Can Jeroni, en Sant Josep, la presentaci\u00f3n de los resultados de las campa\u00f1as de seguimiento de Posidonia oce\u00e1nica en Ibiza, acto en&#8230;<\/p>\n","protected":false},"author":2,"featured_media":4599,"comment_status":"open","ping_status":"open","sticky":false,"template":"","format":"standard","meta":{"give_campaign_id":0,"footnotes":""},"categories":[201,202,106,213],"tags":[],"class_list":{"0":"post-4598","1":"post","2":"type-post","3":"status-publish","4":"format-standard","5":"has-post-thumbnail","7":"category-biodiversidad","8":"category-buceo","9":"category-destacado","10":"category-posidonia"},"yoast_head":"<!-- This site is optimized with the Yoast SEO plugin v26.8 - https:\/\/yoast.com\/product\/yoast-seo-wordpress\/ -->\n<title>Presentaci\u00f3n de resultados de las campa\u00f1as de seguimiento de posidonia en Ibiza - Salvem Sa Badia de Portmany<\/title>\n<meta name=\"robots\" content=\"index, follow, max-snippet:-1, max-image-preview:large, max-video-preview:-1\" \/>\n<link rel=\"canonical\" href=\"https:\/\/www.salvemsabadia.com\/presentacio-de-resultats-de-les-campanyes-de-seguiment-de-posidonia-a-eivissa\/\" \/>\n<meta property=\"og:locale\" content=\"es_ES\" \/>\n<meta property=\"og:type\" content=\"article\" \/>\n<meta property=\"og:title\" content=\"Presentaci\u00f3n de resultados de las campa\u00f1as de seguimiento de posidonia en Ibiza - Salvem Sa Badia de Portmany\" \/>\n<meta property=\"og:description\" content=\"Ayer tuvo lugar en el Centro de Cultura Can Jeroni, en Sant Josep, la presentaci\u00f3n de los resultados de las campa\u00f1as de seguimiento de Posidonia oce\u00e1nica en Ibiza, acto en...\" \/>\n<meta property=\"og:url\" content=\"https:\/\/www.salvemsabadia.com\/presentacio-de-resultats-de-les-campanyes-de-seguiment-de-posidonia-a-eivissa\/\" \/>\n<meta property=\"og:site_name\" content=\"Salvem Sa Badia de Portmany\" \/>\n<meta property=\"article:published_time\" content=\"2023-03-23T22:48:06+00:00\" \/>\n<meta property=\"og:image\" content=\"https:\/\/www.salvemsabadia.com\/wp-content\/uploads\/2023\/03\/evento-can-jeroni-muestro-posidonia.jpg\" \/>\n\t<meta property=\"og:image:width\" content=\"1600\" \/>\n\t<meta property=\"og:image:height\" content=\"1066\" \/>\n\t<meta property=\"og:image:type\" content=\"image\/jpeg\" \/>\n<meta name=\"author\" content=\"Salvem sa Badia\" \/>\n<meta name=\"twitter:card\" content=\"summary_large_image\" \/>\n<meta name=\"twitter:label1\" content=\"Escrito por\" \/>\n\t<meta name=\"twitter:data1\" content=\"Salvem sa Badia\" \/>\n\t<meta name=\"twitter:label2\" content=\"Tiempo de lectura\" \/>\n\t<meta name=\"twitter:data2\" content=\"2 minutos\" \/>\n<script type=\"application\/ld+json\" class=\"yoast-schema-graph\">{\"@context\":\"https:\/\/schema.org\",\"@graph\":[{\"@type\":\"Article\",\"@id\":\"https:\/\/www.salvemsabadia.com\/presentacio-de-resultats-de-les-campanyes-de-seguiment-de-posidonia-a-eivissa\/#article\",\"isPartOf\":{\"@id\":\"https:\/\/www.salvemsabadia.com\/presentacio-de-resultats-de-les-campanyes-de-seguiment-de-posidonia-a-eivissa\/\"},\"author\":{\"name\":\"Salvem sa Badia\",\"@id\":\"https:\/\/www.salvemsabadia.com\/#\/schema\/person\/5d08c5118adcb4140d13bde4826ba122\"},\"headline\":\"Presentaci\u00f3n de resultados de las campa\u00f1as de seguimiento de posidonia en Ibiza\",\"datePublished\":\"2023-03-23T22:48:06+00:00\",\"mainEntityOfPage\":{\"@id\":\"https:\/\/www.salvemsabadia.com\/presentacio-de-resultats-de-les-campanyes-de-seguiment-de-posidonia-a-eivissa\/\"},\"wordCount\":298,\"commentCount\":0,\"publisher\":{\"@id\":\"https:\/\/www.salvemsabadia.com\/#organization\"},\"image\":{\"@id\":\"https:\/\/www.salvemsabadia.com\/presentacio-de-resultats-de-les-campanyes-de-seguiment-de-posidonia-a-eivissa\/#primaryimage\"},\"thumbnailUrl\":\"https:\/\/www.salvemsabadia.com\/wp-content\/uploads\/2023\/03\/evento-can-jeroni-muestro-posidonia.jpg\",\"articleSection\":[\"Biodiversidad\",\"Buceo\",\"Destacado\",\"Posidonia\"],\"inLanguage\":\"es\",\"potentialAction\":[{\"@type\":\"CommentAction\",\"name\":\"Comment\",\"target\":[\"https:\/\/www.salvemsabadia.com\/presentacio-de-resultats-de-les-campanyes-de-seguiment-de-posidonia-a-eivissa\/#respond\"]}]},{\"@type\":\"WebPage\",\"@id\":\"https:\/\/www.salvemsabadia.com\/presentacio-de-resultats-de-les-campanyes-de-seguiment-de-posidonia-a-eivissa\/\",\"url\":\"https:\/\/www.salvemsabadia.com\/presentacio-de-resultats-de-les-campanyes-de-seguiment-de-posidonia-a-eivissa\/\",\"name\":\"Presentaci\u00f3n de resultados de las campa\u00f1as de seguimiento de posidonia en Ibiza - Salvem Sa Badia de Portmany\",\"isPartOf\":{\"@id\":\"https:\/\/www.salvemsabadia.com\/#website\"},\"primaryImageOfPage\":{\"@id\":\"https:\/\/www.salvemsabadia.com\/presentacio-de-resultats-de-les-campanyes-de-seguiment-de-posidonia-a-eivissa\/#primaryimage\"},\"image\":{\"@id\":\"https:\/\/www.salvemsabadia.com\/presentacio-de-resultats-de-les-campanyes-de-seguiment-de-posidonia-a-eivissa\/#primaryimage\"},\"thumbnailUrl\":\"https:\/\/www.salvemsabadia.com\/wp-content\/uploads\/2023\/03\/evento-can-jeroni-muestro-posidonia.jpg\",\"datePublished\":\"2023-03-23T22:48:06+00:00\",\"breadcrumb\":{\"@id\":\"https:\/\/www.salvemsabadia.com\/presentacio-de-resultats-de-les-campanyes-de-seguiment-de-posidonia-a-eivissa\/#breadcrumb\"},\"inLanguage\":\"es\",\"potentialAction\":[{\"@type\":\"ReadAction\",\"target\":[\"https:\/\/www.salvemsabadia.com\/presentacio-de-resultats-de-les-campanyes-de-seguiment-de-posidonia-a-eivissa\/\"]}]},{\"@type\":\"ImageObject\",\"inLanguage\":\"es\",\"@id\":\"https:\/\/www.salvemsabadia.com\/presentacio-de-resultats-de-les-campanyes-de-seguiment-de-posidonia-a-eivissa\/#primaryimage\",\"url\":\"https:\/\/www.salvemsabadia.com\/wp-content\/uploads\/2023\/03\/evento-can-jeroni-muestro-posidonia.jpg\",\"contentUrl\":\"https:\/\/www.salvemsabadia.com\/wp-content\/uploads\/2023\/03\/evento-can-jeroni-muestro-posidonia.jpg\",\"width\":1600,\"height\":1066},{\"@type\":\"BreadcrumbList\",\"@id\":\"https:\/\/www.salvemsabadia.com\/presentacio-de-resultats-de-les-campanyes-de-seguiment-de-posidonia-a-eivissa\/#breadcrumb\",\"itemListElement\":[{\"@type\":\"ListItem\",\"position\":1,\"name\":\"Portada\",\"item\":\"https:\/\/www.salvemsabadia.com\/es\/\"},{\"@type\":\"ListItem\",\"position\":2,\"name\":\"Presentaci\u00f3n de resultados de las campa\u00f1as de seguimiento de posidonia en Ibiza\"}]},{\"@type\":\"WebSite\",\"@id\":\"https:\/\/www.salvemsabadia.com\/#website\",\"url\":\"https:\/\/www.salvemsabadia.com\/\",\"name\":\"Salvem Sa Badia de Portmany\",\"description\":\"\",\"publisher\":{\"@id\":\"https:\/\/www.salvemsabadia.com\/#organization\"},\"potentialAction\":[{\"@type\":\"SearchAction\",\"target\":{\"@type\":\"EntryPoint\",\"urlTemplate\":\"https:\/\/www.salvemsabadia.com\/?s={search_term_string}\"},\"query-input\":{\"@type\":\"PropertyValueSpecification\",\"valueRequired\":true,\"valueName\":\"search_term_string\"}}],\"inLanguage\":\"es\"},{\"@type\":\"Organization\",\"@id\":\"https:\/\/www.salvemsabadia.com\/#organization\",\"name\":\"Salvem Sa Badia de Portmany\",\"url\":\"https:\/\/www.salvemsabadia.com\/\",\"logo\":{\"@type\":\"ImageObject\",\"inLanguage\":\"es\",\"@id\":\"https:\/\/www.salvemsabadia.com\/#\/schema\/logo\/image\/\",\"url\":\"https:\/\/www.salvemsabadia.com\/wp-content\/uploads\/2020\/03\/logo.png\",\"contentUrl\":\"https:\/\/www.salvemsabadia.com\/wp-content\/uploads\/2020\/03\/logo.png\",\"width\":188,\"height\":151,\"caption\":\"Salvem Sa Badia de Portmany\"},\"image\":{\"@id\":\"https:\/\/www.salvemsabadia.com\/#\/schema\/logo\/image\/\"}},{\"@type\":\"Person\",\"@id\":\"https:\/\/www.salvemsabadia.com\/#\/schema\/person\/5d08c5118adcb4140d13bde4826ba122\",\"name\":\"Salvem sa Badia\",\"image\":{\"@type\":\"ImageObject\",\"inLanguage\":\"es\",\"@id\":\"https:\/\/www.salvemsabadia.com\/#\/schema\/person\/image\/\",\"url\":\"https:\/\/secure.gravatar.com\/avatar\/d569ee5739a9c7022470ea472c9b4b9cf476e15f1be71e5242c911d673d14ad9?s=96&d=mm&r=g\",\"contentUrl\":\"https:\/\/secure.gravatar.com\/avatar\/d569ee5739a9c7022470ea472c9b4b9cf476e15f1be71e5242c911d673d14ad9?s=96&d=mm&r=g\",\"caption\":\"Salvem sa Badia\"}}]}<\/script>\n<!-- \/ Yoast SEO plugin. -->","yoast_head_json":{"title":"Presentaci\u00f3n de resultados de las campa\u00f1as de seguimiento de posidonia en Ibiza - Salvem Sa Badia de Portmany","robots":{"index":"index","follow":"follow","max-snippet":"max-snippet:-1","max-image-preview":"max-image-preview:large","max-video-preview":"max-video-preview:-1"},"canonical":"https:\/\/www.salvemsabadia.com\/presentacio-de-resultats-de-les-campanyes-de-seguiment-de-posidonia-a-eivissa\/","og_locale":"es_ES","og_type":"article","og_title":"Presentaci\u00f3n de resultados de las campa\u00f1as de seguimiento de posidonia en Ibiza - Salvem Sa Badia de Portmany","og_description":"Ayer tuvo lugar en el Centro de Cultura Can Jeroni, en Sant Josep, la presentaci\u00f3n de los resultados de las campa\u00f1as de seguimiento de Posidonia oce\u00e1nica en Ibiza, acto en...","og_url":"https:\/\/www.salvemsabadia.com\/presentacio-de-resultats-de-les-campanyes-de-seguiment-de-posidonia-a-eivissa\/","og_site_name":"Salvem Sa Badia de Portmany","article_published_time":"2023-03-23T22:48:06+00:00","og_image":[{"width":1600,"height":1066,"url":"https:\/\/www.salvemsabadia.com\/wp-content\/uploads\/2023\/03\/evento-can-jeroni-muestro-posidonia.jpg","type":"image\/jpeg"}],"author":"Salvem sa Badia","twitter_card":"summary_large_image","twitter_misc":{"Escrito por":"Salvem sa Badia","Tiempo de lectura":"2 minutos"},"schema":{"@context":"https:\/\/schema.org","@graph":[{"@type":"Article","@id":"https:\/\/www.salvemsabadia.com\/presentacio-de-resultats-de-les-campanyes-de-seguiment-de-posidonia-a-eivissa\/#article","isPartOf":{"@id":"https:\/\/www.salvemsabadia.com\/presentacio-de-resultats-de-les-campanyes-de-seguiment-de-posidonia-a-eivissa\/"},"author":{"name":"Salvem sa Badia","@id":"https:\/\/www.salvemsabadia.com\/#\/schema\/person\/5d08c5118adcb4140d13bde4826ba122"},"headline":"Presentaci\u00f3n de resultados de las campa\u00f1as de seguimiento de posidonia en Ibiza","datePublished":"2023-03-23T22:48:06+00:00","mainEntityOfPage":{"@id":"https:\/\/www.salvemsabadia.com\/presentacio-de-resultats-de-les-campanyes-de-seguiment-de-posidonia-a-eivissa\/"},"wordCount":298,"commentCount":0,"publisher":{"@id":"https:\/\/www.salvemsabadia.com\/#organization"},"image":{"@id":"https:\/\/www.salvemsabadia.com\/presentacio-de-resultats-de-les-campanyes-de-seguiment-de-posidonia-a-eivissa\/#primaryimage"},"thumbnailUrl":"https:\/\/www.salvemsabadia.com\/wp-content\/uploads\/2023\/03\/evento-can-jeroni-muestro-posidonia.jpg","articleSection":["Biodiversidad","Buceo","Destacado","Posidonia"],"inLanguage":"es","potentialAction":[{"@type":"CommentAction","name":"Comment","target":["https:\/\/www.salvemsabadia.com\/presentacio-de-resultats-de-les-campanyes-de-seguiment-de-posidonia-a-eivissa\/#respond"]}]},{"@type":"WebPage","@id":"https:\/\/www.salvemsabadia.com\/presentacio-de-resultats-de-les-campanyes-de-seguiment-de-posidonia-a-eivissa\/","url":"https:\/\/www.salvemsabadia.com\/presentacio-de-resultats-de-les-campanyes-de-seguiment-de-posidonia-a-eivissa\/","name":"Presentaci\u00f3n de resultados de las campa\u00f1as de seguimiento de posidonia en Ibiza - Salvem Sa Badia de Portmany","isPartOf":{"@id":"https:\/\/www.salvemsabadia.com\/#website"},"primaryImageOfPage":{"@id":"https:\/\/www.salvemsabadia.com\/presentacio-de-resultats-de-les-campanyes-de-seguiment-de-posidonia-a-eivissa\/#primaryimage"},"image":{"@id":"https:\/\/www.salvemsabadia.com\/presentacio-de-resultats-de-les-campanyes-de-seguiment-de-posidonia-a-eivissa\/#primaryimage"},"thumbnailUrl":"https:\/\/www.salvemsabadia.com\/wp-content\/uploads\/2023\/03\/evento-can-jeroni-muestro-posidonia.jpg","datePublished":"2023-03-23T22:48:06+00:00","breadcrumb":{"@id":"https:\/\/www.salvemsabadia.com\/presentacio-de-resultats-de-les-campanyes-de-seguiment-de-posidonia-a-eivissa\/#breadcrumb"},"inLanguage":"es","potentialAction":[{"@type":"ReadAction","target":["https:\/\/www.salvemsabadia.com\/presentacio-de-resultats-de-les-campanyes-de-seguiment-de-posidonia-a-eivissa\/"]}]},{"@type":"ImageObject","inLanguage":"es","@id":"https:\/\/www.salvemsabadia.com\/presentacio-de-resultats-de-les-campanyes-de-seguiment-de-posidonia-a-eivissa\/#primaryimage","url":"https:\/\/www.salvemsabadia.com\/wp-content\/uploads\/2023\/03\/evento-can-jeroni-muestro-posidonia.jpg","contentUrl":"https:\/\/www.salvemsabadia.com\/wp-content\/uploads\/2023\/03\/evento-can-jeroni-muestro-posidonia.jpg","width":1600,"height":1066},{"@type":"BreadcrumbList","@id":"https:\/\/www.salvemsabadia.com\/presentacio-de-resultats-de-les-campanyes-de-seguiment-de-posidonia-a-eivissa\/#breadcrumb","itemListElement":[{"@type":"ListItem","position":1,"name":"Portada","item":"https:\/\/www.salvemsabadia.com\/es\/"},{"@type":"ListItem","position":2,"name":"Presentaci\u00f3n de resultados de las campa\u00f1as de seguimiento de posidonia en Ibiza"}]},{"@type":"WebSite","@id":"https:\/\/www.salvemsabadia.com\/#website","url":"https:\/\/www.salvemsabadia.com\/","name":"Salvem Sa Badia de Portmany","description":"","publisher":{"@id":"https:\/\/www.salvemsabadia.com\/#organization"},"potentialAction":[{"@type":"SearchAction","target":{"@type":"EntryPoint","urlTemplate":"https:\/\/www.salvemsabadia.com\/?s={search_term_string}"},"query-input":{"@type":"PropertyValueSpecification","valueRequired":true,"valueName":"search_term_string"}}],"inLanguage":"es"},{"@type":"Organization","@id":"https:\/\/www.salvemsabadia.com\/#organization","name":"Salvem Sa Badia de Portmany","url":"https:\/\/www.salvemsabadia.com\/","logo":{"@type":"ImageObject","inLanguage":"es","@id":"https:\/\/www.salvemsabadia.com\/#\/schema\/logo\/image\/","url":"https:\/\/www.salvemsabadia.com\/wp-content\/uploads\/2020\/03\/logo.png","contentUrl":"https:\/\/www.salvemsabadia.com\/wp-content\/uploads\/2020\/03\/logo.png","width":188,"height":151,"caption":"Salvem Sa Badia de Portmany"},"image":{"@id":"https:\/\/www.salvemsabadia.com\/#\/schema\/logo\/image\/"}},{"@type":"Person","@id":"https:\/\/www.salvemsabadia.com\/#\/schema\/person\/5d08c5118adcb4140d13bde4826ba122","name":"Salvem sa Badia","image":{"@type":"ImageObject","inLanguage":"es","@id":"https:\/\/www.salvemsabadia.com\/#\/schema\/person\/image\/","url":"https:\/\/secure.gravatar.com\/avatar\/d569ee5739a9c7022470ea472c9b4b9cf476e15f1be71e5242c911d673d14ad9?s=96&d=mm&r=g","contentUrl":"https:\/\/secure.gravatar.com\/avatar\/d569ee5739a9c7022470ea472c9b4b9cf476e15f1be71e5242c911d673d14ad9?s=96&d=mm&r=g","caption":"Salvem sa Badia"}}]}},"_links":{"self":[{"href":"https:\/\/www.salvemsabadia.com\/es\/wp-json\/wp\/v2\/posts\/4598","targetHints":{"allow":["GET"]}}],"collection":[{"href":"https:\/\/www.salvemsabadia.com\/es\/wp-json\/wp\/v2\/posts"}],"about":[{"href":"https:\/\/www.salvemsabadia.com\/es\/wp-json\/wp\/v2\/types\/post"}],"author":[{"embeddable":true,"href":"https:\/\/www.salvemsabadia.com\/es\/wp-json\/wp\/v2\/users\/2"}],"replies":[{"embeddable":true,"href":"https:\/\/www.salvemsabadia.com\/es\/wp-json\/wp\/v2\/comments?post=4598"}],"version-history":[{"count":0,"href":"https:\/\/www.salvemsabadia.com\/es\/wp-json\/wp\/v2\/posts\/4598\/revisions"}],"wp:featuredmedia":[{"embeddable":true,"href":"https:\/\/www.salvemsabadia.com\/es\/wp-json\/wp\/v2\/media\/4599"}],"wp:attachment":[{"href":"https:\/\/www.salvemsabadia.com\/es\/wp-json\/wp\/v2\/media?parent=4598"}],"wp:term":[{"taxonomy":"category","embeddable":true,"href":"https:\/\/www.salvemsabadia.com\/es\/wp-json\/wp\/v2\/categories?post=4598"},{"taxonomy":"post_tag","embeddable":true,"href":"https:\/\/www.salvemsabadia.com\/es\/wp-json\/wp\/v2\/tags?post=4598"}],"curies":[{"name":"wp","href":"https:\/\/api.w.org\/{rel}","templated":true}]}}