{"id":4739,"date":"2023-07-05T19:09:54","date_gmt":"2023-07-05T17:09:54","guid":{"rendered":"https:\/\/www.salvemsabadia.com\/?p=4739"},"modified":"2023-07-05T19:09:54","modified_gmt":"2023-07-05T17:09:54","slug":"cala-gracio-queda-cerrada-al-bano-por-contaminacion-por-fecales","status":"publish","type":"post","link":"https:\/\/www.salvemsabadia.com\/es\/cala-gracio-queda-cerrada-al-bano-por-contaminacion-por-fecales\/","title":{"rendered":"Cala Graci\u00f3 queda cerrada al ba\u00f1o por contaminaci\u00f3n por fecales"},"content":{"rendered":"<p><img loading=\"lazy\" decoding=\"async\" class=\"alignnone size-full wp-image-4740\" src=\"https:\/\/www.salvemsabadia.com\/wp-content\/uploads\/2023\/07\/DSC_0945.jpg\" alt=\"\" width=\"1400\" height=\"933\" srcset=\"https:\/\/www.salvemsabadia.com\/wp-content\/uploads\/2023\/07\/DSC_0945.jpg 1400w, https:\/\/www.salvemsabadia.com\/wp-content\/uploads\/2023\/07\/DSC_0945-300x200.jpg 300w, https:\/\/www.salvemsabadia.com\/wp-content\/uploads\/2023\/07\/DSC_0945-1024x682.jpg 1024w, https:\/\/www.salvemsabadia.com\/wp-content\/uploads\/2023\/07\/DSC_0945-768x512.jpg 768w, https:\/\/www.salvemsabadia.com\/wp-content\/uploads\/2023\/07\/DSC_0945-900x600.jpg 900w\" sizes=\"auto, (max-width: 1400px) 100vw, 1400px\" \/>El Ayuntamiento de Sant Antoni de Portmany ha procedido hoy a cerrar la orilla de la playa de Cala Graci\u00f3, al detectar que se han superado los valores permitidos en uno de los indicadores de calidad del agua de ba\u00f1o, relacionado con la presencia de sustancias fecales (E. coli).<\/p>\n<p>Seg\u00fan ha informado el Consistorio, el departamento de Medio Ambiente se encuentra investigando las causas, \u201caunque se sospecha que proviene de un aporte de aguas residuales por parte de alguna vivienda o actividad de la zona\u201d, se ha apuntado.<\/p>\n<p>De momento, el Ayuntamiento ha procedido a prohibir el ba\u00f1o de forma temporal, dejando que ondee la bandera roja durante el tiempo en que se mantengan las actuales condiciones. En las pr\u00f3ximas 48 horas se conocer\u00e1n los resultados de la muestra de repetici\u00f3n.<\/p>\n","protected":false},"excerpt":{"rendered":"<p>El Ayuntamiento de Sant Antoni de Portmany ha procedido hoy a cerrar la orilla de la playa de Cala Graci\u00f3, al detectar que se han superado los valores permitidos en&#8230;<\/p>\n","protected":false},"author":2,"featured_media":4740,"comment_status":"closed","ping_status":"closed","sticky":false,"template":"","format":"standard","meta":{"give_campaign_id":0,"footnotes":""},"categories":[203,106,212,215],"tags":[],"class_list":{"0":"post-4739","1":"post","2":"type-post","3":"status-publish","4":"format-standard","5":"has-post-thumbnail","7":"category-calidad-del-agua","8":"category-destacado","9":"category-playas","10":"category-turismo"},"yoast_head":"<!-- This site is optimized with the Yoast SEO plugin v26.8 - https:\/\/yoast.com\/product\/yoast-seo-wordpress\/ -->\n<title>Cala Graci\u00f3 queda cerrada al ba\u00f1o por contaminaci\u00f3n por fecales - Salvem Sa Badia de Portmany<\/title>\n<meta name=\"robots\" content=\"index, follow, max-snippet:-1, max-image-preview:large, max-video-preview:-1\" \/>\n<link rel=\"canonical\" href=\"https:\/\/www.salvemsabadia.com\/cala-gracio-queda-tancada-al-bany-per-contaminacio-per-fecals\/\" \/>\n<meta property=\"og:locale\" content=\"es_ES\" \/>\n<meta property=\"og:type\" content=\"article\" \/>\n<meta property=\"og:title\" content=\"Cala Graci\u00f3 queda cerrada al ba\u00f1o por contaminaci\u00f3n por fecales - Salvem Sa Badia de Portmany\" \/>\n<meta property=\"og:description\" content=\"El Ayuntamiento de Sant Antoni de Portmany ha procedido hoy a cerrar la orilla de la playa de Cala Graci\u00f3, al detectar que se han superado los valores permitidos en...\" \/>\n<meta property=\"og:url\" content=\"https:\/\/www.salvemsabadia.com\/cala-gracio-queda-tancada-al-bany-per-contaminacio-per-fecals\/\" \/>\n<meta property=\"og:site_name\" content=\"Salvem Sa Badia de Portmany\" \/>\n<meta property=\"article:published_time\" content=\"2023-07-05T17:09:54+00:00\" \/>\n<meta property=\"og:image\" content=\"https:\/\/www.salvemsabadia.com\/wp-content\/uploads\/2023\/07\/DSC_0945.jpg\" \/>\n\t<meta property=\"og:image:width\" content=\"1400\" \/>\n\t<meta property=\"og:image:height\" content=\"933\" \/>\n\t<meta property=\"og:image:type\" content=\"image\/jpeg\" \/>\n<meta name=\"author\" content=\"Salvem sa Badia\" \/>\n<meta name=\"twitter:card\" content=\"summary_large_image\" \/>\n<meta name=\"twitter:label1\" content=\"Escrito por\" \/>\n\t<meta name=\"twitter:data1\" content=\"Salvem sa Badia\" \/>\n\t<meta name=\"twitter:label2\" content=\"Tiempo de lectura\" \/>\n\t<meta name=\"twitter:data2\" content=\"1 minuto\" \/>\n<script type=\"application\/ld+json\" class=\"yoast-schema-graph\">{\"@context\":\"https:\/\/schema.org\",\"@graph\":[{\"@type\":\"Article\",\"@id\":\"https:\/\/www.salvemsabadia.com\/cala-gracio-queda-tancada-al-bany-per-contaminacio-per-fecals\/#article\",\"isPartOf\":{\"@id\":\"https:\/\/www.salvemsabadia.com\/cala-gracio-queda-tancada-al-bany-per-contaminacio-per-fecals\/\"},\"author\":{\"name\":\"Salvem sa Badia\",\"@id\":\"https:\/\/www.salvemsabadia.com\/#\/schema\/person\/5d08c5118adcb4140d13bde4826ba122\"},\"headline\":\"Cala Graci\u00f3 queda cerrada al ba\u00f1o por contaminaci\u00f3n por fecales\",\"datePublished\":\"2023-07-05T17:09:54+00:00\",\"mainEntityOfPage\":{\"@id\":\"https:\/\/www.salvemsabadia.com\/cala-gracio-queda-tancada-al-bany-per-contaminacio-per-fecals\/\"},\"wordCount\":148,\"publisher\":{\"@id\":\"https:\/\/www.salvemsabadia.com\/#organization\"},\"image\":{\"@id\":\"https:\/\/www.salvemsabadia.com\/cala-gracio-queda-tancada-al-bany-per-contaminacio-per-fecals\/#primaryimage\"},\"thumbnailUrl\":\"https:\/\/www.salvemsabadia.com\/wp-content\/uploads\/2023\/07\/DSC_0945.jpg\",\"articleSection\":[\"Calidad del agua\",\"Destacado\",\"Playas\",\"Turismo\"],\"inLanguage\":\"es\"},{\"@type\":\"WebPage\",\"@id\":\"https:\/\/www.salvemsabadia.com\/cala-gracio-queda-tancada-al-bany-per-contaminacio-per-fecals\/\",\"url\":\"https:\/\/www.salvemsabadia.com\/cala-gracio-queda-tancada-al-bany-per-contaminacio-per-fecals\/\",\"name\":\"Cala Graci\u00f3 queda cerrada al ba\u00f1o por contaminaci\u00f3n por fecales - Salvem Sa Badia de Portmany\",\"isPartOf\":{\"@id\":\"https:\/\/www.salvemsabadia.com\/#website\"},\"primaryImageOfPage\":{\"@id\":\"https:\/\/www.salvemsabadia.com\/cala-gracio-queda-tancada-al-bany-per-contaminacio-per-fecals\/#primaryimage\"},\"image\":{\"@id\":\"https:\/\/www.salvemsabadia.com\/cala-gracio-queda-tancada-al-bany-per-contaminacio-per-fecals\/#primaryimage\"},\"thumbnailUrl\":\"https:\/\/www.salvemsabadia.com\/wp-content\/uploads\/2023\/07\/DSC_0945.jpg\",\"datePublished\":\"2023-07-05T17:09:54+00:00\",\"breadcrumb\":{\"@id\":\"https:\/\/www.salvemsabadia.com\/cala-gracio-queda-tancada-al-bany-per-contaminacio-per-fecals\/#breadcrumb\"},\"inLanguage\":\"es\",\"potentialAction\":[{\"@type\":\"ReadAction\",\"target\":[\"https:\/\/www.salvemsabadia.com\/cala-gracio-queda-tancada-al-bany-per-contaminacio-per-fecals\/\"]}]},{\"@type\":\"ImageObject\",\"inLanguage\":\"es\",\"@id\":\"https:\/\/www.salvemsabadia.com\/cala-gracio-queda-tancada-al-bany-per-contaminacio-per-fecals\/#primaryimage\",\"url\":\"https:\/\/www.salvemsabadia.com\/wp-content\/uploads\/2023\/07\/DSC_0945.jpg\",\"contentUrl\":\"https:\/\/www.salvemsabadia.com\/wp-content\/uploads\/2023\/07\/DSC_0945.jpg\",\"width\":1400,\"height\":933},{\"@type\":\"BreadcrumbList\",\"@id\":\"https:\/\/www.salvemsabadia.com\/cala-gracio-queda-tancada-al-bany-per-contaminacio-per-fecals\/#breadcrumb\",\"itemListElement\":[{\"@type\":\"ListItem\",\"position\":1,\"name\":\"Portada\",\"item\":\"https:\/\/www.salvemsabadia.com\/es\/\"},{\"@type\":\"ListItem\",\"position\":2,\"name\":\"Cala Graci\u00f3 queda cerrada al ba\u00f1o por contaminaci\u00f3n por fecales\"}]},{\"@type\":\"WebSite\",\"@id\":\"https:\/\/www.salvemsabadia.com\/#website\",\"url\":\"https:\/\/www.salvemsabadia.com\/\",\"name\":\"Salvem Sa Badia de Portmany\",\"description\":\"\",\"publisher\":{\"@id\":\"https:\/\/www.salvemsabadia.com\/#organization\"},\"potentialAction\":[{\"@type\":\"SearchAction\",\"target\":{\"@type\":\"EntryPoint\",\"urlTemplate\":\"https:\/\/www.salvemsabadia.com\/?s={search_term_string}\"},\"query-input\":{\"@type\":\"PropertyValueSpecification\",\"valueRequired\":true,\"valueName\":\"search_term_string\"}}],\"inLanguage\":\"es\"},{\"@type\":\"Organization\",\"@id\":\"https:\/\/www.salvemsabadia.com\/#organization\",\"name\":\"Salvem Sa Badia de Portmany\",\"url\":\"https:\/\/www.salvemsabadia.com\/\",\"logo\":{\"@type\":\"ImageObject\",\"inLanguage\":\"es\",\"@id\":\"https:\/\/www.salvemsabadia.com\/#\/schema\/logo\/image\/\",\"url\":\"https:\/\/www.salvemsabadia.com\/wp-content\/uploads\/2020\/03\/logo.png\",\"contentUrl\":\"https:\/\/www.salvemsabadia.com\/wp-content\/uploads\/2020\/03\/logo.png\",\"width\":188,\"height\":151,\"caption\":\"Salvem Sa Badia de Portmany\"},\"image\":{\"@id\":\"https:\/\/www.salvemsabadia.com\/#\/schema\/logo\/image\/\"}},{\"@type\":\"Person\",\"@id\":\"https:\/\/www.salvemsabadia.com\/#\/schema\/person\/5d08c5118adcb4140d13bde4826ba122\",\"name\":\"Salvem sa Badia\",\"image\":{\"@type\":\"ImageObject\",\"inLanguage\":\"es\",\"@id\":\"https:\/\/www.salvemsabadia.com\/#\/schema\/person\/image\/\",\"url\":\"https:\/\/secure.gravatar.com\/avatar\/d569ee5739a9c7022470ea472c9b4b9cf476e15f1be71e5242c911d673d14ad9?s=96&d=mm&r=g\",\"contentUrl\":\"https:\/\/secure.gravatar.com\/avatar\/d569ee5739a9c7022470ea472c9b4b9cf476e15f1be71e5242c911d673d14ad9?s=96&d=mm&r=g\",\"caption\":\"Salvem sa Badia\"}}]}<\/script>\n<!-- \/ Yoast SEO plugin. -->","yoast_head_json":{"title":"Cala Graci\u00f3 queda cerrada al ba\u00f1o por contaminaci\u00f3n por fecales - Salvem Sa Badia de Portmany","robots":{"index":"index","follow":"follow","max-snippet":"max-snippet:-1","max-image-preview":"max-image-preview:large","max-video-preview":"max-video-preview:-1"},"canonical":"https:\/\/www.salvemsabadia.com\/cala-gracio-queda-tancada-al-bany-per-contaminacio-per-fecals\/","og_locale":"es_ES","og_type":"article","og_title":"Cala Graci\u00f3 queda cerrada al ba\u00f1o por contaminaci\u00f3n por fecales - Salvem Sa Badia de Portmany","og_description":"El Ayuntamiento de Sant Antoni de Portmany ha procedido hoy a cerrar la orilla de la playa de Cala Graci\u00f3, al detectar que se han superado los valores permitidos en...","og_url":"https:\/\/www.salvemsabadia.com\/cala-gracio-queda-tancada-al-bany-per-contaminacio-per-fecals\/","og_site_name":"Salvem Sa Badia de Portmany","article_published_time":"2023-07-05T17:09:54+00:00","og_image":[{"width":1400,"height":933,"url":"https:\/\/www.salvemsabadia.com\/wp-content\/uploads\/2023\/07\/DSC_0945.jpg","type":"image\/jpeg"}],"author":"Salvem sa Badia","twitter_card":"summary_large_image","twitter_misc":{"Escrito por":"Salvem sa Badia","Tiempo de lectura":"1 minuto"},"schema":{"@context":"https:\/\/schema.org","@graph":[{"@type":"Article","@id":"https:\/\/www.salvemsabadia.com\/cala-gracio-queda-tancada-al-bany-per-contaminacio-per-fecals\/#article","isPartOf":{"@id":"https:\/\/www.salvemsabadia.com\/cala-gracio-queda-tancada-al-bany-per-contaminacio-per-fecals\/"},"author":{"name":"Salvem sa Badia","@id":"https:\/\/www.salvemsabadia.com\/#\/schema\/person\/5d08c5118adcb4140d13bde4826ba122"},"headline":"Cala Graci\u00f3 queda cerrada al ba\u00f1o por contaminaci\u00f3n por fecales","datePublished":"2023-07-05T17:09:54+00:00","mainEntityOfPage":{"@id":"https:\/\/www.salvemsabadia.com\/cala-gracio-queda-tancada-al-bany-per-contaminacio-per-fecals\/"},"wordCount":148,"publisher":{"@id":"https:\/\/www.salvemsabadia.com\/#organization"},"image":{"@id":"https:\/\/www.salvemsabadia.com\/cala-gracio-queda-tancada-al-bany-per-contaminacio-per-fecals\/#primaryimage"},"thumbnailUrl":"https:\/\/www.salvemsabadia.com\/wp-content\/uploads\/2023\/07\/DSC_0945.jpg","articleSection":["Calidad del agua","Destacado","Playas","Turismo"],"inLanguage":"es"},{"@type":"WebPage","@id":"https:\/\/www.salvemsabadia.com\/cala-gracio-queda-tancada-al-bany-per-contaminacio-per-fecals\/","url":"https:\/\/www.salvemsabadia.com\/cala-gracio-queda-tancada-al-bany-per-contaminacio-per-fecals\/","name":"Cala Graci\u00f3 queda cerrada al ba\u00f1o por contaminaci\u00f3n por fecales - Salvem Sa Badia de Portmany","isPartOf":{"@id":"https:\/\/www.salvemsabadia.com\/#website"},"primaryImageOfPage":{"@id":"https:\/\/www.salvemsabadia.com\/cala-gracio-queda-tancada-al-bany-per-contaminacio-per-fecals\/#primaryimage"},"image":{"@id":"https:\/\/www.salvemsabadia.com\/cala-gracio-queda-tancada-al-bany-per-contaminacio-per-fecals\/#primaryimage"},"thumbnailUrl":"https:\/\/www.salvemsabadia.com\/wp-content\/uploads\/2023\/07\/DSC_0945.jpg","datePublished":"2023-07-05T17:09:54+00:00","breadcrumb":{"@id":"https:\/\/www.salvemsabadia.com\/cala-gracio-queda-tancada-al-bany-per-contaminacio-per-fecals\/#breadcrumb"},"inLanguage":"es","potentialAction":[{"@type":"ReadAction","target":["https:\/\/www.salvemsabadia.com\/cala-gracio-queda-tancada-al-bany-per-contaminacio-per-fecals\/"]}]},{"@type":"ImageObject","inLanguage":"es","@id":"https:\/\/www.salvemsabadia.com\/cala-gracio-queda-tancada-al-bany-per-contaminacio-per-fecals\/#primaryimage","url":"https:\/\/www.salvemsabadia.com\/wp-content\/uploads\/2023\/07\/DSC_0945.jpg","contentUrl":"https:\/\/www.salvemsabadia.com\/wp-content\/uploads\/2023\/07\/DSC_0945.jpg","width":1400,"height":933},{"@type":"BreadcrumbList","@id":"https:\/\/www.salvemsabadia.com\/cala-gracio-queda-tancada-al-bany-per-contaminacio-per-fecals\/#breadcrumb","itemListElement":[{"@type":"ListItem","position":1,"name":"Portada","item":"https:\/\/www.salvemsabadia.com\/es\/"},{"@type":"ListItem","position":2,"name":"Cala Graci\u00f3 queda cerrada al ba\u00f1o por contaminaci\u00f3n por fecales"}]},{"@type":"WebSite","@id":"https:\/\/www.salvemsabadia.com\/#website","url":"https:\/\/www.salvemsabadia.com\/","name":"Salvem Sa Badia de Portmany","description":"","publisher":{"@id":"https:\/\/www.salvemsabadia.com\/#organization"},"potentialAction":[{"@type":"SearchAction","target":{"@type":"EntryPoint","urlTemplate":"https:\/\/www.salvemsabadia.com\/?s={search_term_string}"},"query-input":{"@type":"PropertyValueSpecification","valueRequired":true,"valueName":"search_term_string"}}],"inLanguage":"es"},{"@type":"Organization","@id":"https:\/\/www.salvemsabadia.com\/#organization","name":"Salvem Sa Badia de Portmany","url":"https:\/\/www.salvemsabadia.com\/","logo":{"@type":"ImageObject","inLanguage":"es","@id":"https:\/\/www.salvemsabadia.com\/#\/schema\/logo\/image\/","url":"https:\/\/www.salvemsabadia.com\/wp-content\/uploads\/2020\/03\/logo.png","contentUrl":"https:\/\/www.salvemsabadia.com\/wp-content\/uploads\/2020\/03\/logo.png","width":188,"height":151,"caption":"Salvem Sa Badia de Portmany"},"image":{"@id":"https:\/\/www.salvemsabadia.com\/#\/schema\/logo\/image\/"}},{"@type":"Person","@id":"https:\/\/www.salvemsabadia.com\/#\/schema\/person\/5d08c5118adcb4140d13bde4826ba122","name":"Salvem sa Badia","image":{"@type":"ImageObject","inLanguage":"es","@id":"https:\/\/www.salvemsabadia.com\/#\/schema\/person\/image\/","url":"https:\/\/secure.gravatar.com\/avatar\/d569ee5739a9c7022470ea472c9b4b9cf476e15f1be71e5242c911d673d14ad9?s=96&d=mm&r=g","contentUrl":"https:\/\/secure.gravatar.com\/avatar\/d569ee5739a9c7022470ea472c9b4b9cf476e15f1be71e5242c911d673d14ad9?s=96&d=mm&r=g","caption":"Salvem sa Badia"}}]}},"_links":{"self":[{"href":"https:\/\/www.salvemsabadia.com\/es\/wp-json\/wp\/v2\/posts\/4739","targetHints":{"allow":["GET"]}}],"collection":[{"href":"https:\/\/www.salvemsabadia.com\/es\/wp-json\/wp\/v2\/posts"}],"about":[{"href":"https:\/\/www.salvemsabadia.com\/es\/wp-json\/wp\/v2\/types\/post"}],"author":[{"embeddable":true,"href":"https:\/\/www.salvemsabadia.com\/es\/wp-json\/wp\/v2\/users\/2"}],"replies":[{"embeddable":true,"href":"https:\/\/www.salvemsabadia.com\/es\/wp-json\/wp\/v2\/comments?post=4739"}],"version-history":[{"count":0,"href":"https:\/\/www.salvemsabadia.com\/es\/wp-json\/wp\/v2\/posts\/4739\/revisions"}],"wp:featuredmedia":[{"embeddable":true,"href":"https:\/\/www.salvemsabadia.com\/es\/wp-json\/wp\/v2\/media\/4740"}],"wp:attachment":[{"href":"https:\/\/www.salvemsabadia.com\/es\/wp-json\/wp\/v2\/media?parent=4739"}],"wp:term":[{"taxonomy":"category","embeddable":true,"href":"https:\/\/www.salvemsabadia.com\/es\/wp-json\/wp\/v2\/categories?post=4739"},{"taxonomy":"post_tag","embeddable":true,"href":"https:\/\/www.salvemsabadia.com\/es\/wp-json\/wp\/v2\/tags?post=4739"}],"curies":[{"name":"wp","href":"https:\/\/api.w.org\/{rel}","templated":true}]}}