{"id":480,"date":"2020-06-17T17:48:47","date_gmt":"2020-06-17T15:48:47","guid":{"rendered":"https:\/\/www.salvemsabadia.com\/?p=480"},"modified":"2022-08-15T09:54:18","modified_gmt":"2022-08-15T07:54:18","slug":"marisqueo-ilegal-en-calo-des-moro-y-es-cap-blanc","status":"publish","type":"post","link":"https:\/\/www.salvemsabadia.com\/es\/marisqueo-ilegal-en-calo-des-moro-y-es-cap-blanc\/","title":{"rendered":"Marisqueo ilegal en Cal\u00f3 des Moro y es Cap Blanc"},"content":{"rendered":"<p><img loading=\"lazy\" decoding=\"async\" class=\"alignnone wp-image-481 size-full\" src=\"https:\/\/www.salvemsabadia.com\/wp-content\/uploads\/2020\/06\/P1560237.jpg\" alt=\"\" width=\"1600\" height=\"1068\" srcset=\"https:\/\/www.salvemsabadia.com\/wp-content\/uploads\/2020\/06\/P1560237.jpg 1600w, https:\/\/www.salvemsabadia.com\/wp-content\/uploads\/2020\/06\/P1560237-300x200.jpg 300w, https:\/\/www.salvemsabadia.com\/wp-content\/uploads\/2020\/06\/P1560237-1024x684.jpg 1024w, https:\/\/www.salvemsabadia.com\/wp-content\/uploads\/2020\/06\/P1560237-768x513.jpg 768w, https:\/\/www.salvemsabadia.com\/wp-content\/uploads\/2020\/06\/P1560237-1536x1025.jpg 1536w, https:\/\/www.salvemsabadia.com\/wp-content\/uploads\/2020\/06\/P1560237-900x600.jpg 900w\" sizes=\"auto, (max-width: 1600px) 100vw, 1600px\" \/><\/p>\n<p>Desde hace unos d\u00edas algunos vecinos de Sant Antoni vienen denunciado la presencia de mariscadores ilegales en la costa rocosa pr\u00f3xima a Cal\u00f3 des Moro y Es Cap Blanc. Hoy <a href=\"https:\/\/www.diariodeibiza.es\/pitiuses-balears\/2020\/06\/17\/consell-impone-multas-recoger-moluscos\/1149798.html\" target=\"_blank\" rel=\"noopener noreferrer\">Diario de Ibiza<\/a> tambi\u00e9n se hace eco de la noticia e incluso publica un v\u00eddeo en el que puede verse a varias de esas personas llenando bolsas de con lapas, b\u00edgaros y &#8216;cornets&#8217;, remitido por un residente. Seg\u00fan ha podido saber la iniciativa Salvem Sa Badia de Portmany, desde hace un tiempo esta recolecci\u00f3n de moluscos se produce con relativa frecuencia en la bah\u00eda y se traduce en varios kilos de mercanc\u00eda ilegal por jornada.<\/p>\n<p><img loading=\"lazy\" decoding=\"async\" class=\"alignnone wp-image-485 size-full\" src=\"https:\/\/www.salvemsabadia.com\/wp-content\/uploads\/2020\/06\/DSC03849.jpg\" alt=\"\" width=\"1600\" height=\"1200\" srcset=\"https:\/\/www.salvemsabadia.com\/wp-content\/uploads\/2020\/06\/DSC03849.jpg 1600w, https:\/\/www.salvemsabadia.com\/wp-content\/uploads\/2020\/06\/DSC03849-300x225.jpg 300w, https:\/\/www.salvemsabadia.com\/wp-content\/uploads\/2020\/06\/DSC03849-1024x768.jpg 1024w, https:\/\/www.salvemsabadia.com\/wp-content\/uploads\/2020\/06\/DSC03849-768x576.jpg 768w, https:\/\/www.salvemsabadia.com\/wp-content\/uploads\/2020\/06\/DSC03849-1536x1152.jpg 1536w\" sizes=\"auto, (max-width: 1600px) 100vw, 1600px\" \/>La bah\u00eda de Sant Antoni, asimismo, no es el \u00fanico lugar de Ibiza donde tiene lugar esta pr\u00e1ctica. Diario de Ibiza explica tambi\u00e9n que el Servicio de Inspecci\u00f3n de Pesca del Consell Insular ya ha efectuado diversas actuaciones contra el marisqueo y la pesca recreativa ilegal, multando a varias personas y decomisando bolsas llenas de moluscos. Hay que recordar que la recolecci\u00f3n en la costa de moluscos y cangrejos est\u00e1 absolutamente prohibida durante todo el a\u00f1o, mientras que los erizos tienen veda y s\u00f3lo se pueden recolectar entre el 1 de noviembre y el 31 de marzo.<\/p>\n<p>A\u00fan as\u00ed, el reportaje a\u00f1ade que es frecuente ver a personas que esquilman la costa y ni siquiera se esconden, ya que es sumamente improbable acabar siendo sorprendido por un inspector. Sin embargo, las multas que se establecen en el decreto 26\/2015 de Balears son altas y pueden llegar hasta los 30.000 euros en los casos graves. La menos gravosa es de 150 euros. Los sorprendidos realizando esta actividad se encontraban en la costa este de Ibiza, en el municipio de Santa Eul\u00e0ria, y utilizaban bol\u00edgrafos para arrancar las lapas de las rocas, seg\u00fan explica Diario de Ibiza. Los inspectores multaron a estas personas e intervinieron las bolsas con los moluscos.<\/p>\n<div style=\"width: 352px;\" class=\"wp-video\"><video class=\"wp-video-shortcode\" id=\"video-480-1\" width=\"352\" height=\"640\" preload=\"metadata\" controls=\"controls\"><source type=\"video\/mp4\" src=\"https:\/\/www.salvemsabadia.com\/wp-content\/uploads\/2020\/06\/video-1592231603.mp4?_=1\" \/><a href=\"https:\/\/www.salvemsabadia.com\/wp-content\/uploads\/2020\/06\/video-1592231603.mp4\">https:\/\/www.salvemsabadia.com\/wp-content\/uploads\/2020\/06\/video-1592231603.mp4<\/a><\/video><\/div>\n","protected":false},"excerpt":{"rendered":"<p>Desde hace unos d\u00edas algunos vecinos de Sant Antoni vienen denunciado la presencia de mariscadores ilegales en la costa rocosa pr\u00f3xima a Cal\u00f3 des Moro y Es Cap Blanc. Hoy&#8230;<\/p>\n","protected":false},"author":2,"featured_media":481,"comment_status":"open","ping_status":"open","sticky":false,"template":"","format":"standard","meta":{"give_campaign_id":0,"footnotes":""},"categories":[201,106,210,212],"tags":[],"class_list":{"0":"post-480","1":"post","2":"type-post","3":"status-publish","4":"format-standard","5":"has-post-thumbnail","7":"category-biodiversidad","8":"category-destacado","9":"category-pesca","10":"category-playas"},"yoast_head":"<!-- This site is optimized with the Yoast SEO plugin v26.8 - https:\/\/yoast.com\/product\/yoast-seo-wordpress\/ -->\n<title>Marisqueo ilegal en Cal\u00f3 des Moro y es Cap Blanc - Salvem Sa Badia de Portmany<\/title>\n<meta name=\"robots\" content=\"index, follow, max-snippet:-1, max-image-preview:large, max-video-preview:-1\" \/>\n<link rel=\"canonical\" href=\"https:\/\/www.salvemsabadia.com\/marisqueig-illegal-a-calo-des-moro-i-es-cap-blanc\/\" \/>\n<meta property=\"og:locale\" content=\"es_ES\" \/>\n<meta property=\"og:type\" content=\"article\" \/>\n<meta property=\"og:title\" content=\"Marisqueo ilegal en Cal\u00f3 des Moro y es Cap Blanc - Salvem Sa Badia de Portmany\" \/>\n<meta property=\"og:description\" content=\"Desde hace unos d\u00edas algunos vecinos de Sant Antoni vienen denunciado la presencia de mariscadores ilegales en la costa rocosa pr\u00f3xima a Cal\u00f3 des Moro y Es Cap Blanc. Hoy...\" \/>\n<meta property=\"og:url\" content=\"https:\/\/www.salvemsabadia.com\/marisqueig-illegal-a-calo-des-moro-i-es-cap-blanc\/\" \/>\n<meta property=\"og:site_name\" content=\"Salvem Sa Badia de Portmany\" \/>\n<meta property=\"article:published_time\" content=\"2020-06-17T15:48:47+00:00\" \/>\n<meta property=\"article:modified_time\" content=\"2022-08-15T07:54:18+00:00\" \/>\n<meta property=\"og:image\" content=\"https:\/\/www.salvemsabadia.com\/wp-content\/uploads\/2020\/06\/P1560237-1024x684.jpg\" \/>\n\t<meta property=\"og:image:width\" content=\"1024\" \/>\n\t<meta property=\"og:image:height\" content=\"684\" \/>\n\t<meta property=\"og:image:type\" content=\"image\/jpeg\" \/>\n<meta name=\"author\" content=\"Salvem sa Badia\" \/>\n<meta name=\"twitter:card\" content=\"summary_large_image\" \/>\n<meta name=\"twitter:label1\" content=\"Escrito por\" \/>\n\t<meta name=\"twitter:data1\" content=\"Salvem sa Badia\" \/>\n\t<meta name=\"twitter:label2\" content=\"Tiempo de lectura\" \/>\n\t<meta name=\"twitter:data2\" content=\"2 minutos\" \/>\n<script type=\"application\/ld+json\" class=\"yoast-schema-graph\">{\"@context\":\"https:\/\/schema.org\",\"@graph\":[{\"@type\":\"Article\",\"@id\":\"https:\/\/www.salvemsabadia.com\/marisqueig-illegal-a-calo-des-moro-i-es-cap-blanc\/#article\",\"isPartOf\":{\"@id\":\"https:\/\/www.salvemsabadia.com\/marisqueig-illegal-a-calo-des-moro-i-es-cap-blanc\/\"},\"author\":{\"name\":\"Salvem sa Badia\",\"@id\":\"https:\/\/www.salvemsabadia.com\/#\/schema\/person\/5d08c5118adcb4140d13bde4826ba122\"},\"headline\":\"Marisqueo ilegal en Cal\u00f3 des Moro y es Cap Blanc\",\"datePublished\":\"2020-06-17T15:48:47+00:00\",\"dateModified\":\"2022-08-15T07:54:18+00:00\",\"mainEntityOfPage\":{\"@id\":\"https:\/\/www.salvemsabadia.com\/marisqueig-illegal-a-calo-des-moro-i-es-cap-blanc\/\"},\"wordCount\":352,\"commentCount\":0,\"publisher\":{\"@id\":\"https:\/\/www.salvemsabadia.com\/#organization\"},\"image\":{\"@id\":\"https:\/\/www.salvemsabadia.com\/marisqueig-illegal-a-calo-des-moro-i-es-cap-blanc\/#primaryimage\"},\"thumbnailUrl\":\"https:\/\/www.salvemsabadia.com\/wp-content\/uploads\/2020\/06\/P1560237.jpg\",\"articleSection\":[\"Biodiversidad\",\"Destacado\",\"Pesca\",\"Playas\"],\"inLanguage\":\"es\",\"potentialAction\":[{\"@type\":\"CommentAction\",\"name\":\"Comment\",\"target\":[\"https:\/\/www.salvemsabadia.com\/marisqueig-illegal-a-calo-des-moro-i-es-cap-blanc\/#respond\"]}]},{\"@type\":\"WebPage\",\"@id\":\"https:\/\/www.salvemsabadia.com\/marisqueig-illegal-a-calo-des-moro-i-es-cap-blanc\/\",\"url\":\"https:\/\/www.salvemsabadia.com\/marisqueig-illegal-a-calo-des-moro-i-es-cap-blanc\/\",\"name\":\"Marisqueo ilegal en Cal\u00f3 des Moro y es Cap Blanc - Salvem Sa Badia de Portmany\",\"isPartOf\":{\"@id\":\"https:\/\/www.salvemsabadia.com\/#website\"},\"primaryImageOfPage\":{\"@id\":\"https:\/\/www.salvemsabadia.com\/marisqueig-illegal-a-calo-des-moro-i-es-cap-blanc\/#primaryimage\"},\"image\":{\"@id\":\"https:\/\/www.salvemsabadia.com\/marisqueig-illegal-a-calo-des-moro-i-es-cap-blanc\/#primaryimage\"},\"thumbnailUrl\":\"https:\/\/www.salvemsabadia.com\/wp-content\/uploads\/2020\/06\/P1560237.jpg\",\"datePublished\":\"2020-06-17T15:48:47+00:00\",\"dateModified\":\"2022-08-15T07:54:18+00:00\",\"breadcrumb\":{\"@id\":\"https:\/\/www.salvemsabadia.com\/marisqueig-illegal-a-calo-des-moro-i-es-cap-blanc\/#breadcrumb\"},\"inLanguage\":\"es\",\"potentialAction\":[{\"@type\":\"ReadAction\",\"target\":[\"https:\/\/www.salvemsabadia.com\/marisqueig-illegal-a-calo-des-moro-i-es-cap-blanc\/\"]}]},{\"@type\":\"ImageObject\",\"inLanguage\":\"es\",\"@id\":\"https:\/\/www.salvemsabadia.com\/marisqueig-illegal-a-calo-des-moro-i-es-cap-blanc\/#primaryimage\",\"url\":\"https:\/\/www.salvemsabadia.com\/wp-content\/uploads\/2020\/06\/P1560237.jpg\",\"contentUrl\":\"https:\/\/www.salvemsabadia.com\/wp-content\/uploads\/2020\/06\/P1560237.jpg\",\"width\":1600,\"height\":1068},{\"@type\":\"BreadcrumbList\",\"@id\":\"https:\/\/www.salvemsabadia.com\/marisqueig-illegal-a-calo-des-moro-i-es-cap-blanc\/#breadcrumb\",\"itemListElement\":[{\"@type\":\"ListItem\",\"position\":1,\"name\":\"Portada\",\"item\":\"https:\/\/www.salvemsabadia.com\/es\/\"},{\"@type\":\"ListItem\",\"position\":2,\"name\":\"Marisqueo ilegal en Cal\u00f3 des Moro y es Cap Blanc\"}]},{\"@type\":\"WebSite\",\"@id\":\"https:\/\/www.salvemsabadia.com\/#website\",\"url\":\"https:\/\/www.salvemsabadia.com\/\",\"name\":\"Salvem Sa Badia de Portmany\",\"description\":\"\",\"publisher\":{\"@id\":\"https:\/\/www.salvemsabadia.com\/#organization\"},\"potentialAction\":[{\"@type\":\"SearchAction\",\"target\":{\"@type\":\"EntryPoint\",\"urlTemplate\":\"https:\/\/www.salvemsabadia.com\/?s={search_term_string}\"},\"query-input\":{\"@type\":\"PropertyValueSpecification\",\"valueRequired\":true,\"valueName\":\"search_term_string\"}}],\"inLanguage\":\"es\"},{\"@type\":\"Organization\",\"@id\":\"https:\/\/www.salvemsabadia.com\/#organization\",\"name\":\"Salvem Sa Badia de Portmany\",\"url\":\"https:\/\/www.salvemsabadia.com\/\",\"logo\":{\"@type\":\"ImageObject\",\"inLanguage\":\"es\",\"@id\":\"https:\/\/www.salvemsabadia.com\/#\/schema\/logo\/image\/\",\"url\":\"https:\/\/www.salvemsabadia.com\/wp-content\/uploads\/2020\/03\/logo.png\",\"contentUrl\":\"https:\/\/www.salvemsabadia.com\/wp-content\/uploads\/2020\/03\/logo.png\",\"width\":188,\"height\":151,\"caption\":\"Salvem Sa Badia de Portmany\"},\"image\":{\"@id\":\"https:\/\/www.salvemsabadia.com\/#\/schema\/logo\/image\/\"}},{\"@type\":\"Person\",\"@id\":\"https:\/\/www.salvemsabadia.com\/#\/schema\/person\/5d08c5118adcb4140d13bde4826ba122\",\"name\":\"Salvem sa Badia\",\"image\":{\"@type\":\"ImageObject\",\"inLanguage\":\"es\",\"@id\":\"https:\/\/www.salvemsabadia.com\/#\/schema\/person\/image\/\",\"url\":\"https:\/\/secure.gravatar.com\/avatar\/d569ee5739a9c7022470ea472c9b4b9cf476e15f1be71e5242c911d673d14ad9?s=96&d=mm&r=g\",\"contentUrl\":\"https:\/\/secure.gravatar.com\/avatar\/d569ee5739a9c7022470ea472c9b4b9cf476e15f1be71e5242c911d673d14ad9?s=96&d=mm&r=g\",\"caption\":\"Salvem sa Badia\"}}]}<\/script>\n<!-- \/ Yoast SEO plugin. -->","yoast_head_json":{"title":"Marisqueo ilegal en Cal\u00f3 des Moro y es Cap Blanc - Salvem Sa Badia de Portmany","robots":{"index":"index","follow":"follow","max-snippet":"max-snippet:-1","max-image-preview":"max-image-preview:large","max-video-preview":"max-video-preview:-1"},"canonical":"https:\/\/www.salvemsabadia.com\/marisqueig-illegal-a-calo-des-moro-i-es-cap-blanc\/","og_locale":"es_ES","og_type":"article","og_title":"Marisqueo ilegal en Cal\u00f3 des Moro y es Cap Blanc - Salvem Sa Badia de Portmany","og_description":"Desde hace unos d\u00edas algunos vecinos de Sant Antoni vienen denunciado la presencia de mariscadores ilegales en la costa rocosa pr\u00f3xima a Cal\u00f3 des Moro y Es Cap Blanc. Hoy...","og_url":"https:\/\/www.salvemsabadia.com\/marisqueig-illegal-a-calo-des-moro-i-es-cap-blanc\/","og_site_name":"Salvem Sa Badia de Portmany","article_published_time":"2020-06-17T15:48:47+00:00","article_modified_time":"2022-08-15T07:54:18+00:00","og_image":[{"width":1024,"height":684,"url":"https:\/\/www.salvemsabadia.com\/wp-content\/uploads\/2020\/06\/P1560237-1024x684.jpg","type":"image\/jpeg"}],"author":"Salvem sa Badia","twitter_card":"summary_large_image","twitter_misc":{"Escrito por":"Salvem sa Badia","Tiempo de lectura":"2 minutos"},"schema":{"@context":"https:\/\/schema.org","@graph":[{"@type":"Article","@id":"https:\/\/www.salvemsabadia.com\/marisqueig-illegal-a-calo-des-moro-i-es-cap-blanc\/#article","isPartOf":{"@id":"https:\/\/www.salvemsabadia.com\/marisqueig-illegal-a-calo-des-moro-i-es-cap-blanc\/"},"author":{"name":"Salvem sa Badia","@id":"https:\/\/www.salvemsabadia.com\/#\/schema\/person\/5d08c5118adcb4140d13bde4826ba122"},"headline":"Marisqueo ilegal en Cal\u00f3 des Moro y es Cap Blanc","datePublished":"2020-06-17T15:48:47+00:00","dateModified":"2022-08-15T07:54:18+00:00","mainEntityOfPage":{"@id":"https:\/\/www.salvemsabadia.com\/marisqueig-illegal-a-calo-des-moro-i-es-cap-blanc\/"},"wordCount":352,"commentCount":0,"publisher":{"@id":"https:\/\/www.salvemsabadia.com\/#organization"},"image":{"@id":"https:\/\/www.salvemsabadia.com\/marisqueig-illegal-a-calo-des-moro-i-es-cap-blanc\/#primaryimage"},"thumbnailUrl":"https:\/\/www.salvemsabadia.com\/wp-content\/uploads\/2020\/06\/P1560237.jpg","articleSection":["Biodiversidad","Destacado","Pesca","Playas"],"inLanguage":"es","potentialAction":[{"@type":"CommentAction","name":"Comment","target":["https:\/\/www.salvemsabadia.com\/marisqueig-illegal-a-calo-des-moro-i-es-cap-blanc\/#respond"]}]},{"@type":"WebPage","@id":"https:\/\/www.salvemsabadia.com\/marisqueig-illegal-a-calo-des-moro-i-es-cap-blanc\/","url":"https:\/\/www.salvemsabadia.com\/marisqueig-illegal-a-calo-des-moro-i-es-cap-blanc\/","name":"Marisqueo ilegal en Cal\u00f3 des Moro y es Cap Blanc - Salvem Sa Badia de Portmany","isPartOf":{"@id":"https:\/\/www.salvemsabadia.com\/#website"},"primaryImageOfPage":{"@id":"https:\/\/www.salvemsabadia.com\/marisqueig-illegal-a-calo-des-moro-i-es-cap-blanc\/#primaryimage"},"image":{"@id":"https:\/\/www.salvemsabadia.com\/marisqueig-illegal-a-calo-des-moro-i-es-cap-blanc\/#primaryimage"},"thumbnailUrl":"https:\/\/www.salvemsabadia.com\/wp-content\/uploads\/2020\/06\/P1560237.jpg","datePublished":"2020-06-17T15:48:47+00:00","dateModified":"2022-08-15T07:54:18+00:00","breadcrumb":{"@id":"https:\/\/www.salvemsabadia.com\/marisqueig-illegal-a-calo-des-moro-i-es-cap-blanc\/#breadcrumb"},"inLanguage":"es","potentialAction":[{"@type":"ReadAction","target":["https:\/\/www.salvemsabadia.com\/marisqueig-illegal-a-calo-des-moro-i-es-cap-blanc\/"]}]},{"@type":"ImageObject","inLanguage":"es","@id":"https:\/\/www.salvemsabadia.com\/marisqueig-illegal-a-calo-des-moro-i-es-cap-blanc\/#primaryimage","url":"https:\/\/www.salvemsabadia.com\/wp-content\/uploads\/2020\/06\/P1560237.jpg","contentUrl":"https:\/\/www.salvemsabadia.com\/wp-content\/uploads\/2020\/06\/P1560237.jpg","width":1600,"height":1068},{"@type":"BreadcrumbList","@id":"https:\/\/www.salvemsabadia.com\/marisqueig-illegal-a-calo-des-moro-i-es-cap-blanc\/#breadcrumb","itemListElement":[{"@type":"ListItem","position":1,"name":"Portada","item":"https:\/\/www.salvemsabadia.com\/es\/"},{"@type":"ListItem","position":2,"name":"Marisqueo ilegal en Cal\u00f3 des Moro y es Cap Blanc"}]},{"@type":"WebSite","@id":"https:\/\/www.salvemsabadia.com\/#website","url":"https:\/\/www.salvemsabadia.com\/","name":"Salvem Sa Badia de Portmany","description":"","publisher":{"@id":"https:\/\/www.salvemsabadia.com\/#organization"},"potentialAction":[{"@type":"SearchAction","target":{"@type":"EntryPoint","urlTemplate":"https:\/\/www.salvemsabadia.com\/?s={search_term_string}"},"query-input":{"@type":"PropertyValueSpecification","valueRequired":true,"valueName":"search_term_string"}}],"inLanguage":"es"},{"@type":"Organization","@id":"https:\/\/www.salvemsabadia.com\/#organization","name":"Salvem Sa Badia de Portmany","url":"https:\/\/www.salvemsabadia.com\/","logo":{"@type":"ImageObject","inLanguage":"es","@id":"https:\/\/www.salvemsabadia.com\/#\/schema\/logo\/image\/","url":"https:\/\/www.salvemsabadia.com\/wp-content\/uploads\/2020\/03\/logo.png","contentUrl":"https:\/\/www.salvemsabadia.com\/wp-content\/uploads\/2020\/03\/logo.png","width":188,"height":151,"caption":"Salvem Sa Badia de Portmany"},"image":{"@id":"https:\/\/www.salvemsabadia.com\/#\/schema\/logo\/image\/"}},{"@type":"Person","@id":"https:\/\/www.salvemsabadia.com\/#\/schema\/person\/5d08c5118adcb4140d13bde4826ba122","name":"Salvem sa Badia","image":{"@type":"ImageObject","inLanguage":"es","@id":"https:\/\/www.salvemsabadia.com\/#\/schema\/person\/image\/","url":"https:\/\/secure.gravatar.com\/avatar\/d569ee5739a9c7022470ea472c9b4b9cf476e15f1be71e5242c911d673d14ad9?s=96&d=mm&r=g","contentUrl":"https:\/\/secure.gravatar.com\/avatar\/d569ee5739a9c7022470ea472c9b4b9cf476e15f1be71e5242c911d673d14ad9?s=96&d=mm&r=g","caption":"Salvem sa Badia"}}]}},"_links":{"self":[{"href":"https:\/\/www.salvemsabadia.com\/es\/wp-json\/wp\/v2\/posts\/480","targetHints":{"allow":["GET"]}}],"collection":[{"href":"https:\/\/www.salvemsabadia.com\/es\/wp-json\/wp\/v2\/posts"}],"about":[{"href":"https:\/\/www.salvemsabadia.com\/es\/wp-json\/wp\/v2\/types\/post"}],"author":[{"embeddable":true,"href":"https:\/\/www.salvemsabadia.com\/es\/wp-json\/wp\/v2\/users\/2"}],"replies":[{"embeddable":true,"href":"https:\/\/www.salvemsabadia.com\/es\/wp-json\/wp\/v2\/comments?post=480"}],"version-history":[{"count":0,"href":"https:\/\/www.salvemsabadia.com\/es\/wp-json\/wp\/v2\/posts\/480\/revisions"}],"wp:featuredmedia":[{"embeddable":true,"href":"https:\/\/www.salvemsabadia.com\/es\/wp-json\/wp\/v2\/media\/481"}],"wp:attachment":[{"href":"https:\/\/www.salvemsabadia.com\/es\/wp-json\/wp\/v2\/media?parent=480"}],"wp:term":[{"taxonomy":"category","embeddable":true,"href":"https:\/\/www.salvemsabadia.com\/es\/wp-json\/wp\/v2\/categories?post=480"},{"taxonomy":"post_tag","embeddable":true,"href":"https:\/\/www.salvemsabadia.com\/es\/wp-json\/wp\/v2\/tags?post=480"}],"curies":[{"name":"wp","href":"https:\/\/api.w.org\/{rel}","templated":true}]}}