{"id":4852,"date":"2023-08-22T22:09:29","date_gmt":"2023-08-22T20:09:29","guid":{"rendered":"https:\/\/www.salvemsabadia.com\/?p=4852"},"modified":"2023-08-22T22:09:29","modified_gmt":"2023-08-22T20:09:29","slug":"salvem-sa-badia-afonib-y-mare-celebran-un-nuevo-taller-abierto-de-fotografia-submarina-en-apnea","status":"publish","type":"post","link":"https:\/\/www.salvemsabadia.com\/es\/salvem-sa-badia-afonib-y-mare-celebran-un-nuevo-taller-abierto-de-fotografia-submarina-en-apnea\/","title":{"rendered":"Salvem sa Badia, Afonib y MARE celebran un nuevo taller abierto de fotograf\u00eda submarina en apnea"},"content":{"rendered":"<p><img loading=\"lazy\" decoding=\"async\" class=\"alignnone size-full wp-image-4855\" src=\"https:\/\/www.salvemsabadia.com\/wp-content\/uploads\/2023\/08\/FHD0304-rec.jpg\" alt=\"\" width=\"1400\" height=\"933\" srcset=\"https:\/\/www.salvemsabadia.com\/wp-content\/uploads\/2023\/08\/FHD0304-rec.jpg 1400w, https:\/\/www.salvemsabadia.com\/wp-content\/uploads\/2023\/08\/FHD0304-rec-300x200.jpg 300w, https:\/\/www.salvemsabadia.com\/wp-content\/uploads\/2023\/08\/FHD0304-rec-1024x682.jpg 1024w, https:\/\/www.salvemsabadia.com\/wp-content\/uploads\/2023\/08\/FHD0304-rec-768x512.jpg 768w, https:\/\/www.salvemsabadia.com\/wp-content\/uploads\/2023\/08\/FHD0304-rec-900x600.jpg 900w\" sizes=\"auto, (max-width: 1400px) 100vw, 1400px\" \/>Los pr\u00f3ximos 25 y 26 de agosto se celebra un nuevo taller de fotograf\u00eda submarina en apnea, bajo el t\u00edtulo \u2018Peixos de sa Vora Ca\u00e7afotosub\u2019. Dicha actividad, de car\u00e1cter familiar, tendr\u00e1 lugar en Sant Antoni de Portmany y la organizan Salvem Sa Badia, la Associaci\u00f3 de Fotografia de Natura de les Illes Balears (Afonib) y MARE.<\/p>\n<p>La primera jornada, este viernes, constar\u00e1 de una charla introductoria que se celebrar\u00e1 en el aula del \u00c1rea Deportiva del Club N\u00e0utic Sant Antoni, a partir de las 19,30 horas. El s\u00e1bado 26, a las 9 horas, se realizar\u00e1 la salida al mar desde la calita de ses Coves Blanques, actividad que se prolongar\u00e1 a lo largo de toda la ma\u00f1ana.<\/p>\n<p>Los participantes deben tener un m\u00ednimo de autonom\u00eda en snorkel y llevar un equipo b\u00e1sico de m\u00e1scara y aletas. La organizaci\u00f3n pondr\u00e1 a disposici\u00f3n de los participantes distintas c\u00e1maras subacu\u00e1ticas. Para participar en estas jornadas es imprescindible inscribirse a trav\u00e9s de <a href=\"https:\/\/docs.google.com\/forms\/d\/e\/1FAIpQLSf-qk23p0HdYPOrL97WpNCpEreipdvOnf6NjPbSpi7dQwnFgw\/viewform\" target=\"_blank\" rel=\"noopener\">este enlace<\/a>.<\/p>\n<p>Salvem sa Badia coorganiza el acontecimiento y propone estas jornadas a los voluntarios y otros residentes que quieran aproximarse a la fotograf\u00eda submarina, el snorkel y el buceo. Estas jornadas, enmarcadas dentro de los proyectos de #EstimSaBadia, se plantean para dar a conocer m\u00e1s a fondo la biodiversidad que existe en el interior de la bah\u00eda de Portmany. La asociaci\u00f3n tambi\u00e9n se hace cargo de la gesti\u00f3n de los seguros necesarios para realizar la actividad y de las boyas que delimitar\u00e1n la zona de los talleres pr\u00e1cticos.<\/p>\n<p>La actividad, que hace dos a\u00f1os se celebr\u00f3 en Cal\u00f3 de s\u2019Oli y la temporada pasada ya en ses Coves Blanques, tiene lugar por tercer a\u00f1o consecutivo y est\u00e1 enfocada a personas con poca experiencia en buceo con tubo o snorkel.<\/p>\n<p><img loading=\"lazy\" decoding=\"async\" class=\"alignnone size-full wp-image-4853\" src=\"https:\/\/www.salvemsabadia.com\/wp-content\/uploads\/2023\/08\/WhatsApp-Image-2023-08-22-at-19.03.09.jpeg\" alt=\"\" width=\"1131\" height=\"1600\" srcset=\"https:\/\/www.salvemsabadia.com\/wp-content\/uploads\/2023\/08\/WhatsApp-Image-2023-08-22-at-19.03.09.jpeg 1131w, https:\/\/www.salvemsabadia.com\/wp-content\/uploads\/2023\/08\/WhatsApp-Image-2023-08-22-at-19.03.09-212x300.jpeg 212w, https:\/\/www.salvemsabadia.com\/wp-content\/uploads\/2023\/08\/WhatsApp-Image-2023-08-22-at-19.03.09-724x1024.jpeg 724w, https:\/\/www.salvemsabadia.com\/wp-content\/uploads\/2023\/08\/WhatsApp-Image-2023-08-22-at-19.03.09-768x1086.jpeg 768w, https:\/\/www.salvemsabadia.com\/wp-content\/uploads\/2023\/08\/WhatsApp-Image-2023-08-22-at-19.03.09-1086x1536.jpeg 1086w\" sizes=\"auto, (max-width: 1131px) 100vw, 1131px\" \/><\/p>\n","protected":false},"excerpt":{"rendered":"<p>Los pr\u00f3ximos 25 y 26 de agosto se celebra un nuevo taller de fotograf\u00eda submarina en apnea, bajo el t\u00edtulo \u2018Peixos de sa Vora Ca\u00e7afotosub\u2019. Dicha actividad, de car\u00e1cter familiar,&#8230;<\/p>\n","protected":false},"author":2,"featured_media":4855,"comment_status":"closed","ping_status":"closed","sticky":false,"template":"","format":"standard","meta":{"give_campaign_id":0,"footnotes":""},"categories":[201,202,106,10],"tags":[],"class_list":{"0":"post-4852","1":"post","2":"type-post","3":"status-publish","4":"format-standard","5":"has-post-thumbnail","7":"category-biodiversidad","8":"category-buceo","9":"category-destacado","10":"category-salvem-sa-badia"},"yoast_head":"<!-- This site is optimized with the Yoast SEO plugin v26.8 - https:\/\/yoast.com\/product\/yoast-seo-wordpress\/ -->\n<title>Salvem sa Badia, Afonib y MARE celebran un nuevo taller abierto de fotograf\u00eda submarina en apnea - Salvem Sa Badia de Portmany<\/title>\n<meta name=\"robots\" content=\"index, follow, max-snippet:-1, max-image-preview:large, max-video-preview:-1\" \/>\n<link rel=\"canonical\" href=\"https:\/\/www.salvemsabadia.com\/salvem-sa-badia-afonib-i-mare-celebren-un-nou-taller-obert-de-fotografia-submarina-en-apnea\/\" \/>\n<meta property=\"og:locale\" content=\"es_ES\" \/>\n<meta property=\"og:type\" content=\"article\" \/>\n<meta property=\"og:title\" content=\"Salvem sa Badia, Afonib y MARE celebran un nuevo taller abierto de fotograf\u00eda submarina en apnea - Salvem Sa Badia de Portmany\" \/>\n<meta property=\"og:description\" content=\"Los pr\u00f3ximos 25 y 26 de agosto se celebra un nuevo taller de fotograf\u00eda submarina en apnea, bajo el t\u00edtulo \u2018Peixos de sa Vora Ca\u00e7afotosub\u2019. Dicha actividad, de car\u00e1cter familiar,...\" \/>\n<meta property=\"og:url\" content=\"https:\/\/www.salvemsabadia.com\/salvem-sa-badia-afonib-i-mare-celebren-un-nou-taller-obert-de-fotografia-submarina-en-apnea\/\" \/>\n<meta property=\"og:site_name\" content=\"Salvem Sa Badia de Portmany\" \/>\n<meta property=\"article:published_time\" content=\"2023-08-22T20:09:29+00:00\" \/>\n<meta property=\"og:image\" content=\"https:\/\/www.salvemsabadia.com\/wp-content\/uploads\/2023\/08\/FHD0304-rec.jpg\" \/>\n\t<meta property=\"og:image:width\" content=\"1400\" \/>\n\t<meta property=\"og:image:height\" content=\"933\" \/>\n\t<meta property=\"og:image:type\" content=\"image\/jpeg\" \/>\n<meta name=\"author\" content=\"Salvem sa Badia\" \/>\n<meta name=\"twitter:card\" content=\"summary_large_image\" \/>\n<meta name=\"twitter:label1\" content=\"Escrito por\" \/>\n\t<meta name=\"twitter:data1\" content=\"Salvem sa Badia\" \/>\n\t<meta name=\"twitter:label2\" content=\"Tiempo de lectura\" \/>\n\t<meta name=\"twitter:data2\" content=\"2 minutos\" \/>\n<script type=\"application\/ld+json\" class=\"yoast-schema-graph\">{\"@context\":\"https:\/\/schema.org\",\"@graph\":[{\"@type\":\"Article\",\"@id\":\"https:\/\/www.salvemsabadia.com\/salvem-sa-badia-afonib-i-mare-celebren-un-nou-taller-obert-de-fotografia-submarina-en-apnea\/#article\",\"isPartOf\":{\"@id\":\"https:\/\/www.salvemsabadia.com\/salvem-sa-badia-afonib-i-mare-celebren-un-nou-taller-obert-de-fotografia-submarina-en-apnea\/\"},\"author\":{\"name\":\"Salvem sa Badia\",\"@id\":\"https:\/\/www.salvemsabadia.com\/#\/schema\/person\/5d08c5118adcb4140d13bde4826ba122\"},\"headline\":\"Salvem sa Badia, Afonib y MARE celebran un nuevo taller abierto de fotograf\u00eda submarina en apnea\",\"datePublished\":\"2023-08-22T20:09:29+00:00\",\"mainEntityOfPage\":{\"@id\":\"https:\/\/www.salvemsabadia.com\/salvem-sa-badia-afonib-i-mare-celebren-un-nou-taller-obert-de-fotografia-submarina-en-apnea\/\"},\"wordCount\":328,\"publisher\":{\"@id\":\"https:\/\/www.salvemsabadia.com\/#organization\"},\"image\":{\"@id\":\"https:\/\/www.salvemsabadia.com\/salvem-sa-badia-afonib-i-mare-celebren-un-nou-taller-obert-de-fotografia-submarina-en-apnea\/#primaryimage\"},\"thumbnailUrl\":\"https:\/\/www.salvemsabadia.com\/wp-content\/uploads\/2023\/08\/FHD0304-rec.jpg\",\"articleSection\":[\"Biodiversidad\",\"Buceo\",\"Destacado\",\"Salvem Sa Badia\"],\"inLanguage\":\"es\"},{\"@type\":\"WebPage\",\"@id\":\"https:\/\/www.salvemsabadia.com\/salvem-sa-badia-afonib-i-mare-celebren-un-nou-taller-obert-de-fotografia-submarina-en-apnea\/\",\"url\":\"https:\/\/www.salvemsabadia.com\/salvem-sa-badia-afonib-i-mare-celebren-un-nou-taller-obert-de-fotografia-submarina-en-apnea\/\",\"name\":\"Salvem sa Badia, Afonib y MARE celebran un nuevo taller abierto de fotograf\u00eda submarina en apnea - Salvem Sa Badia de Portmany\",\"isPartOf\":{\"@id\":\"https:\/\/www.salvemsabadia.com\/#website\"},\"primaryImageOfPage\":{\"@id\":\"https:\/\/www.salvemsabadia.com\/salvem-sa-badia-afonib-i-mare-celebren-un-nou-taller-obert-de-fotografia-submarina-en-apnea\/#primaryimage\"},\"image\":{\"@id\":\"https:\/\/www.salvemsabadia.com\/salvem-sa-badia-afonib-i-mare-celebren-un-nou-taller-obert-de-fotografia-submarina-en-apnea\/#primaryimage\"},\"thumbnailUrl\":\"https:\/\/www.salvemsabadia.com\/wp-content\/uploads\/2023\/08\/FHD0304-rec.jpg\",\"datePublished\":\"2023-08-22T20:09:29+00:00\",\"breadcrumb\":{\"@id\":\"https:\/\/www.salvemsabadia.com\/salvem-sa-badia-afonib-i-mare-celebren-un-nou-taller-obert-de-fotografia-submarina-en-apnea\/#breadcrumb\"},\"inLanguage\":\"es\",\"potentialAction\":[{\"@type\":\"ReadAction\",\"target\":[\"https:\/\/www.salvemsabadia.com\/salvem-sa-badia-afonib-i-mare-celebren-un-nou-taller-obert-de-fotografia-submarina-en-apnea\/\"]}]},{\"@type\":\"ImageObject\",\"inLanguage\":\"es\",\"@id\":\"https:\/\/www.salvemsabadia.com\/salvem-sa-badia-afonib-i-mare-celebren-un-nou-taller-obert-de-fotografia-submarina-en-apnea\/#primaryimage\",\"url\":\"https:\/\/www.salvemsabadia.com\/wp-content\/uploads\/2023\/08\/FHD0304-rec.jpg\",\"contentUrl\":\"https:\/\/www.salvemsabadia.com\/wp-content\/uploads\/2023\/08\/FHD0304-rec.jpg\",\"width\":1400,\"height\":933},{\"@type\":\"BreadcrumbList\",\"@id\":\"https:\/\/www.salvemsabadia.com\/salvem-sa-badia-afonib-i-mare-celebren-un-nou-taller-obert-de-fotografia-submarina-en-apnea\/#breadcrumb\",\"itemListElement\":[{\"@type\":\"ListItem\",\"position\":1,\"name\":\"Portada\",\"item\":\"https:\/\/www.salvemsabadia.com\/es\/\"},{\"@type\":\"ListItem\",\"position\":2,\"name\":\"Salvem sa Badia, Afonib y MARE celebran un nuevo taller abierto de fotograf\u00eda submarina en apnea\"}]},{\"@type\":\"WebSite\",\"@id\":\"https:\/\/www.salvemsabadia.com\/#website\",\"url\":\"https:\/\/www.salvemsabadia.com\/\",\"name\":\"Salvem Sa Badia de Portmany\",\"description\":\"\",\"publisher\":{\"@id\":\"https:\/\/www.salvemsabadia.com\/#organization\"},\"potentialAction\":[{\"@type\":\"SearchAction\",\"target\":{\"@type\":\"EntryPoint\",\"urlTemplate\":\"https:\/\/www.salvemsabadia.com\/?s={search_term_string}\"},\"query-input\":{\"@type\":\"PropertyValueSpecification\",\"valueRequired\":true,\"valueName\":\"search_term_string\"}}],\"inLanguage\":\"es\"},{\"@type\":\"Organization\",\"@id\":\"https:\/\/www.salvemsabadia.com\/#organization\",\"name\":\"Salvem Sa Badia de Portmany\",\"url\":\"https:\/\/www.salvemsabadia.com\/\",\"logo\":{\"@type\":\"ImageObject\",\"inLanguage\":\"es\",\"@id\":\"https:\/\/www.salvemsabadia.com\/#\/schema\/logo\/image\/\",\"url\":\"https:\/\/www.salvemsabadia.com\/wp-content\/uploads\/2020\/03\/logo.png\",\"contentUrl\":\"https:\/\/www.salvemsabadia.com\/wp-content\/uploads\/2020\/03\/logo.png\",\"width\":188,\"height\":151,\"caption\":\"Salvem Sa Badia de Portmany\"},\"image\":{\"@id\":\"https:\/\/www.salvemsabadia.com\/#\/schema\/logo\/image\/\"}},{\"@type\":\"Person\",\"@id\":\"https:\/\/www.salvemsabadia.com\/#\/schema\/person\/5d08c5118adcb4140d13bde4826ba122\",\"name\":\"Salvem sa Badia\",\"image\":{\"@type\":\"ImageObject\",\"inLanguage\":\"es\",\"@id\":\"https:\/\/www.salvemsabadia.com\/#\/schema\/person\/image\/\",\"url\":\"https:\/\/secure.gravatar.com\/avatar\/d569ee5739a9c7022470ea472c9b4b9cf476e15f1be71e5242c911d673d14ad9?s=96&d=mm&r=g\",\"contentUrl\":\"https:\/\/secure.gravatar.com\/avatar\/d569ee5739a9c7022470ea472c9b4b9cf476e15f1be71e5242c911d673d14ad9?s=96&d=mm&r=g\",\"caption\":\"Salvem sa Badia\"}}]}<\/script>\n<!-- \/ Yoast SEO plugin. -->","yoast_head_json":{"title":"Salvem sa Badia, Afonib y MARE celebran un nuevo taller abierto de fotograf\u00eda submarina en apnea - Salvem Sa Badia de Portmany","robots":{"index":"index","follow":"follow","max-snippet":"max-snippet:-1","max-image-preview":"max-image-preview:large","max-video-preview":"max-video-preview:-1"},"canonical":"https:\/\/www.salvemsabadia.com\/salvem-sa-badia-afonib-i-mare-celebren-un-nou-taller-obert-de-fotografia-submarina-en-apnea\/","og_locale":"es_ES","og_type":"article","og_title":"Salvem sa Badia, Afonib y MARE celebran un nuevo taller abierto de fotograf\u00eda submarina en apnea - Salvem Sa Badia de Portmany","og_description":"Los pr\u00f3ximos 25 y 26 de agosto se celebra un nuevo taller de fotograf\u00eda submarina en apnea, bajo el t\u00edtulo \u2018Peixos de sa Vora Ca\u00e7afotosub\u2019. Dicha actividad, de car\u00e1cter familiar,...","og_url":"https:\/\/www.salvemsabadia.com\/salvem-sa-badia-afonib-i-mare-celebren-un-nou-taller-obert-de-fotografia-submarina-en-apnea\/","og_site_name":"Salvem Sa Badia de Portmany","article_published_time":"2023-08-22T20:09:29+00:00","og_image":[{"width":1400,"height":933,"url":"https:\/\/www.salvemsabadia.com\/wp-content\/uploads\/2023\/08\/FHD0304-rec.jpg","type":"image\/jpeg"}],"author":"Salvem sa Badia","twitter_card":"summary_large_image","twitter_misc":{"Escrito por":"Salvem sa Badia","Tiempo de lectura":"2 minutos"},"schema":{"@context":"https:\/\/schema.org","@graph":[{"@type":"Article","@id":"https:\/\/www.salvemsabadia.com\/salvem-sa-badia-afonib-i-mare-celebren-un-nou-taller-obert-de-fotografia-submarina-en-apnea\/#article","isPartOf":{"@id":"https:\/\/www.salvemsabadia.com\/salvem-sa-badia-afonib-i-mare-celebren-un-nou-taller-obert-de-fotografia-submarina-en-apnea\/"},"author":{"name":"Salvem sa Badia","@id":"https:\/\/www.salvemsabadia.com\/#\/schema\/person\/5d08c5118adcb4140d13bde4826ba122"},"headline":"Salvem sa Badia, Afonib y MARE celebran un nuevo taller abierto de fotograf\u00eda submarina en apnea","datePublished":"2023-08-22T20:09:29+00:00","mainEntityOfPage":{"@id":"https:\/\/www.salvemsabadia.com\/salvem-sa-badia-afonib-i-mare-celebren-un-nou-taller-obert-de-fotografia-submarina-en-apnea\/"},"wordCount":328,"publisher":{"@id":"https:\/\/www.salvemsabadia.com\/#organization"},"image":{"@id":"https:\/\/www.salvemsabadia.com\/salvem-sa-badia-afonib-i-mare-celebren-un-nou-taller-obert-de-fotografia-submarina-en-apnea\/#primaryimage"},"thumbnailUrl":"https:\/\/www.salvemsabadia.com\/wp-content\/uploads\/2023\/08\/FHD0304-rec.jpg","articleSection":["Biodiversidad","Buceo","Destacado","Salvem Sa Badia"],"inLanguage":"es"},{"@type":"WebPage","@id":"https:\/\/www.salvemsabadia.com\/salvem-sa-badia-afonib-i-mare-celebren-un-nou-taller-obert-de-fotografia-submarina-en-apnea\/","url":"https:\/\/www.salvemsabadia.com\/salvem-sa-badia-afonib-i-mare-celebren-un-nou-taller-obert-de-fotografia-submarina-en-apnea\/","name":"Salvem sa Badia, Afonib y MARE celebran un nuevo taller abierto de fotograf\u00eda submarina en apnea - Salvem Sa Badia de Portmany","isPartOf":{"@id":"https:\/\/www.salvemsabadia.com\/#website"},"primaryImageOfPage":{"@id":"https:\/\/www.salvemsabadia.com\/salvem-sa-badia-afonib-i-mare-celebren-un-nou-taller-obert-de-fotografia-submarina-en-apnea\/#primaryimage"},"image":{"@id":"https:\/\/www.salvemsabadia.com\/salvem-sa-badia-afonib-i-mare-celebren-un-nou-taller-obert-de-fotografia-submarina-en-apnea\/#primaryimage"},"thumbnailUrl":"https:\/\/www.salvemsabadia.com\/wp-content\/uploads\/2023\/08\/FHD0304-rec.jpg","datePublished":"2023-08-22T20:09:29+00:00","breadcrumb":{"@id":"https:\/\/www.salvemsabadia.com\/salvem-sa-badia-afonib-i-mare-celebren-un-nou-taller-obert-de-fotografia-submarina-en-apnea\/#breadcrumb"},"inLanguage":"es","potentialAction":[{"@type":"ReadAction","target":["https:\/\/www.salvemsabadia.com\/salvem-sa-badia-afonib-i-mare-celebren-un-nou-taller-obert-de-fotografia-submarina-en-apnea\/"]}]},{"@type":"ImageObject","inLanguage":"es","@id":"https:\/\/www.salvemsabadia.com\/salvem-sa-badia-afonib-i-mare-celebren-un-nou-taller-obert-de-fotografia-submarina-en-apnea\/#primaryimage","url":"https:\/\/www.salvemsabadia.com\/wp-content\/uploads\/2023\/08\/FHD0304-rec.jpg","contentUrl":"https:\/\/www.salvemsabadia.com\/wp-content\/uploads\/2023\/08\/FHD0304-rec.jpg","width":1400,"height":933},{"@type":"BreadcrumbList","@id":"https:\/\/www.salvemsabadia.com\/salvem-sa-badia-afonib-i-mare-celebren-un-nou-taller-obert-de-fotografia-submarina-en-apnea\/#breadcrumb","itemListElement":[{"@type":"ListItem","position":1,"name":"Portada","item":"https:\/\/www.salvemsabadia.com\/es\/"},{"@type":"ListItem","position":2,"name":"Salvem sa Badia, Afonib y MARE celebran un nuevo taller abierto de fotograf\u00eda submarina en apnea"}]},{"@type":"WebSite","@id":"https:\/\/www.salvemsabadia.com\/#website","url":"https:\/\/www.salvemsabadia.com\/","name":"Salvem Sa Badia de Portmany","description":"","publisher":{"@id":"https:\/\/www.salvemsabadia.com\/#organization"},"potentialAction":[{"@type":"SearchAction","target":{"@type":"EntryPoint","urlTemplate":"https:\/\/www.salvemsabadia.com\/?s={search_term_string}"},"query-input":{"@type":"PropertyValueSpecification","valueRequired":true,"valueName":"search_term_string"}}],"inLanguage":"es"},{"@type":"Organization","@id":"https:\/\/www.salvemsabadia.com\/#organization","name":"Salvem Sa Badia de Portmany","url":"https:\/\/www.salvemsabadia.com\/","logo":{"@type":"ImageObject","inLanguage":"es","@id":"https:\/\/www.salvemsabadia.com\/#\/schema\/logo\/image\/","url":"https:\/\/www.salvemsabadia.com\/wp-content\/uploads\/2020\/03\/logo.png","contentUrl":"https:\/\/www.salvemsabadia.com\/wp-content\/uploads\/2020\/03\/logo.png","width":188,"height":151,"caption":"Salvem Sa Badia de Portmany"},"image":{"@id":"https:\/\/www.salvemsabadia.com\/#\/schema\/logo\/image\/"}},{"@type":"Person","@id":"https:\/\/www.salvemsabadia.com\/#\/schema\/person\/5d08c5118adcb4140d13bde4826ba122","name":"Salvem sa Badia","image":{"@type":"ImageObject","inLanguage":"es","@id":"https:\/\/www.salvemsabadia.com\/#\/schema\/person\/image\/","url":"https:\/\/secure.gravatar.com\/avatar\/d569ee5739a9c7022470ea472c9b4b9cf476e15f1be71e5242c911d673d14ad9?s=96&d=mm&r=g","contentUrl":"https:\/\/secure.gravatar.com\/avatar\/d569ee5739a9c7022470ea472c9b4b9cf476e15f1be71e5242c911d673d14ad9?s=96&d=mm&r=g","caption":"Salvem sa Badia"}}]}},"_links":{"self":[{"href":"https:\/\/www.salvemsabadia.com\/es\/wp-json\/wp\/v2\/posts\/4852","targetHints":{"allow":["GET"]}}],"collection":[{"href":"https:\/\/www.salvemsabadia.com\/es\/wp-json\/wp\/v2\/posts"}],"about":[{"href":"https:\/\/www.salvemsabadia.com\/es\/wp-json\/wp\/v2\/types\/post"}],"author":[{"embeddable":true,"href":"https:\/\/www.salvemsabadia.com\/es\/wp-json\/wp\/v2\/users\/2"}],"replies":[{"embeddable":true,"href":"https:\/\/www.salvemsabadia.com\/es\/wp-json\/wp\/v2\/comments?post=4852"}],"version-history":[{"count":0,"href":"https:\/\/www.salvemsabadia.com\/es\/wp-json\/wp\/v2\/posts\/4852\/revisions"}],"wp:featuredmedia":[{"embeddable":true,"href":"https:\/\/www.salvemsabadia.com\/es\/wp-json\/wp\/v2\/media\/4855"}],"wp:attachment":[{"href":"https:\/\/www.salvemsabadia.com\/es\/wp-json\/wp\/v2\/media?parent=4852"}],"wp:term":[{"taxonomy":"category","embeddable":true,"href":"https:\/\/www.salvemsabadia.com\/es\/wp-json\/wp\/v2\/categories?post=4852"},{"taxonomy":"post_tag","embeddable":true,"href":"https:\/\/www.salvemsabadia.com\/es\/wp-json\/wp\/v2\/tags?post=4852"}],"curies":[{"name":"wp","href":"https:\/\/api.w.org\/{rel}","templated":true}]}}