{"id":4928,"date":"2023-10-02T18:11:29","date_gmt":"2023-10-02T16:11:29","guid":{"rendered":"https:\/\/www.salvemsabadia.com\/?p=4928"},"modified":"2023-10-02T18:11:29","modified_gmt":"2023-10-02T16:11:29","slug":"los-buceadores-voluntarios-realizan-los-trabajos-de-monitorizacion-previstos-en-las-estaciones-de-muestreo-de-cala-bassa-y-cala-gracio","status":"publish","type":"post","link":"https:\/\/www.salvemsabadia.com\/es\/los-buceadores-voluntarios-realizan-los-trabajos-de-monitorizacion-previstos-en-las-estaciones-de-muestreo-de-cala-bassa-y-cala-gracio\/","title":{"rendered":"Los buceadores voluntarios realizan los trabajos de monitorizaci\u00f3n previstos en las estaciones de muestreo de Cala Bassa y Cala Graci\u00f3"},"content":{"rendered":"<p><img loading=\"lazy\" decoding=\"async\" class=\"alignnone size-full wp-image-4933\" src=\"https:\/\/www.salvemsabadia.com\/wp-content\/uploads\/2023\/10\/ampliada.jpg\" alt=\"\" width=\"1400\" height=\"1050\" srcset=\"https:\/\/www.salvemsabadia.com\/wp-content\/uploads\/2023\/10\/ampliada.jpg 1400w, https:\/\/www.salvemsabadia.com\/wp-content\/uploads\/2023\/10\/ampliada-300x225.jpg 300w, https:\/\/www.salvemsabadia.com\/wp-content\/uploads\/2023\/10\/ampliada-1024x768.jpg 1024w, https:\/\/www.salvemsabadia.com\/wp-content\/uploads\/2023\/10\/ampliada-768x576.jpg 768w\" sizes=\"auto, (max-width: 1400px) 100vw, 1400px\" \/><\/p>\n<p>El grupo de buceadores voluntarios impulsado el a\u00f1o pasado por Salvem sa Badia de Portmany realiz\u00f3 ayer, tal y como estaba previsto, los trabajos de monitorizaci\u00f3n en las estaciones de muestreo de posidonia en Cala Bassa y Cala Graci\u00f3, en la bah\u00eda de Portmany. Ambos puntos forman parte de la Red de Monitorizaci\u00f3n de Posidonia de las Islas Baleares (Xarxa Posid\u00f2nia), que es un proyecto del Servicio de Protecci\u00f3n de Especies del Govern balear. Este trabajo se realiz\u00f3 gracias al apoyo econ\u00f3mico de Salvem sa Badia de Portmany y la empresa Arenal Dive.<\/p>\n<p>Los buceadores pudieron realizar todas las mediciones y la toma de datos sin contratiempos, con una visibilidad perfecta. Tambi\u00e9n recuperaron un ancla abandonada en la zona de Cala Bassa y pudieron contemplar mucha vida marina, como pulpos, estrellas de mar, caramel, morenas y hasta una nacra en cada uno de estos lugares, entre otras especies.<\/p>\n<p><img loading=\"lazy\" decoding=\"async\" class=\"alignnone size-full wp-image-4931\" src=\"https:\/\/www.salvemsabadia.com\/wp-content\/uploads\/2023\/10\/WhatsApp-Image-2023-10-01-at-15.46.48.jpeg\" alt=\"\" width=\"1600\" height=\"1200\" srcset=\"https:\/\/www.salvemsabadia.com\/wp-content\/uploads\/2023\/10\/WhatsApp-Image-2023-10-01-at-15.46.48.jpeg 1600w, https:\/\/www.salvemsabadia.com\/wp-content\/uploads\/2023\/10\/WhatsApp-Image-2023-10-01-at-15.46.48-300x225.jpeg 300w, https:\/\/www.salvemsabadia.com\/wp-content\/uploads\/2023\/10\/WhatsApp-Image-2023-10-01-at-15.46.48-1024x768.jpeg 1024w, https:\/\/www.salvemsabadia.com\/wp-content\/uploads\/2023\/10\/WhatsApp-Image-2023-10-01-at-15.46.48-768x576.jpeg 768w, https:\/\/www.salvemsabadia.com\/wp-content\/uploads\/2023\/10\/WhatsApp-Image-2023-10-01-at-15.46.48-1536x1152.jpeg 1536w\" sizes=\"auto, (max-width: 1600px) 100vw, 1600px\" \/><\/p>\n<p>La nueva salida de los buceadores voluntarios permite determinar el estado de la posidonia en ambas zonas, cuantificando su densidad y el grado de recubrimiento del sustrato por posidonia, tanto viva como muerta. Los datos recopilados se remiten a la Xarxa Posid\u00f2nia y formar\u00e1n parte de su informe anual, que es p\u00fablico. Son esenciales para realizar un correcto seguimiento de estos ecosistemas marinos y facilitar as\u00ed su conservaci\u00f3n. Actualmente en Ibiza hay ocho puntos de estudio. A las dos de la bah\u00eda de Portmany se suman los de es Vedr\u00e0, en Caragoler, s\u2019Illa de Santa Eul\u00e0ria, Cala Olivera, Cala Mastella y Tagomago.<\/p>\n<p>La Red de Monitorizaci\u00f3n de Posidonia de las Islas Baleares la puso en marcha la Direcci\u00f3n General de Pesca y Medio Marino del Govern balear en 2002, con financiaci\u00f3n europea y la colaboraci\u00f3n del Instituto Mediterr\u00e1neo de Estudios Avanzados (IMEDEA). Esta iniciativa fue concebida para conocer el estado de salud de las praderas y encontrar f\u00f3rmulas adecuadas para gestionar su conservaci\u00f3n. Sus principales objetivos son evaluar el estado actual de las praderas de manera peri\u00f3dica, monitorizar su evoluci\u00f3n temporal y concienciar a la poblaci\u00f3n sobre los problemas que afectan al Mediterr\u00e1neo y la importancia de conservar las praderas marinas para mantener el equilibrio biol\u00f3gico y la biodiversidad.<\/p>\n","protected":false},"excerpt":{"rendered":"<p>El grupo de buceadores voluntarios impulsado el a\u00f1o pasado por Salvem sa Badia de Portmany realiz\u00f3 ayer, tal y como estaba previsto, los trabajos de monitorizaci\u00f3n en las estaciones de&#8230;<\/p>\n","protected":false},"author":2,"featured_media":4929,"comment_status":"closed","ping_status":"closed","sticky":false,"template":"","format":"standard","meta":{"give_campaign_id":0,"footnotes":""},"categories":[201,202,106,213],"tags":[],"class_list":{"0":"post-4928","1":"post","2":"type-post","3":"status-publish","4":"format-standard","5":"has-post-thumbnail","7":"category-biodiversidad","8":"category-buceo","9":"category-destacado","10":"category-posidonia"},"yoast_head":"<!-- This site is optimized with the Yoast SEO plugin v26.8 - https:\/\/yoast.com\/product\/yoast-seo-wordpress\/ -->\n<title>Los buceadores voluntarios realizan los trabajos de monitorizaci\u00f3n previstos en las estaciones de muestreo de Cala Bassa y Cala Graci\u00f3 - Salvem Sa Badia de Portmany<\/title>\n<meta name=\"robots\" content=\"index, follow, max-snippet:-1, max-image-preview:large, max-video-preview:-1\" \/>\n<link rel=\"canonical\" href=\"https:\/\/www.salvemsabadia.com\/els-bussejadors-voluntaris-fan-els-treballs-de-monitoratge-prevists-a-les-estacions-de-mostreig-de-cala-bassa-i-cala-gracio\/\" \/>\n<meta property=\"og:locale\" content=\"es_ES\" \/>\n<meta property=\"og:type\" content=\"article\" \/>\n<meta property=\"og:title\" content=\"Los buceadores voluntarios realizan los trabajos de monitorizaci\u00f3n previstos en las estaciones de muestreo de Cala Bassa y Cala Graci\u00f3 - Salvem Sa Badia de Portmany\" \/>\n<meta property=\"og:description\" content=\"El grupo de buceadores voluntarios impulsado el a\u00f1o pasado por Salvem sa Badia de Portmany realiz\u00f3 ayer, tal y como estaba previsto, los trabajos de monitorizaci\u00f3n en las estaciones de...\" \/>\n<meta property=\"og:url\" content=\"https:\/\/www.salvemsabadia.com\/els-bussejadors-voluntaris-fan-els-treballs-de-monitoratge-prevists-a-les-estacions-de-mostreig-de-cala-bassa-i-cala-gracio\/\" \/>\n<meta property=\"og:site_name\" content=\"Salvem Sa Badia de Portmany\" \/>\n<meta property=\"article:published_time\" content=\"2023-10-02T16:11:29+00:00\" \/>\n<meta property=\"og:image\" content=\"https:\/\/www.salvemsabadia.com\/wp-content\/uploads\/2023\/10\/WhatsApp-Image-2023-10-01-at-15.46.46.jpeg\" \/>\n\t<meta property=\"og:image:width\" content=\"1024\" \/>\n\t<meta property=\"og:image:height\" content=\"768\" \/>\n\t<meta property=\"og:image:type\" content=\"image\/jpeg\" \/>\n<meta name=\"author\" content=\"Salvem sa Badia\" \/>\n<meta name=\"twitter:card\" content=\"summary_large_image\" \/>\n<meta name=\"twitter:label1\" content=\"Escrito por\" \/>\n\t<meta name=\"twitter:data1\" content=\"Salvem sa Badia\" \/>\n\t<meta name=\"twitter:label2\" content=\"Tiempo de lectura\" \/>\n\t<meta name=\"twitter:data2\" content=\"2 minutos\" \/>\n<script type=\"application\/ld+json\" class=\"yoast-schema-graph\">{\"@context\":\"https:\/\/schema.org\",\"@graph\":[{\"@type\":\"Article\",\"@id\":\"https:\/\/www.salvemsabadia.com\/els-bussejadors-voluntaris-fan-els-treballs-de-monitoratge-prevists-a-les-estacions-de-mostreig-de-cala-bassa-i-cala-gracio\/#article\",\"isPartOf\":{\"@id\":\"https:\/\/www.salvemsabadia.com\/els-bussejadors-voluntaris-fan-els-treballs-de-monitoratge-prevists-a-les-estacions-de-mostreig-de-cala-bassa-i-cala-gracio\/\"},\"author\":{\"name\":\"Salvem sa Badia\",\"@id\":\"https:\/\/www.salvemsabadia.com\/#\/schema\/person\/5d08c5118adcb4140d13bde4826ba122\"},\"headline\":\"Los buceadores voluntarios realizan los trabajos de monitorizaci\u00f3n previstos en las estaciones de muestreo de Cala Bassa y Cala Graci\u00f3\",\"datePublished\":\"2023-10-02T16:11:29+00:00\",\"mainEntityOfPage\":{\"@id\":\"https:\/\/www.salvemsabadia.com\/els-bussejadors-voluntaris-fan-els-treballs-de-monitoratge-prevists-a-les-estacions-de-mostreig-de-cala-bassa-i-cala-gracio\/\"},\"wordCount\":404,\"publisher\":{\"@id\":\"https:\/\/www.salvemsabadia.com\/#organization\"},\"image\":{\"@id\":\"https:\/\/www.salvemsabadia.com\/els-bussejadors-voluntaris-fan-els-treballs-de-monitoratge-prevists-a-les-estacions-de-mostreig-de-cala-bassa-i-cala-gracio\/#primaryimage\"},\"thumbnailUrl\":\"https:\/\/www.salvemsabadia.com\/wp-content\/uploads\/2023\/10\/WhatsApp-Image-2023-10-01-at-15.46.46.jpeg\",\"articleSection\":[\"Biodiversidad\",\"Buceo\",\"Destacado\",\"Posidonia\"],\"inLanguage\":\"es\"},{\"@type\":\"WebPage\",\"@id\":\"https:\/\/www.salvemsabadia.com\/els-bussejadors-voluntaris-fan-els-treballs-de-monitoratge-prevists-a-les-estacions-de-mostreig-de-cala-bassa-i-cala-gracio\/\",\"url\":\"https:\/\/www.salvemsabadia.com\/els-bussejadors-voluntaris-fan-els-treballs-de-monitoratge-prevists-a-les-estacions-de-mostreig-de-cala-bassa-i-cala-gracio\/\",\"name\":\"Los buceadores voluntarios realizan los trabajos de monitorizaci\u00f3n previstos en las estaciones de muestreo de Cala Bassa y Cala Graci\u00f3 - Salvem Sa Badia de Portmany\",\"isPartOf\":{\"@id\":\"https:\/\/www.salvemsabadia.com\/#website\"},\"primaryImageOfPage\":{\"@id\":\"https:\/\/www.salvemsabadia.com\/els-bussejadors-voluntaris-fan-els-treballs-de-monitoratge-prevists-a-les-estacions-de-mostreig-de-cala-bassa-i-cala-gracio\/#primaryimage\"},\"image\":{\"@id\":\"https:\/\/www.salvemsabadia.com\/els-bussejadors-voluntaris-fan-els-treballs-de-monitoratge-prevists-a-les-estacions-de-mostreig-de-cala-bassa-i-cala-gracio\/#primaryimage\"},\"thumbnailUrl\":\"https:\/\/www.salvemsabadia.com\/wp-content\/uploads\/2023\/10\/WhatsApp-Image-2023-10-01-at-15.46.46.jpeg\",\"datePublished\":\"2023-10-02T16:11:29+00:00\",\"breadcrumb\":{\"@id\":\"https:\/\/www.salvemsabadia.com\/els-bussejadors-voluntaris-fan-els-treballs-de-monitoratge-prevists-a-les-estacions-de-mostreig-de-cala-bassa-i-cala-gracio\/#breadcrumb\"},\"inLanguage\":\"es\",\"potentialAction\":[{\"@type\":\"ReadAction\",\"target\":[\"https:\/\/www.salvemsabadia.com\/els-bussejadors-voluntaris-fan-els-treballs-de-monitoratge-prevists-a-les-estacions-de-mostreig-de-cala-bassa-i-cala-gracio\/\"]}]},{\"@type\":\"ImageObject\",\"inLanguage\":\"es\",\"@id\":\"https:\/\/www.salvemsabadia.com\/els-bussejadors-voluntaris-fan-els-treballs-de-monitoratge-prevists-a-les-estacions-de-mostreig-de-cala-bassa-i-cala-gracio\/#primaryimage\",\"url\":\"https:\/\/www.salvemsabadia.com\/wp-content\/uploads\/2023\/10\/WhatsApp-Image-2023-10-01-at-15.46.46.jpeg\",\"contentUrl\":\"https:\/\/www.salvemsabadia.com\/wp-content\/uploads\/2023\/10\/WhatsApp-Image-2023-10-01-at-15.46.46.jpeg\",\"width\":1024,\"height\":768},{\"@type\":\"BreadcrumbList\",\"@id\":\"https:\/\/www.salvemsabadia.com\/els-bussejadors-voluntaris-fan-els-treballs-de-monitoratge-prevists-a-les-estacions-de-mostreig-de-cala-bassa-i-cala-gracio\/#breadcrumb\",\"itemListElement\":[{\"@type\":\"ListItem\",\"position\":1,\"name\":\"Portada\",\"item\":\"https:\/\/www.salvemsabadia.com\/es\/\"},{\"@type\":\"ListItem\",\"position\":2,\"name\":\"Los buceadores voluntarios realizan los trabajos de monitorizaci\u00f3n previstos en las estaciones de muestreo de Cala Bassa y Cala Graci\u00f3\"}]},{\"@type\":\"WebSite\",\"@id\":\"https:\/\/www.salvemsabadia.com\/#website\",\"url\":\"https:\/\/www.salvemsabadia.com\/\",\"name\":\"Salvem Sa Badia de Portmany\",\"description\":\"\",\"publisher\":{\"@id\":\"https:\/\/www.salvemsabadia.com\/#organization\"},\"potentialAction\":[{\"@type\":\"SearchAction\",\"target\":{\"@type\":\"EntryPoint\",\"urlTemplate\":\"https:\/\/www.salvemsabadia.com\/?s={search_term_string}\"},\"query-input\":{\"@type\":\"PropertyValueSpecification\",\"valueRequired\":true,\"valueName\":\"search_term_string\"}}],\"inLanguage\":\"es\"},{\"@type\":\"Organization\",\"@id\":\"https:\/\/www.salvemsabadia.com\/#organization\",\"name\":\"Salvem Sa Badia de Portmany\",\"url\":\"https:\/\/www.salvemsabadia.com\/\",\"logo\":{\"@type\":\"ImageObject\",\"inLanguage\":\"es\",\"@id\":\"https:\/\/www.salvemsabadia.com\/#\/schema\/logo\/image\/\",\"url\":\"https:\/\/www.salvemsabadia.com\/wp-content\/uploads\/2020\/03\/logo.png\",\"contentUrl\":\"https:\/\/www.salvemsabadia.com\/wp-content\/uploads\/2020\/03\/logo.png\",\"width\":188,\"height\":151,\"caption\":\"Salvem Sa Badia de Portmany\"},\"image\":{\"@id\":\"https:\/\/www.salvemsabadia.com\/#\/schema\/logo\/image\/\"}},{\"@type\":\"Person\",\"@id\":\"https:\/\/www.salvemsabadia.com\/#\/schema\/person\/5d08c5118adcb4140d13bde4826ba122\",\"name\":\"Salvem sa Badia\",\"image\":{\"@type\":\"ImageObject\",\"inLanguage\":\"es\",\"@id\":\"https:\/\/www.salvemsabadia.com\/#\/schema\/person\/image\/\",\"url\":\"https:\/\/secure.gravatar.com\/avatar\/d569ee5739a9c7022470ea472c9b4b9cf476e15f1be71e5242c911d673d14ad9?s=96&d=mm&r=g\",\"contentUrl\":\"https:\/\/secure.gravatar.com\/avatar\/d569ee5739a9c7022470ea472c9b4b9cf476e15f1be71e5242c911d673d14ad9?s=96&d=mm&r=g\",\"caption\":\"Salvem sa Badia\"}}]}<\/script>\n<!-- \/ Yoast SEO plugin. -->","yoast_head_json":{"title":"Los buceadores voluntarios realizan los trabajos de monitorizaci\u00f3n previstos en las estaciones de muestreo de Cala Bassa y Cala Graci\u00f3 - Salvem Sa Badia de Portmany","robots":{"index":"index","follow":"follow","max-snippet":"max-snippet:-1","max-image-preview":"max-image-preview:large","max-video-preview":"max-video-preview:-1"},"canonical":"https:\/\/www.salvemsabadia.com\/els-bussejadors-voluntaris-fan-els-treballs-de-monitoratge-prevists-a-les-estacions-de-mostreig-de-cala-bassa-i-cala-gracio\/","og_locale":"es_ES","og_type":"article","og_title":"Los buceadores voluntarios realizan los trabajos de monitorizaci\u00f3n previstos en las estaciones de muestreo de Cala Bassa y Cala Graci\u00f3 - Salvem Sa Badia de Portmany","og_description":"El grupo de buceadores voluntarios impulsado el a\u00f1o pasado por Salvem sa Badia de Portmany realiz\u00f3 ayer, tal y como estaba previsto, los trabajos de monitorizaci\u00f3n en las estaciones de...","og_url":"https:\/\/www.salvemsabadia.com\/els-bussejadors-voluntaris-fan-els-treballs-de-monitoratge-prevists-a-les-estacions-de-mostreig-de-cala-bassa-i-cala-gracio\/","og_site_name":"Salvem Sa Badia de Portmany","article_published_time":"2023-10-02T16:11:29+00:00","og_image":[{"width":1024,"height":768,"url":"https:\/\/www.salvemsabadia.com\/wp-content\/uploads\/2023\/10\/WhatsApp-Image-2023-10-01-at-15.46.46.jpeg","type":"image\/jpeg"}],"author":"Salvem sa Badia","twitter_card":"summary_large_image","twitter_misc":{"Escrito por":"Salvem sa Badia","Tiempo de lectura":"2 minutos"},"schema":{"@context":"https:\/\/schema.org","@graph":[{"@type":"Article","@id":"https:\/\/www.salvemsabadia.com\/els-bussejadors-voluntaris-fan-els-treballs-de-monitoratge-prevists-a-les-estacions-de-mostreig-de-cala-bassa-i-cala-gracio\/#article","isPartOf":{"@id":"https:\/\/www.salvemsabadia.com\/els-bussejadors-voluntaris-fan-els-treballs-de-monitoratge-prevists-a-les-estacions-de-mostreig-de-cala-bassa-i-cala-gracio\/"},"author":{"name":"Salvem sa Badia","@id":"https:\/\/www.salvemsabadia.com\/#\/schema\/person\/5d08c5118adcb4140d13bde4826ba122"},"headline":"Los buceadores voluntarios realizan los trabajos de monitorizaci\u00f3n previstos en las estaciones de muestreo de Cala Bassa y Cala Graci\u00f3","datePublished":"2023-10-02T16:11:29+00:00","mainEntityOfPage":{"@id":"https:\/\/www.salvemsabadia.com\/els-bussejadors-voluntaris-fan-els-treballs-de-monitoratge-prevists-a-les-estacions-de-mostreig-de-cala-bassa-i-cala-gracio\/"},"wordCount":404,"publisher":{"@id":"https:\/\/www.salvemsabadia.com\/#organization"},"image":{"@id":"https:\/\/www.salvemsabadia.com\/els-bussejadors-voluntaris-fan-els-treballs-de-monitoratge-prevists-a-les-estacions-de-mostreig-de-cala-bassa-i-cala-gracio\/#primaryimage"},"thumbnailUrl":"https:\/\/www.salvemsabadia.com\/wp-content\/uploads\/2023\/10\/WhatsApp-Image-2023-10-01-at-15.46.46.jpeg","articleSection":["Biodiversidad","Buceo","Destacado","Posidonia"],"inLanguage":"es"},{"@type":"WebPage","@id":"https:\/\/www.salvemsabadia.com\/els-bussejadors-voluntaris-fan-els-treballs-de-monitoratge-prevists-a-les-estacions-de-mostreig-de-cala-bassa-i-cala-gracio\/","url":"https:\/\/www.salvemsabadia.com\/els-bussejadors-voluntaris-fan-els-treballs-de-monitoratge-prevists-a-les-estacions-de-mostreig-de-cala-bassa-i-cala-gracio\/","name":"Los buceadores voluntarios realizan los trabajos de monitorizaci\u00f3n previstos en las estaciones de muestreo de Cala Bassa y Cala Graci\u00f3 - Salvem Sa Badia de Portmany","isPartOf":{"@id":"https:\/\/www.salvemsabadia.com\/#website"},"primaryImageOfPage":{"@id":"https:\/\/www.salvemsabadia.com\/els-bussejadors-voluntaris-fan-els-treballs-de-monitoratge-prevists-a-les-estacions-de-mostreig-de-cala-bassa-i-cala-gracio\/#primaryimage"},"image":{"@id":"https:\/\/www.salvemsabadia.com\/els-bussejadors-voluntaris-fan-els-treballs-de-monitoratge-prevists-a-les-estacions-de-mostreig-de-cala-bassa-i-cala-gracio\/#primaryimage"},"thumbnailUrl":"https:\/\/www.salvemsabadia.com\/wp-content\/uploads\/2023\/10\/WhatsApp-Image-2023-10-01-at-15.46.46.jpeg","datePublished":"2023-10-02T16:11:29+00:00","breadcrumb":{"@id":"https:\/\/www.salvemsabadia.com\/els-bussejadors-voluntaris-fan-els-treballs-de-monitoratge-prevists-a-les-estacions-de-mostreig-de-cala-bassa-i-cala-gracio\/#breadcrumb"},"inLanguage":"es","potentialAction":[{"@type":"ReadAction","target":["https:\/\/www.salvemsabadia.com\/els-bussejadors-voluntaris-fan-els-treballs-de-monitoratge-prevists-a-les-estacions-de-mostreig-de-cala-bassa-i-cala-gracio\/"]}]},{"@type":"ImageObject","inLanguage":"es","@id":"https:\/\/www.salvemsabadia.com\/els-bussejadors-voluntaris-fan-els-treballs-de-monitoratge-prevists-a-les-estacions-de-mostreig-de-cala-bassa-i-cala-gracio\/#primaryimage","url":"https:\/\/www.salvemsabadia.com\/wp-content\/uploads\/2023\/10\/WhatsApp-Image-2023-10-01-at-15.46.46.jpeg","contentUrl":"https:\/\/www.salvemsabadia.com\/wp-content\/uploads\/2023\/10\/WhatsApp-Image-2023-10-01-at-15.46.46.jpeg","width":1024,"height":768},{"@type":"BreadcrumbList","@id":"https:\/\/www.salvemsabadia.com\/els-bussejadors-voluntaris-fan-els-treballs-de-monitoratge-prevists-a-les-estacions-de-mostreig-de-cala-bassa-i-cala-gracio\/#breadcrumb","itemListElement":[{"@type":"ListItem","position":1,"name":"Portada","item":"https:\/\/www.salvemsabadia.com\/es\/"},{"@type":"ListItem","position":2,"name":"Los buceadores voluntarios realizan los trabajos de monitorizaci\u00f3n previstos en las estaciones de muestreo de Cala Bassa y Cala Graci\u00f3"}]},{"@type":"WebSite","@id":"https:\/\/www.salvemsabadia.com\/#website","url":"https:\/\/www.salvemsabadia.com\/","name":"Salvem Sa Badia de Portmany","description":"","publisher":{"@id":"https:\/\/www.salvemsabadia.com\/#organization"},"potentialAction":[{"@type":"SearchAction","target":{"@type":"EntryPoint","urlTemplate":"https:\/\/www.salvemsabadia.com\/?s={search_term_string}"},"query-input":{"@type":"PropertyValueSpecification","valueRequired":true,"valueName":"search_term_string"}}],"inLanguage":"es"},{"@type":"Organization","@id":"https:\/\/www.salvemsabadia.com\/#organization","name":"Salvem Sa Badia de Portmany","url":"https:\/\/www.salvemsabadia.com\/","logo":{"@type":"ImageObject","inLanguage":"es","@id":"https:\/\/www.salvemsabadia.com\/#\/schema\/logo\/image\/","url":"https:\/\/www.salvemsabadia.com\/wp-content\/uploads\/2020\/03\/logo.png","contentUrl":"https:\/\/www.salvemsabadia.com\/wp-content\/uploads\/2020\/03\/logo.png","width":188,"height":151,"caption":"Salvem Sa Badia de Portmany"},"image":{"@id":"https:\/\/www.salvemsabadia.com\/#\/schema\/logo\/image\/"}},{"@type":"Person","@id":"https:\/\/www.salvemsabadia.com\/#\/schema\/person\/5d08c5118adcb4140d13bde4826ba122","name":"Salvem sa Badia","image":{"@type":"ImageObject","inLanguage":"es","@id":"https:\/\/www.salvemsabadia.com\/#\/schema\/person\/image\/","url":"https:\/\/secure.gravatar.com\/avatar\/d569ee5739a9c7022470ea472c9b4b9cf476e15f1be71e5242c911d673d14ad9?s=96&d=mm&r=g","contentUrl":"https:\/\/secure.gravatar.com\/avatar\/d569ee5739a9c7022470ea472c9b4b9cf476e15f1be71e5242c911d673d14ad9?s=96&d=mm&r=g","caption":"Salvem sa Badia"}}]}},"_links":{"self":[{"href":"https:\/\/www.salvemsabadia.com\/es\/wp-json\/wp\/v2\/posts\/4928","targetHints":{"allow":["GET"]}}],"collection":[{"href":"https:\/\/www.salvemsabadia.com\/es\/wp-json\/wp\/v2\/posts"}],"about":[{"href":"https:\/\/www.salvemsabadia.com\/es\/wp-json\/wp\/v2\/types\/post"}],"author":[{"embeddable":true,"href":"https:\/\/www.salvemsabadia.com\/es\/wp-json\/wp\/v2\/users\/2"}],"replies":[{"embeddable":true,"href":"https:\/\/www.salvemsabadia.com\/es\/wp-json\/wp\/v2\/comments?post=4928"}],"version-history":[{"count":0,"href":"https:\/\/www.salvemsabadia.com\/es\/wp-json\/wp\/v2\/posts\/4928\/revisions"}],"wp:featuredmedia":[{"embeddable":true,"href":"https:\/\/www.salvemsabadia.com\/es\/wp-json\/wp\/v2\/media\/4929"}],"wp:attachment":[{"href":"https:\/\/www.salvemsabadia.com\/es\/wp-json\/wp\/v2\/media?parent=4928"}],"wp:term":[{"taxonomy":"category","embeddable":true,"href":"https:\/\/www.salvemsabadia.com\/es\/wp-json\/wp\/v2\/categories?post=4928"},{"taxonomy":"post_tag","embeddable":true,"href":"https:\/\/www.salvemsabadia.com\/es\/wp-json\/wp\/v2\/tags?post=4928"}],"curies":[{"name":"wp","href":"https:\/\/api.w.org\/{rel}","templated":true}]}}