{"id":5023,"date":"2024-01-03T14:11:24","date_gmt":"2024-01-03T13:11:24","guid":{"rendered":"https:\/\/www.salvemsabadia.com\/?p=5023"},"modified":"2024-01-03T14:11:24","modified_gmt":"2024-01-03T13:11:24","slug":"el-ayuntamiento-de-sant-josep-deberia-haber-evitado-al-maximo-la-construccion-en-la-parcela-de-bosque-entre-es-poueto-y-sestanyol","status":"publish","type":"post","link":"https:\/\/www.salvemsabadia.com\/es\/el-ayuntamiento-de-sant-josep-deberia-haber-evitado-al-maximo-la-construccion-en-la-parcela-de-bosque-entre-es-poueto-y-sestanyol\/","title":{"rendered":"El Ayuntamiento de Sant Josep deber\u00eda haber evitado al m\u00e1ximo la construcci\u00f3n en la parcela de bosque entre es Pouet\u00f3 y s\u2019Estanyol"},"content":{"rendered":"<p><img loading=\"lazy\" decoding=\"async\" class=\"alignnone size-full wp-image-5002\" src=\"https:\/\/www.salvemsabadia.com\/wp-content\/uploads\/2023\/12\/Captura-de-pantalla-2023-12-27-a-las-18.31.43.jpg\" alt=\"\" width=\"2432\" height=\"1374\" srcset=\"https:\/\/www.salvemsabadia.com\/wp-content\/uploads\/2023\/12\/Captura-de-pantalla-2023-12-27-a-las-18.31.43.jpg 2432w, https:\/\/www.salvemsabadia.com\/wp-content\/uploads\/2023\/12\/Captura-de-pantalla-2023-12-27-a-las-18.31.43-300x169.jpg 300w, https:\/\/www.salvemsabadia.com\/wp-content\/uploads\/2023\/12\/Captura-de-pantalla-2023-12-27-a-las-18.31.43-1024x579.jpg 1024w, https:\/\/www.salvemsabadia.com\/wp-content\/uploads\/2023\/12\/Captura-de-pantalla-2023-12-27-a-las-18.31.43-768x434.jpg 768w, https:\/\/www.salvemsabadia.com\/wp-content\/uploads\/2023\/12\/Captura-de-pantalla-2023-12-27-a-las-18.31.43-1536x868.jpg 1536w, https:\/\/www.salvemsabadia.com\/wp-content\/uploads\/2023\/12\/Captura-de-pantalla-2023-12-27-a-las-18.31.43-2048x1157.jpg 2048w\" sizes=\"auto, (max-width: 2432px) 100vw, 2432px\" \/>Tras las explicaciones aportadas por el PSOE de Sant Josep respecto a la venta de una parcela p\u00fablica de bosque en primera l\u00ednea de mar, entre las playas de es Pouet\u00f3 y s\u2019Estanyol, por una cifra cercana al medio mill\u00f3n de euros, la Asociaci\u00f3n Salvem sa Badia de Portmany reitera que dicha venta constituye un error injustificable y que el Ayuntamiento deber\u00eda haber aprovechado la ocasi\u00f3n para evitar al m\u00e1ximo la construcci\u00f3n en esta zona.<\/p>\n<p>El grupo socialista, que gobernaba en coalici\u00f3n el Ayuntamiento de Sant Josep en la anterior legislatura, cuando se aprob\u00f3 esta medida \u2013informaci\u00f3n que la Asociaci\u00f3n Salvem sa Badia desconoc\u00eda hasta fechas recientes\u2013, ha justificado la venta del solar municipal bas\u00e1ndose en que s\u00f3lo se puede construir un local de 50 metros cuadrados en dicho terreno, edificabilidad que puede sumarse al conjunto del proyecto, y que \u00e9ste se encuentra dentro del per\u00edmetro de la zona hotelera. Tambi\u00e9n han explicado que dicha parcela tampoco cuenta con suficiente espacio para ubicar un parque p\u00fablico.<\/p>\n<p>Sin embargo, bajo el punto de vista de Salvem sa Badia, la situaci\u00f3n de saturaci\u00f3n constructiva, tur\u00edstica y poblacional que experimenta esta zona de la bah\u00eda de Portmany, carente de zonas verdes y con unas infraestructuras pluviales y de alcantarillado completamente colapsadas y que provocan constantes vertidos de aguas fecales al mar, son razones m\u00e1s que suficientes para que el Ayuntamiento, con independencia del partido que lo gobierne, evite dentro de sus posibilidades la construcci\u00f3n no ya de 50 metros cuadrados, sino de un s\u00f3lo metro que no sea imprescindible.<\/p>\n<p><img loading=\"lazy\" decoding=\"async\" class=\"alignnone size-full wp-image-4996\" src=\"https:\/\/www.salvemsabadia.com\/wp-content\/uploads\/2023\/12\/IMG_4403rec.jpg\" alt=\"\" width=\"2000\" height=\"1333\" srcset=\"https:\/\/www.salvemsabadia.com\/wp-content\/uploads\/2023\/12\/IMG_4403rec.jpg 2000w, https:\/\/www.salvemsabadia.com\/wp-content\/uploads\/2023\/12\/IMG_4403rec-300x200.jpg 300w, https:\/\/www.salvemsabadia.com\/wp-content\/uploads\/2023\/12\/IMG_4403rec-1024x682.jpg 1024w, https:\/\/www.salvemsabadia.com\/wp-content\/uploads\/2023\/12\/IMG_4403rec-768x512.jpg 768w, https:\/\/www.salvemsabadia.com\/wp-content\/uploads\/2023\/12\/IMG_4403rec-1536x1024.jpg 1536w, https:\/\/www.salvemsabadia.com\/wp-content\/uploads\/2023\/12\/IMG_4403rec-900x600.jpg 900w\" sizes=\"auto, (max-width: 2000px) 100vw, 2000px\" \/>Respecto a que en 500 metros cuadrados no se puede crear un parque, que estar\u00eda anexo al futuro paseo mar\u00edtimo previsto, Salvem sa Badia considera que bastar\u00eda con adecentar la zona y conservar parte del bosque que all\u00ed existe, de pinos, sabinas y otras especies aut\u00f3ctonas, \u00fanica herencia del ecosistema primitivo que hab\u00eda en la zona. Antes de que este \u00e1rea fuera urbanizada masivamente, el bosque se extend\u00eda por la segunda l\u00ednea de costa, donde ahora solo hay construcciones, y, al quedarse sin espacio, acab\u00f3 expandi\u00e9ndose hasta casi la orilla del mar. Renunciar a la posibilidad de conservar una parte del escaso h\u00e1bitat original que queda del tramo interior de la bah\u00eda constituye una decisi\u00f3n dif\u00edcilmente comprensible desde un punto de vista ambiental.<\/p>\n<p>Cabe recordar que la parcela reservada a aprovechamiento urban\u00edstico tiene unos 7.000 metros cuadrados de superficie, de los que 3.000 quedar\u00e1n calificados como espacio privado de uso p\u00fablico para mantener la franja de dominio p\u00fablico mar\u00edtimo terrestre que establece la Ley de Costas. En esos 4.000 metros cuadrados restantes, el promotor podr\u00e1 desarrollar un proyecto urban\u00edstico que le permitir\u00eda edificar hasta un m\u00e1ximo de 28 viviendas, en edificios de hasta cuatro plantas.<\/p>\n<p>Como ya explic\u00e1bamos hace unos d\u00edas, la parcela se encuentra en muy mal estado, rodeada por una valla rota en algunos tramos y con dos chalets en ruinas en su interior, que llevan mucho tiempo okupados. Adem\u00e1s, toda la zona boscosa se encuentra llena de residuos y chatarra, que no solo constituyen un peligro para los ni\u00f1os que juegan en la playa y se pueden colar en su interior con extrema facilidad. Hay un coche abandonado, basura por doquier, verdaderos mont\u00edculos de latas de bebidas y botellas de cristal, y cristales rotos repartidos por todo el bosque que pueden generar incendios. A ello hay que sumar la penosa imagen que esta zona tan descuidada proporciona de este entorno tur\u00edstico, dado que estos desperdicios son visibles tanto desde la orilla de es Pouet\u00f3 como de s\u2019Estanyol, playas que en verano reciben a cientos de turistas a diario.<\/p>\n","protected":false},"excerpt":{"rendered":"<p>Tras las explicaciones aportadas por el PSOE de Sant Josep respecto a la venta de una parcela p\u00fablica de bosque en primera l\u00ednea de mar, entre las playas de es&#8230;<\/p>\n","protected":false},"author":2,"featured_media":5002,"comment_status":"closed","ping_status":"closed","sticky":false,"template":"","format":"standard","meta":{"give_campaign_id":0,"footnotes":""},"categories":[201,106,212,10,215,216],"tags":[],"class_list":{"0":"post-5023","1":"post","2":"type-post","3":"status-publish","4":"format-standard","5":"has-post-thumbnail","7":"category-biodiversidad","8":"category-destacado","9":"category-playas","10":"category-salvem-sa-badia","11":"category-turismo","12":"category-urbanismo"},"yoast_head":"<!-- This site is optimized with the Yoast SEO plugin v26.8 - https:\/\/yoast.com\/product\/yoast-seo-wordpress\/ -->\n<title>El Ayuntamiento de Sant Josep deber\u00eda haber evitado al m\u00e1ximo la construcci\u00f3n en la parcela de bosque entre es Pouet\u00f3 y s\u2019Estanyol - Salvem Sa Badia de Portmany<\/title>\n<meta name=\"robots\" content=\"index, follow, max-snippet:-1, max-image-preview:large, max-video-preview:-1\" \/>\n<link rel=\"canonical\" href=\"https:\/\/www.salvemsabadia.com\/lajuntament-de-sant-josep-hauria-dhaver-evitat-al-maxim-la-construccio-a-la-parcella-de-bosc-entre-es-poueto-i-sestanyol\/\" \/>\n<meta property=\"og:locale\" content=\"es_ES\" \/>\n<meta property=\"og:type\" content=\"article\" \/>\n<meta property=\"og:title\" content=\"El Ayuntamiento de Sant Josep deber\u00eda haber evitado al m\u00e1ximo la construcci\u00f3n en la parcela de bosque entre es Pouet\u00f3 y s\u2019Estanyol - Salvem Sa Badia de Portmany\" \/>\n<meta property=\"og:description\" content=\"Tras las explicaciones aportadas por el PSOE de Sant Josep respecto a la venta de una parcela p\u00fablica de bosque en primera l\u00ednea de mar, entre las playas de es...\" \/>\n<meta property=\"og:url\" content=\"https:\/\/www.salvemsabadia.com\/lajuntament-de-sant-josep-hauria-dhaver-evitat-al-maxim-la-construccio-a-la-parcella-de-bosc-entre-es-poueto-i-sestanyol\/\" \/>\n<meta property=\"og:site_name\" content=\"Salvem Sa Badia de Portmany\" \/>\n<meta property=\"article:published_time\" content=\"2024-01-03T13:11:24+00:00\" \/>\n<meta property=\"og:image\" content=\"https:\/\/www.salvemsabadia.com\/wp-content\/uploads\/2023\/12\/Captura-de-pantalla-2023-12-27-a-las-18.31.43.jpg\" \/>\n\t<meta property=\"og:image:width\" content=\"2432\" \/>\n\t<meta property=\"og:image:height\" content=\"1374\" \/>\n\t<meta property=\"og:image:type\" content=\"image\/jpeg\" \/>\n<meta name=\"author\" content=\"Salvem sa Badia\" \/>\n<meta name=\"twitter:card\" content=\"summary_large_image\" \/>\n<meta name=\"twitter:label1\" content=\"Escrito por\" \/>\n\t<meta name=\"twitter:data1\" content=\"Salvem sa Badia\" \/>\n\t<meta name=\"twitter:label2\" content=\"Tiempo de lectura\" \/>\n\t<meta name=\"twitter:data2\" content=\"4 minutos\" \/>\n<script type=\"application\/ld+json\" class=\"yoast-schema-graph\">{\"@context\":\"https:\/\/schema.org\",\"@graph\":[{\"@type\":\"Article\",\"@id\":\"https:\/\/www.salvemsabadia.com\/lajuntament-de-sant-josep-hauria-dhaver-evitat-al-maxim-la-construccio-a-la-parcella-de-bosc-entre-es-poueto-i-sestanyol\/#article\",\"isPartOf\":{\"@id\":\"https:\/\/www.salvemsabadia.com\/lajuntament-de-sant-josep-hauria-dhaver-evitat-al-maxim-la-construccio-a-la-parcella-de-bosc-entre-es-poueto-i-sestanyol\/\"},\"author\":{\"name\":\"Salvem sa Badia\",\"@id\":\"https:\/\/www.salvemsabadia.com\/#\/schema\/person\/5d08c5118adcb4140d13bde4826ba122\"},\"headline\":\"El Ayuntamiento de Sant Josep deber\u00eda haber evitado al m\u00e1ximo la construcci\u00f3n en la parcela de bosque entre es Pouet\u00f3 y s\u2019Estanyol\",\"datePublished\":\"2024-01-03T13:11:24+00:00\",\"mainEntityOfPage\":{\"@id\":\"https:\/\/www.salvemsabadia.com\/lajuntament-de-sant-josep-hauria-dhaver-evitat-al-maxim-la-construccio-a-la-parcella-de-bosc-entre-es-poueto-i-sestanyol\/\"},\"wordCount\":668,\"publisher\":{\"@id\":\"https:\/\/www.salvemsabadia.com\/#organization\"},\"image\":{\"@id\":\"https:\/\/www.salvemsabadia.com\/lajuntament-de-sant-josep-hauria-dhaver-evitat-al-maxim-la-construccio-a-la-parcella-de-bosc-entre-es-poueto-i-sestanyol\/#primaryimage\"},\"thumbnailUrl\":\"https:\/\/www.salvemsabadia.com\/wp-content\/uploads\/2023\/12\/Captura-de-pantalla-2023-12-27-a-las-18.31.43.jpg\",\"articleSection\":[\"Biodiversidad\",\"Destacado\",\"Playas\",\"Salvem Sa Badia\",\"Turismo\",\"Urbanismo\"],\"inLanguage\":\"es\"},{\"@type\":\"WebPage\",\"@id\":\"https:\/\/www.salvemsabadia.com\/lajuntament-de-sant-josep-hauria-dhaver-evitat-al-maxim-la-construccio-a-la-parcella-de-bosc-entre-es-poueto-i-sestanyol\/\",\"url\":\"https:\/\/www.salvemsabadia.com\/lajuntament-de-sant-josep-hauria-dhaver-evitat-al-maxim-la-construccio-a-la-parcella-de-bosc-entre-es-poueto-i-sestanyol\/\",\"name\":\"El Ayuntamiento de Sant Josep deber\u00eda haber evitado al m\u00e1ximo la construcci\u00f3n en la parcela de bosque entre es Pouet\u00f3 y s\u2019Estanyol - Salvem Sa Badia de Portmany\",\"isPartOf\":{\"@id\":\"https:\/\/www.salvemsabadia.com\/#website\"},\"primaryImageOfPage\":{\"@id\":\"https:\/\/www.salvemsabadia.com\/lajuntament-de-sant-josep-hauria-dhaver-evitat-al-maxim-la-construccio-a-la-parcella-de-bosc-entre-es-poueto-i-sestanyol\/#primaryimage\"},\"image\":{\"@id\":\"https:\/\/www.salvemsabadia.com\/lajuntament-de-sant-josep-hauria-dhaver-evitat-al-maxim-la-construccio-a-la-parcella-de-bosc-entre-es-poueto-i-sestanyol\/#primaryimage\"},\"thumbnailUrl\":\"https:\/\/www.salvemsabadia.com\/wp-content\/uploads\/2023\/12\/Captura-de-pantalla-2023-12-27-a-las-18.31.43.jpg\",\"datePublished\":\"2024-01-03T13:11:24+00:00\",\"breadcrumb\":{\"@id\":\"https:\/\/www.salvemsabadia.com\/lajuntament-de-sant-josep-hauria-dhaver-evitat-al-maxim-la-construccio-a-la-parcella-de-bosc-entre-es-poueto-i-sestanyol\/#breadcrumb\"},\"inLanguage\":\"es\",\"potentialAction\":[{\"@type\":\"ReadAction\",\"target\":[\"https:\/\/www.salvemsabadia.com\/lajuntament-de-sant-josep-hauria-dhaver-evitat-al-maxim-la-construccio-a-la-parcella-de-bosc-entre-es-poueto-i-sestanyol\/\"]}]},{\"@type\":\"ImageObject\",\"inLanguage\":\"es\",\"@id\":\"https:\/\/www.salvemsabadia.com\/lajuntament-de-sant-josep-hauria-dhaver-evitat-al-maxim-la-construccio-a-la-parcella-de-bosc-entre-es-poueto-i-sestanyol\/#primaryimage\",\"url\":\"https:\/\/www.salvemsabadia.com\/wp-content\/uploads\/2023\/12\/Captura-de-pantalla-2023-12-27-a-las-18.31.43.jpg\",\"contentUrl\":\"https:\/\/www.salvemsabadia.com\/wp-content\/uploads\/2023\/12\/Captura-de-pantalla-2023-12-27-a-las-18.31.43.jpg\",\"width\":2432,\"height\":1374},{\"@type\":\"BreadcrumbList\",\"@id\":\"https:\/\/www.salvemsabadia.com\/lajuntament-de-sant-josep-hauria-dhaver-evitat-al-maxim-la-construccio-a-la-parcella-de-bosc-entre-es-poueto-i-sestanyol\/#breadcrumb\",\"itemListElement\":[{\"@type\":\"ListItem\",\"position\":1,\"name\":\"Portada\",\"item\":\"https:\/\/www.salvemsabadia.com\/es\/\"},{\"@type\":\"ListItem\",\"position\":2,\"name\":\"El Ayuntamiento de Sant Josep deber\u00eda haber evitado al m\u00e1ximo la construcci\u00f3n en la parcela de bosque entre es Pouet\u00f3 y s\u2019Estanyol\"}]},{\"@type\":\"WebSite\",\"@id\":\"https:\/\/www.salvemsabadia.com\/#website\",\"url\":\"https:\/\/www.salvemsabadia.com\/\",\"name\":\"Salvem Sa Badia de Portmany\",\"description\":\"\",\"publisher\":{\"@id\":\"https:\/\/www.salvemsabadia.com\/#organization\"},\"potentialAction\":[{\"@type\":\"SearchAction\",\"target\":{\"@type\":\"EntryPoint\",\"urlTemplate\":\"https:\/\/www.salvemsabadia.com\/?s={search_term_string}\"},\"query-input\":{\"@type\":\"PropertyValueSpecification\",\"valueRequired\":true,\"valueName\":\"search_term_string\"}}],\"inLanguage\":\"es\"},{\"@type\":\"Organization\",\"@id\":\"https:\/\/www.salvemsabadia.com\/#organization\",\"name\":\"Salvem Sa Badia de Portmany\",\"url\":\"https:\/\/www.salvemsabadia.com\/\",\"logo\":{\"@type\":\"ImageObject\",\"inLanguage\":\"es\",\"@id\":\"https:\/\/www.salvemsabadia.com\/#\/schema\/logo\/image\/\",\"url\":\"https:\/\/www.salvemsabadia.com\/wp-content\/uploads\/2020\/03\/logo.png\",\"contentUrl\":\"https:\/\/www.salvemsabadia.com\/wp-content\/uploads\/2020\/03\/logo.png\",\"width\":188,\"height\":151,\"caption\":\"Salvem Sa Badia de Portmany\"},\"image\":{\"@id\":\"https:\/\/www.salvemsabadia.com\/#\/schema\/logo\/image\/\"}},{\"@type\":\"Person\",\"@id\":\"https:\/\/www.salvemsabadia.com\/#\/schema\/person\/5d08c5118adcb4140d13bde4826ba122\",\"name\":\"Salvem sa Badia\",\"image\":{\"@type\":\"ImageObject\",\"inLanguage\":\"es\",\"@id\":\"https:\/\/www.salvemsabadia.com\/#\/schema\/person\/image\/\",\"url\":\"https:\/\/secure.gravatar.com\/avatar\/d569ee5739a9c7022470ea472c9b4b9cf476e15f1be71e5242c911d673d14ad9?s=96&d=mm&r=g\",\"contentUrl\":\"https:\/\/secure.gravatar.com\/avatar\/d569ee5739a9c7022470ea472c9b4b9cf476e15f1be71e5242c911d673d14ad9?s=96&d=mm&r=g\",\"caption\":\"Salvem sa Badia\"}}]}<\/script>\n<!-- \/ Yoast SEO plugin. -->","yoast_head_json":{"title":"El Ayuntamiento de Sant Josep deber\u00eda haber evitado al m\u00e1ximo la construcci\u00f3n en la parcela de bosque entre es Pouet\u00f3 y s\u2019Estanyol - Salvem Sa Badia de Portmany","robots":{"index":"index","follow":"follow","max-snippet":"max-snippet:-1","max-image-preview":"max-image-preview:large","max-video-preview":"max-video-preview:-1"},"canonical":"https:\/\/www.salvemsabadia.com\/lajuntament-de-sant-josep-hauria-dhaver-evitat-al-maxim-la-construccio-a-la-parcella-de-bosc-entre-es-poueto-i-sestanyol\/","og_locale":"es_ES","og_type":"article","og_title":"El Ayuntamiento de Sant Josep deber\u00eda haber evitado al m\u00e1ximo la construcci\u00f3n en la parcela de bosque entre es Pouet\u00f3 y s\u2019Estanyol - Salvem Sa Badia de Portmany","og_description":"Tras las explicaciones aportadas por el PSOE de Sant Josep respecto a la venta de una parcela p\u00fablica de bosque en primera l\u00ednea de mar, entre las playas de es...","og_url":"https:\/\/www.salvemsabadia.com\/lajuntament-de-sant-josep-hauria-dhaver-evitat-al-maxim-la-construccio-a-la-parcella-de-bosc-entre-es-poueto-i-sestanyol\/","og_site_name":"Salvem Sa Badia de Portmany","article_published_time":"2024-01-03T13:11:24+00:00","og_image":[{"width":2432,"height":1374,"url":"https:\/\/www.salvemsabadia.com\/wp-content\/uploads\/2023\/12\/Captura-de-pantalla-2023-12-27-a-las-18.31.43.jpg","type":"image\/jpeg"}],"author":"Salvem sa Badia","twitter_card":"summary_large_image","twitter_misc":{"Escrito por":"Salvem sa Badia","Tiempo de lectura":"4 minutos"},"schema":{"@context":"https:\/\/schema.org","@graph":[{"@type":"Article","@id":"https:\/\/www.salvemsabadia.com\/lajuntament-de-sant-josep-hauria-dhaver-evitat-al-maxim-la-construccio-a-la-parcella-de-bosc-entre-es-poueto-i-sestanyol\/#article","isPartOf":{"@id":"https:\/\/www.salvemsabadia.com\/lajuntament-de-sant-josep-hauria-dhaver-evitat-al-maxim-la-construccio-a-la-parcella-de-bosc-entre-es-poueto-i-sestanyol\/"},"author":{"name":"Salvem sa Badia","@id":"https:\/\/www.salvemsabadia.com\/#\/schema\/person\/5d08c5118adcb4140d13bde4826ba122"},"headline":"El Ayuntamiento de Sant Josep deber\u00eda haber evitado al m\u00e1ximo la construcci\u00f3n en la parcela de bosque entre es Pouet\u00f3 y s\u2019Estanyol","datePublished":"2024-01-03T13:11:24+00:00","mainEntityOfPage":{"@id":"https:\/\/www.salvemsabadia.com\/lajuntament-de-sant-josep-hauria-dhaver-evitat-al-maxim-la-construccio-a-la-parcella-de-bosc-entre-es-poueto-i-sestanyol\/"},"wordCount":668,"publisher":{"@id":"https:\/\/www.salvemsabadia.com\/#organization"},"image":{"@id":"https:\/\/www.salvemsabadia.com\/lajuntament-de-sant-josep-hauria-dhaver-evitat-al-maxim-la-construccio-a-la-parcella-de-bosc-entre-es-poueto-i-sestanyol\/#primaryimage"},"thumbnailUrl":"https:\/\/www.salvemsabadia.com\/wp-content\/uploads\/2023\/12\/Captura-de-pantalla-2023-12-27-a-las-18.31.43.jpg","articleSection":["Biodiversidad","Destacado","Playas","Salvem Sa Badia","Turismo","Urbanismo"],"inLanguage":"es"},{"@type":"WebPage","@id":"https:\/\/www.salvemsabadia.com\/lajuntament-de-sant-josep-hauria-dhaver-evitat-al-maxim-la-construccio-a-la-parcella-de-bosc-entre-es-poueto-i-sestanyol\/","url":"https:\/\/www.salvemsabadia.com\/lajuntament-de-sant-josep-hauria-dhaver-evitat-al-maxim-la-construccio-a-la-parcella-de-bosc-entre-es-poueto-i-sestanyol\/","name":"El Ayuntamiento de Sant Josep deber\u00eda haber evitado al m\u00e1ximo la construcci\u00f3n en la parcela de bosque entre es Pouet\u00f3 y s\u2019Estanyol - Salvem Sa Badia de Portmany","isPartOf":{"@id":"https:\/\/www.salvemsabadia.com\/#website"},"primaryImageOfPage":{"@id":"https:\/\/www.salvemsabadia.com\/lajuntament-de-sant-josep-hauria-dhaver-evitat-al-maxim-la-construccio-a-la-parcella-de-bosc-entre-es-poueto-i-sestanyol\/#primaryimage"},"image":{"@id":"https:\/\/www.salvemsabadia.com\/lajuntament-de-sant-josep-hauria-dhaver-evitat-al-maxim-la-construccio-a-la-parcella-de-bosc-entre-es-poueto-i-sestanyol\/#primaryimage"},"thumbnailUrl":"https:\/\/www.salvemsabadia.com\/wp-content\/uploads\/2023\/12\/Captura-de-pantalla-2023-12-27-a-las-18.31.43.jpg","datePublished":"2024-01-03T13:11:24+00:00","breadcrumb":{"@id":"https:\/\/www.salvemsabadia.com\/lajuntament-de-sant-josep-hauria-dhaver-evitat-al-maxim-la-construccio-a-la-parcella-de-bosc-entre-es-poueto-i-sestanyol\/#breadcrumb"},"inLanguage":"es","potentialAction":[{"@type":"ReadAction","target":["https:\/\/www.salvemsabadia.com\/lajuntament-de-sant-josep-hauria-dhaver-evitat-al-maxim-la-construccio-a-la-parcella-de-bosc-entre-es-poueto-i-sestanyol\/"]}]},{"@type":"ImageObject","inLanguage":"es","@id":"https:\/\/www.salvemsabadia.com\/lajuntament-de-sant-josep-hauria-dhaver-evitat-al-maxim-la-construccio-a-la-parcella-de-bosc-entre-es-poueto-i-sestanyol\/#primaryimage","url":"https:\/\/www.salvemsabadia.com\/wp-content\/uploads\/2023\/12\/Captura-de-pantalla-2023-12-27-a-las-18.31.43.jpg","contentUrl":"https:\/\/www.salvemsabadia.com\/wp-content\/uploads\/2023\/12\/Captura-de-pantalla-2023-12-27-a-las-18.31.43.jpg","width":2432,"height":1374},{"@type":"BreadcrumbList","@id":"https:\/\/www.salvemsabadia.com\/lajuntament-de-sant-josep-hauria-dhaver-evitat-al-maxim-la-construccio-a-la-parcella-de-bosc-entre-es-poueto-i-sestanyol\/#breadcrumb","itemListElement":[{"@type":"ListItem","position":1,"name":"Portada","item":"https:\/\/www.salvemsabadia.com\/es\/"},{"@type":"ListItem","position":2,"name":"El Ayuntamiento de Sant Josep deber\u00eda haber evitado al m\u00e1ximo la construcci\u00f3n en la parcela de bosque entre es Pouet\u00f3 y s\u2019Estanyol"}]},{"@type":"WebSite","@id":"https:\/\/www.salvemsabadia.com\/#website","url":"https:\/\/www.salvemsabadia.com\/","name":"Salvem Sa Badia de Portmany","description":"","publisher":{"@id":"https:\/\/www.salvemsabadia.com\/#organization"},"potentialAction":[{"@type":"SearchAction","target":{"@type":"EntryPoint","urlTemplate":"https:\/\/www.salvemsabadia.com\/?s={search_term_string}"},"query-input":{"@type":"PropertyValueSpecification","valueRequired":true,"valueName":"search_term_string"}}],"inLanguage":"es"},{"@type":"Organization","@id":"https:\/\/www.salvemsabadia.com\/#organization","name":"Salvem Sa Badia de Portmany","url":"https:\/\/www.salvemsabadia.com\/","logo":{"@type":"ImageObject","inLanguage":"es","@id":"https:\/\/www.salvemsabadia.com\/#\/schema\/logo\/image\/","url":"https:\/\/www.salvemsabadia.com\/wp-content\/uploads\/2020\/03\/logo.png","contentUrl":"https:\/\/www.salvemsabadia.com\/wp-content\/uploads\/2020\/03\/logo.png","width":188,"height":151,"caption":"Salvem Sa Badia de Portmany"},"image":{"@id":"https:\/\/www.salvemsabadia.com\/#\/schema\/logo\/image\/"}},{"@type":"Person","@id":"https:\/\/www.salvemsabadia.com\/#\/schema\/person\/5d08c5118adcb4140d13bde4826ba122","name":"Salvem sa Badia","image":{"@type":"ImageObject","inLanguage":"es","@id":"https:\/\/www.salvemsabadia.com\/#\/schema\/person\/image\/","url":"https:\/\/secure.gravatar.com\/avatar\/d569ee5739a9c7022470ea472c9b4b9cf476e15f1be71e5242c911d673d14ad9?s=96&d=mm&r=g","contentUrl":"https:\/\/secure.gravatar.com\/avatar\/d569ee5739a9c7022470ea472c9b4b9cf476e15f1be71e5242c911d673d14ad9?s=96&d=mm&r=g","caption":"Salvem sa Badia"}}]}},"_links":{"self":[{"href":"https:\/\/www.salvemsabadia.com\/es\/wp-json\/wp\/v2\/posts\/5023","targetHints":{"allow":["GET"]}}],"collection":[{"href":"https:\/\/www.salvemsabadia.com\/es\/wp-json\/wp\/v2\/posts"}],"about":[{"href":"https:\/\/www.salvemsabadia.com\/es\/wp-json\/wp\/v2\/types\/post"}],"author":[{"embeddable":true,"href":"https:\/\/www.salvemsabadia.com\/es\/wp-json\/wp\/v2\/users\/2"}],"replies":[{"embeddable":true,"href":"https:\/\/www.salvemsabadia.com\/es\/wp-json\/wp\/v2\/comments?post=5023"}],"version-history":[{"count":0,"href":"https:\/\/www.salvemsabadia.com\/es\/wp-json\/wp\/v2\/posts\/5023\/revisions"}],"wp:featuredmedia":[{"embeddable":true,"href":"https:\/\/www.salvemsabadia.com\/es\/wp-json\/wp\/v2\/media\/5002"}],"wp:attachment":[{"href":"https:\/\/www.salvemsabadia.com\/es\/wp-json\/wp\/v2\/media?parent=5023"}],"wp:term":[{"taxonomy":"category","embeddable":true,"href":"https:\/\/www.salvemsabadia.com\/es\/wp-json\/wp\/v2\/categories?post=5023"},{"taxonomy":"post_tag","embeddable":true,"href":"https:\/\/www.salvemsabadia.com\/es\/wp-json\/wp\/v2\/tags?post=5023"}],"curies":[{"name":"wp","href":"https:\/\/api.w.org\/{rel}","templated":true}]}}