{"id":5153,"date":"2024-05-28T13:33:53","date_gmt":"2024-05-28T11:33:53","guid":{"rendered":"https:\/\/www.salvemsabadia.com\/?p=5153"},"modified":"2024-05-28T13:33:53","modified_gmt":"2024-05-28T11:33:53","slug":"el-govern-balear-deniega-la-solicitud-a-balearia-para-operar-en-el-puerto-de-sant-antoni-este-verano","status":"publish","type":"post","link":"https:\/\/www.salvemsabadia.com\/es\/el-govern-balear-deniega-la-solicitud-a-balearia-para-operar-en-el-puerto-de-sant-antoni-este-verano\/","title":{"rendered":"El Govern balear deniega la solicitud a Bale\u00e0ria para operar en el puerto de Sant Antoni este verano"},"content":{"rendered":"<p><img loading=\"lazy\" decoding=\"async\" class=\"alignnone size-full wp-image-5117\" src=\"https:\/\/www.salvemsabadia.com\/wp-content\/uploads\/2024\/03\/DSC_8019.jpg\" alt=\"\" width=\"2000\" height=\"1333\" srcset=\"https:\/\/www.salvemsabadia.com\/wp-content\/uploads\/2024\/03\/DSC_8019.jpg 2000w, https:\/\/www.salvemsabadia.com\/wp-content\/uploads\/2024\/03\/DSC_8019-300x200.jpg 300w, https:\/\/www.salvemsabadia.com\/wp-content\/uploads\/2024\/03\/DSC_8019-1024x682.jpg 1024w, https:\/\/www.salvemsabadia.com\/wp-content\/uploads\/2024\/03\/DSC_8019-768x512.jpg 768w, https:\/\/www.salvemsabadia.com\/wp-content\/uploads\/2024\/03\/DSC_8019-1536x1024.jpg 1536w, https:\/\/www.salvemsabadia.com\/wp-content\/uploads\/2024\/03\/DSC_8019-900x600.jpg 900w\" sizes=\"auto, (max-width: 2000px) 100vw, 2000px\" \/>El Govern balear ha anunciado hoy que ha denegado a Bale\u00e0ria la posibilidad de abrir este verano una nueva l\u00ednea de tr\u00e1fico comercial en el puerto de Sant Antoni, que enlazar\u00eda con Denia y Mallorca. A trav\u00e9s de declaraciones a la cadena SER, el director general de Puertos y Transporte Mar\u00edtimo, Antoni Mercant, ha se\u00f1alado que por ahora \u201cno est\u00e1 previsto que vuelva el tr\u00e1fico comercial a Sant Antoni, no est\u00e1 en nuestra mesa de trabajo\u201d, ha indicado.<\/p>\n<p>A continuaci\u00f3n, ha tomado la palabra el presidente de Salvem sa Badia de Portmany, Pep\u00edn Vald\u00e9s, que ha subrayado que con esta decisi\u00f3n se vuelve al punto de partida de hace dos a\u00f1os, cuando se reestableci\u00f3 el tr\u00e1fico comercial a Sant Antoni, aunque con una limitaci\u00f3n de 65 metros de eslora. Bale\u00e0ria pretend\u00eda retomar la actividad en Sant Antoni con el buque Cecilia Payne, que tiene 86 metros. Vald\u00e9s ha a\u00f1adido que se seguir\u00e1 con la campa\u00f1a de recogida de firmas, ya que se pretende que la bah\u00eda de Portmany est\u00e9 libre de tr\u00e1fico comercial y no en funci\u00f3n de la eslora, como en este momento.<\/p>\n<p>Mercant tambi\u00e9n ha explicado que se ha encargado un informe de maniobrabilidad del puerto de Sant Antoni para conocer de forma profesional hasta que eslora se puede operar en esta infraestructura, ya sea de un barco de l\u00ednea regular o no. Respecto a lo que puede ocurrir a partir de ahora, el director general ha apuntado que Sant Antoni tiene que poder albergar barcos que no sean necesariamente de l\u00ednea regular y que tengan otras necesidades, \u201ccomo por ejemplo yates de lujo que quieran atracar en Sant Antoni y que ahora desisten porque las instalaciones est\u00e1n totalmente abandonadas\u201d.<\/p>\n<p>Por \u00faltimo, Mercant ha apuntado que el puerto de Sant Antoni debe ser m\u00e1s rentable porque acumula unas p\u00e9rdidas de unos dos millones de euros. Actualmente, se est\u00e1n haciendo obras de mejora, con una inversi\u00f3n de 300.000 euros.<\/p>\n","protected":false},"excerpt":{"rendered":"<p>El Govern balear ha anunciado hoy que ha denegado a Bale\u00e0ria la posibilidad de abrir este verano una nueva l\u00ednea de tr\u00e1fico comercial en el puerto de Sant Antoni, que&#8230;<\/p>\n","protected":false},"author":2,"featured_media":5048,"comment_status":"closed","ping_status":"closed","sticky":false,"template":"","format":"standard","meta":{"give_campaign_id":0,"footnotes":""},"categories":[106,214,10],"tags":[],"class_list":{"0":"post-5153","1":"post","2":"type-post","3":"status-publish","4":"format-standard","5":"has-post-thumbnail","7":"category-destacado","8":"category-puerto-de-sant-antoni","9":"category-salvem-sa-badia"},"yoast_head":"<!-- This site is optimized with the Yoast SEO plugin v26.8 - https:\/\/yoast.com\/product\/yoast-seo-wordpress\/ -->\n<title>El Govern balear deniega la solicitud a Bale\u00e0ria para operar en el puerto de Sant Antoni este verano - Salvem Sa Badia de Portmany<\/title>\n<meta name=\"robots\" content=\"index, follow, max-snippet:-1, max-image-preview:large, max-video-preview:-1\" \/>\n<link rel=\"canonical\" href=\"https:\/\/www.salvemsabadia.com\/el-govern-balear-denega-la-sollicitud-a-balearia-per-a-operar-en-el-port-de-sant-antoni-aquest-estiu\/\" \/>\n<meta property=\"og:locale\" content=\"es_ES\" \/>\n<meta property=\"og:type\" content=\"article\" \/>\n<meta property=\"og:title\" content=\"El Govern balear deniega la solicitud a Bale\u00e0ria para operar en el puerto de Sant Antoni este verano - Salvem Sa Badia de Portmany\" \/>\n<meta property=\"og:description\" content=\"El Govern balear ha anunciado hoy que ha denegado a Bale\u00e0ria la posibilidad de abrir este verano una nueva l\u00ednea de tr\u00e1fico comercial en el puerto de Sant Antoni, que...\" \/>\n<meta property=\"og:url\" content=\"https:\/\/www.salvemsabadia.com\/el-govern-balear-denega-la-sollicitud-a-balearia-per-a-operar-en-el-port-de-sant-antoni-aquest-estiu\/\" \/>\n<meta property=\"og:site_name\" content=\"Salvem Sa Badia de Portmany\" \/>\n<meta property=\"article:published_time\" content=\"2024-05-28T11:33:53+00:00\" \/>\n<meta property=\"og:image\" content=\"https:\/\/www.salvemsabadia.com\/wp-content\/uploads\/2024\/02\/DSC_8019.jpg\" \/>\n\t<meta property=\"og:image:width\" content=\"2000\" \/>\n\t<meta property=\"og:image:height\" content=\"1333\" \/>\n\t<meta property=\"og:image:type\" content=\"image\/jpeg\" \/>\n<meta name=\"author\" content=\"Salvem sa Badia\" \/>\n<meta name=\"twitter:card\" content=\"summary_large_image\" \/>\n<meta name=\"twitter:label1\" content=\"Escrito por\" \/>\n\t<meta name=\"twitter:data1\" content=\"Salvem sa Badia\" \/>\n\t<meta name=\"twitter:label2\" content=\"Tiempo de lectura\" \/>\n\t<meta name=\"twitter:data2\" content=\"2 minutos\" \/>\n<script type=\"application\/ld+json\" class=\"yoast-schema-graph\">{\"@context\":\"https:\/\/schema.org\",\"@graph\":[{\"@type\":\"Article\",\"@id\":\"https:\/\/www.salvemsabadia.com\/el-govern-balear-denega-la-sollicitud-a-balearia-per-a-operar-en-el-port-de-sant-antoni-aquest-estiu\/#article\",\"isPartOf\":{\"@id\":\"https:\/\/www.salvemsabadia.com\/el-govern-balear-denega-la-sollicitud-a-balearia-per-a-operar-en-el-port-de-sant-antoni-aquest-estiu\/\"},\"author\":{\"name\":\"Salvem sa Badia\",\"@id\":\"https:\/\/www.salvemsabadia.com\/#\/schema\/person\/5d08c5118adcb4140d13bde4826ba122\"},\"headline\":\"El Govern balear deniega la solicitud a Bale\u00e0ria para operar en el puerto de Sant Antoni este verano\",\"datePublished\":\"2024-05-28T11:33:53+00:00\",\"mainEntityOfPage\":{\"@id\":\"https:\/\/www.salvemsabadia.com\/el-govern-balear-denega-la-sollicitud-a-balearia-per-a-operar-en-el-port-de-sant-antoni-aquest-estiu\/\"},\"wordCount\":367,\"publisher\":{\"@id\":\"https:\/\/www.salvemsabadia.com\/#organization\"},\"image\":{\"@id\":\"https:\/\/www.salvemsabadia.com\/el-govern-balear-denega-la-sollicitud-a-balearia-per-a-operar-en-el-port-de-sant-antoni-aquest-estiu\/#primaryimage\"},\"thumbnailUrl\":\"https:\/\/www.salvemsabadia.com\/wp-content\/uploads\/2024\/02\/DSC_8019.jpg\",\"articleSection\":[\"Destacado\",\"Puerto de Sant Antoni\",\"Salvem Sa Badia\"],\"inLanguage\":\"es\"},{\"@type\":\"WebPage\",\"@id\":\"https:\/\/www.salvemsabadia.com\/el-govern-balear-denega-la-sollicitud-a-balearia-per-a-operar-en-el-port-de-sant-antoni-aquest-estiu\/\",\"url\":\"https:\/\/www.salvemsabadia.com\/el-govern-balear-denega-la-sollicitud-a-balearia-per-a-operar-en-el-port-de-sant-antoni-aquest-estiu\/\",\"name\":\"El Govern balear deniega la solicitud a Bale\u00e0ria para operar en el puerto de Sant Antoni este verano - Salvem Sa Badia de Portmany\",\"isPartOf\":{\"@id\":\"https:\/\/www.salvemsabadia.com\/#website\"},\"primaryImageOfPage\":{\"@id\":\"https:\/\/www.salvemsabadia.com\/el-govern-balear-denega-la-sollicitud-a-balearia-per-a-operar-en-el-port-de-sant-antoni-aquest-estiu\/#primaryimage\"},\"image\":{\"@id\":\"https:\/\/www.salvemsabadia.com\/el-govern-balear-denega-la-sollicitud-a-balearia-per-a-operar-en-el-port-de-sant-antoni-aquest-estiu\/#primaryimage\"},\"thumbnailUrl\":\"https:\/\/www.salvemsabadia.com\/wp-content\/uploads\/2024\/02\/DSC_8019.jpg\",\"datePublished\":\"2024-05-28T11:33:53+00:00\",\"breadcrumb\":{\"@id\":\"https:\/\/www.salvemsabadia.com\/el-govern-balear-denega-la-sollicitud-a-balearia-per-a-operar-en-el-port-de-sant-antoni-aquest-estiu\/#breadcrumb\"},\"inLanguage\":\"es\",\"potentialAction\":[{\"@type\":\"ReadAction\",\"target\":[\"https:\/\/www.salvemsabadia.com\/el-govern-balear-denega-la-sollicitud-a-balearia-per-a-operar-en-el-port-de-sant-antoni-aquest-estiu\/\"]}]},{\"@type\":\"ImageObject\",\"inLanguage\":\"es\",\"@id\":\"https:\/\/www.salvemsabadia.com\/el-govern-balear-denega-la-sollicitud-a-balearia-per-a-operar-en-el-port-de-sant-antoni-aquest-estiu\/#primaryimage\",\"url\":\"https:\/\/www.salvemsabadia.com\/wp-content\/uploads\/2024\/02\/DSC_8019.jpg\",\"contentUrl\":\"https:\/\/www.salvemsabadia.com\/wp-content\/uploads\/2024\/02\/DSC_8019.jpg\",\"width\":2000,\"height\":1333},{\"@type\":\"BreadcrumbList\",\"@id\":\"https:\/\/www.salvemsabadia.com\/el-govern-balear-denega-la-sollicitud-a-balearia-per-a-operar-en-el-port-de-sant-antoni-aquest-estiu\/#breadcrumb\",\"itemListElement\":[{\"@type\":\"ListItem\",\"position\":1,\"name\":\"Portada\",\"item\":\"https:\/\/www.salvemsabadia.com\/es\/\"},{\"@type\":\"ListItem\",\"position\":2,\"name\":\"El Govern balear deniega la solicitud a Bale\u00e0ria para operar en el puerto de Sant Antoni este verano\"}]},{\"@type\":\"WebSite\",\"@id\":\"https:\/\/www.salvemsabadia.com\/#website\",\"url\":\"https:\/\/www.salvemsabadia.com\/\",\"name\":\"Salvem Sa Badia de Portmany\",\"description\":\"\",\"publisher\":{\"@id\":\"https:\/\/www.salvemsabadia.com\/#organization\"},\"potentialAction\":[{\"@type\":\"SearchAction\",\"target\":{\"@type\":\"EntryPoint\",\"urlTemplate\":\"https:\/\/www.salvemsabadia.com\/?s={search_term_string}\"},\"query-input\":{\"@type\":\"PropertyValueSpecification\",\"valueRequired\":true,\"valueName\":\"search_term_string\"}}],\"inLanguage\":\"es\"},{\"@type\":\"Organization\",\"@id\":\"https:\/\/www.salvemsabadia.com\/#organization\",\"name\":\"Salvem Sa Badia de Portmany\",\"url\":\"https:\/\/www.salvemsabadia.com\/\",\"logo\":{\"@type\":\"ImageObject\",\"inLanguage\":\"es\",\"@id\":\"https:\/\/www.salvemsabadia.com\/#\/schema\/logo\/image\/\",\"url\":\"https:\/\/www.salvemsabadia.com\/wp-content\/uploads\/2020\/03\/logo.png\",\"contentUrl\":\"https:\/\/www.salvemsabadia.com\/wp-content\/uploads\/2020\/03\/logo.png\",\"width\":188,\"height\":151,\"caption\":\"Salvem Sa Badia de Portmany\"},\"image\":{\"@id\":\"https:\/\/www.salvemsabadia.com\/#\/schema\/logo\/image\/\"}},{\"@type\":\"Person\",\"@id\":\"https:\/\/www.salvemsabadia.com\/#\/schema\/person\/5d08c5118adcb4140d13bde4826ba122\",\"name\":\"Salvem sa Badia\",\"image\":{\"@type\":\"ImageObject\",\"inLanguage\":\"es\",\"@id\":\"https:\/\/www.salvemsabadia.com\/#\/schema\/person\/image\/\",\"url\":\"https:\/\/secure.gravatar.com\/avatar\/d569ee5739a9c7022470ea472c9b4b9cf476e15f1be71e5242c911d673d14ad9?s=96&d=mm&r=g\",\"contentUrl\":\"https:\/\/secure.gravatar.com\/avatar\/d569ee5739a9c7022470ea472c9b4b9cf476e15f1be71e5242c911d673d14ad9?s=96&d=mm&r=g\",\"caption\":\"Salvem sa Badia\"}}]}<\/script>\n<!-- \/ Yoast SEO plugin. -->","yoast_head_json":{"title":"El Govern balear deniega la solicitud a Bale\u00e0ria para operar en el puerto de Sant Antoni este verano - Salvem Sa Badia de Portmany","robots":{"index":"index","follow":"follow","max-snippet":"max-snippet:-1","max-image-preview":"max-image-preview:large","max-video-preview":"max-video-preview:-1"},"canonical":"https:\/\/www.salvemsabadia.com\/el-govern-balear-denega-la-sollicitud-a-balearia-per-a-operar-en-el-port-de-sant-antoni-aquest-estiu\/","og_locale":"es_ES","og_type":"article","og_title":"El Govern balear deniega la solicitud a Bale\u00e0ria para operar en el puerto de Sant Antoni este verano - Salvem Sa Badia de Portmany","og_description":"El Govern balear ha anunciado hoy que ha denegado a Bale\u00e0ria la posibilidad de abrir este verano una nueva l\u00ednea de tr\u00e1fico comercial en el puerto de Sant Antoni, que...","og_url":"https:\/\/www.salvemsabadia.com\/el-govern-balear-denega-la-sollicitud-a-balearia-per-a-operar-en-el-port-de-sant-antoni-aquest-estiu\/","og_site_name":"Salvem Sa Badia de Portmany","article_published_time":"2024-05-28T11:33:53+00:00","og_image":[{"width":2000,"height":1333,"url":"https:\/\/www.salvemsabadia.com\/wp-content\/uploads\/2024\/02\/DSC_8019.jpg","type":"image\/jpeg"}],"author":"Salvem sa Badia","twitter_card":"summary_large_image","twitter_misc":{"Escrito por":"Salvem sa Badia","Tiempo de lectura":"2 minutos"},"schema":{"@context":"https:\/\/schema.org","@graph":[{"@type":"Article","@id":"https:\/\/www.salvemsabadia.com\/el-govern-balear-denega-la-sollicitud-a-balearia-per-a-operar-en-el-port-de-sant-antoni-aquest-estiu\/#article","isPartOf":{"@id":"https:\/\/www.salvemsabadia.com\/el-govern-balear-denega-la-sollicitud-a-balearia-per-a-operar-en-el-port-de-sant-antoni-aquest-estiu\/"},"author":{"name":"Salvem sa Badia","@id":"https:\/\/www.salvemsabadia.com\/#\/schema\/person\/5d08c5118adcb4140d13bde4826ba122"},"headline":"El Govern balear deniega la solicitud a Bale\u00e0ria para operar en el puerto de Sant Antoni este verano","datePublished":"2024-05-28T11:33:53+00:00","mainEntityOfPage":{"@id":"https:\/\/www.salvemsabadia.com\/el-govern-balear-denega-la-sollicitud-a-balearia-per-a-operar-en-el-port-de-sant-antoni-aquest-estiu\/"},"wordCount":367,"publisher":{"@id":"https:\/\/www.salvemsabadia.com\/#organization"},"image":{"@id":"https:\/\/www.salvemsabadia.com\/el-govern-balear-denega-la-sollicitud-a-balearia-per-a-operar-en-el-port-de-sant-antoni-aquest-estiu\/#primaryimage"},"thumbnailUrl":"https:\/\/www.salvemsabadia.com\/wp-content\/uploads\/2024\/02\/DSC_8019.jpg","articleSection":["Destacado","Puerto de Sant Antoni","Salvem Sa Badia"],"inLanguage":"es"},{"@type":"WebPage","@id":"https:\/\/www.salvemsabadia.com\/el-govern-balear-denega-la-sollicitud-a-balearia-per-a-operar-en-el-port-de-sant-antoni-aquest-estiu\/","url":"https:\/\/www.salvemsabadia.com\/el-govern-balear-denega-la-sollicitud-a-balearia-per-a-operar-en-el-port-de-sant-antoni-aquest-estiu\/","name":"El Govern balear deniega la solicitud a Bale\u00e0ria para operar en el puerto de Sant Antoni este verano - Salvem Sa Badia de Portmany","isPartOf":{"@id":"https:\/\/www.salvemsabadia.com\/#website"},"primaryImageOfPage":{"@id":"https:\/\/www.salvemsabadia.com\/el-govern-balear-denega-la-sollicitud-a-balearia-per-a-operar-en-el-port-de-sant-antoni-aquest-estiu\/#primaryimage"},"image":{"@id":"https:\/\/www.salvemsabadia.com\/el-govern-balear-denega-la-sollicitud-a-balearia-per-a-operar-en-el-port-de-sant-antoni-aquest-estiu\/#primaryimage"},"thumbnailUrl":"https:\/\/www.salvemsabadia.com\/wp-content\/uploads\/2024\/02\/DSC_8019.jpg","datePublished":"2024-05-28T11:33:53+00:00","breadcrumb":{"@id":"https:\/\/www.salvemsabadia.com\/el-govern-balear-denega-la-sollicitud-a-balearia-per-a-operar-en-el-port-de-sant-antoni-aquest-estiu\/#breadcrumb"},"inLanguage":"es","potentialAction":[{"@type":"ReadAction","target":["https:\/\/www.salvemsabadia.com\/el-govern-balear-denega-la-sollicitud-a-balearia-per-a-operar-en-el-port-de-sant-antoni-aquest-estiu\/"]}]},{"@type":"ImageObject","inLanguage":"es","@id":"https:\/\/www.salvemsabadia.com\/el-govern-balear-denega-la-sollicitud-a-balearia-per-a-operar-en-el-port-de-sant-antoni-aquest-estiu\/#primaryimage","url":"https:\/\/www.salvemsabadia.com\/wp-content\/uploads\/2024\/02\/DSC_8019.jpg","contentUrl":"https:\/\/www.salvemsabadia.com\/wp-content\/uploads\/2024\/02\/DSC_8019.jpg","width":2000,"height":1333},{"@type":"BreadcrumbList","@id":"https:\/\/www.salvemsabadia.com\/el-govern-balear-denega-la-sollicitud-a-balearia-per-a-operar-en-el-port-de-sant-antoni-aquest-estiu\/#breadcrumb","itemListElement":[{"@type":"ListItem","position":1,"name":"Portada","item":"https:\/\/www.salvemsabadia.com\/es\/"},{"@type":"ListItem","position":2,"name":"El Govern balear deniega la solicitud a Bale\u00e0ria para operar en el puerto de Sant Antoni este verano"}]},{"@type":"WebSite","@id":"https:\/\/www.salvemsabadia.com\/#website","url":"https:\/\/www.salvemsabadia.com\/","name":"Salvem Sa Badia de Portmany","description":"","publisher":{"@id":"https:\/\/www.salvemsabadia.com\/#organization"},"potentialAction":[{"@type":"SearchAction","target":{"@type":"EntryPoint","urlTemplate":"https:\/\/www.salvemsabadia.com\/?s={search_term_string}"},"query-input":{"@type":"PropertyValueSpecification","valueRequired":true,"valueName":"search_term_string"}}],"inLanguage":"es"},{"@type":"Organization","@id":"https:\/\/www.salvemsabadia.com\/#organization","name":"Salvem Sa Badia de Portmany","url":"https:\/\/www.salvemsabadia.com\/","logo":{"@type":"ImageObject","inLanguage":"es","@id":"https:\/\/www.salvemsabadia.com\/#\/schema\/logo\/image\/","url":"https:\/\/www.salvemsabadia.com\/wp-content\/uploads\/2020\/03\/logo.png","contentUrl":"https:\/\/www.salvemsabadia.com\/wp-content\/uploads\/2020\/03\/logo.png","width":188,"height":151,"caption":"Salvem Sa Badia de Portmany"},"image":{"@id":"https:\/\/www.salvemsabadia.com\/#\/schema\/logo\/image\/"}},{"@type":"Person","@id":"https:\/\/www.salvemsabadia.com\/#\/schema\/person\/5d08c5118adcb4140d13bde4826ba122","name":"Salvem sa Badia","image":{"@type":"ImageObject","inLanguage":"es","@id":"https:\/\/www.salvemsabadia.com\/#\/schema\/person\/image\/","url":"https:\/\/secure.gravatar.com\/avatar\/d569ee5739a9c7022470ea472c9b4b9cf476e15f1be71e5242c911d673d14ad9?s=96&d=mm&r=g","contentUrl":"https:\/\/secure.gravatar.com\/avatar\/d569ee5739a9c7022470ea472c9b4b9cf476e15f1be71e5242c911d673d14ad9?s=96&d=mm&r=g","caption":"Salvem sa Badia"}}]}},"_links":{"self":[{"href":"https:\/\/www.salvemsabadia.com\/es\/wp-json\/wp\/v2\/posts\/5153","targetHints":{"allow":["GET"]}}],"collection":[{"href":"https:\/\/www.salvemsabadia.com\/es\/wp-json\/wp\/v2\/posts"}],"about":[{"href":"https:\/\/www.salvemsabadia.com\/es\/wp-json\/wp\/v2\/types\/post"}],"author":[{"embeddable":true,"href":"https:\/\/www.salvemsabadia.com\/es\/wp-json\/wp\/v2\/users\/2"}],"replies":[{"embeddable":true,"href":"https:\/\/www.salvemsabadia.com\/es\/wp-json\/wp\/v2\/comments?post=5153"}],"version-history":[{"count":0,"href":"https:\/\/www.salvemsabadia.com\/es\/wp-json\/wp\/v2\/posts\/5153\/revisions"}],"wp:featuredmedia":[{"embeddable":true,"href":"https:\/\/www.salvemsabadia.com\/es\/wp-json\/wp\/v2\/media\/5048"}],"wp:attachment":[{"href":"https:\/\/www.salvemsabadia.com\/es\/wp-json\/wp\/v2\/media?parent=5153"}],"wp:term":[{"taxonomy":"category","embeddable":true,"href":"https:\/\/www.salvemsabadia.com\/es\/wp-json\/wp\/v2\/categories?post=5153"},{"taxonomy":"post_tag","embeddable":true,"href":"https:\/\/www.salvemsabadia.com\/es\/wp-json\/wp\/v2\/tags?post=5153"}],"curies":[{"name":"wp","href":"https:\/\/api.w.org\/{rel}","templated":true}]}}