{"id":5330,"date":"2025-01-16T09:36:18","date_gmt":"2025-01-16T08:36:18","guid":{"rendered":"https:\/\/www.salvemsabadia.com\/?p=5330"},"modified":"2025-01-16T09:36:18","modified_gmt":"2025-01-16T08:36:18","slug":"salvem-sa-badia-de-portmany-entrega-a-distintas-administraciones-publicas-las-mas-de-7-000-firmas-recogidas-para-que-no-regresen-los-ferris","status":"publish","type":"post","link":"https:\/\/www.salvemsabadia.com\/es\/salvem-sa-badia-de-portmany-entrega-a-distintas-administraciones-publicas-las-mas-de-7-000-firmas-recogidas-para-que-no-regresen-los-ferris\/","title":{"rendered":"Salvem sa Badia de Portmany entrega a distintas administraciones p\u00fablicas las m\u00e1s de 7.000 firmas recogidas para que no regresen los ferris"},"content":{"rendered":"<div id=\"attachment_5331\" style=\"width: 1410px\" class=\"wp-caption alignnone\"><img loading=\"lazy\" decoding=\"async\" aria-describedby=\"caption-attachment-5331\" class=\"wp-image-5331 size-full\" src=\"https:\/\/www.salvemsabadia.com\/wp-content\/uploads\/2025\/01\/puesto-de-recogida-de-firmas-de-salvem-sa-badia-en-mayo-de-2024-rec.jpg\" alt=\"\" width=\"1400\" height=\"933\" srcset=\"https:\/\/www.salvemsabadia.com\/wp-content\/uploads\/2025\/01\/puesto-de-recogida-de-firmas-de-salvem-sa-badia-en-mayo-de-2024-rec.jpg 1400w, https:\/\/www.salvemsabadia.com\/wp-content\/uploads\/2025\/01\/puesto-de-recogida-de-firmas-de-salvem-sa-badia-en-mayo-de-2024-rec-300x200.jpg 300w, https:\/\/www.salvemsabadia.com\/wp-content\/uploads\/2025\/01\/puesto-de-recogida-de-firmas-de-salvem-sa-badia-en-mayo-de-2024-rec-1024x682.jpg 1024w, https:\/\/www.salvemsabadia.com\/wp-content\/uploads\/2025\/01\/puesto-de-recogida-de-firmas-de-salvem-sa-badia-en-mayo-de-2024-rec-768x512.jpg 768w, https:\/\/www.salvemsabadia.com\/wp-content\/uploads\/2025\/01\/puesto-de-recogida-de-firmas-de-salvem-sa-badia-en-mayo-de-2024-rec-900x600.jpg 900w\" sizes=\"auto, (max-width: 1400px) 100vw, 1400px\" \/><p id=\"caption-attachment-5331\" class=\"wp-caption-text\">Pep\u00edn Vald\u00e9s y Fran Tienda, de Salvem sa Badia de Portmany, en un puesto de recogida de firmas, en mayo de 2024<\/p><\/div>\n<p>La Asociaci\u00f3n Salvem sa Badia de Portmany ha presentado mediante registro de entrada en varias administraciones m\u00e1s de 7.000 firmas en contra del retorno de los ferris al puerto de Sant Antoni. El objetivo de la campa\u00f1a, iniciada en mayo del a\u00f1o pasado, era exigir que la bah\u00eda de Sant Antoni quedara como un entorno exclusivamente tur\u00edstico, recreativo y pesquero, seguro para los ba\u00f1istas y deportistas n\u00e1uticos.<\/p>\n<p>Esta acci\u00f3n se realiz\u00f3 bajo el lema \u201cNo ferris. Firma ahora para que no vuelvan\u201d y se reunieron un total de 5.821 r\u00fabricas mediante la plataforma change.org y otras 1.220 de forma f\u00edsica (7.041 en total), gracias a la colaboraci\u00f3n de una quincena de socios de Salvem sa Badia y diversos voluntarios. Las firmas han sido entregadas a Ports de les Illes Balears, los ayuntamientos de Sant Antoni de Portmany y Sant Josep de sa Talaia, y el Consell Insular d\u2019Eivissa.<\/p>\n<p>Con esta iniciativa se ha querido demostrar la oposici\u00f3n social que existe en relaci\u00f3n al posible regreso de estos buques y para fomentarla se inici\u00f3 adem\u00e1s una campa\u00f1a de difusi\u00f3n en redes sociales y en portales de medios de comunicaci\u00f3n, con diversas creatividades y un v\u00eddeo generados especialmente para este fin. Hay que destacar que a las pocas semanas de ponerse en marcha la campa\u00f1a, el Govern balear deneg\u00f3 a la naviera Bale\u00e0ria la posibilidad de abrir el pasado verano una nueva l\u00ednea de tr\u00e1fico comercial en el puerto de Sant Antoni, que enlazar\u00eda con Denia y Mallorca. Bale\u00e0ria pretend\u00eda retomar la actividad con el buque Cecilia Payne, que tiene 86 metros de eslora, cuando el l\u00edmite impuesto por Ports IB es de 65 metros.<\/p>\n<p>La Asociaci\u00f3n Salvem sa Badia de Portmany lleva a\u00f1os estudiando los efectos nocivos que provocan los ferris en el medio ambiente y tambi\u00e9n los conflictos sociales y econ\u00f3micos que genera su actividad. Su vuelta supondr\u00eda una involuci\u00f3n que perjudicar\u00eda gravemente al entorno de la bah\u00eda. Las firmas se han acompa\u00f1ado del dec\u00e1logo por un Sant Antoni sin ferris elaborado por el colectivo, que incluye informaci\u00f3n reunida a trav\u00e9s de diversos estudios cient\u00edficos e informes estad\u00edsticos. Se resume en los siguientes puntos:<\/p>\n<p>1\u00ba) Un puerto industrial est\u00e1 re\u00f1ido con un turismo de calidad.<br \/>\n2\u00ba) Los ferris entierran la posidonia y empeoran la calidad del agua de la bah\u00eda.<br \/>\n3\u00ba) Los ferris suponen un problema de seguridad mar\u00edtima.<br \/>\n4\u00ba) Los ferris provocan un peligroso oleaje.<br \/>\n5\u00ba) Los ferris generan problemas de tr\u00e1fico.<br \/>\n6\u00ba) El cierre del puerto no afecta a la llegada de pasajeros por mar a la isla.<br \/>\n7\u00ba) Los ferris no mejoran la ocupaci\u00f3n tur\u00edstica de Sant Antoni.<br \/>\n8\u00ba) Las navieras ya hab\u00edan convertido Sant Antoni en un puerto residual.<br \/>\n9\u00ba) Ports IB reconoce las consecuencias negativas de los ferris.<br \/>\n10\u00ba) El puerto de Ibiza est\u00e1 a tan s\u00f3lo 15 minutos.<\/p>\n","protected":false},"excerpt":{"rendered":"<p>La Asociaci\u00f3n Salvem sa Badia de Portmany ha presentado mediante registro de entrada en varias administraciones m\u00e1s de 7.000 firmas en contra del retorno de los ferris al puerto de&#8230;<\/p>\n","protected":false},"author":2,"featured_media":5331,"comment_status":"closed","ping_status":"closed","sticky":false,"template":"","format":"standard","meta":{"give_campaign_id":0,"footnotes":""},"categories":[203,106,213,214,10],"tags":[],"class_list":{"0":"post-5330","1":"post","2":"type-post","3":"status-publish","4":"format-standard","5":"has-post-thumbnail","7":"category-calidad-del-agua","8":"category-destacado","9":"category-posidonia","10":"category-puerto-de-sant-antoni","11":"category-salvem-sa-badia"},"yoast_head":"<!-- This site is optimized with the Yoast SEO plugin v26.8 - https:\/\/yoast.com\/product\/yoast-seo-wordpress\/ -->\n<title>Salvem sa Badia de Portmany entrega a distintas administraciones p\u00fablicas las m\u00e1s de 7.000 firmas recogidas para que no regresen los ferris - Salvem Sa Badia de Portmany<\/title>\n<meta name=\"description\" content=\"Salvem sa Badia de Portmany entrega a distintas administraciones p\u00fablicas las m\u00e1s de 7.000 firmas recogidas para que no regresen los ferris\" \/>\n<meta name=\"robots\" content=\"index, follow, max-snippet:-1, max-image-preview:large, max-video-preview:-1\" \/>\n<link rel=\"canonical\" href=\"https:\/\/www.salvemsabadia.com\/salvem-sa-badia-de-portmany-lliura-a-diferents-administracions-publiques-les-mes-de-7-000-signatures-recollides-per-a-evitar-que-tornin-els-ferris\/\" \/>\n<meta property=\"og:locale\" content=\"es_ES\" \/>\n<meta property=\"og:type\" content=\"article\" \/>\n<meta property=\"og:title\" content=\"Salvem sa Badia de Portmany entrega a distintas administraciones p\u00fablicas las m\u00e1s de 7.000 firmas recogidas para que no regresen los ferris - Salvem Sa Badia de Portmany\" \/>\n<meta property=\"og:description\" content=\"Salvem sa Badia de Portmany entrega a distintas administraciones p\u00fablicas las m\u00e1s de 7.000 firmas recogidas para que no regresen los ferris\" \/>\n<meta property=\"og:url\" content=\"https:\/\/www.salvemsabadia.com\/salvem-sa-badia-de-portmany-lliura-a-diferents-administracions-publiques-les-mes-de-7-000-signatures-recollides-per-a-evitar-que-tornin-els-ferris\/\" \/>\n<meta property=\"og:site_name\" content=\"Salvem Sa Badia de Portmany\" \/>\n<meta property=\"article:published_time\" content=\"2025-01-16T08:36:18+00:00\" \/>\n<meta property=\"og:image\" content=\"https:\/\/www.salvemsabadia.com\/wp-content\/uploads\/2025\/01\/puesto-de-recogida-de-firmas-de-salvem-sa-badia-en-mayo-de-2024-rec.jpg\" \/>\n\t<meta property=\"og:image:width\" content=\"1400\" \/>\n\t<meta property=\"og:image:height\" content=\"933\" \/>\n\t<meta property=\"og:image:type\" content=\"image\/jpeg\" \/>\n<meta name=\"author\" content=\"Salvem sa Badia\" \/>\n<meta name=\"twitter:card\" content=\"summary_large_image\" \/>\n<meta name=\"twitter:label1\" content=\"Escrito por\" \/>\n\t<meta name=\"twitter:data1\" content=\"Salvem sa Badia\" \/>\n\t<meta name=\"twitter:label2\" content=\"Tiempo de lectura\" \/>\n\t<meta name=\"twitter:data2\" content=\"3 minutos\" \/>\n<script type=\"application\/ld+json\" class=\"yoast-schema-graph\">{\"@context\":\"https:\/\/schema.org\",\"@graph\":[{\"@type\":\"Article\",\"@id\":\"https:\/\/www.salvemsabadia.com\/salvem-sa-badia-de-portmany-lliura-a-diferents-administracions-publiques-les-mes-de-7-000-signatures-recollides-per-a-evitar-que-tornin-els-ferris\/#article\",\"isPartOf\":{\"@id\":\"https:\/\/www.salvemsabadia.com\/salvem-sa-badia-de-portmany-lliura-a-diferents-administracions-publiques-les-mes-de-7-000-signatures-recollides-per-a-evitar-que-tornin-els-ferris\/\"},\"author\":{\"name\":\"Salvem sa Badia\",\"@id\":\"https:\/\/www.salvemsabadia.com\/#\/schema\/person\/5d08c5118adcb4140d13bde4826ba122\"},\"headline\":\"Salvem sa Badia de Portmany entrega a distintas administraciones p\u00fablicas las m\u00e1s de 7.000 firmas recogidas para que no regresen los ferris\",\"datePublished\":\"2025-01-16T08:36:18+00:00\",\"mainEntityOfPage\":{\"@id\":\"https:\/\/www.salvemsabadia.com\/salvem-sa-badia-de-portmany-lliura-a-diferents-administracions-publiques-les-mes-de-7-000-signatures-recollides-per-a-evitar-que-tornin-els-ferris\/\"},\"wordCount\":551,\"publisher\":{\"@id\":\"https:\/\/www.salvemsabadia.com\/#organization\"},\"image\":{\"@id\":\"https:\/\/www.salvemsabadia.com\/salvem-sa-badia-de-portmany-lliura-a-diferents-administracions-publiques-les-mes-de-7-000-signatures-recollides-per-a-evitar-que-tornin-els-ferris\/#primaryimage\"},\"thumbnailUrl\":\"https:\/\/www.salvemsabadia.com\/wp-content\/uploads\/2025\/01\/puesto-de-recogida-de-firmas-de-salvem-sa-badia-en-mayo-de-2024-rec.jpg\",\"articleSection\":[\"Calidad del agua\",\"Destacado\",\"Posidonia\",\"Puerto de Sant Antoni\",\"Salvem Sa Badia\"],\"inLanguage\":\"es\"},{\"@type\":\"WebPage\",\"@id\":\"https:\/\/www.salvemsabadia.com\/salvem-sa-badia-de-portmany-lliura-a-diferents-administracions-publiques-les-mes-de-7-000-signatures-recollides-per-a-evitar-que-tornin-els-ferris\/\",\"url\":\"https:\/\/www.salvemsabadia.com\/salvem-sa-badia-de-portmany-lliura-a-diferents-administracions-publiques-les-mes-de-7-000-signatures-recollides-per-a-evitar-que-tornin-els-ferris\/\",\"name\":\"Salvem sa Badia de Portmany entrega a distintas administraciones p\u00fablicas las m\u00e1s de 7.000 firmas recogidas para que no regresen los ferris - Salvem Sa Badia de Portmany\",\"isPartOf\":{\"@id\":\"https:\/\/www.salvemsabadia.com\/#website\"},\"primaryImageOfPage\":{\"@id\":\"https:\/\/www.salvemsabadia.com\/salvem-sa-badia-de-portmany-lliura-a-diferents-administracions-publiques-les-mes-de-7-000-signatures-recollides-per-a-evitar-que-tornin-els-ferris\/#primaryimage\"},\"image\":{\"@id\":\"https:\/\/www.salvemsabadia.com\/salvem-sa-badia-de-portmany-lliura-a-diferents-administracions-publiques-les-mes-de-7-000-signatures-recollides-per-a-evitar-que-tornin-els-ferris\/#primaryimage\"},\"thumbnailUrl\":\"https:\/\/www.salvemsabadia.com\/wp-content\/uploads\/2025\/01\/puesto-de-recogida-de-firmas-de-salvem-sa-badia-en-mayo-de-2024-rec.jpg\",\"datePublished\":\"2025-01-16T08:36:18+00:00\",\"description\":\"Salvem sa Badia de Portmany entrega a distintas administraciones p\u00fablicas las m\u00e1s de 7.000 firmas recogidas para que no regresen los ferris\",\"breadcrumb\":{\"@id\":\"https:\/\/www.salvemsabadia.com\/salvem-sa-badia-de-portmany-lliura-a-diferents-administracions-publiques-les-mes-de-7-000-signatures-recollides-per-a-evitar-que-tornin-els-ferris\/#breadcrumb\"},\"inLanguage\":\"es\",\"potentialAction\":[{\"@type\":\"ReadAction\",\"target\":[\"https:\/\/www.salvemsabadia.com\/salvem-sa-badia-de-portmany-lliura-a-diferents-administracions-publiques-les-mes-de-7-000-signatures-recollides-per-a-evitar-que-tornin-els-ferris\/\"]}]},{\"@type\":\"ImageObject\",\"inLanguage\":\"es\",\"@id\":\"https:\/\/www.salvemsabadia.com\/salvem-sa-badia-de-portmany-lliura-a-diferents-administracions-publiques-les-mes-de-7-000-signatures-recollides-per-a-evitar-que-tornin-els-ferris\/#primaryimage\",\"url\":\"https:\/\/www.salvemsabadia.com\/wp-content\/uploads\/2025\/01\/puesto-de-recogida-de-firmas-de-salvem-sa-badia-en-mayo-de-2024-rec.jpg\",\"contentUrl\":\"https:\/\/www.salvemsabadia.com\/wp-content\/uploads\/2025\/01\/puesto-de-recogida-de-firmas-de-salvem-sa-badia-en-mayo-de-2024-rec.jpg\",\"width\":1400,\"height\":933},{\"@type\":\"BreadcrumbList\",\"@id\":\"https:\/\/www.salvemsabadia.com\/salvem-sa-badia-de-portmany-lliura-a-diferents-administracions-publiques-les-mes-de-7-000-signatures-recollides-per-a-evitar-que-tornin-els-ferris\/#breadcrumb\",\"itemListElement\":[{\"@type\":\"ListItem\",\"position\":1,\"name\":\"Portada\",\"item\":\"https:\/\/www.salvemsabadia.com\/es\/\"},{\"@type\":\"ListItem\",\"position\":2,\"name\":\"Salvem sa Badia de Portmany entrega a distintas administraciones p\u00fablicas las m\u00e1s de 7.000 firmas recogidas para que no regresen los ferris\"}]},{\"@type\":\"WebSite\",\"@id\":\"https:\/\/www.salvemsabadia.com\/#website\",\"url\":\"https:\/\/www.salvemsabadia.com\/\",\"name\":\"Salvem Sa Badia de Portmany\",\"description\":\"\",\"publisher\":{\"@id\":\"https:\/\/www.salvemsabadia.com\/#organization\"},\"potentialAction\":[{\"@type\":\"SearchAction\",\"target\":{\"@type\":\"EntryPoint\",\"urlTemplate\":\"https:\/\/www.salvemsabadia.com\/?s={search_term_string}\"},\"query-input\":{\"@type\":\"PropertyValueSpecification\",\"valueRequired\":true,\"valueName\":\"search_term_string\"}}],\"inLanguage\":\"es\"},{\"@type\":\"Organization\",\"@id\":\"https:\/\/www.salvemsabadia.com\/#organization\",\"name\":\"Salvem Sa Badia de Portmany\",\"url\":\"https:\/\/www.salvemsabadia.com\/\",\"logo\":{\"@type\":\"ImageObject\",\"inLanguage\":\"es\",\"@id\":\"https:\/\/www.salvemsabadia.com\/#\/schema\/logo\/image\/\",\"url\":\"https:\/\/www.salvemsabadia.com\/wp-content\/uploads\/2020\/03\/logo.png\",\"contentUrl\":\"https:\/\/www.salvemsabadia.com\/wp-content\/uploads\/2020\/03\/logo.png\",\"width\":188,\"height\":151,\"caption\":\"Salvem Sa Badia de Portmany\"},\"image\":{\"@id\":\"https:\/\/www.salvemsabadia.com\/#\/schema\/logo\/image\/\"}},{\"@type\":\"Person\",\"@id\":\"https:\/\/www.salvemsabadia.com\/#\/schema\/person\/5d08c5118adcb4140d13bde4826ba122\",\"name\":\"Salvem sa Badia\",\"image\":{\"@type\":\"ImageObject\",\"inLanguage\":\"es\",\"@id\":\"https:\/\/www.salvemsabadia.com\/#\/schema\/person\/image\/\",\"url\":\"https:\/\/secure.gravatar.com\/avatar\/d569ee5739a9c7022470ea472c9b4b9cf476e15f1be71e5242c911d673d14ad9?s=96&d=mm&r=g\",\"contentUrl\":\"https:\/\/secure.gravatar.com\/avatar\/d569ee5739a9c7022470ea472c9b4b9cf476e15f1be71e5242c911d673d14ad9?s=96&d=mm&r=g\",\"caption\":\"Salvem sa Badia\"}}]}<\/script>\n<!-- \/ Yoast SEO plugin. -->","yoast_head_json":{"title":"Salvem sa Badia de Portmany entrega a distintas administraciones p\u00fablicas las m\u00e1s de 7.000 firmas recogidas para que no regresen los ferris - Salvem Sa Badia de Portmany","description":"Salvem sa Badia de Portmany entrega a distintas administraciones p\u00fablicas las m\u00e1s de 7.000 firmas recogidas para que no regresen los ferris","robots":{"index":"index","follow":"follow","max-snippet":"max-snippet:-1","max-image-preview":"max-image-preview:large","max-video-preview":"max-video-preview:-1"},"canonical":"https:\/\/www.salvemsabadia.com\/salvem-sa-badia-de-portmany-lliura-a-diferents-administracions-publiques-les-mes-de-7-000-signatures-recollides-per-a-evitar-que-tornin-els-ferris\/","og_locale":"es_ES","og_type":"article","og_title":"Salvem sa Badia de Portmany entrega a distintas administraciones p\u00fablicas las m\u00e1s de 7.000 firmas recogidas para que no regresen los ferris - Salvem Sa Badia de Portmany","og_description":"Salvem sa Badia de Portmany entrega a distintas administraciones p\u00fablicas las m\u00e1s de 7.000 firmas recogidas para que no regresen los ferris","og_url":"https:\/\/www.salvemsabadia.com\/salvem-sa-badia-de-portmany-lliura-a-diferents-administracions-publiques-les-mes-de-7-000-signatures-recollides-per-a-evitar-que-tornin-els-ferris\/","og_site_name":"Salvem Sa Badia de Portmany","article_published_time":"2025-01-16T08:36:18+00:00","og_image":[{"width":1400,"height":933,"url":"https:\/\/www.salvemsabadia.com\/wp-content\/uploads\/2025\/01\/puesto-de-recogida-de-firmas-de-salvem-sa-badia-en-mayo-de-2024-rec.jpg","type":"image\/jpeg"}],"author":"Salvem sa Badia","twitter_card":"summary_large_image","twitter_misc":{"Escrito por":"Salvem sa Badia","Tiempo de lectura":"3 minutos"},"schema":{"@context":"https:\/\/schema.org","@graph":[{"@type":"Article","@id":"https:\/\/www.salvemsabadia.com\/salvem-sa-badia-de-portmany-lliura-a-diferents-administracions-publiques-les-mes-de-7-000-signatures-recollides-per-a-evitar-que-tornin-els-ferris\/#article","isPartOf":{"@id":"https:\/\/www.salvemsabadia.com\/salvem-sa-badia-de-portmany-lliura-a-diferents-administracions-publiques-les-mes-de-7-000-signatures-recollides-per-a-evitar-que-tornin-els-ferris\/"},"author":{"name":"Salvem sa Badia","@id":"https:\/\/www.salvemsabadia.com\/#\/schema\/person\/5d08c5118adcb4140d13bde4826ba122"},"headline":"Salvem sa Badia de Portmany entrega a distintas administraciones p\u00fablicas las m\u00e1s de 7.000 firmas recogidas para que no regresen los ferris","datePublished":"2025-01-16T08:36:18+00:00","mainEntityOfPage":{"@id":"https:\/\/www.salvemsabadia.com\/salvem-sa-badia-de-portmany-lliura-a-diferents-administracions-publiques-les-mes-de-7-000-signatures-recollides-per-a-evitar-que-tornin-els-ferris\/"},"wordCount":551,"publisher":{"@id":"https:\/\/www.salvemsabadia.com\/#organization"},"image":{"@id":"https:\/\/www.salvemsabadia.com\/salvem-sa-badia-de-portmany-lliura-a-diferents-administracions-publiques-les-mes-de-7-000-signatures-recollides-per-a-evitar-que-tornin-els-ferris\/#primaryimage"},"thumbnailUrl":"https:\/\/www.salvemsabadia.com\/wp-content\/uploads\/2025\/01\/puesto-de-recogida-de-firmas-de-salvem-sa-badia-en-mayo-de-2024-rec.jpg","articleSection":["Calidad del agua","Destacado","Posidonia","Puerto de Sant Antoni","Salvem Sa Badia"],"inLanguage":"es"},{"@type":"WebPage","@id":"https:\/\/www.salvemsabadia.com\/salvem-sa-badia-de-portmany-lliura-a-diferents-administracions-publiques-les-mes-de-7-000-signatures-recollides-per-a-evitar-que-tornin-els-ferris\/","url":"https:\/\/www.salvemsabadia.com\/salvem-sa-badia-de-portmany-lliura-a-diferents-administracions-publiques-les-mes-de-7-000-signatures-recollides-per-a-evitar-que-tornin-els-ferris\/","name":"Salvem sa Badia de Portmany entrega a distintas administraciones p\u00fablicas las m\u00e1s de 7.000 firmas recogidas para que no regresen los ferris - Salvem Sa Badia de Portmany","isPartOf":{"@id":"https:\/\/www.salvemsabadia.com\/#website"},"primaryImageOfPage":{"@id":"https:\/\/www.salvemsabadia.com\/salvem-sa-badia-de-portmany-lliura-a-diferents-administracions-publiques-les-mes-de-7-000-signatures-recollides-per-a-evitar-que-tornin-els-ferris\/#primaryimage"},"image":{"@id":"https:\/\/www.salvemsabadia.com\/salvem-sa-badia-de-portmany-lliura-a-diferents-administracions-publiques-les-mes-de-7-000-signatures-recollides-per-a-evitar-que-tornin-els-ferris\/#primaryimage"},"thumbnailUrl":"https:\/\/www.salvemsabadia.com\/wp-content\/uploads\/2025\/01\/puesto-de-recogida-de-firmas-de-salvem-sa-badia-en-mayo-de-2024-rec.jpg","datePublished":"2025-01-16T08:36:18+00:00","description":"Salvem sa Badia de Portmany entrega a distintas administraciones p\u00fablicas las m\u00e1s de 7.000 firmas recogidas para que no regresen los ferris","breadcrumb":{"@id":"https:\/\/www.salvemsabadia.com\/salvem-sa-badia-de-portmany-lliura-a-diferents-administracions-publiques-les-mes-de-7-000-signatures-recollides-per-a-evitar-que-tornin-els-ferris\/#breadcrumb"},"inLanguage":"es","potentialAction":[{"@type":"ReadAction","target":["https:\/\/www.salvemsabadia.com\/salvem-sa-badia-de-portmany-lliura-a-diferents-administracions-publiques-les-mes-de-7-000-signatures-recollides-per-a-evitar-que-tornin-els-ferris\/"]}]},{"@type":"ImageObject","inLanguage":"es","@id":"https:\/\/www.salvemsabadia.com\/salvem-sa-badia-de-portmany-lliura-a-diferents-administracions-publiques-les-mes-de-7-000-signatures-recollides-per-a-evitar-que-tornin-els-ferris\/#primaryimage","url":"https:\/\/www.salvemsabadia.com\/wp-content\/uploads\/2025\/01\/puesto-de-recogida-de-firmas-de-salvem-sa-badia-en-mayo-de-2024-rec.jpg","contentUrl":"https:\/\/www.salvemsabadia.com\/wp-content\/uploads\/2025\/01\/puesto-de-recogida-de-firmas-de-salvem-sa-badia-en-mayo-de-2024-rec.jpg","width":1400,"height":933},{"@type":"BreadcrumbList","@id":"https:\/\/www.salvemsabadia.com\/salvem-sa-badia-de-portmany-lliura-a-diferents-administracions-publiques-les-mes-de-7-000-signatures-recollides-per-a-evitar-que-tornin-els-ferris\/#breadcrumb","itemListElement":[{"@type":"ListItem","position":1,"name":"Portada","item":"https:\/\/www.salvemsabadia.com\/es\/"},{"@type":"ListItem","position":2,"name":"Salvem sa Badia de Portmany entrega a distintas administraciones p\u00fablicas las m\u00e1s de 7.000 firmas recogidas para que no regresen los ferris"}]},{"@type":"WebSite","@id":"https:\/\/www.salvemsabadia.com\/#website","url":"https:\/\/www.salvemsabadia.com\/","name":"Salvem Sa Badia de Portmany","description":"","publisher":{"@id":"https:\/\/www.salvemsabadia.com\/#organization"},"potentialAction":[{"@type":"SearchAction","target":{"@type":"EntryPoint","urlTemplate":"https:\/\/www.salvemsabadia.com\/?s={search_term_string}"},"query-input":{"@type":"PropertyValueSpecification","valueRequired":true,"valueName":"search_term_string"}}],"inLanguage":"es"},{"@type":"Organization","@id":"https:\/\/www.salvemsabadia.com\/#organization","name":"Salvem Sa Badia de Portmany","url":"https:\/\/www.salvemsabadia.com\/","logo":{"@type":"ImageObject","inLanguage":"es","@id":"https:\/\/www.salvemsabadia.com\/#\/schema\/logo\/image\/","url":"https:\/\/www.salvemsabadia.com\/wp-content\/uploads\/2020\/03\/logo.png","contentUrl":"https:\/\/www.salvemsabadia.com\/wp-content\/uploads\/2020\/03\/logo.png","width":188,"height":151,"caption":"Salvem Sa Badia de Portmany"},"image":{"@id":"https:\/\/www.salvemsabadia.com\/#\/schema\/logo\/image\/"}},{"@type":"Person","@id":"https:\/\/www.salvemsabadia.com\/#\/schema\/person\/5d08c5118adcb4140d13bde4826ba122","name":"Salvem sa Badia","image":{"@type":"ImageObject","inLanguage":"es","@id":"https:\/\/www.salvemsabadia.com\/#\/schema\/person\/image\/","url":"https:\/\/secure.gravatar.com\/avatar\/d569ee5739a9c7022470ea472c9b4b9cf476e15f1be71e5242c911d673d14ad9?s=96&d=mm&r=g","contentUrl":"https:\/\/secure.gravatar.com\/avatar\/d569ee5739a9c7022470ea472c9b4b9cf476e15f1be71e5242c911d673d14ad9?s=96&d=mm&r=g","caption":"Salvem sa Badia"}}]}},"_links":{"self":[{"href":"https:\/\/www.salvemsabadia.com\/es\/wp-json\/wp\/v2\/posts\/5330","targetHints":{"allow":["GET"]}}],"collection":[{"href":"https:\/\/www.salvemsabadia.com\/es\/wp-json\/wp\/v2\/posts"}],"about":[{"href":"https:\/\/www.salvemsabadia.com\/es\/wp-json\/wp\/v2\/types\/post"}],"author":[{"embeddable":true,"href":"https:\/\/www.salvemsabadia.com\/es\/wp-json\/wp\/v2\/users\/2"}],"replies":[{"embeddable":true,"href":"https:\/\/www.salvemsabadia.com\/es\/wp-json\/wp\/v2\/comments?post=5330"}],"version-history":[{"count":0,"href":"https:\/\/www.salvemsabadia.com\/es\/wp-json\/wp\/v2\/posts\/5330\/revisions"}],"wp:featuredmedia":[{"embeddable":true,"href":"https:\/\/www.salvemsabadia.com\/es\/wp-json\/wp\/v2\/media\/5331"}],"wp:attachment":[{"href":"https:\/\/www.salvemsabadia.com\/es\/wp-json\/wp\/v2\/media?parent=5330"}],"wp:term":[{"taxonomy":"category","embeddable":true,"href":"https:\/\/www.salvemsabadia.com\/es\/wp-json\/wp\/v2\/categories?post=5330"},{"taxonomy":"post_tag","embeddable":true,"href":"https:\/\/www.salvemsabadia.com\/es\/wp-json\/wp\/v2\/tags?post=5330"}],"curies":[{"name":"wp","href":"https:\/\/api.w.org\/{rel}","templated":true}]}}