{"id":5340,"date":"2025-01-23T17:40:49","date_gmt":"2025-01-23T16:40:49","guid":{"rendered":"https:\/\/www.salvemsabadia.com\/?p=5340"},"modified":"2025-01-23T17:42:37","modified_gmt":"2025-01-23T16:42:37","slug":"vecinos-de-la-bahia-de-portmany-denuncian-nuevos-vertidos-de-aguas-fecales-en-la-orilla-de-cala-de-bou","status":"publish","type":"post","link":"https:\/\/www.salvemsabadia.com\/es\/vecinos-de-la-bahia-de-portmany-denuncian-nuevos-vertidos-de-aguas-fecales-en-la-orilla-de-cala-de-bou\/","title":{"rendered":"Vecinos de la bah\u00eda de Portmany denuncian nuevos vertidos de aguas fecales en la orilla de Cala de Bou"},"content":{"rendered":"<p><img loading=\"lazy\" decoding=\"async\" class=\"alignnone size-full wp-image-5341\" src=\"https:\/\/www.salvemsabadia.com\/wp-content\/uploads\/2025\/01\/vertido-1-rec.jpg\" alt=\"\" width=\"1400\" height=\"933\" srcset=\"https:\/\/www.salvemsabadia.com\/wp-content\/uploads\/2025\/01\/vertido-1-rec.jpg 1400w, https:\/\/www.salvemsabadia.com\/wp-content\/uploads\/2025\/01\/vertido-1-rec-300x200.jpg 300w, https:\/\/www.salvemsabadia.com\/wp-content\/uploads\/2025\/01\/vertido-1-rec-1024x682.jpg 1024w, https:\/\/www.salvemsabadia.com\/wp-content\/uploads\/2025\/01\/vertido-1-rec-768x512.jpg 768w, https:\/\/www.salvemsabadia.com\/wp-content\/uploads\/2025\/01\/vertido-1-rec-900x600.jpg 900w\" sizes=\"auto, (max-width: 1400px) 100vw, 1400px\" \/><\/p>\n<p>Varios vecinos de la bah\u00eda de Portmany han alertado a Salvem sa Badia de Portmany sobre la aparici\u00f3n de nuevos episodios de vertidos de aguas fecales en la zona sur de la bah\u00eda, a consecuencia del deficiente estado de la red de alcantarillado, que sufre constantes aver\u00edas, generando la contaminaci\u00f3n frecuente del medio marino y del litoral de la zona.<\/p>\n<p>Esta ma\u00f1ana, un vecino que paseaba por all\u00ed en bicicleta ha remitido a Salvem sa Badia una colecci\u00f3n de im\u00e1genes, informando de este nuevo episodio, con dos focos: uno en el tramo situado entre las orillas de es Pinet y Cal\u00f3 d\u2019en Serral, y otro a la altura del hotel Am\u00e0re, tambi\u00e9n pr\u00f3ximo a la zona anterior. La situaci\u00f3n vuelve a ser dantesca, con una sucesi\u00f3n de charcos de aguas sucias en ambos lugares y una pestilencia que afecta a toda la zona. Otros vecinos han indicado que la aver\u00eda ya lleva tiempo, incluso m\u00e1s de un mes, sin que de momento se le d\u00e9 soluci\u00f3n.<\/p>\n<p><img loading=\"lazy\" decoding=\"async\" class=\"alignnone size-full wp-image-5343\" src=\"https:\/\/www.salvemsabadia.com\/wp-content\/uploads\/2025\/01\/vertido-2-rec.jpg\" alt=\"\" width=\"1400\" height=\"933\" srcset=\"https:\/\/www.salvemsabadia.com\/wp-content\/uploads\/2025\/01\/vertido-2-rec.jpg 1400w, https:\/\/www.salvemsabadia.com\/wp-content\/uploads\/2025\/01\/vertido-2-rec-300x200.jpg 300w, https:\/\/www.salvemsabadia.com\/wp-content\/uploads\/2025\/01\/vertido-2-rec-1024x682.jpg 1024w, https:\/\/www.salvemsabadia.com\/wp-content\/uploads\/2025\/01\/vertido-2-rec-768x512.jpg 768w, https:\/\/www.salvemsabadia.com\/wp-content\/uploads\/2025\/01\/vertido-2-rec-900x600.jpg 900w\" sizes=\"auto, (max-width: 1400px) 100vw, 1400px\" \/>Salvem sa Badia ya alert\u00f3 de una aver\u00eda similar en el mismo tramo entre es Pinet y Cal\u00f3 d\u2019en Serral a primeros de septiembre pasado y, a pesar de ello, ambas playas segu\u00edan abiertas. Desde entonces, los episodios de vertidos se han seguido produciendo en m\u00e1s ocasiones y all\u00ed ha quedado un agujero que deja a la vista la red sanitaria, sin que se haya reparado el problema.<\/p>\n<p>Hay que recordar que esta infraestructura discurre en paralelo a la costa e impulsa el agua sucia procedente de los hoteles y viviendas de la zona hacia la depuradora de ses Pa\u00efsses. Dado el mal estado de las tuber\u00edas, \u00e9stas se atascan con frecuencia, generando riadas de heces en diferentes tramos y supurando en ocasiones por las tapas de alcantarilla que existen en todo el tramo. Lamentablemente, estos episodios de contaminaci\u00f3n son constantes en la bah\u00eda de Portmany y el pasado verano provocaron el cierre de varias playas.<\/p>\n<p><img loading=\"lazy\" decoding=\"async\" class=\"alignnone size-full wp-image-5345\" src=\"https:\/\/www.salvemsabadia.com\/wp-content\/uploads\/2025\/01\/vertido-3-rec.jpg\" alt=\"\" width=\"1400\" height=\"1400\" srcset=\"https:\/\/www.salvemsabadia.com\/wp-content\/uploads\/2025\/01\/vertido-3-rec.jpg 1400w, https:\/\/www.salvemsabadia.com\/wp-content\/uploads\/2025\/01\/vertido-3-rec-300x300.jpg 300w, https:\/\/www.salvemsabadia.com\/wp-content\/uploads\/2025\/01\/vertido-3-rec-1024x1024.jpg 1024w, https:\/\/www.salvemsabadia.com\/wp-content\/uploads\/2025\/01\/vertido-3-rec-150x150.jpg 150w, https:\/\/www.salvemsabadia.com\/wp-content\/uploads\/2025\/01\/vertido-3-rec-768x768.jpg 768w, https:\/\/www.salvemsabadia.com\/wp-content\/uploads\/2025\/01\/vertido-3-rec-100x100.jpg 100w, https:\/\/www.salvemsabadia.com\/wp-content\/uploads\/2025\/01\/vertido-3-rec-140x140.jpg 140w, https:\/\/www.salvemsabadia.com\/wp-content\/uploads\/2025\/01\/vertido-3-rec-500x500.jpg 500w, https:\/\/www.salvemsabadia.com\/wp-content\/uploads\/2025\/01\/vertido-3-rec-350x350.jpg 350w, https:\/\/www.salvemsabadia.com\/wp-content\/uploads\/2025\/01\/vertido-3-rec-1000x1000.jpg 1000w, https:\/\/www.salvemsabadia.com\/wp-content\/uploads\/2025\/01\/vertido-3-rec-800x800.jpg 800w\" sizes=\"auto, (max-width: 1400px) 100vw, 1400px\" \/><\/p>\n","protected":false},"excerpt":{"rendered":"<p>Varios vecinos de la bah\u00eda de Portmany han alertado a Salvem sa Badia de Portmany sobre la aparici\u00f3n de nuevos episodios de vertidos de aguas fecales en la zona sur&#8230;<\/p>\n","protected":false},"author":2,"featured_media":5341,"comment_status":"closed","ping_status":"closed","sticky":false,"template":"","format":"standard","meta":{"give_campaign_id":0,"footnotes":""},"categories":[203,106,212,10],"tags":[],"class_list":{"0":"post-5340","1":"post","2":"type-post","3":"status-publish","4":"format-standard","5":"has-post-thumbnail","7":"category-calidad-del-agua","8":"category-destacado","9":"category-playas","10":"category-salvem-sa-badia"},"yoast_head":"<!-- This site is optimized with the Yoast SEO plugin v26.8 - https:\/\/yoast.com\/product\/yoast-seo-wordpress\/ -->\n<title>Vecinos de la bah\u00eda de Portmany denuncian nuevos vertidos de aguas fecales en la orilla de Cala de Bou - Salvem Sa Badia de Portmany<\/title>\n<meta name=\"robots\" content=\"index, follow, max-snippet:-1, max-image-preview:large, max-video-preview:-1\" \/>\n<link rel=\"canonical\" href=\"https:\/\/www.salvemsabadia.com\/vesins-de-la-badia-de-portmany-denuncien-nous-abocaments-daigues-fecals-a-la-riba-de-cala-de-bou\/\" \/>\n<meta property=\"og:locale\" content=\"es_ES\" \/>\n<meta property=\"og:type\" content=\"article\" \/>\n<meta property=\"og:title\" content=\"Vecinos de la bah\u00eda de Portmany denuncian nuevos vertidos de aguas fecales en la orilla de Cala de Bou - Salvem Sa Badia de Portmany\" \/>\n<meta property=\"og:description\" content=\"Varios vecinos de la bah\u00eda de Portmany han alertado a Salvem sa Badia de Portmany sobre la aparici\u00f3n de nuevos episodios de vertidos de aguas fecales en la zona sur...\" \/>\n<meta property=\"og:url\" content=\"https:\/\/www.salvemsabadia.com\/vesins-de-la-badia-de-portmany-denuncien-nous-abocaments-daigues-fecals-a-la-riba-de-cala-de-bou\/\" \/>\n<meta property=\"og:site_name\" content=\"Salvem Sa Badia de Portmany\" \/>\n<meta property=\"article:published_time\" content=\"2025-01-23T16:40:49+00:00\" \/>\n<meta property=\"article:modified_time\" content=\"2025-01-23T16:42:37+00:00\" \/>\n<meta property=\"og:image\" content=\"https:\/\/www.salvemsabadia.com\/wp-content\/uploads\/2025\/01\/vertido-1-rec.jpg\" \/>\n\t<meta property=\"og:image:width\" content=\"1400\" \/>\n\t<meta property=\"og:image:height\" content=\"933\" \/>\n\t<meta property=\"og:image:type\" content=\"image\/jpeg\" \/>\n<meta name=\"author\" content=\"Salvem sa Badia\" \/>\n<meta name=\"twitter:card\" content=\"summary_large_image\" \/>\n<meta name=\"twitter:label1\" content=\"Escrito por\" \/>\n\t<meta name=\"twitter:data1\" content=\"Salvem sa Badia\" \/>\n\t<meta name=\"twitter:label2\" content=\"Tiempo de lectura\" \/>\n\t<meta name=\"twitter:data2\" content=\"3 minutos\" \/>\n<script type=\"application\/ld+json\" class=\"yoast-schema-graph\">{\"@context\":\"https:\/\/schema.org\",\"@graph\":[{\"@type\":\"Article\",\"@id\":\"https:\/\/www.salvemsabadia.com\/vesins-de-la-badia-de-portmany-denuncien-nous-abocaments-daigues-fecals-a-la-riba-de-cala-de-bou\/#article\",\"isPartOf\":{\"@id\":\"https:\/\/www.salvemsabadia.com\/vesins-de-la-badia-de-portmany-denuncien-nous-abocaments-daigues-fecals-a-la-riba-de-cala-de-bou\/\"},\"author\":{\"name\":\"Salvem sa Badia\",\"@id\":\"https:\/\/www.salvemsabadia.com\/#\/schema\/person\/5d08c5118adcb4140d13bde4826ba122\"},\"headline\":\"Vecinos de la bah\u00eda de Portmany denuncian nuevos vertidos de aguas fecales en la orilla de Cala de Bou\",\"datePublished\":\"2025-01-23T16:40:49+00:00\",\"dateModified\":\"2025-01-23T16:42:37+00:00\",\"mainEntityOfPage\":{\"@id\":\"https:\/\/www.salvemsabadia.com\/vesins-de-la-badia-de-portmany-denuncien-nous-abocaments-daigues-fecals-a-la-riba-de-cala-de-bou\/\"},\"wordCount\":367,\"publisher\":{\"@id\":\"https:\/\/www.salvemsabadia.com\/#organization\"},\"image\":{\"@id\":\"https:\/\/www.salvemsabadia.com\/vesins-de-la-badia-de-portmany-denuncien-nous-abocaments-daigues-fecals-a-la-riba-de-cala-de-bou\/#primaryimage\"},\"thumbnailUrl\":\"https:\/\/www.salvemsabadia.com\/wp-content\/uploads\/2025\/01\/vertido-1-rec.jpg\",\"articleSection\":[\"Calidad del agua\",\"Destacado\",\"Playas\",\"Salvem Sa Badia\"],\"inLanguage\":\"es\"},{\"@type\":\"WebPage\",\"@id\":\"https:\/\/www.salvemsabadia.com\/vesins-de-la-badia-de-portmany-denuncien-nous-abocaments-daigues-fecals-a-la-riba-de-cala-de-bou\/\",\"url\":\"https:\/\/www.salvemsabadia.com\/vesins-de-la-badia-de-portmany-denuncien-nous-abocaments-daigues-fecals-a-la-riba-de-cala-de-bou\/\",\"name\":\"Vecinos de la bah\u00eda de Portmany denuncian nuevos vertidos de aguas fecales en la orilla de Cala de Bou - Salvem Sa Badia de Portmany\",\"isPartOf\":{\"@id\":\"https:\/\/www.salvemsabadia.com\/#website\"},\"primaryImageOfPage\":{\"@id\":\"https:\/\/www.salvemsabadia.com\/vesins-de-la-badia-de-portmany-denuncien-nous-abocaments-daigues-fecals-a-la-riba-de-cala-de-bou\/#primaryimage\"},\"image\":{\"@id\":\"https:\/\/www.salvemsabadia.com\/vesins-de-la-badia-de-portmany-denuncien-nous-abocaments-daigues-fecals-a-la-riba-de-cala-de-bou\/#primaryimage\"},\"thumbnailUrl\":\"https:\/\/www.salvemsabadia.com\/wp-content\/uploads\/2025\/01\/vertido-1-rec.jpg\",\"datePublished\":\"2025-01-23T16:40:49+00:00\",\"dateModified\":\"2025-01-23T16:42:37+00:00\",\"breadcrumb\":{\"@id\":\"https:\/\/www.salvemsabadia.com\/vesins-de-la-badia-de-portmany-denuncien-nous-abocaments-daigues-fecals-a-la-riba-de-cala-de-bou\/#breadcrumb\"},\"inLanguage\":\"es\",\"potentialAction\":[{\"@type\":\"ReadAction\",\"target\":[\"https:\/\/www.salvemsabadia.com\/vesins-de-la-badia-de-portmany-denuncien-nous-abocaments-daigues-fecals-a-la-riba-de-cala-de-bou\/\"]}]},{\"@type\":\"ImageObject\",\"inLanguage\":\"es\",\"@id\":\"https:\/\/www.salvemsabadia.com\/vesins-de-la-badia-de-portmany-denuncien-nous-abocaments-daigues-fecals-a-la-riba-de-cala-de-bou\/#primaryimage\",\"url\":\"https:\/\/www.salvemsabadia.com\/wp-content\/uploads\/2025\/01\/vertido-1-rec.jpg\",\"contentUrl\":\"https:\/\/www.salvemsabadia.com\/wp-content\/uploads\/2025\/01\/vertido-1-rec.jpg\",\"width\":1400,\"height\":933},{\"@type\":\"BreadcrumbList\",\"@id\":\"https:\/\/www.salvemsabadia.com\/vesins-de-la-badia-de-portmany-denuncien-nous-abocaments-daigues-fecals-a-la-riba-de-cala-de-bou\/#breadcrumb\",\"itemListElement\":[{\"@type\":\"ListItem\",\"position\":1,\"name\":\"Portada\",\"item\":\"https:\/\/www.salvemsabadia.com\/es\/\"},{\"@type\":\"ListItem\",\"position\":2,\"name\":\"Vecinos de la bah\u00eda de Portmany denuncian nuevos vertidos de aguas fecales en la orilla de Cala de Bou\"}]},{\"@type\":\"WebSite\",\"@id\":\"https:\/\/www.salvemsabadia.com\/#website\",\"url\":\"https:\/\/www.salvemsabadia.com\/\",\"name\":\"Salvem Sa Badia de Portmany\",\"description\":\"\",\"publisher\":{\"@id\":\"https:\/\/www.salvemsabadia.com\/#organization\"},\"potentialAction\":[{\"@type\":\"SearchAction\",\"target\":{\"@type\":\"EntryPoint\",\"urlTemplate\":\"https:\/\/www.salvemsabadia.com\/?s={search_term_string}\"},\"query-input\":{\"@type\":\"PropertyValueSpecification\",\"valueRequired\":true,\"valueName\":\"search_term_string\"}}],\"inLanguage\":\"es\"},{\"@type\":\"Organization\",\"@id\":\"https:\/\/www.salvemsabadia.com\/#organization\",\"name\":\"Salvem Sa Badia de Portmany\",\"url\":\"https:\/\/www.salvemsabadia.com\/\",\"logo\":{\"@type\":\"ImageObject\",\"inLanguage\":\"es\",\"@id\":\"https:\/\/www.salvemsabadia.com\/#\/schema\/logo\/image\/\",\"url\":\"https:\/\/www.salvemsabadia.com\/wp-content\/uploads\/2020\/03\/logo.png\",\"contentUrl\":\"https:\/\/www.salvemsabadia.com\/wp-content\/uploads\/2020\/03\/logo.png\",\"width\":188,\"height\":151,\"caption\":\"Salvem Sa Badia de Portmany\"},\"image\":{\"@id\":\"https:\/\/www.salvemsabadia.com\/#\/schema\/logo\/image\/\"}},{\"@type\":\"Person\",\"@id\":\"https:\/\/www.salvemsabadia.com\/#\/schema\/person\/5d08c5118adcb4140d13bde4826ba122\",\"name\":\"Salvem sa Badia\",\"image\":{\"@type\":\"ImageObject\",\"inLanguage\":\"es\",\"@id\":\"https:\/\/www.salvemsabadia.com\/#\/schema\/person\/image\/\",\"url\":\"https:\/\/secure.gravatar.com\/avatar\/d569ee5739a9c7022470ea472c9b4b9cf476e15f1be71e5242c911d673d14ad9?s=96&d=mm&r=g\",\"contentUrl\":\"https:\/\/secure.gravatar.com\/avatar\/d569ee5739a9c7022470ea472c9b4b9cf476e15f1be71e5242c911d673d14ad9?s=96&d=mm&r=g\",\"caption\":\"Salvem sa Badia\"}}]}<\/script>\n<!-- \/ Yoast SEO plugin. -->","yoast_head_json":{"title":"Vecinos de la bah\u00eda de Portmany denuncian nuevos vertidos de aguas fecales en la orilla de Cala de Bou - Salvem Sa Badia de Portmany","robots":{"index":"index","follow":"follow","max-snippet":"max-snippet:-1","max-image-preview":"max-image-preview:large","max-video-preview":"max-video-preview:-1"},"canonical":"https:\/\/www.salvemsabadia.com\/vesins-de-la-badia-de-portmany-denuncien-nous-abocaments-daigues-fecals-a-la-riba-de-cala-de-bou\/","og_locale":"es_ES","og_type":"article","og_title":"Vecinos de la bah\u00eda de Portmany denuncian nuevos vertidos de aguas fecales en la orilla de Cala de Bou - Salvem Sa Badia de Portmany","og_description":"Varios vecinos de la bah\u00eda de Portmany han alertado a Salvem sa Badia de Portmany sobre la aparici\u00f3n de nuevos episodios de vertidos de aguas fecales en la zona sur...","og_url":"https:\/\/www.salvemsabadia.com\/vesins-de-la-badia-de-portmany-denuncien-nous-abocaments-daigues-fecals-a-la-riba-de-cala-de-bou\/","og_site_name":"Salvem Sa Badia de Portmany","article_published_time":"2025-01-23T16:40:49+00:00","article_modified_time":"2025-01-23T16:42:37+00:00","og_image":[{"width":1400,"height":933,"url":"https:\/\/www.salvemsabadia.com\/wp-content\/uploads\/2025\/01\/vertido-1-rec.jpg","type":"image\/jpeg"}],"author":"Salvem sa Badia","twitter_card":"summary_large_image","twitter_misc":{"Escrito por":"Salvem sa Badia","Tiempo de lectura":"3 minutos"},"schema":{"@context":"https:\/\/schema.org","@graph":[{"@type":"Article","@id":"https:\/\/www.salvemsabadia.com\/vesins-de-la-badia-de-portmany-denuncien-nous-abocaments-daigues-fecals-a-la-riba-de-cala-de-bou\/#article","isPartOf":{"@id":"https:\/\/www.salvemsabadia.com\/vesins-de-la-badia-de-portmany-denuncien-nous-abocaments-daigues-fecals-a-la-riba-de-cala-de-bou\/"},"author":{"name":"Salvem sa Badia","@id":"https:\/\/www.salvemsabadia.com\/#\/schema\/person\/5d08c5118adcb4140d13bde4826ba122"},"headline":"Vecinos de la bah\u00eda de Portmany denuncian nuevos vertidos de aguas fecales en la orilla de Cala de Bou","datePublished":"2025-01-23T16:40:49+00:00","dateModified":"2025-01-23T16:42:37+00:00","mainEntityOfPage":{"@id":"https:\/\/www.salvemsabadia.com\/vesins-de-la-badia-de-portmany-denuncien-nous-abocaments-daigues-fecals-a-la-riba-de-cala-de-bou\/"},"wordCount":367,"publisher":{"@id":"https:\/\/www.salvemsabadia.com\/#organization"},"image":{"@id":"https:\/\/www.salvemsabadia.com\/vesins-de-la-badia-de-portmany-denuncien-nous-abocaments-daigues-fecals-a-la-riba-de-cala-de-bou\/#primaryimage"},"thumbnailUrl":"https:\/\/www.salvemsabadia.com\/wp-content\/uploads\/2025\/01\/vertido-1-rec.jpg","articleSection":["Calidad del agua","Destacado","Playas","Salvem Sa Badia"],"inLanguage":"es"},{"@type":"WebPage","@id":"https:\/\/www.salvemsabadia.com\/vesins-de-la-badia-de-portmany-denuncien-nous-abocaments-daigues-fecals-a-la-riba-de-cala-de-bou\/","url":"https:\/\/www.salvemsabadia.com\/vesins-de-la-badia-de-portmany-denuncien-nous-abocaments-daigues-fecals-a-la-riba-de-cala-de-bou\/","name":"Vecinos de la bah\u00eda de Portmany denuncian nuevos vertidos de aguas fecales en la orilla de Cala de Bou - Salvem Sa Badia de Portmany","isPartOf":{"@id":"https:\/\/www.salvemsabadia.com\/#website"},"primaryImageOfPage":{"@id":"https:\/\/www.salvemsabadia.com\/vesins-de-la-badia-de-portmany-denuncien-nous-abocaments-daigues-fecals-a-la-riba-de-cala-de-bou\/#primaryimage"},"image":{"@id":"https:\/\/www.salvemsabadia.com\/vesins-de-la-badia-de-portmany-denuncien-nous-abocaments-daigues-fecals-a-la-riba-de-cala-de-bou\/#primaryimage"},"thumbnailUrl":"https:\/\/www.salvemsabadia.com\/wp-content\/uploads\/2025\/01\/vertido-1-rec.jpg","datePublished":"2025-01-23T16:40:49+00:00","dateModified":"2025-01-23T16:42:37+00:00","breadcrumb":{"@id":"https:\/\/www.salvemsabadia.com\/vesins-de-la-badia-de-portmany-denuncien-nous-abocaments-daigues-fecals-a-la-riba-de-cala-de-bou\/#breadcrumb"},"inLanguage":"es","potentialAction":[{"@type":"ReadAction","target":["https:\/\/www.salvemsabadia.com\/vesins-de-la-badia-de-portmany-denuncien-nous-abocaments-daigues-fecals-a-la-riba-de-cala-de-bou\/"]}]},{"@type":"ImageObject","inLanguage":"es","@id":"https:\/\/www.salvemsabadia.com\/vesins-de-la-badia-de-portmany-denuncien-nous-abocaments-daigues-fecals-a-la-riba-de-cala-de-bou\/#primaryimage","url":"https:\/\/www.salvemsabadia.com\/wp-content\/uploads\/2025\/01\/vertido-1-rec.jpg","contentUrl":"https:\/\/www.salvemsabadia.com\/wp-content\/uploads\/2025\/01\/vertido-1-rec.jpg","width":1400,"height":933},{"@type":"BreadcrumbList","@id":"https:\/\/www.salvemsabadia.com\/vesins-de-la-badia-de-portmany-denuncien-nous-abocaments-daigues-fecals-a-la-riba-de-cala-de-bou\/#breadcrumb","itemListElement":[{"@type":"ListItem","position":1,"name":"Portada","item":"https:\/\/www.salvemsabadia.com\/es\/"},{"@type":"ListItem","position":2,"name":"Vecinos de la bah\u00eda de Portmany denuncian nuevos vertidos de aguas fecales en la orilla de Cala de Bou"}]},{"@type":"WebSite","@id":"https:\/\/www.salvemsabadia.com\/#website","url":"https:\/\/www.salvemsabadia.com\/","name":"Salvem Sa Badia de Portmany","description":"","publisher":{"@id":"https:\/\/www.salvemsabadia.com\/#organization"},"potentialAction":[{"@type":"SearchAction","target":{"@type":"EntryPoint","urlTemplate":"https:\/\/www.salvemsabadia.com\/?s={search_term_string}"},"query-input":{"@type":"PropertyValueSpecification","valueRequired":true,"valueName":"search_term_string"}}],"inLanguage":"es"},{"@type":"Organization","@id":"https:\/\/www.salvemsabadia.com\/#organization","name":"Salvem Sa Badia de Portmany","url":"https:\/\/www.salvemsabadia.com\/","logo":{"@type":"ImageObject","inLanguage":"es","@id":"https:\/\/www.salvemsabadia.com\/#\/schema\/logo\/image\/","url":"https:\/\/www.salvemsabadia.com\/wp-content\/uploads\/2020\/03\/logo.png","contentUrl":"https:\/\/www.salvemsabadia.com\/wp-content\/uploads\/2020\/03\/logo.png","width":188,"height":151,"caption":"Salvem Sa Badia de Portmany"},"image":{"@id":"https:\/\/www.salvemsabadia.com\/#\/schema\/logo\/image\/"}},{"@type":"Person","@id":"https:\/\/www.salvemsabadia.com\/#\/schema\/person\/5d08c5118adcb4140d13bde4826ba122","name":"Salvem sa Badia","image":{"@type":"ImageObject","inLanguage":"es","@id":"https:\/\/www.salvemsabadia.com\/#\/schema\/person\/image\/","url":"https:\/\/secure.gravatar.com\/avatar\/d569ee5739a9c7022470ea472c9b4b9cf476e15f1be71e5242c911d673d14ad9?s=96&d=mm&r=g","contentUrl":"https:\/\/secure.gravatar.com\/avatar\/d569ee5739a9c7022470ea472c9b4b9cf476e15f1be71e5242c911d673d14ad9?s=96&d=mm&r=g","caption":"Salvem sa Badia"}}]}},"_links":{"self":[{"href":"https:\/\/www.salvemsabadia.com\/es\/wp-json\/wp\/v2\/posts\/5340","targetHints":{"allow":["GET"]}}],"collection":[{"href":"https:\/\/www.salvemsabadia.com\/es\/wp-json\/wp\/v2\/posts"}],"about":[{"href":"https:\/\/www.salvemsabadia.com\/es\/wp-json\/wp\/v2\/types\/post"}],"author":[{"embeddable":true,"href":"https:\/\/www.salvemsabadia.com\/es\/wp-json\/wp\/v2\/users\/2"}],"replies":[{"embeddable":true,"href":"https:\/\/www.salvemsabadia.com\/es\/wp-json\/wp\/v2\/comments?post=5340"}],"version-history":[{"count":0,"href":"https:\/\/www.salvemsabadia.com\/es\/wp-json\/wp\/v2\/posts\/5340\/revisions"}],"wp:featuredmedia":[{"embeddable":true,"href":"https:\/\/www.salvemsabadia.com\/es\/wp-json\/wp\/v2\/media\/5341"}],"wp:attachment":[{"href":"https:\/\/www.salvemsabadia.com\/es\/wp-json\/wp\/v2\/media?parent=5340"}],"wp:term":[{"taxonomy":"category","embeddable":true,"href":"https:\/\/www.salvemsabadia.com\/es\/wp-json\/wp\/v2\/categories?post=5340"},{"taxonomy":"post_tag","embeddable":true,"href":"https:\/\/www.salvemsabadia.com\/es\/wp-json\/wp\/v2\/tags?post=5340"}],"curies":[{"name":"wp","href":"https:\/\/api.w.org\/{rel}","templated":true}]}}