{"id":5355,"date":"2025-01-30T09:08:48","date_gmt":"2025-01-30T08:08:48","guid":{"rendered":"https:\/\/www.salvemsabadia.com\/?p=5355"},"modified":"2025-01-30T09:12:34","modified_gmt":"2025-01-30T08:12:34","slug":"salvem-sa-badia-solicita-al-govern-balear-mas-vigilancia-para-el-fondeo-del-charter-nautico-y-cursos-ambientales-obligatorios-para-patrones-entre-una-larga-bateria-de-medidas","status":"publish","type":"post","link":"https:\/\/www.salvemsabadia.com\/es\/salvem-sa-badia-solicita-al-govern-balear-mas-vigilancia-para-el-fondeo-del-charter-nautico-y-cursos-ambientales-obligatorios-para-patrones-entre-una-larga-bateria-de-medidas\/","title":{"rendered":"Salvem sa Badia solicita al Govern balear m\u00e1s vigilancia para el fondeo del ch\u00e1rter n\u00e1utico y cursos ambientales obligatorios para patrones, entre una larga bater\u00eda de medidas"},"content":{"rendered":"<p><img loading=\"lazy\" decoding=\"async\" class=\"alignnone size-full wp-image-5356\" src=\"https:\/\/www.salvemsabadia.com\/wp-content\/uploads\/2025\/01\/coves-blanquesok-min-rec.jpg\" alt=\"\" width=\"1400\" height=\"933\" srcset=\"https:\/\/www.salvemsabadia.com\/wp-content\/uploads\/2025\/01\/coves-blanquesok-min-rec.jpg 1400w, https:\/\/www.salvemsabadia.com\/wp-content\/uploads\/2025\/01\/coves-blanquesok-min-rec-300x200.jpg 300w, https:\/\/www.salvemsabadia.com\/wp-content\/uploads\/2025\/01\/coves-blanquesok-min-rec-1024x682.jpg 1024w, https:\/\/www.salvemsabadia.com\/wp-content\/uploads\/2025\/01\/coves-blanquesok-min-rec-768x512.jpg 768w, https:\/\/www.salvemsabadia.com\/wp-content\/uploads\/2025\/01\/coves-blanquesok-min-rec-900x600.jpg 900w\" sizes=\"auto, (max-width: 1400px) 100vw, 1400px\" \/>Una de las grandes problem\u00e1ticas relacionadas con la conservaci\u00f3n del medio ambiente marino est\u00e1 relacionada con el fondeo masivo de embarcaciones en nuestro litoral y c\u00f3mo esta pr\u00e1ctica acaba degradando a gran velocidad paisajes submarinos tan esenciales como las praderas de posidonia. Aun as\u00ed, el Decreto 21\/2017, que la Conselleria del Mar y del Ciclo del Agua del Govern Balear tiene previsto modificar, no hace referencia en ning\u00fan apartado a la protecci\u00f3n del medio ambiente.<\/p>\n<p>Por esta y otras razones, la Asociaci\u00f3n Salvem sa Badia de Portmany ha presentado, dentro del plazo establecido y siguiendo los cauces indicados, una bater\u00eda de aportaciones, con el objetivo de que esta actividad se desarrolle de una forma m\u00e1s sostenible. Entre ellas se incluyen propuestas espec\u00edficas de vigilancia de fondeos en la bah\u00eda de Portmany, formaci\u00f3n ambiental obligatoria para los patrones del ch\u00e1rter n\u00e1utico, etc\u00e9tera.<\/p>\n<p>Uno de los objetivos que subraya Salvem sa Badia es la necesidad de llevar a cabo un control m\u00e1s efectivo de las infracciones. En este sentido, se suma a las peticiones hechas por otras entidades y reclama, para el caso particular de la bah\u00eda de Portmany, la presencia de dos inspectores fijos, que se encarguen de supervisar la validez de permisos, las autorizaciones de fondeos, los embarques y desembarques de personas, la gesti\u00f3n de residuos y aguas grises, y otros requisitos detallados en el decreto. Tambi\u00e9n se pide la puesta en funcionamiento de un n\u00famero de WhatsApp a trav\u00e9s del que los ciudadanos puedan notificar infracciones en cualquier momento.<\/p>\n<p>En relaci\u00f3n al procedimiento, y dadas las numerosas infracciones que ocurren a diario en el mar, son necesarias otras medidas de informaci\u00f3n y prevenci\u00f3n. Entre ellas, la obligatoriedad de que los patrones de las empresas de alquiler se sometan a un curso de buenas pr\u00e1cticas ambientales y de navegaci\u00f3n, que se repita en cada renovaci\u00f3n del permiso de actividad.<\/p>\n<p>Asimismo, durante la tramitaci\u00f3n de los permisos la autoridad deber\u00e1 informar con detalle a las empresas sobre las restricciones de actividad en los espacios mar\u00edtimos protegidos y de la Red Natura 2000, as\u00ed como sobre las sanciones aplicables en caso de transgresiones. Cabe recordar que est\u00e1 prohibido desembarcar en los islotes y que es imprescindible limitar la contaminaci\u00f3n ac\u00fastica y mantener cierta distancia con respecto a ellos, muy especialmente en el caso de embarcaciones a motor y\/o equipadas con motos de agua. Por ejemplo, hay numerosas zonas del entorno de la bah\u00eda de Portmany donde la cr\u00eda de determinadas especies est\u00e1 amenazada (el islote de Cala Salada o ses Margalides, entre otros).<\/p>\n<p>Respecto a las cuestiones relacionadas con la habilitaci\u00f3n y los requisitos para el ejercicio de la actividad, Salvem sa Badia considera que, en caso de otorgarse un n\u00famero limitado de permisos de actividad, debe integrarse una cl\u00e1usula de prioridad que favorezca a las empresas con embarcaciones que no emitan CO2.<\/p>\n<p>Adem\u00e1s, cada embarcaci\u00f3n deber\u00eda disponer de un amarre en un puerto balear por el periodo de actividad solicitado, donde tenga lugar el embarque y desembarque de pasajeros, vaciado de aguas grises, gesti\u00f3n de residuos, aprovisionamiento, limpieza, etc\u00e9tera. En caso contrario, se tendr\u00eda que disponer de autorizaci\u00f3n para acceder al mar por una rampa habilitada y acreditaci\u00f3n de amarre legal, para evitar un excesivo tr\u00e1nsito en los embarcaderos de las golondrinas que se dedican al tr\u00e1fico regular de pasajeros.<\/p>\n<p>Por \u00faltimo, en relaci\u00f3n a la digitalizaci\u00f3n y la agilizaci\u00f3n de los tr\u00e1mites, se pide que el archivo \u201cDeclaraciones responsables\u201d, que es de car\u00e1cter p\u00fablico y accesible desde la web de la Comunidad Aut\u00f3noma de les Illes Balears, se reorganice por \u2018Nombre del titular\u2019, para poder facilitar los controles de embarcaciones ch\u00e1rter registradas. A fecha 27 de enero de 2025 figuraban 3.439 declaraciones responsables en 150 p\u00e1ginas, por orden de fecha de renovaci\u00f3n, complicando cualquier consulta por nombre.<\/p>\n","protected":false},"excerpt":{"rendered":"<p>Una de las grandes problem\u00e1ticas relacionadas con la conservaci\u00f3n del medio ambiente marino est\u00e1 relacionada con el fondeo masivo de embarcaciones en nuestro litoral y c\u00f3mo esta pr\u00e1ctica acaba degradando&#8230;<\/p>\n","protected":false},"author":2,"featured_media":5356,"comment_status":"closed","ping_status":"closed","sticky":false,"template":"","format":"standard","meta":{"give_campaign_id":0,"footnotes":""},"categories":[201,203,106,208,10,215],"tags":[],"class_list":{"0":"post-5355","1":"post","2":"type-post","3":"status-publish","4":"format-standard","5":"has-post-thumbnail","7":"category-biodiversidad","8":"category-calidad-del-agua","9":"category-destacado","10":"category-fondeo-irregular","11":"category-salvem-sa-badia","12":"category-turismo"},"yoast_head":"<!-- This site is optimized with the Yoast SEO plugin v26.8 - https:\/\/yoast.com\/product\/yoast-seo-wordpress\/ -->\n<title>Salvem sa Badia solicita al Govern balear m\u00e1s vigilancia para el fondeo del ch\u00e1rter n\u00e1utico y cursos ambientales obligatorios para patrones, entre una larga bater\u00eda de medidas - Salvem Sa Badia de Portmany<\/title>\n<meta name=\"robots\" content=\"index, follow, max-snippet:-1, max-image-preview:large, max-video-preview:-1\" \/>\n<link rel=\"canonical\" href=\"https:\/\/www.salvemsabadia.com\/salvem-sa-badia-sollicita-al-govern-balear-mes-vigilancia-al-fondeig-del-xarter-nautic-i-cursos-ambientals-obligatoris-per-a-patrons-entre-una-llarga-bateria-de-mesures\/\" \/>\n<meta property=\"og:locale\" content=\"es_ES\" \/>\n<meta property=\"og:type\" content=\"article\" \/>\n<meta property=\"og:title\" content=\"Salvem sa Badia solicita al Govern balear m\u00e1s vigilancia para el fondeo del ch\u00e1rter n\u00e1utico y cursos ambientales obligatorios para patrones, entre una larga bater\u00eda de medidas - Salvem Sa Badia de Portmany\" \/>\n<meta property=\"og:description\" content=\"Una de las grandes problem\u00e1ticas relacionadas con la conservaci\u00f3n del medio ambiente marino est\u00e1 relacionada con el fondeo masivo de embarcaciones en nuestro litoral y c\u00f3mo esta pr\u00e1ctica acaba degradando...\" \/>\n<meta property=\"og:url\" content=\"https:\/\/www.salvemsabadia.com\/salvem-sa-badia-sollicita-al-govern-balear-mes-vigilancia-al-fondeig-del-xarter-nautic-i-cursos-ambientals-obligatoris-per-a-patrons-entre-una-llarga-bateria-de-mesures\/\" \/>\n<meta property=\"og:site_name\" content=\"Salvem Sa Badia de Portmany\" \/>\n<meta property=\"article:published_time\" content=\"2025-01-30T08:08:48+00:00\" \/>\n<meta property=\"article:modified_time\" content=\"2025-01-30T08:12:34+00:00\" \/>\n<meta property=\"og:image\" content=\"https:\/\/www.salvemsabadia.com\/wp-content\/uploads\/2025\/01\/coves-blanquesok-min-rec.jpg\" \/>\n\t<meta property=\"og:image:width\" content=\"1400\" \/>\n\t<meta property=\"og:image:height\" content=\"933\" \/>\n\t<meta property=\"og:image:type\" content=\"image\/jpeg\" \/>\n<meta name=\"author\" content=\"Salvem sa Badia\" \/>\n<meta name=\"twitter:card\" content=\"summary_large_image\" \/>\n<meta name=\"twitter:label1\" content=\"Escrito por\" \/>\n\t<meta name=\"twitter:data1\" content=\"Salvem sa Badia\" \/>\n\t<meta name=\"twitter:label2\" content=\"Tiempo de lectura\" \/>\n\t<meta name=\"twitter:data2\" content=\"3 minutos\" \/>\n<script type=\"application\/ld+json\" class=\"yoast-schema-graph\">{\"@context\":\"https:\/\/schema.org\",\"@graph\":[{\"@type\":\"Article\",\"@id\":\"https:\/\/www.salvemsabadia.com\/salvem-sa-badia-sollicita-al-govern-balear-mes-vigilancia-al-fondeig-del-xarter-nautic-i-cursos-ambientals-obligatoris-per-a-patrons-entre-una-llarga-bateria-de-mesures\/#article\",\"isPartOf\":{\"@id\":\"https:\/\/www.salvemsabadia.com\/salvem-sa-badia-sollicita-al-govern-balear-mes-vigilancia-al-fondeig-del-xarter-nautic-i-cursos-ambientals-obligatoris-per-a-patrons-entre-una-llarga-bateria-de-mesures\/\"},\"author\":{\"name\":\"Salvem sa Badia\",\"@id\":\"https:\/\/www.salvemsabadia.com\/#\/schema\/person\/5d08c5118adcb4140d13bde4826ba122\"},\"headline\":\"Salvem sa Badia solicita al Govern balear m\u00e1s vigilancia para el fondeo del ch\u00e1rter n\u00e1utico y cursos ambientales obligatorios para patrones, entre una larga bater\u00eda de medidas\",\"datePublished\":\"2025-01-30T08:08:48+00:00\",\"dateModified\":\"2025-01-30T08:12:34+00:00\",\"mainEntityOfPage\":{\"@id\":\"https:\/\/www.salvemsabadia.com\/salvem-sa-badia-sollicita-al-govern-balear-mes-vigilancia-al-fondeig-del-xarter-nautic-i-cursos-ambientals-obligatoris-per-a-patrons-entre-una-llarga-bateria-de-mesures\/\"},\"wordCount\":709,\"publisher\":{\"@id\":\"https:\/\/www.salvemsabadia.com\/#organization\"},\"image\":{\"@id\":\"https:\/\/www.salvemsabadia.com\/salvem-sa-badia-sollicita-al-govern-balear-mes-vigilancia-al-fondeig-del-xarter-nautic-i-cursos-ambientals-obligatoris-per-a-patrons-entre-una-llarga-bateria-de-mesures\/#primaryimage\"},\"thumbnailUrl\":\"https:\/\/www.salvemsabadia.com\/wp-content\/uploads\/2025\/01\/coves-blanquesok-min-rec.jpg\",\"articleSection\":[\"Biodiversidad\",\"Calidad del agua\",\"Destacado\",\"Fondeo irregular\",\"Salvem Sa Badia\",\"Turismo\"],\"inLanguage\":\"es\"},{\"@type\":\"WebPage\",\"@id\":\"https:\/\/www.salvemsabadia.com\/salvem-sa-badia-sollicita-al-govern-balear-mes-vigilancia-al-fondeig-del-xarter-nautic-i-cursos-ambientals-obligatoris-per-a-patrons-entre-una-llarga-bateria-de-mesures\/\",\"url\":\"https:\/\/www.salvemsabadia.com\/salvem-sa-badia-sollicita-al-govern-balear-mes-vigilancia-al-fondeig-del-xarter-nautic-i-cursos-ambientals-obligatoris-per-a-patrons-entre-una-llarga-bateria-de-mesures\/\",\"name\":\"Salvem sa Badia solicita al Govern balear m\u00e1s vigilancia para el fondeo del ch\u00e1rter n\u00e1utico y cursos ambientales obligatorios para patrones, entre una larga bater\u00eda de medidas - Salvem Sa Badia de Portmany\",\"isPartOf\":{\"@id\":\"https:\/\/www.salvemsabadia.com\/#website\"},\"primaryImageOfPage\":{\"@id\":\"https:\/\/www.salvemsabadia.com\/salvem-sa-badia-sollicita-al-govern-balear-mes-vigilancia-al-fondeig-del-xarter-nautic-i-cursos-ambientals-obligatoris-per-a-patrons-entre-una-llarga-bateria-de-mesures\/#primaryimage\"},\"image\":{\"@id\":\"https:\/\/www.salvemsabadia.com\/salvem-sa-badia-sollicita-al-govern-balear-mes-vigilancia-al-fondeig-del-xarter-nautic-i-cursos-ambientals-obligatoris-per-a-patrons-entre-una-llarga-bateria-de-mesures\/#primaryimage\"},\"thumbnailUrl\":\"https:\/\/www.salvemsabadia.com\/wp-content\/uploads\/2025\/01\/coves-blanquesok-min-rec.jpg\",\"datePublished\":\"2025-01-30T08:08:48+00:00\",\"dateModified\":\"2025-01-30T08:12:34+00:00\",\"breadcrumb\":{\"@id\":\"https:\/\/www.salvemsabadia.com\/salvem-sa-badia-sollicita-al-govern-balear-mes-vigilancia-al-fondeig-del-xarter-nautic-i-cursos-ambientals-obligatoris-per-a-patrons-entre-una-llarga-bateria-de-mesures\/#breadcrumb\"},\"inLanguage\":\"es\",\"potentialAction\":[{\"@type\":\"ReadAction\",\"target\":[\"https:\/\/www.salvemsabadia.com\/salvem-sa-badia-sollicita-al-govern-balear-mes-vigilancia-al-fondeig-del-xarter-nautic-i-cursos-ambientals-obligatoris-per-a-patrons-entre-una-llarga-bateria-de-mesures\/\"]}]},{\"@type\":\"ImageObject\",\"inLanguage\":\"es\",\"@id\":\"https:\/\/www.salvemsabadia.com\/salvem-sa-badia-sollicita-al-govern-balear-mes-vigilancia-al-fondeig-del-xarter-nautic-i-cursos-ambientals-obligatoris-per-a-patrons-entre-una-llarga-bateria-de-mesures\/#primaryimage\",\"url\":\"https:\/\/www.salvemsabadia.com\/wp-content\/uploads\/2025\/01\/coves-blanquesok-min-rec.jpg\",\"contentUrl\":\"https:\/\/www.salvemsabadia.com\/wp-content\/uploads\/2025\/01\/coves-blanquesok-min-rec.jpg\",\"width\":1400,\"height\":933},{\"@type\":\"BreadcrumbList\",\"@id\":\"https:\/\/www.salvemsabadia.com\/salvem-sa-badia-sollicita-al-govern-balear-mes-vigilancia-al-fondeig-del-xarter-nautic-i-cursos-ambientals-obligatoris-per-a-patrons-entre-una-llarga-bateria-de-mesures\/#breadcrumb\",\"itemListElement\":[{\"@type\":\"ListItem\",\"position\":1,\"name\":\"Portada\",\"item\":\"https:\/\/www.salvemsabadia.com\/es\/\"},{\"@type\":\"ListItem\",\"position\":2,\"name\":\"Salvem sa Badia solicita al Govern balear m\u00e1s vigilancia para el fondeo del ch\u00e1rter n\u00e1utico y cursos ambientales obligatorios para patrones, entre una larga bater\u00eda de medidas\"}]},{\"@type\":\"WebSite\",\"@id\":\"https:\/\/www.salvemsabadia.com\/#website\",\"url\":\"https:\/\/www.salvemsabadia.com\/\",\"name\":\"Salvem Sa Badia de Portmany\",\"description\":\"\",\"publisher\":{\"@id\":\"https:\/\/www.salvemsabadia.com\/#organization\"},\"potentialAction\":[{\"@type\":\"SearchAction\",\"target\":{\"@type\":\"EntryPoint\",\"urlTemplate\":\"https:\/\/www.salvemsabadia.com\/?s={search_term_string}\"},\"query-input\":{\"@type\":\"PropertyValueSpecification\",\"valueRequired\":true,\"valueName\":\"search_term_string\"}}],\"inLanguage\":\"es\"},{\"@type\":\"Organization\",\"@id\":\"https:\/\/www.salvemsabadia.com\/#organization\",\"name\":\"Salvem Sa Badia de Portmany\",\"url\":\"https:\/\/www.salvemsabadia.com\/\",\"logo\":{\"@type\":\"ImageObject\",\"inLanguage\":\"es\",\"@id\":\"https:\/\/www.salvemsabadia.com\/#\/schema\/logo\/image\/\",\"url\":\"https:\/\/www.salvemsabadia.com\/wp-content\/uploads\/2020\/03\/logo.png\",\"contentUrl\":\"https:\/\/www.salvemsabadia.com\/wp-content\/uploads\/2020\/03\/logo.png\",\"width\":188,\"height\":151,\"caption\":\"Salvem Sa Badia de Portmany\"},\"image\":{\"@id\":\"https:\/\/www.salvemsabadia.com\/#\/schema\/logo\/image\/\"}},{\"@type\":\"Person\",\"@id\":\"https:\/\/www.salvemsabadia.com\/#\/schema\/person\/5d08c5118adcb4140d13bde4826ba122\",\"name\":\"Salvem sa Badia\",\"image\":{\"@type\":\"ImageObject\",\"inLanguage\":\"es\",\"@id\":\"https:\/\/www.salvemsabadia.com\/#\/schema\/person\/image\/\",\"url\":\"https:\/\/secure.gravatar.com\/avatar\/d569ee5739a9c7022470ea472c9b4b9cf476e15f1be71e5242c911d673d14ad9?s=96&d=mm&r=g\",\"contentUrl\":\"https:\/\/secure.gravatar.com\/avatar\/d569ee5739a9c7022470ea472c9b4b9cf476e15f1be71e5242c911d673d14ad9?s=96&d=mm&r=g\",\"caption\":\"Salvem sa Badia\"}}]}<\/script>\n<!-- \/ Yoast SEO plugin. -->","yoast_head_json":{"title":"Salvem sa Badia solicita al Govern balear m\u00e1s vigilancia para el fondeo del ch\u00e1rter n\u00e1utico y cursos ambientales obligatorios para patrones, entre una larga bater\u00eda de medidas - Salvem Sa Badia de Portmany","robots":{"index":"index","follow":"follow","max-snippet":"max-snippet:-1","max-image-preview":"max-image-preview:large","max-video-preview":"max-video-preview:-1"},"canonical":"https:\/\/www.salvemsabadia.com\/salvem-sa-badia-sollicita-al-govern-balear-mes-vigilancia-al-fondeig-del-xarter-nautic-i-cursos-ambientals-obligatoris-per-a-patrons-entre-una-llarga-bateria-de-mesures\/","og_locale":"es_ES","og_type":"article","og_title":"Salvem sa Badia solicita al Govern balear m\u00e1s vigilancia para el fondeo del ch\u00e1rter n\u00e1utico y cursos ambientales obligatorios para patrones, entre una larga bater\u00eda de medidas - Salvem Sa Badia de Portmany","og_description":"Una de las grandes problem\u00e1ticas relacionadas con la conservaci\u00f3n del medio ambiente marino est\u00e1 relacionada con el fondeo masivo de embarcaciones en nuestro litoral y c\u00f3mo esta pr\u00e1ctica acaba degradando...","og_url":"https:\/\/www.salvemsabadia.com\/salvem-sa-badia-sollicita-al-govern-balear-mes-vigilancia-al-fondeig-del-xarter-nautic-i-cursos-ambientals-obligatoris-per-a-patrons-entre-una-llarga-bateria-de-mesures\/","og_site_name":"Salvem Sa Badia de Portmany","article_published_time":"2025-01-30T08:08:48+00:00","article_modified_time":"2025-01-30T08:12:34+00:00","og_image":[{"width":1400,"height":933,"url":"https:\/\/www.salvemsabadia.com\/wp-content\/uploads\/2025\/01\/coves-blanquesok-min-rec.jpg","type":"image\/jpeg"}],"author":"Salvem sa Badia","twitter_card":"summary_large_image","twitter_misc":{"Escrito por":"Salvem sa Badia","Tiempo de lectura":"3 minutos"},"schema":{"@context":"https:\/\/schema.org","@graph":[{"@type":"Article","@id":"https:\/\/www.salvemsabadia.com\/salvem-sa-badia-sollicita-al-govern-balear-mes-vigilancia-al-fondeig-del-xarter-nautic-i-cursos-ambientals-obligatoris-per-a-patrons-entre-una-llarga-bateria-de-mesures\/#article","isPartOf":{"@id":"https:\/\/www.salvemsabadia.com\/salvem-sa-badia-sollicita-al-govern-balear-mes-vigilancia-al-fondeig-del-xarter-nautic-i-cursos-ambientals-obligatoris-per-a-patrons-entre-una-llarga-bateria-de-mesures\/"},"author":{"name":"Salvem sa Badia","@id":"https:\/\/www.salvemsabadia.com\/#\/schema\/person\/5d08c5118adcb4140d13bde4826ba122"},"headline":"Salvem sa Badia solicita al Govern balear m\u00e1s vigilancia para el fondeo del ch\u00e1rter n\u00e1utico y cursos ambientales obligatorios para patrones, entre una larga bater\u00eda de medidas","datePublished":"2025-01-30T08:08:48+00:00","dateModified":"2025-01-30T08:12:34+00:00","mainEntityOfPage":{"@id":"https:\/\/www.salvemsabadia.com\/salvem-sa-badia-sollicita-al-govern-balear-mes-vigilancia-al-fondeig-del-xarter-nautic-i-cursos-ambientals-obligatoris-per-a-patrons-entre-una-llarga-bateria-de-mesures\/"},"wordCount":709,"publisher":{"@id":"https:\/\/www.salvemsabadia.com\/#organization"},"image":{"@id":"https:\/\/www.salvemsabadia.com\/salvem-sa-badia-sollicita-al-govern-balear-mes-vigilancia-al-fondeig-del-xarter-nautic-i-cursos-ambientals-obligatoris-per-a-patrons-entre-una-llarga-bateria-de-mesures\/#primaryimage"},"thumbnailUrl":"https:\/\/www.salvemsabadia.com\/wp-content\/uploads\/2025\/01\/coves-blanquesok-min-rec.jpg","articleSection":["Biodiversidad","Calidad del agua","Destacado","Fondeo irregular","Salvem Sa Badia","Turismo"],"inLanguage":"es"},{"@type":"WebPage","@id":"https:\/\/www.salvemsabadia.com\/salvem-sa-badia-sollicita-al-govern-balear-mes-vigilancia-al-fondeig-del-xarter-nautic-i-cursos-ambientals-obligatoris-per-a-patrons-entre-una-llarga-bateria-de-mesures\/","url":"https:\/\/www.salvemsabadia.com\/salvem-sa-badia-sollicita-al-govern-balear-mes-vigilancia-al-fondeig-del-xarter-nautic-i-cursos-ambientals-obligatoris-per-a-patrons-entre-una-llarga-bateria-de-mesures\/","name":"Salvem sa Badia solicita al Govern balear m\u00e1s vigilancia para el fondeo del ch\u00e1rter n\u00e1utico y cursos ambientales obligatorios para patrones, entre una larga bater\u00eda de medidas - Salvem Sa Badia de Portmany","isPartOf":{"@id":"https:\/\/www.salvemsabadia.com\/#website"},"primaryImageOfPage":{"@id":"https:\/\/www.salvemsabadia.com\/salvem-sa-badia-sollicita-al-govern-balear-mes-vigilancia-al-fondeig-del-xarter-nautic-i-cursos-ambientals-obligatoris-per-a-patrons-entre-una-llarga-bateria-de-mesures\/#primaryimage"},"image":{"@id":"https:\/\/www.salvemsabadia.com\/salvem-sa-badia-sollicita-al-govern-balear-mes-vigilancia-al-fondeig-del-xarter-nautic-i-cursos-ambientals-obligatoris-per-a-patrons-entre-una-llarga-bateria-de-mesures\/#primaryimage"},"thumbnailUrl":"https:\/\/www.salvemsabadia.com\/wp-content\/uploads\/2025\/01\/coves-blanquesok-min-rec.jpg","datePublished":"2025-01-30T08:08:48+00:00","dateModified":"2025-01-30T08:12:34+00:00","breadcrumb":{"@id":"https:\/\/www.salvemsabadia.com\/salvem-sa-badia-sollicita-al-govern-balear-mes-vigilancia-al-fondeig-del-xarter-nautic-i-cursos-ambientals-obligatoris-per-a-patrons-entre-una-llarga-bateria-de-mesures\/#breadcrumb"},"inLanguage":"es","potentialAction":[{"@type":"ReadAction","target":["https:\/\/www.salvemsabadia.com\/salvem-sa-badia-sollicita-al-govern-balear-mes-vigilancia-al-fondeig-del-xarter-nautic-i-cursos-ambientals-obligatoris-per-a-patrons-entre-una-llarga-bateria-de-mesures\/"]}]},{"@type":"ImageObject","inLanguage":"es","@id":"https:\/\/www.salvemsabadia.com\/salvem-sa-badia-sollicita-al-govern-balear-mes-vigilancia-al-fondeig-del-xarter-nautic-i-cursos-ambientals-obligatoris-per-a-patrons-entre-una-llarga-bateria-de-mesures\/#primaryimage","url":"https:\/\/www.salvemsabadia.com\/wp-content\/uploads\/2025\/01\/coves-blanquesok-min-rec.jpg","contentUrl":"https:\/\/www.salvemsabadia.com\/wp-content\/uploads\/2025\/01\/coves-blanquesok-min-rec.jpg","width":1400,"height":933},{"@type":"BreadcrumbList","@id":"https:\/\/www.salvemsabadia.com\/salvem-sa-badia-sollicita-al-govern-balear-mes-vigilancia-al-fondeig-del-xarter-nautic-i-cursos-ambientals-obligatoris-per-a-patrons-entre-una-llarga-bateria-de-mesures\/#breadcrumb","itemListElement":[{"@type":"ListItem","position":1,"name":"Portada","item":"https:\/\/www.salvemsabadia.com\/es\/"},{"@type":"ListItem","position":2,"name":"Salvem sa Badia solicita al Govern balear m\u00e1s vigilancia para el fondeo del ch\u00e1rter n\u00e1utico y cursos ambientales obligatorios para patrones, entre una larga bater\u00eda de medidas"}]},{"@type":"WebSite","@id":"https:\/\/www.salvemsabadia.com\/#website","url":"https:\/\/www.salvemsabadia.com\/","name":"Salvem Sa Badia de Portmany","description":"","publisher":{"@id":"https:\/\/www.salvemsabadia.com\/#organization"},"potentialAction":[{"@type":"SearchAction","target":{"@type":"EntryPoint","urlTemplate":"https:\/\/www.salvemsabadia.com\/?s={search_term_string}"},"query-input":{"@type":"PropertyValueSpecification","valueRequired":true,"valueName":"search_term_string"}}],"inLanguage":"es"},{"@type":"Organization","@id":"https:\/\/www.salvemsabadia.com\/#organization","name":"Salvem Sa Badia de Portmany","url":"https:\/\/www.salvemsabadia.com\/","logo":{"@type":"ImageObject","inLanguage":"es","@id":"https:\/\/www.salvemsabadia.com\/#\/schema\/logo\/image\/","url":"https:\/\/www.salvemsabadia.com\/wp-content\/uploads\/2020\/03\/logo.png","contentUrl":"https:\/\/www.salvemsabadia.com\/wp-content\/uploads\/2020\/03\/logo.png","width":188,"height":151,"caption":"Salvem Sa Badia de Portmany"},"image":{"@id":"https:\/\/www.salvemsabadia.com\/#\/schema\/logo\/image\/"}},{"@type":"Person","@id":"https:\/\/www.salvemsabadia.com\/#\/schema\/person\/5d08c5118adcb4140d13bde4826ba122","name":"Salvem sa Badia","image":{"@type":"ImageObject","inLanguage":"es","@id":"https:\/\/www.salvemsabadia.com\/#\/schema\/person\/image\/","url":"https:\/\/secure.gravatar.com\/avatar\/d569ee5739a9c7022470ea472c9b4b9cf476e15f1be71e5242c911d673d14ad9?s=96&d=mm&r=g","contentUrl":"https:\/\/secure.gravatar.com\/avatar\/d569ee5739a9c7022470ea472c9b4b9cf476e15f1be71e5242c911d673d14ad9?s=96&d=mm&r=g","caption":"Salvem sa Badia"}}]}},"_links":{"self":[{"href":"https:\/\/www.salvemsabadia.com\/es\/wp-json\/wp\/v2\/posts\/5355","targetHints":{"allow":["GET"]}}],"collection":[{"href":"https:\/\/www.salvemsabadia.com\/es\/wp-json\/wp\/v2\/posts"}],"about":[{"href":"https:\/\/www.salvemsabadia.com\/es\/wp-json\/wp\/v2\/types\/post"}],"author":[{"embeddable":true,"href":"https:\/\/www.salvemsabadia.com\/es\/wp-json\/wp\/v2\/users\/2"}],"replies":[{"embeddable":true,"href":"https:\/\/www.salvemsabadia.com\/es\/wp-json\/wp\/v2\/comments?post=5355"}],"version-history":[{"count":0,"href":"https:\/\/www.salvemsabadia.com\/es\/wp-json\/wp\/v2\/posts\/5355\/revisions"}],"wp:featuredmedia":[{"embeddable":true,"href":"https:\/\/www.salvemsabadia.com\/es\/wp-json\/wp\/v2\/media\/5356"}],"wp:attachment":[{"href":"https:\/\/www.salvemsabadia.com\/es\/wp-json\/wp\/v2\/media?parent=5355"}],"wp:term":[{"taxonomy":"category","embeddable":true,"href":"https:\/\/www.salvemsabadia.com\/es\/wp-json\/wp\/v2\/categories?post=5355"},{"taxonomy":"post_tag","embeddable":true,"href":"https:\/\/www.salvemsabadia.com\/es\/wp-json\/wp\/v2\/tags?post=5355"}],"curies":[{"name":"wp","href":"https:\/\/api.w.org\/{rel}","templated":true}]}}