{"id":5412,"date":"2025-03-14T11:49:21","date_gmt":"2025-03-14T10:49:21","guid":{"rendered":"https:\/\/www.salvemsabadia.com\/?p=5412"},"modified":"2025-03-14T11:49:21","modified_gmt":"2025-03-14T10:49:21","slug":"salvem-sa-badia-y-amics-de-la-terra-reclaman-que-el-nuevo-decreto-de-alquiler-nautico-impida-que-pueda-iniciarse-la-actividad-con-una-simple-declaracion-responsable","status":"publish","type":"post","link":"https:\/\/www.salvemsabadia.com\/es\/salvem-sa-badia-y-amics-de-la-terra-reclaman-que-el-nuevo-decreto-de-alquiler-nautico-impida-que-pueda-iniciarse-la-actividad-con-una-simple-declaracion-responsable\/","title":{"rendered":"Salvem sa Badia y Amics de la Terra reclaman que el nuevo decreto de Alquiler N\u00e1utico impida que pueda iniciarse la actividad con una simple declaraci\u00f3n responsable"},"content":{"rendered":"<p><img loading=\"lazy\" decoding=\"async\" class=\"alignnone size-full wp-image-5413\" src=\"https:\/\/www.salvemsabadia.com\/wp-content\/uploads\/2025\/03\/DSC02668.jpg\" alt=\"\" width=\"1400\" height=\"933\" srcset=\"https:\/\/www.salvemsabadia.com\/wp-content\/uploads\/2025\/03\/DSC02668.jpg 1400w, https:\/\/www.salvemsabadia.com\/wp-content\/uploads\/2025\/03\/DSC02668-300x200.jpg 300w, https:\/\/www.salvemsabadia.com\/wp-content\/uploads\/2025\/03\/DSC02668-1024x682.jpg 1024w, https:\/\/www.salvemsabadia.com\/wp-content\/uploads\/2025\/03\/DSC02668-768x512.jpg 768w, https:\/\/www.salvemsabadia.com\/wp-content\/uploads\/2025\/03\/DSC02668-900x600.jpg 900w\" sizes=\"auto, (max-width: 1400px) 100vw, 1400px\" \/>La Asociaci\u00f3n Salvem sa Badia de Portmany y Amics de la Terra han reclamado al Govern balear que sea exigente y no facilite los tr\u00e1mites, para evitar que cualquier empresa pueda operar en el sector del alquiler n\u00e1utico en el archipi\u00e9lago, simplemente presentando una declaraci\u00f3n responsable. La falta de medios en la administraci\u00f3n y la experiencia acumulada a lo largo de estos \u00faltimos a\u00f1os permiten deducir que, si no se exigen ciertos documentos y requisitos de forma previa, las irregularidades que se vienen produciendo persistir\u00e1n.<\/p>\n<p>Salvem sa Badia y Amics de la Terra han incluido esta petici\u00f3n en un nuevo documento de alegaciones relativas a la modificaci\u00f3n del Decreto 21\/2017, en el marco de la segunda consulta p\u00fablica realizada por el Govern balear. Cabe recordar que el decreto regula la actividad de alquiler de embarcaciones de recreo y algunos de los objetivos de su modificaci\u00f3n son, seg\u00fan ha declarado el conseller del Mar y del Ciclo del Agua, Juan Manuel Lafuente, promover buenas pr\u00e1cticas, aumentar la seguridad y la protecci\u00f3n de los usuarios y del medio marino, e incrementar la sostenibilidad en la navegaci\u00f3n.<\/p>\n<p>El simple procedimiento de presentar una declaraci\u00f3n responsable, sin que de forma inmediata se compruebe que las empresas est\u00e1n en posesi\u00f3n de los requisitos prescritos, provoca que cuestiones tan importantes como la gesti\u00f3n de residuos, aguas grises y aguas negras; el acceso a un amarre para evitar el fondeo sobre la posidonia, y la realizaci\u00f3n de un curso obligatorio de buenas pr\u00e1cticas y de informaci\u00f3n sobre los espacios protegidos y de la red Natura 2000, queden virtualmente a merced de la \u00e9tica de cada interesado.<\/p>\n<p>Por esta raz\u00f3n, se solicita que s\u00f3lo puedan tramitar permisos aquellas empresas que, adem\u00e1s de la declaraci\u00f3n responsable, presenten un comprobante de estar en disposici\u00f3n de un punto de amarre en Baleares o de autorizaci\u00f3n de acceso a una rampa, un comprobante de participaci\u00f3n a una formaci\u00f3n b\u00e1sica obligatoria (navegaci\u00f3n, seguridad, zonas protegidas, zonas Natura 2000, buenas pr\u00e1cticas de fondeo e instrucciones de gesti\u00f3n de residuos, aguas grises y aguas negras) y el registro de la actividad de alquiler a terceros.<\/p>\n<p><img loading=\"lazy\" decoding=\"async\" class=\"alignnone size-full wp-image-5356\" src=\"https:\/\/www.salvemsabadia.com\/wp-content\/uploads\/2025\/01\/coves-blanquesok-min-rec.jpg\" alt=\"\" width=\"1400\" height=\"933\" srcset=\"https:\/\/www.salvemsabadia.com\/wp-content\/uploads\/2025\/01\/coves-blanquesok-min-rec.jpg 1400w, https:\/\/www.salvemsabadia.com\/wp-content\/uploads\/2025\/01\/coves-blanquesok-min-rec-300x200.jpg 300w, https:\/\/www.salvemsabadia.com\/wp-content\/uploads\/2025\/01\/coves-blanquesok-min-rec-1024x682.jpg 1024w, https:\/\/www.salvemsabadia.com\/wp-content\/uploads\/2025\/01\/coves-blanquesok-min-rec-768x512.jpg 768w, https:\/\/www.salvemsabadia.com\/wp-content\/uploads\/2025\/01\/coves-blanquesok-min-rec-900x600.jpg 900w\" sizes=\"auto, (max-width: 1400px) 100vw, 1400px\" \/>Como ejemplo del caos generado por la persistente falta de control administrativo en el sector, podemos mencionar lo que ocurre todos los veranos en diversos puntos del litoral de la isla: la bah\u00eda de Talamanca, Porroig o la bah\u00eda de Portmany, con fondeos sobre posidonia constantes y diarios protagonizados por determinadas empresas de ch\u00e1rter n\u00e1utico. Adem\u00e1s, basta con realizar una simple b\u00fasqueda en Google para detectar a empresas que utilizan como gancho publicitario, por ejemplo, la posibilidad de navegar bajo el arco de ses Margalides con embarcaciones a motor. Dicha actividad hay que calificarla como m\u00ednimo de dudosa, al estar estos islotes ubicados en una Zona de Especial Protecci\u00f3n de Aves (ZEPA Costa dels Amunts), por la nidificaci\u00f3n del halc\u00f3n de Eleonora y del Pa\u00ed\u00f1o, en plena temporada tur\u00edstica.<\/p>\n<p>Aunque el recurso de la declaraci\u00f3n responsable persiga la simplificaci\u00f3n del proceso administrativo, en l\u00ednea con la estrategia que se impulsa la Uni\u00f3n Europea, Salvem sa Badia y Amics de la Terra reclaman al Govern que aplique la excepci\u00f3n prevista en la Directiva europea 2006\/123\/CE, que permite imponer requisitos formales cuando \u201cest\u00e9 justificado objetivamente por una raz\u00f3n imperiosa de inter\u00e9s general, como, por ejemplo, (&#8230;) la protecci\u00f3n del medio ambiente\u201d. Las Illes Balears son un lugar excepcional en cuanto a su atractivo tur\u00edstico y su fr\u00e1gil entorno, y deben tomarse medidas legales con car\u00e1cter urgente para evitar que se nos vaya de las manos la imprescindible conservaci\u00f3n del patrimonio natural mar\u00edtimo y costero.<\/p>\n<p>Adem\u00e1s, se pide al Govern balear la eliminaci\u00f3n del art\u00edculo 10 (\u2018Excepciones\u2019) del Real Decreto 875\/2014, que permite el manejo sin titulaci\u00f3n de embarcaciones con motor de eslora menor a 5 metros. La falta de conocimiento y experiencia de muchos de los usuarios de estas embarcaciones provoca accidentes, problemas de seguridad y da\u00f1os ambientales de manera constante.<\/p>\n","protected":false},"excerpt":{"rendered":"<p>La Asociaci\u00f3n Salvem sa Badia de Portmany y Amics de la Terra han reclamado al Govern balear que sea exigente y no facilite los tr\u00e1mites, para evitar que cualquier empresa&#8230;<\/p>\n","protected":false},"author":2,"featured_media":5413,"comment_status":"closed","ping_status":"closed","sticky":false,"template":"","format":"standard","meta":{"give_campaign_id":0,"footnotes":""},"categories":[106,208,213,10,215],"tags":[],"class_list":{"0":"post-5412","1":"post","2":"type-post","3":"status-publish","4":"format-standard","5":"has-post-thumbnail","7":"category-destacado","8":"category-fondeo-irregular","9":"category-posidonia","10":"category-salvem-sa-badia","11":"category-turismo"},"yoast_head":"<!-- This site is optimized with the Yoast SEO plugin v26.8 - https:\/\/yoast.com\/product\/yoast-seo-wordpress\/ -->\n<title>Salvem sa Badia y Amics de la Terra reclaman que el nuevo decreto de Alquiler N\u00e1utico impida que pueda iniciarse la actividad con una simple declaraci\u00f3n responsable - Salvem Sa Badia de Portmany<\/title>\n<meta name=\"robots\" content=\"index, follow, max-snippet:-1, max-image-preview:large, max-video-preview:-1\" \/>\n<link rel=\"canonical\" href=\"https:\/\/www.salvemsabadia.com\/salvem-sa-badia-i-amics-de-la-terra-reclamen-que-el-nou-decret-de-lloguer-nautic-impedeixi-que-pugui-iniciar-se-lactivitat-amb-una-simple-declaracio-responsable\/\" \/>\n<meta property=\"og:locale\" content=\"es_ES\" \/>\n<meta property=\"og:type\" content=\"article\" \/>\n<meta property=\"og:title\" content=\"Salvem sa Badia y Amics de la Terra reclaman que el nuevo decreto de Alquiler N\u00e1utico impida que pueda iniciarse la actividad con una simple declaraci\u00f3n responsable - Salvem Sa Badia de Portmany\" \/>\n<meta property=\"og:description\" content=\"La Asociaci\u00f3n Salvem sa Badia de Portmany y Amics de la Terra han reclamado al Govern balear que sea exigente y no facilite los tr\u00e1mites, para evitar que cualquier empresa...\" \/>\n<meta property=\"og:url\" content=\"https:\/\/www.salvemsabadia.com\/salvem-sa-badia-i-amics-de-la-terra-reclamen-que-el-nou-decret-de-lloguer-nautic-impedeixi-que-pugui-iniciar-se-lactivitat-amb-una-simple-declaracio-responsable\/\" \/>\n<meta property=\"og:site_name\" content=\"Salvem Sa Badia de Portmany\" \/>\n<meta property=\"article:published_time\" content=\"2025-03-14T10:49:21+00:00\" \/>\n<meta property=\"og:image\" content=\"https:\/\/www.salvemsabadia.com\/wp-content\/uploads\/2025\/03\/DSC02668.jpg\" \/>\n\t<meta property=\"og:image:width\" content=\"1400\" \/>\n\t<meta property=\"og:image:height\" content=\"933\" \/>\n\t<meta property=\"og:image:type\" content=\"image\/jpeg\" \/>\n<meta name=\"author\" content=\"Salvem sa Badia\" \/>\n<meta name=\"twitter:card\" content=\"summary_large_image\" \/>\n<meta name=\"twitter:label1\" content=\"Escrito por\" \/>\n\t<meta name=\"twitter:data1\" content=\"Salvem sa Badia\" \/>\n\t<meta name=\"twitter:label2\" content=\"Tiempo de lectura\" \/>\n\t<meta name=\"twitter:data2\" content=\"4 minutos\" \/>\n<script type=\"application\/ld+json\" class=\"yoast-schema-graph\">{\"@context\":\"https:\/\/schema.org\",\"@graph\":[{\"@type\":\"Article\",\"@id\":\"https:\/\/www.salvemsabadia.com\/salvem-sa-badia-i-amics-de-la-terra-reclamen-que-el-nou-decret-de-lloguer-nautic-impedeixi-que-pugui-iniciar-se-lactivitat-amb-una-simple-declaracio-responsable\/#article\",\"isPartOf\":{\"@id\":\"https:\/\/www.salvemsabadia.com\/salvem-sa-badia-i-amics-de-la-terra-reclamen-que-el-nou-decret-de-lloguer-nautic-impedeixi-que-pugui-iniciar-se-lactivitat-amb-una-simple-declaracio-responsable\/\"},\"author\":{\"name\":\"Salvem sa Badia\",\"@id\":\"https:\/\/www.salvemsabadia.com\/#\/schema\/person\/5d08c5118adcb4140d13bde4826ba122\"},\"headline\":\"Salvem sa Badia y Amics de la Terra reclaman que el nuevo decreto de Alquiler N\u00e1utico impida que pueda iniciarse la actividad con una simple declaraci\u00f3n responsable\",\"datePublished\":\"2025-03-14T10:49:21+00:00\",\"mainEntityOfPage\":{\"@id\":\"https:\/\/www.salvemsabadia.com\/salvem-sa-badia-i-amics-de-la-terra-reclamen-que-el-nou-decret-de-lloguer-nautic-impedeixi-que-pugui-iniciar-se-lactivitat-amb-una-simple-declaracio-responsable\/\"},\"wordCount\":736,\"publisher\":{\"@id\":\"https:\/\/www.salvemsabadia.com\/#organization\"},\"image\":{\"@id\":\"https:\/\/www.salvemsabadia.com\/salvem-sa-badia-i-amics-de-la-terra-reclamen-que-el-nou-decret-de-lloguer-nautic-impedeixi-que-pugui-iniciar-se-lactivitat-amb-una-simple-declaracio-responsable\/#primaryimage\"},\"thumbnailUrl\":\"https:\/\/www.salvemsabadia.com\/wp-content\/uploads\/2025\/03\/DSC02668.jpg\",\"articleSection\":[\"Destacado\",\"Fondeo irregular\",\"Posidonia\",\"Salvem Sa Badia\",\"Turismo\"],\"inLanguage\":\"es\"},{\"@type\":\"WebPage\",\"@id\":\"https:\/\/www.salvemsabadia.com\/salvem-sa-badia-i-amics-de-la-terra-reclamen-que-el-nou-decret-de-lloguer-nautic-impedeixi-que-pugui-iniciar-se-lactivitat-amb-una-simple-declaracio-responsable\/\",\"url\":\"https:\/\/www.salvemsabadia.com\/salvem-sa-badia-i-amics-de-la-terra-reclamen-que-el-nou-decret-de-lloguer-nautic-impedeixi-que-pugui-iniciar-se-lactivitat-amb-una-simple-declaracio-responsable\/\",\"name\":\"Salvem sa Badia y Amics de la Terra reclaman que el nuevo decreto de Alquiler N\u00e1utico impida que pueda iniciarse la actividad con una simple declaraci\u00f3n responsable - Salvem Sa Badia de Portmany\",\"isPartOf\":{\"@id\":\"https:\/\/www.salvemsabadia.com\/#website\"},\"primaryImageOfPage\":{\"@id\":\"https:\/\/www.salvemsabadia.com\/salvem-sa-badia-i-amics-de-la-terra-reclamen-que-el-nou-decret-de-lloguer-nautic-impedeixi-que-pugui-iniciar-se-lactivitat-amb-una-simple-declaracio-responsable\/#primaryimage\"},\"image\":{\"@id\":\"https:\/\/www.salvemsabadia.com\/salvem-sa-badia-i-amics-de-la-terra-reclamen-que-el-nou-decret-de-lloguer-nautic-impedeixi-que-pugui-iniciar-se-lactivitat-amb-una-simple-declaracio-responsable\/#primaryimage\"},\"thumbnailUrl\":\"https:\/\/www.salvemsabadia.com\/wp-content\/uploads\/2025\/03\/DSC02668.jpg\",\"datePublished\":\"2025-03-14T10:49:21+00:00\",\"breadcrumb\":{\"@id\":\"https:\/\/www.salvemsabadia.com\/salvem-sa-badia-i-amics-de-la-terra-reclamen-que-el-nou-decret-de-lloguer-nautic-impedeixi-que-pugui-iniciar-se-lactivitat-amb-una-simple-declaracio-responsable\/#breadcrumb\"},\"inLanguage\":\"es\",\"potentialAction\":[{\"@type\":\"ReadAction\",\"target\":[\"https:\/\/www.salvemsabadia.com\/salvem-sa-badia-i-amics-de-la-terra-reclamen-que-el-nou-decret-de-lloguer-nautic-impedeixi-que-pugui-iniciar-se-lactivitat-amb-una-simple-declaracio-responsable\/\"]}]},{\"@type\":\"ImageObject\",\"inLanguage\":\"es\",\"@id\":\"https:\/\/www.salvemsabadia.com\/salvem-sa-badia-i-amics-de-la-terra-reclamen-que-el-nou-decret-de-lloguer-nautic-impedeixi-que-pugui-iniciar-se-lactivitat-amb-una-simple-declaracio-responsable\/#primaryimage\",\"url\":\"https:\/\/www.salvemsabadia.com\/wp-content\/uploads\/2025\/03\/DSC02668.jpg\",\"contentUrl\":\"https:\/\/www.salvemsabadia.com\/wp-content\/uploads\/2025\/03\/DSC02668.jpg\",\"width\":1400,\"height\":933},{\"@type\":\"BreadcrumbList\",\"@id\":\"https:\/\/www.salvemsabadia.com\/salvem-sa-badia-i-amics-de-la-terra-reclamen-que-el-nou-decret-de-lloguer-nautic-impedeixi-que-pugui-iniciar-se-lactivitat-amb-una-simple-declaracio-responsable\/#breadcrumb\",\"itemListElement\":[{\"@type\":\"ListItem\",\"position\":1,\"name\":\"Portada\",\"item\":\"https:\/\/www.salvemsabadia.com\/es\/\"},{\"@type\":\"ListItem\",\"position\":2,\"name\":\"Salvem sa Badia y Amics de la Terra reclaman que el nuevo decreto de Alquiler N\u00e1utico impida que pueda iniciarse la actividad con una simple declaraci\u00f3n responsable\"}]},{\"@type\":\"WebSite\",\"@id\":\"https:\/\/www.salvemsabadia.com\/#website\",\"url\":\"https:\/\/www.salvemsabadia.com\/\",\"name\":\"Salvem Sa Badia de Portmany\",\"description\":\"\",\"publisher\":{\"@id\":\"https:\/\/www.salvemsabadia.com\/#organization\"},\"potentialAction\":[{\"@type\":\"SearchAction\",\"target\":{\"@type\":\"EntryPoint\",\"urlTemplate\":\"https:\/\/www.salvemsabadia.com\/?s={search_term_string}\"},\"query-input\":{\"@type\":\"PropertyValueSpecification\",\"valueRequired\":true,\"valueName\":\"search_term_string\"}}],\"inLanguage\":\"es\"},{\"@type\":\"Organization\",\"@id\":\"https:\/\/www.salvemsabadia.com\/#organization\",\"name\":\"Salvem Sa Badia de Portmany\",\"url\":\"https:\/\/www.salvemsabadia.com\/\",\"logo\":{\"@type\":\"ImageObject\",\"inLanguage\":\"es\",\"@id\":\"https:\/\/www.salvemsabadia.com\/#\/schema\/logo\/image\/\",\"url\":\"https:\/\/www.salvemsabadia.com\/wp-content\/uploads\/2020\/03\/logo.png\",\"contentUrl\":\"https:\/\/www.salvemsabadia.com\/wp-content\/uploads\/2020\/03\/logo.png\",\"width\":188,\"height\":151,\"caption\":\"Salvem Sa Badia de Portmany\"},\"image\":{\"@id\":\"https:\/\/www.salvemsabadia.com\/#\/schema\/logo\/image\/\"}},{\"@type\":\"Person\",\"@id\":\"https:\/\/www.salvemsabadia.com\/#\/schema\/person\/5d08c5118adcb4140d13bde4826ba122\",\"name\":\"Salvem sa Badia\",\"image\":{\"@type\":\"ImageObject\",\"inLanguage\":\"es\",\"@id\":\"https:\/\/www.salvemsabadia.com\/#\/schema\/person\/image\/\",\"url\":\"https:\/\/secure.gravatar.com\/avatar\/d569ee5739a9c7022470ea472c9b4b9cf476e15f1be71e5242c911d673d14ad9?s=96&d=mm&r=g\",\"contentUrl\":\"https:\/\/secure.gravatar.com\/avatar\/d569ee5739a9c7022470ea472c9b4b9cf476e15f1be71e5242c911d673d14ad9?s=96&d=mm&r=g\",\"caption\":\"Salvem sa Badia\"}}]}<\/script>\n<!-- \/ Yoast SEO plugin. -->","yoast_head_json":{"title":"Salvem sa Badia y Amics de la Terra reclaman que el nuevo decreto de Alquiler N\u00e1utico impida que pueda iniciarse la actividad con una simple declaraci\u00f3n responsable - Salvem Sa Badia de Portmany","robots":{"index":"index","follow":"follow","max-snippet":"max-snippet:-1","max-image-preview":"max-image-preview:large","max-video-preview":"max-video-preview:-1"},"canonical":"https:\/\/www.salvemsabadia.com\/salvem-sa-badia-i-amics-de-la-terra-reclamen-que-el-nou-decret-de-lloguer-nautic-impedeixi-que-pugui-iniciar-se-lactivitat-amb-una-simple-declaracio-responsable\/","og_locale":"es_ES","og_type":"article","og_title":"Salvem sa Badia y Amics de la Terra reclaman que el nuevo decreto de Alquiler N\u00e1utico impida que pueda iniciarse la actividad con una simple declaraci\u00f3n responsable - Salvem Sa Badia de Portmany","og_description":"La Asociaci\u00f3n Salvem sa Badia de Portmany y Amics de la Terra han reclamado al Govern balear que sea exigente y no facilite los tr\u00e1mites, para evitar que cualquier empresa...","og_url":"https:\/\/www.salvemsabadia.com\/salvem-sa-badia-i-amics-de-la-terra-reclamen-que-el-nou-decret-de-lloguer-nautic-impedeixi-que-pugui-iniciar-se-lactivitat-amb-una-simple-declaracio-responsable\/","og_site_name":"Salvem Sa Badia de Portmany","article_published_time":"2025-03-14T10:49:21+00:00","og_image":[{"width":1400,"height":933,"url":"https:\/\/www.salvemsabadia.com\/wp-content\/uploads\/2025\/03\/DSC02668.jpg","type":"image\/jpeg"}],"author":"Salvem sa Badia","twitter_card":"summary_large_image","twitter_misc":{"Escrito por":"Salvem sa Badia","Tiempo de lectura":"4 minutos"},"schema":{"@context":"https:\/\/schema.org","@graph":[{"@type":"Article","@id":"https:\/\/www.salvemsabadia.com\/salvem-sa-badia-i-amics-de-la-terra-reclamen-que-el-nou-decret-de-lloguer-nautic-impedeixi-que-pugui-iniciar-se-lactivitat-amb-una-simple-declaracio-responsable\/#article","isPartOf":{"@id":"https:\/\/www.salvemsabadia.com\/salvem-sa-badia-i-amics-de-la-terra-reclamen-que-el-nou-decret-de-lloguer-nautic-impedeixi-que-pugui-iniciar-se-lactivitat-amb-una-simple-declaracio-responsable\/"},"author":{"name":"Salvem sa Badia","@id":"https:\/\/www.salvemsabadia.com\/#\/schema\/person\/5d08c5118adcb4140d13bde4826ba122"},"headline":"Salvem sa Badia y Amics de la Terra reclaman que el nuevo decreto de Alquiler N\u00e1utico impida que pueda iniciarse la actividad con una simple declaraci\u00f3n responsable","datePublished":"2025-03-14T10:49:21+00:00","mainEntityOfPage":{"@id":"https:\/\/www.salvemsabadia.com\/salvem-sa-badia-i-amics-de-la-terra-reclamen-que-el-nou-decret-de-lloguer-nautic-impedeixi-que-pugui-iniciar-se-lactivitat-amb-una-simple-declaracio-responsable\/"},"wordCount":736,"publisher":{"@id":"https:\/\/www.salvemsabadia.com\/#organization"},"image":{"@id":"https:\/\/www.salvemsabadia.com\/salvem-sa-badia-i-amics-de-la-terra-reclamen-que-el-nou-decret-de-lloguer-nautic-impedeixi-que-pugui-iniciar-se-lactivitat-amb-una-simple-declaracio-responsable\/#primaryimage"},"thumbnailUrl":"https:\/\/www.salvemsabadia.com\/wp-content\/uploads\/2025\/03\/DSC02668.jpg","articleSection":["Destacado","Fondeo irregular","Posidonia","Salvem Sa Badia","Turismo"],"inLanguage":"es"},{"@type":"WebPage","@id":"https:\/\/www.salvemsabadia.com\/salvem-sa-badia-i-amics-de-la-terra-reclamen-que-el-nou-decret-de-lloguer-nautic-impedeixi-que-pugui-iniciar-se-lactivitat-amb-una-simple-declaracio-responsable\/","url":"https:\/\/www.salvemsabadia.com\/salvem-sa-badia-i-amics-de-la-terra-reclamen-que-el-nou-decret-de-lloguer-nautic-impedeixi-que-pugui-iniciar-se-lactivitat-amb-una-simple-declaracio-responsable\/","name":"Salvem sa Badia y Amics de la Terra reclaman que el nuevo decreto de Alquiler N\u00e1utico impida que pueda iniciarse la actividad con una simple declaraci\u00f3n responsable - Salvem Sa Badia de Portmany","isPartOf":{"@id":"https:\/\/www.salvemsabadia.com\/#website"},"primaryImageOfPage":{"@id":"https:\/\/www.salvemsabadia.com\/salvem-sa-badia-i-amics-de-la-terra-reclamen-que-el-nou-decret-de-lloguer-nautic-impedeixi-que-pugui-iniciar-se-lactivitat-amb-una-simple-declaracio-responsable\/#primaryimage"},"image":{"@id":"https:\/\/www.salvemsabadia.com\/salvem-sa-badia-i-amics-de-la-terra-reclamen-que-el-nou-decret-de-lloguer-nautic-impedeixi-que-pugui-iniciar-se-lactivitat-amb-una-simple-declaracio-responsable\/#primaryimage"},"thumbnailUrl":"https:\/\/www.salvemsabadia.com\/wp-content\/uploads\/2025\/03\/DSC02668.jpg","datePublished":"2025-03-14T10:49:21+00:00","breadcrumb":{"@id":"https:\/\/www.salvemsabadia.com\/salvem-sa-badia-i-amics-de-la-terra-reclamen-que-el-nou-decret-de-lloguer-nautic-impedeixi-que-pugui-iniciar-se-lactivitat-amb-una-simple-declaracio-responsable\/#breadcrumb"},"inLanguage":"es","potentialAction":[{"@type":"ReadAction","target":["https:\/\/www.salvemsabadia.com\/salvem-sa-badia-i-amics-de-la-terra-reclamen-que-el-nou-decret-de-lloguer-nautic-impedeixi-que-pugui-iniciar-se-lactivitat-amb-una-simple-declaracio-responsable\/"]}]},{"@type":"ImageObject","inLanguage":"es","@id":"https:\/\/www.salvemsabadia.com\/salvem-sa-badia-i-amics-de-la-terra-reclamen-que-el-nou-decret-de-lloguer-nautic-impedeixi-que-pugui-iniciar-se-lactivitat-amb-una-simple-declaracio-responsable\/#primaryimage","url":"https:\/\/www.salvemsabadia.com\/wp-content\/uploads\/2025\/03\/DSC02668.jpg","contentUrl":"https:\/\/www.salvemsabadia.com\/wp-content\/uploads\/2025\/03\/DSC02668.jpg","width":1400,"height":933},{"@type":"BreadcrumbList","@id":"https:\/\/www.salvemsabadia.com\/salvem-sa-badia-i-amics-de-la-terra-reclamen-que-el-nou-decret-de-lloguer-nautic-impedeixi-que-pugui-iniciar-se-lactivitat-amb-una-simple-declaracio-responsable\/#breadcrumb","itemListElement":[{"@type":"ListItem","position":1,"name":"Portada","item":"https:\/\/www.salvemsabadia.com\/es\/"},{"@type":"ListItem","position":2,"name":"Salvem sa Badia y Amics de la Terra reclaman que el nuevo decreto de Alquiler N\u00e1utico impida que pueda iniciarse la actividad con una simple declaraci\u00f3n responsable"}]},{"@type":"WebSite","@id":"https:\/\/www.salvemsabadia.com\/#website","url":"https:\/\/www.salvemsabadia.com\/","name":"Salvem Sa Badia de Portmany","description":"","publisher":{"@id":"https:\/\/www.salvemsabadia.com\/#organization"},"potentialAction":[{"@type":"SearchAction","target":{"@type":"EntryPoint","urlTemplate":"https:\/\/www.salvemsabadia.com\/?s={search_term_string}"},"query-input":{"@type":"PropertyValueSpecification","valueRequired":true,"valueName":"search_term_string"}}],"inLanguage":"es"},{"@type":"Organization","@id":"https:\/\/www.salvemsabadia.com\/#organization","name":"Salvem Sa Badia de Portmany","url":"https:\/\/www.salvemsabadia.com\/","logo":{"@type":"ImageObject","inLanguage":"es","@id":"https:\/\/www.salvemsabadia.com\/#\/schema\/logo\/image\/","url":"https:\/\/www.salvemsabadia.com\/wp-content\/uploads\/2020\/03\/logo.png","contentUrl":"https:\/\/www.salvemsabadia.com\/wp-content\/uploads\/2020\/03\/logo.png","width":188,"height":151,"caption":"Salvem Sa Badia de Portmany"},"image":{"@id":"https:\/\/www.salvemsabadia.com\/#\/schema\/logo\/image\/"}},{"@type":"Person","@id":"https:\/\/www.salvemsabadia.com\/#\/schema\/person\/5d08c5118adcb4140d13bde4826ba122","name":"Salvem sa Badia","image":{"@type":"ImageObject","inLanguage":"es","@id":"https:\/\/www.salvemsabadia.com\/#\/schema\/person\/image\/","url":"https:\/\/secure.gravatar.com\/avatar\/d569ee5739a9c7022470ea472c9b4b9cf476e15f1be71e5242c911d673d14ad9?s=96&d=mm&r=g","contentUrl":"https:\/\/secure.gravatar.com\/avatar\/d569ee5739a9c7022470ea472c9b4b9cf476e15f1be71e5242c911d673d14ad9?s=96&d=mm&r=g","caption":"Salvem sa Badia"}}]}},"_links":{"self":[{"href":"https:\/\/www.salvemsabadia.com\/es\/wp-json\/wp\/v2\/posts\/5412","targetHints":{"allow":["GET"]}}],"collection":[{"href":"https:\/\/www.salvemsabadia.com\/es\/wp-json\/wp\/v2\/posts"}],"about":[{"href":"https:\/\/www.salvemsabadia.com\/es\/wp-json\/wp\/v2\/types\/post"}],"author":[{"embeddable":true,"href":"https:\/\/www.salvemsabadia.com\/es\/wp-json\/wp\/v2\/users\/2"}],"replies":[{"embeddable":true,"href":"https:\/\/www.salvemsabadia.com\/es\/wp-json\/wp\/v2\/comments?post=5412"}],"version-history":[{"count":0,"href":"https:\/\/www.salvemsabadia.com\/es\/wp-json\/wp\/v2\/posts\/5412\/revisions"}],"wp:featuredmedia":[{"embeddable":true,"href":"https:\/\/www.salvemsabadia.com\/es\/wp-json\/wp\/v2\/media\/5413"}],"wp:attachment":[{"href":"https:\/\/www.salvemsabadia.com\/es\/wp-json\/wp\/v2\/media?parent=5412"}],"wp:term":[{"taxonomy":"category","embeddable":true,"href":"https:\/\/www.salvemsabadia.com\/es\/wp-json\/wp\/v2\/categories?post=5412"},{"taxonomy":"post_tag","embeddable":true,"href":"https:\/\/www.salvemsabadia.com\/es\/wp-json\/wp\/v2\/tags?post=5412"}],"curies":[{"name":"wp","href":"https:\/\/api.w.org\/{rel}","templated":true}]}}