{"id":5425,"date":"2025-04-11T13:09:29","date_gmt":"2025-04-11T11:09:29","guid":{"rendered":"https:\/\/www.salvemsabadia.com\/?p=5425"},"modified":"2025-04-11T13:10:27","modified_gmt":"2025-04-11T11:10:27","slug":"un-vertido-de-heces-provocado-por-una-rotura-en-la-red-de-saneamiento-de-cala-de-bou-vuelve-a-contaminar-la-platja-den-xinxo","status":"publish","type":"post","link":"https:\/\/www.salvemsabadia.com\/es\/un-vertido-de-heces-provocado-por-una-rotura-en-la-red-de-saneamiento-de-cala-de-bou-vuelve-a-contaminar-la-platja-den-xinxo\/","title":{"rendered":"Un vertido de heces provocado por una rotura en la red de saneamiento de Cala de Bou vuelve a contaminar la Platja d\u2019en Xinx\u00f3"},"content":{"rendered":"<p><img loading=\"lazy\" decoding=\"async\" class=\"alignnone size-full wp-image-5428\" src=\"https:\/\/www.salvemsabadia.com\/wp-content\/uploads\/2025\/04\/WhatsApp-Image-2025-04-10-at-20.11.30.jpeg\" alt=\"\" width=\"2000\" height=\"1500\" srcset=\"https:\/\/www.salvemsabadia.com\/wp-content\/uploads\/2025\/04\/WhatsApp-Image-2025-04-10-at-20.11.30.jpeg 2000w, https:\/\/www.salvemsabadia.com\/wp-content\/uploads\/2025\/04\/WhatsApp-Image-2025-04-10-at-20.11.30-300x225.jpeg 300w, https:\/\/www.salvemsabadia.com\/wp-content\/uploads\/2025\/04\/WhatsApp-Image-2025-04-10-at-20.11.30-1024x768.jpeg 1024w, https:\/\/www.salvemsabadia.com\/wp-content\/uploads\/2025\/04\/WhatsApp-Image-2025-04-10-at-20.11.30-768x576.jpeg 768w, https:\/\/www.salvemsabadia.com\/wp-content\/uploads\/2025\/04\/WhatsApp-Image-2025-04-10-at-20.11.30-1536x1152.jpeg 1536w\" sizes=\"auto, (max-width: 2000px) 100vw, 2000px\" \/><\/p>\n<p>Los trabajos de limpieza de la orilla de Platja d\u2019en Xinx\u00f3 que desarrollaba la semana pasada un tractor de la empresa Herbusa provoc\u00f3 el colapso de un tramo de la red de alcantarillado que circula bajo la arena, junto a la Estaci\u00f3n de Bombeo de Aguas Residuales (EBAR) que se ubica en la propia ribera. El incidente, seg\u00fan ha podido constatar Salvem sa Badia de Portmany tanto de manera directa como a trav\u00e9s de fotos y v\u00eddeos de testigos presenciales, ha generado otro grave episodio de contaminaci\u00f3n por fecales en la zona de Cala de Bou.<\/p>\n<p>La causa de la rotura, al parecer, fue el peso del veh\u00edculo de limpieza, que provoc\u00f3 que las aguas residuales manaran a borbotones directamente a la costa. El incidente tuvo lugar el pasado 3 de abril y el Ayuntamiento inici\u00f3 una reparaci\u00f3n de emergencia al d\u00eda siguiente, aprovechando para sustituir un tramo amplio de tuber\u00eda, que es muy antigua y se encontraba en mal estado. Para ello, se excav\u00f3 una zanja paralela a la ribera y a partir de entonces pudieron bombearse las aguas fecales mediante camiones, evitando que siguieran llegando al mar en grandes cantidades.<\/p>\n<p><a href=\"https:\/\/youtube.com\/shorts\/B3vMtsfZYWQ\" target=\"_blank\" rel=\"noopener\">Enlace al v\u00eddeo del vertido<\/a><\/p>\n<p>Seg\u00fan ha podido saber Salvem sa Badia de fuentes municipales, desde el Ayuntamiento de Sant Josep no se ha considerado necesario hacer an\u00e1lisis ni alertar a la poblaci\u00f3n por lo sucedido, dado que la playa a\u00fan no est\u00e1 abierta. Sin embargo, aunque no se haya iniciado la temporada tur\u00edstica en la zona porque este a\u00f1o la Semana Santa llega m\u00e1s tarde, hay vecinos que se ba\u00f1an en esta \u00e9poca e incluso todo el a\u00f1o. El martes pasado, en plena aver\u00eda, Salvem sa Badia pudo constatar que, a pesar de la pestilencia, hab\u00eda diversas personas en la ribera que estaban poniendo en riesgo su salud sin que nadie les alertara. Esta circunstancia, bajo el punto de vista de Salvem sa Badia de Portmany, deber\u00eda provocar que se revisaran los protocolos y alertar a la poblaci\u00f3n cuando se produzcan focos de contaminaci\u00f3n, clausurando la orilla y evitando riesgos innecesarios.<\/p>\n<p>Desde Salvem sa Badia, asimismo, se solicita al Ayuntamiento de Sant Josep que inicie una serie de an\u00e1lisis peri\u00f3dicos en los pr\u00f3ximos d\u00edas y semanas, ya que cuando se producen estos episodios de vertidos en la arena las bacterias <em>E. coli<\/em> quedan latentes y pueden aflorar con posterioridad, seg\u00fan indican los expertos.<\/p>\n<p><img loading=\"lazy\" decoding=\"async\" class=\"alignnone size-full wp-image-5426\" src=\"https:\/\/www.salvemsabadia.com\/wp-content\/uploads\/2025\/04\/WhatsApp-Image-2025-04-10-at-20.10.38.jpeg\" alt=\"\" width=\"2000\" height=\"1500\" srcset=\"https:\/\/www.salvemsabadia.com\/wp-content\/uploads\/2025\/04\/WhatsApp-Image-2025-04-10-at-20.10.38.jpeg 2000w, https:\/\/www.salvemsabadia.com\/wp-content\/uploads\/2025\/04\/WhatsApp-Image-2025-04-10-at-20.10.38-300x225.jpeg 300w, https:\/\/www.salvemsabadia.com\/wp-content\/uploads\/2025\/04\/WhatsApp-Image-2025-04-10-at-20.10.38-1024x768.jpeg 1024w, https:\/\/www.salvemsabadia.com\/wp-content\/uploads\/2025\/04\/WhatsApp-Image-2025-04-10-at-20.10.38-768x576.jpeg 768w, https:\/\/www.salvemsabadia.com\/wp-content\/uploads\/2025\/04\/WhatsApp-Image-2025-04-10-at-20.10.38-1536x1152.jpeg 1536w\" sizes=\"auto, (max-width: 2000px) 100vw, 2000px\" \/>El suceso constituye el en\u00e9simo episodio de contaminaci\u00f3n por aguas fecales en la zona de Cala de Bou y cabr\u00eda revisar los protocolos de actuaci\u00f3n para evitar al m\u00e1ximo la filtraci\u00f3n de agua contaminada al mar, por todos los medios posibles. El \u00faltimo episodio que le consta a Salvem sa Badia se produjo el pasado enero con dos focos diferentes: el tramo situado entre las orillas de es Pinet y Cal\u00f3 d\u2019en Serral y otro a la altura del Hotel Amare. En esta misma zona ya tuvo lugar otro incidente similar en septiembre pasado.<\/p>\n<p>Cabe recordar que la red de saneamiento del barrio de Cala de Bou discurre en paralelo a la costa e impulsa el agua sucia procedente de los hoteles y viviendas de la zona hacia la depuradora de ses Pa\u00efsses. Dado el mal estado de las tuber\u00edas, \u00e9stas se atascan con frecuencia, generando riadas de heces en diferentes tramos y supurando en ocasiones por las tapas de alcantarilla que existen en todo el tramo. Lamentablemente, estos episodios de contaminaci\u00f3n son constantes y acaban provocando el cierre de las playas.<\/p>\n","protected":false},"excerpt":{"rendered":"<p>Los trabajos de limpieza de la orilla de Platja d\u2019en Xinx\u00f3 que desarrollaba la semana pasada un tractor de la empresa Herbusa provoc\u00f3 el colapso de un tramo de la&#8230;<\/p>\n","protected":false},"author":2,"featured_media":5428,"comment_status":"closed","ping_status":"closed","sticky":false,"template":"","format":"standard","meta":{"give_campaign_id":0,"footnotes":""},"categories":[203,106,212,215],"tags":[],"class_list":{"0":"post-5425","1":"post","2":"type-post","3":"status-publish","4":"format-standard","5":"has-post-thumbnail","7":"category-calidad-del-agua","8":"category-destacado","9":"category-playas","10":"category-turismo"},"yoast_head":"<!-- This site is optimized with the Yoast SEO plugin v26.8 - https:\/\/yoast.com\/product\/yoast-seo-wordpress\/ -->\n<title>Un vertido de heces provocado por una rotura en la red de saneamiento de Cala de Bou vuelve a contaminar la Platja d\u2019en Xinx\u00f3 - Salvem Sa Badia de Portmany<\/title>\n<meta name=\"robots\" content=\"index, follow, max-snippet:-1, max-image-preview:large, max-video-preview:-1\" \/>\n<link rel=\"canonical\" href=\"https:\/\/www.salvemsabadia.com\/un-abocament-de-materia-fecal-provocat-per-un-trencament-a-la-xarxa-de-sanejament-de-cala-de-bou-torna-a-contaminar-la-platja-den-xinxo\/\" \/>\n<meta property=\"og:locale\" content=\"es_ES\" \/>\n<meta property=\"og:type\" content=\"article\" \/>\n<meta property=\"og:title\" content=\"Un vertido de heces provocado por una rotura en la red de saneamiento de Cala de Bou vuelve a contaminar la Platja d\u2019en Xinx\u00f3 - Salvem Sa Badia de Portmany\" \/>\n<meta property=\"og:description\" content=\"Los trabajos de limpieza de la orilla de Platja d\u2019en Xinx\u00f3 que desarrollaba la semana pasada un tractor de la empresa Herbusa provoc\u00f3 el colapso de un tramo de la...\" \/>\n<meta property=\"og:url\" content=\"https:\/\/www.salvemsabadia.com\/un-abocament-de-materia-fecal-provocat-per-un-trencament-a-la-xarxa-de-sanejament-de-cala-de-bou-torna-a-contaminar-la-platja-den-xinxo\/\" \/>\n<meta property=\"og:site_name\" content=\"Salvem Sa Badia de Portmany\" \/>\n<meta property=\"article:published_time\" content=\"2025-04-11T11:09:29+00:00\" \/>\n<meta property=\"article:modified_time\" content=\"2025-04-11T11:10:27+00:00\" \/>\n<meta property=\"og:image\" content=\"https:\/\/www.salvemsabadia.com\/wp-content\/uploads\/2025\/04\/WhatsApp-Image-2025-04-10-at-20.11.30.jpeg\" \/>\n\t<meta property=\"og:image:width\" content=\"2000\" \/>\n\t<meta property=\"og:image:height\" content=\"1500\" \/>\n\t<meta property=\"og:image:type\" content=\"image\/jpeg\" \/>\n<meta name=\"author\" content=\"Salvem sa Badia\" \/>\n<meta name=\"twitter:card\" content=\"summary_large_image\" \/>\n<meta name=\"twitter:label1\" content=\"Escrito por\" \/>\n\t<meta name=\"twitter:data1\" content=\"Salvem sa Badia\" \/>\n\t<meta name=\"twitter:label2\" content=\"Tiempo de lectura\" \/>\n\t<meta name=\"twitter:data2\" content=\"3 minutos\" \/>\n<script type=\"application\/ld+json\" class=\"yoast-schema-graph\">{\"@context\":\"https:\/\/schema.org\",\"@graph\":[{\"@type\":\"Article\",\"@id\":\"https:\/\/www.salvemsabadia.com\/un-abocament-de-materia-fecal-provocat-per-un-trencament-a-la-xarxa-de-sanejament-de-cala-de-bou-torna-a-contaminar-la-platja-den-xinxo\/#article\",\"isPartOf\":{\"@id\":\"https:\/\/www.salvemsabadia.com\/un-abocament-de-materia-fecal-provocat-per-un-trencament-a-la-xarxa-de-sanejament-de-cala-de-bou-torna-a-contaminar-la-platja-den-xinxo\/\"},\"author\":{\"name\":\"Salvem sa Badia\",\"@id\":\"https:\/\/www.salvemsabadia.com\/#\/schema\/person\/5d08c5118adcb4140d13bde4826ba122\"},\"headline\":\"Un vertido de heces provocado por una rotura en la red de saneamiento de Cala de Bou vuelve a contaminar la Platja d\u2019en Xinx\u00f3\",\"datePublished\":\"2025-04-11T11:09:29+00:00\",\"dateModified\":\"2025-04-11T11:10:27+00:00\",\"mainEntityOfPage\":{\"@id\":\"https:\/\/www.salvemsabadia.com\/un-abocament-de-materia-fecal-provocat-per-un-trencament-a-la-xarxa-de-sanejament-de-cala-de-bou-torna-a-contaminar-la-platja-den-xinxo\/\"},\"wordCount\":642,\"publisher\":{\"@id\":\"https:\/\/www.salvemsabadia.com\/#organization\"},\"image\":{\"@id\":\"https:\/\/www.salvemsabadia.com\/un-abocament-de-materia-fecal-provocat-per-un-trencament-a-la-xarxa-de-sanejament-de-cala-de-bou-torna-a-contaminar-la-platja-den-xinxo\/#primaryimage\"},\"thumbnailUrl\":\"https:\/\/www.salvemsabadia.com\/wp-content\/uploads\/2025\/04\/WhatsApp-Image-2025-04-10-at-20.11.30.jpeg\",\"articleSection\":[\"Calidad del agua\",\"Destacado\",\"Playas\",\"Turismo\"],\"inLanguage\":\"es\"},{\"@type\":\"WebPage\",\"@id\":\"https:\/\/www.salvemsabadia.com\/un-abocament-de-materia-fecal-provocat-per-un-trencament-a-la-xarxa-de-sanejament-de-cala-de-bou-torna-a-contaminar-la-platja-den-xinxo\/\",\"url\":\"https:\/\/www.salvemsabadia.com\/un-abocament-de-materia-fecal-provocat-per-un-trencament-a-la-xarxa-de-sanejament-de-cala-de-bou-torna-a-contaminar-la-platja-den-xinxo\/\",\"name\":\"Un vertido de heces provocado por una rotura en la red de saneamiento de Cala de Bou vuelve a contaminar la Platja d\u2019en Xinx\u00f3 - Salvem Sa Badia de Portmany\",\"isPartOf\":{\"@id\":\"https:\/\/www.salvemsabadia.com\/#website\"},\"primaryImageOfPage\":{\"@id\":\"https:\/\/www.salvemsabadia.com\/un-abocament-de-materia-fecal-provocat-per-un-trencament-a-la-xarxa-de-sanejament-de-cala-de-bou-torna-a-contaminar-la-platja-den-xinxo\/#primaryimage\"},\"image\":{\"@id\":\"https:\/\/www.salvemsabadia.com\/un-abocament-de-materia-fecal-provocat-per-un-trencament-a-la-xarxa-de-sanejament-de-cala-de-bou-torna-a-contaminar-la-platja-den-xinxo\/#primaryimage\"},\"thumbnailUrl\":\"https:\/\/www.salvemsabadia.com\/wp-content\/uploads\/2025\/04\/WhatsApp-Image-2025-04-10-at-20.11.30.jpeg\",\"datePublished\":\"2025-04-11T11:09:29+00:00\",\"dateModified\":\"2025-04-11T11:10:27+00:00\",\"breadcrumb\":{\"@id\":\"https:\/\/www.salvemsabadia.com\/un-abocament-de-materia-fecal-provocat-per-un-trencament-a-la-xarxa-de-sanejament-de-cala-de-bou-torna-a-contaminar-la-platja-den-xinxo\/#breadcrumb\"},\"inLanguage\":\"es\",\"potentialAction\":[{\"@type\":\"ReadAction\",\"target\":[\"https:\/\/www.salvemsabadia.com\/un-abocament-de-materia-fecal-provocat-per-un-trencament-a-la-xarxa-de-sanejament-de-cala-de-bou-torna-a-contaminar-la-platja-den-xinxo\/\"]}]},{\"@type\":\"ImageObject\",\"inLanguage\":\"es\",\"@id\":\"https:\/\/www.salvemsabadia.com\/un-abocament-de-materia-fecal-provocat-per-un-trencament-a-la-xarxa-de-sanejament-de-cala-de-bou-torna-a-contaminar-la-platja-den-xinxo\/#primaryimage\",\"url\":\"https:\/\/www.salvemsabadia.com\/wp-content\/uploads\/2025\/04\/WhatsApp-Image-2025-04-10-at-20.11.30.jpeg\",\"contentUrl\":\"https:\/\/www.salvemsabadia.com\/wp-content\/uploads\/2025\/04\/WhatsApp-Image-2025-04-10-at-20.11.30.jpeg\",\"width\":2000,\"height\":1500},{\"@type\":\"BreadcrumbList\",\"@id\":\"https:\/\/www.salvemsabadia.com\/un-abocament-de-materia-fecal-provocat-per-un-trencament-a-la-xarxa-de-sanejament-de-cala-de-bou-torna-a-contaminar-la-platja-den-xinxo\/#breadcrumb\",\"itemListElement\":[{\"@type\":\"ListItem\",\"position\":1,\"name\":\"Portada\",\"item\":\"https:\/\/www.salvemsabadia.com\/es\/\"},{\"@type\":\"ListItem\",\"position\":2,\"name\":\"Un vertido de heces provocado por una rotura en la red de saneamiento de Cala de Bou vuelve a contaminar la Platja d\u2019en Xinx\u00f3\"}]},{\"@type\":\"WebSite\",\"@id\":\"https:\/\/www.salvemsabadia.com\/#website\",\"url\":\"https:\/\/www.salvemsabadia.com\/\",\"name\":\"Salvem Sa Badia de Portmany\",\"description\":\"\",\"publisher\":{\"@id\":\"https:\/\/www.salvemsabadia.com\/#organization\"},\"potentialAction\":[{\"@type\":\"SearchAction\",\"target\":{\"@type\":\"EntryPoint\",\"urlTemplate\":\"https:\/\/www.salvemsabadia.com\/?s={search_term_string}\"},\"query-input\":{\"@type\":\"PropertyValueSpecification\",\"valueRequired\":true,\"valueName\":\"search_term_string\"}}],\"inLanguage\":\"es\"},{\"@type\":\"Organization\",\"@id\":\"https:\/\/www.salvemsabadia.com\/#organization\",\"name\":\"Salvem Sa Badia de Portmany\",\"url\":\"https:\/\/www.salvemsabadia.com\/\",\"logo\":{\"@type\":\"ImageObject\",\"inLanguage\":\"es\",\"@id\":\"https:\/\/www.salvemsabadia.com\/#\/schema\/logo\/image\/\",\"url\":\"https:\/\/www.salvemsabadia.com\/wp-content\/uploads\/2020\/03\/logo.png\",\"contentUrl\":\"https:\/\/www.salvemsabadia.com\/wp-content\/uploads\/2020\/03\/logo.png\",\"width\":188,\"height\":151,\"caption\":\"Salvem Sa Badia de Portmany\"},\"image\":{\"@id\":\"https:\/\/www.salvemsabadia.com\/#\/schema\/logo\/image\/\"}},{\"@type\":\"Person\",\"@id\":\"https:\/\/www.salvemsabadia.com\/#\/schema\/person\/5d08c5118adcb4140d13bde4826ba122\",\"name\":\"Salvem sa Badia\",\"image\":{\"@type\":\"ImageObject\",\"inLanguage\":\"es\",\"@id\":\"https:\/\/www.salvemsabadia.com\/#\/schema\/person\/image\/\",\"url\":\"https:\/\/secure.gravatar.com\/avatar\/d569ee5739a9c7022470ea472c9b4b9cf476e15f1be71e5242c911d673d14ad9?s=96&d=mm&r=g\",\"contentUrl\":\"https:\/\/secure.gravatar.com\/avatar\/d569ee5739a9c7022470ea472c9b4b9cf476e15f1be71e5242c911d673d14ad9?s=96&d=mm&r=g\",\"caption\":\"Salvem sa Badia\"}}]}<\/script>\n<!-- \/ Yoast SEO plugin. -->","yoast_head_json":{"title":"Un vertido de heces provocado por una rotura en la red de saneamiento de Cala de Bou vuelve a contaminar la Platja d\u2019en Xinx\u00f3 - Salvem Sa Badia de Portmany","robots":{"index":"index","follow":"follow","max-snippet":"max-snippet:-1","max-image-preview":"max-image-preview:large","max-video-preview":"max-video-preview:-1"},"canonical":"https:\/\/www.salvemsabadia.com\/un-abocament-de-materia-fecal-provocat-per-un-trencament-a-la-xarxa-de-sanejament-de-cala-de-bou-torna-a-contaminar-la-platja-den-xinxo\/","og_locale":"es_ES","og_type":"article","og_title":"Un vertido de heces provocado por una rotura en la red de saneamiento de Cala de Bou vuelve a contaminar la Platja d\u2019en Xinx\u00f3 - Salvem Sa Badia de Portmany","og_description":"Los trabajos de limpieza de la orilla de Platja d\u2019en Xinx\u00f3 que desarrollaba la semana pasada un tractor de la empresa Herbusa provoc\u00f3 el colapso de un tramo de la...","og_url":"https:\/\/www.salvemsabadia.com\/un-abocament-de-materia-fecal-provocat-per-un-trencament-a-la-xarxa-de-sanejament-de-cala-de-bou-torna-a-contaminar-la-platja-den-xinxo\/","og_site_name":"Salvem Sa Badia de Portmany","article_published_time":"2025-04-11T11:09:29+00:00","article_modified_time":"2025-04-11T11:10:27+00:00","og_image":[{"width":2000,"height":1500,"url":"https:\/\/www.salvemsabadia.com\/wp-content\/uploads\/2025\/04\/WhatsApp-Image-2025-04-10-at-20.11.30.jpeg","type":"image\/jpeg"}],"author":"Salvem sa Badia","twitter_card":"summary_large_image","twitter_misc":{"Escrito por":"Salvem sa Badia","Tiempo de lectura":"3 minutos"},"schema":{"@context":"https:\/\/schema.org","@graph":[{"@type":"Article","@id":"https:\/\/www.salvemsabadia.com\/un-abocament-de-materia-fecal-provocat-per-un-trencament-a-la-xarxa-de-sanejament-de-cala-de-bou-torna-a-contaminar-la-platja-den-xinxo\/#article","isPartOf":{"@id":"https:\/\/www.salvemsabadia.com\/un-abocament-de-materia-fecal-provocat-per-un-trencament-a-la-xarxa-de-sanejament-de-cala-de-bou-torna-a-contaminar-la-platja-den-xinxo\/"},"author":{"name":"Salvem sa Badia","@id":"https:\/\/www.salvemsabadia.com\/#\/schema\/person\/5d08c5118adcb4140d13bde4826ba122"},"headline":"Un vertido de heces provocado por una rotura en la red de saneamiento de Cala de Bou vuelve a contaminar la Platja d\u2019en Xinx\u00f3","datePublished":"2025-04-11T11:09:29+00:00","dateModified":"2025-04-11T11:10:27+00:00","mainEntityOfPage":{"@id":"https:\/\/www.salvemsabadia.com\/un-abocament-de-materia-fecal-provocat-per-un-trencament-a-la-xarxa-de-sanejament-de-cala-de-bou-torna-a-contaminar-la-platja-den-xinxo\/"},"wordCount":642,"publisher":{"@id":"https:\/\/www.salvemsabadia.com\/#organization"},"image":{"@id":"https:\/\/www.salvemsabadia.com\/un-abocament-de-materia-fecal-provocat-per-un-trencament-a-la-xarxa-de-sanejament-de-cala-de-bou-torna-a-contaminar-la-platja-den-xinxo\/#primaryimage"},"thumbnailUrl":"https:\/\/www.salvemsabadia.com\/wp-content\/uploads\/2025\/04\/WhatsApp-Image-2025-04-10-at-20.11.30.jpeg","articleSection":["Calidad del agua","Destacado","Playas","Turismo"],"inLanguage":"es"},{"@type":"WebPage","@id":"https:\/\/www.salvemsabadia.com\/un-abocament-de-materia-fecal-provocat-per-un-trencament-a-la-xarxa-de-sanejament-de-cala-de-bou-torna-a-contaminar-la-platja-den-xinxo\/","url":"https:\/\/www.salvemsabadia.com\/un-abocament-de-materia-fecal-provocat-per-un-trencament-a-la-xarxa-de-sanejament-de-cala-de-bou-torna-a-contaminar-la-platja-den-xinxo\/","name":"Un vertido de heces provocado por una rotura en la red de saneamiento de Cala de Bou vuelve a contaminar la Platja d\u2019en Xinx\u00f3 - Salvem Sa Badia de Portmany","isPartOf":{"@id":"https:\/\/www.salvemsabadia.com\/#website"},"primaryImageOfPage":{"@id":"https:\/\/www.salvemsabadia.com\/un-abocament-de-materia-fecal-provocat-per-un-trencament-a-la-xarxa-de-sanejament-de-cala-de-bou-torna-a-contaminar-la-platja-den-xinxo\/#primaryimage"},"image":{"@id":"https:\/\/www.salvemsabadia.com\/un-abocament-de-materia-fecal-provocat-per-un-trencament-a-la-xarxa-de-sanejament-de-cala-de-bou-torna-a-contaminar-la-platja-den-xinxo\/#primaryimage"},"thumbnailUrl":"https:\/\/www.salvemsabadia.com\/wp-content\/uploads\/2025\/04\/WhatsApp-Image-2025-04-10-at-20.11.30.jpeg","datePublished":"2025-04-11T11:09:29+00:00","dateModified":"2025-04-11T11:10:27+00:00","breadcrumb":{"@id":"https:\/\/www.salvemsabadia.com\/un-abocament-de-materia-fecal-provocat-per-un-trencament-a-la-xarxa-de-sanejament-de-cala-de-bou-torna-a-contaminar-la-platja-den-xinxo\/#breadcrumb"},"inLanguage":"es","potentialAction":[{"@type":"ReadAction","target":["https:\/\/www.salvemsabadia.com\/un-abocament-de-materia-fecal-provocat-per-un-trencament-a-la-xarxa-de-sanejament-de-cala-de-bou-torna-a-contaminar-la-platja-den-xinxo\/"]}]},{"@type":"ImageObject","inLanguage":"es","@id":"https:\/\/www.salvemsabadia.com\/un-abocament-de-materia-fecal-provocat-per-un-trencament-a-la-xarxa-de-sanejament-de-cala-de-bou-torna-a-contaminar-la-platja-den-xinxo\/#primaryimage","url":"https:\/\/www.salvemsabadia.com\/wp-content\/uploads\/2025\/04\/WhatsApp-Image-2025-04-10-at-20.11.30.jpeg","contentUrl":"https:\/\/www.salvemsabadia.com\/wp-content\/uploads\/2025\/04\/WhatsApp-Image-2025-04-10-at-20.11.30.jpeg","width":2000,"height":1500},{"@type":"BreadcrumbList","@id":"https:\/\/www.salvemsabadia.com\/un-abocament-de-materia-fecal-provocat-per-un-trencament-a-la-xarxa-de-sanejament-de-cala-de-bou-torna-a-contaminar-la-platja-den-xinxo\/#breadcrumb","itemListElement":[{"@type":"ListItem","position":1,"name":"Portada","item":"https:\/\/www.salvemsabadia.com\/es\/"},{"@type":"ListItem","position":2,"name":"Un vertido de heces provocado por una rotura en la red de saneamiento de Cala de Bou vuelve a contaminar la Platja d\u2019en Xinx\u00f3"}]},{"@type":"WebSite","@id":"https:\/\/www.salvemsabadia.com\/#website","url":"https:\/\/www.salvemsabadia.com\/","name":"Salvem Sa Badia de Portmany","description":"","publisher":{"@id":"https:\/\/www.salvemsabadia.com\/#organization"},"potentialAction":[{"@type":"SearchAction","target":{"@type":"EntryPoint","urlTemplate":"https:\/\/www.salvemsabadia.com\/?s={search_term_string}"},"query-input":{"@type":"PropertyValueSpecification","valueRequired":true,"valueName":"search_term_string"}}],"inLanguage":"es"},{"@type":"Organization","@id":"https:\/\/www.salvemsabadia.com\/#organization","name":"Salvem Sa Badia de Portmany","url":"https:\/\/www.salvemsabadia.com\/","logo":{"@type":"ImageObject","inLanguage":"es","@id":"https:\/\/www.salvemsabadia.com\/#\/schema\/logo\/image\/","url":"https:\/\/www.salvemsabadia.com\/wp-content\/uploads\/2020\/03\/logo.png","contentUrl":"https:\/\/www.salvemsabadia.com\/wp-content\/uploads\/2020\/03\/logo.png","width":188,"height":151,"caption":"Salvem Sa Badia de Portmany"},"image":{"@id":"https:\/\/www.salvemsabadia.com\/#\/schema\/logo\/image\/"}},{"@type":"Person","@id":"https:\/\/www.salvemsabadia.com\/#\/schema\/person\/5d08c5118adcb4140d13bde4826ba122","name":"Salvem sa Badia","image":{"@type":"ImageObject","inLanguage":"es","@id":"https:\/\/www.salvemsabadia.com\/#\/schema\/person\/image\/","url":"https:\/\/secure.gravatar.com\/avatar\/d569ee5739a9c7022470ea472c9b4b9cf476e15f1be71e5242c911d673d14ad9?s=96&d=mm&r=g","contentUrl":"https:\/\/secure.gravatar.com\/avatar\/d569ee5739a9c7022470ea472c9b4b9cf476e15f1be71e5242c911d673d14ad9?s=96&d=mm&r=g","caption":"Salvem sa Badia"}}]}},"_links":{"self":[{"href":"https:\/\/www.salvemsabadia.com\/es\/wp-json\/wp\/v2\/posts\/5425","targetHints":{"allow":["GET"]}}],"collection":[{"href":"https:\/\/www.salvemsabadia.com\/es\/wp-json\/wp\/v2\/posts"}],"about":[{"href":"https:\/\/www.salvemsabadia.com\/es\/wp-json\/wp\/v2\/types\/post"}],"author":[{"embeddable":true,"href":"https:\/\/www.salvemsabadia.com\/es\/wp-json\/wp\/v2\/users\/2"}],"replies":[{"embeddable":true,"href":"https:\/\/www.salvemsabadia.com\/es\/wp-json\/wp\/v2\/comments?post=5425"}],"version-history":[{"count":0,"href":"https:\/\/www.salvemsabadia.com\/es\/wp-json\/wp\/v2\/posts\/5425\/revisions"}],"wp:featuredmedia":[{"embeddable":true,"href":"https:\/\/www.salvemsabadia.com\/es\/wp-json\/wp\/v2\/media\/5428"}],"wp:attachment":[{"href":"https:\/\/www.salvemsabadia.com\/es\/wp-json\/wp\/v2\/media?parent=5425"}],"wp:term":[{"taxonomy":"category","embeddable":true,"href":"https:\/\/www.salvemsabadia.com\/es\/wp-json\/wp\/v2\/categories?post=5425"},{"taxonomy":"post_tag","embeddable":true,"href":"https:\/\/www.salvemsabadia.com\/es\/wp-json\/wp\/v2\/tags?post=5425"}],"curies":[{"name":"wp","href":"https:\/\/api.w.org\/{rel}","templated":true}]}}